{"id":3313,"date":"2023-05-22T09:19:17","date_gmt":"2023-05-22T07:19:17","guid":{"rendered":"http:\/\/www.cope.es\/blogs\/derosca\/?p=3313"},"modified":"2023-05-22T09:19:17","modified_gmt":"2023-05-22T07:19:17","slug":"marcus-baur-es-el-embajador-de-colonia-en-el-europeo-2024","status":"publish","type":"post","link":"https:\/\/www.cope.es\/blogs\/derosca\/2023\/05\/22\/marcus-baur-es-el-embajador-de-colonia-en-el-europeo-2024\/","title":{"rendered":"Marcus Baur es el Embajador de Colonia en el Europeo 2024"},"content":{"rendered":"<p><span style=\"color: #111111\"><span style=\"font-family: Arial, sans-serif\"><span style=\"font-size: medium\">Markus Baur va a ser el embajador de la sede de Colonia para el Campeonato Europeo de Balonmano 2024. Un Bauer que recuerda como<\/span><\/span><\/span><b> <\/b><span style=\"color: #111111\"><span style=\"font-family: Arial, sans-serif\"><span style=\"font-size: medium\">el 4 de Febrero de 2007 en Colonia levantaba el trofeo de Campe\u00f3n Mundial. <\/span><\/span><\/span><span style=\"color: #111111\"><span style=\"font-family: Arial, sans-serif\"><span style=\"font-size: medium\">Markus Baur comenta que hoy todav\u00eda le preguntan cu\u00e1l fue ese sentimiento. Y siempre tiene estas emociones, este sentimiento indescriptible. No puede creer que hayan pasado 16 a\u00f1os, c\u00f3mo pasa el tiempo. <\/span><\/span><\/span><span style=\"color: #111111\"><span style=\"font-family: Arial, sans-serif\"><span style=\"font-size: medium\">En aquel entonces, en 2007, Baur era jugador de la selecci\u00f3n nacional y del TBV Lemgo, que se denomin\u00f3 &#8220;TBV Alemania&#8221; debido a la gran cantidad de jugadores nacionales. Nacido en Meersburg en el lago de Constanza, Baur (hoy con 52 a\u00f1os de edad) hab\u00eda jugado anteriormente en Pfullingen, Wallau-Massenheim, Niederwurzbach y Wetzlar antes de mudarse a Lemgo en 2001.<\/span><\/span><\/span><\/p>\n<p><span style=\"color: #111111\"><span style=\"font-family: Arial, sans-serif\"><span style=\"font-size: medium\">Fue dos veces ganador de la Copa de Alemania, una vez campe\u00f3n, gan\u00f3 la Copa de Europa en 2006, pero celebr\u00f3 los mayores \u00e9xitos en el equipo nacional: campe\u00f3n de Europa 2004, subcampe\u00f3n ol\u00edmpico 2004, subcampe\u00f3n mundial 2003, subcampe\u00f3n europeo campe\u00f3n 2002, tercer lugar en el Campeonato de Europa 1998 y dos veces jugador de balonmano del a\u00f1o estuvo involucrado en todos los \u00e9xitos de la generaci\u00f3n dorada. Unos meses despu\u00e9s de la Copa del Mundo, se fue a Suiza como jugador-entrenador y finalmente como entrenador de Pfadi Winterthur, regres\u00f3 a Lemgo como entrenador, se hizo cargo brevemente de TuS Nettelstedt y luego se convirti\u00f3 en el exitoso entrenador de los juniors de DHB (2012 a 2016), que llev\u00f3 a la plata en el Campeonato Europeo. Campeonatos, entre otras cosas.<\/p>\n<p>Mas tarde Baur se hizo cargo del campe\u00f3n suizo Kadetten Schaffhausen, de 2016 a 2017 Baur fue entrenador de TVB Stuttgart, y despu\u00e9s de un descanso de balonmano (es un experto comentarista en la ZDF) y construyendo una existencia profesional, regres\u00f3 al escenario de la Bundesliga en oto\u00f1o de 2022. y se hizo cargo de Frisch Goeppingen.<br \/>\n<\/span><\/span><\/span><br \/>\n<span style=\"color: #111111\"><span style=\"font-family: Arial, sans-serif\"><span style=\"font-size: medium\">Baur comenta que para \u00e9l, el estadio Lanxess sigue siendo el \u00fanico verdadero templo del balonmano en el mundo, especialmente para la selecci\u00f3n de Alemania. Tal vez este pabell\u00f3n tenga un aura especial porque no es el hogar de un club de la Bundesliga y por eso es un honor y una tarea s\u00faper grande, gigantesca para \u00e9l ser embajador del Campeonato de Europa de Balonmano 2024 en la sede de Colonia. Es algo enorme para \u00e9l, cree que es genial.<\/p>\n<p>El pabell\u00f3n del Lanxess en Colonia con sus aficionados entusiastas garantizar\u00e1 momentos m\u00e1gicos en el Europeo 2024, tanto en t\u00e9rminos de atm\u00f3sfera como de deporte manifiesta Thomas Zimmermann, Director de Marketing y Comunicaciones de la Federaci\u00f3n Alemana de Balonmano que adem\u00e1s puntualiza que Markus Baur experiment\u00f3 esta doble magia hace 16 a\u00f1os como capit\u00e1n del equipo campe\u00f3n mundial de 2007 y desempe\u00f1\u00f3 un papel decisivo en su configuraci\u00f3n. Por lo tanto, est\u00e1n muy contentos de darle la bienvenida a su equipo como embajador de la sede de Colonia.<\/p>\n<p><\/span><\/span><\/span><span style=\"color: #3e3e3e\"><span style=\"font-family: Arial, sans-serif\"><span style=\"font-size: medium\"><span>Seguirnos en twitter: <\/span><\/span><\/span><\/span><span style=\"color: #000080\"><span><u><a href=\"https:\/\/twitter.com\/#!\/deroscacope\"><span style=\"color: #0000ff\"><span style=\"font-family: Arial, sans-serif\"><span style=\"font-size: medium\">https:\/\/twitter.com\/#!\/deroscacope<\/span><\/span><\/span><\/a><\/u><\/span><\/span><span style=\"color: #111111\"><span style=\"font-family: Arial, sans-serif\"><span style=\"font-size: medium\"><\/p>\n<p><\/span><\/span><\/span><\/p><\/p>\n","protected":false},"excerpt":{"rendered":"<p>Markus Baur va a ser el embajador de la sede de Colonia para el Campeonato Europeo de Balonmano 2024. Un Bauer que recuerda como el 4 de Febrero de 2007 en Colonia levantaba el trofeo de Campe\u00f3n Mundial. Markus Baur comenta que hoy todav\u00eda le preguntan cu\u00e1l fue ese sentimiento. Y siempre tiene estas emociones, [&hellip;]<\/p>\n","protected":false},"author":23,"featured_media":3314,"comment_status":"open","ping_status":"open","sticky":false,"template":"","format":"standard","meta":{"footnotes":""},"categories":[3],"tags":[],"class_list":["post-3313","post","type-post","status-publish","format-standard","has-post-thumbnail","hentry","category-balonmano"],"yoast_head":"<!-- This site is optimized with the Yoast SEO plugin v27.4 - https:\/\/yoast.com\/product\/yoast-seo-wordpress\/ -->\n<title>Marcus Baur es el Embajador de Colonia en el Europeo 2024 - Derosca<\/title>\n<meta name=\"robots\" content=\"index, follow, max-snippet:-1, max-image-preview:large, max-video-preview:-1\" \/>\n<link rel=\"canonical\" href=\"https:\/\/www.cope.es\/blogs\/derosca\/2023\/05\/22\/marcus-baur-es-el-embajador-de-colonia-en-el-europeo-2024\/\" \/>\n<meta property=\"og:locale\" content=\"es_ES\" \/>\n<meta property=\"og:type\" content=\"article\" \/>\n<meta property=\"og:title\" content=\"Marcus Baur es el Embajador de Colonia en el Europeo 2024 - Derosca\" \/>\n<meta property=\"og:description\" content=\"Markus Baur va a ser el embajador de la sede de Colonia para el Campeonato Europeo de Balonmano 2024. Un Bauer que recuerda como el 4 de Febrero de 2007 en Colonia levantaba el trofeo de Campe\u00f3n Mundial. Markus Baur comenta que hoy todav\u00eda le preguntan cu\u00e1l fue ese sentimiento. Y siempre tiene estas emociones, [&hellip;]\" \/>\n<meta property=\"og:url\" content=\"https:\/\/www.cope.es\/blogs\/derosca\/2023\/05\/22\/marcus-baur-es-el-embajador-de-colonia-en-el-europeo-2024\/\" \/>\n<meta property=\"og:site_name\" content=\"Derosca\" \/>\n<meta property=\"article:publisher\" content=\"https:\/\/www.facebook.com\/cope\/\" \/>\n<meta property=\"article:published_time\" content=\"2023-05-22T07:19:17+00:00\" \/>\n<meta property=\"og:image\" content=\"https:\/\/www.cope.es\/blogs\/derosca\/wp-content\/uploads\/sites\/22\/2023\/05\/Europeo-2024.jpg\" \/>\n\t<meta property=\"og:image:width\" content=\"680\" \/>\n\t<meta property=\"og:image:height\" content=\"316\" \/>\n\t<meta property=\"og:image:type\" content=\"image\/jpeg\" \/>\n<meta name=\"author\" content=\"Luis Malvar\" \/>\n<meta name=\"twitter:card\" content=\"summary_large_image\" \/>\n<meta name=\"twitter:creator\" content=\"@cope_es\" \/>\n<meta name=\"twitter:site\" content=\"@cope_es\" \/>\n<meta name=\"twitter:label1\" content=\"Escrito por\" \/>\n\t<meta name=\"twitter:data1\" content=\"Luis Malvar\" \/>\n\t<meta name=\"twitter:label2\" content=\"Tiempo de lectura\" \/>\n\t<meta name=\"twitter:data2\" content=\"3 minutos\" \/>\n<script type=\"application\/ld+json\" class=\"yoast-schema-graph\">{\"@context\":\"https:\\\/\\\/schema.org\",\"@graph\":[{\"@type\":\"Article\",\"@id\":\"https:\\\/\\\/www.cope.es\\\/blogs\\\/derosca\\\/2023\\\/05\\\/22\\\/marcus-baur-es-el-embajador-de-colonia-en-el-europeo-2024\\\/#article\",\"isPartOf\":{\"@id\":\"https:\\\/\\\/www.cope.es\\\/blogs\\\/derosca\\\/2023\\\/05\\\/22\\\/marcus-baur-es-el-embajador-de-colonia-en-el-europeo-2024\\\/\"},\"author\":{\"name\":\"Luis Malvar\",\"@id\":\"https:\\\/\\\/www.cope.es\\\/blogs\\\/derosca\\\/#\\\/schema\\\/person\\\/02d6fa6fa8d8db60f83303875a4ff77f\"},\"headline\":\"Marcus Baur es el Embajador de Colonia en el Europeo 2024\",\"datePublished\":\"2023-05-22T07:19:17+00:00\",\"mainEntityOfPage\":{\"@id\":\"https:\\\/\\\/www.cope.es\\\/blogs\\\/derosca\\\/2023\\\/05\\\/22\\\/marcus-baur-es-el-embajador-de-colonia-en-el-europeo-2024\\\/\"},\"wordCount\":516,\"commentCount\":0,\"image\":{\"@id\":\"https:\\\/\\\/www.cope.es\\\/blogs\\\/derosca\\\/2023\\\/05\\\/22\\\/marcus-baur-es-el-embajador-de-colonia-en-el-europeo-2024\\\/#primaryimage\"},\"thumbnailUrl\":\"https:\\\/\\\/www.cope.es\\\/blogs\\\/derosca\\\/wp-content\\\/uploads\\\/sites\\\/22\\\/2023\\\/05\\\/Europeo-2024.jpg\",\"articleSection\":[\"Balonmano\"],\"inLanguage\":\"es\",\"potentialAction\":[{\"@type\":\"CommentAction\",\"name\":\"Comment\",\"target\":[\"https:\\\/\\\/www.cope.es\\\/blogs\\\/derosca\\\/2023\\\/05\\\/22\\\/marcus-baur-es-el-embajador-de-colonia-en-el-europeo-2024\\\/#respond\"]}]},{\"@type\":\"WebPage\",\"@id\":\"https:\\\/\\\/www.cope.es\\\/blogs\\\/derosca\\\/2023\\\/05\\\/22\\\/marcus-baur-es-el-embajador-de-colonia-en-el-europeo-2024\\\/\",\"url\":\"https:\\\/\\\/www.cope.es\\\/blogs\\\/derosca\\\/2023\\\/05\\\/22\\\/marcus-baur-es-el-embajador-de-colonia-en-el-europeo-2024\\\/\",\"name\":\"Marcus Baur es el Embajador de Colonia en el Europeo 2024 - Derosca\",\"isPartOf\":{\"@id\":\"https:\\\/\\\/www.cope.es\\\/blogs\\\/derosca\\\/#website\"},\"primaryImageOfPage\":{\"@id\":\"https:\\\/\\\/www.cope.es\\\/blogs\\\/derosca\\\/2023\\\/05\\\/22\\\/marcus-baur-es-el-embajador-de-colonia-en-el-europeo-2024\\\/#primaryimage\"},\"image\":{\"@id\":\"https:\\\/\\\/www.cope.es\\\/blogs\\\/derosca\\\/2023\\\/05\\\/22\\\/marcus-baur-es-el-embajador-de-colonia-en-el-europeo-2024\\\/#primaryimage\"},\"thumbnailUrl\":\"https:\\\/\\\/www.cope.es\\\/blogs\\\/derosca\\\/wp-content\\\/uploads\\\/sites\\\/22\\\/2023\\\/05\\\/Europeo-2024.jpg\",\"datePublished\":\"2023-05-22T07:19:17+00:00\",\"author\":{\"@id\":\"https:\\\/\\\/www.cope.es\\\/blogs\\\/derosca\\\/#\\\/schema\\\/person\\\/02d6fa6fa8d8db60f83303875a4ff77f\"},\"breadcrumb\":{\"@id\":\"https:\\\/\\\/www.cope.es\\\/blogs\\\/derosca\\\/2023\\\/05\\\/22\\\/marcus-baur-es-el-embajador-de-colonia-en-el-europeo-2024\\\/#breadcrumb\"},\"inLanguage\":\"es\",\"potentialAction\":[{\"@type\":\"ReadAction\",\"target\":[\"https:\\\/\\\/www.cope.es\\\/blogs\\\/derosca\\\/2023\\\/05\\\/22\\\/marcus-baur-es-el-embajador-de-colonia-en-el-europeo-2024\\\/\"]}]},{\"@type\":\"ImageObject\",\"inLanguage\":\"es\",\"@id\":\"https:\\\/\\\/www.cope.es\\\/blogs\\\/derosca\\\/2023\\\/05\\\/22\\\/marcus-baur-es-el-embajador-de-colonia-en-el-europeo-2024\\\/#primaryimage\",\"url\":\"https:\\\/\\\/www.cope.es\\\/blogs\\\/derosca\\\/wp-content\\\/uploads\\\/sites\\\/22\\\/2023\\\/05\\\/Europeo-2024.jpg\",\"contentUrl\":\"https:\\\/\\\/www.cope.es\\\/blogs\\\/derosca\\\/wp-content\\\/uploads\\\/sites\\\/22\\\/2023\\\/05\\\/Europeo-2024.jpg\",\"width\":680,\"height\":316,\"caption\":\"Marcus Baur es el Embajador de Colonia en el Europeo 2024\"},{\"@type\":\"BreadcrumbList\",\"@id\":\"https:\\\/\\\/www.cope.es\\\/blogs\\\/derosca\\\/2023\\\/05\\\/22\\\/marcus-baur-es-el-embajador-de-colonia-en-el-europeo-2024\\\/#breadcrumb\",\"itemListElement\":[{\"@type\":\"ListItem\",\"position\":1,\"name\":\"Portada\",\"item\":\"https:\\\/\\\/www.cope.es\\\/blogs\\\/derosca\\\/\"},{\"@type\":\"ListItem\",\"position\":2,\"name\":\"Marcus Baur es el Embajador de Colonia en el Europeo 2024\"}]},{\"@type\":\"WebSite\",\"@id\":\"https:\\\/\\\/www.cope.es\\\/blogs\\\/derosca\\\/#website\",\"url\":\"https:\\\/\\\/www.cope.es\\\/blogs\\\/derosca\\\/\",\"name\":\"Derosca\",\"description\":\"Blog de balonmano COPE\",\"potentialAction\":[{\"@type\":\"SearchAction\",\"target\":{\"@type\":\"EntryPoint\",\"urlTemplate\":\"https:\\\/\\\/www.cope.es\\\/blogs\\\/derosca\\\/?s={search_term_string}\"},\"query-input\":{\"@type\":\"PropertyValueSpecification\",\"valueRequired\":true,\"valueName\":\"search_term_string\"}}],\"inLanguage\":\"es\"},{\"@type\":\"Person\",\"@id\":\"https:\\\/\\\/www.cope.es\\\/blogs\\\/derosca\\\/#\\\/schema\\\/person\\\/02d6fa6fa8d8db60f83303875a4ff77f\",\"name\":\"Luis Malvar\",\"image\":{\"@type\":\"ImageObject\",\"inLanguage\":\"es\",\"@id\":\"https:\\\/\\\/secure.gravatar.com\\\/avatar\\\/23cd47dec2904689b3ccd32d1dd3e86c7cbf60dcf7376c68854f761a4939534f?s=96&d=mm&r=g\",\"url\":\"https:\\\/\\\/secure.gravatar.com\\\/avatar\\\/23cd47dec2904689b3ccd32d1dd3e86c7cbf60dcf7376c68854f761a4939534f?s=96&d=mm&r=g\",\"contentUrl\":\"https:\\\/\\\/secure.gravatar.com\\\/avatar\\\/23cd47dec2904689b3ccd32d1dd3e86c7cbf60dcf7376c68854f761a4939534f?s=96&d=mm&r=g\",\"caption\":\"Luis Malvar\"},\"description\":\"Comenc\u00e9 la andadura del Blog Derosca all\u00e1 por el 22 de Mayo de 2008. Un blog en el que se trata de llevar a los numerosos aficionados y amantes del mundo del balonmano toda la actualidad de nuestro apasionante deporte. Una ventana que sirve para dar luz a las innumerables noticias que genera el balonmano y que habitualmente no tienen reflejo en los medios de comunicaci\u00f3n. Sin lugar a dudas el Blog Derosca cuenta con un apartado que tiene a gala contar con miles de seguidores como es \u201cMis Pajaritos\u201d en donde se relatan y narran todas las intrahistorias que se generan en el balonmano espa\u00f1ol y que incomoda a m\u00e1s de uno que salgan a la luz.!Gracias por seguirnos durante todos estos a\u00f1os\u00a1\",\"sameAs\":[\"http:\\\/\\\/www.cope.es\",\"lmalvar\"],\"url\":\"https:\\\/\\\/www.cope.es\\\/blogs\\\/derosca\\\/author\\\/lmalvar\\\/\"}]}<\/script>\n<!-- \/ Yoast SEO plugin. -->","yoast_head_json":{"title":"Marcus Baur es el Embajador de Colonia en el Europeo 2024 - Derosca","robots":{"index":"index","follow":"follow","max-snippet":"max-snippet:-1","max-image-preview":"max-image-preview:large","max-video-preview":"max-video-preview:-1"},"canonical":"https:\/\/www.cope.es\/blogs\/derosca\/2023\/05\/22\/marcus-baur-es-el-embajador-de-colonia-en-el-europeo-2024\/","og_locale":"es_ES","og_type":"article","og_title":"Marcus Baur es el Embajador de Colonia en el Europeo 2024 - Derosca","og_description":"Markus Baur va a ser el embajador de la sede de Colonia para el Campeonato Europeo de Balonmano 2024. Un Bauer que recuerda como el 4 de Febrero de 2007 en Colonia levantaba el trofeo de Campe\u00f3n Mundial. Markus Baur comenta que hoy todav\u00eda le preguntan cu\u00e1l fue ese sentimiento. Y siempre tiene estas emociones, [&hellip;]","og_url":"https:\/\/www.cope.es\/blogs\/derosca\/2023\/05\/22\/marcus-baur-es-el-embajador-de-colonia-en-el-europeo-2024\/","og_site_name":"Derosca","article_publisher":"https:\/\/www.facebook.com\/cope\/","article_published_time":"2023-05-22T07:19:17+00:00","og_image":[{"width":680,"height":316,"url":"https:\/\/www.cope.es\/blogs\/derosca\/wp-content\/uploads\/sites\/22\/2023\/05\/Europeo-2024.jpg","type":"image\/jpeg"}],"author":"Luis Malvar","twitter_card":"summary_large_image","twitter_creator":"@cope_es","twitter_site":"@cope_es","twitter_misc":{"Escrito por":"Luis Malvar","Tiempo de lectura":"3 minutos"},"schema":{"@context":"https:\/\/schema.org","@graph":[{"@type":"Article","@id":"https:\/\/www.cope.es\/blogs\/derosca\/2023\/05\/22\/marcus-baur-es-el-embajador-de-colonia-en-el-europeo-2024\/#article","isPartOf":{"@id":"https:\/\/www.cope.es\/blogs\/derosca\/2023\/05\/22\/marcus-baur-es-el-embajador-de-colonia-en-el-europeo-2024\/"},"author":{"name":"Luis Malvar","@id":"https:\/\/www.cope.es\/blogs\/derosca\/#\/schema\/person\/02d6fa6fa8d8db60f83303875a4ff77f"},"headline":"Marcus Baur es el Embajador de Colonia en el Europeo 2024","datePublished":"2023-05-22T07:19:17+00:00","mainEntityOfPage":{"@id":"https:\/\/www.cope.es\/blogs\/derosca\/2023\/05\/22\/marcus-baur-es-el-embajador-de-colonia-en-el-europeo-2024\/"},"wordCount":516,"commentCount":0,"image":{"@id":"https:\/\/www.cope.es\/blogs\/derosca\/2023\/05\/22\/marcus-baur-es-el-embajador-de-colonia-en-el-europeo-2024\/#primaryimage"},"thumbnailUrl":"https:\/\/www.cope.es\/blogs\/derosca\/wp-content\/uploads\/sites\/22\/2023\/05\/Europeo-2024.jpg","articleSection":["Balonmano"],"inLanguage":"es","potentialAction":[{"@type":"CommentAction","name":"Comment","target":["https:\/\/www.cope.es\/blogs\/derosca\/2023\/05\/22\/marcus-baur-es-el-embajador-de-colonia-en-el-europeo-2024\/#respond"]}]},{"@type":"WebPage","@id":"https:\/\/www.cope.es\/blogs\/derosca\/2023\/05\/22\/marcus-baur-es-el-embajador-de-colonia-en-el-europeo-2024\/","url":"https:\/\/www.cope.es\/blogs\/derosca\/2023\/05\/22\/marcus-baur-es-el-embajador-de-colonia-en-el-europeo-2024\/","name":"Marcus Baur es el Embajador de Colonia en el Europeo 2024 - Derosca","isPartOf":{"@id":"https:\/\/www.cope.es\/blogs\/derosca\/#website"},"primaryImageOfPage":{"@id":"https:\/\/www.cope.es\/blogs\/derosca\/2023\/05\/22\/marcus-baur-es-el-embajador-de-colonia-en-el-europeo-2024\/#primaryimage"},"image":{"@id":"https:\/\/www.cope.es\/blogs\/derosca\/2023\/05\/22\/marcus-baur-es-el-embajador-de-colonia-en-el-europeo-2024\/#primaryimage"},"thumbnailUrl":"https:\/\/www.cope.es\/blogs\/derosca\/wp-content\/uploads\/sites\/22\/2023\/05\/Europeo-2024.jpg","datePublished":"2023-05-22T07:19:17+00:00","author":{"@id":"https:\/\/www.cope.es\/blogs\/derosca\/#\/schema\/person\/02d6fa6fa8d8db60f83303875a4ff77f"},"breadcrumb":{"@id":"https:\/\/www.cope.es\/blogs\/derosca\/2023\/05\/22\/marcus-baur-es-el-embajador-de-colonia-en-el-europeo-2024\/#breadcrumb"},"inLanguage":"es","potentialAction":[{"@type":"ReadAction","target":["https:\/\/www.cope.es\/blogs\/derosca\/2023\/05\/22\/marcus-baur-es-el-embajador-de-colonia-en-el-europeo-2024\/"]}]},{"@type":"ImageObject","inLanguage":"es","@id":"https:\/\/www.cope.es\/blogs\/derosca\/2023\/05\/22\/marcus-baur-es-el-embajador-de-colonia-en-el-europeo-2024\/#primaryimage","url":"https:\/\/www.cope.es\/blogs\/derosca\/wp-content\/uploads\/sites\/22\/2023\/05\/Europeo-2024.jpg","contentUrl":"https:\/\/www.cope.es\/blogs\/derosca\/wp-content\/uploads\/sites\/22\/2023\/05\/Europeo-2024.jpg","width":680,"height":316,"caption":"Marcus Baur es el Embajador de Colonia en el Europeo 2024"},{"@type":"BreadcrumbList","@id":"https:\/\/www.cope.es\/blogs\/derosca\/2023\/05\/22\/marcus-baur-es-el-embajador-de-colonia-en-el-europeo-2024\/#breadcrumb","itemListElement":[{"@type":"ListItem","position":1,"name":"Portada","item":"https:\/\/www.cope.es\/blogs\/derosca\/"},{"@type":"ListItem","position":2,"name":"Marcus Baur es el Embajador de Colonia en el Europeo 2024"}]},{"@type":"WebSite","@id":"https:\/\/www.cope.es\/blogs\/derosca\/#website","url":"https:\/\/www.cope.es\/blogs\/derosca\/","name":"Derosca","description":"Blog de balonmano COPE","potentialAction":[{"@type":"SearchAction","target":{"@type":"EntryPoint","urlTemplate":"https:\/\/www.cope.es\/blogs\/derosca\/?s={search_term_string}"},"query-input":{"@type":"PropertyValueSpecification","valueRequired":true,"valueName":"search_term_string"}}],"inLanguage":"es"},{"@type":"Person","@id":"https:\/\/www.cope.es\/blogs\/derosca\/#\/schema\/person\/02d6fa6fa8d8db60f83303875a4ff77f","name":"Luis Malvar","image":{"@type":"ImageObject","inLanguage":"es","@id":"https:\/\/secure.gravatar.com\/avatar\/23cd47dec2904689b3ccd32d1dd3e86c7cbf60dcf7376c68854f761a4939534f?s=96&d=mm&r=g","url":"https:\/\/secure.gravatar.com\/avatar\/23cd47dec2904689b3ccd32d1dd3e86c7cbf60dcf7376c68854f761a4939534f?s=96&d=mm&r=g","contentUrl":"https:\/\/secure.gravatar.com\/avatar\/23cd47dec2904689b3ccd32d1dd3e86c7cbf60dcf7376c68854f761a4939534f?s=96&d=mm&r=g","caption":"Luis Malvar"},"description":"Comenc\u00e9 la andadura del Blog Derosca all\u00e1 por el 22 de Mayo de 2008. Un blog en el que se trata de llevar a los numerosos aficionados y amantes del mundo del balonmano toda la actualidad de nuestro apasionante deporte. Una ventana que sirve para dar luz a las innumerables noticias que genera el balonmano y que habitualmente no tienen reflejo en los medios de comunicaci\u00f3n. Sin lugar a dudas el Blog Derosca cuenta con un apartado que tiene a gala contar con miles de seguidores como es \u201cMis Pajaritos\u201d en donde se relatan y narran todas las intrahistorias que se generan en el balonmano espa\u00f1ol y que incomoda a m\u00e1s de uno que salgan a la luz.!Gracias por seguirnos durante todos estos a\u00f1os\u00a1","sameAs":["http:\/\/www.cope.es","lmalvar"],"url":"https:\/\/www.cope.es\/blogs\/derosca\/author\/lmalvar\/"}]}},"amp_enabled":true,"_links":{"self":[{"href":"https:\/\/www.cope.es\/blogs\/derosca\/wp-json\/wp\/v2\/posts\/3313","targetHints":{"allow":["GET"]}}],"collection":[{"href":"https:\/\/www.cope.es\/blogs\/derosca\/wp-json\/wp\/v2\/posts"}],"about":[{"href":"https:\/\/www.cope.es\/blogs\/derosca\/wp-json\/wp\/v2\/types\/post"}],"author":[{"embeddable":true,"href":"https:\/\/www.cope.es\/blogs\/derosca\/wp-json\/wp\/v2\/users\/23"}],"replies":[{"embeddable":true,"href":"https:\/\/www.cope.es\/blogs\/derosca\/wp-json\/wp\/v2\/comments?post=3313"}],"version-history":[{"count":1,"href":"https:\/\/www.cope.es\/blogs\/derosca\/wp-json\/wp\/v2\/posts\/3313\/revisions"}],"predecessor-version":[{"id":3315,"href":"https:\/\/www.cope.es\/blogs\/derosca\/wp-json\/wp\/v2\/posts\/3313\/revisions\/3315"}],"wp:featuredmedia":[{"embeddable":true,"href":"https:\/\/www.cope.es\/blogs\/derosca\/wp-json\/wp\/v2\/media\/3314"}],"wp:attachment":[{"href":"https:\/\/www.cope.es\/blogs\/derosca\/wp-json\/wp\/v2\/media?parent=3313"}],"wp:term":[{"taxonomy":"category","embeddable":true,"href":"https:\/\/www.cope.es\/blogs\/derosca\/wp-json\/wp\/v2\/categories?post=3313"},{"taxonomy":"post_tag","embeddable":true,"href":"https:\/\/www.cope.es\/blogs\/derosca\/wp-json\/wp\/v2\/tags?post=3313"}],"curies":[{"name":"wp","href":"https:\/\/api.w.org\/{rel}","templated":true}]}}