{"id":3299,"date":"2023-05-15T09:37:15","date_gmt":"2023-05-15T07:37:15","guid":{"rendered":"http:\/\/www.cope.es\/blogs\/derosca\/?p=3299"},"modified":"2023-05-15T09:37:15","modified_gmt":"2023-05-15T07:37:15","slug":"el-dia-del-balonmano-2023-en-alemania-se-celebrara-en-munich","status":"publish","type":"post","link":"https:\/\/www.cope.es\/blogs\/derosca\/2023\/05\/15\/el-dia-del-balonmano-2023-en-alemania-se-celebrara-en-munich\/","title":{"rendered":"El D\u00eda del Balonmano 2023 en Alemania se celebrar\u00e1 en Munich"},"content":{"rendered":"<p><span style=\"color: #111111\"><span style=\"font-family: Arial, sans-serif\"><span style=\"font-size: medium\">El pr\u00f3ximo Domingo 5 de Noviembre se va a celebrar la quinta edici\u00f3n de \u201cEl D\u00eda del Balonmano\u201d en Alemania. Los equipos nacionales de balonmano masculino y femenino de Alemania y el equipo nacional sub-15 femenino van a jugar en el Olympiahalle de M\u00fanich. Los hombres se enfrentar\u00e1n a la selecci\u00f3n de Egipto, Campe\u00f3n africano y cuarto clasificado ol\u00edmpico, las mujeres a Hungr\u00eda y los talentos sub-15 a Turqu\u00eda. Casi dos meses despu\u00e9s, M\u00fanich es tambi\u00e9n sede de dos Fases Preliminares de grupos del Europeo 2024. Las ventas anticipadas del D\u00eda del Balonmano han comenzado el pasado Viernes 28 de Abril.<\/span><\/span><\/span><\/p>\n<p><span style=\"color: #111111\"><span style=\"font-family: Arial, sans-serif\"><span style=\"font-size: medium\">La Directora General del Olympiapark Munich GmbH, Marion Sch\u00f6ne, ha comentado que est\u00e1n muy contentos de que el d\u00eda del balonmano se lleve a cabo en el Olympic Hall. Porque con los preparativos para la Fase Preliminar del Europeo 2024 en Enero y por supuesto, han tenido fiebre del balonmano durante mucho tiempo. En el Europeo 2024, que ser\u00e1 del 11 al 16 de Enero, los campeones mundiales Dinamarca e Islandia, entre otros, se esperan en la capital del estado b\u00e1varo.<\/span><\/span><\/span><\/p>\n<p><span style=\"color: #111111\"><span style=\"font-family: Arial, sans-serif\"><span style=\"font-size: medium\">Marion Sch\u00f6ne a\u00f1adi\u00f3 que han demostrado muchas veces que el Bayern, la ciudad de M\u00fanich y ellos tambi\u00e9n pueden hacer balonmano. M\u00e1s recientemente, de manera muy impresionante en la Fase Preliminar extremadamente exitosa del Mundial de 2019, donde el entusiasmo no conoci\u00f3 l\u00edmites. Est\u00e1 segura que la chispa en los partidos de las selecciones nacionales el 5 de Noviembre y el Olympic Hall vuelvan a convertirse en un verdadero basti\u00f3n del balonmano en Noviembre.<br \/>\n<\/span><\/span><\/span><br \/>\n<span style=\"color: #111111\"><span style=\"font-family: Arial, sans-serif\"><span style=\"font-size: medium\">El D\u00eda del Balonmano en M\u00fanich ser\u00e1 m\u00e1s que un simple anticipo, ya que alrededor de los partidos internacionales, la Federaci\u00f3n Alemana de Balonmano presenta el balonmano con numerosas actividades de los equipos nacionales y hasta actividades pr\u00e1cticas para ni\u00f1os y j\u00f3venes y otros eventos.<\/p>\n<p>El Presidente de la DHB, Andreas Michelmann, comenta que los eventos centrales del Handball Day han tenido lugar hasta ahora en Frankfurt (2014), Hamburgo (2017), Hannover (2019) y D\u00fcsseldorf (2021). Por lo tanto, se continua en el camino de este exitoso concepto. El D\u00eda del Balonmano es ahora un evento insignia absoluto para la Federaci\u00f3n Alemana de Balonmano. Esperan con ansias Munich.<\/span><\/span><\/span><\/p>\n<p><span style=\"color: #111111\"><span style=\"font-family: Arial, sans-serif\"><span style=\"font-size: medium\">Tambi\u00e9n reconoce Schober que el D\u00eda del Balonmano ha crecido y es una constante para la familia del balonmano. Quiere unir de nuevo, pero tambi\u00e9n quiere abrirlo. Por lo tanto, es casi perfecto que las selecciones juveniles de Alemania y Turqu\u00eda se re\u00fanan y que puedan intensificar la cooperaci\u00f3n con la Asociaci\u00f3n Turca de Balonmano. Ser\u00e1 una gran publicidad para el balonmano como un deporte para todos.<\/p>\n<p><\/span><\/span><\/span><span style=\"color: #3e3e3e\"><span style=\"font-family: Arial, sans-serif\"><span style=\"font-size: medium\"><span>Seguirnos en twitter: <\/span><\/span><\/span><\/span><span style=\"color: #000080\"><span><u><a href=\"https:\/\/twitter.com\/#!\/deroscacope\"><span style=\"color: #0000ff\"><span style=\"font-family: Arial, sans-serif\"><span style=\"font-size: medium\">https:\/\/twitter.com\/#!\/deroscacope<\/span><\/span><\/span><\/a><\/u><\/span><\/span><\/p>\n<p><span style=\"font-family: Arial, sans-serif\"><br \/>\n<\/span><\/p>\n","protected":false},"excerpt":{"rendered":"<p>El pr\u00f3ximo Domingo 5 de Noviembre se va a celebrar la quinta edici\u00f3n de \u201cEl D\u00eda del Balonmano\u201d en Alemania. Los equipos nacionales de balonmano masculino y femenino de Alemania y el equipo nacional sub-15 femenino van a jugar en el Olympiahalle de M\u00fanich. Los hombres se enfrentar\u00e1n a la selecci\u00f3n de Egipto, Campe\u00f3n africano [&hellip;]<\/p>\n","protected":false},"author":23,"featured_media":3300,"comment_status":"open","ping_status":"open","sticky":false,"template":"","format":"standard","meta":{"footnotes":""},"categories":[3],"tags":[],"class_list":["post-3299","post","type-post","status-publish","format-standard","has-post-thumbnail","hentry","category-balonmano"],"yoast_head":"<!-- This site is optimized with the Yoast SEO plugin v27.4 - https:\/\/yoast.com\/product\/yoast-seo-wordpress\/ -->\n<title>El D\u00eda del Balonmano 2023 en Alemania se celebrar\u00e1 en Munich - Derosca<\/title>\n<meta name=\"robots\" content=\"index, follow, max-snippet:-1, max-image-preview:large, max-video-preview:-1\" \/>\n<link rel=\"canonical\" href=\"https:\/\/www.cope.es\/blogs\/derosca\/2023\/05\/15\/el-dia-del-balonmano-2023-en-alemania-se-celebrara-en-munich\/\" \/>\n<meta property=\"og:locale\" content=\"es_ES\" \/>\n<meta property=\"og:type\" content=\"article\" \/>\n<meta property=\"og:title\" content=\"El D\u00eda del Balonmano 2023 en Alemania se celebrar\u00e1 en Munich - Derosca\" \/>\n<meta property=\"og:description\" content=\"El pr\u00f3ximo Domingo 5 de Noviembre se va a celebrar la quinta edici\u00f3n de \u201cEl D\u00eda del Balonmano\u201d en Alemania. Los equipos nacionales de balonmano masculino y femenino de Alemania y el equipo nacional sub-15 femenino van a jugar en el Olympiahalle de M\u00fanich. Los hombres se enfrentar\u00e1n a la selecci\u00f3n de Egipto, Campe\u00f3n africano [&hellip;]\" \/>\n<meta property=\"og:url\" content=\"https:\/\/www.cope.es\/blogs\/derosca\/2023\/05\/15\/el-dia-del-balonmano-2023-en-alemania-se-celebrara-en-munich\/\" \/>\n<meta property=\"og:site_name\" content=\"Derosca\" \/>\n<meta property=\"article:publisher\" content=\"https:\/\/www.facebook.com\/cope\/\" \/>\n<meta property=\"article:published_time\" content=\"2023-05-15T07:37:15+00:00\" \/>\n<meta property=\"og:image\" content=\"https:\/\/www.cope.es\/blogs\/derosca\/wp-content\/uploads\/sites\/22\/2023\/05\/placeholder_image_09c4b_f_950x534.jpg\" \/>\n\t<meta property=\"og:image:width\" content=\"680\" \/>\n\t<meta property=\"og:image:height\" content=\"326\" \/>\n\t<meta property=\"og:image:type\" content=\"image\/jpeg\" \/>\n<meta name=\"author\" content=\"Luis Malvar\" \/>\n<meta name=\"twitter:card\" content=\"summary_large_image\" \/>\n<meta name=\"twitter:creator\" content=\"@cope_es\" \/>\n<meta name=\"twitter:site\" content=\"@cope_es\" \/>\n<meta name=\"twitter:label1\" content=\"Escrito por\" \/>\n\t<meta name=\"twitter:data1\" content=\"Luis Malvar\" \/>\n\t<meta name=\"twitter:label2\" content=\"Tiempo de lectura\" \/>\n\t<meta name=\"twitter:data2\" content=\"2 minutos\" \/>\n<script type=\"application\/ld+json\" class=\"yoast-schema-graph\">{\"@context\":\"https:\\\/\\\/schema.org\",\"@graph\":[{\"@type\":\"Article\",\"@id\":\"https:\\\/\\\/www.cope.es\\\/blogs\\\/derosca\\\/2023\\\/05\\\/15\\\/el-dia-del-balonmano-2023-en-alemania-se-celebrara-en-munich\\\/#article\",\"isPartOf\":{\"@id\":\"https:\\\/\\\/www.cope.es\\\/blogs\\\/derosca\\\/2023\\\/05\\\/15\\\/el-dia-del-balonmano-2023-en-alemania-se-celebrara-en-munich\\\/\"},\"author\":{\"name\":\"Luis Malvar\",\"@id\":\"https:\\\/\\\/www.cope.es\\\/blogs\\\/derosca\\\/#\\\/schema\\\/person\\\/02d6fa6fa8d8db60f83303875a4ff77f\"},\"headline\":\"El D\u00eda del Balonmano 2023 en Alemania se celebrar\u00e1 en Munich\",\"datePublished\":\"2023-05-15T07:37:15+00:00\",\"mainEntityOfPage\":{\"@id\":\"https:\\\/\\\/www.cope.es\\\/blogs\\\/derosca\\\/2023\\\/05\\\/15\\\/el-dia-del-balonmano-2023-en-alemania-se-celebrara-en-munich\\\/\"},\"wordCount\":477,\"commentCount\":0,\"image\":{\"@id\":\"https:\\\/\\\/www.cope.es\\\/blogs\\\/derosca\\\/2023\\\/05\\\/15\\\/el-dia-del-balonmano-2023-en-alemania-se-celebrara-en-munich\\\/#primaryimage\"},\"thumbnailUrl\":\"https:\\\/\\\/www.cope.es\\\/blogs\\\/derosca\\\/wp-content\\\/uploads\\\/sites\\\/22\\\/2023\\\/05\\\/placeholder_image_09c4b_f_950x534.jpg\",\"articleSection\":[\"Balonmano\"],\"inLanguage\":\"es\",\"potentialAction\":[{\"@type\":\"CommentAction\",\"name\":\"Comment\",\"target\":[\"https:\\\/\\\/www.cope.es\\\/blogs\\\/derosca\\\/2023\\\/05\\\/15\\\/el-dia-del-balonmano-2023-en-alemania-se-celebrara-en-munich\\\/#respond\"]}]},{\"@type\":\"WebPage\",\"@id\":\"https:\\\/\\\/www.cope.es\\\/blogs\\\/derosca\\\/2023\\\/05\\\/15\\\/el-dia-del-balonmano-2023-en-alemania-se-celebrara-en-munich\\\/\",\"url\":\"https:\\\/\\\/www.cope.es\\\/blogs\\\/derosca\\\/2023\\\/05\\\/15\\\/el-dia-del-balonmano-2023-en-alemania-se-celebrara-en-munich\\\/\",\"name\":\"El D\u00eda del Balonmano 2023 en Alemania se celebrar\u00e1 en Munich - Derosca\",\"isPartOf\":{\"@id\":\"https:\\\/\\\/www.cope.es\\\/blogs\\\/derosca\\\/#website\"},\"primaryImageOfPage\":{\"@id\":\"https:\\\/\\\/www.cope.es\\\/blogs\\\/derosca\\\/2023\\\/05\\\/15\\\/el-dia-del-balonmano-2023-en-alemania-se-celebrara-en-munich\\\/#primaryimage\"},\"image\":{\"@id\":\"https:\\\/\\\/www.cope.es\\\/blogs\\\/derosca\\\/2023\\\/05\\\/15\\\/el-dia-del-balonmano-2023-en-alemania-se-celebrara-en-munich\\\/#primaryimage\"},\"thumbnailUrl\":\"https:\\\/\\\/www.cope.es\\\/blogs\\\/derosca\\\/wp-content\\\/uploads\\\/sites\\\/22\\\/2023\\\/05\\\/placeholder_image_09c4b_f_950x534.jpg\",\"datePublished\":\"2023-05-15T07:37:15+00:00\",\"author\":{\"@id\":\"https:\\\/\\\/www.cope.es\\\/blogs\\\/derosca\\\/#\\\/schema\\\/person\\\/02d6fa6fa8d8db60f83303875a4ff77f\"},\"breadcrumb\":{\"@id\":\"https:\\\/\\\/www.cope.es\\\/blogs\\\/derosca\\\/2023\\\/05\\\/15\\\/el-dia-del-balonmano-2023-en-alemania-se-celebrara-en-munich\\\/#breadcrumb\"},\"inLanguage\":\"es\",\"potentialAction\":[{\"@type\":\"ReadAction\",\"target\":[\"https:\\\/\\\/www.cope.es\\\/blogs\\\/derosca\\\/2023\\\/05\\\/15\\\/el-dia-del-balonmano-2023-en-alemania-se-celebrara-en-munich\\\/\"]}]},{\"@type\":\"ImageObject\",\"inLanguage\":\"es\",\"@id\":\"https:\\\/\\\/www.cope.es\\\/blogs\\\/derosca\\\/2023\\\/05\\\/15\\\/el-dia-del-balonmano-2023-en-alemania-se-celebrara-en-munich\\\/#primaryimage\",\"url\":\"https:\\\/\\\/www.cope.es\\\/blogs\\\/derosca\\\/wp-content\\\/uploads\\\/sites\\\/22\\\/2023\\\/05\\\/placeholder_image_09c4b_f_950x534.jpg\",\"contentUrl\":\"https:\\\/\\\/www.cope.es\\\/blogs\\\/derosca\\\/wp-content\\\/uploads\\\/sites\\\/22\\\/2023\\\/05\\\/placeholder_image_09c4b_f_950x534.jpg\",\"width\":680,\"height\":326,\"caption\":\"El D\u00eda del Balonmano 2023 en Alemania se celebrar\u00e1 en Munich\"},{\"@type\":\"BreadcrumbList\",\"@id\":\"https:\\\/\\\/www.cope.es\\\/blogs\\\/derosca\\\/2023\\\/05\\\/15\\\/el-dia-del-balonmano-2023-en-alemania-se-celebrara-en-munich\\\/#breadcrumb\",\"itemListElement\":[{\"@type\":\"ListItem\",\"position\":1,\"name\":\"Portada\",\"item\":\"https:\\\/\\\/www.cope.es\\\/blogs\\\/derosca\\\/\"},{\"@type\":\"ListItem\",\"position\":2,\"name\":\"El D\u00eda del Balonmano 2023 en Alemania se celebrar\u00e1 en Munich\"}]},{\"@type\":\"WebSite\",\"@id\":\"https:\\\/\\\/www.cope.es\\\/blogs\\\/derosca\\\/#website\",\"url\":\"https:\\\/\\\/www.cope.es\\\/blogs\\\/derosca\\\/\",\"name\":\"Derosca\",\"description\":\"Blog de balonmano COPE\",\"potentialAction\":[{\"@type\":\"SearchAction\",\"target\":{\"@type\":\"EntryPoint\",\"urlTemplate\":\"https:\\\/\\\/www.cope.es\\\/blogs\\\/derosca\\\/?s={search_term_string}\"},\"query-input\":{\"@type\":\"PropertyValueSpecification\",\"valueRequired\":true,\"valueName\":\"search_term_string\"}}],\"inLanguage\":\"es\"},{\"@type\":\"Person\",\"@id\":\"https:\\\/\\\/www.cope.es\\\/blogs\\\/derosca\\\/#\\\/schema\\\/person\\\/02d6fa6fa8d8db60f83303875a4ff77f\",\"name\":\"Luis Malvar\",\"image\":{\"@type\":\"ImageObject\",\"inLanguage\":\"es\",\"@id\":\"https:\\\/\\\/secure.gravatar.com\\\/avatar\\\/23cd47dec2904689b3ccd32d1dd3e86c7cbf60dcf7376c68854f761a4939534f?s=96&d=mm&r=g\",\"url\":\"https:\\\/\\\/secure.gravatar.com\\\/avatar\\\/23cd47dec2904689b3ccd32d1dd3e86c7cbf60dcf7376c68854f761a4939534f?s=96&d=mm&r=g\",\"contentUrl\":\"https:\\\/\\\/secure.gravatar.com\\\/avatar\\\/23cd47dec2904689b3ccd32d1dd3e86c7cbf60dcf7376c68854f761a4939534f?s=96&d=mm&r=g\",\"caption\":\"Luis Malvar\"},\"description\":\"Comenc\u00e9 la andadura del Blog Derosca all\u00e1 por el 22 de Mayo de 2008. Un blog en el que se trata de llevar a los numerosos aficionados y amantes del mundo del balonmano toda la actualidad de nuestro apasionante deporte. Una ventana que sirve para dar luz a las innumerables noticias que genera el balonmano y que habitualmente no tienen reflejo en los medios de comunicaci\u00f3n. Sin lugar a dudas el Blog Derosca cuenta con un apartado que tiene a gala contar con miles de seguidores como es \u201cMis Pajaritos\u201d en donde se relatan y narran todas las intrahistorias que se generan en el balonmano espa\u00f1ol y que incomoda a m\u00e1s de uno que salgan a la luz.!Gracias por seguirnos durante todos estos a\u00f1os\u00a1\",\"sameAs\":[\"http:\\\/\\\/www.cope.es\",\"lmalvar\"],\"url\":\"https:\\\/\\\/www.cope.es\\\/blogs\\\/derosca\\\/author\\\/lmalvar\\\/\"}]}<\/script>\n<!-- \/ Yoast SEO plugin. -->","yoast_head_json":{"title":"El D\u00eda del Balonmano 2023 en Alemania se celebrar\u00e1 en Munich - Derosca","robots":{"index":"index","follow":"follow","max-snippet":"max-snippet:-1","max-image-preview":"max-image-preview:large","max-video-preview":"max-video-preview:-1"},"canonical":"https:\/\/www.cope.es\/blogs\/derosca\/2023\/05\/15\/el-dia-del-balonmano-2023-en-alemania-se-celebrara-en-munich\/","og_locale":"es_ES","og_type":"article","og_title":"El D\u00eda del Balonmano 2023 en Alemania se celebrar\u00e1 en Munich - Derosca","og_description":"El pr\u00f3ximo Domingo 5 de Noviembre se va a celebrar la quinta edici\u00f3n de \u201cEl D\u00eda del Balonmano\u201d en Alemania. Los equipos nacionales de balonmano masculino y femenino de Alemania y el equipo nacional sub-15 femenino van a jugar en el Olympiahalle de M\u00fanich. Los hombres se enfrentar\u00e1n a la selecci\u00f3n de Egipto, Campe\u00f3n africano [&hellip;]","og_url":"https:\/\/www.cope.es\/blogs\/derosca\/2023\/05\/15\/el-dia-del-balonmano-2023-en-alemania-se-celebrara-en-munich\/","og_site_name":"Derosca","article_publisher":"https:\/\/www.facebook.com\/cope\/","article_published_time":"2023-05-15T07:37:15+00:00","og_image":[{"width":680,"height":326,"url":"https:\/\/www.cope.es\/blogs\/derosca\/wp-content\/uploads\/sites\/22\/2023\/05\/placeholder_image_09c4b_f_950x534.jpg","type":"image\/jpeg"}],"author":"Luis Malvar","twitter_card":"summary_large_image","twitter_creator":"@cope_es","twitter_site":"@cope_es","twitter_misc":{"Escrito por":"Luis Malvar","Tiempo de lectura":"2 minutos"},"schema":{"@context":"https:\/\/schema.org","@graph":[{"@type":"Article","@id":"https:\/\/www.cope.es\/blogs\/derosca\/2023\/05\/15\/el-dia-del-balonmano-2023-en-alemania-se-celebrara-en-munich\/#article","isPartOf":{"@id":"https:\/\/www.cope.es\/blogs\/derosca\/2023\/05\/15\/el-dia-del-balonmano-2023-en-alemania-se-celebrara-en-munich\/"},"author":{"name":"Luis Malvar","@id":"https:\/\/www.cope.es\/blogs\/derosca\/#\/schema\/person\/02d6fa6fa8d8db60f83303875a4ff77f"},"headline":"El D\u00eda del Balonmano 2023 en Alemania se celebrar\u00e1 en Munich","datePublished":"2023-05-15T07:37:15+00:00","mainEntityOfPage":{"@id":"https:\/\/www.cope.es\/blogs\/derosca\/2023\/05\/15\/el-dia-del-balonmano-2023-en-alemania-se-celebrara-en-munich\/"},"wordCount":477,"commentCount":0,"image":{"@id":"https:\/\/www.cope.es\/blogs\/derosca\/2023\/05\/15\/el-dia-del-balonmano-2023-en-alemania-se-celebrara-en-munich\/#primaryimage"},"thumbnailUrl":"https:\/\/www.cope.es\/blogs\/derosca\/wp-content\/uploads\/sites\/22\/2023\/05\/placeholder_image_09c4b_f_950x534.jpg","articleSection":["Balonmano"],"inLanguage":"es","potentialAction":[{"@type":"CommentAction","name":"Comment","target":["https:\/\/www.cope.es\/blogs\/derosca\/2023\/05\/15\/el-dia-del-balonmano-2023-en-alemania-se-celebrara-en-munich\/#respond"]}]},{"@type":"WebPage","@id":"https:\/\/www.cope.es\/blogs\/derosca\/2023\/05\/15\/el-dia-del-balonmano-2023-en-alemania-se-celebrara-en-munich\/","url":"https:\/\/www.cope.es\/blogs\/derosca\/2023\/05\/15\/el-dia-del-balonmano-2023-en-alemania-se-celebrara-en-munich\/","name":"El D\u00eda del Balonmano 2023 en Alemania se celebrar\u00e1 en Munich - Derosca","isPartOf":{"@id":"https:\/\/www.cope.es\/blogs\/derosca\/#website"},"primaryImageOfPage":{"@id":"https:\/\/www.cope.es\/blogs\/derosca\/2023\/05\/15\/el-dia-del-balonmano-2023-en-alemania-se-celebrara-en-munich\/#primaryimage"},"image":{"@id":"https:\/\/www.cope.es\/blogs\/derosca\/2023\/05\/15\/el-dia-del-balonmano-2023-en-alemania-se-celebrara-en-munich\/#primaryimage"},"thumbnailUrl":"https:\/\/www.cope.es\/blogs\/derosca\/wp-content\/uploads\/sites\/22\/2023\/05\/placeholder_image_09c4b_f_950x534.jpg","datePublished":"2023-05-15T07:37:15+00:00","author":{"@id":"https:\/\/www.cope.es\/blogs\/derosca\/#\/schema\/person\/02d6fa6fa8d8db60f83303875a4ff77f"},"breadcrumb":{"@id":"https:\/\/www.cope.es\/blogs\/derosca\/2023\/05\/15\/el-dia-del-balonmano-2023-en-alemania-se-celebrara-en-munich\/#breadcrumb"},"inLanguage":"es","potentialAction":[{"@type":"ReadAction","target":["https:\/\/www.cope.es\/blogs\/derosca\/2023\/05\/15\/el-dia-del-balonmano-2023-en-alemania-se-celebrara-en-munich\/"]}]},{"@type":"ImageObject","inLanguage":"es","@id":"https:\/\/www.cope.es\/blogs\/derosca\/2023\/05\/15\/el-dia-del-balonmano-2023-en-alemania-se-celebrara-en-munich\/#primaryimage","url":"https:\/\/www.cope.es\/blogs\/derosca\/wp-content\/uploads\/sites\/22\/2023\/05\/placeholder_image_09c4b_f_950x534.jpg","contentUrl":"https:\/\/www.cope.es\/blogs\/derosca\/wp-content\/uploads\/sites\/22\/2023\/05\/placeholder_image_09c4b_f_950x534.jpg","width":680,"height":326,"caption":"El D\u00eda del Balonmano 2023 en Alemania se celebrar\u00e1 en Munich"},{"@type":"BreadcrumbList","@id":"https:\/\/www.cope.es\/blogs\/derosca\/2023\/05\/15\/el-dia-del-balonmano-2023-en-alemania-se-celebrara-en-munich\/#breadcrumb","itemListElement":[{"@type":"ListItem","position":1,"name":"Portada","item":"https:\/\/www.cope.es\/blogs\/derosca\/"},{"@type":"ListItem","position":2,"name":"El D\u00eda del Balonmano 2023 en Alemania se celebrar\u00e1 en Munich"}]},{"@type":"WebSite","@id":"https:\/\/www.cope.es\/blogs\/derosca\/#website","url":"https:\/\/www.cope.es\/blogs\/derosca\/","name":"Derosca","description":"Blog de balonmano COPE","potentialAction":[{"@type":"SearchAction","target":{"@type":"EntryPoint","urlTemplate":"https:\/\/www.cope.es\/blogs\/derosca\/?s={search_term_string}"},"query-input":{"@type":"PropertyValueSpecification","valueRequired":true,"valueName":"search_term_string"}}],"inLanguage":"es"},{"@type":"Person","@id":"https:\/\/www.cope.es\/blogs\/derosca\/#\/schema\/person\/02d6fa6fa8d8db60f83303875a4ff77f","name":"Luis Malvar","image":{"@type":"ImageObject","inLanguage":"es","@id":"https:\/\/secure.gravatar.com\/avatar\/23cd47dec2904689b3ccd32d1dd3e86c7cbf60dcf7376c68854f761a4939534f?s=96&d=mm&r=g","url":"https:\/\/secure.gravatar.com\/avatar\/23cd47dec2904689b3ccd32d1dd3e86c7cbf60dcf7376c68854f761a4939534f?s=96&d=mm&r=g","contentUrl":"https:\/\/secure.gravatar.com\/avatar\/23cd47dec2904689b3ccd32d1dd3e86c7cbf60dcf7376c68854f761a4939534f?s=96&d=mm&r=g","caption":"Luis Malvar"},"description":"Comenc\u00e9 la andadura del Blog Derosca all\u00e1 por el 22 de Mayo de 2008. Un blog en el que se trata de llevar a los numerosos aficionados y amantes del mundo del balonmano toda la actualidad de nuestro apasionante deporte. Una ventana que sirve para dar luz a las innumerables noticias que genera el balonmano y que habitualmente no tienen reflejo en los medios de comunicaci\u00f3n. Sin lugar a dudas el Blog Derosca cuenta con un apartado que tiene a gala contar con miles de seguidores como es \u201cMis Pajaritos\u201d en donde se relatan y narran todas las intrahistorias que se generan en el balonmano espa\u00f1ol y que incomoda a m\u00e1s de uno que salgan a la luz.!Gracias por seguirnos durante todos estos a\u00f1os\u00a1","sameAs":["http:\/\/www.cope.es","lmalvar"],"url":"https:\/\/www.cope.es\/blogs\/derosca\/author\/lmalvar\/"}]}},"amp_enabled":true,"_links":{"self":[{"href":"https:\/\/www.cope.es\/blogs\/derosca\/wp-json\/wp\/v2\/posts\/3299","targetHints":{"allow":["GET"]}}],"collection":[{"href":"https:\/\/www.cope.es\/blogs\/derosca\/wp-json\/wp\/v2\/posts"}],"about":[{"href":"https:\/\/www.cope.es\/blogs\/derosca\/wp-json\/wp\/v2\/types\/post"}],"author":[{"embeddable":true,"href":"https:\/\/www.cope.es\/blogs\/derosca\/wp-json\/wp\/v2\/users\/23"}],"replies":[{"embeddable":true,"href":"https:\/\/www.cope.es\/blogs\/derosca\/wp-json\/wp\/v2\/comments?post=3299"}],"version-history":[{"count":1,"href":"https:\/\/www.cope.es\/blogs\/derosca\/wp-json\/wp\/v2\/posts\/3299\/revisions"}],"predecessor-version":[{"id":3301,"href":"https:\/\/www.cope.es\/blogs\/derosca\/wp-json\/wp\/v2\/posts\/3299\/revisions\/3301"}],"wp:featuredmedia":[{"embeddable":true,"href":"https:\/\/www.cope.es\/blogs\/derosca\/wp-json\/wp\/v2\/media\/3300"}],"wp:attachment":[{"href":"https:\/\/www.cope.es\/blogs\/derosca\/wp-json\/wp\/v2\/media?parent=3299"}],"wp:term":[{"taxonomy":"category","embeddable":true,"href":"https:\/\/www.cope.es\/blogs\/derosca\/wp-json\/wp\/v2\/categories?post=3299"},{"taxonomy":"post_tag","embeddable":true,"href":"https:\/\/www.cope.es\/blogs\/derosca\/wp-json\/wp\/v2\/tags?post=3299"}],"curies":[{"name":"wp","href":"https:\/\/api.w.org\/{rel}","templated":true}]}}