{"id":3270,"date":"2023-04-26T09:25:48","date_gmt":"2023-04-26T07:25:48","guid":{"rendered":"http:\/\/www.cope.es\/blogs\/derosca\/?p=3270"},"modified":"2023-04-26T09:25:48","modified_gmt":"2023-04-26T07:25:48","slug":"el-canciller-aleman-olaf-scholz-apoya-el-mundial-junior-2023-de-alemania","status":"publish","type":"post","link":"https:\/\/www.cope.es\/blogs\/derosca\/2023\/04\/26\/el-canciller-aleman-olaf-scholz-apoya-el-mundial-junior-2023-de-alemania\/","title":{"rendered":"El Canciller alem\u00e1n Olaf Scholz apoya el Mundial Junior 2023 de Alemania"},"content":{"rendered":"<p><span style=\"color: #111111\"><span style=\"font-family: Arial, sans-serif\"><span style=\"font-size: medium\">El Campeonato Mundial Sub-21 que se va a celebrar este verano en Alemania ser\u00e1 el primer evento importante en la d\u00e9cada del balonmano y est\u00e1 al m\u00e1s alto nivel pol\u00edtico. <\/span><\/span><\/span><span style=\"color: #111111\"><span style=\"font-family: Arial, sans-serif\"><span style=\"font-size: medium\">El canciller federal alem\u00e1n Olaf Scholz fue a ver hace unos d\u00edas un partido de segunda divisi\u00f3n de balonmano y estuvo acompa\u00f1ado de su esposa Britta Ernst, la ministra de Educaci\u00f3n, Juventud y Deporte de Brandeburgo, el seleccionador nacional Alfred Gislason y otras celebridades en el MBS Arena, que se llen\u00f3 con 1.100 espectadores.<\/span><\/span><\/span><\/p>\n<p><span style=\"color: #111111\"><span style=\"font-family: Arial, sans-serif\"><span style=\"font-size: medium\">Con el entrenador del Potsdam, Bob Hanning, y jugadores nacionales sub-21 como Max Beneke, los invitados se reunieron despu\u00e9s del partido con una pancarta por la Copa Mundial Sub-21. El torneo comienza para la selecci\u00f3n alemana el 20 de Junio en Hannover, el equipo del seleccionador nacional sub-20 &#8211; 21 viajar\u00e1 a Berl\u00edn, donde se disputar\u00e1n los Cuartos de Final en el Max-Schmeling Halle el 29 de Junio y el 1 y 2 de Julio comienza la batalla por las medallas.<\/span><\/span><\/span><\/p>\n<p><span style=\"color: #111111\"><span style=\"font-family: Arial, sans-serif\"><span style=\"font-size: medium\">En la primera jornada del Mundial el Martes 20 de Junio la selecci\u00f3n alemana se enfrentar\u00e1 a Libia a las 19,30 horas, el Mi\u00e9rcoles 21 de junio se enfrentar\u00e1 a T\u00fanez a las 18,00 horas y a las 18,00 horas terminar\u00e1 la Fase Preliminar del Grupo B contra Argelia.<br \/>\n<\/span><\/span><\/span><br \/>\n<span style=\"color: #111111\"><span style=\"font-family: Arial, sans-serif\"><span style=\"font-size: medium\">Los 32 participantes en el Campeonato Mundial Sub-21 jugar\u00e1n la Fase Preliminar en ocho grupos de cuatro en las ciudades de Hanover, Magdeburg y Atenas. El primer y segundo lugar de cada grupo se clasifica para la Fase Principal, el tercer y cuarto lugar juegan la Copa Presidentes para los lugares 17 al 32. Los d\u00edas de partido de la Fase Preliminar son los d\u00edas 20, 21 y 23 de Junio.<\/p>\n<p>La Fase Principal se juega con 16 equipos, es decir, los dos mejores equipos de cada grupo de la Fase Preliminar, en cuatro grupos de cuatro, y el resultado entre ellos se mantiene. Las sedes en Alemania son Magdeburg (Grupo A y B, GETEC Arena) y Hannover (Grupo C y D, Swisslife Arena), los ocho equipos de los Grupos E a H juegan en dos grupos de la Fase Principal en Atenas. Si la selecci\u00f3n alemana sub-21 llega a la ronda principal, jugar\u00eda en Magdeburg. Los d\u00edas de juego para la Fase Principal son el 25 y 26 de Junio.<\/p>\n<p>De cada uno de los cuatro grupos de la Fase Principal, los dos mejores equipos se clasifican para los Cuartos de Final. Los cuatro Cuartos de Final se jugar\u00e1n en Berl\u00edn el 29 de Junio, con horarios de previstos a las 13,15, 15,45, 18,30 y 21,00 horas. Las dos Semifinales se llevar\u00e1n a cabo el 1 de Julio, a las 15,30 y 18,00 horas, los partidos por las medallas se disputar\u00e1n el 2 de Julio, comenzando con los encuentros para el 7\u00ba y 8\u00ba (a las 10,00 horas) y por el 5\u00ba y 6\u00ba puesto (a las 12,30 horas), antes de finalizar a las 15,30 la Medalla de Bronce y a las 18,00 horas el oro y el trofeo de la Copa del Mundo. El \u00faltimo fin de semana tambi\u00e9n se jugar\u00e1 en la capital alemana.<\/span><\/span><\/span><\/p>\n<p><span style=\"color: #3e3e3e\"><span style=\"font-family: Arial, sans-serif\"><span style=\"font-size: medium\"><span>Seguirnos en twitter: <\/span><\/span><\/span><\/span><span style=\"color: #000080\"><span><u><a href=\"https:\/\/twitter.com\/#!\/deroscacope\"><span style=\"color: #0000ff\"><span style=\"font-family: Arial, sans-serif\"><span style=\"font-size: medium\">https:\/\/twitter.com\/#!\/deroscacope<\/span><\/span><\/span><\/a><\/u><\/span><\/span><\/p>\n","protected":false},"excerpt":{"rendered":"<p>El Campeonato Mundial Sub-21 que se va a celebrar este verano en Alemania ser\u00e1 el primer evento importante en la d\u00e9cada del balonmano y est\u00e1 al m\u00e1s alto nivel pol\u00edtico. El canciller federal alem\u00e1n Olaf Scholz fue a ver hace unos d\u00edas un partido de segunda divisi\u00f3n de balonmano y estuvo acompa\u00f1ado de su esposa [&hellip;]<\/p>\n","protected":false},"author":23,"featured_media":3271,"comment_status":"open","ping_status":"open","sticky":false,"template":"","format":"standard","meta":{"footnotes":""},"categories":[3],"tags":[],"class_list":["post-3270","post","type-post","status-publish","format-standard","has-post-thumbnail","hentry","category-balonmano"],"yoast_head":"<!-- This site is optimized with the Yoast SEO plugin v27.4 - https:\/\/yoast.com\/product\/yoast-seo-wordpress\/ -->\n<title>El Canciller alem\u00e1n Olaf Scholz apoya el Mundial Junior 2023 de Alemania - Derosca<\/title>\n<meta name=\"robots\" content=\"index, follow, max-snippet:-1, max-image-preview:large, max-video-preview:-1\" \/>\n<link rel=\"canonical\" href=\"https:\/\/www.cope.es\/blogs\/derosca\/2023\/04\/26\/el-canciller-aleman-olaf-scholz-apoya-el-mundial-junior-2023-de-alemania\/\" \/>\n<meta property=\"og:locale\" content=\"es_ES\" \/>\n<meta property=\"og:type\" content=\"article\" \/>\n<meta property=\"og:title\" content=\"El Canciller alem\u00e1n Olaf Scholz apoya el Mundial Junior 2023 de Alemania - Derosca\" \/>\n<meta property=\"og:description\" content=\"El Campeonato Mundial Sub-21 que se va a celebrar este verano en Alemania ser\u00e1 el primer evento importante en la d\u00e9cada del balonmano y est\u00e1 al m\u00e1s alto nivel pol\u00edtico. El canciller federal alem\u00e1n Olaf Scholz fue a ver hace unos d\u00edas un partido de segunda divisi\u00f3n de balonmano y estuvo acompa\u00f1ado de su esposa [&hellip;]\" \/>\n<meta property=\"og:url\" content=\"https:\/\/www.cope.es\/blogs\/derosca\/2023\/04\/26\/el-canciller-aleman-olaf-scholz-apoya-el-mundial-junior-2023-de-alemania\/\" \/>\n<meta property=\"og:site_name\" content=\"Derosca\" \/>\n<meta property=\"article:publisher\" content=\"https:\/\/www.facebook.com\/cope\/\" \/>\n<meta property=\"article:published_time\" content=\"2023-04-26T07:25:48+00:00\" \/>\n<meta property=\"og:image\" content=\"https:\/\/www.cope.es\/blogs\/derosca\/wp-content\/uploads\/sites\/22\/2023\/04\/IHF-Nuevo-Logo.jpg\" \/>\n\t<meta property=\"og:image:width\" content=\"680\" \/>\n\t<meta property=\"og:image:height\" content=\"250\" \/>\n\t<meta property=\"og:image:type\" content=\"image\/jpeg\" \/>\n<meta name=\"author\" content=\"Luis Malvar\" \/>\n<meta name=\"twitter:card\" content=\"summary_large_image\" \/>\n<meta name=\"twitter:creator\" content=\"@cope_es\" \/>\n<meta name=\"twitter:site\" content=\"@cope_es\" \/>\n<meta name=\"twitter:label1\" content=\"Escrito por\" \/>\n\t<meta name=\"twitter:data1\" content=\"Luis Malvar\" \/>\n\t<meta name=\"twitter:label2\" content=\"Tiempo de lectura\" \/>\n\t<meta name=\"twitter:data2\" content=\"3 minutos\" \/>\n<script type=\"application\/ld+json\" class=\"yoast-schema-graph\">{\"@context\":\"https:\\\/\\\/schema.org\",\"@graph\":[{\"@type\":\"Article\",\"@id\":\"https:\\\/\\\/www.cope.es\\\/blogs\\\/derosca\\\/2023\\\/04\\\/26\\\/el-canciller-aleman-olaf-scholz-apoya-el-mundial-junior-2023-de-alemania\\\/#article\",\"isPartOf\":{\"@id\":\"https:\\\/\\\/www.cope.es\\\/blogs\\\/derosca\\\/2023\\\/04\\\/26\\\/el-canciller-aleman-olaf-scholz-apoya-el-mundial-junior-2023-de-alemania\\\/\"},\"author\":{\"name\":\"Luis Malvar\",\"@id\":\"https:\\\/\\\/www.cope.es\\\/blogs\\\/derosca\\\/#\\\/schema\\\/person\\\/02d6fa6fa8d8db60f83303875a4ff77f\"},\"headline\":\"El Canciller alem\u00e1n Olaf Scholz apoya el Mundial Junior 2023 de Alemania\",\"datePublished\":\"2023-04-26T07:25:48+00:00\",\"mainEntityOfPage\":{\"@id\":\"https:\\\/\\\/www.cope.es\\\/blogs\\\/derosca\\\/2023\\\/04\\\/26\\\/el-canciller-aleman-olaf-scholz-apoya-el-mundial-junior-2023-de-alemania\\\/\"},\"wordCount\":529,\"commentCount\":0,\"image\":{\"@id\":\"https:\\\/\\\/www.cope.es\\\/blogs\\\/derosca\\\/2023\\\/04\\\/26\\\/el-canciller-aleman-olaf-scholz-apoya-el-mundial-junior-2023-de-alemania\\\/#primaryimage\"},\"thumbnailUrl\":\"https:\\\/\\\/www.cope.es\\\/blogs\\\/derosca\\\/wp-content\\\/uploads\\\/sites\\\/22\\\/2023\\\/04\\\/IHF-Nuevo-Logo.jpg\",\"articleSection\":[\"Balonmano\"],\"inLanguage\":\"es\",\"potentialAction\":[{\"@type\":\"CommentAction\",\"name\":\"Comment\",\"target\":[\"https:\\\/\\\/www.cope.es\\\/blogs\\\/derosca\\\/2023\\\/04\\\/26\\\/el-canciller-aleman-olaf-scholz-apoya-el-mundial-junior-2023-de-alemania\\\/#respond\"]}]},{\"@type\":\"WebPage\",\"@id\":\"https:\\\/\\\/www.cope.es\\\/blogs\\\/derosca\\\/2023\\\/04\\\/26\\\/el-canciller-aleman-olaf-scholz-apoya-el-mundial-junior-2023-de-alemania\\\/\",\"url\":\"https:\\\/\\\/www.cope.es\\\/blogs\\\/derosca\\\/2023\\\/04\\\/26\\\/el-canciller-aleman-olaf-scholz-apoya-el-mundial-junior-2023-de-alemania\\\/\",\"name\":\"El Canciller alem\u00e1n Olaf Scholz apoya el Mundial Junior 2023 de Alemania - Derosca\",\"isPartOf\":{\"@id\":\"https:\\\/\\\/www.cope.es\\\/blogs\\\/derosca\\\/#website\"},\"primaryImageOfPage\":{\"@id\":\"https:\\\/\\\/www.cope.es\\\/blogs\\\/derosca\\\/2023\\\/04\\\/26\\\/el-canciller-aleman-olaf-scholz-apoya-el-mundial-junior-2023-de-alemania\\\/#primaryimage\"},\"image\":{\"@id\":\"https:\\\/\\\/www.cope.es\\\/blogs\\\/derosca\\\/2023\\\/04\\\/26\\\/el-canciller-aleman-olaf-scholz-apoya-el-mundial-junior-2023-de-alemania\\\/#primaryimage\"},\"thumbnailUrl\":\"https:\\\/\\\/www.cope.es\\\/blogs\\\/derosca\\\/wp-content\\\/uploads\\\/sites\\\/22\\\/2023\\\/04\\\/IHF-Nuevo-Logo.jpg\",\"datePublished\":\"2023-04-26T07:25:48+00:00\",\"author\":{\"@id\":\"https:\\\/\\\/www.cope.es\\\/blogs\\\/derosca\\\/#\\\/schema\\\/person\\\/02d6fa6fa8d8db60f83303875a4ff77f\"},\"breadcrumb\":{\"@id\":\"https:\\\/\\\/www.cope.es\\\/blogs\\\/derosca\\\/2023\\\/04\\\/26\\\/el-canciller-aleman-olaf-scholz-apoya-el-mundial-junior-2023-de-alemania\\\/#breadcrumb\"},\"inLanguage\":\"es\",\"potentialAction\":[{\"@type\":\"ReadAction\",\"target\":[\"https:\\\/\\\/www.cope.es\\\/blogs\\\/derosca\\\/2023\\\/04\\\/26\\\/el-canciller-aleman-olaf-scholz-apoya-el-mundial-junior-2023-de-alemania\\\/\"]}]},{\"@type\":\"ImageObject\",\"inLanguage\":\"es\",\"@id\":\"https:\\\/\\\/www.cope.es\\\/blogs\\\/derosca\\\/2023\\\/04\\\/26\\\/el-canciller-aleman-olaf-scholz-apoya-el-mundial-junior-2023-de-alemania\\\/#primaryimage\",\"url\":\"https:\\\/\\\/www.cope.es\\\/blogs\\\/derosca\\\/wp-content\\\/uploads\\\/sites\\\/22\\\/2023\\\/04\\\/IHF-Nuevo-Logo.jpg\",\"contentUrl\":\"https:\\\/\\\/www.cope.es\\\/blogs\\\/derosca\\\/wp-content\\\/uploads\\\/sites\\\/22\\\/2023\\\/04\\\/IHF-Nuevo-Logo.jpg\",\"width\":680,\"height\":250,\"caption\":\"El Canciller alem\u00e1n Olaf Scholz apoya el Mundial Junior 2023 de Alemania\"},{\"@type\":\"BreadcrumbList\",\"@id\":\"https:\\\/\\\/www.cope.es\\\/blogs\\\/derosca\\\/2023\\\/04\\\/26\\\/el-canciller-aleman-olaf-scholz-apoya-el-mundial-junior-2023-de-alemania\\\/#breadcrumb\",\"itemListElement\":[{\"@type\":\"ListItem\",\"position\":1,\"name\":\"Portada\",\"item\":\"https:\\\/\\\/www.cope.es\\\/blogs\\\/derosca\\\/\"},{\"@type\":\"ListItem\",\"position\":2,\"name\":\"El Canciller alem\u00e1n Olaf Scholz apoya el Mundial Junior 2023 de Alemania\"}]},{\"@type\":\"WebSite\",\"@id\":\"https:\\\/\\\/www.cope.es\\\/blogs\\\/derosca\\\/#website\",\"url\":\"https:\\\/\\\/www.cope.es\\\/blogs\\\/derosca\\\/\",\"name\":\"Derosca\",\"description\":\"Blog de balonmano COPE\",\"potentialAction\":[{\"@type\":\"SearchAction\",\"target\":{\"@type\":\"EntryPoint\",\"urlTemplate\":\"https:\\\/\\\/www.cope.es\\\/blogs\\\/derosca\\\/?s={search_term_string}\"},\"query-input\":{\"@type\":\"PropertyValueSpecification\",\"valueRequired\":true,\"valueName\":\"search_term_string\"}}],\"inLanguage\":\"es\"},{\"@type\":\"Person\",\"@id\":\"https:\\\/\\\/www.cope.es\\\/blogs\\\/derosca\\\/#\\\/schema\\\/person\\\/02d6fa6fa8d8db60f83303875a4ff77f\",\"name\":\"Luis Malvar\",\"image\":{\"@type\":\"ImageObject\",\"inLanguage\":\"es\",\"@id\":\"https:\\\/\\\/secure.gravatar.com\\\/avatar\\\/23cd47dec2904689b3ccd32d1dd3e86c7cbf60dcf7376c68854f761a4939534f?s=96&d=mm&r=g\",\"url\":\"https:\\\/\\\/secure.gravatar.com\\\/avatar\\\/23cd47dec2904689b3ccd32d1dd3e86c7cbf60dcf7376c68854f761a4939534f?s=96&d=mm&r=g\",\"contentUrl\":\"https:\\\/\\\/secure.gravatar.com\\\/avatar\\\/23cd47dec2904689b3ccd32d1dd3e86c7cbf60dcf7376c68854f761a4939534f?s=96&d=mm&r=g\",\"caption\":\"Luis Malvar\"},\"description\":\"Comenc\u00e9 la andadura del Blog Derosca all\u00e1 por el 22 de Mayo de 2008. Un blog en el que se trata de llevar a los numerosos aficionados y amantes del mundo del balonmano toda la actualidad de nuestro apasionante deporte. Una ventana que sirve para dar luz a las innumerables noticias que genera el balonmano y que habitualmente no tienen reflejo en los medios de comunicaci\u00f3n. Sin lugar a dudas el Blog Derosca cuenta con un apartado que tiene a gala contar con miles de seguidores como es \u201cMis Pajaritos\u201d en donde se relatan y narran todas las intrahistorias que se generan en el balonmano espa\u00f1ol y que incomoda a m\u00e1s de uno que salgan a la luz.!Gracias por seguirnos durante todos estos a\u00f1os\u00a1\",\"sameAs\":[\"http:\\\/\\\/www.cope.es\",\"lmalvar\"],\"url\":\"https:\\\/\\\/www.cope.es\\\/blogs\\\/derosca\\\/author\\\/lmalvar\\\/\"}]}<\/script>\n<!-- \/ Yoast SEO plugin. -->","yoast_head_json":{"title":"El Canciller alem\u00e1n Olaf Scholz apoya el Mundial Junior 2023 de Alemania - Derosca","robots":{"index":"index","follow":"follow","max-snippet":"max-snippet:-1","max-image-preview":"max-image-preview:large","max-video-preview":"max-video-preview:-1"},"canonical":"https:\/\/www.cope.es\/blogs\/derosca\/2023\/04\/26\/el-canciller-aleman-olaf-scholz-apoya-el-mundial-junior-2023-de-alemania\/","og_locale":"es_ES","og_type":"article","og_title":"El Canciller alem\u00e1n Olaf Scholz apoya el Mundial Junior 2023 de Alemania - Derosca","og_description":"El Campeonato Mundial Sub-21 que se va a celebrar este verano en Alemania ser\u00e1 el primer evento importante en la d\u00e9cada del balonmano y est\u00e1 al m\u00e1s alto nivel pol\u00edtico. El canciller federal alem\u00e1n Olaf Scholz fue a ver hace unos d\u00edas un partido de segunda divisi\u00f3n de balonmano y estuvo acompa\u00f1ado de su esposa [&hellip;]","og_url":"https:\/\/www.cope.es\/blogs\/derosca\/2023\/04\/26\/el-canciller-aleman-olaf-scholz-apoya-el-mundial-junior-2023-de-alemania\/","og_site_name":"Derosca","article_publisher":"https:\/\/www.facebook.com\/cope\/","article_published_time":"2023-04-26T07:25:48+00:00","og_image":[{"width":680,"height":250,"url":"https:\/\/www.cope.es\/blogs\/derosca\/wp-content\/uploads\/sites\/22\/2023\/04\/IHF-Nuevo-Logo.jpg","type":"image\/jpeg"}],"author":"Luis Malvar","twitter_card":"summary_large_image","twitter_creator":"@cope_es","twitter_site":"@cope_es","twitter_misc":{"Escrito por":"Luis Malvar","Tiempo de lectura":"3 minutos"},"schema":{"@context":"https:\/\/schema.org","@graph":[{"@type":"Article","@id":"https:\/\/www.cope.es\/blogs\/derosca\/2023\/04\/26\/el-canciller-aleman-olaf-scholz-apoya-el-mundial-junior-2023-de-alemania\/#article","isPartOf":{"@id":"https:\/\/www.cope.es\/blogs\/derosca\/2023\/04\/26\/el-canciller-aleman-olaf-scholz-apoya-el-mundial-junior-2023-de-alemania\/"},"author":{"name":"Luis Malvar","@id":"https:\/\/www.cope.es\/blogs\/derosca\/#\/schema\/person\/02d6fa6fa8d8db60f83303875a4ff77f"},"headline":"El Canciller alem\u00e1n Olaf Scholz apoya el Mundial Junior 2023 de Alemania","datePublished":"2023-04-26T07:25:48+00:00","mainEntityOfPage":{"@id":"https:\/\/www.cope.es\/blogs\/derosca\/2023\/04\/26\/el-canciller-aleman-olaf-scholz-apoya-el-mundial-junior-2023-de-alemania\/"},"wordCount":529,"commentCount":0,"image":{"@id":"https:\/\/www.cope.es\/blogs\/derosca\/2023\/04\/26\/el-canciller-aleman-olaf-scholz-apoya-el-mundial-junior-2023-de-alemania\/#primaryimage"},"thumbnailUrl":"https:\/\/www.cope.es\/blogs\/derosca\/wp-content\/uploads\/sites\/22\/2023\/04\/IHF-Nuevo-Logo.jpg","articleSection":["Balonmano"],"inLanguage":"es","potentialAction":[{"@type":"CommentAction","name":"Comment","target":["https:\/\/www.cope.es\/blogs\/derosca\/2023\/04\/26\/el-canciller-aleman-olaf-scholz-apoya-el-mundial-junior-2023-de-alemania\/#respond"]}]},{"@type":"WebPage","@id":"https:\/\/www.cope.es\/blogs\/derosca\/2023\/04\/26\/el-canciller-aleman-olaf-scholz-apoya-el-mundial-junior-2023-de-alemania\/","url":"https:\/\/www.cope.es\/blogs\/derosca\/2023\/04\/26\/el-canciller-aleman-olaf-scholz-apoya-el-mundial-junior-2023-de-alemania\/","name":"El Canciller alem\u00e1n Olaf Scholz apoya el Mundial Junior 2023 de Alemania - Derosca","isPartOf":{"@id":"https:\/\/www.cope.es\/blogs\/derosca\/#website"},"primaryImageOfPage":{"@id":"https:\/\/www.cope.es\/blogs\/derosca\/2023\/04\/26\/el-canciller-aleman-olaf-scholz-apoya-el-mundial-junior-2023-de-alemania\/#primaryimage"},"image":{"@id":"https:\/\/www.cope.es\/blogs\/derosca\/2023\/04\/26\/el-canciller-aleman-olaf-scholz-apoya-el-mundial-junior-2023-de-alemania\/#primaryimage"},"thumbnailUrl":"https:\/\/www.cope.es\/blogs\/derosca\/wp-content\/uploads\/sites\/22\/2023\/04\/IHF-Nuevo-Logo.jpg","datePublished":"2023-04-26T07:25:48+00:00","author":{"@id":"https:\/\/www.cope.es\/blogs\/derosca\/#\/schema\/person\/02d6fa6fa8d8db60f83303875a4ff77f"},"breadcrumb":{"@id":"https:\/\/www.cope.es\/blogs\/derosca\/2023\/04\/26\/el-canciller-aleman-olaf-scholz-apoya-el-mundial-junior-2023-de-alemania\/#breadcrumb"},"inLanguage":"es","potentialAction":[{"@type":"ReadAction","target":["https:\/\/www.cope.es\/blogs\/derosca\/2023\/04\/26\/el-canciller-aleman-olaf-scholz-apoya-el-mundial-junior-2023-de-alemania\/"]}]},{"@type":"ImageObject","inLanguage":"es","@id":"https:\/\/www.cope.es\/blogs\/derosca\/2023\/04\/26\/el-canciller-aleman-olaf-scholz-apoya-el-mundial-junior-2023-de-alemania\/#primaryimage","url":"https:\/\/www.cope.es\/blogs\/derosca\/wp-content\/uploads\/sites\/22\/2023\/04\/IHF-Nuevo-Logo.jpg","contentUrl":"https:\/\/www.cope.es\/blogs\/derosca\/wp-content\/uploads\/sites\/22\/2023\/04\/IHF-Nuevo-Logo.jpg","width":680,"height":250,"caption":"El Canciller alem\u00e1n Olaf Scholz apoya el Mundial Junior 2023 de Alemania"},{"@type":"BreadcrumbList","@id":"https:\/\/www.cope.es\/blogs\/derosca\/2023\/04\/26\/el-canciller-aleman-olaf-scholz-apoya-el-mundial-junior-2023-de-alemania\/#breadcrumb","itemListElement":[{"@type":"ListItem","position":1,"name":"Portada","item":"https:\/\/www.cope.es\/blogs\/derosca\/"},{"@type":"ListItem","position":2,"name":"El Canciller alem\u00e1n Olaf Scholz apoya el Mundial Junior 2023 de Alemania"}]},{"@type":"WebSite","@id":"https:\/\/www.cope.es\/blogs\/derosca\/#website","url":"https:\/\/www.cope.es\/blogs\/derosca\/","name":"Derosca","description":"Blog de balonmano COPE","potentialAction":[{"@type":"SearchAction","target":{"@type":"EntryPoint","urlTemplate":"https:\/\/www.cope.es\/blogs\/derosca\/?s={search_term_string}"},"query-input":{"@type":"PropertyValueSpecification","valueRequired":true,"valueName":"search_term_string"}}],"inLanguage":"es"},{"@type":"Person","@id":"https:\/\/www.cope.es\/blogs\/derosca\/#\/schema\/person\/02d6fa6fa8d8db60f83303875a4ff77f","name":"Luis Malvar","image":{"@type":"ImageObject","inLanguage":"es","@id":"https:\/\/secure.gravatar.com\/avatar\/23cd47dec2904689b3ccd32d1dd3e86c7cbf60dcf7376c68854f761a4939534f?s=96&d=mm&r=g","url":"https:\/\/secure.gravatar.com\/avatar\/23cd47dec2904689b3ccd32d1dd3e86c7cbf60dcf7376c68854f761a4939534f?s=96&d=mm&r=g","contentUrl":"https:\/\/secure.gravatar.com\/avatar\/23cd47dec2904689b3ccd32d1dd3e86c7cbf60dcf7376c68854f761a4939534f?s=96&d=mm&r=g","caption":"Luis Malvar"},"description":"Comenc\u00e9 la andadura del Blog Derosca all\u00e1 por el 22 de Mayo de 2008. Un blog en el que se trata de llevar a los numerosos aficionados y amantes del mundo del balonmano toda la actualidad de nuestro apasionante deporte. Una ventana que sirve para dar luz a las innumerables noticias que genera el balonmano y que habitualmente no tienen reflejo en los medios de comunicaci\u00f3n. Sin lugar a dudas el Blog Derosca cuenta con un apartado que tiene a gala contar con miles de seguidores como es \u201cMis Pajaritos\u201d en donde se relatan y narran todas las intrahistorias que se generan en el balonmano espa\u00f1ol y que incomoda a m\u00e1s de uno que salgan a la luz.!Gracias por seguirnos durante todos estos a\u00f1os\u00a1","sameAs":["http:\/\/www.cope.es","lmalvar"],"url":"https:\/\/www.cope.es\/blogs\/derosca\/author\/lmalvar\/"}]}},"amp_enabled":true,"_links":{"self":[{"href":"https:\/\/www.cope.es\/blogs\/derosca\/wp-json\/wp\/v2\/posts\/3270","targetHints":{"allow":["GET"]}}],"collection":[{"href":"https:\/\/www.cope.es\/blogs\/derosca\/wp-json\/wp\/v2\/posts"}],"about":[{"href":"https:\/\/www.cope.es\/blogs\/derosca\/wp-json\/wp\/v2\/types\/post"}],"author":[{"embeddable":true,"href":"https:\/\/www.cope.es\/blogs\/derosca\/wp-json\/wp\/v2\/users\/23"}],"replies":[{"embeddable":true,"href":"https:\/\/www.cope.es\/blogs\/derosca\/wp-json\/wp\/v2\/comments?post=3270"}],"version-history":[{"count":1,"href":"https:\/\/www.cope.es\/blogs\/derosca\/wp-json\/wp\/v2\/posts\/3270\/revisions"}],"predecessor-version":[{"id":3272,"href":"https:\/\/www.cope.es\/blogs\/derosca\/wp-json\/wp\/v2\/posts\/3270\/revisions\/3272"}],"wp:featuredmedia":[{"embeddable":true,"href":"https:\/\/www.cope.es\/blogs\/derosca\/wp-json\/wp\/v2\/media\/3271"}],"wp:attachment":[{"href":"https:\/\/www.cope.es\/blogs\/derosca\/wp-json\/wp\/v2\/media?parent=3270"}],"wp:term":[{"taxonomy":"category","embeddable":true,"href":"https:\/\/www.cope.es\/blogs\/derosca\/wp-json\/wp\/v2\/categories?post=3270"},{"taxonomy":"post_tag","embeddable":true,"href":"https:\/\/www.cope.es\/blogs\/derosca\/wp-json\/wp\/v2\/tags?post=3270"}],"curies":[{"name":"wp","href":"https:\/\/api.w.org\/{rel}","templated":true}]}}