{"id":3257,"date":"2023-04-19T09:13:08","date_gmt":"2023-04-19T07:13:08","guid":{"rendered":"http:\/\/www.cope.es\/blogs\/derosca\/?p=3257"},"modified":"2023-04-19T09:13:08","modified_gmt":"2023-04-19T07:13:08","slug":"paris-saint-germain-ira-de-gira-a-japon-para-preparar-pretemporada-2023-24","status":"publish","type":"post","link":"https:\/\/www.cope.es\/blogs\/derosca\/2023\/04\/19\/paris-saint-germain-ira-de-gira-a-japon-para-preparar-pretemporada-2023-24\/","title":{"rendered":"Paris Saint-Germain ira de gira a Jap\u00f3n para preparar Pretemporada 2023 &#8211; 24"},"content":{"rendered":"<p><span style=\"font-family: Times New Roman, serif\"><span style=\"font-size: medium\"><span style=\"color: #646464\"><span style=\"font-family: Arial, sans-serif\">El Paris <\/span><\/span><span style=\"color: #646464\"><span style=\"font-family: Arial, sans-serif\">Saint-Germain <\/span><\/span><span style=\"color: #646464\"><span style=\"font-family: Arial, sans-serif\">anunci\u00f3 hace unas fechas que el primer equipo realizar\u00e1 parte de su preparaci\u00f3n de pretemporada 2023 &#8211; 24 en Jap\u00f3n este pr\u00f3ximo verano. Esta ser\u00e1 la primera gira del club parisino en el Este de Asia, que se realizar\u00e1 del<\/span><\/span><span style=\"color: #646464\"><span style=\"font-family: Arial, sans-serif\">26 de Julio al 3 de Agosto<\/span><\/span><span style=\"color: #646464\"><span style=\"font-family: Arial, sans-serif\">. Durante su estancia en Tokio, los jugadores a las \u00f3rdenes de <\/span><\/span><span style=\"color: #646464\"><span style=\"font-family: Arial, sans-serif\">Ra\u00fal Gonz\u00e1lez <\/span><\/span><span style=\"color: #646464\"><span style=\"font-family: Arial, sans-serif\">van a jugar dos partidos amistosos los d\u00edas 1 y 2 de Agosto en el Ariake Arena, con capacidad para 12.000 espectadores.\u00a0El primer partido les va a enfrentar al Zeekstar Tokyo, el club donde jug\u00f3 la ex jugador internacional galo <\/span><\/span><span style=\"color: #646464\"><span style=\"font-family: Arial, sans-serif\">Luc Abalo<\/span><\/span><span style=\"color: #646464\"><span style=\"font-family: Arial, sans-serif\">. A fecha de hoy todav\u00eda nos conoce el segundo equipo con el que jugar\u00e1 en Jap\u00f3n el Paris <\/span><\/span><span style=\"color: #646464\"><span style=\"font-family: Arial, sans-serif\">Saint-Germain.<\/span><\/span><\/span><\/span><\/p>\n<p><span style=\"font-family: Times New Roman, serif\"><span style=\"font-size: medium\"><span style=\"color: #646464\"><span style=\"font-family: Arial, sans-serif\">El Director General del Paris <\/span><\/span><span style=\"color: #646464\"><span style=\"font-family: Arial, sans-serif\">Saint-Germain<\/span><\/span><span style=\"color: #646464\"><span style=\"font-family: Arial, sans-serif\">, <\/span><\/span><span style=\"color: #646464\"><span style=\"font-family: Arial, sans-serif\">Thierry Omeyer<\/span><\/span><span style=\"color: #646464\"><span style=\"font-family: Arial, sans-serif\">, <\/span><\/span><span style=\"color: #646464\"><span style=\"font-family: Arial, sans-serif\">ha comentado sobre esta gira por Asia que <\/span><\/span><span style=\"color: #646464\"><span style=\"font-family: Arial, sans-serif\">de pretemporada que <\/span><\/span><span style=\"color: #646464\"><span style=\"font-family: Arial, sans-serif\">est\u00e1n muy contentos de ver que este plan para una gira de balonmano de Paris Saint-Germain en Jap\u00f3n se haga realidad y esperan continuar. Le gustar\u00eda agradecer al club Zeekstar y Future esta colaboraci\u00f3n como parte de la preparaci\u00f3n para la Temporada 2023 &#8211; 2024, que les permitir\u00e1 descubrir la cultura japonesa y conocer a la afici\u00f3n del Club. Esta asociaci\u00f3n tambi\u00e9n representa una oportunidad \u00fanica para promover el balonmano en Jap\u00f3n y fomentar la expansi\u00f3n de una disciplina que atrae a m\u00e1s y m\u00e1s jugadores en todo el pa\u00eds.<\/span><\/span><\/span><\/span><\/p>\n<p><span style=\"color: #3e3e3e\"><span style=\"font-family: Arial, sans-serif\"><span style=\"font-size: medium\">Seguirnos en twitter:<\/span><\/span><\/span> <span style=\"color: #0000ff\"><span><u><a href=\"#!\/deroscacope\"><span style=\"font-family: Arial, sans-serif\"><span style=\"font-size: medium\">https:\/\/twitter.com\/#!\/deroscacope<\/span><\/span><\/a><\/u><\/span><\/span><\/p>\n","protected":false},"excerpt":{"rendered":"<p>El Paris Saint-Germain anunci\u00f3 hace unas fechas que el primer equipo realizar\u00e1 parte de su preparaci\u00f3n de pretemporada 2023 &#8211; 24 en Jap\u00f3n este pr\u00f3ximo verano. Esta ser\u00e1 la primera gira del club parisino en el Este de Asia, que se realizar\u00e1 del26 de Julio al 3 de Agosto. Durante su estancia en Tokio, los [&hellip;]<\/p>\n","protected":false},"author":23,"featured_media":3258,"comment_status":"open","ping_status":"open","sticky":false,"template":"","format":"standard","meta":{"footnotes":""},"categories":[3],"tags":[],"class_list":["post-3257","post","type-post","status-publish","format-standard","has-post-thumbnail","hentry","category-balonmano"],"yoast_head":"<!-- This site is optimized with the Yoast SEO plugin v27.4 - https:\/\/yoast.com\/product\/yoast-seo-wordpress\/ -->\n<title>Paris Saint-Germain ira de gira a Jap\u00f3n para preparar Pretemporada 2023 - 24 - Derosca<\/title>\n<meta name=\"robots\" content=\"index, follow, max-snippet:-1, max-image-preview:large, max-video-preview:-1\" \/>\n<link rel=\"canonical\" href=\"https:\/\/www.cope.es\/blogs\/derosca\/2023\/04\/19\/paris-saint-germain-ira-de-gira-a-japon-para-preparar-pretemporada-2023-24\/\" \/>\n<meta property=\"og:locale\" content=\"es_ES\" \/>\n<meta property=\"og:type\" content=\"article\" \/>\n<meta property=\"og:title\" content=\"Paris Saint-Germain ira de gira a Jap\u00f3n para preparar Pretemporada 2023 - 24 - Derosca\" \/>\n<meta property=\"og:description\" content=\"El Paris Saint-Germain anunci\u00f3 hace unas fechas que el primer equipo realizar\u00e1 parte de su preparaci\u00f3n de pretemporada 2023 &#8211; 24 en Jap\u00f3n este pr\u00f3ximo verano. Esta ser\u00e1 la primera gira del club parisino en el Este de Asia, que se realizar\u00e1 del26 de Julio al 3 de Agosto. Durante su estancia en Tokio, los [&hellip;]\" \/>\n<meta property=\"og:url\" content=\"https:\/\/www.cope.es\/blogs\/derosca\/2023\/04\/19\/paris-saint-germain-ira-de-gira-a-japon-para-preparar-pretemporada-2023-24\/\" \/>\n<meta property=\"og:site_name\" content=\"Derosca\" \/>\n<meta property=\"article:publisher\" content=\"https:\/\/www.facebook.com\/cope\/\" \/>\n<meta property=\"article:published_time\" content=\"2023-04-19T07:13:08+00:00\" \/>\n<meta property=\"og:image\" content=\"https:\/\/www.cope.es\/blogs\/derosca\/wp-content\/uploads\/sites\/22\/2023\/04\/6814300.jpg\" \/>\n\t<meta property=\"og:image:width\" content=\"680\" \/>\n\t<meta property=\"og:image:height\" content=\"383\" \/>\n\t<meta property=\"og:image:type\" content=\"image\/jpeg\" \/>\n<meta name=\"author\" content=\"Luis Malvar\" \/>\n<meta name=\"twitter:card\" content=\"summary_large_image\" \/>\n<meta name=\"twitter:creator\" content=\"@cope_es\" \/>\n<meta name=\"twitter:site\" content=\"@cope_es\" \/>\n<meta name=\"twitter:label1\" content=\"Escrito por\" \/>\n\t<meta name=\"twitter:data1\" content=\"Luis Malvar\" \/>\n\t<meta name=\"twitter:label2\" content=\"Tiempo de lectura\" \/>\n\t<meta name=\"twitter:data2\" content=\"1 minuto\" \/>\n<script type=\"application\/ld+json\" class=\"yoast-schema-graph\">{\"@context\":\"https:\\\/\\\/schema.org\",\"@graph\":[{\"@type\":\"Article\",\"@id\":\"https:\\\/\\\/www.cope.es\\\/blogs\\\/derosca\\\/2023\\\/04\\\/19\\\/paris-saint-germain-ira-de-gira-a-japon-para-preparar-pretemporada-2023-24\\\/#article\",\"isPartOf\":{\"@id\":\"https:\\\/\\\/www.cope.es\\\/blogs\\\/derosca\\\/2023\\\/04\\\/19\\\/paris-saint-germain-ira-de-gira-a-japon-para-preparar-pretemporada-2023-24\\\/\"},\"author\":{\"name\":\"Luis Malvar\",\"@id\":\"https:\\\/\\\/www.cope.es\\\/blogs\\\/derosca\\\/#\\\/schema\\\/person\\\/02d6fa6fa8d8db60f83303875a4ff77f\"},\"headline\":\"Paris Saint-Germain ira de gira a Jap\u00f3n para preparar Pretemporada 2023 &#8211; 24\",\"datePublished\":\"2023-04-19T07:13:08+00:00\",\"mainEntityOfPage\":{\"@id\":\"https:\\\/\\\/www.cope.es\\\/blogs\\\/derosca\\\/2023\\\/04\\\/19\\\/paris-saint-germain-ira-de-gira-a-japon-para-preparar-pretemporada-2023-24\\\/\"},\"wordCount\":265,\"commentCount\":0,\"image\":{\"@id\":\"https:\\\/\\\/www.cope.es\\\/blogs\\\/derosca\\\/2023\\\/04\\\/19\\\/paris-saint-germain-ira-de-gira-a-japon-para-preparar-pretemporada-2023-24\\\/#primaryimage\"},\"thumbnailUrl\":\"https:\\\/\\\/www.cope.es\\\/blogs\\\/derosca\\\/wp-content\\\/uploads\\\/sites\\\/22\\\/2023\\\/04\\\/6814300.jpg\",\"articleSection\":[\"Balonmano\"],\"inLanguage\":\"es\",\"potentialAction\":[{\"@type\":\"CommentAction\",\"name\":\"Comment\",\"target\":[\"https:\\\/\\\/www.cope.es\\\/blogs\\\/derosca\\\/2023\\\/04\\\/19\\\/paris-saint-germain-ira-de-gira-a-japon-para-preparar-pretemporada-2023-24\\\/#respond\"]}]},{\"@type\":\"WebPage\",\"@id\":\"https:\\\/\\\/www.cope.es\\\/blogs\\\/derosca\\\/2023\\\/04\\\/19\\\/paris-saint-germain-ira-de-gira-a-japon-para-preparar-pretemporada-2023-24\\\/\",\"url\":\"https:\\\/\\\/www.cope.es\\\/blogs\\\/derosca\\\/2023\\\/04\\\/19\\\/paris-saint-germain-ira-de-gira-a-japon-para-preparar-pretemporada-2023-24\\\/\",\"name\":\"Paris Saint-Germain ira de gira a Jap\u00f3n para preparar Pretemporada 2023 - 24 - Derosca\",\"isPartOf\":{\"@id\":\"https:\\\/\\\/www.cope.es\\\/blogs\\\/derosca\\\/#website\"},\"primaryImageOfPage\":{\"@id\":\"https:\\\/\\\/www.cope.es\\\/blogs\\\/derosca\\\/2023\\\/04\\\/19\\\/paris-saint-germain-ira-de-gira-a-japon-para-preparar-pretemporada-2023-24\\\/#primaryimage\"},\"image\":{\"@id\":\"https:\\\/\\\/www.cope.es\\\/blogs\\\/derosca\\\/2023\\\/04\\\/19\\\/paris-saint-germain-ira-de-gira-a-japon-para-preparar-pretemporada-2023-24\\\/#primaryimage\"},\"thumbnailUrl\":\"https:\\\/\\\/www.cope.es\\\/blogs\\\/derosca\\\/wp-content\\\/uploads\\\/sites\\\/22\\\/2023\\\/04\\\/6814300.jpg\",\"datePublished\":\"2023-04-19T07:13:08+00:00\",\"author\":{\"@id\":\"https:\\\/\\\/www.cope.es\\\/blogs\\\/derosca\\\/#\\\/schema\\\/person\\\/02d6fa6fa8d8db60f83303875a4ff77f\"},\"breadcrumb\":{\"@id\":\"https:\\\/\\\/www.cope.es\\\/blogs\\\/derosca\\\/2023\\\/04\\\/19\\\/paris-saint-germain-ira-de-gira-a-japon-para-preparar-pretemporada-2023-24\\\/#breadcrumb\"},\"inLanguage\":\"es\",\"potentialAction\":[{\"@type\":\"ReadAction\",\"target\":[\"https:\\\/\\\/www.cope.es\\\/blogs\\\/derosca\\\/2023\\\/04\\\/19\\\/paris-saint-germain-ira-de-gira-a-japon-para-preparar-pretemporada-2023-24\\\/\"]}]},{\"@type\":\"ImageObject\",\"inLanguage\":\"es\",\"@id\":\"https:\\\/\\\/www.cope.es\\\/blogs\\\/derosca\\\/2023\\\/04\\\/19\\\/paris-saint-germain-ira-de-gira-a-japon-para-preparar-pretemporada-2023-24\\\/#primaryimage\",\"url\":\"https:\\\/\\\/www.cope.es\\\/blogs\\\/derosca\\\/wp-content\\\/uploads\\\/sites\\\/22\\\/2023\\\/04\\\/6814300.jpg\",\"contentUrl\":\"https:\\\/\\\/www.cope.es\\\/blogs\\\/derosca\\\/wp-content\\\/uploads\\\/sites\\\/22\\\/2023\\\/04\\\/6814300.jpg\",\"width\":680,\"height\":383,\"caption\":\"Paris Saint-Germain ira de gira a Jap\u00f3n para preparar Pretemporada 2023 - 24\"},{\"@type\":\"BreadcrumbList\",\"@id\":\"https:\\\/\\\/www.cope.es\\\/blogs\\\/derosca\\\/2023\\\/04\\\/19\\\/paris-saint-germain-ira-de-gira-a-japon-para-preparar-pretemporada-2023-24\\\/#breadcrumb\",\"itemListElement\":[{\"@type\":\"ListItem\",\"position\":1,\"name\":\"Portada\",\"item\":\"https:\\\/\\\/www.cope.es\\\/blogs\\\/derosca\\\/\"},{\"@type\":\"ListItem\",\"position\":2,\"name\":\"Paris Saint-Germain ira de gira a Jap\u00f3n para preparar Pretemporada 2023 &#8211; 24\"}]},{\"@type\":\"WebSite\",\"@id\":\"https:\\\/\\\/www.cope.es\\\/blogs\\\/derosca\\\/#website\",\"url\":\"https:\\\/\\\/www.cope.es\\\/blogs\\\/derosca\\\/\",\"name\":\"Derosca\",\"description\":\"Blog de balonmano COPE\",\"potentialAction\":[{\"@type\":\"SearchAction\",\"target\":{\"@type\":\"EntryPoint\",\"urlTemplate\":\"https:\\\/\\\/www.cope.es\\\/blogs\\\/derosca\\\/?s={search_term_string}\"},\"query-input\":{\"@type\":\"PropertyValueSpecification\",\"valueRequired\":true,\"valueName\":\"search_term_string\"}}],\"inLanguage\":\"es\"},{\"@type\":\"Person\",\"@id\":\"https:\\\/\\\/www.cope.es\\\/blogs\\\/derosca\\\/#\\\/schema\\\/person\\\/02d6fa6fa8d8db60f83303875a4ff77f\",\"name\":\"Luis Malvar\",\"image\":{\"@type\":\"ImageObject\",\"inLanguage\":\"es\",\"@id\":\"https:\\\/\\\/secure.gravatar.com\\\/avatar\\\/23cd47dec2904689b3ccd32d1dd3e86c7cbf60dcf7376c68854f761a4939534f?s=96&d=mm&r=g\",\"url\":\"https:\\\/\\\/secure.gravatar.com\\\/avatar\\\/23cd47dec2904689b3ccd32d1dd3e86c7cbf60dcf7376c68854f761a4939534f?s=96&d=mm&r=g\",\"contentUrl\":\"https:\\\/\\\/secure.gravatar.com\\\/avatar\\\/23cd47dec2904689b3ccd32d1dd3e86c7cbf60dcf7376c68854f761a4939534f?s=96&d=mm&r=g\",\"caption\":\"Luis Malvar\"},\"description\":\"Comenc\u00e9 la andadura del Blog Derosca all\u00e1 por el 22 de Mayo de 2008. Un blog en el que se trata de llevar a los numerosos aficionados y amantes del mundo del balonmano toda la actualidad de nuestro apasionante deporte. Una ventana que sirve para dar luz a las innumerables noticias que genera el balonmano y que habitualmente no tienen reflejo en los medios de comunicaci\u00f3n. Sin lugar a dudas el Blog Derosca cuenta con un apartado que tiene a gala contar con miles de seguidores como es \u201cMis Pajaritos\u201d en donde se relatan y narran todas las intrahistorias que se generan en el balonmano espa\u00f1ol y que incomoda a m\u00e1s de uno que salgan a la luz.!Gracias por seguirnos durante todos estos a\u00f1os\u00a1\",\"sameAs\":[\"http:\\\/\\\/www.cope.es\",\"lmalvar\"],\"url\":\"https:\\\/\\\/www.cope.es\\\/blogs\\\/derosca\\\/author\\\/lmalvar\\\/\"}]}<\/script>\n<!-- \/ Yoast SEO plugin. -->","yoast_head_json":{"title":"Paris Saint-Germain ira de gira a Jap\u00f3n para preparar Pretemporada 2023 - 24 - Derosca","robots":{"index":"index","follow":"follow","max-snippet":"max-snippet:-1","max-image-preview":"max-image-preview:large","max-video-preview":"max-video-preview:-1"},"canonical":"https:\/\/www.cope.es\/blogs\/derosca\/2023\/04\/19\/paris-saint-germain-ira-de-gira-a-japon-para-preparar-pretemporada-2023-24\/","og_locale":"es_ES","og_type":"article","og_title":"Paris Saint-Germain ira de gira a Jap\u00f3n para preparar Pretemporada 2023 - 24 - Derosca","og_description":"El Paris Saint-Germain anunci\u00f3 hace unas fechas que el primer equipo realizar\u00e1 parte de su preparaci\u00f3n de pretemporada 2023 &#8211; 24 en Jap\u00f3n este pr\u00f3ximo verano. Esta ser\u00e1 la primera gira del club parisino en el Este de Asia, que se realizar\u00e1 del26 de Julio al 3 de Agosto. Durante su estancia en Tokio, los [&hellip;]","og_url":"https:\/\/www.cope.es\/blogs\/derosca\/2023\/04\/19\/paris-saint-germain-ira-de-gira-a-japon-para-preparar-pretemporada-2023-24\/","og_site_name":"Derosca","article_publisher":"https:\/\/www.facebook.com\/cope\/","article_published_time":"2023-04-19T07:13:08+00:00","og_image":[{"width":680,"height":383,"url":"https:\/\/www.cope.es\/blogs\/derosca\/wp-content\/uploads\/sites\/22\/2023\/04\/6814300.jpg","type":"image\/jpeg"}],"author":"Luis Malvar","twitter_card":"summary_large_image","twitter_creator":"@cope_es","twitter_site":"@cope_es","twitter_misc":{"Escrito por":"Luis Malvar","Tiempo de lectura":"1 minuto"},"schema":{"@context":"https:\/\/schema.org","@graph":[{"@type":"Article","@id":"https:\/\/www.cope.es\/blogs\/derosca\/2023\/04\/19\/paris-saint-germain-ira-de-gira-a-japon-para-preparar-pretemporada-2023-24\/#article","isPartOf":{"@id":"https:\/\/www.cope.es\/blogs\/derosca\/2023\/04\/19\/paris-saint-germain-ira-de-gira-a-japon-para-preparar-pretemporada-2023-24\/"},"author":{"name":"Luis Malvar","@id":"https:\/\/www.cope.es\/blogs\/derosca\/#\/schema\/person\/02d6fa6fa8d8db60f83303875a4ff77f"},"headline":"Paris Saint-Germain ira de gira a Jap\u00f3n para preparar Pretemporada 2023 &#8211; 24","datePublished":"2023-04-19T07:13:08+00:00","mainEntityOfPage":{"@id":"https:\/\/www.cope.es\/blogs\/derosca\/2023\/04\/19\/paris-saint-germain-ira-de-gira-a-japon-para-preparar-pretemporada-2023-24\/"},"wordCount":265,"commentCount":0,"image":{"@id":"https:\/\/www.cope.es\/blogs\/derosca\/2023\/04\/19\/paris-saint-germain-ira-de-gira-a-japon-para-preparar-pretemporada-2023-24\/#primaryimage"},"thumbnailUrl":"https:\/\/www.cope.es\/blogs\/derosca\/wp-content\/uploads\/sites\/22\/2023\/04\/6814300.jpg","articleSection":["Balonmano"],"inLanguage":"es","potentialAction":[{"@type":"CommentAction","name":"Comment","target":["https:\/\/www.cope.es\/blogs\/derosca\/2023\/04\/19\/paris-saint-germain-ira-de-gira-a-japon-para-preparar-pretemporada-2023-24\/#respond"]}]},{"@type":"WebPage","@id":"https:\/\/www.cope.es\/blogs\/derosca\/2023\/04\/19\/paris-saint-germain-ira-de-gira-a-japon-para-preparar-pretemporada-2023-24\/","url":"https:\/\/www.cope.es\/blogs\/derosca\/2023\/04\/19\/paris-saint-germain-ira-de-gira-a-japon-para-preparar-pretemporada-2023-24\/","name":"Paris Saint-Germain ira de gira a Jap\u00f3n para preparar Pretemporada 2023 - 24 - Derosca","isPartOf":{"@id":"https:\/\/www.cope.es\/blogs\/derosca\/#website"},"primaryImageOfPage":{"@id":"https:\/\/www.cope.es\/blogs\/derosca\/2023\/04\/19\/paris-saint-germain-ira-de-gira-a-japon-para-preparar-pretemporada-2023-24\/#primaryimage"},"image":{"@id":"https:\/\/www.cope.es\/blogs\/derosca\/2023\/04\/19\/paris-saint-germain-ira-de-gira-a-japon-para-preparar-pretemporada-2023-24\/#primaryimage"},"thumbnailUrl":"https:\/\/www.cope.es\/blogs\/derosca\/wp-content\/uploads\/sites\/22\/2023\/04\/6814300.jpg","datePublished":"2023-04-19T07:13:08+00:00","author":{"@id":"https:\/\/www.cope.es\/blogs\/derosca\/#\/schema\/person\/02d6fa6fa8d8db60f83303875a4ff77f"},"breadcrumb":{"@id":"https:\/\/www.cope.es\/blogs\/derosca\/2023\/04\/19\/paris-saint-germain-ira-de-gira-a-japon-para-preparar-pretemporada-2023-24\/#breadcrumb"},"inLanguage":"es","potentialAction":[{"@type":"ReadAction","target":["https:\/\/www.cope.es\/blogs\/derosca\/2023\/04\/19\/paris-saint-germain-ira-de-gira-a-japon-para-preparar-pretemporada-2023-24\/"]}]},{"@type":"ImageObject","inLanguage":"es","@id":"https:\/\/www.cope.es\/blogs\/derosca\/2023\/04\/19\/paris-saint-germain-ira-de-gira-a-japon-para-preparar-pretemporada-2023-24\/#primaryimage","url":"https:\/\/www.cope.es\/blogs\/derosca\/wp-content\/uploads\/sites\/22\/2023\/04\/6814300.jpg","contentUrl":"https:\/\/www.cope.es\/blogs\/derosca\/wp-content\/uploads\/sites\/22\/2023\/04\/6814300.jpg","width":680,"height":383,"caption":"Paris Saint-Germain ira de gira a Jap\u00f3n para preparar Pretemporada 2023 - 24"},{"@type":"BreadcrumbList","@id":"https:\/\/www.cope.es\/blogs\/derosca\/2023\/04\/19\/paris-saint-germain-ira-de-gira-a-japon-para-preparar-pretemporada-2023-24\/#breadcrumb","itemListElement":[{"@type":"ListItem","position":1,"name":"Portada","item":"https:\/\/www.cope.es\/blogs\/derosca\/"},{"@type":"ListItem","position":2,"name":"Paris Saint-Germain ira de gira a Jap\u00f3n para preparar Pretemporada 2023 &#8211; 24"}]},{"@type":"WebSite","@id":"https:\/\/www.cope.es\/blogs\/derosca\/#website","url":"https:\/\/www.cope.es\/blogs\/derosca\/","name":"Derosca","description":"Blog de balonmano COPE","potentialAction":[{"@type":"SearchAction","target":{"@type":"EntryPoint","urlTemplate":"https:\/\/www.cope.es\/blogs\/derosca\/?s={search_term_string}"},"query-input":{"@type":"PropertyValueSpecification","valueRequired":true,"valueName":"search_term_string"}}],"inLanguage":"es"},{"@type":"Person","@id":"https:\/\/www.cope.es\/blogs\/derosca\/#\/schema\/person\/02d6fa6fa8d8db60f83303875a4ff77f","name":"Luis Malvar","image":{"@type":"ImageObject","inLanguage":"es","@id":"https:\/\/secure.gravatar.com\/avatar\/23cd47dec2904689b3ccd32d1dd3e86c7cbf60dcf7376c68854f761a4939534f?s=96&d=mm&r=g","url":"https:\/\/secure.gravatar.com\/avatar\/23cd47dec2904689b3ccd32d1dd3e86c7cbf60dcf7376c68854f761a4939534f?s=96&d=mm&r=g","contentUrl":"https:\/\/secure.gravatar.com\/avatar\/23cd47dec2904689b3ccd32d1dd3e86c7cbf60dcf7376c68854f761a4939534f?s=96&d=mm&r=g","caption":"Luis Malvar"},"description":"Comenc\u00e9 la andadura del Blog Derosca all\u00e1 por el 22 de Mayo de 2008. Un blog en el que se trata de llevar a los numerosos aficionados y amantes del mundo del balonmano toda la actualidad de nuestro apasionante deporte. Una ventana que sirve para dar luz a las innumerables noticias que genera el balonmano y que habitualmente no tienen reflejo en los medios de comunicaci\u00f3n. Sin lugar a dudas el Blog Derosca cuenta con un apartado que tiene a gala contar con miles de seguidores como es \u201cMis Pajaritos\u201d en donde se relatan y narran todas las intrahistorias que se generan en el balonmano espa\u00f1ol y que incomoda a m\u00e1s de uno que salgan a la luz.!Gracias por seguirnos durante todos estos a\u00f1os\u00a1","sameAs":["http:\/\/www.cope.es","lmalvar"],"url":"https:\/\/www.cope.es\/blogs\/derosca\/author\/lmalvar\/"}]}},"amp_enabled":true,"_links":{"self":[{"href":"https:\/\/www.cope.es\/blogs\/derosca\/wp-json\/wp\/v2\/posts\/3257","targetHints":{"allow":["GET"]}}],"collection":[{"href":"https:\/\/www.cope.es\/blogs\/derosca\/wp-json\/wp\/v2\/posts"}],"about":[{"href":"https:\/\/www.cope.es\/blogs\/derosca\/wp-json\/wp\/v2\/types\/post"}],"author":[{"embeddable":true,"href":"https:\/\/www.cope.es\/blogs\/derosca\/wp-json\/wp\/v2\/users\/23"}],"replies":[{"embeddable":true,"href":"https:\/\/www.cope.es\/blogs\/derosca\/wp-json\/wp\/v2\/comments?post=3257"}],"version-history":[{"count":2,"href":"https:\/\/www.cope.es\/blogs\/derosca\/wp-json\/wp\/v2\/posts\/3257\/revisions"}],"predecessor-version":[{"id":3260,"href":"https:\/\/www.cope.es\/blogs\/derosca\/wp-json\/wp\/v2\/posts\/3257\/revisions\/3260"}],"wp:featuredmedia":[{"embeddable":true,"href":"https:\/\/www.cope.es\/blogs\/derosca\/wp-json\/wp\/v2\/media\/3258"}],"wp:attachment":[{"href":"https:\/\/www.cope.es\/blogs\/derosca\/wp-json\/wp\/v2\/media?parent=3257"}],"wp:term":[{"taxonomy":"category","embeddable":true,"href":"https:\/\/www.cope.es\/blogs\/derosca\/wp-json\/wp\/v2\/categories?post=3257"},{"taxonomy":"post_tag","embeddable":true,"href":"https:\/\/www.cope.es\/blogs\/derosca\/wp-json\/wp\/v2\/tags?post=3257"}],"curies":[{"name":"wp","href":"https:\/\/api.w.org\/{rel}","templated":true}]}}