{"id":3227,"date":"2023-03-30T09:36:32","date_gmt":"2023-03-30T07:36:32","guid":{"rendered":"http:\/\/www.cope.es\/blogs\/derosca\/?p=3227"},"modified":"2023-03-30T09:36:32","modified_gmt":"2023-03-30T07:36:32","slug":"el-trofeo-campeones-de-francia-se-jugara-en-septiembre-en-el-glaz-de-cesson","status":"publish","type":"post","link":"https:\/\/www.cope.es\/blogs\/derosca\/2023\/03\/30\/el-trofeo-campeones-de-francia-se-jugara-en-septiembre-en-el-glaz-de-cesson\/","title":{"rendered":"El Trofeo Campeones de Francia se jugar\u00e1 en Septiembre en el Glaz de Cesson"},"content":{"rendered":"<p>Despu\u00e9s que se disputara en Futuroscope el pasado mes de Septiembre, el Champions Trophy ir\u00e1 un poco m\u00e1s al oeste de Francia la pr\u00f3xima temporada para comenzar la temporada en Francia.<\/p>\n<p>El Comit\u00e9 Directivo de la Liaga de Francia (LNH) ha aceptado la candidatura del club Cesson Rennes M\u00e9tropole para albergar la 12\u00aa edici\u00f3n del Troph\u00e9e des Champions que enfrentar\u00e1 al Campe\u00f3n de la Liqui Moly StarLigue contra el ganador de la Coupe de France el S\u00e1bado 2 de septiembre en La Glaz. .<\/p>\n<p>David Tebib, Presidente de la LNH ha comentado que la calidad de la oferta de balonmano Cesson-Rennes M\u00e9tropole y la motivaci\u00f3n expresada por el club les convencieron de que el GLAZ ARENA era el destino correcto esta temporada. Es un Arena reciente y moderno que ofrece todas las herramientas para garantizar un buen espect\u00e1culo, el club est\u00e1 en pleno desarrollo, acogi\u00f3 un partido internacional femenino en Octubre pasado y esperan que la coorganizaci\u00f3n de un evento como el Troph\u00e9e des Champions permita que contin\u00faen su desarrollo.<\/p>\n<p>El Presidente Cesson-Rennes, St\u00e9phane Clemenceau, dijo que est\u00e1n encantados de poder albergar el Troph\u00e9e des Champions en el GLAZ ARENA. Es una muestra de confianza muy bonita por parte de la LNH hacia el club y tras la acogida del equipo femenino franc\u00e9s el pasado mes de Octubre, es un nuevo evento muy bonito que se avecina en suelo bret\u00f3n para todos los aficionados al deporte del balonmano. Muchas gracias al Comit\u00e9 Organizador por elegir a Cesson Rennes M\u00e9tropole Handball para el lanzamiento oficial de la Temporada 2023 &#8211; 24.<\/p>\n<p>Seguirnos en twitter: <a href=\"https:\/\/twitter.com\/#!\/deroscacope\">https:\/\/twitter.com\/#!\/deroscacope<\/a><\/p>\n","protected":false},"excerpt":{"rendered":"<p>Despu\u00e9s que se disputara en Futuroscope el pasado mes de Septiembre, el Champions Trophy ir\u00e1 un poco m\u00e1s al oeste de Francia la pr\u00f3xima temporada para comenzar la temporada en Francia. El Comit\u00e9 Directivo de la Liaga de Francia (LNH) ha aceptado la candidatura del club Cesson Rennes M\u00e9tropole para albergar la 12\u00aa edici\u00f3n del [&hellip;]<\/p>\n","protected":false},"author":23,"featured_media":3228,"comment_status":"open","ping_status":"open","sticky":false,"template":"","format":"standard","meta":{"footnotes":""},"categories":[3],"tags":[],"class_list":["post-3227","post","type-post","status-publish","format-standard","has-post-thumbnail","hentry","category-balonmano"],"yoast_head":"<!-- This site is optimized with the Yoast SEO plugin v27.4 - https:\/\/yoast.com\/product\/yoast-seo-wordpress\/ -->\n<title>El Trofeo Campeones de Francia se jugar\u00e1 en Septiembre en el Glaz de Cesson - Derosca<\/title>\n<meta name=\"robots\" content=\"index, follow, max-snippet:-1, max-image-preview:large, max-video-preview:-1\" \/>\n<link rel=\"canonical\" href=\"https:\/\/www.cope.es\/blogs\/derosca\/2023\/03\/30\/el-trofeo-campeones-de-francia-se-jugara-en-septiembre-en-el-glaz-de-cesson\/\" \/>\n<meta property=\"og:locale\" content=\"es_ES\" \/>\n<meta property=\"og:type\" content=\"article\" \/>\n<meta property=\"og:title\" content=\"El Trofeo Campeones de Francia se jugar\u00e1 en Septiembre en el Glaz de Cesson - Derosca\" \/>\n<meta property=\"og:description\" content=\"Despu\u00e9s que se disputara en Futuroscope el pasado mes de Septiembre, el Champions Trophy ir\u00e1 un poco m\u00e1s al oeste de Francia la pr\u00f3xima temporada para comenzar la temporada en Francia. El Comit\u00e9 Directivo de la Liaga de Francia (LNH) ha aceptado la candidatura del club Cesson Rennes M\u00e9tropole para albergar la 12\u00aa edici\u00f3n del [&hellip;]\" \/>\n<meta property=\"og:url\" content=\"https:\/\/www.cope.es\/blogs\/derosca\/2023\/03\/30\/el-trofeo-campeones-de-francia-se-jugara-en-septiembre-en-el-glaz-de-cesson\/\" \/>\n<meta property=\"og:site_name\" content=\"Derosca\" \/>\n<meta property=\"article:publisher\" content=\"https:\/\/www.facebook.com\/cope\/\" \/>\n<meta property=\"article:published_time\" content=\"2023-03-30T07:36:32+00:00\" \/>\n<meta property=\"og:image\" content=\"https:\/\/www.cope.es\/blogs\/derosca\/wp-content\/uploads\/sites\/22\/2023\/03\/match-de-handball-du.jpg\" \/>\n\t<meta property=\"og:image:width\" content=\"680\" \/>\n\t<meta property=\"og:image:height\" content=\"312\" \/>\n\t<meta property=\"og:image:type\" content=\"image\/jpeg\" \/>\n<meta name=\"author\" content=\"Luis Malvar\" \/>\n<meta name=\"twitter:card\" content=\"summary_large_image\" \/>\n<meta name=\"twitter:creator\" content=\"@cope_es\" \/>\n<meta name=\"twitter:site\" content=\"@cope_es\" \/>\n<meta name=\"twitter:label1\" content=\"Escrito por\" \/>\n\t<meta name=\"twitter:data1\" content=\"Luis Malvar\" \/>\n\t<meta name=\"twitter:label2\" content=\"Tiempo de lectura\" \/>\n\t<meta name=\"twitter:data2\" content=\"1 minuto\" \/>\n<script type=\"application\/ld+json\" class=\"yoast-schema-graph\">{\"@context\":\"https:\\\/\\\/schema.org\",\"@graph\":[{\"@type\":\"Article\",\"@id\":\"https:\\\/\\\/www.cope.es\\\/blogs\\\/derosca\\\/2023\\\/03\\\/30\\\/el-trofeo-campeones-de-francia-se-jugara-en-septiembre-en-el-glaz-de-cesson\\\/#article\",\"isPartOf\":{\"@id\":\"https:\\\/\\\/www.cope.es\\\/blogs\\\/derosca\\\/2023\\\/03\\\/30\\\/el-trofeo-campeones-de-francia-se-jugara-en-septiembre-en-el-glaz-de-cesson\\\/\"},\"author\":{\"name\":\"Luis Malvar\",\"@id\":\"https:\\\/\\\/www.cope.es\\\/blogs\\\/derosca\\\/#\\\/schema\\\/person\\\/02d6fa6fa8d8db60f83303875a4ff77f\"},\"headline\":\"El Trofeo Campeones de Francia se jugar\u00e1 en Septiembre en el Glaz de Cesson\",\"datePublished\":\"2023-03-30T07:36:32+00:00\",\"mainEntityOfPage\":{\"@id\":\"https:\\\/\\\/www.cope.es\\\/blogs\\\/derosca\\\/2023\\\/03\\\/30\\\/el-trofeo-campeones-de-francia-se-jugara-en-septiembre-en-el-glaz-de-cesson\\\/\"},\"wordCount\":296,\"commentCount\":0,\"image\":{\"@id\":\"https:\\\/\\\/www.cope.es\\\/blogs\\\/derosca\\\/2023\\\/03\\\/30\\\/el-trofeo-campeones-de-francia-se-jugara-en-septiembre-en-el-glaz-de-cesson\\\/#primaryimage\"},\"thumbnailUrl\":\"https:\\\/\\\/www.cope.es\\\/blogs\\\/derosca\\\/wp-content\\\/uploads\\\/sites\\\/22\\\/2023\\\/03\\\/match-de-handball-du.jpg\",\"articleSection\":[\"Balonmano\"],\"inLanguage\":\"es\",\"potentialAction\":[{\"@type\":\"CommentAction\",\"name\":\"Comment\",\"target\":[\"https:\\\/\\\/www.cope.es\\\/blogs\\\/derosca\\\/2023\\\/03\\\/30\\\/el-trofeo-campeones-de-francia-se-jugara-en-septiembre-en-el-glaz-de-cesson\\\/#respond\"]}]},{\"@type\":\"WebPage\",\"@id\":\"https:\\\/\\\/www.cope.es\\\/blogs\\\/derosca\\\/2023\\\/03\\\/30\\\/el-trofeo-campeones-de-francia-se-jugara-en-septiembre-en-el-glaz-de-cesson\\\/\",\"url\":\"https:\\\/\\\/www.cope.es\\\/blogs\\\/derosca\\\/2023\\\/03\\\/30\\\/el-trofeo-campeones-de-francia-se-jugara-en-septiembre-en-el-glaz-de-cesson\\\/\",\"name\":\"El Trofeo Campeones de Francia se jugar\u00e1 en Septiembre en el Glaz de Cesson - Derosca\",\"isPartOf\":{\"@id\":\"https:\\\/\\\/www.cope.es\\\/blogs\\\/derosca\\\/#website\"},\"primaryImageOfPage\":{\"@id\":\"https:\\\/\\\/www.cope.es\\\/blogs\\\/derosca\\\/2023\\\/03\\\/30\\\/el-trofeo-campeones-de-francia-se-jugara-en-septiembre-en-el-glaz-de-cesson\\\/#primaryimage\"},\"image\":{\"@id\":\"https:\\\/\\\/www.cope.es\\\/blogs\\\/derosca\\\/2023\\\/03\\\/30\\\/el-trofeo-campeones-de-francia-se-jugara-en-septiembre-en-el-glaz-de-cesson\\\/#primaryimage\"},\"thumbnailUrl\":\"https:\\\/\\\/www.cope.es\\\/blogs\\\/derosca\\\/wp-content\\\/uploads\\\/sites\\\/22\\\/2023\\\/03\\\/match-de-handball-du.jpg\",\"datePublished\":\"2023-03-30T07:36:32+00:00\",\"author\":{\"@id\":\"https:\\\/\\\/www.cope.es\\\/blogs\\\/derosca\\\/#\\\/schema\\\/person\\\/02d6fa6fa8d8db60f83303875a4ff77f\"},\"breadcrumb\":{\"@id\":\"https:\\\/\\\/www.cope.es\\\/blogs\\\/derosca\\\/2023\\\/03\\\/30\\\/el-trofeo-campeones-de-francia-se-jugara-en-septiembre-en-el-glaz-de-cesson\\\/#breadcrumb\"},\"inLanguage\":\"es\",\"potentialAction\":[{\"@type\":\"ReadAction\",\"target\":[\"https:\\\/\\\/www.cope.es\\\/blogs\\\/derosca\\\/2023\\\/03\\\/30\\\/el-trofeo-campeones-de-francia-se-jugara-en-septiembre-en-el-glaz-de-cesson\\\/\"]}]},{\"@type\":\"ImageObject\",\"inLanguage\":\"es\",\"@id\":\"https:\\\/\\\/www.cope.es\\\/blogs\\\/derosca\\\/2023\\\/03\\\/30\\\/el-trofeo-campeones-de-francia-se-jugara-en-septiembre-en-el-glaz-de-cesson\\\/#primaryimage\",\"url\":\"https:\\\/\\\/www.cope.es\\\/blogs\\\/derosca\\\/wp-content\\\/uploads\\\/sites\\\/22\\\/2023\\\/03\\\/match-de-handball-du.jpg\",\"contentUrl\":\"https:\\\/\\\/www.cope.es\\\/blogs\\\/derosca\\\/wp-content\\\/uploads\\\/sites\\\/22\\\/2023\\\/03\\\/match-de-handball-du.jpg\",\"width\":680,\"height\":312,\"caption\":\"El Trofeo Campeones de Francia se jugar\u00e1 en Septiembre en el Glaz de Cesson\"},{\"@type\":\"BreadcrumbList\",\"@id\":\"https:\\\/\\\/www.cope.es\\\/blogs\\\/derosca\\\/2023\\\/03\\\/30\\\/el-trofeo-campeones-de-francia-se-jugara-en-septiembre-en-el-glaz-de-cesson\\\/#breadcrumb\",\"itemListElement\":[{\"@type\":\"ListItem\",\"position\":1,\"name\":\"Portada\",\"item\":\"https:\\\/\\\/www.cope.es\\\/blogs\\\/derosca\\\/\"},{\"@type\":\"ListItem\",\"position\":2,\"name\":\"El Trofeo Campeones de Francia se jugar\u00e1 en Septiembre en el Glaz de Cesson\"}]},{\"@type\":\"WebSite\",\"@id\":\"https:\\\/\\\/www.cope.es\\\/blogs\\\/derosca\\\/#website\",\"url\":\"https:\\\/\\\/www.cope.es\\\/blogs\\\/derosca\\\/\",\"name\":\"Derosca\",\"description\":\"Blog de balonmano COPE\",\"potentialAction\":[{\"@type\":\"SearchAction\",\"target\":{\"@type\":\"EntryPoint\",\"urlTemplate\":\"https:\\\/\\\/www.cope.es\\\/blogs\\\/derosca\\\/?s={search_term_string}\"},\"query-input\":{\"@type\":\"PropertyValueSpecification\",\"valueRequired\":true,\"valueName\":\"search_term_string\"}}],\"inLanguage\":\"es\"},{\"@type\":\"Person\",\"@id\":\"https:\\\/\\\/www.cope.es\\\/blogs\\\/derosca\\\/#\\\/schema\\\/person\\\/02d6fa6fa8d8db60f83303875a4ff77f\",\"name\":\"Luis Malvar\",\"image\":{\"@type\":\"ImageObject\",\"inLanguage\":\"es\",\"@id\":\"https:\\\/\\\/secure.gravatar.com\\\/avatar\\\/23cd47dec2904689b3ccd32d1dd3e86c7cbf60dcf7376c68854f761a4939534f?s=96&d=mm&r=g\",\"url\":\"https:\\\/\\\/secure.gravatar.com\\\/avatar\\\/23cd47dec2904689b3ccd32d1dd3e86c7cbf60dcf7376c68854f761a4939534f?s=96&d=mm&r=g\",\"contentUrl\":\"https:\\\/\\\/secure.gravatar.com\\\/avatar\\\/23cd47dec2904689b3ccd32d1dd3e86c7cbf60dcf7376c68854f761a4939534f?s=96&d=mm&r=g\",\"caption\":\"Luis Malvar\"},\"description\":\"Comenc\u00e9 la andadura del Blog Derosca all\u00e1 por el 22 de Mayo de 2008. Un blog en el que se trata de llevar a los numerosos aficionados y amantes del mundo del balonmano toda la actualidad de nuestro apasionante deporte. Una ventana que sirve para dar luz a las innumerables noticias que genera el balonmano y que habitualmente no tienen reflejo en los medios de comunicaci\u00f3n. Sin lugar a dudas el Blog Derosca cuenta con un apartado que tiene a gala contar con miles de seguidores como es \u201cMis Pajaritos\u201d en donde se relatan y narran todas las intrahistorias que se generan en el balonmano espa\u00f1ol y que incomoda a m\u00e1s de uno que salgan a la luz.!Gracias por seguirnos durante todos estos a\u00f1os\u00a1\",\"sameAs\":[\"http:\\\/\\\/www.cope.es\",\"lmalvar\"],\"url\":\"https:\\\/\\\/www.cope.es\\\/blogs\\\/derosca\\\/author\\\/lmalvar\\\/\"}]}<\/script>\n<!-- \/ Yoast SEO plugin. -->","yoast_head_json":{"title":"El Trofeo Campeones de Francia se jugar\u00e1 en Septiembre en el Glaz de Cesson - Derosca","robots":{"index":"index","follow":"follow","max-snippet":"max-snippet:-1","max-image-preview":"max-image-preview:large","max-video-preview":"max-video-preview:-1"},"canonical":"https:\/\/www.cope.es\/blogs\/derosca\/2023\/03\/30\/el-trofeo-campeones-de-francia-se-jugara-en-septiembre-en-el-glaz-de-cesson\/","og_locale":"es_ES","og_type":"article","og_title":"El Trofeo Campeones de Francia se jugar\u00e1 en Septiembre en el Glaz de Cesson - Derosca","og_description":"Despu\u00e9s que se disputara en Futuroscope el pasado mes de Septiembre, el Champions Trophy ir\u00e1 un poco m\u00e1s al oeste de Francia la pr\u00f3xima temporada para comenzar la temporada en Francia. El Comit\u00e9 Directivo de la Liaga de Francia (LNH) ha aceptado la candidatura del club Cesson Rennes M\u00e9tropole para albergar la 12\u00aa edici\u00f3n del [&hellip;]","og_url":"https:\/\/www.cope.es\/blogs\/derosca\/2023\/03\/30\/el-trofeo-campeones-de-francia-se-jugara-en-septiembre-en-el-glaz-de-cesson\/","og_site_name":"Derosca","article_publisher":"https:\/\/www.facebook.com\/cope\/","article_published_time":"2023-03-30T07:36:32+00:00","og_image":[{"width":680,"height":312,"url":"https:\/\/www.cope.es\/blogs\/derosca\/wp-content\/uploads\/sites\/22\/2023\/03\/match-de-handball-du.jpg","type":"image\/jpeg"}],"author":"Luis Malvar","twitter_card":"summary_large_image","twitter_creator":"@cope_es","twitter_site":"@cope_es","twitter_misc":{"Escrito por":"Luis Malvar","Tiempo de lectura":"1 minuto"},"schema":{"@context":"https:\/\/schema.org","@graph":[{"@type":"Article","@id":"https:\/\/www.cope.es\/blogs\/derosca\/2023\/03\/30\/el-trofeo-campeones-de-francia-se-jugara-en-septiembre-en-el-glaz-de-cesson\/#article","isPartOf":{"@id":"https:\/\/www.cope.es\/blogs\/derosca\/2023\/03\/30\/el-trofeo-campeones-de-francia-se-jugara-en-septiembre-en-el-glaz-de-cesson\/"},"author":{"name":"Luis Malvar","@id":"https:\/\/www.cope.es\/blogs\/derosca\/#\/schema\/person\/02d6fa6fa8d8db60f83303875a4ff77f"},"headline":"El Trofeo Campeones de Francia se jugar\u00e1 en Septiembre en el Glaz de Cesson","datePublished":"2023-03-30T07:36:32+00:00","mainEntityOfPage":{"@id":"https:\/\/www.cope.es\/blogs\/derosca\/2023\/03\/30\/el-trofeo-campeones-de-francia-se-jugara-en-septiembre-en-el-glaz-de-cesson\/"},"wordCount":296,"commentCount":0,"image":{"@id":"https:\/\/www.cope.es\/blogs\/derosca\/2023\/03\/30\/el-trofeo-campeones-de-francia-se-jugara-en-septiembre-en-el-glaz-de-cesson\/#primaryimage"},"thumbnailUrl":"https:\/\/www.cope.es\/blogs\/derosca\/wp-content\/uploads\/sites\/22\/2023\/03\/match-de-handball-du.jpg","articleSection":["Balonmano"],"inLanguage":"es","potentialAction":[{"@type":"CommentAction","name":"Comment","target":["https:\/\/www.cope.es\/blogs\/derosca\/2023\/03\/30\/el-trofeo-campeones-de-francia-se-jugara-en-septiembre-en-el-glaz-de-cesson\/#respond"]}]},{"@type":"WebPage","@id":"https:\/\/www.cope.es\/blogs\/derosca\/2023\/03\/30\/el-trofeo-campeones-de-francia-se-jugara-en-septiembre-en-el-glaz-de-cesson\/","url":"https:\/\/www.cope.es\/blogs\/derosca\/2023\/03\/30\/el-trofeo-campeones-de-francia-se-jugara-en-septiembre-en-el-glaz-de-cesson\/","name":"El Trofeo Campeones de Francia se jugar\u00e1 en Septiembre en el Glaz de Cesson - Derosca","isPartOf":{"@id":"https:\/\/www.cope.es\/blogs\/derosca\/#website"},"primaryImageOfPage":{"@id":"https:\/\/www.cope.es\/blogs\/derosca\/2023\/03\/30\/el-trofeo-campeones-de-francia-se-jugara-en-septiembre-en-el-glaz-de-cesson\/#primaryimage"},"image":{"@id":"https:\/\/www.cope.es\/blogs\/derosca\/2023\/03\/30\/el-trofeo-campeones-de-francia-se-jugara-en-septiembre-en-el-glaz-de-cesson\/#primaryimage"},"thumbnailUrl":"https:\/\/www.cope.es\/blogs\/derosca\/wp-content\/uploads\/sites\/22\/2023\/03\/match-de-handball-du.jpg","datePublished":"2023-03-30T07:36:32+00:00","author":{"@id":"https:\/\/www.cope.es\/blogs\/derosca\/#\/schema\/person\/02d6fa6fa8d8db60f83303875a4ff77f"},"breadcrumb":{"@id":"https:\/\/www.cope.es\/blogs\/derosca\/2023\/03\/30\/el-trofeo-campeones-de-francia-se-jugara-en-septiembre-en-el-glaz-de-cesson\/#breadcrumb"},"inLanguage":"es","potentialAction":[{"@type":"ReadAction","target":["https:\/\/www.cope.es\/blogs\/derosca\/2023\/03\/30\/el-trofeo-campeones-de-francia-se-jugara-en-septiembre-en-el-glaz-de-cesson\/"]}]},{"@type":"ImageObject","inLanguage":"es","@id":"https:\/\/www.cope.es\/blogs\/derosca\/2023\/03\/30\/el-trofeo-campeones-de-francia-se-jugara-en-septiembre-en-el-glaz-de-cesson\/#primaryimage","url":"https:\/\/www.cope.es\/blogs\/derosca\/wp-content\/uploads\/sites\/22\/2023\/03\/match-de-handball-du.jpg","contentUrl":"https:\/\/www.cope.es\/blogs\/derosca\/wp-content\/uploads\/sites\/22\/2023\/03\/match-de-handball-du.jpg","width":680,"height":312,"caption":"El Trofeo Campeones de Francia se jugar\u00e1 en Septiembre en el Glaz de Cesson"},{"@type":"BreadcrumbList","@id":"https:\/\/www.cope.es\/blogs\/derosca\/2023\/03\/30\/el-trofeo-campeones-de-francia-se-jugara-en-septiembre-en-el-glaz-de-cesson\/#breadcrumb","itemListElement":[{"@type":"ListItem","position":1,"name":"Portada","item":"https:\/\/www.cope.es\/blogs\/derosca\/"},{"@type":"ListItem","position":2,"name":"El Trofeo Campeones de Francia se jugar\u00e1 en Septiembre en el Glaz de Cesson"}]},{"@type":"WebSite","@id":"https:\/\/www.cope.es\/blogs\/derosca\/#website","url":"https:\/\/www.cope.es\/blogs\/derosca\/","name":"Derosca","description":"Blog de balonmano COPE","potentialAction":[{"@type":"SearchAction","target":{"@type":"EntryPoint","urlTemplate":"https:\/\/www.cope.es\/blogs\/derosca\/?s={search_term_string}"},"query-input":{"@type":"PropertyValueSpecification","valueRequired":true,"valueName":"search_term_string"}}],"inLanguage":"es"},{"@type":"Person","@id":"https:\/\/www.cope.es\/blogs\/derosca\/#\/schema\/person\/02d6fa6fa8d8db60f83303875a4ff77f","name":"Luis Malvar","image":{"@type":"ImageObject","inLanguage":"es","@id":"https:\/\/secure.gravatar.com\/avatar\/23cd47dec2904689b3ccd32d1dd3e86c7cbf60dcf7376c68854f761a4939534f?s=96&d=mm&r=g","url":"https:\/\/secure.gravatar.com\/avatar\/23cd47dec2904689b3ccd32d1dd3e86c7cbf60dcf7376c68854f761a4939534f?s=96&d=mm&r=g","contentUrl":"https:\/\/secure.gravatar.com\/avatar\/23cd47dec2904689b3ccd32d1dd3e86c7cbf60dcf7376c68854f761a4939534f?s=96&d=mm&r=g","caption":"Luis Malvar"},"description":"Comenc\u00e9 la andadura del Blog Derosca all\u00e1 por el 22 de Mayo de 2008. Un blog en el que se trata de llevar a los numerosos aficionados y amantes del mundo del balonmano toda la actualidad de nuestro apasionante deporte. Una ventana que sirve para dar luz a las innumerables noticias que genera el balonmano y que habitualmente no tienen reflejo en los medios de comunicaci\u00f3n. Sin lugar a dudas el Blog Derosca cuenta con un apartado que tiene a gala contar con miles de seguidores como es \u201cMis Pajaritos\u201d en donde se relatan y narran todas las intrahistorias que se generan en el balonmano espa\u00f1ol y que incomoda a m\u00e1s de uno que salgan a la luz.!Gracias por seguirnos durante todos estos a\u00f1os\u00a1","sameAs":["http:\/\/www.cope.es","lmalvar"],"url":"https:\/\/www.cope.es\/blogs\/derosca\/author\/lmalvar\/"}]}},"amp_enabled":true,"_links":{"self":[{"href":"https:\/\/www.cope.es\/blogs\/derosca\/wp-json\/wp\/v2\/posts\/3227","targetHints":{"allow":["GET"]}}],"collection":[{"href":"https:\/\/www.cope.es\/blogs\/derosca\/wp-json\/wp\/v2\/posts"}],"about":[{"href":"https:\/\/www.cope.es\/blogs\/derosca\/wp-json\/wp\/v2\/types\/post"}],"author":[{"embeddable":true,"href":"https:\/\/www.cope.es\/blogs\/derosca\/wp-json\/wp\/v2\/users\/23"}],"replies":[{"embeddable":true,"href":"https:\/\/www.cope.es\/blogs\/derosca\/wp-json\/wp\/v2\/comments?post=3227"}],"version-history":[{"count":1,"href":"https:\/\/www.cope.es\/blogs\/derosca\/wp-json\/wp\/v2\/posts\/3227\/revisions"}],"predecessor-version":[{"id":3229,"href":"https:\/\/www.cope.es\/blogs\/derosca\/wp-json\/wp\/v2\/posts\/3227\/revisions\/3229"}],"wp:featuredmedia":[{"embeddable":true,"href":"https:\/\/www.cope.es\/blogs\/derosca\/wp-json\/wp\/v2\/media\/3228"}],"wp:attachment":[{"href":"https:\/\/www.cope.es\/blogs\/derosca\/wp-json\/wp\/v2\/media?parent=3227"}],"wp:term":[{"taxonomy":"category","embeddable":true,"href":"https:\/\/www.cope.es\/blogs\/derosca\/wp-json\/wp\/v2\/categories?post=3227"},{"taxonomy":"post_tag","embeddable":true,"href":"https:\/\/www.cope.es\/blogs\/derosca\/wp-json\/wp\/v2\/tags?post=3227"}],"curies":[{"name":"wp","href":"https:\/\/api.w.org\/{rel}","templated":true}]}}