{"id":3037,"date":"2023-01-09T09:12:46","date_gmt":"2023-01-09T08:12:46","guid":{"rendered":"http:\/\/www.cope.es\/blogs\/derosca\/?p=3037"},"modified":"2023-01-09T09:12:46","modified_gmt":"2023-01-09T08:12:46","slug":"patrocinio-honorario-del-primer-ministro-de-polonia-mateuzs-morawiecki","status":"publish","type":"post","link":"https:\/\/www.cope.es\/blogs\/derosca\/2023\/01\/09\/patrocinio-honorario-del-primer-ministro-de-polonia-mateuzs-morawiecki\/","title":{"rendered":"Patrocinio Honorario del Primer Ministro de Polonia Mateuzs MorawiecKi"},"content":{"rendered":"<p><span style=\"color: #3e3e3e\"><span style=\"font-family: Arial, sans-serif\"><span style=\"font-size: medium\"><span>La Asociaci\u00f3n Polaca de Balonmano ha tenido el honor de recibir y de anunciar hace algunos d\u00edas que el Mundial de Balonmano Masculino 2023 se lleva a cabo bajo el patrocinio honorario del Primer Ministro Mateusz Morawiecki.<\/span><\/span><\/span><\/span><\/p>\n<p><span style=\"color: #3e3e3e\"><span style=\"font-family: Arial, sans-serif\"><span style=\"font-size: medium\"><span>Uno de los mayores eventos de balonmano polaco que comenzar\u00e1 el pr\u00f3ximo 11 de Enero. A partir de ese momento, durante los pr\u00f3ximos 17 d\u00edas, en cuatro pabellones polacos, estar\u00e1n encantados con el balonmano al m\u00e1s alto nivel. El presidente de ZPRP, Henryk Szczepa\u0144ski, ha comentado que Enero de 2023 es un mes que han esperado con ansias. Es un gran honor que el evento, que organizan junto con Suecia, haya recibido el patrocinio del Primer Ministro de la Rep\u00fablica de Polonia. Espera que juntos experimenten hermosas emociones deportivas.<\/span><\/span><\/span><\/span><\/p>\n<p><span style=\"color: #3e3e3e\"><span style=\"font-family: Arial, sans-serif\"><span style=\"font-size: medium\"><span>El equipo de Polonia, dirigido por Patryk Rombel comenzar\u00e1 la Fase de Grupos en el Spodek de Katowice, y en caso de pasar a la Fase Principal, la pr\u00f3xima parada ser\u00e1 el Tauron Arena de Cracovia. Los Cuartos de Final y Semifinales son en Gda\u0144sk y en Ergo Arena. Las medallias del Mundial 2023 de este a\u00f1o se disputar\u00e1n en Estocolmo.<\/span><\/span><\/span><\/span><\/p>\n<p><span style=\"color: #3e3e3e\"><span style=\"font-family: Arial, sans-serif\"><span style=\"font-size: medium\"><span>El Director del Departamento de Campeonatos del Mundial 2023, Grzegorz Gutkowski, matiza que el Mundial ser\u00e1 el mayor evento en la historia del balonmano polaco. Les complace que se lleven a cabo bajo el patrocinio del Primer Ministro de Polonia. Esto demuestra cu\u00e1n importante es el balonmano en el mapa del deporte polaco.<\/span><\/span><\/span><\/span><\/p>\n<p><span style=\"color: #3e3e3e\"><span style=\"font-family: Arial, sans-serif\"><span style=\"font-size: medium\">Seguirnos en twitter: <\/span><\/span><\/span><span style=\"color: #000080\"><span><u><a href=\"https:\/\/twitter.com\/#!\/deroscacope\"><span style=\"color: #0000ff\"><span style=\"font-family: Arial, sans-serif\"><span style=\"font-size: medium\">https:\/\/twitter.com\/#!\/deroscacope<\/span><\/span><\/span><\/a><\/u><\/span><\/span><\/p>\n","protected":false},"excerpt":{"rendered":"<p>La Asociaci\u00f3n Polaca de Balonmano ha tenido el honor de recibir y de anunciar hace algunos d\u00edas que el Mundial de Balonmano Masculino 2023 se lleva a cabo bajo el patrocinio honorario del Primer Ministro Mateusz Morawiecki. Uno de los mayores eventos de balonmano polaco que comenzar\u00e1 el pr\u00f3ximo 11 de Enero. A partir de [&hellip;]<\/p>\n","protected":false},"author":23,"featured_media":3038,"comment_status":"open","ping_status":"open","sticky":false,"template":"","format":"standard","meta":{"footnotes":""},"categories":[3],"tags":[],"class_list":["post-3037","post","type-post","status-publish","format-standard","has-post-thumbnail","hentry","category-balonmano"],"yoast_head":"<!-- This site is optimized with the Yoast SEO plugin v27.4 - https:\/\/yoast.com\/product\/yoast-seo-wordpress\/ -->\n<title>Patrocinio Honorario del Primer Ministro de Polonia Mateuzs MorawiecKi - Derosca<\/title>\n<meta name=\"robots\" content=\"index, follow, max-snippet:-1, max-image-preview:large, max-video-preview:-1\" \/>\n<link rel=\"canonical\" href=\"https:\/\/www.cope.es\/blogs\/derosca\/2023\/01\/09\/patrocinio-honorario-del-primer-ministro-de-polonia-mateuzs-morawiecki\/\" \/>\n<meta property=\"og:locale\" content=\"es_ES\" \/>\n<meta property=\"og:type\" content=\"article\" \/>\n<meta property=\"og:title\" content=\"Patrocinio Honorario del Primer Ministro de Polonia Mateuzs MorawiecKi - Derosca\" \/>\n<meta property=\"og:description\" content=\"La Asociaci\u00f3n Polaca de Balonmano ha tenido el honor de recibir y de anunciar hace algunos d\u00edas que el Mundial de Balonmano Masculino 2023 se lleva a cabo bajo el patrocinio honorario del Primer Ministro Mateusz Morawiecki. Uno de los mayores eventos de balonmano polaco que comenzar\u00e1 el pr\u00f3ximo 11 de Enero. A partir de [&hellip;]\" \/>\n<meta property=\"og:url\" content=\"https:\/\/www.cope.es\/blogs\/derosca\/2023\/01\/09\/patrocinio-honorario-del-primer-ministro-de-polonia-mateuzs-morawiecki\/\" \/>\n<meta property=\"og:site_name\" content=\"Derosca\" \/>\n<meta property=\"article:publisher\" content=\"https:\/\/www.facebook.com\/cope\/\" \/>\n<meta property=\"article:published_time\" content=\"2023-01-09T08:12:46+00:00\" \/>\n<meta property=\"og:image\" content=\"https:\/\/www.cope.es\/blogs\/derosca\/wp-content\/uploads\/sites\/22\/2023\/01\/Xerox-Scan_07122022130114-1-724x1024-1.jpg\" \/>\n\t<meta property=\"og:image:width\" content=\"724\" \/>\n\t<meta property=\"og:image:height\" content=\"1024\" \/>\n\t<meta property=\"og:image:type\" content=\"image\/jpeg\" \/>\n<meta name=\"author\" content=\"Luis Malvar\" \/>\n<meta name=\"twitter:card\" content=\"summary_large_image\" \/>\n<meta name=\"twitter:creator\" content=\"@cope_es\" \/>\n<meta name=\"twitter:site\" content=\"@cope_es\" \/>\n<meta name=\"twitter:label1\" content=\"Escrito por\" \/>\n\t<meta name=\"twitter:data1\" content=\"Luis Malvar\" \/>\n\t<meta name=\"twitter:label2\" content=\"Tiempo de lectura\" \/>\n\t<meta name=\"twitter:data2\" content=\"1 minuto\" \/>\n<script type=\"application\/ld+json\" class=\"yoast-schema-graph\">{\"@context\":\"https:\\\/\\\/schema.org\",\"@graph\":[{\"@type\":\"Article\",\"@id\":\"https:\\\/\\\/www.cope.es\\\/blogs\\\/derosca\\\/2023\\\/01\\\/09\\\/patrocinio-honorario-del-primer-ministro-de-polonia-mateuzs-morawiecki\\\/#article\",\"isPartOf\":{\"@id\":\"https:\\\/\\\/www.cope.es\\\/blogs\\\/derosca\\\/2023\\\/01\\\/09\\\/patrocinio-honorario-del-primer-ministro-de-polonia-mateuzs-morawiecki\\\/\"},\"author\":{\"name\":\"Luis Malvar\",\"@id\":\"https:\\\/\\\/www.cope.es\\\/blogs\\\/derosca\\\/#\\\/schema\\\/person\\\/02d6fa6fa8d8db60f83303875a4ff77f\"},\"headline\":\"Patrocinio Honorario del Primer Ministro de Polonia Mateuzs MorawiecKi\",\"datePublished\":\"2023-01-09T08:12:46+00:00\",\"mainEntityOfPage\":{\"@id\":\"https:\\\/\\\/www.cope.es\\\/blogs\\\/derosca\\\/2023\\\/01\\\/09\\\/patrocinio-honorario-del-primer-ministro-de-polonia-mateuzs-morawiecki\\\/\"},\"wordCount\":264,\"commentCount\":0,\"image\":{\"@id\":\"https:\\\/\\\/www.cope.es\\\/blogs\\\/derosca\\\/2023\\\/01\\\/09\\\/patrocinio-honorario-del-primer-ministro-de-polonia-mateuzs-morawiecki\\\/#primaryimage\"},\"thumbnailUrl\":\"https:\\\/\\\/www.cope.es\\\/blogs\\\/derosca\\\/wp-content\\\/uploads\\\/sites\\\/22\\\/2023\\\/01\\\/Xerox-Scan_07122022130114-1-724x1024-1.jpg\",\"articleSection\":[\"Balonmano\"],\"inLanguage\":\"es\",\"potentialAction\":[{\"@type\":\"CommentAction\",\"name\":\"Comment\",\"target\":[\"https:\\\/\\\/www.cope.es\\\/blogs\\\/derosca\\\/2023\\\/01\\\/09\\\/patrocinio-honorario-del-primer-ministro-de-polonia-mateuzs-morawiecki\\\/#respond\"]}]},{\"@type\":\"WebPage\",\"@id\":\"https:\\\/\\\/www.cope.es\\\/blogs\\\/derosca\\\/2023\\\/01\\\/09\\\/patrocinio-honorario-del-primer-ministro-de-polonia-mateuzs-morawiecki\\\/\",\"url\":\"https:\\\/\\\/www.cope.es\\\/blogs\\\/derosca\\\/2023\\\/01\\\/09\\\/patrocinio-honorario-del-primer-ministro-de-polonia-mateuzs-morawiecki\\\/\",\"name\":\"Patrocinio Honorario del Primer Ministro de Polonia Mateuzs MorawiecKi - Derosca\",\"isPartOf\":{\"@id\":\"https:\\\/\\\/www.cope.es\\\/blogs\\\/derosca\\\/#website\"},\"primaryImageOfPage\":{\"@id\":\"https:\\\/\\\/www.cope.es\\\/blogs\\\/derosca\\\/2023\\\/01\\\/09\\\/patrocinio-honorario-del-primer-ministro-de-polonia-mateuzs-morawiecki\\\/#primaryimage\"},\"image\":{\"@id\":\"https:\\\/\\\/www.cope.es\\\/blogs\\\/derosca\\\/2023\\\/01\\\/09\\\/patrocinio-honorario-del-primer-ministro-de-polonia-mateuzs-morawiecki\\\/#primaryimage\"},\"thumbnailUrl\":\"https:\\\/\\\/www.cope.es\\\/blogs\\\/derosca\\\/wp-content\\\/uploads\\\/sites\\\/22\\\/2023\\\/01\\\/Xerox-Scan_07122022130114-1-724x1024-1.jpg\",\"datePublished\":\"2023-01-09T08:12:46+00:00\",\"author\":{\"@id\":\"https:\\\/\\\/www.cope.es\\\/blogs\\\/derosca\\\/#\\\/schema\\\/person\\\/02d6fa6fa8d8db60f83303875a4ff77f\"},\"breadcrumb\":{\"@id\":\"https:\\\/\\\/www.cope.es\\\/blogs\\\/derosca\\\/2023\\\/01\\\/09\\\/patrocinio-honorario-del-primer-ministro-de-polonia-mateuzs-morawiecki\\\/#breadcrumb\"},\"inLanguage\":\"es\",\"potentialAction\":[{\"@type\":\"ReadAction\",\"target\":[\"https:\\\/\\\/www.cope.es\\\/blogs\\\/derosca\\\/2023\\\/01\\\/09\\\/patrocinio-honorario-del-primer-ministro-de-polonia-mateuzs-morawiecki\\\/\"]}]},{\"@type\":\"ImageObject\",\"inLanguage\":\"es\",\"@id\":\"https:\\\/\\\/www.cope.es\\\/blogs\\\/derosca\\\/2023\\\/01\\\/09\\\/patrocinio-honorario-del-primer-ministro-de-polonia-mateuzs-morawiecki\\\/#primaryimage\",\"url\":\"https:\\\/\\\/www.cope.es\\\/blogs\\\/derosca\\\/wp-content\\\/uploads\\\/sites\\\/22\\\/2023\\\/01\\\/Xerox-Scan_07122022130114-1-724x1024-1.jpg\",\"contentUrl\":\"https:\\\/\\\/www.cope.es\\\/blogs\\\/derosca\\\/wp-content\\\/uploads\\\/sites\\\/22\\\/2023\\\/01\\\/Xerox-Scan_07122022130114-1-724x1024-1.jpg\",\"width\":724,\"height\":1024,\"caption\":\"Patrocinio Honorario del Primer Ministro de Polonia Mateuzs MorawiecKi\"},{\"@type\":\"BreadcrumbList\",\"@id\":\"https:\\\/\\\/www.cope.es\\\/blogs\\\/derosca\\\/2023\\\/01\\\/09\\\/patrocinio-honorario-del-primer-ministro-de-polonia-mateuzs-morawiecki\\\/#breadcrumb\",\"itemListElement\":[{\"@type\":\"ListItem\",\"position\":1,\"name\":\"Portada\",\"item\":\"https:\\\/\\\/www.cope.es\\\/blogs\\\/derosca\\\/\"},{\"@type\":\"ListItem\",\"position\":2,\"name\":\"Patrocinio Honorario del Primer Ministro de Polonia Mateuzs MorawiecKi\"}]},{\"@type\":\"WebSite\",\"@id\":\"https:\\\/\\\/www.cope.es\\\/blogs\\\/derosca\\\/#website\",\"url\":\"https:\\\/\\\/www.cope.es\\\/blogs\\\/derosca\\\/\",\"name\":\"Derosca\",\"description\":\"Blog de balonmano COPE\",\"potentialAction\":[{\"@type\":\"SearchAction\",\"target\":{\"@type\":\"EntryPoint\",\"urlTemplate\":\"https:\\\/\\\/www.cope.es\\\/blogs\\\/derosca\\\/?s={search_term_string}\"},\"query-input\":{\"@type\":\"PropertyValueSpecification\",\"valueRequired\":true,\"valueName\":\"search_term_string\"}}],\"inLanguage\":\"es\"},{\"@type\":\"Person\",\"@id\":\"https:\\\/\\\/www.cope.es\\\/blogs\\\/derosca\\\/#\\\/schema\\\/person\\\/02d6fa6fa8d8db60f83303875a4ff77f\",\"name\":\"Luis Malvar\",\"image\":{\"@type\":\"ImageObject\",\"inLanguage\":\"es\",\"@id\":\"https:\\\/\\\/secure.gravatar.com\\\/avatar\\\/23cd47dec2904689b3ccd32d1dd3e86c7cbf60dcf7376c68854f761a4939534f?s=96&d=mm&r=g\",\"url\":\"https:\\\/\\\/secure.gravatar.com\\\/avatar\\\/23cd47dec2904689b3ccd32d1dd3e86c7cbf60dcf7376c68854f761a4939534f?s=96&d=mm&r=g\",\"contentUrl\":\"https:\\\/\\\/secure.gravatar.com\\\/avatar\\\/23cd47dec2904689b3ccd32d1dd3e86c7cbf60dcf7376c68854f761a4939534f?s=96&d=mm&r=g\",\"caption\":\"Luis Malvar\"},\"description\":\"Comenc\u00e9 la andadura del Blog Derosca all\u00e1 por el 22 de Mayo de 2008. Un blog en el que se trata de llevar a los numerosos aficionados y amantes del mundo del balonmano toda la actualidad de nuestro apasionante deporte. Una ventana que sirve para dar luz a las innumerables noticias que genera el balonmano y que habitualmente no tienen reflejo en los medios de comunicaci\u00f3n. Sin lugar a dudas el Blog Derosca cuenta con un apartado que tiene a gala contar con miles de seguidores como es \u201cMis Pajaritos\u201d en donde se relatan y narran todas las intrahistorias que se generan en el balonmano espa\u00f1ol y que incomoda a m\u00e1s de uno que salgan a la luz.!Gracias por seguirnos durante todos estos a\u00f1os\u00a1\",\"sameAs\":[\"http:\\\/\\\/www.cope.es\",\"lmalvar\"],\"url\":\"https:\\\/\\\/www.cope.es\\\/blogs\\\/derosca\\\/author\\\/lmalvar\\\/\"}]}<\/script>\n<!-- \/ Yoast SEO plugin. -->","yoast_head_json":{"title":"Patrocinio Honorario del Primer Ministro de Polonia Mateuzs MorawiecKi - Derosca","robots":{"index":"index","follow":"follow","max-snippet":"max-snippet:-1","max-image-preview":"max-image-preview:large","max-video-preview":"max-video-preview:-1"},"canonical":"https:\/\/www.cope.es\/blogs\/derosca\/2023\/01\/09\/patrocinio-honorario-del-primer-ministro-de-polonia-mateuzs-morawiecki\/","og_locale":"es_ES","og_type":"article","og_title":"Patrocinio Honorario del Primer Ministro de Polonia Mateuzs MorawiecKi - Derosca","og_description":"La Asociaci\u00f3n Polaca de Balonmano ha tenido el honor de recibir y de anunciar hace algunos d\u00edas que el Mundial de Balonmano Masculino 2023 se lleva a cabo bajo el patrocinio honorario del Primer Ministro Mateusz Morawiecki. Uno de los mayores eventos de balonmano polaco que comenzar\u00e1 el pr\u00f3ximo 11 de Enero. A partir de [&hellip;]","og_url":"https:\/\/www.cope.es\/blogs\/derosca\/2023\/01\/09\/patrocinio-honorario-del-primer-ministro-de-polonia-mateuzs-morawiecki\/","og_site_name":"Derosca","article_publisher":"https:\/\/www.facebook.com\/cope\/","article_published_time":"2023-01-09T08:12:46+00:00","og_image":[{"width":724,"height":1024,"url":"https:\/\/www.cope.es\/blogs\/derosca\/wp-content\/uploads\/sites\/22\/2023\/01\/Xerox-Scan_07122022130114-1-724x1024-1.jpg","type":"image\/jpeg"}],"author":"Luis Malvar","twitter_card":"summary_large_image","twitter_creator":"@cope_es","twitter_site":"@cope_es","twitter_misc":{"Escrito por":"Luis Malvar","Tiempo de lectura":"1 minuto"},"schema":{"@context":"https:\/\/schema.org","@graph":[{"@type":"Article","@id":"https:\/\/www.cope.es\/blogs\/derosca\/2023\/01\/09\/patrocinio-honorario-del-primer-ministro-de-polonia-mateuzs-morawiecki\/#article","isPartOf":{"@id":"https:\/\/www.cope.es\/blogs\/derosca\/2023\/01\/09\/patrocinio-honorario-del-primer-ministro-de-polonia-mateuzs-morawiecki\/"},"author":{"name":"Luis Malvar","@id":"https:\/\/www.cope.es\/blogs\/derosca\/#\/schema\/person\/02d6fa6fa8d8db60f83303875a4ff77f"},"headline":"Patrocinio Honorario del Primer Ministro de Polonia Mateuzs MorawiecKi","datePublished":"2023-01-09T08:12:46+00:00","mainEntityOfPage":{"@id":"https:\/\/www.cope.es\/blogs\/derosca\/2023\/01\/09\/patrocinio-honorario-del-primer-ministro-de-polonia-mateuzs-morawiecki\/"},"wordCount":264,"commentCount":0,"image":{"@id":"https:\/\/www.cope.es\/blogs\/derosca\/2023\/01\/09\/patrocinio-honorario-del-primer-ministro-de-polonia-mateuzs-morawiecki\/#primaryimage"},"thumbnailUrl":"https:\/\/www.cope.es\/blogs\/derosca\/wp-content\/uploads\/sites\/22\/2023\/01\/Xerox-Scan_07122022130114-1-724x1024-1.jpg","articleSection":["Balonmano"],"inLanguage":"es","potentialAction":[{"@type":"CommentAction","name":"Comment","target":["https:\/\/www.cope.es\/blogs\/derosca\/2023\/01\/09\/patrocinio-honorario-del-primer-ministro-de-polonia-mateuzs-morawiecki\/#respond"]}]},{"@type":"WebPage","@id":"https:\/\/www.cope.es\/blogs\/derosca\/2023\/01\/09\/patrocinio-honorario-del-primer-ministro-de-polonia-mateuzs-morawiecki\/","url":"https:\/\/www.cope.es\/blogs\/derosca\/2023\/01\/09\/patrocinio-honorario-del-primer-ministro-de-polonia-mateuzs-morawiecki\/","name":"Patrocinio Honorario del Primer Ministro de Polonia Mateuzs MorawiecKi - Derosca","isPartOf":{"@id":"https:\/\/www.cope.es\/blogs\/derosca\/#website"},"primaryImageOfPage":{"@id":"https:\/\/www.cope.es\/blogs\/derosca\/2023\/01\/09\/patrocinio-honorario-del-primer-ministro-de-polonia-mateuzs-morawiecki\/#primaryimage"},"image":{"@id":"https:\/\/www.cope.es\/blogs\/derosca\/2023\/01\/09\/patrocinio-honorario-del-primer-ministro-de-polonia-mateuzs-morawiecki\/#primaryimage"},"thumbnailUrl":"https:\/\/www.cope.es\/blogs\/derosca\/wp-content\/uploads\/sites\/22\/2023\/01\/Xerox-Scan_07122022130114-1-724x1024-1.jpg","datePublished":"2023-01-09T08:12:46+00:00","author":{"@id":"https:\/\/www.cope.es\/blogs\/derosca\/#\/schema\/person\/02d6fa6fa8d8db60f83303875a4ff77f"},"breadcrumb":{"@id":"https:\/\/www.cope.es\/blogs\/derosca\/2023\/01\/09\/patrocinio-honorario-del-primer-ministro-de-polonia-mateuzs-morawiecki\/#breadcrumb"},"inLanguage":"es","potentialAction":[{"@type":"ReadAction","target":["https:\/\/www.cope.es\/blogs\/derosca\/2023\/01\/09\/patrocinio-honorario-del-primer-ministro-de-polonia-mateuzs-morawiecki\/"]}]},{"@type":"ImageObject","inLanguage":"es","@id":"https:\/\/www.cope.es\/blogs\/derosca\/2023\/01\/09\/patrocinio-honorario-del-primer-ministro-de-polonia-mateuzs-morawiecki\/#primaryimage","url":"https:\/\/www.cope.es\/blogs\/derosca\/wp-content\/uploads\/sites\/22\/2023\/01\/Xerox-Scan_07122022130114-1-724x1024-1.jpg","contentUrl":"https:\/\/www.cope.es\/blogs\/derosca\/wp-content\/uploads\/sites\/22\/2023\/01\/Xerox-Scan_07122022130114-1-724x1024-1.jpg","width":724,"height":1024,"caption":"Patrocinio Honorario del Primer Ministro de Polonia Mateuzs MorawiecKi"},{"@type":"BreadcrumbList","@id":"https:\/\/www.cope.es\/blogs\/derosca\/2023\/01\/09\/patrocinio-honorario-del-primer-ministro-de-polonia-mateuzs-morawiecki\/#breadcrumb","itemListElement":[{"@type":"ListItem","position":1,"name":"Portada","item":"https:\/\/www.cope.es\/blogs\/derosca\/"},{"@type":"ListItem","position":2,"name":"Patrocinio Honorario del Primer Ministro de Polonia Mateuzs MorawiecKi"}]},{"@type":"WebSite","@id":"https:\/\/www.cope.es\/blogs\/derosca\/#website","url":"https:\/\/www.cope.es\/blogs\/derosca\/","name":"Derosca","description":"Blog de balonmano COPE","potentialAction":[{"@type":"SearchAction","target":{"@type":"EntryPoint","urlTemplate":"https:\/\/www.cope.es\/blogs\/derosca\/?s={search_term_string}"},"query-input":{"@type":"PropertyValueSpecification","valueRequired":true,"valueName":"search_term_string"}}],"inLanguage":"es"},{"@type":"Person","@id":"https:\/\/www.cope.es\/blogs\/derosca\/#\/schema\/person\/02d6fa6fa8d8db60f83303875a4ff77f","name":"Luis Malvar","image":{"@type":"ImageObject","inLanguage":"es","@id":"https:\/\/secure.gravatar.com\/avatar\/23cd47dec2904689b3ccd32d1dd3e86c7cbf60dcf7376c68854f761a4939534f?s=96&d=mm&r=g","url":"https:\/\/secure.gravatar.com\/avatar\/23cd47dec2904689b3ccd32d1dd3e86c7cbf60dcf7376c68854f761a4939534f?s=96&d=mm&r=g","contentUrl":"https:\/\/secure.gravatar.com\/avatar\/23cd47dec2904689b3ccd32d1dd3e86c7cbf60dcf7376c68854f761a4939534f?s=96&d=mm&r=g","caption":"Luis Malvar"},"description":"Comenc\u00e9 la andadura del Blog Derosca all\u00e1 por el 22 de Mayo de 2008. Un blog en el que se trata de llevar a los numerosos aficionados y amantes del mundo del balonmano toda la actualidad de nuestro apasionante deporte. Una ventana que sirve para dar luz a las innumerables noticias que genera el balonmano y que habitualmente no tienen reflejo en los medios de comunicaci\u00f3n. Sin lugar a dudas el Blog Derosca cuenta con un apartado que tiene a gala contar con miles de seguidores como es \u201cMis Pajaritos\u201d en donde se relatan y narran todas las intrahistorias que se generan en el balonmano espa\u00f1ol y que incomoda a m\u00e1s de uno que salgan a la luz.!Gracias por seguirnos durante todos estos a\u00f1os\u00a1","sameAs":["http:\/\/www.cope.es","lmalvar"],"url":"https:\/\/www.cope.es\/blogs\/derosca\/author\/lmalvar\/"}]}},"amp_enabled":true,"_links":{"self":[{"href":"https:\/\/www.cope.es\/blogs\/derosca\/wp-json\/wp\/v2\/posts\/3037","targetHints":{"allow":["GET"]}}],"collection":[{"href":"https:\/\/www.cope.es\/blogs\/derosca\/wp-json\/wp\/v2\/posts"}],"about":[{"href":"https:\/\/www.cope.es\/blogs\/derosca\/wp-json\/wp\/v2\/types\/post"}],"author":[{"embeddable":true,"href":"https:\/\/www.cope.es\/blogs\/derosca\/wp-json\/wp\/v2\/users\/23"}],"replies":[{"embeddable":true,"href":"https:\/\/www.cope.es\/blogs\/derosca\/wp-json\/wp\/v2\/comments?post=3037"}],"version-history":[{"count":1,"href":"https:\/\/www.cope.es\/blogs\/derosca\/wp-json\/wp\/v2\/posts\/3037\/revisions"}],"predecessor-version":[{"id":3039,"href":"https:\/\/www.cope.es\/blogs\/derosca\/wp-json\/wp\/v2\/posts\/3037\/revisions\/3039"}],"wp:featuredmedia":[{"embeddable":true,"href":"https:\/\/www.cope.es\/blogs\/derosca\/wp-json\/wp\/v2\/media\/3038"}],"wp:attachment":[{"href":"https:\/\/www.cope.es\/blogs\/derosca\/wp-json\/wp\/v2\/media?parent=3037"}],"wp:term":[{"taxonomy":"category","embeddable":true,"href":"https:\/\/www.cope.es\/blogs\/derosca\/wp-json\/wp\/v2\/categories?post=3037"},{"taxonomy":"post_tag","embeddable":true,"href":"https:\/\/www.cope.es\/blogs\/derosca\/wp-json\/wp\/v2\/tags?post=3037"}],"curies":[{"name":"wp","href":"https:\/\/api.w.org\/{rel}","templated":true}]}}