{"id":3016,"date":"2022-12-14T09:06:13","date_gmt":"2022-12-14T08:06:13","guid":{"rendered":"http:\/\/www.cope.es\/blogs\/derosca\/?p=3016"},"modified":"2022-12-14T09:06:13","modified_gmt":"2022-12-14T08:06:13","slug":"plan-de-precaucion-medica-covid-19-mundial-polonia-suecia-2023","status":"publish","type":"post","link":"https:\/\/www.cope.es\/blogs\/derosca\/2022\/12\/14\/plan-de-precaucion-medica-covid-19-mundial-polonia-suecia-2023\/","title":{"rendered":"Plan de Precauci\u00f3n M\u00e9dica Covid-19 Mundial Polonia -Suecia 2023"},"content":{"rendered":"<p><span style=\"color: #000000\"><span style=\"font-family: Segoe UI\"><span style=\"font-size: medium\">Hace dos a\u00f1os, en Egipto 2021, el balonmano fue el primer deporte de equipo del mundo en intentar volver a la normalidad en plena pandemia de la COVID-19. El primer megaevento deportivo se llev\u00f3 a cabo con el objetivo de asegurar la implementaci\u00f3n de las m\u00e1ximas precauciones m\u00e9dicas para la protecci\u00f3n de todos los actores involucrados.<\/span><\/span><\/span><\/p>\n<p><span style=\"color: #000000\"><span style=\"font-family: Segoe UI\"><span style=\"font-size: medium\">Todos los equipos participantes entraron en una burbuja protegida, sin aficionados presentes en las gradas y con una pol\u00edtica integral de pruebas, que inclu\u00eda una prueba PCR de COVID-19 obligatoria cada 72 horas. El Mundial Masculino 2021 result\u00f3 ser un \u00e9xito rotundo y se convirti\u00f3 en un punto de referencia para otras competiciones a medida que evolucionaban las condiciones en todo el mundo.<\/span><\/span><\/span><\/p>\n<p><span style=\"color: #000000\"><span style=\"font-family: Segoe UI\"><span style=\"font-size: medium\">Ahora, dos a\u00f1os despu\u00e9s, el Mundial Masculino 2023 se llevar\u00e1 a cabo en nueve sedes en Polonia y Suecia del 11 al 29 de Enero, y la principal prioridad de la Federaci\u00f3n Internacional de Balonmano sigue siendo la salud de sus partes interesadas, independientemente del costo.<\/span><\/span><\/span><\/p>\n<p><span style=\"color: #000000\"><span style=\"font-family: Segoe UI\"><span style=\"font-size: medium\">Con la pandemia de COVID-19 a\u00fan en curso, la IHF y los dos Comit\u00e9s Organizadores Locales tienen como objetivo salvaguardar la salud de todas las partes interesadas y reducir el riesgo de transmisi\u00f3n del virus. A pesar del despliegue mundial de vacunas, no se puede garantizar un entorno libre de infecciones.<\/span><\/span><\/span><\/p>\n<p><span style=\"color: #000000\"><span style=\"font-family: Segoe UI\"><span style=\"font-size: medium\">Por lo tanto, el \u201cPlan de Precauci\u00f3n M\u00e9dica COVID-19 de Polonia &#8211; Suecia 2023\u201d ha sido desarrollado y comunicado a todos los equipos antes del inicio del Campeonato Mundial Masculino IHF 2023.<\/span><\/span><\/span><\/p>\n<p><span style=\"color: #000000\"><span style=\"font-family: Segoe UI\"><span style=\"font-size: medium\">Las medidas preventivas que se tomar\u00e1n antes, durante y despu\u00e9s de Polonia &#8211; Suecia se establecen en un plan, con los siguientes temas, puntos y recomendaciones clave, que incluyen pero no se limitan a:<\/span><\/span><\/span><\/p>\n<ul>\n<li>\n<p><span style=\"color: #000000\"><span style=\"font-family: inherit\"><span style=\"font-size: medium\">Informaci\u00f3n general sobre COVID-19, incluida informaci\u00f3n de la Organizaci\u00f3n Mundial de la Salud (OMS).<\/span><\/span><\/span><\/p>\n<\/li>\n<li>\n<p><span style=\"color: #000000\"><span style=\"font-family: inherit\"><span style=\"font-size: medium\">V\u00edas de transmisi\u00f3n de infecciones.<\/span><\/span><\/span><\/p>\n<\/li>\n<li>\n<p><span style=\"color: #000000\"><span style=\"font-family: inherit\"><span style=\"font-size: medium\">Directrices de higiene, incluida informaci\u00f3n detallada sobre la higiene de manos y mascarillas.<\/span><\/span><\/span><\/p>\n<\/li>\n<li>\n<p><span style=\"color: #000000\"><span style=\"font-family: inherit\"><span style=\"font-size: medium\">Responsabilidades de la Federaci\u00f3n Nacional en casa antes de viajar a Polonia &#8211; Suecia 2023, incluida una prueba PCR obligatoria de COVID-19 realizada dentro de las 72 horas previas a la llegada.<\/span><\/span><\/span><\/p>\n<\/li>\n<li>\n<p><span style=\"color: #000000\"><span style=\"font-family: inherit\"><span style=\"font-size: medium\">Manejo positivo de casos, con el protocolo vigente sujeto a las consideraciones de la evoluci\u00f3n epidemiol\u00f3gica.<\/span><\/span><\/span><\/p>\n<\/li>\n<li>\n<p><span style=\"color: #000000\"><span style=\"font-family: inherit\"><span style=\"font-size: medium\">Tr\u00e1mites de transporte internacional y local.<\/span><\/span><\/span><\/p>\n<\/li>\n<li>\n<p><span style=\"color: #000000\"><span style=\"font-family: inherit\"><span style=\"font-size: medium\">Pautas de viaje y disposiciones generales para las arenas de entrenamiento y juego.<\/span><\/span><\/span><\/p>\n<\/li>\n<\/ul>\n<p><span style=\"color: #000000\"><span style=\"font-family: Segoe UI\"><span style=\"font-size: medium\">Dado que la vacuna se ha implementado en todo el mundo en los \u00faltimos dos a\u00f1os, la IHF decidi\u00f3 extender el procedimiento aplicado a los eventos de 2022, lo que significa que solo las personas completamente vacunadas o recuperadas tienen derecho a participar en el Mundial Masculino 2023. Una persona se considera recuperada si tiene un certificado m\u00e9dico de recuperaci\u00f3n de una infecci\u00f3n por COVID-19 despu\u00e9s de una prueba PCR positiva realizada no m\u00e1s de 180 d\u00edas antes de la \u00faltima jornada de Polonia &#8211; Suecia 2023, es decir, no antes del 2 de Agosto de 2022.<\/span><\/span><\/span><\/p>\n<p><strong><span style=\"color: #000000\"><span style=\"font-family: inherit\"><span style=\"font-size: medium\"><b>Vacunaci\u00f3n:<\/b><\/span><\/span><\/span><\/strong><span style=\"color: #000000\"><span style=\"font-family: Segoe UI\"><span style=\"font-size: medium\"><br \/>\nLas siguientes partes interesadas deben estar completamente vacunadas o haberse recuperado de una infecci\u00f3n por COVID-19:<\/span><\/span><\/span><\/p>\n<ul>\n<li>\n<p><span style=\"color: #000000\"><span style=\"font-family: inherit\"><span style=\"font-size: medium\">Equipos participantes \u2013 jugadores y oficiales<\/span><\/span><\/span><\/p>\n<\/li>\n<li>\n<p><span style=\"color: #000000\"><span style=\"font-family: inherit\"><span style=\"font-size: medium\">Nominados de la IHF (representantes, \u00e1rbitros, delegados t\u00e9cnicos, delegados de eventos, personal de la oficina de la IHF, grupo de medios de la IHF, etc.)<\/span><\/span><\/span><\/p>\n<\/li>\n<li>\n<p><span style=\"color: #000000\"><span style=\"font-family: inherit\"><span style=\"font-size: medium\">Comit\u00e9 Organizador (todos los miembros que est\u00e1n en contacto directo con los equipos participantes y los nominados de la IHF).<\/span><\/span><\/span><\/p>\n<\/li>\n<\/ul>\n<p><span style=\"color: #000000\"><span style=\"font-family: Segoe UI\"><span style=\"font-size: medium\">Se recomienda que todos los representantes de los medios acreditados (con acceso a la Zona 4, es decir, a las \u00e1reas de los medios) est\u00e9n completamente vacunados.<\/span><\/span><\/span><\/p>\n<p><em><span style=\"color: #000000\"><span style=\"font-family: Segoe UI\"><span style=\"font-size: medium\"><span>Precauciones adicionales para los medios: t<\/span><\/span><\/span><\/span><\/em><span style=\"color: #000000\"><span style=\"font-family: Segoe UI\"><span style=\"font-size: medium\"><span>odos los representantes de los medios deben usar una m\u00e1scara facial cuando est\u00e9n en contacto directo con los jugadores y\/o los oficiales del equipo en la Zona 1 (campo de juego), la Zona 2 (\u00e1reas que rodean la cancha) y la Zona 3 (vestuarios\/\u00e1reas m\u00e9dicas). ) en todo momento.<\/span><\/span><\/span><\/span><\/p>\n<p><span style=\"color: #3e3e3e\"><span style=\"font-family: Arial, sans-serif\"><span style=\"font-size: medium\">Seguirnos en twitter: <\/span><\/span><\/span><span style=\"color: #000080\"><span><u><a href=\"https:\/\/twitter.com\/#!\/deroscacope\"><span style=\"color: #0000ff\"><span style=\"font-family: Arial, sans-serif\"><span style=\"font-size: medium\">https:\/\/twitter.com\/#!\/deroscacope<\/span><\/span><\/span><\/a><\/u><\/span><\/span><\/p>\n","protected":false},"excerpt":{"rendered":"<p>Hace dos a\u00f1os, en Egipto 2021, el balonmano fue el primer deporte de equipo del mundo en intentar volver a la normalidad en plena pandemia de la COVID-19. El primer megaevento deportivo se llev\u00f3 a cabo con el objetivo de asegurar la implementaci\u00f3n de las m\u00e1ximas precauciones m\u00e9dicas para la protecci\u00f3n de todos los actores [&hellip;]<\/p>\n","protected":false},"author":23,"featured_media":3017,"comment_status":"open","ping_status":"open","sticky":false,"template":"","format":"standard","meta":{"footnotes":""},"categories":[3],"tags":[],"class_list":["post-3016","post","type-post","status-publish","format-standard","has-post-thumbnail","hentry","category-balonmano"],"yoast_head":"<!-- This site is optimized with the Yoast SEO plugin v27.4 - https:\/\/yoast.com\/product\/yoast-seo-wordpress\/ -->\n<title>Plan de Precauci\u00f3n M\u00e9dica Covid-19 Mundial Polonia -Suecia 2023 - Derosca<\/title>\n<meta name=\"robots\" content=\"index, follow, max-snippet:-1, max-image-preview:large, max-video-preview:-1\" \/>\n<link rel=\"canonical\" href=\"https:\/\/www.cope.es\/blogs\/derosca\/2022\/12\/14\/plan-de-precaucion-medica-covid-19-mundial-polonia-suecia-2023\/\" \/>\n<meta property=\"og:locale\" content=\"es_ES\" \/>\n<meta property=\"og:type\" content=\"article\" \/>\n<meta property=\"og:title\" content=\"Plan de Precauci\u00f3n M\u00e9dica Covid-19 Mundial Polonia -Suecia 2023 - Derosca\" \/>\n<meta property=\"og:description\" content=\"Hace dos a\u00f1os, en Egipto 2021, el balonmano fue el primer deporte de equipo del mundo en intentar volver a la normalidad en plena pandemia de la COVID-19. El primer megaevento deportivo se llev\u00f3 a cabo con el objetivo de asegurar la implementaci\u00f3n de las m\u00e1ximas precauciones m\u00e9dicas para la protecci\u00f3n de todos los actores [&hellip;]\" \/>\n<meta property=\"og:url\" content=\"https:\/\/www.cope.es\/blogs\/derosca\/2022\/12\/14\/plan-de-precaucion-medica-covid-19-mundial-polonia-suecia-2023\/\" \/>\n<meta property=\"og:site_name\" content=\"Derosca\" \/>\n<meta property=\"article:publisher\" content=\"https:\/\/www.facebook.com\/cope\/\" \/>\n<meta property=\"article:published_time\" content=\"2022-12-14T08:06:13+00:00\" \/>\n<meta property=\"og:image\" content=\"https:\/\/www.cope.es\/blogs\/derosca\/wp-content\/uploads\/sites\/22\/2022\/12\/Sin-titulo.jpg\" \/>\n\t<meta property=\"og:image:width\" content=\"680\" \/>\n\t<meta property=\"og:image:height\" content=\"271\" \/>\n\t<meta property=\"og:image:type\" content=\"image\/jpeg\" \/>\n<meta name=\"author\" content=\"Luis Malvar\" \/>\n<meta name=\"twitter:card\" content=\"summary_large_image\" \/>\n<meta name=\"twitter:creator\" content=\"@cope_es\" \/>\n<meta name=\"twitter:site\" content=\"@cope_es\" \/>\n<meta name=\"twitter:label1\" content=\"Escrito por\" \/>\n\t<meta name=\"twitter:data1\" content=\"Luis Malvar\" \/>\n\t<meta name=\"twitter:label2\" content=\"Tiempo de lectura\" \/>\n\t<meta name=\"twitter:data2\" content=\"3 minutos\" \/>\n<script type=\"application\/ld+json\" class=\"yoast-schema-graph\">{\"@context\":\"https:\\\/\\\/schema.org\",\"@graph\":[{\"@type\":\"Article\",\"@id\":\"https:\\\/\\\/www.cope.es\\\/blogs\\\/derosca\\\/2022\\\/12\\\/14\\\/plan-de-precaucion-medica-covid-19-mundial-polonia-suecia-2023\\\/#article\",\"isPartOf\":{\"@id\":\"https:\\\/\\\/www.cope.es\\\/blogs\\\/derosca\\\/2022\\\/12\\\/14\\\/plan-de-precaucion-medica-covid-19-mundial-polonia-suecia-2023\\\/\"},\"author\":{\"name\":\"Luis Malvar\",\"@id\":\"https:\\\/\\\/www.cope.es\\\/blogs\\\/derosca\\\/#\\\/schema\\\/person\\\/02d6fa6fa8d8db60f83303875a4ff77f\"},\"headline\":\"Plan de Precauci\u00f3n M\u00e9dica Covid-19 Mundial Polonia -Suecia 2023\",\"datePublished\":\"2022-12-14T08:06:13+00:00\",\"mainEntityOfPage\":{\"@id\":\"https:\\\/\\\/www.cope.es\\\/blogs\\\/derosca\\\/2022\\\/12\\\/14\\\/plan-de-precaucion-medica-covid-19-mundial-polonia-suecia-2023\\\/\"},\"wordCount\":667,\"commentCount\":0,\"image\":{\"@id\":\"https:\\\/\\\/www.cope.es\\\/blogs\\\/derosca\\\/2022\\\/12\\\/14\\\/plan-de-precaucion-medica-covid-19-mundial-polonia-suecia-2023\\\/#primaryimage\"},\"thumbnailUrl\":\"https:\\\/\\\/www.cope.es\\\/blogs\\\/derosca\\\/wp-content\\\/uploads\\\/sites\\\/22\\\/2022\\\/12\\\/Sin-titulo.jpg\",\"articleSection\":[\"Balonmano\"],\"inLanguage\":\"es\",\"potentialAction\":[{\"@type\":\"CommentAction\",\"name\":\"Comment\",\"target\":[\"https:\\\/\\\/www.cope.es\\\/blogs\\\/derosca\\\/2022\\\/12\\\/14\\\/plan-de-precaucion-medica-covid-19-mundial-polonia-suecia-2023\\\/#respond\"]}]},{\"@type\":\"WebPage\",\"@id\":\"https:\\\/\\\/www.cope.es\\\/blogs\\\/derosca\\\/2022\\\/12\\\/14\\\/plan-de-precaucion-medica-covid-19-mundial-polonia-suecia-2023\\\/\",\"url\":\"https:\\\/\\\/www.cope.es\\\/blogs\\\/derosca\\\/2022\\\/12\\\/14\\\/plan-de-precaucion-medica-covid-19-mundial-polonia-suecia-2023\\\/\",\"name\":\"Plan de Precauci\u00f3n M\u00e9dica Covid-19 Mundial Polonia -Suecia 2023 - Derosca\",\"isPartOf\":{\"@id\":\"https:\\\/\\\/www.cope.es\\\/blogs\\\/derosca\\\/#website\"},\"primaryImageOfPage\":{\"@id\":\"https:\\\/\\\/www.cope.es\\\/blogs\\\/derosca\\\/2022\\\/12\\\/14\\\/plan-de-precaucion-medica-covid-19-mundial-polonia-suecia-2023\\\/#primaryimage\"},\"image\":{\"@id\":\"https:\\\/\\\/www.cope.es\\\/blogs\\\/derosca\\\/2022\\\/12\\\/14\\\/plan-de-precaucion-medica-covid-19-mundial-polonia-suecia-2023\\\/#primaryimage\"},\"thumbnailUrl\":\"https:\\\/\\\/www.cope.es\\\/blogs\\\/derosca\\\/wp-content\\\/uploads\\\/sites\\\/22\\\/2022\\\/12\\\/Sin-titulo.jpg\",\"datePublished\":\"2022-12-14T08:06:13+00:00\",\"author\":{\"@id\":\"https:\\\/\\\/www.cope.es\\\/blogs\\\/derosca\\\/#\\\/schema\\\/person\\\/02d6fa6fa8d8db60f83303875a4ff77f\"},\"breadcrumb\":{\"@id\":\"https:\\\/\\\/www.cope.es\\\/blogs\\\/derosca\\\/2022\\\/12\\\/14\\\/plan-de-precaucion-medica-covid-19-mundial-polonia-suecia-2023\\\/#breadcrumb\"},\"inLanguage\":\"es\",\"potentialAction\":[{\"@type\":\"ReadAction\",\"target\":[\"https:\\\/\\\/www.cope.es\\\/blogs\\\/derosca\\\/2022\\\/12\\\/14\\\/plan-de-precaucion-medica-covid-19-mundial-polonia-suecia-2023\\\/\"]}]},{\"@type\":\"ImageObject\",\"inLanguage\":\"es\",\"@id\":\"https:\\\/\\\/www.cope.es\\\/blogs\\\/derosca\\\/2022\\\/12\\\/14\\\/plan-de-precaucion-medica-covid-19-mundial-polonia-suecia-2023\\\/#primaryimage\",\"url\":\"https:\\\/\\\/www.cope.es\\\/blogs\\\/derosca\\\/wp-content\\\/uploads\\\/sites\\\/22\\\/2022\\\/12\\\/Sin-titulo.jpg\",\"contentUrl\":\"https:\\\/\\\/www.cope.es\\\/blogs\\\/derosca\\\/wp-content\\\/uploads\\\/sites\\\/22\\\/2022\\\/12\\\/Sin-titulo.jpg\",\"width\":680,\"height\":271,\"caption\":\"Plan de Precauci\u00f3n M\u00e9dica Covid-19 Mundial Polonia -Suecia 2023\"},{\"@type\":\"BreadcrumbList\",\"@id\":\"https:\\\/\\\/www.cope.es\\\/blogs\\\/derosca\\\/2022\\\/12\\\/14\\\/plan-de-precaucion-medica-covid-19-mundial-polonia-suecia-2023\\\/#breadcrumb\",\"itemListElement\":[{\"@type\":\"ListItem\",\"position\":1,\"name\":\"Portada\",\"item\":\"https:\\\/\\\/www.cope.es\\\/blogs\\\/derosca\\\/\"},{\"@type\":\"ListItem\",\"position\":2,\"name\":\"Plan de Precauci\u00f3n M\u00e9dica Covid-19 Mundial Polonia -Suecia 2023\"}]},{\"@type\":\"WebSite\",\"@id\":\"https:\\\/\\\/www.cope.es\\\/blogs\\\/derosca\\\/#website\",\"url\":\"https:\\\/\\\/www.cope.es\\\/blogs\\\/derosca\\\/\",\"name\":\"Derosca\",\"description\":\"Blog de balonmano COPE\",\"potentialAction\":[{\"@type\":\"SearchAction\",\"target\":{\"@type\":\"EntryPoint\",\"urlTemplate\":\"https:\\\/\\\/www.cope.es\\\/blogs\\\/derosca\\\/?s={search_term_string}\"},\"query-input\":{\"@type\":\"PropertyValueSpecification\",\"valueRequired\":true,\"valueName\":\"search_term_string\"}}],\"inLanguage\":\"es\"},{\"@type\":\"Person\",\"@id\":\"https:\\\/\\\/www.cope.es\\\/blogs\\\/derosca\\\/#\\\/schema\\\/person\\\/02d6fa6fa8d8db60f83303875a4ff77f\",\"name\":\"Luis Malvar\",\"image\":{\"@type\":\"ImageObject\",\"inLanguage\":\"es\",\"@id\":\"https:\\\/\\\/secure.gravatar.com\\\/avatar\\\/23cd47dec2904689b3ccd32d1dd3e86c7cbf60dcf7376c68854f761a4939534f?s=96&d=mm&r=g\",\"url\":\"https:\\\/\\\/secure.gravatar.com\\\/avatar\\\/23cd47dec2904689b3ccd32d1dd3e86c7cbf60dcf7376c68854f761a4939534f?s=96&d=mm&r=g\",\"contentUrl\":\"https:\\\/\\\/secure.gravatar.com\\\/avatar\\\/23cd47dec2904689b3ccd32d1dd3e86c7cbf60dcf7376c68854f761a4939534f?s=96&d=mm&r=g\",\"caption\":\"Luis Malvar\"},\"description\":\"Comenc\u00e9 la andadura del Blog Derosca all\u00e1 por el 22 de Mayo de 2008. Un blog en el que se trata de llevar a los numerosos aficionados y amantes del mundo del balonmano toda la actualidad de nuestro apasionante deporte. Una ventana que sirve para dar luz a las innumerables noticias que genera el balonmano y que habitualmente no tienen reflejo en los medios de comunicaci\u00f3n. Sin lugar a dudas el Blog Derosca cuenta con un apartado que tiene a gala contar con miles de seguidores como es \u201cMis Pajaritos\u201d en donde se relatan y narran todas las intrahistorias que se generan en el balonmano espa\u00f1ol y que incomoda a m\u00e1s de uno que salgan a la luz.!Gracias por seguirnos durante todos estos a\u00f1os\u00a1\",\"sameAs\":[\"http:\\\/\\\/www.cope.es\",\"lmalvar\"],\"url\":\"https:\\\/\\\/www.cope.es\\\/blogs\\\/derosca\\\/author\\\/lmalvar\\\/\"}]}<\/script>\n<!-- \/ Yoast SEO plugin. -->","yoast_head_json":{"title":"Plan de Precauci\u00f3n M\u00e9dica Covid-19 Mundial Polonia -Suecia 2023 - Derosca","robots":{"index":"index","follow":"follow","max-snippet":"max-snippet:-1","max-image-preview":"max-image-preview:large","max-video-preview":"max-video-preview:-1"},"canonical":"https:\/\/www.cope.es\/blogs\/derosca\/2022\/12\/14\/plan-de-precaucion-medica-covid-19-mundial-polonia-suecia-2023\/","og_locale":"es_ES","og_type":"article","og_title":"Plan de Precauci\u00f3n M\u00e9dica Covid-19 Mundial Polonia -Suecia 2023 - Derosca","og_description":"Hace dos a\u00f1os, en Egipto 2021, el balonmano fue el primer deporte de equipo del mundo en intentar volver a la normalidad en plena pandemia de la COVID-19. El primer megaevento deportivo se llev\u00f3 a cabo con el objetivo de asegurar la implementaci\u00f3n de las m\u00e1ximas precauciones m\u00e9dicas para la protecci\u00f3n de todos los actores [&hellip;]","og_url":"https:\/\/www.cope.es\/blogs\/derosca\/2022\/12\/14\/plan-de-precaucion-medica-covid-19-mundial-polonia-suecia-2023\/","og_site_name":"Derosca","article_publisher":"https:\/\/www.facebook.com\/cope\/","article_published_time":"2022-12-14T08:06:13+00:00","og_image":[{"width":680,"height":271,"url":"https:\/\/www.cope.es\/blogs\/derosca\/wp-content\/uploads\/sites\/22\/2022\/12\/Sin-titulo.jpg","type":"image\/jpeg"}],"author":"Luis Malvar","twitter_card":"summary_large_image","twitter_creator":"@cope_es","twitter_site":"@cope_es","twitter_misc":{"Escrito por":"Luis Malvar","Tiempo de lectura":"3 minutos"},"schema":{"@context":"https:\/\/schema.org","@graph":[{"@type":"Article","@id":"https:\/\/www.cope.es\/blogs\/derosca\/2022\/12\/14\/plan-de-precaucion-medica-covid-19-mundial-polonia-suecia-2023\/#article","isPartOf":{"@id":"https:\/\/www.cope.es\/blogs\/derosca\/2022\/12\/14\/plan-de-precaucion-medica-covid-19-mundial-polonia-suecia-2023\/"},"author":{"name":"Luis Malvar","@id":"https:\/\/www.cope.es\/blogs\/derosca\/#\/schema\/person\/02d6fa6fa8d8db60f83303875a4ff77f"},"headline":"Plan de Precauci\u00f3n M\u00e9dica Covid-19 Mundial Polonia -Suecia 2023","datePublished":"2022-12-14T08:06:13+00:00","mainEntityOfPage":{"@id":"https:\/\/www.cope.es\/blogs\/derosca\/2022\/12\/14\/plan-de-precaucion-medica-covid-19-mundial-polonia-suecia-2023\/"},"wordCount":667,"commentCount":0,"image":{"@id":"https:\/\/www.cope.es\/blogs\/derosca\/2022\/12\/14\/plan-de-precaucion-medica-covid-19-mundial-polonia-suecia-2023\/#primaryimage"},"thumbnailUrl":"https:\/\/www.cope.es\/blogs\/derosca\/wp-content\/uploads\/sites\/22\/2022\/12\/Sin-titulo.jpg","articleSection":["Balonmano"],"inLanguage":"es","potentialAction":[{"@type":"CommentAction","name":"Comment","target":["https:\/\/www.cope.es\/blogs\/derosca\/2022\/12\/14\/plan-de-precaucion-medica-covid-19-mundial-polonia-suecia-2023\/#respond"]}]},{"@type":"WebPage","@id":"https:\/\/www.cope.es\/blogs\/derosca\/2022\/12\/14\/plan-de-precaucion-medica-covid-19-mundial-polonia-suecia-2023\/","url":"https:\/\/www.cope.es\/blogs\/derosca\/2022\/12\/14\/plan-de-precaucion-medica-covid-19-mundial-polonia-suecia-2023\/","name":"Plan de Precauci\u00f3n M\u00e9dica Covid-19 Mundial Polonia -Suecia 2023 - Derosca","isPartOf":{"@id":"https:\/\/www.cope.es\/blogs\/derosca\/#website"},"primaryImageOfPage":{"@id":"https:\/\/www.cope.es\/blogs\/derosca\/2022\/12\/14\/plan-de-precaucion-medica-covid-19-mundial-polonia-suecia-2023\/#primaryimage"},"image":{"@id":"https:\/\/www.cope.es\/blogs\/derosca\/2022\/12\/14\/plan-de-precaucion-medica-covid-19-mundial-polonia-suecia-2023\/#primaryimage"},"thumbnailUrl":"https:\/\/www.cope.es\/blogs\/derosca\/wp-content\/uploads\/sites\/22\/2022\/12\/Sin-titulo.jpg","datePublished":"2022-12-14T08:06:13+00:00","author":{"@id":"https:\/\/www.cope.es\/blogs\/derosca\/#\/schema\/person\/02d6fa6fa8d8db60f83303875a4ff77f"},"breadcrumb":{"@id":"https:\/\/www.cope.es\/blogs\/derosca\/2022\/12\/14\/plan-de-precaucion-medica-covid-19-mundial-polonia-suecia-2023\/#breadcrumb"},"inLanguage":"es","potentialAction":[{"@type":"ReadAction","target":["https:\/\/www.cope.es\/blogs\/derosca\/2022\/12\/14\/plan-de-precaucion-medica-covid-19-mundial-polonia-suecia-2023\/"]}]},{"@type":"ImageObject","inLanguage":"es","@id":"https:\/\/www.cope.es\/blogs\/derosca\/2022\/12\/14\/plan-de-precaucion-medica-covid-19-mundial-polonia-suecia-2023\/#primaryimage","url":"https:\/\/www.cope.es\/blogs\/derosca\/wp-content\/uploads\/sites\/22\/2022\/12\/Sin-titulo.jpg","contentUrl":"https:\/\/www.cope.es\/blogs\/derosca\/wp-content\/uploads\/sites\/22\/2022\/12\/Sin-titulo.jpg","width":680,"height":271,"caption":"Plan de Precauci\u00f3n M\u00e9dica Covid-19 Mundial Polonia -Suecia 2023"},{"@type":"BreadcrumbList","@id":"https:\/\/www.cope.es\/blogs\/derosca\/2022\/12\/14\/plan-de-precaucion-medica-covid-19-mundial-polonia-suecia-2023\/#breadcrumb","itemListElement":[{"@type":"ListItem","position":1,"name":"Portada","item":"https:\/\/www.cope.es\/blogs\/derosca\/"},{"@type":"ListItem","position":2,"name":"Plan de Precauci\u00f3n M\u00e9dica Covid-19 Mundial Polonia -Suecia 2023"}]},{"@type":"WebSite","@id":"https:\/\/www.cope.es\/blogs\/derosca\/#website","url":"https:\/\/www.cope.es\/blogs\/derosca\/","name":"Derosca","description":"Blog de balonmano COPE","potentialAction":[{"@type":"SearchAction","target":{"@type":"EntryPoint","urlTemplate":"https:\/\/www.cope.es\/blogs\/derosca\/?s={search_term_string}"},"query-input":{"@type":"PropertyValueSpecification","valueRequired":true,"valueName":"search_term_string"}}],"inLanguage":"es"},{"@type":"Person","@id":"https:\/\/www.cope.es\/blogs\/derosca\/#\/schema\/person\/02d6fa6fa8d8db60f83303875a4ff77f","name":"Luis Malvar","image":{"@type":"ImageObject","inLanguage":"es","@id":"https:\/\/secure.gravatar.com\/avatar\/23cd47dec2904689b3ccd32d1dd3e86c7cbf60dcf7376c68854f761a4939534f?s=96&d=mm&r=g","url":"https:\/\/secure.gravatar.com\/avatar\/23cd47dec2904689b3ccd32d1dd3e86c7cbf60dcf7376c68854f761a4939534f?s=96&d=mm&r=g","contentUrl":"https:\/\/secure.gravatar.com\/avatar\/23cd47dec2904689b3ccd32d1dd3e86c7cbf60dcf7376c68854f761a4939534f?s=96&d=mm&r=g","caption":"Luis Malvar"},"description":"Comenc\u00e9 la andadura del Blog Derosca all\u00e1 por el 22 de Mayo de 2008. Un blog en el que se trata de llevar a los numerosos aficionados y amantes del mundo del balonmano toda la actualidad de nuestro apasionante deporte. Una ventana que sirve para dar luz a las innumerables noticias que genera el balonmano y que habitualmente no tienen reflejo en los medios de comunicaci\u00f3n. Sin lugar a dudas el Blog Derosca cuenta con un apartado que tiene a gala contar con miles de seguidores como es \u201cMis Pajaritos\u201d en donde se relatan y narran todas las intrahistorias que se generan en el balonmano espa\u00f1ol y que incomoda a m\u00e1s de uno que salgan a la luz.!Gracias por seguirnos durante todos estos a\u00f1os\u00a1","sameAs":["http:\/\/www.cope.es","lmalvar"],"url":"https:\/\/www.cope.es\/blogs\/derosca\/author\/lmalvar\/"}]}},"amp_enabled":true,"_links":{"self":[{"href":"https:\/\/www.cope.es\/blogs\/derosca\/wp-json\/wp\/v2\/posts\/3016","targetHints":{"allow":["GET"]}}],"collection":[{"href":"https:\/\/www.cope.es\/blogs\/derosca\/wp-json\/wp\/v2\/posts"}],"about":[{"href":"https:\/\/www.cope.es\/blogs\/derosca\/wp-json\/wp\/v2\/types\/post"}],"author":[{"embeddable":true,"href":"https:\/\/www.cope.es\/blogs\/derosca\/wp-json\/wp\/v2\/users\/23"}],"replies":[{"embeddable":true,"href":"https:\/\/www.cope.es\/blogs\/derosca\/wp-json\/wp\/v2\/comments?post=3016"}],"version-history":[{"count":1,"href":"https:\/\/www.cope.es\/blogs\/derosca\/wp-json\/wp\/v2\/posts\/3016\/revisions"}],"predecessor-version":[{"id":3018,"href":"https:\/\/www.cope.es\/blogs\/derosca\/wp-json\/wp\/v2\/posts\/3016\/revisions\/3018"}],"wp:featuredmedia":[{"embeddable":true,"href":"https:\/\/www.cope.es\/blogs\/derosca\/wp-json\/wp\/v2\/media\/3017"}],"wp:attachment":[{"href":"https:\/\/www.cope.es\/blogs\/derosca\/wp-json\/wp\/v2\/media?parent=3016"}],"wp:term":[{"taxonomy":"category","embeddable":true,"href":"https:\/\/www.cope.es\/blogs\/derosca\/wp-json\/wp\/v2\/categories?post=3016"},{"taxonomy":"post_tag","embeddable":true,"href":"https:\/\/www.cope.es\/blogs\/derosca\/wp-json\/wp\/v2\/tags?post=3016"}],"curies":[{"name":"wp","href":"https:\/\/api.w.org\/{rel}","templated":true}]}}