{"id":3007,"date":"2022-12-12T09:32:03","date_gmt":"2022-12-12T08:32:03","guid":{"rendered":"http:\/\/www.cope.es\/blogs\/derosca\/?p=3007"},"modified":"2022-12-12T09:32:16","modified_gmt":"2022-12-12T08:32:16","slug":"artur-siodmiak-es-el-embajador-el-mundial-2023","status":"publish","type":"post","link":"https:\/\/www.cope.es\/blogs\/derosca\/2022\/12\/12\/artur-siodmiak-es-el-embajador-el-mundial-2023\/","title":{"rendered":"Artur Si\u00f3dmiak es el embajador del Mundial 2023"},"content":{"rendered":"<p><span style=\"color: #666666\"><span style=\"font-family: Arial, sans-serif\"><span style=\"font-size: medium\">Artur Si\u00f3dmiak ser\u00e1 el embajador en Gda\u0144sk del Mundial de Balonmano 2023, que ser\u00e1 organizado conjuntamente por Polonia y Suecia el pr\u00f3ximo mes de Enero. Los partidos decisivos, dos Cuartos de Final y una Semifinal, ser\u00e1n organizados por ERGO ARENA de Gdansk.<\/span><\/span><\/span><\/p>\n<p><span style=\"color: #666666\"><span style=\"font-family: Arial, sans-serif\"><span style=\"font-size: medium\">La instalaci\u00f3n en Gda\u0144sk es un lugar donde en el pasado los jugadores de balonmano polacos lucharon con \u00e9xito por la participaci\u00f3n en el Mundial 2015 y un viaje a los Juegos Ol\u00edmpicos 2016, y sus partidos con Alemania o Macedonia llenaron las gradas hasta el \u00faltimo lugar. Ahora el equipo dirigido por Patryk Rombel puede jugar en el ERGO ARENA los d\u00edas 25 y 27 de Enero por la lucha e las medallas. Es un sue\u00f1o para Polonia que conduce el camino a trav\u00e9s de la Fase Preliminar en Katowice y la Fase Principal en Cracovia.<\/span><\/span><\/span><\/p>\n<p><span style=\"color: #666666\"><span style=\"font-family: Arial, sans-serif\"><span style=\"font-size: medium\">Los mejores a\u00f1os del balonmano polaco son bien recordados por Artur Si\u00f3dmiak. El dos veces subcampe\u00f3n del mundo en los a\u00f1os 2007, 2009 ser\u00e1 el embajador del Mundila de Enero de la Ciudad de Gda\u0144sk. Si\u00f3dmiak comenta que es un gran honor para \u00e9l, espera que sus colegas m\u00e1s j\u00f3venes se refieran a los resultados alcanzados por su equipo, y que el ERGO ARENA les lleve a la victoria durante los partidos del Mundial. <\/span><\/span><\/span><\/p>\n<p><span style=\"color: #666666\"><span style=\"font-family: Arial, sans-serif\"><span style=\"font-size: medium\">El que ha sido 133 veces representante de Polonia es el \u00faltimo eslab\u00f3n del elenco del conjunto anfitri\u00f3n. Los embajadores del Mundial 2023 para Katowice y el Voivodato de Silesia son otros miembros destacados como Iwona Nied\u017awiedz y S\u0142awomir Szmal. Rafa\u0142 Sonik, piloto de rally y participante m\u00faltiple del Rally Dakar, desempe\u00f1a un papel similar en Cracovia, y Arkadiusz Moryto, representante de Polonia, desempe\u00f1a un papel similar en Ma\u0142opolska. El embajador del torneo de P\u0142ock es Adam Wi\u015bniewski, medallista del campeonato mundial.<\/span><\/span><\/span><\/p>\n<p><span style=\"color: #666666\"><span style=\"font-family: Arial, sans-serif\"><span style=\"font-size: medium\">Gda\u0144sk ser\u00e1 una de los pabellones m\u00e1s importantes para el Mundial. Artur Si\u00f3dmiak, como exrepresentante destacado de Polonia, y hoy un hombre que se preocupa por la popularizaci\u00f3n del balonmano, cree que el balonmano conectar\u00e1 con las generaciones y cuando promueva el torneo y anime a los j\u00f3venes a practicar balonmano, la selecci\u00f3n intentar\u00e1 repetir las haza\u00f1as que realiz\u00f3.<\/span><\/span><\/span><\/p>\n<p><span style=\"color: #666666\"><span style=\"font-family: Arial, sans-serif\"><span style=\"font-size: medium\">Los anfitriones del Mundial 2023 tambi\u00e9n tiene las ciudades sede de Katowice, el Voivodato de Silesia, Cracovia, Ma\u0142opolska, P\u0142ock y Mazowsze, as\u00ed como Goteborg, Malmo, Estocolmo, Kristianstad y Jonkoping en Suecia.<\/span><\/span><\/span><\/p>\n<p><span style=\"color: #3e3e3e\"><span style=\"font-family: Arial, sans-serif\"><span style=\"font-size: medium\">Seguirnos en twitter: <\/span><\/span><\/span><span style=\"color: #000080\"><u><a href=\"https:\/\/twitter.com\/#!\/deroscacope\"><span style=\"color: #0000ff\"><span style=\"font-family: Arial, sans-serif\"><span style=\"font-size: medium\">https:\/\/twitter.com\/#!\/deroscacope<\/span><\/span><\/span><\/a><\/u><\/span><\/p>\n","protected":false},"excerpt":{"rendered":"<p>Artur Si\u00f3dmiak ser\u00e1 el embajador en Gda\u0144sk del Mundial de Balonmano 2023, que ser\u00e1 organizado conjuntamente por Polonia y Suecia el pr\u00f3ximo mes de Enero. Los partidos decisivos, dos Cuartos de Final y una Semifinal, ser\u00e1n organizados por ERGO ARENA de Gdansk. La instalaci\u00f3n en Gda\u0144sk es un lugar donde en el pasado los jugadores [&hellip;]<\/p>\n","protected":false},"author":23,"featured_media":3008,"comment_status":"open","ping_status":"open","sticky":false,"template":"","format":"standard","meta":{"footnotes":""},"categories":[3],"tags":[],"class_list":["post-3007","post","type-post","status-publish","format-standard","has-post-thumbnail","hentry","category-balonmano"],"yoast_head":"<!-- This site is optimized with the Yoast SEO plugin v27.4 - https:\/\/yoast.com\/product\/yoast-seo-wordpress\/ -->\n<title>Artur Si\u00f3dmiak es el embajador del Mundial 2023 - Derosca<\/title>\n<meta name=\"robots\" content=\"index, follow, max-snippet:-1, max-image-preview:large, max-video-preview:-1\" \/>\n<link rel=\"canonical\" href=\"https:\/\/www.cope.es\/blogs\/derosca\/2022\/12\/12\/artur-siodmiak-es-el-embajador-el-mundial-2023\/\" \/>\n<meta property=\"og:locale\" content=\"es_ES\" \/>\n<meta property=\"og:type\" content=\"article\" \/>\n<meta property=\"og:title\" content=\"Artur Si\u00f3dmiak es el embajador del Mundial 2023 - Derosca\" \/>\n<meta property=\"og:description\" content=\"Artur Si\u00f3dmiak ser\u00e1 el embajador en Gda\u0144sk del Mundial de Balonmano 2023, que ser\u00e1 organizado conjuntamente por Polonia y Suecia el pr\u00f3ximo mes de Enero. Los partidos decisivos, dos Cuartos de Final y una Semifinal, ser\u00e1n organizados por ERGO ARENA de Gdansk. La instalaci\u00f3n en Gda\u0144sk es un lugar donde en el pasado los jugadores [&hellip;]\" \/>\n<meta property=\"og:url\" content=\"https:\/\/www.cope.es\/blogs\/derosca\/2022\/12\/12\/artur-siodmiak-es-el-embajador-el-mundial-2023\/\" \/>\n<meta property=\"og:site_name\" content=\"Derosca\" \/>\n<meta property=\"article:publisher\" content=\"https:\/\/www.facebook.com\/cope\/\" \/>\n<meta property=\"article:published_time\" content=\"2022-12-12T08:32:03+00:00\" \/>\n<meta property=\"article:modified_time\" content=\"2022-12-12T08:32:16+00:00\" \/>\n<meta property=\"og:image\" content=\"https:\/\/www.cope.es\/blogs\/derosca\/wp-content\/uploads\/sites\/22\/2022\/12\/Mundial-23.jpg\" \/>\n\t<meta property=\"og:image:width\" content=\"680\" \/>\n\t<meta property=\"og:image:height\" content=\"253\" \/>\n\t<meta property=\"og:image:type\" content=\"image\/jpeg\" \/>\n<meta name=\"author\" content=\"Luis Malvar\" \/>\n<meta name=\"twitter:card\" content=\"summary_large_image\" \/>\n<meta name=\"twitter:creator\" content=\"@cope_es\" \/>\n<meta name=\"twitter:site\" content=\"@cope_es\" \/>\n<meta name=\"twitter:label1\" content=\"Escrito por\" \/>\n\t<meta name=\"twitter:data1\" content=\"Luis Malvar\" \/>\n\t<meta name=\"twitter:label2\" content=\"Tiempo de lectura\" \/>\n\t<meta name=\"twitter:data2\" content=\"2 minutos\" \/>\n<script type=\"application\/ld+json\" class=\"yoast-schema-graph\">{\"@context\":\"https:\\\/\\\/schema.org\",\"@graph\":[{\"@type\":\"Article\",\"@id\":\"https:\\\/\\\/www.cope.es\\\/blogs\\\/derosca\\\/2022\\\/12\\\/12\\\/artur-siodmiak-es-el-embajador-el-mundial-2023\\\/#article\",\"isPartOf\":{\"@id\":\"https:\\\/\\\/www.cope.es\\\/blogs\\\/derosca\\\/2022\\\/12\\\/12\\\/artur-siodmiak-es-el-embajador-el-mundial-2023\\\/\"},\"author\":{\"name\":\"Luis Malvar\",\"@id\":\"https:\\\/\\\/www.cope.es\\\/blogs\\\/derosca\\\/#\\\/schema\\\/person\\\/02d6fa6fa8d8db60f83303875a4ff77f\"},\"headline\":\"Artur Si\u00f3dmiak es el embajador del Mundial 2023\",\"datePublished\":\"2022-12-12T08:32:03+00:00\",\"dateModified\":\"2022-12-12T08:32:16+00:00\",\"mainEntityOfPage\":{\"@id\":\"https:\\\/\\\/www.cope.es\\\/blogs\\\/derosca\\\/2022\\\/12\\\/12\\\/artur-siodmiak-es-el-embajador-el-mundial-2023\\\/\"},\"wordCount\":429,\"commentCount\":0,\"image\":{\"@id\":\"https:\\\/\\\/www.cope.es\\\/blogs\\\/derosca\\\/2022\\\/12\\\/12\\\/artur-siodmiak-es-el-embajador-el-mundial-2023\\\/#primaryimage\"},\"thumbnailUrl\":\"https:\\\/\\\/www.cope.es\\\/blogs\\\/derosca\\\/wp-content\\\/uploads\\\/sites\\\/22\\\/2022\\\/12\\\/Mundial-23.jpg\",\"articleSection\":[\"Balonmano\"],\"inLanguage\":\"es\",\"potentialAction\":[{\"@type\":\"CommentAction\",\"name\":\"Comment\",\"target\":[\"https:\\\/\\\/www.cope.es\\\/blogs\\\/derosca\\\/2022\\\/12\\\/12\\\/artur-siodmiak-es-el-embajador-el-mundial-2023\\\/#respond\"]}]},{\"@type\":\"WebPage\",\"@id\":\"https:\\\/\\\/www.cope.es\\\/blogs\\\/derosca\\\/2022\\\/12\\\/12\\\/artur-siodmiak-es-el-embajador-el-mundial-2023\\\/\",\"url\":\"https:\\\/\\\/www.cope.es\\\/blogs\\\/derosca\\\/2022\\\/12\\\/12\\\/artur-siodmiak-es-el-embajador-el-mundial-2023\\\/\",\"name\":\"Artur Si\u00f3dmiak es el embajador del Mundial 2023 - Derosca\",\"isPartOf\":{\"@id\":\"https:\\\/\\\/www.cope.es\\\/blogs\\\/derosca\\\/#website\"},\"primaryImageOfPage\":{\"@id\":\"https:\\\/\\\/www.cope.es\\\/blogs\\\/derosca\\\/2022\\\/12\\\/12\\\/artur-siodmiak-es-el-embajador-el-mundial-2023\\\/#primaryimage\"},\"image\":{\"@id\":\"https:\\\/\\\/www.cope.es\\\/blogs\\\/derosca\\\/2022\\\/12\\\/12\\\/artur-siodmiak-es-el-embajador-el-mundial-2023\\\/#primaryimage\"},\"thumbnailUrl\":\"https:\\\/\\\/www.cope.es\\\/blogs\\\/derosca\\\/wp-content\\\/uploads\\\/sites\\\/22\\\/2022\\\/12\\\/Mundial-23.jpg\",\"datePublished\":\"2022-12-12T08:32:03+00:00\",\"dateModified\":\"2022-12-12T08:32:16+00:00\",\"author\":{\"@id\":\"https:\\\/\\\/www.cope.es\\\/blogs\\\/derosca\\\/#\\\/schema\\\/person\\\/02d6fa6fa8d8db60f83303875a4ff77f\"},\"breadcrumb\":{\"@id\":\"https:\\\/\\\/www.cope.es\\\/blogs\\\/derosca\\\/2022\\\/12\\\/12\\\/artur-siodmiak-es-el-embajador-el-mundial-2023\\\/#breadcrumb\"},\"inLanguage\":\"es\",\"potentialAction\":[{\"@type\":\"ReadAction\",\"target\":[\"https:\\\/\\\/www.cope.es\\\/blogs\\\/derosca\\\/2022\\\/12\\\/12\\\/artur-siodmiak-es-el-embajador-el-mundial-2023\\\/\"]}]},{\"@type\":\"ImageObject\",\"inLanguage\":\"es\",\"@id\":\"https:\\\/\\\/www.cope.es\\\/blogs\\\/derosca\\\/2022\\\/12\\\/12\\\/artur-siodmiak-es-el-embajador-el-mundial-2023\\\/#primaryimage\",\"url\":\"https:\\\/\\\/www.cope.es\\\/blogs\\\/derosca\\\/wp-content\\\/uploads\\\/sites\\\/22\\\/2022\\\/12\\\/Mundial-23.jpg\",\"contentUrl\":\"https:\\\/\\\/www.cope.es\\\/blogs\\\/derosca\\\/wp-content\\\/uploads\\\/sites\\\/22\\\/2022\\\/12\\\/Mundial-23.jpg\",\"width\":680,\"height\":253,\"caption\":\"Artur Si\u00f3dmiak es el embajador el Mundial 2023\"},{\"@type\":\"BreadcrumbList\",\"@id\":\"https:\\\/\\\/www.cope.es\\\/blogs\\\/derosca\\\/2022\\\/12\\\/12\\\/artur-siodmiak-es-el-embajador-el-mundial-2023\\\/#breadcrumb\",\"itemListElement\":[{\"@type\":\"ListItem\",\"position\":1,\"name\":\"Portada\",\"item\":\"https:\\\/\\\/www.cope.es\\\/blogs\\\/derosca\\\/\"},{\"@type\":\"ListItem\",\"position\":2,\"name\":\"Artur Si\u00f3dmiak es el embajador del Mundial 2023\"}]},{\"@type\":\"WebSite\",\"@id\":\"https:\\\/\\\/www.cope.es\\\/blogs\\\/derosca\\\/#website\",\"url\":\"https:\\\/\\\/www.cope.es\\\/blogs\\\/derosca\\\/\",\"name\":\"Derosca\",\"description\":\"Blog de balonmano COPE\",\"potentialAction\":[{\"@type\":\"SearchAction\",\"target\":{\"@type\":\"EntryPoint\",\"urlTemplate\":\"https:\\\/\\\/www.cope.es\\\/blogs\\\/derosca\\\/?s={search_term_string}\"},\"query-input\":{\"@type\":\"PropertyValueSpecification\",\"valueRequired\":true,\"valueName\":\"search_term_string\"}}],\"inLanguage\":\"es\"},{\"@type\":\"Person\",\"@id\":\"https:\\\/\\\/www.cope.es\\\/blogs\\\/derosca\\\/#\\\/schema\\\/person\\\/02d6fa6fa8d8db60f83303875a4ff77f\",\"name\":\"Luis Malvar\",\"image\":{\"@type\":\"ImageObject\",\"inLanguage\":\"es\",\"@id\":\"https:\\\/\\\/secure.gravatar.com\\\/avatar\\\/23cd47dec2904689b3ccd32d1dd3e86c7cbf60dcf7376c68854f761a4939534f?s=96&d=mm&r=g\",\"url\":\"https:\\\/\\\/secure.gravatar.com\\\/avatar\\\/23cd47dec2904689b3ccd32d1dd3e86c7cbf60dcf7376c68854f761a4939534f?s=96&d=mm&r=g\",\"contentUrl\":\"https:\\\/\\\/secure.gravatar.com\\\/avatar\\\/23cd47dec2904689b3ccd32d1dd3e86c7cbf60dcf7376c68854f761a4939534f?s=96&d=mm&r=g\",\"caption\":\"Luis Malvar\"},\"description\":\"Comenc\u00e9 la andadura del Blog Derosca all\u00e1 por el 22 de Mayo de 2008. Un blog en el que se trata de llevar a los numerosos aficionados y amantes del mundo del balonmano toda la actualidad de nuestro apasionante deporte. Una ventana que sirve para dar luz a las innumerables noticias que genera el balonmano y que habitualmente no tienen reflejo en los medios de comunicaci\u00f3n. Sin lugar a dudas el Blog Derosca cuenta con un apartado que tiene a gala contar con miles de seguidores como es \u201cMis Pajaritos\u201d en donde se relatan y narran todas las intrahistorias que se generan en el balonmano espa\u00f1ol y que incomoda a m\u00e1s de uno que salgan a la luz.!Gracias por seguirnos durante todos estos a\u00f1os\u00a1\",\"sameAs\":[\"http:\\\/\\\/www.cope.es\",\"lmalvar\"],\"url\":\"https:\\\/\\\/www.cope.es\\\/blogs\\\/derosca\\\/author\\\/lmalvar\\\/\"}]}<\/script>\n<!-- \/ Yoast SEO plugin. -->","yoast_head_json":{"title":"Artur Si\u00f3dmiak es el embajador del Mundial 2023 - Derosca","robots":{"index":"index","follow":"follow","max-snippet":"max-snippet:-1","max-image-preview":"max-image-preview:large","max-video-preview":"max-video-preview:-1"},"canonical":"https:\/\/www.cope.es\/blogs\/derosca\/2022\/12\/12\/artur-siodmiak-es-el-embajador-el-mundial-2023\/","og_locale":"es_ES","og_type":"article","og_title":"Artur Si\u00f3dmiak es el embajador del Mundial 2023 - Derosca","og_description":"Artur Si\u00f3dmiak ser\u00e1 el embajador en Gda\u0144sk del Mundial de Balonmano 2023, que ser\u00e1 organizado conjuntamente por Polonia y Suecia el pr\u00f3ximo mes de Enero. Los partidos decisivos, dos Cuartos de Final y una Semifinal, ser\u00e1n organizados por ERGO ARENA de Gdansk. La instalaci\u00f3n en Gda\u0144sk es un lugar donde en el pasado los jugadores [&hellip;]","og_url":"https:\/\/www.cope.es\/blogs\/derosca\/2022\/12\/12\/artur-siodmiak-es-el-embajador-el-mundial-2023\/","og_site_name":"Derosca","article_publisher":"https:\/\/www.facebook.com\/cope\/","article_published_time":"2022-12-12T08:32:03+00:00","article_modified_time":"2022-12-12T08:32:16+00:00","og_image":[{"width":680,"height":253,"url":"https:\/\/www.cope.es\/blogs\/derosca\/wp-content\/uploads\/sites\/22\/2022\/12\/Mundial-23.jpg","type":"image\/jpeg"}],"author":"Luis Malvar","twitter_card":"summary_large_image","twitter_creator":"@cope_es","twitter_site":"@cope_es","twitter_misc":{"Escrito por":"Luis Malvar","Tiempo de lectura":"2 minutos"},"schema":{"@context":"https:\/\/schema.org","@graph":[{"@type":"Article","@id":"https:\/\/www.cope.es\/blogs\/derosca\/2022\/12\/12\/artur-siodmiak-es-el-embajador-el-mundial-2023\/#article","isPartOf":{"@id":"https:\/\/www.cope.es\/blogs\/derosca\/2022\/12\/12\/artur-siodmiak-es-el-embajador-el-mundial-2023\/"},"author":{"name":"Luis Malvar","@id":"https:\/\/www.cope.es\/blogs\/derosca\/#\/schema\/person\/02d6fa6fa8d8db60f83303875a4ff77f"},"headline":"Artur Si\u00f3dmiak es el embajador del Mundial 2023","datePublished":"2022-12-12T08:32:03+00:00","dateModified":"2022-12-12T08:32:16+00:00","mainEntityOfPage":{"@id":"https:\/\/www.cope.es\/blogs\/derosca\/2022\/12\/12\/artur-siodmiak-es-el-embajador-el-mundial-2023\/"},"wordCount":429,"commentCount":0,"image":{"@id":"https:\/\/www.cope.es\/blogs\/derosca\/2022\/12\/12\/artur-siodmiak-es-el-embajador-el-mundial-2023\/#primaryimage"},"thumbnailUrl":"https:\/\/www.cope.es\/blogs\/derosca\/wp-content\/uploads\/sites\/22\/2022\/12\/Mundial-23.jpg","articleSection":["Balonmano"],"inLanguage":"es","potentialAction":[{"@type":"CommentAction","name":"Comment","target":["https:\/\/www.cope.es\/blogs\/derosca\/2022\/12\/12\/artur-siodmiak-es-el-embajador-el-mundial-2023\/#respond"]}]},{"@type":"WebPage","@id":"https:\/\/www.cope.es\/blogs\/derosca\/2022\/12\/12\/artur-siodmiak-es-el-embajador-el-mundial-2023\/","url":"https:\/\/www.cope.es\/blogs\/derosca\/2022\/12\/12\/artur-siodmiak-es-el-embajador-el-mundial-2023\/","name":"Artur Si\u00f3dmiak es el embajador del Mundial 2023 - Derosca","isPartOf":{"@id":"https:\/\/www.cope.es\/blogs\/derosca\/#website"},"primaryImageOfPage":{"@id":"https:\/\/www.cope.es\/blogs\/derosca\/2022\/12\/12\/artur-siodmiak-es-el-embajador-el-mundial-2023\/#primaryimage"},"image":{"@id":"https:\/\/www.cope.es\/blogs\/derosca\/2022\/12\/12\/artur-siodmiak-es-el-embajador-el-mundial-2023\/#primaryimage"},"thumbnailUrl":"https:\/\/www.cope.es\/blogs\/derosca\/wp-content\/uploads\/sites\/22\/2022\/12\/Mundial-23.jpg","datePublished":"2022-12-12T08:32:03+00:00","dateModified":"2022-12-12T08:32:16+00:00","author":{"@id":"https:\/\/www.cope.es\/blogs\/derosca\/#\/schema\/person\/02d6fa6fa8d8db60f83303875a4ff77f"},"breadcrumb":{"@id":"https:\/\/www.cope.es\/blogs\/derosca\/2022\/12\/12\/artur-siodmiak-es-el-embajador-el-mundial-2023\/#breadcrumb"},"inLanguage":"es","potentialAction":[{"@type":"ReadAction","target":["https:\/\/www.cope.es\/blogs\/derosca\/2022\/12\/12\/artur-siodmiak-es-el-embajador-el-mundial-2023\/"]}]},{"@type":"ImageObject","inLanguage":"es","@id":"https:\/\/www.cope.es\/blogs\/derosca\/2022\/12\/12\/artur-siodmiak-es-el-embajador-el-mundial-2023\/#primaryimage","url":"https:\/\/www.cope.es\/blogs\/derosca\/wp-content\/uploads\/sites\/22\/2022\/12\/Mundial-23.jpg","contentUrl":"https:\/\/www.cope.es\/blogs\/derosca\/wp-content\/uploads\/sites\/22\/2022\/12\/Mundial-23.jpg","width":680,"height":253,"caption":"Artur Si\u00f3dmiak es el embajador el Mundial 2023"},{"@type":"BreadcrumbList","@id":"https:\/\/www.cope.es\/blogs\/derosca\/2022\/12\/12\/artur-siodmiak-es-el-embajador-el-mundial-2023\/#breadcrumb","itemListElement":[{"@type":"ListItem","position":1,"name":"Portada","item":"https:\/\/www.cope.es\/blogs\/derosca\/"},{"@type":"ListItem","position":2,"name":"Artur Si\u00f3dmiak es el embajador del Mundial 2023"}]},{"@type":"WebSite","@id":"https:\/\/www.cope.es\/blogs\/derosca\/#website","url":"https:\/\/www.cope.es\/blogs\/derosca\/","name":"Derosca","description":"Blog de balonmano COPE","potentialAction":[{"@type":"SearchAction","target":{"@type":"EntryPoint","urlTemplate":"https:\/\/www.cope.es\/blogs\/derosca\/?s={search_term_string}"},"query-input":{"@type":"PropertyValueSpecification","valueRequired":true,"valueName":"search_term_string"}}],"inLanguage":"es"},{"@type":"Person","@id":"https:\/\/www.cope.es\/blogs\/derosca\/#\/schema\/person\/02d6fa6fa8d8db60f83303875a4ff77f","name":"Luis Malvar","image":{"@type":"ImageObject","inLanguage":"es","@id":"https:\/\/secure.gravatar.com\/avatar\/23cd47dec2904689b3ccd32d1dd3e86c7cbf60dcf7376c68854f761a4939534f?s=96&d=mm&r=g","url":"https:\/\/secure.gravatar.com\/avatar\/23cd47dec2904689b3ccd32d1dd3e86c7cbf60dcf7376c68854f761a4939534f?s=96&d=mm&r=g","contentUrl":"https:\/\/secure.gravatar.com\/avatar\/23cd47dec2904689b3ccd32d1dd3e86c7cbf60dcf7376c68854f761a4939534f?s=96&d=mm&r=g","caption":"Luis Malvar"},"description":"Comenc\u00e9 la andadura del Blog Derosca all\u00e1 por el 22 de Mayo de 2008. Un blog en el que se trata de llevar a los numerosos aficionados y amantes del mundo del balonmano toda la actualidad de nuestro apasionante deporte. Una ventana que sirve para dar luz a las innumerables noticias que genera el balonmano y que habitualmente no tienen reflejo en los medios de comunicaci\u00f3n. Sin lugar a dudas el Blog Derosca cuenta con un apartado que tiene a gala contar con miles de seguidores como es \u201cMis Pajaritos\u201d en donde se relatan y narran todas las intrahistorias que se generan en el balonmano espa\u00f1ol y que incomoda a m\u00e1s de uno que salgan a la luz.!Gracias por seguirnos durante todos estos a\u00f1os\u00a1","sameAs":["http:\/\/www.cope.es","lmalvar"],"url":"https:\/\/www.cope.es\/blogs\/derosca\/author\/lmalvar\/"}]}},"amp_enabled":true,"_links":{"self":[{"href":"https:\/\/www.cope.es\/blogs\/derosca\/wp-json\/wp\/v2\/posts\/3007","targetHints":{"allow":["GET"]}}],"collection":[{"href":"https:\/\/www.cope.es\/blogs\/derosca\/wp-json\/wp\/v2\/posts"}],"about":[{"href":"https:\/\/www.cope.es\/blogs\/derosca\/wp-json\/wp\/v2\/types\/post"}],"author":[{"embeddable":true,"href":"https:\/\/www.cope.es\/blogs\/derosca\/wp-json\/wp\/v2\/users\/23"}],"replies":[{"embeddable":true,"href":"https:\/\/www.cope.es\/blogs\/derosca\/wp-json\/wp\/v2\/comments?post=3007"}],"version-history":[{"count":3,"href":"https:\/\/www.cope.es\/blogs\/derosca\/wp-json\/wp\/v2\/posts\/3007\/revisions"}],"predecessor-version":[{"id":3011,"href":"https:\/\/www.cope.es\/blogs\/derosca\/wp-json\/wp\/v2\/posts\/3007\/revisions\/3011"}],"wp:featuredmedia":[{"embeddable":true,"href":"https:\/\/www.cope.es\/blogs\/derosca\/wp-json\/wp\/v2\/media\/3008"}],"wp:attachment":[{"href":"https:\/\/www.cope.es\/blogs\/derosca\/wp-json\/wp\/v2\/media?parent=3007"}],"wp:term":[{"taxonomy":"category","embeddable":true,"href":"https:\/\/www.cope.es\/blogs\/derosca\/wp-json\/wp\/v2\/categories?post=3007"},{"taxonomy":"post_tag","embeddable":true,"href":"https:\/\/www.cope.es\/blogs\/derosca\/wp-json\/wp\/v2\/tags?post=3007"}],"curies":[{"name":"wp","href":"https:\/\/api.w.org\/{rel}","templated":true}]}}