{"id":289,"date":"2018-09-17T09:20:38","date_gmt":"2018-09-17T07:20:38","guid":{"rendered":"http:\/\/www.cope.es\/blogs\/derosca\/?p=289"},"modified":"2018-09-17T09:20:38","modified_gmt":"2018-09-17T07:20:38","slug":"los-embajadores-del-mundial-2019-siguen-trabajando-en-alemania","status":"publish","type":"post","link":"https:\/\/www.cope.es\/blogs\/derosca\/2018\/09\/17\/los-embajadores-del-mundial-2019-siguen-trabajando-en-alemania\/","title":{"rendered":"Los Embajadores del Mundial 2019 siguen trabajando en Alemania"},"content":{"rendered":"<p><span style=\"font-family: Arial, serif\"><span style=\"font-size: medium\">Los embajadores de Alemania en el Mundial 2019 siguen un buen ritmo de trabajo de cara a promocionar el evento. Los embajadores elegidos por la organizaci\u00f3n germana son caras famosas y conocidas en el mundo del balonmano y estar\u00e1n presentes en las sedes de Berl\u00edn, Hamburgo, Colonia y Munich.<\/span><\/span><\/p>\n<p><span style=\"font-family: Arial, serif\"><span style=\"font-size: medium\">Los jugadores que en su d\u00eda fueron Campeones del Mundo de 2007 como Pascal Hens y Henning Fritz son los embajadores de la ciudad de Hamburgo, mientras que el ex Seleccionador nacional Heiner Brand es el embajador de la localidad de Colonia. Por su parte Dominik Klein, tambi\u00e9n Campe\u00f3n del Mundo en 2007, representa a la ciudad de Munich. Finalmente el gran Stefan Kretzschmar, uno de los jugadores de balonmano alem\u00e1n m\u00e1s importantes de la historia, ir\u00e1 de la manos con estrellas de mundo del f\u00fatbol con sede en Berl\u00edn como Andreas Neuendorf y Torsten Mattuschka.<\/span><\/span><\/p>\n<p><span style=\"font-family: Arial, serif\"><span style=\"font-size: medium\">Recordemos que el m\u00edtico Kretzschmar tiene 45 a\u00f1os, jug\u00f3 218 partidos con la selecci\u00f3n de Alemania y que fue Medalla de Plata en los Juegos Ol\u00edmpicos de 2004, Campe\u00f3n del Europeo 202 y de la Liga de Campeones tambi\u00e9n en 2002. Stefan Kretzschmar comenz\u00f3 su exitosa carrera en la ciudad de Berl\u00edn y para \u00e9l es un gran honor ser el embajador de Berl\u00edn para el Mundial.<\/span><\/span><\/p>\n<p><span style=\"font-family: Arial, serif\"><span style=\"font-size: medium\">El embajador de la ciudad de Colonia, el gran Heiner Brand, que es el \u00fanico en el mundo del balonmano masculino que ha logrado ser Campe\u00f3n del Mundo como jugador y como entrenador junto al ruso Vladimir Maximov y al franc\u00e9s Didiert Dinart. A Brand le enorgullece asumir este papel como embajador en esta ciudad ya que vive cerca de Colonia y tiene una relaci\u00f3n muy especial con la ciudad y el LANXESS Arena. Un pabell\u00f3n polivalente y el m\u00e1s grande de toda Alemania.<\/span><\/span><\/p>\n<p><span style=\"font-family: Arial, serif\"><span style=\"font-size: medium\">Seguirnos en twitter:<\/span><\/span><span style=\"color: #3e3e3e\"><span style=\"font-family: Arial, serif\"><span style=\"font-size: medium\">\u00a0<\/span><\/span><\/span><a href=\"https:\/\/twitter.com\/\"><span style=\"color: #1e5592\"><span style=\"font-family: Arial, serif\"><span style=\"font-size: medium\"><u>https:\/\/twitter.com\/#!\/deroscacope<\/u><\/span><\/span><\/span><\/a><\/p>\n","protected":false},"excerpt":{"rendered":"<p>Los embajadores de Alemania en el Mundial 2019 siguen un buen ritmo de trabajo de cara a promocionar el evento. Los embajadores elegidos por la organizaci\u00f3n germana son caras famosas y conocidas en el mundo del balonmano y estar\u00e1n presentes en las sedes de Berl\u00edn, Hamburgo, Colonia y Munich. Los jugadores que en su d\u00eda [&hellip;]<\/p>\n","protected":false},"author":23,"featured_media":290,"comment_status":"open","ping_status":"open","sticky":false,"template":"","format":"standard","meta":{"footnotes":""},"categories":[3],"tags":[],"class_list":["post-289","post","type-post","status-publish","format-standard","has-post-thumbnail","hentry","category-balonmano"],"yoast_head":"<!-- This site is optimized with the Yoast SEO plugin v27.4 - https:\/\/yoast.com\/product\/yoast-seo-wordpress\/ -->\n<title>Los Embajadores del Mundial 2019 siguen trabajando en Alemania - Derosca<\/title>\n<meta name=\"robots\" content=\"index, follow, max-snippet:-1, max-image-preview:large, max-video-preview:-1\" \/>\n<link rel=\"canonical\" href=\"https:\/\/www.cope.es\/blogs\/derosca\/2018\/09\/17\/los-embajadores-del-mundial-2019-siguen-trabajando-en-alemania\/\" \/>\n<meta property=\"og:locale\" content=\"es_ES\" \/>\n<meta property=\"og:type\" content=\"article\" \/>\n<meta property=\"og:title\" content=\"Los Embajadores del Mundial 2019 siguen trabajando en Alemania - Derosca\" \/>\n<meta property=\"og:description\" content=\"Los embajadores de Alemania en el Mundial 2019 siguen un buen ritmo de trabajo de cara a promocionar el evento. Los embajadores elegidos por la organizaci\u00f3n germana son caras famosas y conocidas en el mundo del balonmano y estar\u00e1n presentes en las sedes de Berl\u00edn, Hamburgo, Colonia y Munich. Los jugadores que en su d\u00eda [&hellip;]\" \/>\n<meta property=\"og:url\" content=\"https:\/\/www.cope.es\/blogs\/derosca\/2018\/09\/17\/los-embajadores-del-mundial-2019-siguen-trabajando-en-alemania\/\" \/>\n<meta property=\"og:site_name\" content=\"Derosca\" \/>\n<meta property=\"article:publisher\" content=\"https:\/\/www.facebook.com\/cope\/\" \/>\n<meta property=\"article:published_time\" content=\"2018-09-17T07:20:38+00:00\" \/>\n<meta property=\"og:image\" content=\"https:\/\/www.cope.es\/blogs\/derosca\/wp-content\/uploads\/sites\/22\/2018\/09\/Mundial-725x319.jpg\" \/>\n\t<meta property=\"og:image:width\" content=\"725\" \/>\n\t<meta property=\"og:image:height\" content=\"319\" \/>\n\t<meta property=\"og:image:type\" content=\"image\/jpeg\" \/>\n<meta name=\"author\" content=\"Luis Malvar\" \/>\n<meta name=\"twitter:card\" content=\"summary_large_image\" \/>\n<meta name=\"twitter:creator\" content=\"@cope_es\" \/>\n<meta name=\"twitter:site\" content=\"@cope_es\" \/>\n<meta name=\"twitter:label1\" content=\"Escrito por\" \/>\n\t<meta name=\"twitter:data1\" content=\"Luis Malvar\" \/>\n\t<meta name=\"twitter:label2\" content=\"Tiempo de lectura\" \/>\n\t<meta name=\"twitter:data2\" content=\"2 minutos\" \/>\n<script type=\"application\/ld+json\" class=\"yoast-schema-graph\">{\"@context\":\"https:\\\/\\\/schema.org\",\"@graph\":[{\"@type\":\"Article\",\"@id\":\"https:\\\/\\\/www.cope.es\\\/blogs\\\/derosca\\\/2018\\\/09\\\/17\\\/los-embajadores-del-mundial-2019-siguen-trabajando-en-alemania\\\/#article\",\"isPartOf\":{\"@id\":\"https:\\\/\\\/www.cope.es\\\/blogs\\\/derosca\\\/2018\\\/09\\\/17\\\/los-embajadores-del-mundial-2019-siguen-trabajando-en-alemania\\\/\"},\"author\":{\"name\":\"Luis Malvar\",\"@id\":\"https:\\\/\\\/www.cope.es\\\/blogs\\\/derosca\\\/#\\\/schema\\\/person\\\/02d6fa6fa8d8db60f83303875a4ff77f\"},\"headline\":\"Los Embajadores del Mundial 2019 siguen trabajando en Alemania\",\"datePublished\":\"2018-09-17T07:20:38+00:00\",\"mainEntityOfPage\":{\"@id\":\"https:\\\/\\\/www.cope.es\\\/blogs\\\/derosca\\\/2018\\\/09\\\/17\\\/los-embajadores-del-mundial-2019-siguen-trabajando-en-alemania\\\/\"},\"wordCount\":326,\"commentCount\":0,\"image\":{\"@id\":\"https:\\\/\\\/www.cope.es\\\/blogs\\\/derosca\\\/2018\\\/09\\\/17\\\/los-embajadores-del-mundial-2019-siguen-trabajando-en-alemania\\\/#primaryimage\"},\"thumbnailUrl\":\"https:\\\/\\\/www.cope.es\\\/blogs\\\/derosca\\\/wp-content\\\/uploads\\\/sites\\\/22\\\/2018\\\/09\\\/Mundial-725x319.jpg\",\"articleSection\":[\"Balonmano\"],\"inLanguage\":\"es\",\"potentialAction\":[{\"@type\":\"CommentAction\",\"name\":\"Comment\",\"target\":[\"https:\\\/\\\/www.cope.es\\\/blogs\\\/derosca\\\/2018\\\/09\\\/17\\\/los-embajadores-del-mundial-2019-siguen-trabajando-en-alemania\\\/#respond\"]}]},{\"@type\":\"WebPage\",\"@id\":\"https:\\\/\\\/www.cope.es\\\/blogs\\\/derosca\\\/2018\\\/09\\\/17\\\/los-embajadores-del-mundial-2019-siguen-trabajando-en-alemania\\\/\",\"url\":\"https:\\\/\\\/www.cope.es\\\/blogs\\\/derosca\\\/2018\\\/09\\\/17\\\/los-embajadores-del-mundial-2019-siguen-trabajando-en-alemania\\\/\",\"name\":\"Los Embajadores del Mundial 2019 siguen trabajando en Alemania - Derosca\",\"isPartOf\":{\"@id\":\"https:\\\/\\\/www.cope.es\\\/blogs\\\/derosca\\\/#website\"},\"primaryImageOfPage\":{\"@id\":\"https:\\\/\\\/www.cope.es\\\/blogs\\\/derosca\\\/2018\\\/09\\\/17\\\/los-embajadores-del-mundial-2019-siguen-trabajando-en-alemania\\\/#primaryimage\"},\"image\":{\"@id\":\"https:\\\/\\\/www.cope.es\\\/blogs\\\/derosca\\\/2018\\\/09\\\/17\\\/los-embajadores-del-mundial-2019-siguen-trabajando-en-alemania\\\/#primaryimage\"},\"thumbnailUrl\":\"https:\\\/\\\/www.cope.es\\\/blogs\\\/derosca\\\/wp-content\\\/uploads\\\/sites\\\/22\\\/2018\\\/09\\\/Mundial-725x319.jpg\",\"datePublished\":\"2018-09-17T07:20:38+00:00\",\"author\":{\"@id\":\"https:\\\/\\\/www.cope.es\\\/blogs\\\/derosca\\\/#\\\/schema\\\/person\\\/02d6fa6fa8d8db60f83303875a4ff77f\"},\"breadcrumb\":{\"@id\":\"https:\\\/\\\/www.cope.es\\\/blogs\\\/derosca\\\/2018\\\/09\\\/17\\\/los-embajadores-del-mundial-2019-siguen-trabajando-en-alemania\\\/#breadcrumb\"},\"inLanguage\":\"es\",\"potentialAction\":[{\"@type\":\"ReadAction\",\"target\":[\"https:\\\/\\\/www.cope.es\\\/blogs\\\/derosca\\\/2018\\\/09\\\/17\\\/los-embajadores-del-mundial-2019-siguen-trabajando-en-alemania\\\/\"]}]},{\"@type\":\"ImageObject\",\"inLanguage\":\"es\",\"@id\":\"https:\\\/\\\/www.cope.es\\\/blogs\\\/derosca\\\/2018\\\/09\\\/17\\\/los-embajadores-del-mundial-2019-siguen-trabajando-en-alemania\\\/#primaryimage\",\"url\":\"https:\\\/\\\/www.cope.es\\\/blogs\\\/derosca\\\/wp-content\\\/uploads\\\/sites\\\/22\\\/2018\\\/09\\\/Mundial-725x319.jpg\",\"contentUrl\":\"https:\\\/\\\/www.cope.es\\\/blogs\\\/derosca\\\/wp-content\\\/uploads\\\/sites\\\/22\\\/2018\\\/09\\\/Mundial-725x319.jpg\",\"width\":725,\"height\":319,\"caption\":\"Los Embajadores del Mundial 2019 siguen trabajando en Alemania\"},{\"@type\":\"BreadcrumbList\",\"@id\":\"https:\\\/\\\/www.cope.es\\\/blogs\\\/derosca\\\/2018\\\/09\\\/17\\\/los-embajadores-del-mundial-2019-siguen-trabajando-en-alemania\\\/#breadcrumb\",\"itemListElement\":[{\"@type\":\"ListItem\",\"position\":1,\"name\":\"Portada\",\"item\":\"https:\\\/\\\/www.cope.es\\\/blogs\\\/derosca\\\/\"},{\"@type\":\"ListItem\",\"position\":2,\"name\":\"Los Embajadores del Mundial 2019 siguen trabajando en Alemania\"}]},{\"@type\":\"WebSite\",\"@id\":\"https:\\\/\\\/www.cope.es\\\/blogs\\\/derosca\\\/#website\",\"url\":\"https:\\\/\\\/www.cope.es\\\/blogs\\\/derosca\\\/\",\"name\":\"Derosca\",\"description\":\"Blog de balonmano COPE\",\"potentialAction\":[{\"@type\":\"SearchAction\",\"target\":{\"@type\":\"EntryPoint\",\"urlTemplate\":\"https:\\\/\\\/www.cope.es\\\/blogs\\\/derosca\\\/?s={search_term_string}\"},\"query-input\":{\"@type\":\"PropertyValueSpecification\",\"valueRequired\":true,\"valueName\":\"search_term_string\"}}],\"inLanguage\":\"es\"},{\"@type\":\"Person\",\"@id\":\"https:\\\/\\\/www.cope.es\\\/blogs\\\/derosca\\\/#\\\/schema\\\/person\\\/02d6fa6fa8d8db60f83303875a4ff77f\",\"name\":\"Luis Malvar\",\"image\":{\"@type\":\"ImageObject\",\"inLanguage\":\"es\",\"@id\":\"https:\\\/\\\/secure.gravatar.com\\\/avatar\\\/23cd47dec2904689b3ccd32d1dd3e86c7cbf60dcf7376c68854f761a4939534f?s=96&d=mm&r=g\",\"url\":\"https:\\\/\\\/secure.gravatar.com\\\/avatar\\\/23cd47dec2904689b3ccd32d1dd3e86c7cbf60dcf7376c68854f761a4939534f?s=96&d=mm&r=g\",\"contentUrl\":\"https:\\\/\\\/secure.gravatar.com\\\/avatar\\\/23cd47dec2904689b3ccd32d1dd3e86c7cbf60dcf7376c68854f761a4939534f?s=96&d=mm&r=g\",\"caption\":\"Luis Malvar\"},\"description\":\"Comenc\u00e9 la andadura del Blog Derosca all\u00e1 por el 22 de Mayo de 2008. Un blog en el que se trata de llevar a los numerosos aficionados y amantes del mundo del balonmano toda la actualidad de nuestro apasionante deporte. Una ventana que sirve para dar luz a las innumerables noticias que genera el balonmano y que habitualmente no tienen reflejo en los medios de comunicaci\u00f3n. Sin lugar a dudas el Blog Derosca cuenta con un apartado que tiene a gala contar con miles de seguidores como es \u201cMis Pajaritos\u201d en donde se relatan y narran todas las intrahistorias que se generan en el balonmano espa\u00f1ol y que incomoda a m\u00e1s de uno que salgan a la luz.!Gracias por seguirnos durante todos estos a\u00f1os\u00a1\",\"sameAs\":[\"http:\\\/\\\/www.cope.es\",\"lmalvar\"],\"url\":\"https:\\\/\\\/www.cope.es\\\/blogs\\\/derosca\\\/author\\\/lmalvar\\\/\"}]}<\/script>\n<!-- \/ Yoast SEO plugin. -->","yoast_head_json":{"title":"Los Embajadores del Mundial 2019 siguen trabajando en Alemania - Derosca","robots":{"index":"index","follow":"follow","max-snippet":"max-snippet:-1","max-image-preview":"max-image-preview:large","max-video-preview":"max-video-preview:-1"},"canonical":"https:\/\/www.cope.es\/blogs\/derosca\/2018\/09\/17\/los-embajadores-del-mundial-2019-siguen-trabajando-en-alemania\/","og_locale":"es_ES","og_type":"article","og_title":"Los Embajadores del Mundial 2019 siguen trabajando en Alemania - Derosca","og_description":"Los embajadores de Alemania en el Mundial 2019 siguen un buen ritmo de trabajo de cara a promocionar el evento. Los embajadores elegidos por la organizaci\u00f3n germana son caras famosas y conocidas en el mundo del balonmano y estar\u00e1n presentes en las sedes de Berl\u00edn, Hamburgo, Colonia y Munich. Los jugadores que en su d\u00eda [&hellip;]","og_url":"https:\/\/www.cope.es\/blogs\/derosca\/2018\/09\/17\/los-embajadores-del-mundial-2019-siguen-trabajando-en-alemania\/","og_site_name":"Derosca","article_publisher":"https:\/\/www.facebook.com\/cope\/","article_published_time":"2018-09-17T07:20:38+00:00","og_image":[{"width":725,"height":319,"url":"https:\/\/www.cope.es\/blogs\/derosca\/wp-content\/uploads\/sites\/22\/2018\/09\/Mundial-725x319.jpg","type":"image\/jpeg"}],"author":"Luis Malvar","twitter_card":"summary_large_image","twitter_creator":"@cope_es","twitter_site":"@cope_es","twitter_misc":{"Escrito por":"Luis Malvar","Tiempo de lectura":"2 minutos"},"schema":{"@context":"https:\/\/schema.org","@graph":[{"@type":"Article","@id":"https:\/\/www.cope.es\/blogs\/derosca\/2018\/09\/17\/los-embajadores-del-mundial-2019-siguen-trabajando-en-alemania\/#article","isPartOf":{"@id":"https:\/\/www.cope.es\/blogs\/derosca\/2018\/09\/17\/los-embajadores-del-mundial-2019-siguen-trabajando-en-alemania\/"},"author":{"name":"Luis Malvar","@id":"https:\/\/www.cope.es\/blogs\/derosca\/#\/schema\/person\/02d6fa6fa8d8db60f83303875a4ff77f"},"headline":"Los Embajadores del Mundial 2019 siguen trabajando en Alemania","datePublished":"2018-09-17T07:20:38+00:00","mainEntityOfPage":{"@id":"https:\/\/www.cope.es\/blogs\/derosca\/2018\/09\/17\/los-embajadores-del-mundial-2019-siguen-trabajando-en-alemania\/"},"wordCount":326,"commentCount":0,"image":{"@id":"https:\/\/www.cope.es\/blogs\/derosca\/2018\/09\/17\/los-embajadores-del-mundial-2019-siguen-trabajando-en-alemania\/#primaryimage"},"thumbnailUrl":"https:\/\/www.cope.es\/blogs\/derosca\/wp-content\/uploads\/sites\/22\/2018\/09\/Mundial-725x319.jpg","articleSection":["Balonmano"],"inLanguage":"es","potentialAction":[{"@type":"CommentAction","name":"Comment","target":["https:\/\/www.cope.es\/blogs\/derosca\/2018\/09\/17\/los-embajadores-del-mundial-2019-siguen-trabajando-en-alemania\/#respond"]}]},{"@type":"WebPage","@id":"https:\/\/www.cope.es\/blogs\/derosca\/2018\/09\/17\/los-embajadores-del-mundial-2019-siguen-trabajando-en-alemania\/","url":"https:\/\/www.cope.es\/blogs\/derosca\/2018\/09\/17\/los-embajadores-del-mundial-2019-siguen-trabajando-en-alemania\/","name":"Los Embajadores del Mundial 2019 siguen trabajando en Alemania - Derosca","isPartOf":{"@id":"https:\/\/www.cope.es\/blogs\/derosca\/#website"},"primaryImageOfPage":{"@id":"https:\/\/www.cope.es\/blogs\/derosca\/2018\/09\/17\/los-embajadores-del-mundial-2019-siguen-trabajando-en-alemania\/#primaryimage"},"image":{"@id":"https:\/\/www.cope.es\/blogs\/derosca\/2018\/09\/17\/los-embajadores-del-mundial-2019-siguen-trabajando-en-alemania\/#primaryimage"},"thumbnailUrl":"https:\/\/www.cope.es\/blogs\/derosca\/wp-content\/uploads\/sites\/22\/2018\/09\/Mundial-725x319.jpg","datePublished":"2018-09-17T07:20:38+00:00","author":{"@id":"https:\/\/www.cope.es\/blogs\/derosca\/#\/schema\/person\/02d6fa6fa8d8db60f83303875a4ff77f"},"breadcrumb":{"@id":"https:\/\/www.cope.es\/blogs\/derosca\/2018\/09\/17\/los-embajadores-del-mundial-2019-siguen-trabajando-en-alemania\/#breadcrumb"},"inLanguage":"es","potentialAction":[{"@type":"ReadAction","target":["https:\/\/www.cope.es\/blogs\/derosca\/2018\/09\/17\/los-embajadores-del-mundial-2019-siguen-trabajando-en-alemania\/"]}]},{"@type":"ImageObject","inLanguage":"es","@id":"https:\/\/www.cope.es\/blogs\/derosca\/2018\/09\/17\/los-embajadores-del-mundial-2019-siguen-trabajando-en-alemania\/#primaryimage","url":"https:\/\/www.cope.es\/blogs\/derosca\/wp-content\/uploads\/sites\/22\/2018\/09\/Mundial-725x319.jpg","contentUrl":"https:\/\/www.cope.es\/blogs\/derosca\/wp-content\/uploads\/sites\/22\/2018\/09\/Mundial-725x319.jpg","width":725,"height":319,"caption":"Los Embajadores del Mundial 2019 siguen trabajando en Alemania"},{"@type":"BreadcrumbList","@id":"https:\/\/www.cope.es\/blogs\/derosca\/2018\/09\/17\/los-embajadores-del-mundial-2019-siguen-trabajando-en-alemania\/#breadcrumb","itemListElement":[{"@type":"ListItem","position":1,"name":"Portada","item":"https:\/\/www.cope.es\/blogs\/derosca\/"},{"@type":"ListItem","position":2,"name":"Los Embajadores del Mundial 2019 siguen trabajando en Alemania"}]},{"@type":"WebSite","@id":"https:\/\/www.cope.es\/blogs\/derosca\/#website","url":"https:\/\/www.cope.es\/blogs\/derosca\/","name":"Derosca","description":"Blog de balonmano COPE","potentialAction":[{"@type":"SearchAction","target":{"@type":"EntryPoint","urlTemplate":"https:\/\/www.cope.es\/blogs\/derosca\/?s={search_term_string}"},"query-input":{"@type":"PropertyValueSpecification","valueRequired":true,"valueName":"search_term_string"}}],"inLanguage":"es"},{"@type":"Person","@id":"https:\/\/www.cope.es\/blogs\/derosca\/#\/schema\/person\/02d6fa6fa8d8db60f83303875a4ff77f","name":"Luis Malvar","image":{"@type":"ImageObject","inLanguage":"es","@id":"https:\/\/secure.gravatar.com\/avatar\/23cd47dec2904689b3ccd32d1dd3e86c7cbf60dcf7376c68854f761a4939534f?s=96&d=mm&r=g","url":"https:\/\/secure.gravatar.com\/avatar\/23cd47dec2904689b3ccd32d1dd3e86c7cbf60dcf7376c68854f761a4939534f?s=96&d=mm&r=g","contentUrl":"https:\/\/secure.gravatar.com\/avatar\/23cd47dec2904689b3ccd32d1dd3e86c7cbf60dcf7376c68854f761a4939534f?s=96&d=mm&r=g","caption":"Luis Malvar"},"description":"Comenc\u00e9 la andadura del Blog Derosca all\u00e1 por el 22 de Mayo de 2008. Un blog en el que se trata de llevar a los numerosos aficionados y amantes del mundo del balonmano toda la actualidad de nuestro apasionante deporte. Una ventana que sirve para dar luz a las innumerables noticias que genera el balonmano y que habitualmente no tienen reflejo en los medios de comunicaci\u00f3n. Sin lugar a dudas el Blog Derosca cuenta con un apartado que tiene a gala contar con miles de seguidores como es \u201cMis Pajaritos\u201d en donde se relatan y narran todas las intrahistorias que se generan en el balonmano espa\u00f1ol y que incomoda a m\u00e1s de uno que salgan a la luz.!Gracias por seguirnos durante todos estos a\u00f1os\u00a1","sameAs":["http:\/\/www.cope.es","lmalvar"],"url":"https:\/\/www.cope.es\/blogs\/derosca\/author\/lmalvar\/"}]}},"amp_enabled":true,"_links":{"self":[{"href":"https:\/\/www.cope.es\/blogs\/derosca\/wp-json\/wp\/v2\/posts\/289","targetHints":{"allow":["GET"]}}],"collection":[{"href":"https:\/\/www.cope.es\/blogs\/derosca\/wp-json\/wp\/v2\/posts"}],"about":[{"href":"https:\/\/www.cope.es\/blogs\/derosca\/wp-json\/wp\/v2\/types\/post"}],"author":[{"embeddable":true,"href":"https:\/\/www.cope.es\/blogs\/derosca\/wp-json\/wp\/v2\/users\/23"}],"replies":[{"embeddable":true,"href":"https:\/\/www.cope.es\/blogs\/derosca\/wp-json\/wp\/v2\/comments?post=289"}],"version-history":[{"count":1,"href":"https:\/\/www.cope.es\/blogs\/derosca\/wp-json\/wp\/v2\/posts\/289\/revisions"}],"predecessor-version":[{"id":291,"href":"https:\/\/www.cope.es\/blogs\/derosca\/wp-json\/wp\/v2\/posts\/289\/revisions\/291"}],"wp:featuredmedia":[{"embeddable":true,"href":"https:\/\/www.cope.es\/blogs\/derosca\/wp-json\/wp\/v2\/media\/290"}],"wp:attachment":[{"href":"https:\/\/www.cope.es\/blogs\/derosca\/wp-json\/wp\/v2\/media?parent=289"}],"wp:term":[{"taxonomy":"category","embeddable":true,"href":"https:\/\/www.cope.es\/blogs\/derosca\/wp-json\/wp\/v2\/categories?post=289"},{"taxonomy":"post_tag","embeddable":true,"href":"https:\/\/www.cope.es\/blogs\/derosca\/wp-json\/wp\/v2\/tags?post=289"}],"curies":[{"name":"wp","href":"https:\/\/api.w.org\/{rel}","templated":true}]}}