{"id":2812,"date":"2022-09-05T09:03:42","date_gmt":"2022-09-05T07:03:42","guid":{"rendered":"http:\/\/www.cope.es\/blogs\/derosca\/?p=2812"},"modified":"2022-09-05T09:03:42","modified_gmt":"2022-09-05T07:03:42","slug":"igor-vori-esta-temporada-entrena-al-legendario-grosswallstadt","status":"publish","type":"post","link":"https:\/\/www.cope.es\/blogs\/derosca\/2022\/09\/05\/igor-vori-esta-temporada-entrena-al-legendario-grosswallstadt\/","title":{"rendered":"Igor Vori esta temporada entrena al legendario  Grosswallstadt"},"content":{"rendered":"<p><span style=\"color: #111111\"><span style=\"font-family: Arial, sans-serif\"><span style=\"font-size: medium\">Uno de los fichajes estrella en los banquillos de la 2\u00aa Divisi\u00f3n alemana ha sido al contrataci\u00f3n del Igor Vori como entrenador del m\u00edtico Grosswallstadt. Mientras que el club de la 2\u00aa Divisi\u00f3n alemana TV Grosswallstadt consigui\u00f3 en su momento aguantar tras una temporada \u00e9pica y una sorprendente \u00faltima jornada de campeonato, el antiguo club de Jackson Richardson ha nombrado el pasado mes de Julio como nuevo entrenador a la leyenda croata Igor Vori. Bien conocido por los jugadores de balonmano franceses ya que visti\u00f3 la camiseta de balonmano del PSG durante varias temporadas as\u00ed como la de la Selecci\u00f3n croata.<\/span><\/span><\/span><\/p>\n<p><span style=\"color: #111111\"><span style=\"font-family: Arial, sans-serif\"><span style=\"font-size: medium\">Recordemos que Igor Vori hab\u00eda terminado su carrera en el a\u00f1o 2020 con el club RK Zagreb para convertirse en su principal entrenador. Sin embargo, sali\u00f3 de su retiro durante el transcurso de la temporada pasada para ayudar al Fuchse Berlin como jugador.<\/span><\/span><\/span><\/p>\n<p><span style=\"color: #111111\"><span style=\"font-family: Arial, sans-serif\"><span style=\"font-size: medium\">El ex p\u00edvot ha dejado su puesto de entrenador de equipos j\u00f3venes dentro de la federaci\u00f3n croata para dedicarse de lleno al nuevo reto alem\u00e1n. Est\u00e1 comprometido con el conjunto germano del Grosswallstadt hasta Junio de 2024.<\/span><\/span><\/span><\/p>\n<p><span style=\"color: #3e3e3e\"><span style=\"font-family: Arial, sans-serif\"><span style=\"font-size: medium\">Seguirnos en twitter: <\/span><\/span><\/span><span style=\"color: #000080\"><span><u><a href=\"https:\/\/twitter.com\/\"><span style=\"color: #0000ff\"><span style=\"font-family: Arial, sans-serif\"><span style=\"font-size: medium\">https:\/\/twitter.com\/#!\/deroscacope<\/span><\/span><\/span><\/a><\/u><\/span><\/span><\/p>\n","protected":false},"excerpt":{"rendered":"<p>Uno de los fichajes estrella en los banquillos de la 2\u00aa Divisi\u00f3n alemana ha sido al contrataci\u00f3n del Igor Vori como entrenador del m\u00edtico Grosswallstadt. Mientras que el club de la 2\u00aa Divisi\u00f3n alemana TV Grosswallstadt consigui\u00f3 en su momento aguantar tras una temporada \u00e9pica y una sorprendente \u00faltima jornada de campeonato, el antiguo club [&hellip;]<\/p>\n","protected":false},"author":23,"featured_media":2813,"comment_status":"open","ping_status":"open","sticky":false,"template":"","format":"standard","meta":{"footnotes":""},"categories":[3],"tags":[],"class_list":["post-2812","post","type-post","status-publish","format-standard","has-post-thumbnail","hentry","category-balonmano"],"yoast_head":"<!-- This site is optimized with the Yoast SEO plugin v27.4 - https:\/\/yoast.com\/product\/yoast-seo-wordpress\/ -->\n<title>Igor Vori esta temporada entrena al legendario Grosswallstadt - Derosca<\/title>\n<meta name=\"robots\" content=\"index, follow, max-snippet:-1, max-image-preview:large, max-video-preview:-1\" \/>\n<link rel=\"canonical\" href=\"https:\/\/www.cope.es\/blogs\/derosca\/2022\/09\/05\/igor-vori-esta-temporada-entrena-al-legendario-grosswallstadt\/\" \/>\n<meta property=\"og:locale\" content=\"es_ES\" \/>\n<meta property=\"og:type\" content=\"article\" \/>\n<meta property=\"og:title\" content=\"Igor Vori esta temporada entrena al legendario Grosswallstadt - Derosca\" \/>\n<meta property=\"og:description\" content=\"Uno de los fichajes estrella en los banquillos de la 2\u00aa Divisi\u00f3n alemana ha sido al contrataci\u00f3n del Igor Vori como entrenador del m\u00edtico Grosswallstadt. Mientras que el club de la 2\u00aa Divisi\u00f3n alemana TV Grosswallstadt consigui\u00f3 en su momento aguantar tras una temporada \u00e9pica y una sorprendente \u00faltima jornada de campeonato, el antiguo club [&hellip;]\" \/>\n<meta property=\"og:url\" content=\"https:\/\/www.cope.es\/blogs\/derosca\/2022\/09\/05\/igor-vori-esta-temporada-entrena-al-legendario-grosswallstadt\/\" \/>\n<meta property=\"og:site_name\" content=\"Derosca\" \/>\n<meta property=\"article:publisher\" content=\"https:\/\/www.facebook.com\/cope\/\" \/>\n<meta property=\"article:published_time\" content=\"2022-09-05T07:03:42+00:00\" \/>\n<meta property=\"og:image\" content=\"https:\/\/www.cope.es\/blogs\/derosca\/wp-content\/uploads\/sites\/22\/2022\/09\/16342ad3c32054221f1a.jpg\" \/>\n\t<meta property=\"og:image:width\" content=\"680\" \/>\n\t<meta property=\"og:image:height\" content=\"509\" \/>\n\t<meta property=\"og:image:type\" content=\"image\/jpeg\" \/>\n<meta name=\"author\" content=\"Luis Malvar\" \/>\n<meta name=\"twitter:card\" content=\"summary_large_image\" \/>\n<meta name=\"twitter:creator\" content=\"@cope_es\" \/>\n<meta name=\"twitter:site\" content=\"@cope_es\" \/>\n<meta name=\"twitter:label1\" content=\"Escrito por\" \/>\n\t<meta name=\"twitter:data1\" content=\"Luis Malvar\" \/>\n\t<meta name=\"twitter:label2\" content=\"Tiempo de lectura\" \/>\n\t<meta name=\"twitter:data2\" content=\"1 minuto\" \/>\n<script type=\"application\/ld+json\" class=\"yoast-schema-graph\">{\"@context\":\"https:\\\/\\\/schema.org\",\"@graph\":[{\"@type\":\"Article\",\"@id\":\"https:\\\/\\\/www.cope.es\\\/blogs\\\/derosca\\\/2022\\\/09\\\/05\\\/igor-vori-esta-temporada-entrena-al-legendario-grosswallstadt\\\/#article\",\"isPartOf\":{\"@id\":\"https:\\\/\\\/www.cope.es\\\/blogs\\\/derosca\\\/2022\\\/09\\\/05\\\/igor-vori-esta-temporada-entrena-al-legendario-grosswallstadt\\\/\"},\"author\":{\"name\":\"Luis Malvar\",\"@id\":\"https:\\\/\\\/www.cope.es\\\/blogs\\\/derosca\\\/#\\\/schema\\\/person\\\/02d6fa6fa8d8db60f83303875a4ff77f\"},\"headline\":\"Igor Vori esta temporada entrena al legendario Grosswallstadt\",\"datePublished\":\"2022-09-05T07:03:42+00:00\",\"mainEntityOfPage\":{\"@id\":\"https:\\\/\\\/www.cope.es\\\/blogs\\\/derosca\\\/2022\\\/09\\\/05\\\/igor-vori-esta-temporada-entrena-al-legendario-grosswallstadt\\\/\"},\"wordCount\":203,\"commentCount\":0,\"image\":{\"@id\":\"https:\\\/\\\/www.cope.es\\\/blogs\\\/derosca\\\/2022\\\/09\\\/05\\\/igor-vori-esta-temporada-entrena-al-legendario-grosswallstadt\\\/#primaryimage\"},\"thumbnailUrl\":\"https:\\\/\\\/www.cope.es\\\/blogs\\\/derosca\\\/wp-content\\\/uploads\\\/sites\\\/22\\\/2022\\\/09\\\/16342ad3c32054221f1a.jpg\",\"articleSection\":[\"Balonmano\"],\"inLanguage\":\"es\",\"potentialAction\":[{\"@type\":\"CommentAction\",\"name\":\"Comment\",\"target\":[\"https:\\\/\\\/www.cope.es\\\/blogs\\\/derosca\\\/2022\\\/09\\\/05\\\/igor-vori-esta-temporada-entrena-al-legendario-grosswallstadt\\\/#respond\"]}]},{\"@type\":\"WebPage\",\"@id\":\"https:\\\/\\\/www.cope.es\\\/blogs\\\/derosca\\\/2022\\\/09\\\/05\\\/igor-vori-esta-temporada-entrena-al-legendario-grosswallstadt\\\/\",\"url\":\"https:\\\/\\\/www.cope.es\\\/blogs\\\/derosca\\\/2022\\\/09\\\/05\\\/igor-vori-esta-temporada-entrena-al-legendario-grosswallstadt\\\/\",\"name\":\"Igor Vori esta temporada entrena al legendario Grosswallstadt - Derosca\",\"isPartOf\":{\"@id\":\"https:\\\/\\\/www.cope.es\\\/blogs\\\/derosca\\\/#website\"},\"primaryImageOfPage\":{\"@id\":\"https:\\\/\\\/www.cope.es\\\/blogs\\\/derosca\\\/2022\\\/09\\\/05\\\/igor-vori-esta-temporada-entrena-al-legendario-grosswallstadt\\\/#primaryimage\"},\"image\":{\"@id\":\"https:\\\/\\\/www.cope.es\\\/blogs\\\/derosca\\\/2022\\\/09\\\/05\\\/igor-vori-esta-temporada-entrena-al-legendario-grosswallstadt\\\/#primaryimage\"},\"thumbnailUrl\":\"https:\\\/\\\/www.cope.es\\\/blogs\\\/derosca\\\/wp-content\\\/uploads\\\/sites\\\/22\\\/2022\\\/09\\\/16342ad3c32054221f1a.jpg\",\"datePublished\":\"2022-09-05T07:03:42+00:00\",\"author\":{\"@id\":\"https:\\\/\\\/www.cope.es\\\/blogs\\\/derosca\\\/#\\\/schema\\\/person\\\/02d6fa6fa8d8db60f83303875a4ff77f\"},\"breadcrumb\":{\"@id\":\"https:\\\/\\\/www.cope.es\\\/blogs\\\/derosca\\\/2022\\\/09\\\/05\\\/igor-vori-esta-temporada-entrena-al-legendario-grosswallstadt\\\/#breadcrumb\"},\"inLanguage\":\"es\",\"potentialAction\":[{\"@type\":\"ReadAction\",\"target\":[\"https:\\\/\\\/www.cope.es\\\/blogs\\\/derosca\\\/2022\\\/09\\\/05\\\/igor-vori-esta-temporada-entrena-al-legendario-grosswallstadt\\\/\"]}]},{\"@type\":\"ImageObject\",\"inLanguage\":\"es\",\"@id\":\"https:\\\/\\\/www.cope.es\\\/blogs\\\/derosca\\\/2022\\\/09\\\/05\\\/igor-vori-esta-temporada-entrena-al-legendario-grosswallstadt\\\/#primaryimage\",\"url\":\"https:\\\/\\\/www.cope.es\\\/blogs\\\/derosca\\\/wp-content\\\/uploads\\\/sites\\\/22\\\/2022\\\/09\\\/16342ad3c32054221f1a.jpg\",\"contentUrl\":\"https:\\\/\\\/www.cope.es\\\/blogs\\\/derosca\\\/wp-content\\\/uploads\\\/sites\\\/22\\\/2022\\\/09\\\/16342ad3c32054221f1a.jpg\",\"width\":680,\"height\":509,\"caption\":\"Igor Vori esta temporada entrena al legendario Grosswallstadt\"},{\"@type\":\"BreadcrumbList\",\"@id\":\"https:\\\/\\\/www.cope.es\\\/blogs\\\/derosca\\\/2022\\\/09\\\/05\\\/igor-vori-esta-temporada-entrena-al-legendario-grosswallstadt\\\/#breadcrumb\",\"itemListElement\":[{\"@type\":\"ListItem\",\"position\":1,\"name\":\"Portada\",\"item\":\"https:\\\/\\\/www.cope.es\\\/blogs\\\/derosca\\\/\"},{\"@type\":\"ListItem\",\"position\":2,\"name\":\"Igor Vori esta temporada entrena al legendario Grosswallstadt\"}]},{\"@type\":\"WebSite\",\"@id\":\"https:\\\/\\\/www.cope.es\\\/blogs\\\/derosca\\\/#website\",\"url\":\"https:\\\/\\\/www.cope.es\\\/blogs\\\/derosca\\\/\",\"name\":\"Derosca\",\"description\":\"Blog de balonmano COPE\",\"potentialAction\":[{\"@type\":\"SearchAction\",\"target\":{\"@type\":\"EntryPoint\",\"urlTemplate\":\"https:\\\/\\\/www.cope.es\\\/blogs\\\/derosca\\\/?s={search_term_string}\"},\"query-input\":{\"@type\":\"PropertyValueSpecification\",\"valueRequired\":true,\"valueName\":\"search_term_string\"}}],\"inLanguage\":\"es\"},{\"@type\":\"Person\",\"@id\":\"https:\\\/\\\/www.cope.es\\\/blogs\\\/derosca\\\/#\\\/schema\\\/person\\\/02d6fa6fa8d8db60f83303875a4ff77f\",\"name\":\"Luis Malvar\",\"image\":{\"@type\":\"ImageObject\",\"inLanguage\":\"es\",\"@id\":\"https:\\\/\\\/secure.gravatar.com\\\/avatar\\\/23cd47dec2904689b3ccd32d1dd3e86c7cbf60dcf7376c68854f761a4939534f?s=96&d=mm&r=g\",\"url\":\"https:\\\/\\\/secure.gravatar.com\\\/avatar\\\/23cd47dec2904689b3ccd32d1dd3e86c7cbf60dcf7376c68854f761a4939534f?s=96&d=mm&r=g\",\"contentUrl\":\"https:\\\/\\\/secure.gravatar.com\\\/avatar\\\/23cd47dec2904689b3ccd32d1dd3e86c7cbf60dcf7376c68854f761a4939534f?s=96&d=mm&r=g\",\"caption\":\"Luis Malvar\"},\"description\":\"Comenc\u00e9 la andadura del Blog Derosca all\u00e1 por el 22 de Mayo de 2008. Un blog en el que se trata de llevar a los numerosos aficionados y amantes del mundo del balonmano toda la actualidad de nuestro apasionante deporte. Una ventana que sirve para dar luz a las innumerables noticias que genera el balonmano y que habitualmente no tienen reflejo en los medios de comunicaci\u00f3n. Sin lugar a dudas el Blog Derosca cuenta con un apartado que tiene a gala contar con miles de seguidores como es \u201cMis Pajaritos\u201d en donde se relatan y narran todas las intrahistorias que se generan en el balonmano espa\u00f1ol y que incomoda a m\u00e1s de uno que salgan a la luz.!Gracias por seguirnos durante todos estos a\u00f1os\u00a1\",\"sameAs\":[\"http:\\\/\\\/www.cope.es\",\"lmalvar\"],\"url\":\"https:\\\/\\\/www.cope.es\\\/blogs\\\/derosca\\\/author\\\/lmalvar\\\/\"}]}<\/script>\n<!-- \/ Yoast SEO plugin. -->","yoast_head_json":{"title":"Igor Vori esta temporada entrena al legendario Grosswallstadt - Derosca","robots":{"index":"index","follow":"follow","max-snippet":"max-snippet:-1","max-image-preview":"max-image-preview:large","max-video-preview":"max-video-preview:-1"},"canonical":"https:\/\/www.cope.es\/blogs\/derosca\/2022\/09\/05\/igor-vori-esta-temporada-entrena-al-legendario-grosswallstadt\/","og_locale":"es_ES","og_type":"article","og_title":"Igor Vori esta temporada entrena al legendario Grosswallstadt - Derosca","og_description":"Uno de los fichajes estrella en los banquillos de la 2\u00aa Divisi\u00f3n alemana ha sido al contrataci\u00f3n del Igor Vori como entrenador del m\u00edtico Grosswallstadt. Mientras que el club de la 2\u00aa Divisi\u00f3n alemana TV Grosswallstadt consigui\u00f3 en su momento aguantar tras una temporada \u00e9pica y una sorprendente \u00faltima jornada de campeonato, el antiguo club [&hellip;]","og_url":"https:\/\/www.cope.es\/blogs\/derosca\/2022\/09\/05\/igor-vori-esta-temporada-entrena-al-legendario-grosswallstadt\/","og_site_name":"Derosca","article_publisher":"https:\/\/www.facebook.com\/cope\/","article_published_time":"2022-09-05T07:03:42+00:00","og_image":[{"width":680,"height":509,"url":"https:\/\/www.cope.es\/blogs\/derosca\/wp-content\/uploads\/sites\/22\/2022\/09\/16342ad3c32054221f1a.jpg","type":"image\/jpeg"}],"author":"Luis Malvar","twitter_card":"summary_large_image","twitter_creator":"@cope_es","twitter_site":"@cope_es","twitter_misc":{"Escrito por":"Luis Malvar","Tiempo de lectura":"1 minuto"},"schema":{"@context":"https:\/\/schema.org","@graph":[{"@type":"Article","@id":"https:\/\/www.cope.es\/blogs\/derosca\/2022\/09\/05\/igor-vori-esta-temporada-entrena-al-legendario-grosswallstadt\/#article","isPartOf":{"@id":"https:\/\/www.cope.es\/blogs\/derosca\/2022\/09\/05\/igor-vori-esta-temporada-entrena-al-legendario-grosswallstadt\/"},"author":{"name":"Luis Malvar","@id":"https:\/\/www.cope.es\/blogs\/derosca\/#\/schema\/person\/02d6fa6fa8d8db60f83303875a4ff77f"},"headline":"Igor Vori esta temporada entrena al legendario Grosswallstadt","datePublished":"2022-09-05T07:03:42+00:00","mainEntityOfPage":{"@id":"https:\/\/www.cope.es\/blogs\/derosca\/2022\/09\/05\/igor-vori-esta-temporada-entrena-al-legendario-grosswallstadt\/"},"wordCount":203,"commentCount":0,"image":{"@id":"https:\/\/www.cope.es\/blogs\/derosca\/2022\/09\/05\/igor-vori-esta-temporada-entrena-al-legendario-grosswallstadt\/#primaryimage"},"thumbnailUrl":"https:\/\/www.cope.es\/blogs\/derosca\/wp-content\/uploads\/sites\/22\/2022\/09\/16342ad3c32054221f1a.jpg","articleSection":["Balonmano"],"inLanguage":"es","potentialAction":[{"@type":"CommentAction","name":"Comment","target":["https:\/\/www.cope.es\/blogs\/derosca\/2022\/09\/05\/igor-vori-esta-temporada-entrena-al-legendario-grosswallstadt\/#respond"]}]},{"@type":"WebPage","@id":"https:\/\/www.cope.es\/blogs\/derosca\/2022\/09\/05\/igor-vori-esta-temporada-entrena-al-legendario-grosswallstadt\/","url":"https:\/\/www.cope.es\/blogs\/derosca\/2022\/09\/05\/igor-vori-esta-temporada-entrena-al-legendario-grosswallstadt\/","name":"Igor Vori esta temporada entrena al legendario Grosswallstadt - Derosca","isPartOf":{"@id":"https:\/\/www.cope.es\/blogs\/derosca\/#website"},"primaryImageOfPage":{"@id":"https:\/\/www.cope.es\/blogs\/derosca\/2022\/09\/05\/igor-vori-esta-temporada-entrena-al-legendario-grosswallstadt\/#primaryimage"},"image":{"@id":"https:\/\/www.cope.es\/blogs\/derosca\/2022\/09\/05\/igor-vori-esta-temporada-entrena-al-legendario-grosswallstadt\/#primaryimage"},"thumbnailUrl":"https:\/\/www.cope.es\/blogs\/derosca\/wp-content\/uploads\/sites\/22\/2022\/09\/16342ad3c32054221f1a.jpg","datePublished":"2022-09-05T07:03:42+00:00","author":{"@id":"https:\/\/www.cope.es\/blogs\/derosca\/#\/schema\/person\/02d6fa6fa8d8db60f83303875a4ff77f"},"breadcrumb":{"@id":"https:\/\/www.cope.es\/blogs\/derosca\/2022\/09\/05\/igor-vori-esta-temporada-entrena-al-legendario-grosswallstadt\/#breadcrumb"},"inLanguage":"es","potentialAction":[{"@type":"ReadAction","target":["https:\/\/www.cope.es\/blogs\/derosca\/2022\/09\/05\/igor-vori-esta-temporada-entrena-al-legendario-grosswallstadt\/"]}]},{"@type":"ImageObject","inLanguage":"es","@id":"https:\/\/www.cope.es\/blogs\/derosca\/2022\/09\/05\/igor-vori-esta-temporada-entrena-al-legendario-grosswallstadt\/#primaryimage","url":"https:\/\/www.cope.es\/blogs\/derosca\/wp-content\/uploads\/sites\/22\/2022\/09\/16342ad3c32054221f1a.jpg","contentUrl":"https:\/\/www.cope.es\/blogs\/derosca\/wp-content\/uploads\/sites\/22\/2022\/09\/16342ad3c32054221f1a.jpg","width":680,"height":509,"caption":"Igor Vori esta temporada entrena al legendario Grosswallstadt"},{"@type":"BreadcrumbList","@id":"https:\/\/www.cope.es\/blogs\/derosca\/2022\/09\/05\/igor-vori-esta-temporada-entrena-al-legendario-grosswallstadt\/#breadcrumb","itemListElement":[{"@type":"ListItem","position":1,"name":"Portada","item":"https:\/\/www.cope.es\/blogs\/derosca\/"},{"@type":"ListItem","position":2,"name":"Igor Vori esta temporada entrena al legendario Grosswallstadt"}]},{"@type":"WebSite","@id":"https:\/\/www.cope.es\/blogs\/derosca\/#website","url":"https:\/\/www.cope.es\/blogs\/derosca\/","name":"Derosca","description":"Blog de balonmano COPE","potentialAction":[{"@type":"SearchAction","target":{"@type":"EntryPoint","urlTemplate":"https:\/\/www.cope.es\/blogs\/derosca\/?s={search_term_string}"},"query-input":{"@type":"PropertyValueSpecification","valueRequired":true,"valueName":"search_term_string"}}],"inLanguage":"es"},{"@type":"Person","@id":"https:\/\/www.cope.es\/blogs\/derosca\/#\/schema\/person\/02d6fa6fa8d8db60f83303875a4ff77f","name":"Luis Malvar","image":{"@type":"ImageObject","inLanguage":"es","@id":"https:\/\/secure.gravatar.com\/avatar\/23cd47dec2904689b3ccd32d1dd3e86c7cbf60dcf7376c68854f761a4939534f?s=96&d=mm&r=g","url":"https:\/\/secure.gravatar.com\/avatar\/23cd47dec2904689b3ccd32d1dd3e86c7cbf60dcf7376c68854f761a4939534f?s=96&d=mm&r=g","contentUrl":"https:\/\/secure.gravatar.com\/avatar\/23cd47dec2904689b3ccd32d1dd3e86c7cbf60dcf7376c68854f761a4939534f?s=96&d=mm&r=g","caption":"Luis Malvar"},"description":"Comenc\u00e9 la andadura del Blog Derosca all\u00e1 por el 22 de Mayo de 2008. Un blog en el que se trata de llevar a los numerosos aficionados y amantes del mundo del balonmano toda la actualidad de nuestro apasionante deporte. Una ventana que sirve para dar luz a las innumerables noticias que genera el balonmano y que habitualmente no tienen reflejo en los medios de comunicaci\u00f3n. Sin lugar a dudas el Blog Derosca cuenta con un apartado que tiene a gala contar con miles de seguidores como es \u201cMis Pajaritos\u201d en donde se relatan y narran todas las intrahistorias que se generan en el balonmano espa\u00f1ol y que incomoda a m\u00e1s de uno que salgan a la luz.!Gracias por seguirnos durante todos estos a\u00f1os\u00a1","sameAs":["http:\/\/www.cope.es","lmalvar"],"url":"https:\/\/www.cope.es\/blogs\/derosca\/author\/lmalvar\/"}]}},"amp_enabled":true,"_links":{"self":[{"href":"https:\/\/www.cope.es\/blogs\/derosca\/wp-json\/wp\/v2\/posts\/2812","targetHints":{"allow":["GET"]}}],"collection":[{"href":"https:\/\/www.cope.es\/blogs\/derosca\/wp-json\/wp\/v2\/posts"}],"about":[{"href":"https:\/\/www.cope.es\/blogs\/derosca\/wp-json\/wp\/v2\/types\/post"}],"author":[{"embeddable":true,"href":"https:\/\/www.cope.es\/blogs\/derosca\/wp-json\/wp\/v2\/users\/23"}],"replies":[{"embeddable":true,"href":"https:\/\/www.cope.es\/blogs\/derosca\/wp-json\/wp\/v2\/comments?post=2812"}],"version-history":[{"count":1,"href":"https:\/\/www.cope.es\/blogs\/derosca\/wp-json\/wp\/v2\/posts\/2812\/revisions"}],"predecessor-version":[{"id":2814,"href":"https:\/\/www.cope.es\/blogs\/derosca\/wp-json\/wp\/v2\/posts\/2812\/revisions\/2814"}],"wp:featuredmedia":[{"embeddable":true,"href":"https:\/\/www.cope.es\/blogs\/derosca\/wp-json\/wp\/v2\/media\/2813"}],"wp:attachment":[{"href":"https:\/\/www.cope.es\/blogs\/derosca\/wp-json\/wp\/v2\/media?parent=2812"}],"wp:term":[{"taxonomy":"category","embeddable":true,"href":"https:\/\/www.cope.es\/blogs\/derosca\/wp-json\/wp\/v2\/categories?post=2812"},{"taxonomy":"post_tag","embeddable":true,"href":"https:\/\/www.cope.es\/blogs\/derosca\/wp-json\/wp\/v2\/tags?post=2812"}],"curies":[{"name":"wp","href":"https:\/\/api.w.org\/{rel}","templated":true}]}}