{"id":2783,"date":"2022-07-06T09:35:30","date_gmt":"2022-07-06T07:35:30","guid":{"rendered":"http:\/\/www.cope.es\/blogs\/derosca\/?p=2783"},"modified":"2022-07-06T09:35:30","modified_gmt":"2022-07-06T07:35:30","slug":"luc-abalo-disenara-una-cancha-de-balonmano-para-los-jjoo-paris-2024","status":"publish","type":"post","link":"https:\/\/www.cope.es\/blogs\/derosca\/2022\/07\/06\/luc-abalo-disenara-una-cancha-de-balonmano-para-los-jjoo-paris-2024\/","title":{"rendered":"Luc Abalo dise\u00f1ar\u00e1 una cancha de balonmano para los JJOO Par\u00eds 2024"},"content":{"rendered":"<p>Hace unos d\u00edas los compa\u00f1eros de HandNews nos sorprend\u00edan con la noticia de que el gran Luc Abalo, que desde hace ya alg\u00fan tiempo se ha retirado de la Selecci\u00f3n de Francia va a participar de manera indirecta en los Juegos Ol\u00edmpicos de Par\u00eds 2024.<\/p>\n<p>Recordemos que Luc Abalo a fecha de hoy est\u00e1 jugando en un equipo de la Liga de Jap\u00f3n. Parece que Abalo en los pr\u00f3ximos meses va a poder dise\u00f1ar una cancha de balonmano en Lomme, a las afueras de Lille, como parte de una asociaci\u00f3n con los Juegos Ol\u00edmpicos Par\u00eds 2024. Esta futura cancha deber\u00eda salir a la luz a finales de 2022 para permitir que los aficionados al balonmano practiquen balonmano al aire libre. Un Luc Abalo al cual el mundo del arte le gusta, le apasiona y es su segundo gran pasi\u00f3n.<\/p>\n<p>Desde luego sus talentos art\u00edsticos son m\u00e1s que conocidos desde hace muchos a\u00f1os.\u00a0Desde sus inicios en el conjunto del Ivry pasando luego por el BM.Ciudad Real o incluso en Par\u00eds, Luc Abalo siempre llevaba consigo un pincel o un l\u00e1piz para poder dibujar o pintar.\u00a0Finalmente Luc Abalo no va a estar muy lejos de sus excompa\u00f1eros ya que su campo no estar\u00e1 muy lejos del Estadio Pierre Mauroy de Lille que normalmente, todo parece indicar salvo decisiones de \u00faltima hora, que va a albergar el torneo ol\u00edmpico de balonmano.<\/p>\n<p>Todav\u00eda est\u00e1 en el alero la decisi\u00f3n de d\u00f3nde van a jugarse los partidos de balonmano en los Juegos Ol\u00edmp\u00eccos de Par\u00eds 2024 dado que las \u00faltimas discusiones entre el COJO de Par\u00eds 2024 y el COI sobre la organizaci\u00f3n del torneo ol\u00edmpico de baloncesto podr\u00edan finalmente llevar el balonmano de regreso a Par\u00eds para la primera semana con los partidos de grupo para ir a finalmente a la ciudad de Lille en la segunda semana para los partidos finales.<\/p>\n<p>Seguirnos en twitter: <a href=\"https:\/\/twitter.com\/\">https:\/\/twitter.com\/#!\/deroscacope<\/a><\/p>\n","protected":false},"excerpt":{"rendered":"<p>Hace unos d\u00edas los compa\u00f1eros de HandNews nos sorprend\u00edan con la noticia de que el gran Luc Abalo, que desde hace ya alg\u00fan tiempo se ha retirado de la Selecci\u00f3n de Francia va a participar de manera indirecta en los Juegos Ol\u00edmpicos de Par\u00eds 2024. Recordemos que Luc Abalo a fecha de hoy est\u00e1 jugando [&hellip;]<\/p>\n","protected":false},"author":23,"featured_media":2784,"comment_status":"open","ping_status":"open","sticky":false,"template":"","format":"standard","meta":{"footnotes":""},"categories":[3],"tags":[],"class_list":["post-2783","post","type-post","status-publish","format-standard","has-post-thumbnail","hentry","category-balonmano"],"yoast_head":"<!-- This site is optimized with the Yoast SEO plugin v27.4 - https:\/\/yoast.com\/product\/yoast-seo-wordpress\/ -->\n<title>Luc Abalo dise\u00f1ar\u00e1 una cancha de balonmano para los JJOO Par\u00eds 2024 - Derosca<\/title>\n<meta name=\"robots\" content=\"index, follow, max-snippet:-1, max-image-preview:large, max-video-preview:-1\" \/>\n<link rel=\"canonical\" href=\"https:\/\/www.cope.es\/blogs\/derosca\/2022\/07\/06\/luc-abalo-disenara-una-cancha-de-balonmano-para-los-jjoo-paris-2024\/\" \/>\n<meta property=\"og:locale\" content=\"es_ES\" \/>\n<meta property=\"og:type\" content=\"article\" \/>\n<meta property=\"og:title\" content=\"Luc Abalo dise\u00f1ar\u00e1 una cancha de balonmano para los JJOO Par\u00eds 2024 - Derosca\" \/>\n<meta property=\"og:description\" content=\"Hace unos d\u00edas los compa\u00f1eros de HandNews nos sorprend\u00edan con la noticia de que el gran Luc Abalo, que desde hace ya alg\u00fan tiempo se ha retirado de la Selecci\u00f3n de Francia va a participar de manera indirecta en los Juegos Ol\u00edmpicos de Par\u00eds 2024. Recordemos que Luc Abalo a fecha de hoy est\u00e1 jugando [&hellip;]\" \/>\n<meta property=\"og:url\" content=\"https:\/\/www.cope.es\/blogs\/derosca\/2022\/07\/06\/luc-abalo-disenara-una-cancha-de-balonmano-para-los-jjoo-paris-2024\/\" \/>\n<meta property=\"og:site_name\" content=\"Derosca\" \/>\n<meta property=\"article:publisher\" content=\"https:\/\/www.facebook.com\/cope\/\" \/>\n<meta property=\"article:published_time\" content=\"2022-07-06T07:35:30+00:00\" \/>\n<meta property=\"og:image\" content=\"https:\/\/www.cope.es\/blogs\/derosca\/wp-content\/uploads\/sites\/22\/2022\/07\/158761660_4055688061141798_6452159762917166308_n.jpg\" \/>\n\t<meta property=\"og:image:width\" content=\"680\" \/>\n\t<meta property=\"og:image:height\" content=\"752\" \/>\n\t<meta property=\"og:image:type\" content=\"image\/jpeg\" \/>\n<meta name=\"author\" content=\"Luis Malvar\" \/>\n<meta name=\"twitter:card\" content=\"summary_large_image\" \/>\n<meta name=\"twitter:creator\" content=\"@cope_es\" \/>\n<meta name=\"twitter:site\" content=\"@cope_es\" \/>\n<meta name=\"twitter:label1\" content=\"Escrito por\" \/>\n\t<meta name=\"twitter:data1\" content=\"Luis Malvar\" \/>\n\t<meta name=\"twitter:label2\" content=\"Tiempo de lectura\" \/>\n\t<meta name=\"twitter:data2\" content=\"2 minutos\" \/>\n<script type=\"application\/ld+json\" class=\"yoast-schema-graph\">{\"@context\":\"https:\\\/\\\/schema.org\",\"@graph\":[{\"@type\":\"Article\",\"@id\":\"https:\\\/\\\/www.cope.es\\\/blogs\\\/derosca\\\/2022\\\/07\\\/06\\\/luc-abalo-disenara-una-cancha-de-balonmano-para-los-jjoo-paris-2024\\\/#article\",\"isPartOf\":{\"@id\":\"https:\\\/\\\/www.cope.es\\\/blogs\\\/derosca\\\/2022\\\/07\\\/06\\\/luc-abalo-disenara-una-cancha-de-balonmano-para-los-jjoo-paris-2024\\\/\"},\"author\":{\"name\":\"Luis Malvar\",\"@id\":\"https:\\\/\\\/www.cope.es\\\/blogs\\\/derosca\\\/#\\\/schema\\\/person\\\/02d6fa6fa8d8db60f83303875a4ff77f\"},\"headline\":\"Luc Abalo dise\u00f1ar\u00e1 una cancha de balonmano para los JJOO Par\u00eds 2024\",\"datePublished\":\"2022-07-06T07:35:30+00:00\",\"mainEntityOfPage\":{\"@id\":\"https:\\\/\\\/www.cope.es\\\/blogs\\\/derosca\\\/2022\\\/07\\\/06\\\/luc-abalo-disenara-una-cancha-de-balonmano-para-los-jjoo-paris-2024\\\/\"},\"wordCount\":359,\"commentCount\":0,\"image\":{\"@id\":\"https:\\\/\\\/www.cope.es\\\/blogs\\\/derosca\\\/2022\\\/07\\\/06\\\/luc-abalo-disenara-una-cancha-de-balonmano-para-los-jjoo-paris-2024\\\/#primaryimage\"},\"thumbnailUrl\":\"https:\\\/\\\/www.cope.es\\\/blogs\\\/derosca\\\/wp-content\\\/uploads\\\/sites\\\/22\\\/2022\\\/07\\\/158761660_4055688061141798_6452159762917166308_n.jpg\",\"articleSection\":[\"Balonmano\"],\"inLanguage\":\"es\",\"potentialAction\":[{\"@type\":\"CommentAction\",\"name\":\"Comment\",\"target\":[\"https:\\\/\\\/www.cope.es\\\/blogs\\\/derosca\\\/2022\\\/07\\\/06\\\/luc-abalo-disenara-una-cancha-de-balonmano-para-los-jjoo-paris-2024\\\/#respond\"]}]},{\"@type\":\"WebPage\",\"@id\":\"https:\\\/\\\/www.cope.es\\\/blogs\\\/derosca\\\/2022\\\/07\\\/06\\\/luc-abalo-disenara-una-cancha-de-balonmano-para-los-jjoo-paris-2024\\\/\",\"url\":\"https:\\\/\\\/www.cope.es\\\/blogs\\\/derosca\\\/2022\\\/07\\\/06\\\/luc-abalo-disenara-una-cancha-de-balonmano-para-los-jjoo-paris-2024\\\/\",\"name\":\"Luc Abalo dise\u00f1ar\u00e1 una cancha de balonmano para los JJOO Par\u00eds 2024 - Derosca\",\"isPartOf\":{\"@id\":\"https:\\\/\\\/www.cope.es\\\/blogs\\\/derosca\\\/#website\"},\"primaryImageOfPage\":{\"@id\":\"https:\\\/\\\/www.cope.es\\\/blogs\\\/derosca\\\/2022\\\/07\\\/06\\\/luc-abalo-disenara-una-cancha-de-balonmano-para-los-jjoo-paris-2024\\\/#primaryimage\"},\"image\":{\"@id\":\"https:\\\/\\\/www.cope.es\\\/blogs\\\/derosca\\\/2022\\\/07\\\/06\\\/luc-abalo-disenara-una-cancha-de-balonmano-para-los-jjoo-paris-2024\\\/#primaryimage\"},\"thumbnailUrl\":\"https:\\\/\\\/www.cope.es\\\/blogs\\\/derosca\\\/wp-content\\\/uploads\\\/sites\\\/22\\\/2022\\\/07\\\/158761660_4055688061141798_6452159762917166308_n.jpg\",\"datePublished\":\"2022-07-06T07:35:30+00:00\",\"author\":{\"@id\":\"https:\\\/\\\/www.cope.es\\\/blogs\\\/derosca\\\/#\\\/schema\\\/person\\\/02d6fa6fa8d8db60f83303875a4ff77f\"},\"breadcrumb\":{\"@id\":\"https:\\\/\\\/www.cope.es\\\/blogs\\\/derosca\\\/2022\\\/07\\\/06\\\/luc-abalo-disenara-una-cancha-de-balonmano-para-los-jjoo-paris-2024\\\/#breadcrumb\"},\"inLanguage\":\"es\",\"potentialAction\":[{\"@type\":\"ReadAction\",\"target\":[\"https:\\\/\\\/www.cope.es\\\/blogs\\\/derosca\\\/2022\\\/07\\\/06\\\/luc-abalo-disenara-una-cancha-de-balonmano-para-los-jjoo-paris-2024\\\/\"]}]},{\"@type\":\"ImageObject\",\"inLanguage\":\"es\",\"@id\":\"https:\\\/\\\/www.cope.es\\\/blogs\\\/derosca\\\/2022\\\/07\\\/06\\\/luc-abalo-disenara-una-cancha-de-balonmano-para-los-jjoo-paris-2024\\\/#primaryimage\",\"url\":\"https:\\\/\\\/www.cope.es\\\/blogs\\\/derosca\\\/wp-content\\\/uploads\\\/sites\\\/22\\\/2022\\\/07\\\/158761660_4055688061141798_6452159762917166308_n.jpg\",\"contentUrl\":\"https:\\\/\\\/www.cope.es\\\/blogs\\\/derosca\\\/wp-content\\\/uploads\\\/sites\\\/22\\\/2022\\\/07\\\/158761660_4055688061141798_6452159762917166308_n.jpg\",\"width\":680,\"height\":752,\"caption\":\"Luc Abalo dise\u00f1ar\u00e1 una cancha de balonmano para los JJOO Par\u00eds 2024\"},{\"@type\":\"BreadcrumbList\",\"@id\":\"https:\\\/\\\/www.cope.es\\\/blogs\\\/derosca\\\/2022\\\/07\\\/06\\\/luc-abalo-disenara-una-cancha-de-balonmano-para-los-jjoo-paris-2024\\\/#breadcrumb\",\"itemListElement\":[{\"@type\":\"ListItem\",\"position\":1,\"name\":\"Portada\",\"item\":\"https:\\\/\\\/www.cope.es\\\/blogs\\\/derosca\\\/\"},{\"@type\":\"ListItem\",\"position\":2,\"name\":\"Luc Abalo dise\u00f1ar\u00e1 una cancha de balonmano para los JJOO Par\u00eds 2024\"}]},{\"@type\":\"WebSite\",\"@id\":\"https:\\\/\\\/www.cope.es\\\/blogs\\\/derosca\\\/#website\",\"url\":\"https:\\\/\\\/www.cope.es\\\/blogs\\\/derosca\\\/\",\"name\":\"Derosca\",\"description\":\"Blog de balonmano COPE\",\"potentialAction\":[{\"@type\":\"SearchAction\",\"target\":{\"@type\":\"EntryPoint\",\"urlTemplate\":\"https:\\\/\\\/www.cope.es\\\/blogs\\\/derosca\\\/?s={search_term_string}\"},\"query-input\":{\"@type\":\"PropertyValueSpecification\",\"valueRequired\":true,\"valueName\":\"search_term_string\"}}],\"inLanguage\":\"es\"},{\"@type\":\"Person\",\"@id\":\"https:\\\/\\\/www.cope.es\\\/blogs\\\/derosca\\\/#\\\/schema\\\/person\\\/02d6fa6fa8d8db60f83303875a4ff77f\",\"name\":\"Luis Malvar\",\"image\":{\"@type\":\"ImageObject\",\"inLanguage\":\"es\",\"@id\":\"https:\\\/\\\/secure.gravatar.com\\\/avatar\\\/23cd47dec2904689b3ccd32d1dd3e86c7cbf60dcf7376c68854f761a4939534f?s=96&d=mm&r=g\",\"url\":\"https:\\\/\\\/secure.gravatar.com\\\/avatar\\\/23cd47dec2904689b3ccd32d1dd3e86c7cbf60dcf7376c68854f761a4939534f?s=96&d=mm&r=g\",\"contentUrl\":\"https:\\\/\\\/secure.gravatar.com\\\/avatar\\\/23cd47dec2904689b3ccd32d1dd3e86c7cbf60dcf7376c68854f761a4939534f?s=96&d=mm&r=g\",\"caption\":\"Luis Malvar\"},\"description\":\"Comenc\u00e9 la andadura del Blog Derosca all\u00e1 por el 22 de Mayo de 2008. Un blog en el que se trata de llevar a los numerosos aficionados y amantes del mundo del balonmano toda la actualidad de nuestro apasionante deporte. Una ventana que sirve para dar luz a las innumerables noticias que genera el balonmano y que habitualmente no tienen reflejo en los medios de comunicaci\u00f3n. Sin lugar a dudas el Blog Derosca cuenta con un apartado que tiene a gala contar con miles de seguidores como es \u201cMis Pajaritos\u201d en donde se relatan y narran todas las intrahistorias que se generan en el balonmano espa\u00f1ol y que incomoda a m\u00e1s de uno que salgan a la luz.!Gracias por seguirnos durante todos estos a\u00f1os\u00a1\",\"sameAs\":[\"http:\\\/\\\/www.cope.es\",\"lmalvar\"],\"url\":\"https:\\\/\\\/www.cope.es\\\/blogs\\\/derosca\\\/author\\\/lmalvar\\\/\"}]}<\/script>\n<!-- \/ Yoast SEO plugin. -->","yoast_head_json":{"title":"Luc Abalo dise\u00f1ar\u00e1 una cancha de balonmano para los JJOO Par\u00eds 2024 - Derosca","robots":{"index":"index","follow":"follow","max-snippet":"max-snippet:-1","max-image-preview":"max-image-preview:large","max-video-preview":"max-video-preview:-1"},"canonical":"https:\/\/www.cope.es\/blogs\/derosca\/2022\/07\/06\/luc-abalo-disenara-una-cancha-de-balonmano-para-los-jjoo-paris-2024\/","og_locale":"es_ES","og_type":"article","og_title":"Luc Abalo dise\u00f1ar\u00e1 una cancha de balonmano para los JJOO Par\u00eds 2024 - Derosca","og_description":"Hace unos d\u00edas los compa\u00f1eros de HandNews nos sorprend\u00edan con la noticia de que el gran Luc Abalo, que desde hace ya alg\u00fan tiempo se ha retirado de la Selecci\u00f3n de Francia va a participar de manera indirecta en los Juegos Ol\u00edmpicos de Par\u00eds 2024. Recordemos que Luc Abalo a fecha de hoy est\u00e1 jugando [&hellip;]","og_url":"https:\/\/www.cope.es\/blogs\/derosca\/2022\/07\/06\/luc-abalo-disenara-una-cancha-de-balonmano-para-los-jjoo-paris-2024\/","og_site_name":"Derosca","article_publisher":"https:\/\/www.facebook.com\/cope\/","article_published_time":"2022-07-06T07:35:30+00:00","og_image":[{"width":680,"height":752,"url":"https:\/\/www.cope.es\/blogs\/derosca\/wp-content\/uploads\/sites\/22\/2022\/07\/158761660_4055688061141798_6452159762917166308_n.jpg","type":"image\/jpeg"}],"author":"Luis Malvar","twitter_card":"summary_large_image","twitter_creator":"@cope_es","twitter_site":"@cope_es","twitter_misc":{"Escrito por":"Luis Malvar","Tiempo de lectura":"2 minutos"},"schema":{"@context":"https:\/\/schema.org","@graph":[{"@type":"Article","@id":"https:\/\/www.cope.es\/blogs\/derosca\/2022\/07\/06\/luc-abalo-disenara-una-cancha-de-balonmano-para-los-jjoo-paris-2024\/#article","isPartOf":{"@id":"https:\/\/www.cope.es\/blogs\/derosca\/2022\/07\/06\/luc-abalo-disenara-una-cancha-de-balonmano-para-los-jjoo-paris-2024\/"},"author":{"name":"Luis Malvar","@id":"https:\/\/www.cope.es\/blogs\/derosca\/#\/schema\/person\/02d6fa6fa8d8db60f83303875a4ff77f"},"headline":"Luc Abalo dise\u00f1ar\u00e1 una cancha de balonmano para los JJOO Par\u00eds 2024","datePublished":"2022-07-06T07:35:30+00:00","mainEntityOfPage":{"@id":"https:\/\/www.cope.es\/blogs\/derosca\/2022\/07\/06\/luc-abalo-disenara-una-cancha-de-balonmano-para-los-jjoo-paris-2024\/"},"wordCount":359,"commentCount":0,"image":{"@id":"https:\/\/www.cope.es\/blogs\/derosca\/2022\/07\/06\/luc-abalo-disenara-una-cancha-de-balonmano-para-los-jjoo-paris-2024\/#primaryimage"},"thumbnailUrl":"https:\/\/www.cope.es\/blogs\/derosca\/wp-content\/uploads\/sites\/22\/2022\/07\/158761660_4055688061141798_6452159762917166308_n.jpg","articleSection":["Balonmano"],"inLanguage":"es","potentialAction":[{"@type":"CommentAction","name":"Comment","target":["https:\/\/www.cope.es\/blogs\/derosca\/2022\/07\/06\/luc-abalo-disenara-una-cancha-de-balonmano-para-los-jjoo-paris-2024\/#respond"]}]},{"@type":"WebPage","@id":"https:\/\/www.cope.es\/blogs\/derosca\/2022\/07\/06\/luc-abalo-disenara-una-cancha-de-balonmano-para-los-jjoo-paris-2024\/","url":"https:\/\/www.cope.es\/blogs\/derosca\/2022\/07\/06\/luc-abalo-disenara-una-cancha-de-balonmano-para-los-jjoo-paris-2024\/","name":"Luc Abalo dise\u00f1ar\u00e1 una cancha de balonmano para los JJOO Par\u00eds 2024 - Derosca","isPartOf":{"@id":"https:\/\/www.cope.es\/blogs\/derosca\/#website"},"primaryImageOfPage":{"@id":"https:\/\/www.cope.es\/blogs\/derosca\/2022\/07\/06\/luc-abalo-disenara-una-cancha-de-balonmano-para-los-jjoo-paris-2024\/#primaryimage"},"image":{"@id":"https:\/\/www.cope.es\/blogs\/derosca\/2022\/07\/06\/luc-abalo-disenara-una-cancha-de-balonmano-para-los-jjoo-paris-2024\/#primaryimage"},"thumbnailUrl":"https:\/\/www.cope.es\/blogs\/derosca\/wp-content\/uploads\/sites\/22\/2022\/07\/158761660_4055688061141798_6452159762917166308_n.jpg","datePublished":"2022-07-06T07:35:30+00:00","author":{"@id":"https:\/\/www.cope.es\/blogs\/derosca\/#\/schema\/person\/02d6fa6fa8d8db60f83303875a4ff77f"},"breadcrumb":{"@id":"https:\/\/www.cope.es\/blogs\/derosca\/2022\/07\/06\/luc-abalo-disenara-una-cancha-de-balonmano-para-los-jjoo-paris-2024\/#breadcrumb"},"inLanguage":"es","potentialAction":[{"@type":"ReadAction","target":["https:\/\/www.cope.es\/blogs\/derosca\/2022\/07\/06\/luc-abalo-disenara-una-cancha-de-balonmano-para-los-jjoo-paris-2024\/"]}]},{"@type":"ImageObject","inLanguage":"es","@id":"https:\/\/www.cope.es\/blogs\/derosca\/2022\/07\/06\/luc-abalo-disenara-una-cancha-de-balonmano-para-los-jjoo-paris-2024\/#primaryimage","url":"https:\/\/www.cope.es\/blogs\/derosca\/wp-content\/uploads\/sites\/22\/2022\/07\/158761660_4055688061141798_6452159762917166308_n.jpg","contentUrl":"https:\/\/www.cope.es\/blogs\/derosca\/wp-content\/uploads\/sites\/22\/2022\/07\/158761660_4055688061141798_6452159762917166308_n.jpg","width":680,"height":752,"caption":"Luc Abalo dise\u00f1ar\u00e1 una cancha de balonmano para los JJOO Par\u00eds 2024"},{"@type":"BreadcrumbList","@id":"https:\/\/www.cope.es\/blogs\/derosca\/2022\/07\/06\/luc-abalo-disenara-una-cancha-de-balonmano-para-los-jjoo-paris-2024\/#breadcrumb","itemListElement":[{"@type":"ListItem","position":1,"name":"Portada","item":"https:\/\/www.cope.es\/blogs\/derosca\/"},{"@type":"ListItem","position":2,"name":"Luc Abalo dise\u00f1ar\u00e1 una cancha de balonmano para los JJOO Par\u00eds 2024"}]},{"@type":"WebSite","@id":"https:\/\/www.cope.es\/blogs\/derosca\/#website","url":"https:\/\/www.cope.es\/blogs\/derosca\/","name":"Derosca","description":"Blog de balonmano COPE","potentialAction":[{"@type":"SearchAction","target":{"@type":"EntryPoint","urlTemplate":"https:\/\/www.cope.es\/blogs\/derosca\/?s={search_term_string}"},"query-input":{"@type":"PropertyValueSpecification","valueRequired":true,"valueName":"search_term_string"}}],"inLanguage":"es"},{"@type":"Person","@id":"https:\/\/www.cope.es\/blogs\/derosca\/#\/schema\/person\/02d6fa6fa8d8db60f83303875a4ff77f","name":"Luis Malvar","image":{"@type":"ImageObject","inLanguage":"es","@id":"https:\/\/secure.gravatar.com\/avatar\/23cd47dec2904689b3ccd32d1dd3e86c7cbf60dcf7376c68854f761a4939534f?s=96&d=mm&r=g","url":"https:\/\/secure.gravatar.com\/avatar\/23cd47dec2904689b3ccd32d1dd3e86c7cbf60dcf7376c68854f761a4939534f?s=96&d=mm&r=g","contentUrl":"https:\/\/secure.gravatar.com\/avatar\/23cd47dec2904689b3ccd32d1dd3e86c7cbf60dcf7376c68854f761a4939534f?s=96&d=mm&r=g","caption":"Luis Malvar"},"description":"Comenc\u00e9 la andadura del Blog Derosca all\u00e1 por el 22 de Mayo de 2008. Un blog en el que se trata de llevar a los numerosos aficionados y amantes del mundo del balonmano toda la actualidad de nuestro apasionante deporte. Una ventana que sirve para dar luz a las innumerables noticias que genera el balonmano y que habitualmente no tienen reflejo en los medios de comunicaci\u00f3n. Sin lugar a dudas el Blog Derosca cuenta con un apartado que tiene a gala contar con miles de seguidores como es \u201cMis Pajaritos\u201d en donde se relatan y narran todas las intrahistorias que se generan en el balonmano espa\u00f1ol y que incomoda a m\u00e1s de uno que salgan a la luz.!Gracias por seguirnos durante todos estos a\u00f1os\u00a1","sameAs":["http:\/\/www.cope.es","lmalvar"],"url":"https:\/\/www.cope.es\/blogs\/derosca\/author\/lmalvar\/"}]}},"amp_enabled":true,"_links":{"self":[{"href":"https:\/\/www.cope.es\/blogs\/derosca\/wp-json\/wp\/v2\/posts\/2783","targetHints":{"allow":["GET"]}}],"collection":[{"href":"https:\/\/www.cope.es\/blogs\/derosca\/wp-json\/wp\/v2\/posts"}],"about":[{"href":"https:\/\/www.cope.es\/blogs\/derosca\/wp-json\/wp\/v2\/types\/post"}],"author":[{"embeddable":true,"href":"https:\/\/www.cope.es\/blogs\/derosca\/wp-json\/wp\/v2\/users\/23"}],"replies":[{"embeddable":true,"href":"https:\/\/www.cope.es\/blogs\/derosca\/wp-json\/wp\/v2\/comments?post=2783"}],"version-history":[{"count":1,"href":"https:\/\/www.cope.es\/blogs\/derosca\/wp-json\/wp\/v2\/posts\/2783\/revisions"}],"predecessor-version":[{"id":2785,"href":"https:\/\/www.cope.es\/blogs\/derosca\/wp-json\/wp\/v2\/posts\/2783\/revisions\/2785"}],"wp:featuredmedia":[{"embeddable":true,"href":"https:\/\/www.cope.es\/blogs\/derosca\/wp-json\/wp\/v2\/media\/2784"}],"wp:attachment":[{"href":"https:\/\/www.cope.es\/blogs\/derosca\/wp-json\/wp\/v2\/media?parent=2783"}],"wp:term":[{"taxonomy":"category","embeddable":true,"href":"https:\/\/www.cope.es\/blogs\/derosca\/wp-json\/wp\/v2\/categories?post=2783"},{"taxonomy":"post_tag","embeddable":true,"href":"https:\/\/www.cope.es\/blogs\/derosca\/wp-json\/wp\/v2\/tags?post=2783"}],"curies":[{"name":"wp","href":"https:\/\/api.w.org\/{rel}","templated":true}]}}