{"id":2679,"date":"2022-05-10T09:35:20","date_gmt":"2022-05-10T07:35:20","guid":{"rendered":"http:\/\/www.cope.es\/blogs\/derosca\/?p=2679"},"modified":"2022-05-10T09:39:26","modified_gmt":"2022-05-10T07:39:26","slug":"los-clubes-de-asobal-quieren-pedir-al-csd-ser-liga-profesional","status":"publish","type":"post","link":"https:\/\/www.cope.es\/blogs\/derosca\/2022\/05\/10\/los-clubes-de-asobal-quieren-pedir-al-csd-ser-liga-profesional\/","title":{"rendered":"Los Clubes de ASOBAL piden al CSD ser Liga Profesional"},"content":{"rendered":"<p><span style=\"font-family: Arial, sans-serif\"><span style=\"font-size: medium\">El pasado 26 de Abril desde la sede de ASOBAL se les envi\u00f3 una carta a todos los clubes de ASOBAL diciendo que est\u00e1n viendo con el Consejo Superior de Deportes (CSD) ser Liga Profesional. Se les pide que firmen dicha carta y se la reenv\u00eden a ASOBAL.<\/span><\/span><\/p>\n<p><span style=\"font-family: Arial, sans-serif\"><span style=\"font-size: medium\">Una carta en la que se dice textualmente:<\/span><\/span><\/p>\n<p><span style=\"font-family: Arial, sans-serif\"><span style=\"font-size: medium\"><i>Los Clubes firmantes, Socios de ASOBAL, reunidos en el d\u00eda de hoy de forma virtual, han acordado de forma un\u00e1nime suscribir la siguiente Declaraci\u00f3n de Intenciones a los efectos de que se d\u00e9 traslado al Consejo Superior de Deportes como prueba de su decisi\u00f3n irrevocable de:<\/i><\/span><\/span><\/p>\n<ol>\n<li><span style=\"font-family: Arial, sans-serif\"><span style=\"font-size: medium\"><i>Solicitar de la Comisi\u00f3n Directiva del Consejo Superior de Deportes la declaraci\u00f3n de competici\u00f3n profesional del Balonmano Masculino de Divisi\u00f3n de Honor, la conocida como Liga ASOBAL, hoy gestionada por la Asociaci\u00f3n de Clubes Espa\u00f1oles de Balonmano \u2013 ASOBAL.<\/i><\/span><\/span><\/li>\n<\/ol>\n<ol>\n<li><span style=\"font-family: Arial, sans-serif\"><span style=\"font-size: medium\"><i>Para ello, elaborar y presentar en el plazo m\u00e1s breve posible y en todo caso antes de la finalizaci\u00f3n de la temporada actual, 30 de junio de 2022, el expediente administrativo que justifique la petici\u00f3n citada en el n\u00famero 1.<\/i><\/span><\/span><\/li>\n<\/ol>\n<ol>\n<li><span style=\"font-family: Arial, sans-serif\"><span style=\"font-size: medium\"><i>Aprobar en la pr\u00f3xima sesi\u00f3n de Asamblea General de la Asociaci\u00f3n, un proyecto de Estatutos Sociales de la nueva entidad Liga Profesional de Balonmano con la denominaci\u00f3n que se acuerde en su momento. Estatutos que contendr\u00e1n, sobre la base de los actuales, los m\u00ednimos legales exigidos por la normativa vigente en la materia.<\/i><\/span><\/span><\/li>\n<\/ol>\n<ol>\n<li><span style=\"font-family: Arial, sans-serif\"><span style=\"font-size: medium\"><i>Hacer de la nueva Liga Profesional de Balonmano una plataforma para el desarrollo del balonmano espa\u00f1ol con una mejora de las condiciones laborales y coberturas sociales y un mayor retorno econ\u00f3mico para los Clubes y sus canteras, que unido al innegable nivel t\u00e9cnico de nuestros jugadores y entrenadores permitan a los Clubes y a las Selecciones Espa\u00f1olas la disputa de los torneos internacionales con las m\u00e1ximas opciones de triunfo.<\/i><\/span><\/span><\/li>\n<\/ol>\n<p><span style=\"font-family: Arial, sans-serif\"><span style=\"font-size: medium\"><i>Lo que suscriben a los efectos de su puesta en conocimiento del Consejo Superior de Deportes.<\/i><\/span><\/span><\/p>\n<p><span style=\"font-family: Arial, sans-serif\"><span style=\"font-size: medium\">Tambi\u00e9n les han mandado una Presentaci\u00f3n de Liga Profesional con las principales implicaciones legales de la calificaci\u00f3n Profesional de la Competici\u00f3n. En dicho documento se les dice a los clubes, entre otras cosas, <\/span><\/span><span style=\"font-family: Arial, sans-serif\"><span style=\"font-size: medium\"><i><b>que las Ligas Profesionales tendr\u00e1n personalidad jur\u00eddica, y gozar\u00e1n de autonom\u00eda para su organizaci\u00f3n interna y funcionamiento respecto a la Federaci\u00f3n deportiva espa\u00f1ola correspondiente de la que formen parte; que tendr\u00e1n autonom\u00eda respecto a la RFEBM con una representatividad propia de los clubes en la Asamblea General de la RFEBM (40% &#8211; 60%)<\/b><\/i><\/span><\/span><span style=\"font-family: Arial, sans-serif\"><span style=\"font-size: medium\">. Cosa que yo particularmente dudo mucho que se cumpla y sea as\u00ed. <\/span><\/span><span style=\"font-family: Arial, sans-serif\"><span style=\"font-size: medium\"><i><b>Que ya no hace falta ser Sociedad An\u00f3nima Deportiva (SAD), ser\u00e1 opcional, con las modificaciones de la Ley de Presupuestos del Estado desde 2022; que el Presupuesto anual de los clubes estar\u00e1 sometido a auditor\u00edas complementarias a petici\u00f3n de la Liga Profesional, el Consejo Superior de Deportes y, en su caso, la Comunidad Aut\u00f3noma<\/b><\/i><\/span><\/span><span style=\"font-family: Arial, sans-serif\"><span style=\"font-size: medium\">. <\/span><\/span><\/p>\n<p><span style=\"font-family: Arial, sans-serif\"><span style=\"font-size: medium\">El CSD les ha pedido a los clubes de ASOBAL documentaci\u00f3n contable y parece ser que el plazo para entregar esos documentos terminaba el pasado viernes. Seg\u00fan me cuentan parece ser que, hasta el pasado viernes, tan s\u00f3lo hab\u00edan firmado 11 clubes de los 16 que componen ASOBAL. Quieren ser Liga Profesional con la actual Ley del Deporte pero se olvidan que si no son SAD, con todo lo que ello conlleva, tienen que tener un Patrimonio Neto Positivo y que los Directivos de los Clubes tienen que avalar un 15% el Presupuesto. Imaginaos en un club con un Presupuesto de 500.000 euros en donde los Directivos tendr\u00e1n que avalar con 75.000 euros. Adem\u00e1s que con este movimiento de ser Liga Profesional, seg\u00fan me cuentan, se les acaban las subvenciones y aportaciones de instituciones p\u00fablicas.<\/span><\/span><\/p>\n<p><span style=\"font-family: Arial, sans-serif\"><span style=\"font-size: medium\">Y yo me pregunto: \u00bflos clubes de ASOBAL tienen suficiente capacidad econ\u00f3mica para ser Liga Profesional cuando parece ser est\u00e1 corriendo como un enorme rio, m\u00e1s que nunca, presuntamente los pagos en dinero \u201cB\u201d a los jugadores? \u00bfY todo esto en que beneficia al balonmano, m\u00e1s gastos, los mismo ingresos para tener las mismas competencias que tienen ahora?<\/span><\/span><\/p>\n<p><span style=\"color: #3e3e3e\"><span style=\"font-family: Arial, sans-serif\"><span style=\"font-size: medium\">Seguirnos en twitter: <\/span><\/span><\/span><span style=\"color: #000080\"><u><a href=\"https:\/\/twitter.com\/\"><span style=\"color: #0000ff\"><span style=\"font-family: Arial, sans-serif\"><span style=\"font-size: medium\">https:\/\/twitter.com\/#!\/deroscacope<\/span><\/span><\/span><\/a><\/u><\/span><\/p>\n","protected":false},"excerpt":{"rendered":"<p>El pasado 26 de Abril desde la sede de ASOBAL se les envi\u00f3 una carta a todos los clubes de ASOBAL diciendo que est\u00e1n viendo con el Consejo Superior de Deportes (CSD) ser Liga Profesional. Se les pide que firmen dicha carta y se la reenv\u00eden a ASOBAL. Una carta en la que se dice [&hellip;]<\/p>\n","protected":false},"author":23,"featured_media":2680,"comment_status":"open","ping_status":"open","sticky":false,"template":"","format":"standard","meta":{"footnotes":""},"categories":[3],"tags":[],"class_list":["post-2679","post","type-post","status-publish","format-standard","has-post-thumbnail","hentry","category-balonmano"],"yoast_head":"<!-- This site is optimized with the Yoast SEO plugin v27.4 - https:\/\/yoast.com\/product\/yoast-seo-wordpress\/ -->\n<title>Los Clubes de ASOBAL piden al CSD ser Liga Profesional - Derosca<\/title>\n<meta name=\"robots\" content=\"index, follow, max-snippet:-1, max-image-preview:large, max-video-preview:-1\" \/>\n<link rel=\"canonical\" href=\"https:\/\/www.cope.es\/blogs\/derosca\/2022\/05\/10\/los-clubes-de-asobal-quieren-pedir-al-csd-ser-liga-profesional\/\" \/>\n<meta property=\"og:locale\" content=\"es_ES\" \/>\n<meta property=\"og:type\" content=\"article\" \/>\n<meta property=\"og:title\" content=\"Los Clubes de ASOBAL piden al CSD ser Liga Profesional - Derosca\" \/>\n<meta property=\"og:description\" content=\"El pasado 26 de Abril desde la sede de ASOBAL se les envi\u00f3 una carta a todos los clubes de ASOBAL diciendo que est\u00e1n viendo con el Consejo Superior de Deportes (CSD) ser Liga Profesional. Se les pide que firmen dicha carta y se la reenv\u00eden a ASOBAL. Una carta en la que se dice [&hellip;]\" \/>\n<meta property=\"og:url\" content=\"https:\/\/www.cope.es\/blogs\/derosca\/2022\/05\/10\/los-clubes-de-asobal-quieren-pedir-al-csd-ser-liga-profesional\/\" \/>\n<meta property=\"og:site_name\" content=\"Derosca\" \/>\n<meta property=\"article:publisher\" content=\"https:\/\/www.facebook.com\/cope\/\" \/>\n<meta property=\"article:published_time\" content=\"2022-05-10T07:35:20+00:00\" \/>\n<meta property=\"article:modified_time\" content=\"2022-05-10T07:39:26+00:00\" \/>\n<meta property=\"og:image\" content=\"https:\/\/www.cope.es\/blogs\/derosca\/wp-content\/uploads\/sites\/22\/2022\/05\/15870369311109.jpg\" \/>\n\t<meta property=\"og:image:width\" content=\"680\" \/>\n\t<meta property=\"og:image:height\" content=\"381\" \/>\n\t<meta property=\"og:image:type\" content=\"image\/jpeg\" \/>\n<meta name=\"author\" content=\"Luis Malvar\" \/>\n<meta name=\"twitter:card\" content=\"summary_large_image\" \/>\n<meta name=\"twitter:creator\" content=\"@cope_es\" \/>\n<meta name=\"twitter:site\" content=\"@cope_es\" \/>\n<meta name=\"twitter:label1\" content=\"Escrito por\" \/>\n\t<meta name=\"twitter:data1\" content=\"Luis Malvar\" \/>\n\t<meta name=\"twitter:label2\" content=\"Tiempo de lectura\" \/>\n\t<meta name=\"twitter:data2\" content=\"4 minutos\" \/>\n<script type=\"application\/ld+json\" class=\"yoast-schema-graph\">{\"@context\":\"https:\\\/\\\/schema.org\",\"@graph\":[{\"@type\":\"Article\",\"@id\":\"https:\\\/\\\/www.cope.es\\\/blogs\\\/derosca\\\/2022\\\/05\\\/10\\\/los-clubes-de-asobal-quieren-pedir-al-csd-ser-liga-profesional\\\/#article\",\"isPartOf\":{\"@id\":\"https:\\\/\\\/www.cope.es\\\/blogs\\\/derosca\\\/2022\\\/05\\\/10\\\/los-clubes-de-asobal-quieren-pedir-al-csd-ser-liga-profesional\\\/\"},\"author\":{\"name\":\"Luis Malvar\",\"@id\":\"https:\\\/\\\/www.cope.es\\\/blogs\\\/derosca\\\/#\\\/schema\\\/person\\\/02d6fa6fa8d8db60f83303875a4ff77f\"},\"headline\":\"Los Clubes de ASOBAL piden al CSD ser Liga Profesional\",\"datePublished\":\"2022-05-10T07:35:20+00:00\",\"dateModified\":\"2022-05-10T07:39:26+00:00\",\"mainEntityOfPage\":{\"@id\":\"https:\\\/\\\/www.cope.es\\\/blogs\\\/derosca\\\/2022\\\/05\\\/10\\\/los-clubes-de-asobal-quieren-pedir-al-csd-ser-liga-profesional\\\/\"},\"wordCount\":723,\"commentCount\":0,\"image\":{\"@id\":\"https:\\\/\\\/www.cope.es\\\/blogs\\\/derosca\\\/2022\\\/05\\\/10\\\/los-clubes-de-asobal-quieren-pedir-al-csd-ser-liga-profesional\\\/#primaryimage\"},\"thumbnailUrl\":\"https:\\\/\\\/www.cope.es\\\/blogs\\\/derosca\\\/wp-content\\\/uploads\\\/sites\\\/22\\\/2022\\\/05\\\/15870369311109.jpg\",\"articleSection\":[\"Balonmano\"],\"inLanguage\":\"es\",\"potentialAction\":[{\"@type\":\"CommentAction\",\"name\":\"Comment\",\"target\":[\"https:\\\/\\\/www.cope.es\\\/blogs\\\/derosca\\\/2022\\\/05\\\/10\\\/los-clubes-de-asobal-quieren-pedir-al-csd-ser-liga-profesional\\\/#respond\"]}]},{\"@type\":\"WebPage\",\"@id\":\"https:\\\/\\\/www.cope.es\\\/blogs\\\/derosca\\\/2022\\\/05\\\/10\\\/los-clubes-de-asobal-quieren-pedir-al-csd-ser-liga-profesional\\\/\",\"url\":\"https:\\\/\\\/www.cope.es\\\/blogs\\\/derosca\\\/2022\\\/05\\\/10\\\/los-clubes-de-asobal-quieren-pedir-al-csd-ser-liga-profesional\\\/\",\"name\":\"Los Clubes de ASOBAL piden al CSD ser Liga Profesional - Derosca\",\"isPartOf\":{\"@id\":\"https:\\\/\\\/www.cope.es\\\/blogs\\\/derosca\\\/#website\"},\"primaryImageOfPage\":{\"@id\":\"https:\\\/\\\/www.cope.es\\\/blogs\\\/derosca\\\/2022\\\/05\\\/10\\\/los-clubes-de-asobal-quieren-pedir-al-csd-ser-liga-profesional\\\/#primaryimage\"},\"image\":{\"@id\":\"https:\\\/\\\/www.cope.es\\\/blogs\\\/derosca\\\/2022\\\/05\\\/10\\\/los-clubes-de-asobal-quieren-pedir-al-csd-ser-liga-profesional\\\/#primaryimage\"},\"thumbnailUrl\":\"https:\\\/\\\/www.cope.es\\\/blogs\\\/derosca\\\/wp-content\\\/uploads\\\/sites\\\/22\\\/2022\\\/05\\\/15870369311109.jpg\",\"datePublished\":\"2022-05-10T07:35:20+00:00\",\"dateModified\":\"2022-05-10T07:39:26+00:00\",\"author\":{\"@id\":\"https:\\\/\\\/www.cope.es\\\/blogs\\\/derosca\\\/#\\\/schema\\\/person\\\/02d6fa6fa8d8db60f83303875a4ff77f\"},\"breadcrumb\":{\"@id\":\"https:\\\/\\\/www.cope.es\\\/blogs\\\/derosca\\\/2022\\\/05\\\/10\\\/los-clubes-de-asobal-quieren-pedir-al-csd-ser-liga-profesional\\\/#breadcrumb\"},\"inLanguage\":\"es\",\"potentialAction\":[{\"@type\":\"ReadAction\",\"target\":[\"https:\\\/\\\/www.cope.es\\\/blogs\\\/derosca\\\/2022\\\/05\\\/10\\\/los-clubes-de-asobal-quieren-pedir-al-csd-ser-liga-profesional\\\/\"]}]},{\"@type\":\"ImageObject\",\"inLanguage\":\"es\",\"@id\":\"https:\\\/\\\/www.cope.es\\\/blogs\\\/derosca\\\/2022\\\/05\\\/10\\\/los-clubes-de-asobal-quieren-pedir-al-csd-ser-liga-profesional\\\/#primaryimage\",\"url\":\"https:\\\/\\\/www.cope.es\\\/blogs\\\/derosca\\\/wp-content\\\/uploads\\\/sites\\\/22\\\/2022\\\/05\\\/15870369311109.jpg\",\"contentUrl\":\"https:\\\/\\\/www.cope.es\\\/blogs\\\/derosca\\\/wp-content\\\/uploads\\\/sites\\\/22\\\/2022\\\/05\\\/15870369311109.jpg\",\"width\":680,\"height\":381,\"caption\":\"Los Clubes de ASOBAL quieren pedir al CSD ser Liga Profesional\"},{\"@type\":\"BreadcrumbList\",\"@id\":\"https:\\\/\\\/www.cope.es\\\/blogs\\\/derosca\\\/2022\\\/05\\\/10\\\/los-clubes-de-asobal-quieren-pedir-al-csd-ser-liga-profesional\\\/#breadcrumb\",\"itemListElement\":[{\"@type\":\"ListItem\",\"position\":1,\"name\":\"Portada\",\"item\":\"https:\\\/\\\/www.cope.es\\\/blogs\\\/derosca\\\/\"},{\"@type\":\"ListItem\",\"position\":2,\"name\":\"Los Clubes de ASOBAL piden al CSD ser Liga Profesional\"}]},{\"@type\":\"WebSite\",\"@id\":\"https:\\\/\\\/www.cope.es\\\/blogs\\\/derosca\\\/#website\",\"url\":\"https:\\\/\\\/www.cope.es\\\/blogs\\\/derosca\\\/\",\"name\":\"Derosca\",\"description\":\"Blog de balonmano COPE\",\"potentialAction\":[{\"@type\":\"SearchAction\",\"target\":{\"@type\":\"EntryPoint\",\"urlTemplate\":\"https:\\\/\\\/www.cope.es\\\/blogs\\\/derosca\\\/?s={search_term_string}\"},\"query-input\":{\"@type\":\"PropertyValueSpecification\",\"valueRequired\":true,\"valueName\":\"search_term_string\"}}],\"inLanguage\":\"es\"},{\"@type\":\"Person\",\"@id\":\"https:\\\/\\\/www.cope.es\\\/blogs\\\/derosca\\\/#\\\/schema\\\/person\\\/02d6fa6fa8d8db60f83303875a4ff77f\",\"name\":\"Luis Malvar\",\"image\":{\"@type\":\"ImageObject\",\"inLanguage\":\"es\",\"@id\":\"https:\\\/\\\/secure.gravatar.com\\\/avatar\\\/23cd47dec2904689b3ccd32d1dd3e86c7cbf60dcf7376c68854f761a4939534f?s=96&d=mm&r=g\",\"url\":\"https:\\\/\\\/secure.gravatar.com\\\/avatar\\\/23cd47dec2904689b3ccd32d1dd3e86c7cbf60dcf7376c68854f761a4939534f?s=96&d=mm&r=g\",\"contentUrl\":\"https:\\\/\\\/secure.gravatar.com\\\/avatar\\\/23cd47dec2904689b3ccd32d1dd3e86c7cbf60dcf7376c68854f761a4939534f?s=96&d=mm&r=g\",\"caption\":\"Luis Malvar\"},\"description\":\"Comenc\u00e9 la andadura del Blog Derosca all\u00e1 por el 22 de Mayo de 2008. Un blog en el que se trata de llevar a los numerosos aficionados y amantes del mundo del balonmano toda la actualidad de nuestro apasionante deporte. Una ventana que sirve para dar luz a las innumerables noticias que genera el balonmano y que habitualmente no tienen reflejo en los medios de comunicaci\u00f3n. Sin lugar a dudas el Blog Derosca cuenta con un apartado que tiene a gala contar con miles de seguidores como es \u201cMis Pajaritos\u201d en donde se relatan y narran todas las intrahistorias que se generan en el balonmano espa\u00f1ol y que incomoda a m\u00e1s de uno que salgan a la luz.!Gracias por seguirnos durante todos estos a\u00f1os\u00a1\",\"sameAs\":[\"http:\\\/\\\/www.cope.es\",\"lmalvar\"],\"url\":\"https:\\\/\\\/www.cope.es\\\/blogs\\\/derosca\\\/author\\\/lmalvar\\\/\"}]}<\/script>\n<!-- \/ Yoast SEO plugin. -->","yoast_head_json":{"title":"Los Clubes de ASOBAL piden al CSD ser Liga Profesional - Derosca","robots":{"index":"index","follow":"follow","max-snippet":"max-snippet:-1","max-image-preview":"max-image-preview:large","max-video-preview":"max-video-preview:-1"},"canonical":"https:\/\/www.cope.es\/blogs\/derosca\/2022\/05\/10\/los-clubes-de-asobal-quieren-pedir-al-csd-ser-liga-profesional\/","og_locale":"es_ES","og_type":"article","og_title":"Los Clubes de ASOBAL piden al CSD ser Liga Profesional - Derosca","og_description":"El pasado 26 de Abril desde la sede de ASOBAL se les envi\u00f3 una carta a todos los clubes de ASOBAL diciendo que est\u00e1n viendo con el Consejo Superior de Deportes (CSD) ser Liga Profesional. Se les pide que firmen dicha carta y se la reenv\u00eden a ASOBAL. Una carta en la que se dice [&hellip;]","og_url":"https:\/\/www.cope.es\/blogs\/derosca\/2022\/05\/10\/los-clubes-de-asobal-quieren-pedir-al-csd-ser-liga-profesional\/","og_site_name":"Derosca","article_publisher":"https:\/\/www.facebook.com\/cope\/","article_published_time":"2022-05-10T07:35:20+00:00","article_modified_time":"2022-05-10T07:39:26+00:00","og_image":[{"width":680,"height":381,"url":"https:\/\/www.cope.es\/blogs\/derosca\/wp-content\/uploads\/sites\/22\/2022\/05\/15870369311109.jpg","type":"image\/jpeg"}],"author":"Luis Malvar","twitter_card":"summary_large_image","twitter_creator":"@cope_es","twitter_site":"@cope_es","twitter_misc":{"Escrito por":"Luis Malvar","Tiempo de lectura":"4 minutos"},"schema":{"@context":"https:\/\/schema.org","@graph":[{"@type":"Article","@id":"https:\/\/www.cope.es\/blogs\/derosca\/2022\/05\/10\/los-clubes-de-asobal-quieren-pedir-al-csd-ser-liga-profesional\/#article","isPartOf":{"@id":"https:\/\/www.cope.es\/blogs\/derosca\/2022\/05\/10\/los-clubes-de-asobal-quieren-pedir-al-csd-ser-liga-profesional\/"},"author":{"name":"Luis Malvar","@id":"https:\/\/www.cope.es\/blogs\/derosca\/#\/schema\/person\/02d6fa6fa8d8db60f83303875a4ff77f"},"headline":"Los Clubes de ASOBAL piden al CSD ser Liga Profesional","datePublished":"2022-05-10T07:35:20+00:00","dateModified":"2022-05-10T07:39:26+00:00","mainEntityOfPage":{"@id":"https:\/\/www.cope.es\/blogs\/derosca\/2022\/05\/10\/los-clubes-de-asobal-quieren-pedir-al-csd-ser-liga-profesional\/"},"wordCount":723,"commentCount":0,"image":{"@id":"https:\/\/www.cope.es\/blogs\/derosca\/2022\/05\/10\/los-clubes-de-asobal-quieren-pedir-al-csd-ser-liga-profesional\/#primaryimage"},"thumbnailUrl":"https:\/\/www.cope.es\/blogs\/derosca\/wp-content\/uploads\/sites\/22\/2022\/05\/15870369311109.jpg","articleSection":["Balonmano"],"inLanguage":"es","potentialAction":[{"@type":"CommentAction","name":"Comment","target":["https:\/\/www.cope.es\/blogs\/derosca\/2022\/05\/10\/los-clubes-de-asobal-quieren-pedir-al-csd-ser-liga-profesional\/#respond"]}]},{"@type":"WebPage","@id":"https:\/\/www.cope.es\/blogs\/derosca\/2022\/05\/10\/los-clubes-de-asobal-quieren-pedir-al-csd-ser-liga-profesional\/","url":"https:\/\/www.cope.es\/blogs\/derosca\/2022\/05\/10\/los-clubes-de-asobal-quieren-pedir-al-csd-ser-liga-profesional\/","name":"Los Clubes de ASOBAL piden al CSD ser Liga Profesional - Derosca","isPartOf":{"@id":"https:\/\/www.cope.es\/blogs\/derosca\/#website"},"primaryImageOfPage":{"@id":"https:\/\/www.cope.es\/blogs\/derosca\/2022\/05\/10\/los-clubes-de-asobal-quieren-pedir-al-csd-ser-liga-profesional\/#primaryimage"},"image":{"@id":"https:\/\/www.cope.es\/blogs\/derosca\/2022\/05\/10\/los-clubes-de-asobal-quieren-pedir-al-csd-ser-liga-profesional\/#primaryimage"},"thumbnailUrl":"https:\/\/www.cope.es\/blogs\/derosca\/wp-content\/uploads\/sites\/22\/2022\/05\/15870369311109.jpg","datePublished":"2022-05-10T07:35:20+00:00","dateModified":"2022-05-10T07:39:26+00:00","author":{"@id":"https:\/\/www.cope.es\/blogs\/derosca\/#\/schema\/person\/02d6fa6fa8d8db60f83303875a4ff77f"},"breadcrumb":{"@id":"https:\/\/www.cope.es\/blogs\/derosca\/2022\/05\/10\/los-clubes-de-asobal-quieren-pedir-al-csd-ser-liga-profesional\/#breadcrumb"},"inLanguage":"es","potentialAction":[{"@type":"ReadAction","target":["https:\/\/www.cope.es\/blogs\/derosca\/2022\/05\/10\/los-clubes-de-asobal-quieren-pedir-al-csd-ser-liga-profesional\/"]}]},{"@type":"ImageObject","inLanguage":"es","@id":"https:\/\/www.cope.es\/blogs\/derosca\/2022\/05\/10\/los-clubes-de-asobal-quieren-pedir-al-csd-ser-liga-profesional\/#primaryimage","url":"https:\/\/www.cope.es\/blogs\/derosca\/wp-content\/uploads\/sites\/22\/2022\/05\/15870369311109.jpg","contentUrl":"https:\/\/www.cope.es\/blogs\/derosca\/wp-content\/uploads\/sites\/22\/2022\/05\/15870369311109.jpg","width":680,"height":381,"caption":"Los Clubes de ASOBAL quieren pedir al CSD ser Liga Profesional"},{"@type":"BreadcrumbList","@id":"https:\/\/www.cope.es\/blogs\/derosca\/2022\/05\/10\/los-clubes-de-asobal-quieren-pedir-al-csd-ser-liga-profesional\/#breadcrumb","itemListElement":[{"@type":"ListItem","position":1,"name":"Portada","item":"https:\/\/www.cope.es\/blogs\/derosca\/"},{"@type":"ListItem","position":2,"name":"Los Clubes de ASOBAL piden al CSD ser Liga Profesional"}]},{"@type":"WebSite","@id":"https:\/\/www.cope.es\/blogs\/derosca\/#website","url":"https:\/\/www.cope.es\/blogs\/derosca\/","name":"Derosca","description":"Blog de balonmano COPE","potentialAction":[{"@type":"SearchAction","target":{"@type":"EntryPoint","urlTemplate":"https:\/\/www.cope.es\/blogs\/derosca\/?s={search_term_string}"},"query-input":{"@type":"PropertyValueSpecification","valueRequired":true,"valueName":"search_term_string"}}],"inLanguage":"es"},{"@type":"Person","@id":"https:\/\/www.cope.es\/blogs\/derosca\/#\/schema\/person\/02d6fa6fa8d8db60f83303875a4ff77f","name":"Luis Malvar","image":{"@type":"ImageObject","inLanguage":"es","@id":"https:\/\/secure.gravatar.com\/avatar\/23cd47dec2904689b3ccd32d1dd3e86c7cbf60dcf7376c68854f761a4939534f?s=96&d=mm&r=g","url":"https:\/\/secure.gravatar.com\/avatar\/23cd47dec2904689b3ccd32d1dd3e86c7cbf60dcf7376c68854f761a4939534f?s=96&d=mm&r=g","contentUrl":"https:\/\/secure.gravatar.com\/avatar\/23cd47dec2904689b3ccd32d1dd3e86c7cbf60dcf7376c68854f761a4939534f?s=96&d=mm&r=g","caption":"Luis Malvar"},"description":"Comenc\u00e9 la andadura del Blog Derosca all\u00e1 por el 22 de Mayo de 2008. Un blog en el que se trata de llevar a los numerosos aficionados y amantes del mundo del balonmano toda la actualidad de nuestro apasionante deporte. Una ventana que sirve para dar luz a las innumerables noticias que genera el balonmano y que habitualmente no tienen reflejo en los medios de comunicaci\u00f3n. Sin lugar a dudas el Blog Derosca cuenta con un apartado que tiene a gala contar con miles de seguidores como es \u201cMis Pajaritos\u201d en donde se relatan y narran todas las intrahistorias que se generan en el balonmano espa\u00f1ol y que incomoda a m\u00e1s de uno que salgan a la luz.!Gracias por seguirnos durante todos estos a\u00f1os\u00a1","sameAs":["http:\/\/www.cope.es","lmalvar"],"url":"https:\/\/www.cope.es\/blogs\/derosca\/author\/lmalvar\/"}]}},"amp_enabled":true,"_links":{"self":[{"href":"https:\/\/www.cope.es\/blogs\/derosca\/wp-json\/wp\/v2\/posts\/2679","targetHints":{"allow":["GET"]}}],"collection":[{"href":"https:\/\/www.cope.es\/blogs\/derosca\/wp-json\/wp\/v2\/posts"}],"about":[{"href":"https:\/\/www.cope.es\/blogs\/derosca\/wp-json\/wp\/v2\/types\/post"}],"author":[{"embeddable":true,"href":"https:\/\/www.cope.es\/blogs\/derosca\/wp-json\/wp\/v2\/users\/23"}],"replies":[{"embeddable":true,"href":"https:\/\/www.cope.es\/blogs\/derosca\/wp-json\/wp\/v2\/comments?post=2679"}],"version-history":[{"count":2,"href":"https:\/\/www.cope.es\/blogs\/derosca\/wp-json\/wp\/v2\/posts\/2679\/revisions"}],"predecessor-version":[{"id":2682,"href":"https:\/\/www.cope.es\/blogs\/derosca\/wp-json\/wp\/v2\/posts\/2679\/revisions\/2682"}],"wp:featuredmedia":[{"embeddable":true,"href":"https:\/\/www.cope.es\/blogs\/derosca\/wp-json\/wp\/v2\/media\/2680"}],"wp:attachment":[{"href":"https:\/\/www.cope.es\/blogs\/derosca\/wp-json\/wp\/v2\/media?parent=2679"}],"wp:term":[{"taxonomy":"category","embeddable":true,"href":"https:\/\/www.cope.es\/blogs\/derosca\/wp-json\/wp\/v2\/categories?post=2679"},{"taxonomy":"post_tag","embeddable":true,"href":"https:\/\/www.cope.es\/blogs\/derosca\/wp-json\/wp\/v2\/tags?post=2679"}],"curies":[{"name":"wp","href":"https:\/\/api.w.org\/{rel}","templated":true}]}}