{"id":2374,"date":"2021-11-25T09:27:23","date_gmt":"2021-11-25T08:27:23","guid":{"rendered":"http:\/\/www.cope.es\/blogs\/derosca\/?p=2374"},"modified":"2021-11-25T09:27:23","modified_gmt":"2021-11-25T08:27:23","slug":"siraba-dembele-se-retira-de-la-seleccion-femenina-de-francia","status":"publish","type":"post","link":"https:\/\/www.cope.es\/blogs\/derosca\/2021\/11\/25\/siraba-dembele-se-retira-de-la-seleccion-femenina-de-francia\/","title":{"rendered":"Siraba Demb\u00e9l\u00e9 se retira de  la Selecci\u00f3n Femenina de Francia"},"content":{"rendered":"<p><span style=\"color: #02171d\"><span style=\"font-family: Arial, sans-serif\"><span style=\"font-size: medium\"><span>Hace unas semanas saltaba la noticia que una de las jugadoras referentes de la Selecci\u00f3n Femenina de Francia se retiraba como es Alexandra Lacrab\u00e8re. Ahora se confirma otra retirada tambi\u00e9n importante para el conjunto galo y es la de Siraba Demb\u00e9l\u00e9 quien anunci\u00f3 su retirada como jugadora internacional.<\/span><\/span><\/span><\/span><\/p>\n<p><span style=\"color: #02171d\"><span style=\"font-family: Arial, sans-serif\"><span style=\"font-size: medium\"><span>La ex capitana de la Selecci\u00f3n de Francia, <\/span><\/span><\/span><\/span><span style=\"color: #02171d\"><span style=\"font-family: Arial, sans-serif\"><span style=\"font-size: medium\"><span>Siraba Demb\u00e9l\u00e9, ha vestido la camiseta de Francia en <\/span><\/span><\/span><\/span><span style=\"color: #02171d\"><span style=\"font-family: Arial, sans-serif\"><span style=\"font-size: medium\"><span>291 ocasiones y ha decidido decir adi\u00f3s al combinado franc\u00e9s. Lesionada en el tend\u00f3n de Aquiles el pasado mes de Abril acaba de volver a competir con su club en Bucarest. Dembel\u00e9 ha comentado que t<\/span><\/span><\/span><\/span><em><span style=\"color: #02171d\"><span style=\"font-family: Arial, sans-serif\"><span style=\"font-size: medium\"><span>odav\u00eda le duele pensar en su retirada y que le <\/span><\/span><\/span><\/span><\/em><span style=\"color: #02171d\"><span style=\"font-family: Arial, sans-serif\"><span style=\"font-size: medium\"><span>hubiera gustado terminar en una \u00faltima competici\u00f3n, un \u00faltimo partido, para seguir viviendo buenos momentos con las chicas y tener emociones. Le hubiera gustado cerrar el c\u00edrculo sencillamente.<\/span><\/span><\/span><\/span><\/p>\n<p><span style=\"color: #02171d\"><span style=\"font-family: Arial, sans-serif\"><span style=\"font-size: medium\"><span>A sus 35 a\u00f1os, <\/span><\/span><\/span><\/span><span style=\"color: #02171d\"><span style=\"font-family: Arial, sans-serif\"><span style=\"font-size: medium\"><span>Siraba Demb\u00e9l\u00e9<\/span><\/span><\/span><\/span><strong><span style=\"color: #02171d\"><span style=\"font-family: Arial, sans-serif\"><span style=\"font-size: medium\"><span>, <\/span><\/span><\/span><\/span><\/strong><span style=\"color: #02171d\"><span style=\"font-family: Arial, sans-serif\"><span style=\"font-size: medium\"><span>seguir\u00e1 siendo la que levant\u00f3 el trofeo de Campe\u00f3n de Europea en el a\u00f1o 2018 en Francia, un a\u00f1o despu\u00e9s de ganar la segunda corona mundial el balonmano femenino franc\u00e9s, en Alemania. Lesionada, sin embargo, no form\u00f3 parte de los pasados Juegos Olimpicos de Tokyo 2020 este pasado verano. Recordemos que Demb\u00e9l\u00e9 tambi\u00e9n tiene un t\u00edtulo de Subcampeona Ol\u00edmpica en el a\u00f1o 2016 con Francia, as\u00ed como dos Medallas de Plata Mundiales en los a\u00f1os 2009 y 2011 adem\u00e1s de otra en la \u00faltima Eurocopa en Dinamarca.<\/span><\/span><\/span><\/span><\/p>\n<p><span style=\"color: #02171d\"><span style=\"font-family: Arial, sans-serif\"><span style=\"font-size: medium\"><span>Siraba Demb\u00e9l\u00e9 todav\u00eda no sabe cuando definitivamente colgar\u00e1 las zapatillas como jugadora dado que al terminar su contrato con el CSM Bucarest no sabe si seguir\u00e1 como jugadora o no. Ella misma reconoce que est\u00e1 <\/span><\/span><\/span><\/span><em><span style=\"color: #02171d\"><span style=\"font-family: Arial, sans-serif\"><span style=\"font-size: medium\"><span>al final de su carrera, pero no quiere apresurarse en tomar una decisi\u00f3n. Todav\u00eda tiene este deseo de jugar y quiere terminar bien en las pistas.<\/span><\/span><\/span><\/span><\/em><\/p>\n<p><span style=\"color: #02171d\"><span style=\"font-family: Arial, sans-serif\"><span style=\"font-size: medium\"><span>Seguirnos en twitter:\u00a0<\/span><\/span><\/span><\/span><span style=\"color: #000080\"><span><u><a href=\"https:\/\/twitter.com\/\"><span style=\"color: #0000ff\"><span style=\"font-family: Arial, sans-serif\"><span style=\"font-size: medium\"><span>https:\/\/twitter.com\/#!\/deroscacope<\/span><\/span><\/span><\/span><\/a><\/u><\/span><\/span><\/p>\n","protected":false},"excerpt":{"rendered":"<p>Hace unas semanas saltaba la noticia que una de las jugadoras referentes de la Selecci\u00f3n Femenina de Francia se retiraba como es Alexandra Lacrab\u00e8re. Ahora se confirma otra retirada tambi\u00e9n importante para el conjunto galo y es la de Siraba Demb\u00e9l\u00e9 quien anunci\u00f3 su retirada como jugadora internacional. La ex capitana de la Selecci\u00f3n de [&hellip;]<\/p>\n","protected":false},"author":23,"featured_media":2375,"comment_status":"open","ping_status":"open","sticky":false,"template":"","format":"standard","meta":{"footnotes":""},"categories":[3],"tags":[],"class_list":["post-2374","post","type-post","status-publish","format-standard","has-post-thumbnail","hentry","category-balonmano"],"yoast_head":"<!-- This site is optimized with the Yoast SEO plugin v27.4 - https:\/\/yoast.com\/product\/yoast-seo-wordpress\/ -->\n<title>Siraba Demb\u00e9l\u00e9 se retira de la Selecci\u00f3n Femenina de Francia - Derosca<\/title>\n<meta name=\"robots\" content=\"index, follow, max-snippet:-1, max-image-preview:large, max-video-preview:-1\" \/>\n<link rel=\"canonical\" href=\"https:\/\/www.cope.es\/blogs\/derosca\/2021\/11\/25\/siraba-dembele-se-retira-de-la-seleccion-femenina-de-francia\/\" \/>\n<meta property=\"og:locale\" content=\"es_ES\" \/>\n<meta property=\"og:type\" content=\"article\" \/>\n<meta property=\"og:title\" content=\"Siraba Demb\u00e9l\u00e9 se retira de la Selecci\u00f3n Femenina de Francia - Derosca\" \/>\n<meta property=\"og:description\" content=\"Hace unas semanas saltaba la noticia que una de las jugadoras referentes de la Selecci\u00f3n Femenina de Francia se retiraba como es Alexandra Lacrab\u00e8re. Ahora se confirma otra retirada tambi\u00e9n importante para el conjunto galo y es la de Siraba Demb\u00e9l\u00e9 quien anunci\u00f3 su retirada como jugadora internacional. La ex capitana de la Selecci\u00f3n de [&hellip;]\" \/>\n<meta property=\"og:url\" content=\"https:\/\/www.cope.es\/blogs\/derosca\/2021\/11\/25\/siraba-dembele-se-retira-de-la-seleccion-femenina-de-francia\/\" \/>\n<meta property=\"og:site_name\" content=\"Derosca\" \/>\n<meta property=\"article:publisher\" content=\"https:\/\/www.facebook.com\/cope\/\" \/>\n<meta property=\"article:published_time\" content=\"2021-11-25T08:27:23+00:00\" \/>\n<meta property=\"og:image\" content=\"https:\/\/www.cope.es\/blogs\/derosca\/wp-content\/uploads\/sites\/22\/2021\/11\/handball_equipe_de_france_ehf_euro_2018_siraba_dembele_pavlovic_qualification_demi_finale-680x353-1.jpg\" \/>\n\t<meta property=\"og:image:width\" content=\"680\" \/>\n\t<meta property=\"og:image:height\" content=\"353\" \/>\n\t<meta property=\"og:image:type\" content=\"image\/jpeg\" \/>\n<meta name=\"author\" content=\"Luis Malvar\" \/>\n<meta name=\"twitter:card\" content=\"summary_large_image\" \/>\n<meta name=\"twitter:creator\" content=\"@cope_es\" \/>\n<meta name=\"twitter:site\" content=\"@cope_es\" \/>\n<meta name=\"twitter:label1\" content=\"Escrito por\" \/>\n\t<meta name=\"twitter:data1\" content=\"Luis Malvar\" \/>\n\t<meta name=\"twitter:label2\" content=\"Tiempo de lectura\" \/>\n\t<meta name=\"twitter:data2\" content=\"2 minutos\" \/>\n<script type=\"application\/ld+json\" class=\"yoast-schema-graph\">{\"@context\":\"https:\\\/\\\/schema.org\",\"@graph\":[{\"@type\":\"Article\",\"@id\":\"https:\\\/\\\/www.cope.es\\\/blogs\\\/derosca\\\/2021\\\/11\\\/25\\\/siraba-dembele-se-retira-de-la-seleccion-femenina-de-francia\\\/#article\",\"isPartOf\":{\"@id\":\"https:\\\/\\\/www.cope.es\\\/blogs\\\/derosca\\\/2021\\\/11\\\/25\\\/siraba-dembele-se-retira-de-la-seleccion-femenina-de-francia\\\/\"},\"author\":{\"name\":\"Luis Malvar\",\"@id\":\"https:\\\/\\\/www.cope.es\\\/blogs\\\/derosca\\\/#\\\/schema\\\/person\\\/02d6fa6fa8d8db60f83303875a4ff77f\"},\"headline\":\"Siraba Demb\u00e9l\u00e9 se retira de la Selecci\u00f3n Femenina de Francia\",\"datePublished\":\"2021-11-25T08:27:23+00:00\",\"mainEntityOfPage\":{\"@id\":\"https:\\\/\\\/www.cope.es\\\/blogs\\\/derosca\\\/2021\\\/11\\\/25\\\/siraba-dembele-se-retira-de-la-seleccion-femenina-de-francia\\\/\"},\"wordCount\":335,\"commentCount\":0,\"image\":{\"@id\":\"https:\\\/\\\/www.cope.es\\\/blogs\\\/derosca\\\/2021\\\/11\\\/25\\\/siraba-dembele-se-retira-de-la-seleccion-femenina-de-francia\\\/#primaryimage\"},\"thumbnailUrl\":\"https:\\\/\\\/www.cope.es\\\/blogs\\\/derosca\\\/wp-content\\\/uploads\\\/sites\\\/22\\\/2021\\\/11\\\/handball_equipe_de_france_ehf_euro_2018_siraba_dembele_pavlovic_qualification_demi_finale-680x353-1.jpg\",\"articleSection\":[\"Balonmano\"],\"inLanguage\":\"es\",\"potentialAction\":[{\"@type\":\"CommentAction\",\"name\":\"Comment\",\"target\":[\"https:\\\/\\\/www.cope.es\\\/blogs\\\/derosca\\\/2021\\\/11\\\/25\\\/siraba-dembele-se-retira-de-la-seleccion-femenina-de-francia\\\/#respond\"]}]},{\"@type\":\"WebPage\",\"@id\":\"https:\\\/\\\/www.cope.es\\\/blogs\\\/derosca\\\/2021\\\/11\\\/25\\\/siraba-dembele-se-retira-de-la-seleccion-femenina-de-francia\\\/\",\"url\":\"https:\\\/\\\/www.cope.es\\\/blogs\\\/derosca\\\/2021\\\/11\\\/25\\\/siraba-dembele-se-retira-de-la-seleccion-femenina-de-francia\\\/\",\"name\":\"Siraba Demb\u00e9l\u00e9 se retira de la Selecci\u00f3n Femenina de Francia - Derosca\",\"isPartOf\":{\"@id\":\"https:\\\/\\\/www.cope.es\\\/blogs\\\/derosca\\\/#website\"},\"primaryImageOfPage\":{\"@id\":\"https:\\\/\\\/www.cope.es\\\/blogs\\\/derosca\\\/2021\\\/11\\\/25\\\/siraba-dembele-se-retira-de-la-seleccion-femenina-de-francia\\\/#primaryimage\"},\"image\":{\"@id\":\"https:\\\/\\\/www.cope.es\\\/blogs\\\/derosca\\\/2021\\\/11\\\/25\\\/siraba-dembele-se-retira-de-la-seleccion-femenina-de-francia\\\/#primaryimage\"},\"thumbnailUrl\":\"https:\\\/\\\/www.cope.es\\\/blogs\\\/derosca\\\/wp-content\\\/uploads\\\/sites\\\/22\\\/2021\\\/11\\\/handball_equipe_de_france_ehf_euro_2018_siraba_dembele_pavlovic_qualification_demi_finale-680x353-1.jpg\",\"datePublished\":\"2021-11-25T08:27:23+00:00\",\"author\":{\"@id\":\"https:\\\/\\\/www.cope.es\\\/blogs\\\/derosca\\\/#\\\/schema\\\/person\\\/02d6fa6fa8d8db60f83303875a4ff77f\"},\"breadcrumb\":{\"@id\":\"https:\\\/\\\/www.cope.es\\\/blogs\\\/derosca\\\/2021\\\/11\\\/25\\\/siraba-dembele-se-retira-de-la-seleccion-femenina-de-francia\\\/#breadcrumb\"},\"inLanguage\":\"es\",\"potentialAction\":[{\"@type\":\"ReadAction\",\"target\":[\"https:\\\/\\\/www.cope.es\\\/blogs\\\/derosca\\\/2021\\\/11\\\/25\\\/siraba-dembele-se-retira-de-la-seleccion-femenina-de-francia\\\/\"]}]},{\"@type\":\"ImageObject\",\"inLanguage\":\"es\",\"@id\":\"https:\\\/\\\/www.cope.es\\\/blogs\\\/derosca\\\/2021\\\/11\\\/25\\\/siraba-dembele-se-retira-de-la-seleccion-femenina-de-francia\\\/#primaryimage\",\"url\":\"https:\\\/\\\/www.cope.es\\\/blogs\\\/derosca\\\/wp-content\\\/uploads\\\/sites\\\/22\\\/2021\\\/11\\\/handball_equipe_de_france_ehf_euro_2018_siraba_dembele_pavlovic_qualification_demi_finale-680x353-1.jpg\",\"contentUrl\":\"https:\\\/\\\/www.cope.es\\\/blogs\\\/derosca\\\/wp-content\\\/uploads\\\/sites\\\/22\\\/2021\\\/11\\\/handball_equipe_de_france_ehf_euro_2018_siraba_dembele_pavlovic_qualification_demi_finale-680x353-1.jpg\",\"width\":680,\"height\":353,\"caption\":\"Siraba Demb\u00e9l\u00e9 se retira de la Selecci\u00f3n Femenina de Francia\"},{\"@type\":\"BreadcrumbList\",\"@id\":\"https:\\\/\\\/www.cope.es\\\/blogs\\\/derosca\\\/2021\\\/11\\\/25\\\/siraba-dembele-se-retira-de-la-seleccion-femenina-de-francia\\\/#breadcrumb\",\"itemListElement\":[{\"@type\":\"ListItem\",\"position\":1,\"name\":\"Portada\",\"item\":\"https:\\\/\\\/www.cope.es\\\/blogs\\\/derosca\\\/\"},{\"@type\":\"ListItem\",\"position\":2,\"name\":\"Siraba Demb\u00e9l\u00e9 se retira de la Selecci\u00f3n Femenina de Francia\"}]},{\"@type\":\"WebSite\",\"@id\":\"https:\\\/\\\/www.cope.es\\\/blogs\\\/derosca\\\/#website\",\"url\":\"https:\\\/\\\/www.cope.es\\\/blogs\\\/derosca\\\/\",\"name\":\"Derosca\",\"description\":\"Blog de balonmano COPE\",\"potentialAction\":[{\"@type\":\"SearchAction\",\"target\":{\"@type\":\"EntryPoint\",\"urlTemplate\":\"https:\\\/\\\/www.cope.es\\\/blogs\\\/derosca\\\/?s={search_term_string}\"},\"query-input\":{\"@type\":\"PropertyValueSpecification\",\"valueRequired\":true,\"valueName\":\"search_term_string\"}}],\"inLanguage\":\"es\"},{\"@type\":\"Person\",\"@id\":\"https:\\\/\\\/www.cope.es\\\/blogs\\\/derosca\\\/#\\\/schema\\\/person\\\/02d6fa6fa8d8db60f83303875a4ff77f\",\"name\":\"Luis Malvar\",\"image\":{\"@type\":\"ImageObject\",\"inLanguage\":\"es\",\"@id\":\"https:\\\/\\\/secure.gravatar.com\\\/avatar\\\/23cd47dec2904689b3ccd32d1dd3e86c7cbf60dcf7376c68854f761a4939534f?s=96&d=mm&r=g\",\"url\":\"https:\\\/\\\/secure.gravatar.com\\\/avatar\\\/23cd47dec2904689b3ccd32d1dd3e86c7cbf60dcf7376c68854f761a4939534f?s=96&d=mm&r=g\",\"contentUrl\":\"https:\\\/\\\/secure.gravatar.com\\\/avatar\\\/23cd47dec2904689b3ccd32d1dd3e86c7cbf60dcf7376c68854f761a4939534f?s=96&d=mm&r=g\",\"caption\":\"Luis Malvar\"},\"description\":\"Comenc\u00e9 la andadura del Blog Derosca all\u00e1 por el 22 de Mayo de 2008. Un blog en el que se trata de llevar a los numerosos aficionados y amantes del mundo del balonmano toda la actualidad de nuestro apasionante deporte. Una ventana que sirve para dar luz a las innumerables noticias que genera el balonmano y que habitualmente no tienen reflejo en los medios de comunicaci\u00f3n. Sin lugar a dudas el Blog Derosca cuenta con un apartado que tiene a gala contar con miles de seguidores como es \u201cMis Pajaritos\u201d en donde se relatan y narran todas las intrahistorias que se generan en el balonmano espa\u00f1ol y que incomoda a m\u00e1s de uno que salgan a la luz.!Gracias por seguirnos durante todos estos a\u00f1os\u00a1\",\"sameAs\":[\"http:\\\/\\\/www.cope.es\",\"lmalvar\"],\"url\":\"https:\\\/\\\/www.cope.es\\\/blogs\\\/derosca\\\/author\\\/lmalvar\\\/\"}]}<\/script>\n<!-- \/ Yoast SEO plugin. -->","yoast_head_json":{"title":"Siraba Demb\u00e9l\u00e9 se retira de la Selecci\u00f3n Femenina de Francia - Derosca","robots":{"index":"index","follow":"follow","max-snippet":"max-snippet:-1","max-image-preview":"max-image-preview:large","max-video-preview":"max-video-preview:-1"},"canonical":"https:\/\/www.cope.es\/blogs\/derosca\/2021\/11\/25\/siraba-dembele-se-retira-de-la-seleccion-femenina-de-francia\/","og_locale":"es_ES","og_type":"article","og_title":"Siraba Demb\u00e9l\u00e9 se retira de la Selecci\u00f3n Femenina de Francia - Derosca","og_description":"Hace unas semanas saltaba la noticia que una de las jugadoras referentes de la Selecci\u00f3n Femenina de Francia se retiraba como es Alexandra Lacrab\u00e8re. Ahora se confirma otra retirada tambi\u00e9n importante para el conjunto galo y es la de Siraba Demb\u00e9l\u00e9 quien anunci\u00f3 su retirada como jugadora internacional. La ex capitana de la Selecci\u00f3n de [&hellip;]","og_url":"https:\/\/www.cope.es\/blogs\/derosca\/2021\/11\/25\/siraba-dembele-se-retira-de-la-seleccion-femenina-de-francia\/","og_site_name":"Derosca","article_publisher":"https:\/\/www.facebook.com\/cope\/","article_published_time":"2021-11-25T08:27:23+00:00","og_image":[{"width":680,"height":353,"url":"https:\/\/www.cope.es\/blogs\/derosca\/wp-content\/uploads\/sites\/22\/2021\/11\/handball_equipe_de_france_ehf_euro_2018_siraba_dembele_pavlovic_qualification_demi_finale-680x353-1.jpg","type":"image\/jpeg"}],"author":"Luis Malvar","twitter_card":"summary_large_image","twitter_creator":"@cope_es","twitter_site":"@cope_es","twitter_misc":{"Escrito por":"Luis Malvar","Tiempo de lectura":"2 minutos"},"schema":{"@context":"https:\/\/schema.org","@graph":[{"@type":"Article","@id":"https:\/\/www.cope.es\/blogs\/derosca\/2021\/11\/25\/siraba-dembele-se-retira-de-la-seleccion-femenina-de-francia\/#article","isPartOf":{"@id":"https:\/\/www.cope.es\/blogs\/derosca\/2021\/11\/25\/siraba-dembele-se-retira-de-la-seleccion-femenina-de-francia\/"},"author":{"name":"Luis Malvar","@id":"https:\/\/www.cope.es\/blogs\/derosca\/#\/schema\/person\/02d6fa6fa8d8db60f83303875a4ff77f"},"headline":"Siraba Demb\u00e9l\u00e9 se retira de la Selecci\u00f3n Femenina de Francia","datePublished":"2021-11-25T08:27:23+00:00","mainEntityOfPage":{"@id":"https:\/\/www.cope.es\/blogs\/derosca\/2021\/11\/25\/siraba-dembele-se-retira-de-la-seleccion-femenina-de-francia\/"},"wordCount":335,"commentCount":0,"image":{"@id":"https:\/\/www.cope.es\/blogs\/derosca\/2021\/11\/25\/siraba-dembele-se-retira-de-la-seleccion-femenina-de-francia\/#primaryimage"},"thumbnailUrl":"https:\/\/www.cope.es\/blogs\/derosca\/wp-content\/uploads\/sites\/22\/2021\/11\/handball_equipe_de_france_ehf_euro_2018_siraba_dembele_pavlovic_qualification_demi_finale-680x353-1.jpg","articleSection":["Balonmano"],"inLanguage":"es","potentialAction":[{"@type":"CommentAction","name":"Comment","target":["https:\/\/www.cope.es\/blogs\/derosca\/2021\/11\/25\/siraba-dembele-se-retira-de-la-seleccion-femenina-de-francia\/#respond"]}]},{"@type":"WebPage","@id":"https:\/\/www.cope.es\/blogs\/derosca\/2021\/11\/25\/siraba-dembele-se-retira-de-la-seleccion-femenina-de-francia\/","url":"https:\/\/www.cope.es\/blogs\/derosca\/2021\/11\/25\/siraba-dembele-se-retira-de-la-seleccion-femenina-de-francia\/","name":"Siraba Demb\u00e9l\u00e9 se retira de la Selecci\u00f3n Femenina de Francia - Derosca","isPartOf":{"@id":"https:\/\/www.cope.es\/blogs\/derosca\/#website"},"primaryImageOfPage":{"@id":"https:\/\/www.cope.es\/blogs\/derosca\/2021\/11\/25\/siraba-dembele-se-retira-de-la-seleccion-femenina-de-francia\/#primaryimage"},"image":{"@id":"https:\/\/www.cope.es\/blogs\/derosca\/2021\/11\/25\/siraba-dembele-se-retira-de-la-seleccion-femenina-de-francia\/#primaryimage"},"thumbnailUrl":"https:\/\/www.cope.es\/blogs\/derosca\/wp-content\/uploads\/sites\/22\/2021\/11\/handball_equipe_de_france_ehf_euro_2018_siraba_dembele_pavlovic_qualification_demi_finale-680x353-1.jpg","datePublished":"2021-11-25T08:27:23+00:00","author":{"@id":"https:\/\/www.cope.es\/blogs\/derosca\/#\/schema\/person\/02d6fa6fa8d8db60f83303875a4ff77f"},"breadcrumb":{"@id":"https:\/\/www.cope.es\/blogs\/derosca\/2021\/11\/25\/siraba-dembele-se-retira-de-la-seleccion-femenina-de-francia\/#breadcrumb"},"inLanguage":"es","potentialAction":[{"@type":"ReadAction","target":["https:\/\/www.cope.es\/blogs\/derosca\/2021\/11\/25\/siraba-dembele-se-retira-de-la-seleccion-femenina-de-francia\/"]}]},{"@type":"ImageObject","inLanguage":"es","@id":"https:\/\/www.cope.es\/blogs\/derosca\/2021\/11\/25\/siraba-dembele-se-retira-de-la-seleccion-femenina-de-francia\/#primaryimage","url":"https:\/\/www.cope.es\/blogs\/derosca\/wp-content\/uploads\/sites\/22\/2021\/11\/handball_equipe_de_france_ehf_euro_2018_siraba_dembele_pavlovic_qualification_demi_finale-680x353-1.jpg","contentUrl":"https:\/\/www.cope.es\/blogs\/derosca\/wp-content\/uploads\/sites\/22\/2021\/11\/handball_equipe_de_france_ehf_euro_2018_siraba_dembele_pavlovic_qualification_demi_finale-680x353-1.jpg","width":680,"height":353,"caption":"Siraba Demb\u00e9l\u00e9 se retira de la Selecci\u00f3n Femenina de Francia"},{"@type":"BreadcrumbList","@id":"https:\/\/www.cope.es\/blogs\/derosca\/2021\/11\/25\/siraba-dembele-se-retira-de-la-seleccion-femenina-de-francia\/#breadcrumb","itemListElement":[{"@type":"ListItem","position":1,"name":"Portada","item":"https:\/\/www.cope.es\/blogs\/derosca\/"},{"@type":"ListItem","position":2,"name":"Siraba Demb\u00e9l\u00e9 se retira de la Selecci\u00f3n Femenina de Francia"}]},{"@type":"WebSite","@id":"https:\/\/www.cope.es\/blogs\/derosca\/#website","url":"https:\/\/www.cope.es\/blogs\/derosca\/","name":"Derosca","description":"Blog de balonmano COPE","potentialAction":[{"@type":"SearchAction","target":{"@type":"EntryPoint","urlTemplate":"https:\/\/www.cope.es\/blogs\/derosca\/?s={search_term_string}"},"query-input":{"@type":"PropertyValueSpecification","valueRequired":true,"valueName":"search_term_string"}}],"inLanguage":"es"},{"@type":"Person","@id":"https:\/\/www.cope.es\/blogs\/derosca\/#\/schema\/person\/02d6fa6fa8d8db60f83303875a4ff77f","name":"Luis Malvar","image":{"@type":"ImageObject","inLanguage":"es","@id":"https:\/\/secure.gravatar.com\/avatar\/23cd47dec2904689b3ccd32d1dd3e86c7cbf60dcf7376c68854f761a4939534f?s=96&d=mm&r=g","url":"https:\/\/secure.gravatar.com\/avatar\/23cd47dec2904689b3ccd32d1dd3e86c7cbf60dcf7376c68854f761a4939534f?s=96&d=mm&r=g","contentUrl":"https:\/\/secure.gravatar.com\/avatar\/23cd47dec2904689b3ccd32d1dd3e86c7cbf60dcf7376c68854f761a4939534f?s=96&d=mm&r=g","caption":"Luis Malvar"},"description":"Comenc\u00e9 la andadura del Blog Derosca all\u00e1 por el 22 de Mayo de 2008. Un blog en el que se trata de llevar a los numerosos aficionados y amantes del mundo del balonmano toda la actualidad de nuestro apasionante deporte. Una ventana que sirve para dar luz a las innumerables noticias que genera el balonmano y que habitualmente no tienen reflejo en los medios de comunicaci\u00f3n. Sin lugar a dudas el Blog Derosca cuenta con un apartado que tiene a gala contar con miles de seguidores como es \u201cMis Pajaritos\u201d en donde se relatan y narran todas las intrahistorias que se generan en el balonmano espa\u00f1ol y que incomoda a m\u00e1s de uno que salgan a la luz.!Gracias por seguirnos durante todos estos a\u00f1os\u00a1","sameAs":["http:\/\/www.cope.es","lmalvar"],"url":"https:\/\/www.cope.es\/blogs\/derosca\/author\/lmalvar\/"}]}},"amp_enabled":true,"_links":{"self":[{"href":"https:\/\/www.cope.es\/blogs\/derosca\/wp-json\/wp\/v2\/posts\/2374","targetHints":{"allow":["GET"]}}],"collection":[{"href":"https:\/\/www.cope.es\/blogs\/derosca\/wp-json\/wp\/v2\/posts"}],"about":[{"href":"https:\/\/www.cope.es\/blogs\/derosca\/wp-json\/wp\/v2\/types\/post"}],"author":[{"embeddable":true,"href":"https:\/\/www.cope.es\/blogs\/derosca\/wp-json\/wp\/v2\/users\/23"}],"replies":[{"embeddable":true,"href":"https:\/\/www.cope.es\/blogs\/derosca\/wp-json\/wp\/v2\/comments?post=2374"}],"version-history":[{"count":1,"href":"https:\/\/www.cope.es\/blogs\/derosca\/wp-json\/wp\/v2\/posts\/2374\/revisions"}],"predecessor-version":[{"id":2376,"href":"https:\/\/www.cope.es\/blogs\/derosca\/wp-json\/wp\/v2\/posts\/2374\/revisions\/2376"}],"wp:featuredmedia":[{"embeddable":true,"href":"https:\/\/www.cope.es\/blogs\/derosca\/wp-json\/wp\/v2\/media\/2375"}],"wp:attachment":[{"href":"https:\/\/www.cope.es\/blogs\/derosca\/wp-json\/wp\/v2\/media?parent=2374"}],"wp:term":[{"taxonomy":"category","embeddable":true,"href":"https:\/\/www.cope.es\/blogs\/derosca\/wp-json\/wp\/v2\/categories?post=2374"},{"taxonomy":"post_tag","embeddable":true,"href":"https:\/\/www.cope.es\/blogs\/derosca\/wp-json\/wp\/v2\/tags?post=2374"}],"curies":[{"name":"wp","href":"https:\/\/api.w.org\/{rel}","templated":true}]}}