{"id":237,"date":"2018-07-12T09:38:20","date_gmt":"2018-07-12T07:38:20","guid":{"rendered":"http:\/\/www.cope.es\/blogs\/derosca\/?p=237"},"modified":"2018-07-12T09:38:20","modified_gmt":"2018-07-12T07:38:20","slug":"elegidos-los-representantes-de-la-liga-europea-de-balonmano-ehlb","status":"publish","type":"post","link":"https:\/\/www.cope.es\/blogs\/derosca\/2018\/07\/12\/elegidos-los-representantes-de-la-liga-europea-de-balonmano-ehlb\/","title":{"rendered":"Elegidos los representantes de la Liga Europea de Balonmano (EHLB)"},"content":{"rendered":"<p><span style=\"font-family: Arial, sans-serif\"><span style=\"font-size: medium\">El pasado 29 de Junio coincidiendo con el sorteo de la pr\u00f3xima Champions League se reunieron en Viena los representantes de las ligas masculinas de Europa para efectuar su primera Asamblea General de las Ligas Europeas de Balonmano \/EHL).<\/span><\/span><\/p>\n<p><span style=\"font-family: Arial, sans-serif\"><span style=\"font-size: medium\">En Viena estuvieron presentes representando a sus respectivas ligas 28 dirigentes que de los m\u00e1s importantes pa\u00edses adem\u00e1s de otras ligas emergentes como Escocia, Irlanda e Inglaterra. Tambi\u00e9n asistieron los representantes de la Liga SEHA y del BENE (Benelux).<\/span><\/span><\/p>\n<p><span style=\"font-family: Arial, sans-serif\"><span style=\"font-size: medium\">El punto fundamental de la agenda de trabajo estuvo centrado en la elecci\u00f3n de los miembros de una nueva Junta de la Liga Europea de Balonmano (EHLB), que van a representar a las ligas masculinas de Europa dentro de la propia estructura de la Federaci\u00f3n europea de Balonmano (EHF). El objetivo que tiene marcado esta liga es la de representar los intereses y apoyar el desarrollo y la promoci\u00f3n de las ligas nacionales de balonmano as\u00ed como la continuaci\u00f3n de todas las competiciones de liga.<\/span><\/span><\/p>\n<p><span style=\"font-family: Arial, sans-serif\"><span style=\"font-size: medium\">Dicha Liga nominar\u00e1 a dos miembros para que formen parte de la <\/span><\/span><span style=\"font-family: Arial, sans-serif\"><span style=\"font-size: medium\"><span>Professional Handball Board que es <\/span><\/span><\/span><span style=\"font-family: Arial, sans-serif\"><span style=\"font-size: medium\">el organismo que representa a las federaciones, clubes, ligas y jugadores dentro de la estructura de EHF.<\/span><\/span><\/p>\n<p><span style=\"font-family: Arial, sans-serif\"><span style=\"font-size: medium\">Los resultados de las elecciones han sido los siguientes:<\/span><\/span><\/p>\n<p><span style=\"font-family: Arial, sans-serif\"><span style=\"font-size: medium\">Miembro 1 (clasificaci\u00f3n 1-13): Frank Bohmann (GER). Vicepresidente<\/span><\/span><\/p>\n<p><span style=\"font-family: Arial, sans-serif\"><span style=\"font-size: medium\">Miembro 2 (puestos 14-27): Nikolas Larsson (SWE). Presidente<\/span><\/span><\/p>\n<p><span style=\"font-family: Arial, sans-serif\"><span style=\"font-size: medium\">Miembro 3 (puesto 28-50): Stefano Podini (ITA).<\/span><\/span><\/p>\n<p><span style=\"font-family: Arial, sans-serif\"><span style=\"font-size: medium\">Miembro 4: Patrice Hitz (SUI).<\/span><\/span><\/p>\n<p><span style=\"font-family: Arial, sans-serif\"><span style=\"font-size: medium\">Miembro 5: Alf Mangor Johannessen (NOR).<\/span><\/span><\/p>\n<p><span style=\"font-family: Arial, sans-serif\"><span style=\"font-size: medium\">Miembro 6: Thierry Wagner (LUX).<\/span><\/span><\/p>\n<p><span style=\"font-family: Arial, sans-serif\"><span style=\"font-size: medium\">Los miembros elegidos tendr\u00e1n su mandato hasta el pr\u00f3ximo Congreso de la Federaci\u00f3n europea de Balonmano (EHF) que est\u00e1 previsto celebrarse en Abril de 2021 en Luxemburgo.<\/span><\/span><\/p>\n<p><span style=\"color: #02171d\"><span style=\"font-family: Arial, sans-serif\"><span style=\"font-size: medium\">Seguirnos en twitter:\u00a0<\/span><\/span><\/span><span style=\"color: #0000ff\"><u><a href=\"https:\/\/twitter.com\/\"><span style=\"font-family: Arial, sans-serif\"><span style=\"font-size: medium\">https:\/\/twitter.com\/#!\/deroscacope<\/span><\/span><\/a><\/u><\/span><\/p>\n","protected":false},"excerpt":{"rendered":"<p>El pasado 29 de Junio coincidiendo con el sorteo de la pr\u00f3xima Champions League se reunieron en Viena los representantes de las ligas masculinas de Europa para efectuar su primera Asamblea General de las Ligas Europeas de Balonmano \/EHL). En Viena estuvieron presentes representando a sus respectivas ligas 28 dirigentes que de los m\u00e1s importantes [&hellip;]<\/p>\n","protected":false},"author":23,"featured_media":238,"comment_status":"open","ping_status":"open","sticky":false,"template":"","format":"standard","meta":{"footnotes":""},"categories":[3],"tags":[],"class_list":["post-237","post","type-post","status-publish","format-standard","has-post-thumbnail","hentry","category-balonmano"],"yoast_head":"<!-- This site is optimized with the Yoast SEO plugin v27.4 - https:\/\/yoast.com\/product\/yoast-seo-wordpress\/ -->\n<title>Elegidos los representantes de la Liga Europea de Balonmano (EHLB) - Derosca<\/title>\n<meta name=\"robots\" content=\"index, follow, max-snippet:-1, max-image-preview:large, max-video-preview:-1\" \/>\n<link rel=\"canonical\" href=\"https:\/\/www.cope.es\/blogs\/derosca\/2018\/07\/12\/elegidos-los-representantes-de-la-liga-europea-de-balonmano-ehlb\/\" \/>\n<meta property=\"og:locale\" content=\"es_ES\" \/>\n<meta property=\"og:type\" content=\"article\" \/>\n<meta property=\"og:title\" content=\"Elegidos los representantes de la Liga Europea de Balonmano (EHLB) - Derosca\" \/>\n<meta property=\"og:description\" content=\"El pasado 29 de Junio coincidiendo con el sorteo de la pr\u00f3xima Champions League se reunieron en Viena los representantes de las ligas masculinas de Europa para efectuar su primera Asamblea General de las Ligas Europeas de Balonmano \/EHL). En Viena estuvieron presentes representando a sus respectivas ligas 28 dirigentes que de los m\u00e1s importantes [&hellip;]\" \/>\n<meta property=\"og:url\" content=\"https:\/\/www.cope.es\/blogs\/derosca\/2018\/07\/12\/elegidos-los-representantes-de-la-liga-europea-de-balonmano-ehlb\/\" \/>\n<meta property=\"og:site_name\" content=\"Derosca\" \/>\n<meta property=\"article:publisher\" content=\"https:\/\/www.facebook.com\/cope\/\" \/>\n<meta property=\"article:published_time\" content=\"2018-07-12T07:38:20+00:00\" \/>\n<meta property=\"og:image\" content=\"https:\/\/www.cope.es\/blogs\/derosca\/wp-content\/uploads\/sites\/22\/2018\/07\/IMG_20180629_180529.jpg\" \/>\n\t<meta property=\"og:image:width\" content=\"700\" \/>\n\t<meta property=\"og:image:height\" content=\"232\" \/>\n\t<meta property=\"og:image:type\" content=\"image\/jpeg\" \/>\n<meta name=\"author\" content=\"Luis Malvar\" \/>\n<meta name=\"twitter:card\" content=\"summary_large_image\" \/>\n<meta name=\"twitter:creator\" content=\"@cope_es\" \/>\n<meta name=\"twitter:site\" content=\"@cope_es\" \/>\n<meta name=\"twitter:label1\" content=\"Escrito por\" \/>\n\t<meta name=\"twitter:data1\" content=\"Luis Malvar\" \/>\n\t<meta name=\"twitter:label2\" content=\"Tiempo de lectura\" \/>\n\t<meta name=\"twitter:data2\" content=\"1 minuto\" \/>\n<script type=\"application\/ld+json\" class=\"yoast-schema-graph\">{\"@context\":\"https:\\\/\\\/schema.org\",\"@graph\":[{\"@type\":\"Article\",\"@id\":\"https:\\\/\\\/www.cope.es\\\/blogs\\\/derosca\\\/2018\\\/07\\\/12\\\/elegidos-los-representantes-de-la-liga-europea-de-balonmano-ehlb\\\/#article\",\"isPartOf\":{\"@id\":\"https:\\\/\\\/www.cope.es\\\/blogs\\\/derosca\\\/2018\\\/07\\\/12\\\/elegidos-los-representantes-de-la-liga-europea-de-balonmano-ehlb\\\/\"},\"author\":{\"name\":\"Luis Malvar\",\"@id\":\"https:\\\/\\\/www.cope.es\\\/blogs\\\/derosca\\\/#\\\/schema\\\/person\\\/02d6fa6fa8d8db60f83303875a4ff77f\"},\"headline\":\"Elegidos los representantes de la Liga Europea de Balonmano (EHLB)\",\"datePublished\":\"2018-07-12T07:38:20+00:00\",\"mainEntityOfPage\":{\"@id\":\"https:\\\/\\\/www.cope.es\\\/blogs\\\/derosca\\\/2018\\\/07\\\/12\\\/elegidos-los-representantes-de-la-liga-europea-de-balonmano-ehlb\\\/\"},\"wordCount\":293,\"commentCount\":0,\"image\":{\"@id\":\"https:\\\/\\\/www.cope.es\\\/blogs\\\/derosca\\\/2018\\\/07\\\/12\\\/elegidos-los-representantes-de-la-liga-europea-de-balonmano-ehlb\\\/#primaryimage\"},\"thumbnailUrl\":\"https:\\\/\\\/www.cope.es\\\/blogs\\\/derosca\\\/wp-content\\\/uploads\\\/sites\\\/22\\\/2018\\\/07\\\/IMG_20180629_180529.jpg\",\"articleSection\":[\"Balonmano\"],\"inLanguage\":\"es\",\"potentialAction\":[{\"@type\":\"CommentAction\",\"name\":\"Comment\",\"target\":[\"https:\\\/\\\/www.cope.es\\\/blogs\\\/derosca\\\/2018\\\/07\\\/12\\\/elegidos-los-representantes-de-la-liga-europea-de-balonmano-ehlb\\\/#respond\"]}]},{\"@type\":\"WebPage\",\"@id\":\"https:\\\/\\\/www.cope.es\\\/blogs\\\/derosca\\\/2018\\\/07\\\/12\\\/elegidos-los-representantes-de-la-liga-europea-de-balonmano-ehlb\\\/\",\"url\":\"https:\\\/\\\/www.cope.es\\\/blogs\\\/derosca\\\/2018\\\/07\\\/12\\\/elegidos-los-representantes-de-la-liga-europea-de-balonmano-ehlb\\\/\",\"name\":\"Elegidos los representantes de la Liga Europea de Balonmano (EHLB) - Derosca\",\"isPartOf\":{\"@id\":\"https:\\\/\\\/www.cope.es\\\/blogs\\\/derosca\\\/#website\"},\"primaryImageOfPage\":{\"@id\":\"https:\\\/\\\/www.cope.es\\\/blogs\\\/derosca\\\/2018\\\/07\\\/12\\\/elegidos-los-representantes-de-la-liga-europea-de-balonmano-ehlb\\\/#primaryimage\"},\"image\":{\"@id\":\"https:\\\/\\\/www.cope.es\\\/blogs\\\/derosca\\\/2018\\\/07\\\/12\\\/elegidos-los-representantes-de-la-liga-europea-de-balonmano-ehlb\\\/#primaryimage\"},\"thumbnailUrl\":\"https:\\\/\\\/www.cope.es\\\/blogs\\\/derosca\\\/wp-content\\\/uploads\\\/sites\\\/22\\\/2018\\\/07\\\/IMG_20180629_180529.jpg\",\"datePublished\":\"2018-07-12T07:38:20+00:00\",\"author\":{\"@id\":\"https:\\\/\\\/www.cope.es\\\/blogs\\\/derosca\\\/#\\\/schema\\\/person\\\/02d6fa6fa8d8db60f83303875a4ff77f\"},\"breadcrumb\":{\"@id\":\"https:\\\/\\\/www.cope.es\\\/blogs\\\/derosca\\\/2018\\\/07\\\/12\\\/elegidos-los-representantes-de-la-liga-europea-de-balonmano-ehlb\\\/#breadcrumb\"},\"inLanguage\":\"es\",\"potentialAction\":[{\"@type\":\"ReadAction\",\"target\":[\"https:\\\/\\\/www.cope.es\\\/blogs\\\/derosca\\\/2018\\\/07\\\/12\\\/elegidos-los-representantes-de-la-liga-europea-de-balonmano-ehlb\\\/\"]}]},{\"@type\":\"ImageObject\",\"inLanguage\":\"es\",\"@id\":\"https:\\\/\\\/www.cope.es\\\/blogs\\\/derosca\\\/2018\\\/07\\\/12\\\/elegidos-los-representantes-de-la-liga-europea-de-balonmano-ehlb\\\/#primaryimage\",\"url\":\"https:\\\/\\\/www.cope.es\\\/blogs\\\/derosca\\\/wp-content\\\/uploads\\\/sites\\\/22\\\/2018\\\/07\\\/IMG_20180629_180529.jpg\",\"contentUrl\":\"https:\\\/\\\/www.cope.es\\\/blogs\\\/derosca\\\/wp-content\\\/uploads\\\/sites\\\/22\\\/2018\\\/07\\\/IMG_20180629_180529.jpg\",\"width\":700,\"height\":232,\"caption\":\"Elegidos los representantes de la Liga Europea de Balonmano (EHLB)\"},{\"@type\":\"BreadcrumbList\",\"@id\":\"https:\\\/\\\/www.cope.es\\\/blogs\\\/derosca\\\/2018\\\/07\\\/12\\\/elegidos-los-representantes-de-la-liga-europea-de-balonmano-ehlb\\\/#breadcrumb\",\"itemListElement\":[{\"@type\":\"ListItem\",\"position\":1,\"name\":\"Portada\",\"item\":\"https:\\\/\\\/www.cope.es\\\/blogs\\\/derosca\\\/\"},{\"@type\":\"ListItem\",\"position\":2,\"name\":\"Elegidos los representantes de la Liga Europea de Balonmano (EHLB)\"}]},{\"@type\":\"WebSite\",\"@id\":\"https:\\\/\\\/www.cope.es\\\/blogs\\\/derosca\\\/#website\",\"url\":\"https:\\\/\\\/www.cope.es\\\/blogs\\\/derosca\\\/\",\"name\":\"Derosca\",\"description\":\"Blog de balonmano COPE\",\"potentialAction\":[{\"@type\":\"SearchAction\",\"target\":{\"@type\":\"EntryPoint\",\"urlTemplate\":\"https:\\\/\\\/www.cope.es\\\/blogs\\\/derosca\\\/?s={search_term_string}\"},\"query-input\":{\"@type\":\"PropertyValueSpecification\",\"valueRequired\":true,\"valueName\":\"search_term_string\"}}],\"inLanguage\":\"es\"},{\"@type\":\"Person\",\"@id\":\"https:\\\/\\\/www.cope.es\\\/blogs\\\/derosca\\\/#\\\/schema\\\/person\\\/02d6fa6fa8d8db60f83303875a4ff77f\",\"name\":\"Luis Malvar\",\"image\":{\"@type\":\"ImageObject\",\"inLanguage\":\"es\",\"@id\":\"https:\\\/\\\/secure.gravatar.com\\\/avatar\\\/23cd47dec2904689b3ccd32d1dd3e86c7cbf60dcf7376c68854f761a4939534f?s=96&d=mm&r=g\",\"url\":\"https:\\\/\\\/secure.gravatar.com\\\/avatar\\\/23cd47dec2904689b3ccd32d1dd3e86c7cbf60dcf7376c68854f761a4939534f?s=96&d=mm&r=g\",\"contentUrl\":\"https:\\\/\\\/secure.gravatar.com\\\/avatar\\\/23cd47dec2904689b3ccd32d1dd3e86c7cbf60dcf7376c68854f761a4939534f?s=96&d=mm&r=g\",\"caption\":\"Luis Malvar\"},\"description\":\"Comenc\u00e9 la andadura del Blog Derosca all\u00e1 por el 22 de Mayo de 2008. Un blog en el que se trata de llevar a los numerosos aficionados y amantes del mundo del balonmano toda la actualidad de nuestro apasionante deporte. Una ventana que sirve para dar luz a las innumerables noticias que genera el balonmano y que habitualmente no tienen reflejo en los medios de comunicaci\u00f3n. Sin lugar a dudas el Blog Derosca cuenta con un apartado que tiene a gala contar con miles de seguidores como es \u201cMis Pajaritos\u201d en donde se relatan y narran todas las intrahistorias que se generan en el balonmano espa\u00f1ol y que incomoda a m\u00e1s de uno que salgan a la luz.!Gracias por seguirnos durante todos estos a\u00f1os\u00a1\",\"sameAs\":[\"http:\\\/\\\/www.cope.es\",\"lmalvar\"],\"url\":\"https:\\\/\\\/www.cope.es\\\/blogs\\\/derosca\\\/author\\\/lmalvar\\\/\"}]}<\/script>\n<!-- \/ Yoast SEO plugin. -->","yoast_head_json":{"title":"Elegidos los representantes de la Liga Europea de Balonmano (EHLB) - Derosca","robots":{"index":"index","follow":"follow","max-snippet":"max-snippet:-1","max-image-preview":"max-image-preview:large","max-video-preview":"max-video-preview:-1"},"canonical":"https:\/\/www.cope.es\/blogs\/derosca\/2018\/07\/12\/elegidos-los-representantes-de-la-liga-europea-de-balonmano-ehlb\/","og_locale":"es_ES","og_type":"article","og_title":"Elegidos los representantes de la Liga Europea de Balonmano (EHLB) - Derosca","og_description":"El pasado 29 de Junio coincidiendo con el sorteo de la pr\u00f3xima Champions League se reunieron en Viena los representantes de las ligas masculinas de Europa para efectuar su primera Asamblea General de las Ligas Europeas de Balonmano \/EHL). En Viena estuvieron presentes representando a sus respectivas ligas 28 dirigentes que de los m\u00e1s importantes [&hellip;]","og_url":"https:\/\/www.cope.es\/blogs\/derosca\/2018\/07\/12\/elegidos-los-representantes-de-la-liga-europea-de-balonmano-ehlb\/","og_site_name":"Derosca","article_publisher":"https:\/\/www.facebook.com\/cope\/","article_published_time":"2018-07-12T07:38:20+00:00","og_image":[{"width":700,"height":232,"url":"https:\/\/www.cope.es\/blogs\/derosca\/wp-content\/uploads\/sites\/22\/2018\/07\/IMG_20180629_180529.jpg","type":"image\/jpeg"}],"author":"Luis Malvar","twitter_card":"summary_large_image","twitter_creator":"@cope_es","twitter_site":"@cope_es","twitter_misc":{"Escrito por":"Luis Malvar","Tiempo de lectura":"1 minuto"},"schema":{"@context":"https:\/\/schema.org","@graph":[{"@type":"Article","@id":"https:\/\/www.cope.es\/blogs\/derosca\/2018\/07\/12\/elegidos-los-representantes-de-la-liga-europea-de-balonmano-ehlb\/#article","isPartOf":{"@id":"https:\/\/www.cope.es\/blogs\/derosca\/2018\/07\/12\/elegidos-los-representantes-de-la-liga-europea-de-balonmano-ehlb\/"},"author":{"name":"Luis Malvar","@id":"https:\/\/www.cope.es\/blogs\/derosca\/#\/schema\/person\/02d6fa6fa8d8db60f83303875a4ff77f"},"headline":"Elegidos los representantes de la Liga Europea de Balonmano (EHLB)","datePublished":"2018-07-12T07:38:20+00:00","mainEntityOfPage":{"@id":"https:\/\/www.cope.es\/blogs\/derosca\/2018\/07\/12\/elegidos-los-representantes-de-la-liga-europea-de-balonmano-ehlb\/"},"wordCount":293,"commentCount":0,"image":{"@id":"https:\/\/www.cope.es\/blogs\/derosca\/2018\/07\/12\/elegidos-los-representantes-de-la-liga-europea-de-balonmano-ehlb\/#primaryimage"},"thumbnailUrl":"https:\/\/www.cope.es\/blogs\/derosca\/wp-content\/uploads\/sites\/22\/2018\/07\/IMG_20180629_180529.jpg","articleSection":["Balonmano"],"inLanguage":"es","potentialAction":[{"@type":"CommentAction","name":"Comment","target":["https:\/\/www.cope.es\/blogs\/derosca\/2018\/07\/12\/elegidos-los-representantes-de-la-liga-europea-de-balonmano-ehlb\/#respond"]}]},{"@type":"WebPage","@id":"https:\/\/www.cope.es\/blogs\/derosca\/2018\/07\/12\/elegidos-los-representantes-de-la-liga-europea-de-balonmano-ehlb\/","url":"https:\/\/www.cope.es\/blogs\/derosca\/2018\/07\/12\/elegidos-los-representantes-de-la-liga-europea-de-balonmano-ehlb\/","name":"Elegidos los representantes de la Liga Europea de Balonmano (EHLB) - Derosca","isPartOf":{"@id":"https:\/\/www.cope.es\/blogs\/derosca\/#website"},"primaryImageOfPage":{"@id":"https:\/\/www.cope.es\/blogs\/derosca\/2018\/07\/12\/elegidos-los-representantes-de-la-liga-europea-de-balonmano-ehlb\/#primaryimage"},"image":{"@id":"https:\/\/www.cope.es\/blogs\/derosca\/2018\/07\/12\/elegidos-los-representantes-de-la-liga-europea-de-balonmano-ehlb\/#primaryimage"},"thumbnailUrl":"https:\/\/www.cope.es\/blogs\/derosca\/wp-content\/uploads\/sites\/22\/2018\/07\/IMG_20180629_180529.jpg","datePublished":"2018-07-12T07:38:20+00:00","author":{"@id":"https:\/\/www.cope.es\/blogs\/derosca\/#\/schema\/person\/02d6fa6fa8d8db60f83303875a4ff77f"},"breadcrumb":{"@id":"https:\/\/www.cope.es\/blogs\/derosca\/2018\/07\/12\/elegidos-los-representantes-de-la-liga-europea-de-balonmano-ehlb\/#breadcrumb"},"inLanguage":"es","potentialAction":[{"@type":"ReadAction","target":["https:\/\/www.cope.es\/blogs\/derosca\/2018\/07\/12\/elegidos-los-representantes-de-la-liga-europea-de-balonmano-ehlb\/"]}]},{"@type":"ImageObject","inLanguage":"es","@id":"https:\/\/www.cope.es\/blogs\/derosca\/2018\/07\/12\/elegidos-los-representantes-de-la-liga-europea-de-balonmano-ehlb\/#primaryimage","url":"https:\/\/www.cope.es\/blogs\/derosca\/wp-content\/uploads\/sites\/22\/2018\/07\/IMG_20180629_180529.jpg","contentUrl":"https:\/\/www.cope.es\/blogs\/derosca\/wp-content\/uploads\/sites\/22\/2018\/07\/IMG_20180629_180529.jpg","width":700,"height":232,"caption":"Elegidos los representantes de la Liga Europea de Balonmano (EHLB)"},{"@type":"BreadcrumbList","@id":"https:\/\/www.cope.es\/blogs\/derosca\/2018\/07\/12\/elegidos-los-representantes-de-la-liga-europea-de-balonmano-ehlb\/#breadcrumb","itemListElement":[{"@type":"ListItem","position":1,"name":"Portada","item":"https:\/\/www.cope.es\/blogs\/derosca\/"},{"@type":"ListItem","position":2,"name":"Elegidos los representantes de la Liga Europea de Balonmano (EHLB)"}]},{"@type":"WebSite","@id":"https:\/\/www.cope.es\/blogs\/derosca\/#website","url":"https:\/\/www.cope.es\/blogs\/derosca\/","name":"Derosca","description":"Blog de balonmano COPE","potentialAction":[{"@type":"SearchAction","target":{"@type":"EntryPoint","urlTemplate":"https:\/\/www.cope.es\/blogs\/derosca\/?s={search_term_string}"},"query-input":{"@type":"PropertyValueSpecification","valueRequired":true,"valueName":"search_term_string"}}],"inLanguage":"es"},{"@type":"Person","@id":"https:\/\/www.cope.es\/blogs\/derosca\/#\/schema\/person\/02d6fa6fa8d8db60f83303875a4ff77f","name":"Luis Malvar","image":{"@type":"ImageObject","inLanguage":"es","@id":"https:\/\/secure.gravatar.com\/avatar\/23cd47dec2904689b3ccd32d1dd3e86c7cbf60dcf7376c68854f761a4939534f?s=96&d=mm&r=g","url":"https:\/\/secure.gravatar.com\/avatar\/23cd47dec2904689b3ccd32d1dd3e86c7cbf60dcf7376c68854f761a4939534f?s=96&d=mm&r=g","contentUrl":"https:\/\/secure.gravatar.com\/avatar\/23cd47dec2904689b3ccd32d1dd3e86c7cbf60dcf7376c68854f761a4939534f?s=96&d=mm&r=g","caption":"Luis Malvar"},"description":"Comenc\u00e9 la andadura del Blog Derosca all\u00e1 por el 22 de Mayo de 2008. Un blog en el que se trata de llevar a los numerosos aficionados y amantes del mundo del balonmano toda la actualidad de nuestro apasionante deporte. Una ventana que sirve para dar luz a las innumerables noticias que genera el balonmano y que habitualmente no tienen reflejo en los medios de comunicaci\u00f3n. Sin lugar a dudas el Blog Derosca cuenta con un apartado que tiene a gala contar con miles de seguidores como es \u201cMis Pajaritos\u201d en donde se relatan y narran todas las intrahistorias que se generan en el balonmano espa\u00f1ol y que incomoda a m\u00e1s de uno que salgan a la luz.!Gracias por seguirnos durante todos estos a\u00f1os\u00a1","sameAs":["http:\/\/www.cope.es","lmalvar"],"url":"https:\/\/www.cope.es\/blogs\/derosca\/author\/lmalvar\/"}]}},"amp_enabled":true,"_links":{"self":[{"href":"https:\/\/www.cope.es\/blogs\/derosca\/wp-json\/wp\/v2\/posts\/237","targetHints":{"allow":["GET"]}}],"collection":[{"href":"https:\/\/www.cope.es\/blogs\/derosca\/wp-json\/wp\/v2\/posts"}],"about":[{"href":"https:\/\/www.cope.es\/blogs\/derosca\/wp-json\/wp\/v2\/types\/post"}],"author":[{"embeddable":true,"href":"https:\/\/www.cope.es\/blogs\/derosca\/wp-json\/wp\/v2\/users\/23"}],"replies":[{"embeddable":true,"href":"https:\/\/www.cope.es\/blogs\/derosca\/wp-json\/wp\/v2\/comments?post=237"}],"version-history":[{"count":1,"href":"https:\/\/www.cope.es\/blogs\/derosca\/wp-json\/wp\/v2\/posts\/237\/revisions"}],"predecessor-version":[{"id":239,"href":"https:\/\/www.cope.es\/blogs\/derosca\/wp-json\/wp\/v2\/posts\/237\/revisions\/239"}],"wp:featuredmedia":[{"embeddable":true,"href":"https:\/\/www.cope.es\/blogs\/derosca\/wp-json\/wp\/v2\/media\/238"}],"wp:attachment":[{"href":"https:\/\/www.cope.es\/blogs\/derosca\/wp-json\/wp\/v2\/media?parent=237"}],"wp:term":[{"taxonomy":"category","embeddable":true,"href":"https:\/\/www.cope.es\/blogs\/derosca\/wp-json\/wp\/v2\/categories?post=237"},{"taxonomy":"post_tag","embeddable":true,"href":"https:\/\/www.cope.es\/blogs\/derosca\/wp-json\/wp\/v2\/tags?post=237"}],"curies":[{"name":"wp","href":"https:\/\/api.w.org\/{rel}","templated":true}]}}