{"id":2341,"date":"2021-11-10T09:16:34","date_gmt":"2021-11-10T08:16:34","guid":{"rendered":"http:\/\/www.cope.es\/blogs\/derosca\/?p=2341"},"modified":"2021-11-10T09:16:34","modified_gmt":"2021-11-10T08:16:34","slug":"se-celebro-el-xxxviii-congreso-ordinario-de-la-ihf","status":"publish","type":"post","link":"https:\/\/www.cope.es\/blogs\/derosca\/2021\/11\/10\/se-celebro-el-xxxviii-congreso-ordinario-de-la-ihf\/","title":{"rendered":"Se celebr\u00f3 el  XXXVIII Congreso Ordinario de la IHF"},"content":{"rendered":"<p><span style=\"font-family: Arial, serif\"><span style=\"font-size: medium\">El XXXVIII Congreso Ordinario de la IHF se celebr\u00f3 virtualmente el pasado S\u00e1bado 6 de Noviembre, con una agenda completa que inclu\u00eda el Informe del Presidente y las Elecciones de varios puestos de la IHF tal y como ya os cont\u00e9 en su momento.<\/span><\/span><\/p>\n<p><span style=\"font-family: Arial, serif\"><span style=\"font-size: medium\">El Presidente de la IHF, el Dr. Hassan Moustafa, dio la bienvenida a todos los representantes de las Federaciones Miembro con un discurso, subrayando los desaf\u00edos planteados por la pandemia del coronavirus en los \u00faltimos dos a\u00f1os y que ha transformado el mundo del balonmano.<\/span><\/span><\/p>\n<p><span style=\"font-family: Arial, serif\"><span style=\"font-size: medium\">El Dr. Moustafa dijo en su declaraci\u00f3n de apertura, antes de abordar varios puntos de la agenda y subrayar la importancia del balonmano, a trav\u00e9s del cual est\u00e1n cambiando la vida, brindando alegr\u00eda a millones de seguidores que le gustar\u00eda darles la bienvenida y agradecerles por aceptar la invitaci\u00f3n en este encuentro tan importante. Lamentablemente, no se pudo albergar este Congreso en Turqu\u00eda, debido a la situaci\u00f3n del coronavirus para salvaguardar la salud<\/span><\/span><\/p>\n<p><span style=\"font-family: Arial, serif\"><span style=\"font-size: medium\">El informe financiero y de auditor\u00eda que se present\u00f3 subraya el crecimiento de la IHF. Los procedimientos formales comenzaron con la votaci\u00f3n nominal de las Federaciones Miembros de la IHF, seguida de la determinaci\u00f3n de la convocatoria ordenada del Congreso y la adopci\u00f3n de las actas del Congreso Extraordinario y Ordinario de la IHF en Gotemburgo (Suecia) , el pasado mes de Julio de 2019. Se present\u00f3 el informe financiero y del auditor, en el que la Federaci\u00f3n Internacional de Balonmano (IHF) ha cimentado su posici\u00f3n financiera a pesar del coronavirus que afect\u00f3 los ingresos en todo el mundo. Despu\u00e9s de la aprobaci\u00f3n del informe financiero y del auditor, sigui\u00f3 el informe del Presidente, que subraya el crecimiento sostenido por la IHF en los \u00faltimos cuatro a\u00f1os.<\/span><\/span><\/p>\n<p><span style=\"font-family: Arial, serif\"><span style=\"font-size: medium\">El Dr. Hassan Moustafa tambi\u00e9n present\u00f3 un nuevo plan para los pr\u00f3ximos cuatro a\u00f1os con respecto al futuro del balonmano, subrayando las nuevas reglas y regulaciones ya aprobadas por el Consejo de la IHF, listas para mejorar el juego y construir un nuevo futuro del deporte. El Dr. Moustafa manifest\u00f3 que la familia del balonmano es la base de este deporte. Sin \u00e9l, luchar\u00edan, pero juntos pueden lograr cualquier cosa. Espera ver a esta familia unida bajo los objetivos comunes descritos en el Plan de Cuatro A\u00f1os para hacer que el balonmano sea m\u00e1s emocionante, inclusivo y atractivo para las generaciones venideras. Igualmente se vot\u00f3 el presupuesto de la IHF para los a\u00f1os 2022 y 2023 aprobado por una abrumadora mayor\u00eda. <\/span><\/span><\/p>\n<p><span style=\"font-family: Arial, serif\"><span style=\"font-size: medium\">Tambi\u00e9n se tom\u00f3 la decisi\u00f3n de que el pr\u00f3ximo Congreso de la IHF tendr\u00e1 lugar en el a\u00f1o 2023, en la ciudad de Katowice (Polonia) ya que la Federaci\u00f3n Polaca de Balonmano fue la \u00fanica Federaci\u00f3n Miembro que present\u00f3 su solicitud para albergar el XXXIX Congreso Ordinario de la IHF. Recordemos que Polonia tambi\u00e9n ser\u00e1 uno de los anfitriones del 28\u00ba Campeonato Mundial Masculino de la IHF en Enero de 2023 junto a Suecia.<\/span><\/span><\/p>\n<p><span style=\"color: #02171d\"><span style=\"font-family: Arial, serif\"><span style=\"font-size: medium\"><u>Seguirnos en twitter:\u00a0<\/u><\/span><\/span><\/span><a href=\"https:\/\/twitter.com\/\"><span style=\"font-family: Arial, serif\"><span style=\"font-size: medium\">https:\/\/twitter.com\/#!\/deroscacope<\/span><\/span><\/a><\/p>\n","protected":false},"excerpt":{"rendered":"<p>El XXXVIII Congreso Ordinario de la IHF se celebr\u00f3 virtualmente el pasado S\u00e1bado 6 de Noviembre, con una agenda completa que inclu\u00eda el Informe del Presidente y las Elecciones de varios puestos de la IHF tal y como ya os cont\u00e9 en su momento. El Presidente de la IHF, el Dr. Hassan Moustafa, dio la [&hellip;]<\/p>\n","protected":false},"author":23,"featured_media":2342,"comment_status":"open","ping_status":"open","sticky":false,"template":"","format":"standard","meta":{"footnotes":""},"categories":[3],"tags":[],"class_list":["post-2341","post","type-post","status-publish","format-standard","has-post-thumbnail","hentry","category-balonmano"],"yoast_head":"<!-- This site is optimized with the Yoast SEO plugin v27.4 - https:\/\/yoast.com\/product\/yoast-seo-wordpress\/ -->\n<title>Se celebr\u00f3 el XXXVIII Congreso Ordinario de la IHF - Derosca<\/title>\n<meta name=\"robots\" content=\"index, follow, max-snippet:-1, max-image-preview:large, max-video-preview:-1\" \/>\n<link rel=\"canonical\" href=\"https:\/\/www.cope.es\/blogs\/derosca\/2021\/11\/10\/se-celebro-el-xxxviii-congreso-ordinario-de-la-ihf\/\" \/>\n<meta property=\"og:locale\" content=\"es_ES\" \/>\n<meta property=\"og:type\" content=\"article\" \/>\n<meta property=\"og:title\" content=\"Se celebr\u00f3 el XXXVIII Congreso Ordinario de la IHF - Derosca\" \/>\n<meta property=\"og:description\" content=\"El XXXVIII Congreso Ordinario de la IHF se celebr\u00f3 virtualmente el pasado S\u00e1bado 6 de Noviembre, con una agenda completa que inclu\u00eda el Informe del Presidente y las Elecciones de varios puestos de la IHF tal y como ya os cont\u00e9 en su momento. El Presidente de la IHF, el Dr. Hassan Moustafa, dio la [&hellip;]\" \/>\n<meta property=\"og:url\" content=\"https:\/\/www.cope.es\/blogs\/derosca\/2021\/11\/10\/se-celebro-el-xxxviii-congreso-ordinario-de-la-ihf\/\" \/>\n<meta property=\"og:site_name\" content=\"Derosca\" \/>\n<meta property=\"article:publisher\" content=\"https:\/\/www.facebook.com\/cope\/\" \/>\n<meta property=\"article:published_time\" content=\"2021-11-10T08:16:34+00:00\" \/>\n<meta property=\"og:image\" content=\"https:\/\/www.cope.es\/blogs\/derosca\/wp-content\/uploads\/sites\/22\/2021\/11\/Congreso-2.jpg\" \/>\n\t<meta property=\"og:image:width\" content=\"680\" \/>\n\t<meta property=\"og:image:height\" content=\"231\" \/>\n\t<meta property=\"og:image:type\" content=\"image\/jpeg\" \/>\n<meta name=\"author\" content=\"Luis Malvar\" \/>\n<meta name=\"twitter:card\" content=\"summary_large_image\" \/>\n<meta name=\"twitter:creator\" content=\"@cope_es\" \/>\n<meta name=\"twitter:site\" content=\"@cope_es\" \/>\n<meta name=\"twitter:label1\" content=\"Escrito por\" \/>\n\t<meta name=\"twitter:data1\" content=\"Luis Malvar\" \/>\n\t<meta name=\"twitter:label2\" content=\"Tiempo de lectura\" \/>\n\t<meta name=\"twitter:data2\" content=\"3 minutos\" \/>\n<script type=\"application\/ld+json\" class=\"yoast-schema-graph\">{\"@context\":\"https:\\\/\\\/schema.org\",\"@graph\":[{\"@type\":\"Article\",\"@id\":\"https:\\\/\\\/www.cope.es\\\/blogs\\\/derosca\\\/2021\\\/11\\\/10\\\/se-celebro-el-xxxviii-congreso-ordinario-de-la-ihf\\\/#article\",\"isPartOf\":{\"@id\":\"https:\\\/\\\/www.cope.es\\\/blogs\\\/derosca\\\/2021\\\/11\\\/10\\\/se-celebro-el-xxxviii-congreso-ordinario-de-la-ihf\\\/\"},\"author\":{\"name\":\"Luis Malvar\",\"@id\":\"https:\\\/\\\/www.cope.es\\\/blogs\\\/derosca\\\/#\\\/schema\\\/person\\\/02d6fa6fa8d8db60f83303875a4ff77f\"},\"headline\":\"Se celebr\u00f3 el XXXVIII Congreso Ordinario de la IHF\",\"datePublished\":\"2021-11-10T08:16:34+00:00\",\"mainEntityOfPage\":{\"@id\":\"https:\\\/\\\/www.cope.es\\\/blogs\\\/derosca\\\/2021\\\/11\\\/10\\\/se-celebro-el-xxxviii-congreso-ordinario-de-la-ihf\\\/\"},\"wordCount\":528,\"commentCount\":0,\"image\":{\"@id\":\"https:\\\/\\\/www.cope.es\\\/blogs\\\/derosca\\\/2021\\\/11\\\/10\\\/se-celebro-el-xxxviii-congreso-ordinario-de-la-ihf\\\/#primaryimage\"},\"thumbnailUrl\":\"https:\\\/\\\/www.cope.es\\\/blogs\\\/derosca\\\/wp-content\\\/uploads\\\/sites\\\/22\\\/2021\\\/11\\\/Congreso-2.jpg\",\"articleSection\":[\"Balonmano\"],\"inLanguage\":\"es\",\"potentialAction\":[{\"@type\":\"CommentAction\",\"name\":\"Comment\",\"target\":[\"https:\\\/\\\/www.cope.es\\\/blogs\\\/derosca\\\/2021\\\/11\\\/10\\\/se-celebro-el-xxxviii-congreso-ordinario-de-la-ihf\\\/#respond\"]}]},{\"@type\":\"WebPage\",\"@id\":\"https:\\\/\\\/www.cope.es\\\/blogs\\\/derosca\\\/2021\\\/11\\\/10\\\/se-celebro-el-xxxviii-congreso-ordinario-de-la-ihf\\\/\",\"url\":\"https:\\\/\\\/www.cope.es\\\/blogs\\\/derosca\\\/2021\\\/11\\\/10\\\/se-celebro-el-xxxviii-congreso-ordinario-de-la-ihf\\\/\",\"name\":\"Se celebr\u00f3 el XXXVIII Congreso Ordinario de la IHF - Derosca\",\"isPartOf\":{\"@id\":\"https:\\\/\\\/www.cope.es\\\/blogs\\\/derosca\\\/#website\"},\"primaryImageOfPage\":{\"@id\":\"https:\\\/\\\/www.cope.es\\\/blogs\\\/derosca\\\/2021\\\/11\\\/10\\\/se-celebro-el-xxxviii-congreso-ordinario-de-la-ihf\\\/#primaryimage\"},\"image\":{\"@id\":\"https:\\\/\\\/www.cope.es\\\/blogs\\\/derosca\\\/2021\\\/11\\\/10\\\/se-celebro-el-xxxviii-congreso-ordinario-de-la-ihf\\\/#primaryimage\"},\"thumbnailUrl\":\"https:\\\/\\\/www.cope.es\\\/blogs\\\/derosca\\\/wp-content\\\/uploads\\\/sites\\\/22\\\/2021\\\/11\\\/Congreso-2.jpg\",\"datePublished\":\"2021-11-10T08:16:34+00:00\",\"author\":{\"@id\":\"https:\\\/\\\/www.cope.es\\\/blogs\\\/derosca\\\/#\\\/schema\\\/person\\\/02d6fa6fa8d8db60f83303875a4ff77f\"},\"breadcrumb\":{\"@id\":\"https:\\\/\\\/www.cope.es\\\/blogs\\\/derosca\\\/2021\\\/11\\\/10\\\/se-celebro-el-xxxviii-congreso-ordinario-de-la-ihf\\\/#breadcrumb\"},\"inLanguage\":\"es\",\"potentialAction\":[{\"@type\":\"ReadAction\",\"target\":[\"https:\\\/\\\/www.cope.es\\\/blogs\\\/derosca\\\/2021\\\/11\\\/10\\\/se-celebro-el-xxxviii-congreso-ordinario-de-la-ihf\\\/\"]}]},{\"@type\":\"ImageObject\",\"inLanguage\":\"es\",\"@id\":\"https:\\\/\\\/www.cope.es\\\/blogs\\\/derosca\\\/2021\\\/11\\\/10\\\/se-celebro-el-xxxviii-congreso-ordinario-de-la-ihf\\\/#primaryimage\",\"url\":\"https:\\\/\\\/www.cope.es\\\/blogs\\\/derosca\\\/wp-content\\\/uploads\\\/sites\\\/22\\\/2021\\\/11\\\/Congreso-2.jpg\",\"contentUrl\":\"https:\\\/\\\/www.cope.es\\\/blogs\\\/derosca\\\/wp-content\\\/uploads\\\/sites\\\/22\\\/2021\\\/11\\\/Congreso-2.jpg\",\"width\":680,\"height\":231,\"caption\":\"Se celebr\u00f3 el XXXVIII Congreso Ordinario de la IHF\"},{\"@type\":\"BreadcrumbList\",\"@id\":\"https:\\\/\\\/www.cope.es\\\/blogs\\\/derosca\\\/2021\\\/11\\\/10\\\/se-celebro-el-xxxviii-congreso-ordinario-de-la-ihf\\\/#breadcrumb\",\"itemListElement\":[{\"@type\":\"ListItem\",\"position\":1,\"name\":\"Portada\",\"item\":\"https:\\\/\\\/www.cope.es\\\/blogs\\\/derosca\\\/\"},{\"@type\":\"ListItem\",\"position\":2,\"name\":\"Se celebr\u00f3 el XXXVIII Congreso Ordinario de la IHF\"}]},{\"@type\":\"WebSite\",\"@id\":\"https:\\\/\\\/www.cope.es\\\/blogs\\\/derosca\\\/#website\",\"url\":\"https:\\\/\\\/www.cope.es\\\/blogs\\\/derosca\\\/\",\"name\":\"Derosca\",\"description\":\"Blog de balonmano COPE\",\"potentialAction\":[{\"@type\":\"SearchAction\",\"target\":{\"@type\":\"EntryPoint\",\"urlTemplate\":\"https:\\\/\\\/www.cope.es\\\/blogs\\\/derosca\\\/?s={search_term_string}\"},\"query-input\":{\"@type\":\"PropertyValueSpecification\",\"valueRequired\":true,\"valueName\":\"search_term_string\"}}],\"inLanguage\":\"es\"},{\"@type\":\"Person\",\"@id\":\"https:\\\/\\\/www.cope.es\\\/blogs\\\/derosca\\\/#\\\/schema\\\/person\\\/02d6fa6fa8d8db60f83303875a4ff77f\",\"name\":\"Luis Malvar\",\"image\":{\"@type\":\"ImageObject\",\"inLanguage\":\"es\",\"@id\":\"https:\\\/\\\/secure.gravatar.com\\\/avatar\\\/23cd47dec2904689b3ccd32d1dd3e86c7cbf60dcf7376c68854f761a4939534f?s=96&d=mm&r=g\",\"url\":\"https:\\\/\\\/secure.gravatar.com\\\/avatar\\\/23cd47dec2904689b3ccd32d1dd3e86c7cbf60dcf7376c68854f761a4939534f?s=96&d=mm&r=g\",\"contentUrl\":\"https:\\\/\\\/secure.gravatar.com\\\/avatar\\\/23cd47dec2904689b3ccd32d1dd3e86c7cbf60dcf7376c68854f761a4939534f?s=96&d=mm&r=g\",\"caption\":\"Luis Malvar\"},\"description\":\"Comenc\u00e9 la andadura del Blog Derosca all\u00e1 por el 22 de Mayo de 2008. Un blog en el que se trata de llevar a los numerosos aficionados y amantes del mundo del balonmano toda la actualidad de nuestro apasionante deporte. Una ventana que sirve para dar luz a las innumerables noticias que genera el balonmano y que habitualmente no tienen reflejo en los medios de comunicaci\u00f3n. Sin lugar a dudas el Blog Derosca cuenta con un apartado que tiene a gala contar con miles de seguidores como es \u201cMis Pajaritos\u201d en donde se relatan y narran todas las intrahistorias que se generan en el balonmano espa\u00f1ol y que incomoda a m\u00e1s de uno que salgan a la luz.!Gracias por seguirnos durante todos estos a\u00f1os\u00a1\",\"sameAs\":[\"http:\\\/\\\/www.cope.es\",\"lmalvar\"],\"url\":\"https:\\\/\\\/www.cope.es\\\/blogs\\\/derosca\\\/author\\\/lmalvar\\\/\"}]}<\/script>\n<!-- \/ Yoast SEO plugin. -->","yoast_head_json":{"title":"Se celebr\u00f3 el XXXVIII Congreso Ordinario de la IHF - Derosca","robots":{"index":"index","follow":"follow","max-snippet":"max-snippet:-1","max-image-preview":"max-image-preview:large","max-video-preview":"max-video-preview:-1"},"canonical":"https:\/\/www.cope.es\/blogs\/derosca\/2021\/11\/10\/se-celebro-el-xxxviii-congreso-ordinario-de-la-ihf\/","og_locale":"es_ES","og_type":"article","og_title":"Se celebr\u00f3 el XXXVIII Congreso Ordinario de la IHF - Derosca","og_description":"El XXXVIII Congreso Ordinario de la IHF se celebr\u00f3 virtualmente el pasado S\u00e1bado 6 de Noviembre, con una agenda completa que inclu\u00eda el Informe del Presidente y las Elecciones de varios puestos de la IHF tal y como ya os cont\u00e9 en su momento. El Presidente de la IHF, el Dr. Hassan Moustafa, dio la [&hellip;]","og_url":"https:\/\/www.cope.es\/blogs\/derosca\/2021\/11\/10\/se-celebro-el-xxxviii-congreso-ordinario-de-la-ihf\/","og_site_name":"Derosca","article_publisher":"https:\/\/www.facebook.com\/cope\/","article_published_time":"2021-11-10T08:16:34+00:00","og_image":[{"width":680,"height":231,"url":"https:\/\/www.cope.es\/blogs\/derosca\/wp-content\/uploads\/sites\/22\/2021\/11\/Congreso-2.jpg","type":"image\/jpeg"}],"author":"Luis Malvar","twitter_card":"summary_large_image","twitter_creator":"@cope_es","twitter_site":"@cope_es","twitter_misc":{"Escrito por":"Luis Malvar","Tiempo de lectura":"3 minutos"},"schema":{"@context":"https:\/\/schema.org","@graph":[{"@type":"Article","@id":"https:\/\/www.cope.es\/blogs\/derosca\/2021\/11\/10\/se-celebro-el-xxxviii-congreso-ordinario-de-la-ihf\/#article","isPartOf":{"@id":"https:\/\/www.cope.es\/blogs\/derosca\/2021\/11\/10\/se-celebro-el-xxxviii-congreso-ordinario-de-la-ihf\/"},"author":{"name":"Luis Malvar","@id":"https:\/\/www.cope.es\/blogs\/derosca\/#\/schema\/person\/02d6fa6fa8d8db60f83303875a4ff77f"},"headline":"Se celebr\u00f3 el XXXVIII Congreso Ordinario de la IHF","datePublished":"2021-11-10T08:16:34+00:00","mainEntityOfPage":{"@id":"https:\/\/www.cope.es\/blogs\/derosca\/2021\/11\/10\/se-celebro-el-xxxviii-congreso-ordinario-de-la-ihf\/"},"wordCount":528,"commentCount":0,"image":{"@id":"https:\/\/www.cope.es\/blogs\/derosca\/2021\/11\/10\/se-celebro-el-xxxviii-congreso-ordinario-de-la-ihf\/#primaryimage"},"thumbnailUrl":"https:\/\/www.cope.es\/blogs\/derosca\/wp-content\/uploads\/sites\/22\/2021\/11\/Congreso-2.jpg","articleSection":["Balonmano"],"inLanguage":"es","potentialAction":[{"@type":"CommentAction","name":"Comment","target":["https:\/\/www.cope.es\/blogs\/derosca\/2021\/11\/10\/se-celebro-el-xxxviii-congreso-ordinario-de-la-ihf\/#respond"]}]},{"@type":"WebPage","@id":"https:\/\/www.cope.es\/blogs\/derosca\/2021\/11\/10\/se-celebro-el-xxxviii-congreso-ordinario-de-la-ihf\/","url":"https:\/\/www.cope.es\/blogs\/derosca\/2021\/11\/10\/se-celebro-el-xxxviii-congreso-ordinario-de-la-ihf\/","name":"Se celebr\u00f3 el XXXVIII Congreso Ordinario de la IHF - Derosca","isPartOf":{"@id":"https:\/\/www.cope.es\/blogs\/derosca\/#website"},"primaryImageOfPage":{"@id":"https:\/\/www.cope.es\/blogs\/derosca\/2021\/11\/10\/se-celebro-el-xxxviii-congreso-ordinario-de-la-ihf\/#primaryimage"},"image":{"@id":"https:\/\/www.cope.es\/blogs\/derosca\/2021\/11\/10\/se-celebro-el-xxxviii-congreso-ordinario-de-la-ihf\/#primaryimage"},"thumbnailUrl":"https:\/\/www.cope.es\/blogs\/derosca\/wp-content\/uploads\/sites\/22\/2021\/11\/Congreso-2.jpg","datePublished":"2021-11-10T08:16:34+00:00","author":{"@id":"https:\/\/www.cope.es\/blogs\/derosca\/#\/schema\/person\/02d6fa6fa8d8db60f83303875a4ff77f"},"breadcrumb":{"@id":"https:\/\/www.cope.es\/blogs\/derosca\/2021\/11\/10\/se-celebro-el-xxxviii-congreso-ordinario-de-la-ihf\/#breadcrumb"},"inLanguage":"es","potentialAction":[{"@type":"ReadAction","target":["https:\/\/www.cope.es\/blogs\/derosca\/2021\/11\/10\/se-celebro-el-xxxviii-congreso-ordinario-de-la-ihf\/"]}]},{"@type":"ImageObject","inLanguage":"es","@id":"https:\/\/www.cope.es\/blogs\/derosca\/2021\/11\/10\/se-celebro-el-xxxviii-congreso-ordinario-de-la-ihf\/#primaryimage","url":"https:\/\/www.cope.es\/blogs\/derosca\/wp-content\/uploads\/sites\/22\/2021\/11\/Congreso-2.jpg","contentUrl":"https:\/\/www.cope.es\/blogs\/derosca\/wp-content\/uploads\/sites\/22\/2021\/11\/Congreso-2.jpg","width":680,"height":231,"caption":"Se celebr\u00f3 el XXXVIII Congreso Ordinario de la IHF"},{"@type":"BreadcrumbList","@id":"https:\/\/www.cope.es\/blogs\/derosca\/2021\/11\/10\/se-celebro-el-xxxviii-congreso-ordinario-de-la-ihf\/#breadcrumb","itemListElement":[{"@type":"ListItem","position":1,"name":"Portada","item":"https:\/\/www.cope.es\/blogs\/derosca\/"},{"@type":"ListItem","position":2,"name":"Se celebr\u00f3 el XXXVIII Congreso Ordinario de la IHF"}]},{"@type":"WebSite","@id":"https:\/\/www.cope.es\/blogs\/derosca\/#website","url":"https:\/\/www.cope.es\/blogs\/derosca\/","name":"Derosca","description":"Blog de balonmano COPE","potentialAction":[{"@type":"SearchAction","target":{"@type":"EntryPoint","urlTemplate":"https:\/\/www.cope.es\/blogs\/derosca\/?s={search_term_string}"},"query-input":{"@type":"PropertyValueSpecification","valueRequired":true,"valueName":"search_term_string"}}],"inLanguage":"es"},{"@type":"Person","@id":"https:\/\/www.cope.es\/blogs\/derosca\/#\/schema\/person\/02d6fa6fa8d8db60f83303875a4ff77f","name":"Luis Malvar","image":{"@type":"ImageObject","inLanguage":"es","@id":"https:\/\/secure.gravatar.com\/avatar\/23cd47dec2904689b3ccd32d1dd3e86c7cbf60dcf7376c68854f761a4939534f?s=96&d=mm&r=g","url":"https:\/\/secure.gravatar.com\/avatar\/23cd47dec2904689b3ccd32d1dd3e86c7cbf60dcf7376c68854f761a4939534f?s=96&d=mm&r=g","contentUrl":"https:\/\/secure.gravatar.com\/avatar\/23cd47dec2904689b3ccd32d1dd3e86c7cbf60dcf7376c68854f761a4939534f?s=96&d=mm&r=g","caption":"Luis Malvar"},"description":"Comenc\u00e9 la andadura del Blog Derosca all\u00e1 por el 22 de Mayo de 2008. Un blog en el que se trata de llevar a los numerosos aficionados y amantes del mundo del balonmano toda la actualidad de nuestro apasionante deporte. Una ventana que sirve para dar luz a las innumerables noticias que genera el balonmano y que habitualmente no tienen reflejo en los medios de comunicaci\u00f3n. Sin lugar a dudas el Blog Derosca cuenta con un apartado que tiene a gala contar con miles de seguidores como es \u201cMis Pajaritos\u201d en donde se relatan y narran todas las intrahistorias que se generan en el balonmano espa\u00f1ol y que incomoda a m\u00e1s de uno que salgan a la luz.!Gracias por seguirnos durante todos estos a\u00f1os\u00a1","sameAs":["http:\/\/www.cope.es","lmalvar"],"url":"https:\/\/www.cope.es\/blogs\/derosca\/author\/lmalvar\/"}]}},"amp_enabled":true,"_links":{"self":[{"href":"https:\/\/www.cope.es\/blogs\/derosca\/wp-json\/wp\/v2\/posts\/2341","targetHints":{"allow":["GET"]}}],"collection":[{"href":"https:\/\/www.cope.es\/blogs\/derosca\/wp-json\/wp\/v2\/posts"}],"about":[{"href":"https:\/\/www.cope.es\/blogs\/derosca\/wp-json\/wp\/v2\/types\/post"}],"author":[{"embeddable":true,"href":"https:\/\/www.cope.es\/blogs\/derosca\/wp-json\/wp\/v2\/users\/23"}],"replies":[{"embeddable":true,"href":"https:\/\/www.cope.es\/blogs\/derosca\/wp-json\/wp\/v2\/comments?post=2341"}],"version-history":[{"count":1,"href":"https:\/\/www.cope.es\/blogs\/derosca\/wp-json\/wp\/v2\/posts\/2341\/revisions"}],"predecessor-version":[{"id":2343,"href":"https:\/\/www.cope.es\/blogs\/derosca\/wp-json\/wp\/v2\/posts\/2341\/revisions\/2343"}],"wp:featuredmedia":[{"embeddable":true,"href":"https:\/\/www.cope.es\/blogs\/derosca\/wp-json\/wp\/v2\/media\/2342"}],"wp:attachment":[{"href":"https:\/\/www.cope.es\/blogs\/derosca\/wp-json\/wp\/v2\/media?parent=2341"}],"wp:term":[{"taxonomy":"category","embeddable":true,"href":"https:\/\/www.cope.es\/blogs\/derosca\/wp-json\/wp\/v2\/categories?post=2341"},{"taxonomy":"post_tag","embeddable":true,"href":"https:\/\/www.cope.es\/blogs\/derosca\/wp-json\/wp\/v2\/tags?post=2341"}],"curies":[{"name":"wp","href":"https:\/\/api.w.org\/{rel}","templated":true}]}}