{"id":2184,"date":"2021-07-01T09:35:12","date_gmt":"2021-07-01T07:35:12","guid":{"rendered":"http:\/\/www.cope.es\/blogs\/derosca\/?p=2184"},"modified":"2021-07-01T09:35:12","modified_gmt":"2021-07-01T07:35:12","slug":"el-nantes-ya-tienen-configurada-su-plantilla-para-la-temporada-2021-22","status":"publish","type":"post","link":"https:\/\/www.cope.es\/blogs\/derosca\/2021\/07\/01\/el-nantes-ya-tienen-configurada-su-plantilla-para-la-temporada-2021-22\/","title":{"rendered":"El Nantes ya tienen configurada su plantilla para la Temporada 2021 &#8211; 22"},"content":{"rendered":"<p>El conjunto galo del Nantes ya ha presentado en sociedad a la plantilla de cara a la pr\u00f3xima Temporada 2021- 22. En total ha sido 5 jugadores los que han dejado el club: Adri\u00e0 Figueras que se marcha al Chartres, Sebastian Augustinussen se va al Stuttgart, Eduardo Gurbindo se marcha al Vardar, Olivier Nyokas se va al Metalurg Skopje mientras que Cyril Dumoulin y Mathieu Bataille se unir\u00e1n a Tremblay en lla Proligue. Por otro lado Rock Feliho ha terminado su carrera a sus 38 a\u00f1os de edad despu\u00e9s de estar 11 a\u00f1os en el Nantes.<\/p>\n<p>Las altas de jugadores para la pr\u00f3xima temporada en el Nantes son el lateral derecho Linus Persson que viene del Ivry y el lateral izquierdo Alexander Shkurinskiy procedente del Brest que han firmaron contratos hasta el a\u00f1o 2023.<\/p>\n<p>Por otro lado Pedro Portela lleg delTremblay y Rub\u00e9n Marchan procedente del Ademar Le\u00f3n se han comprometido hasta el a\u00f1o 2024. El experimentado portero Micka\u00ebl Robin,portero del Cr\u00e9teil, ser\u00e1 el suplente de Emil Nielsen en la pr\u00f3xima temporada. Kiril Lazarov (firma hasta 2022), Valero Rivera (renueva hasta 2023), Thibaud Briet (firma hasta 2025) y Th\u00e9o Monar ( renueva hasta 2024). Todos ellos han ampliado su trato.<\/p>\n<p>La Plantilla del Nantes para la Temporada 2021 &#8211; 22 es la siguiente:<\/p>\n<p>Porteros: Emil NIELSEN y Mickael ROBIN.<br \/>\nPivotes: Dragan PECHMALBEC, Ruben MARCHAN y Th\u00e9o MONAR.<br \/>\nLaterales: Thibaud BRIET, Rok OVNICEK, Milan MILIC, Linus PERSSON, Alexandre CAVALCANTI, Alexander SHKURINSKYI, Aymeric LAZARNE y Kiril LAZAROV.<br \/>\nExtremos: Baptiste DAMATRIN, Valero RIVERA, Pedro PORTELA y David BALAGUER,<\/p>\n<p>Seguirnos en twitter: <a href=\"https:\/\/twitter.com\/\"><strong>https:\/\/twitter.com\/#!\/deroscacope<\/strong><\/a><\/p>\n","protected":false},"excerpt":{"rendered":"<p>El conjunto galo del Nantes ya ha presentado en sociedad a la plantilla de cara a la pr\u00f3xima Temporada 2021- 22. En total ha sido 5 jugadores los que han dejado el club: Adri\u00e0 Figueras que se marcha al Chartres, Sebastian Augustinussen se va al Stuttgart, Eduardo Gurbindo se marcha al Vardar, Olivier Nyokas se [&hellip;]<\/p>\n","protected":false},"author":23,"featured_media":2185,"comment_status":"open","ping_status":"open","sticky":false,"template":"","format":"standard","meta":{"footnotes":""},"categories":[3],"tags":[],"class_list":["post-2184","post","type-post","status-publish","format-standard","has-post-thumbnail","hentry","category-balonmano"],"yoast_head":"<!-- This site is optimized with the Yoast SEO plugin v27.4 - https:\/\/yoast.com\/product\/yoast-seo-wordpress\/ -->\n<title>El Nantes ya tienen configurada su plantilla para la Temporada 2021 - 22 - Derosca<\/title>\n<meta name=\"robots\" content=\"index, follow, max-snippet:-1, max-image-preview:large, max-video-preview:-1\" \/>\n<link rel=\"canonical\" href=\"https:\/\/www.cope.es\/blogs\/derosca\/2021\/07\/01\/el-nantes-ya-tienen-configurada-su-plantilla-para-la-temporada-2021-22\/\" \/>\n<meta property=\"og:locale\" content=\"es_ES\" \/>\n<meta property=\"og:type\" content=\"article\" \/>\n<meta property=\"og:title\" content=\"El Nantes ya tienen configurada su plantilla para la Temporada 2021 - 22 - Derosca\" \/>\n<meta property=\"og:description\" content=\"El conjunto galo del Nantes ya ha presentado en sociedad a la plantilla de cara a la pr\u00f3xima Temporada 2021- 22. En total ha sido 5 jugadores los que han dejado el club: Adri\u00e0 Figueras que se marcha al Chartres, Sebastian Augustinussen se va al Stuttgart, Eduardo Gurbindo se marcha al Vardar, Olivier Nyokas se [&hellip;]\" \/>\n<meta property=\"og:url\" content=\"https:\/\/www.cope.es\/blogs\/derosca\/2021\/07\/01\/el-nantes-ya-tienen-configurada-su-plantilla-para-la-temporada-2021-22\/\" \/>\n<meta property=\"og:site_name\" content=\"Derosca\" \/>\n<meta property=\"article:publisher\" content=\"https:\/\/www.facebook.com\/cope\/\" \/>\n<meta property=\"article:published_time\" content=\"2021-07-01T07:35:12+00:00\" \/>\n<meta property=\"og:image\" content=\"https:\/\/www.cope.es\/blogs\/derosca\/wp-content\/uploads\/sites\/22\/2021\/07\/Nantes.jpg\" \/>\n\t<meta property=\"og:image:width\" content=\"680\" \/>\n\t<meta property=\"og:image:height\" content=\"429\" \/>\n\t<meta property=\"og:image:type\" content=\"image\/jpeg\" \/>\n<meta name=\"author\" content=\"Luis Malvar\" \/>\n<meta name=\"twitter:card\" content=\"summary_large_image\" \/>\n<meta name=\"twitter:creator\" content=\"@cope_es\" \/>\n<meta name=\"twitter:site\" content=\"@cope_es\" \/>\n<meta name=\"twitter:label1\" content=\"Escrito por\" \/>\n\t<meta name=\"twitter:data1\" content=\"Luis Malvar\" \/>\n\t<meta name=\"twitter:label2\" content=\"Tiempo de lectura\" \/>\n\t<meta name=\"twitter:data2\" content=\"1 minuto\" \/>\n<script type=\"application\/ld+json\" class=\"yoast-schema-graph\">{\"@context\":\"https:\\\/\\\/schema.org\",\"@graph\":[{\"@type\":\"Article\",\"@id\":\"https:\\\/\\\/www.cope.es\\\/blogs\\\/derosca\\\/2021\\\/07\\\/01\\\/el-nantes-ya-tienen-configurada-su-plantilla-para-la-temporada-2021-22\\\/#article\",\"isPartOf\":{\"@id\":\"https:\\\/\\\/www.cope.es\\\/blogs\\\/derosca\\\/2021\\\/07\\\/01\\\/el-nantes-ya-tienen-configurada-su-plantilla-para-la-temporada-2021-22\\\/\"},\"author\":{\"name\":\"Luis Malvar\",\"@id\":\"https:\\\/\\\/www.cope.es\\\/blogs\\\/derosca\\\/#\\\/schema\\\/person\\\/02d6fa6fa8d8db60f83303875a4ff77f\"},\"headline\":\"El Nantes ya tienen configurada su plantilla para la Temporada 2021 &#8211; 22\",\"datePublished\":\"2021-07-01T07:35:12+00:00\",\"mainEntityOfPage\":{\"@id\":\"https:\\\/\\\/www.cope.es\\\/blogs\\\/derosca\\\/2021\\\/07\\\/01\\\/el-nantes-ya-tienen-configurada-su-plantilla-para-la-temporada-2021-22\\\/\"},\"wordCount\":276,\"commentCount\":0,\"image\":{\"@id\":\"https:\\\/\\\/www.cope.es\\\/blogs\\\/derosca\\\/2021\\\/07\\\/01\\\/el-nantes-ya-tienen-configurada-su-plantilla-para-la-temporada-2021-22\\\/#primaryimage\"},\"thumbnailUrl\":\"https:\\\/\\\/www.cope.es\\\/blogs\\\/derosca\\\/wp-content\\\/uploads\\\/sites\\\/22\\\/2021\\\/07\\\/Nantes.jpg\",\"articleSection\":[\"Balonmano\"],\"inLanguage\":\"es\",\"potentialAction\":[{\"@type\":\"CommentAction\",\"name\":\"Comment\",\"target\":[\"https:\\\/\\\/www.cope.es\\\/blogs\\\/derosca\\\/2021\\\/07\\\/01\\\/el-nantes-ya-tienen-configurada-su-plantilla-para-la-temporada-2021-22\\\/#respond\"]}]},{\"@type\":\"WebPage\",\"@id\":\"https:\\\/\\\/www.cope.es\\\/blogs\\\/derosca\\\/2021\\\/07\\\/01\\\/el-nantes-ya-tienen-configurada-su-plantilla-para-la-temporada-2021-22\\\/\",\"url\":\"https:\\\/\\\/www.cope.es\\\/blogs\\\/derosca\\\/2021\\\/07\\\/01\\\/el-nantes-ya-tienen-configurada-su-plantilla-para-la-temporada-2021-22\\\/\",\"name\":\"El Nantes ya tienen configurada su plantilla para la Temporada 2021 - 22 - Derosca\",\"isPartOf\":{\"@id\":\"https:\\\/\\\/www.cope.es\\\/blogs\\\/derosca\\\/#website\"},\"primaryImageOfPage\":{\"@id\":\"https:\\\/\\\/www.cope.es\\\/blogs\\\/derosca\\\/2021\\\/07\\\/01\\\/el-nantes-ya-tienen-configurada-su-plantilla-para-la-temporada-2021-22\\\/#primaryimage\"},\"image\":{\"@id\":\"https:\\\/\\\/www.cope.es\\\/blogs\\\/derosca\\\/2021\\\/07\\\/01\\\/el-nantes-ya-tienen-configurada-su-plantilla-para-la-temporada-2021-22\\\/#primaryimage\"},\"thumbnailUrl\":\"https:\\\/\\\/www.cope.es\\\/blogs\\\/derosca\\\/wp-content\\\/uploads\\\/sites\\\/22\\\/2021\\\/07\\\/Nantes.jpg\",\"datePublished\":\"2021-07-01T07:35:12+00:00\",\"author\":{\"@id\":\"https:\\\/\\\/www.cope.es\\\/blogs\\\/derosca\\\/#\\\/schema\\\/person\\\/02d6fa6fa8d8db60f83303875a4ff77f\"},\"breadcrumb\":{\"@id\":\"https:\\\/\\\/www.cope.es\\\/blogs\\\/derosca\\\/2021\\\/07\\\/01\\\/el-nantes-ya-tienen-configurada-su-plantilla-para-la-temporada-2021-22\\\/#breadcrumb\"},\"inLanguage\":\"es\",\"potentialAction\":[{\"@type\":\"ReadAction\",\"target\":[\"https:\\\/\\\/www.cope.es\\\/blogs\\\/derosca\\\/2021\\\/07\\\/01\\\/el-nantes-ya-tienen-configurada-su-plantilla-para-la-temporada-2021-22\\\/\"]}]},{\"@type\":\"ImageObject\",\"inLanguage\":\"es\",\"@id\":\"https:\\\/\\\/www.cope.es\\\/blogs\\\/derosca\\\/2021\\\/07\\\/01\\\/el-nantes-ya-tienen-configurada-su-plantilla-para-la-temporada-2021-22\\\/#primaryimage\",\"url\":\"https:\\\/\\\/www.cope.es\\\/blogs\\\/derosca\\\/wp-content\\\/uploads\\\/sites\\\/22\\\/2021\\\/07\\\/Nantes.jpg\",\"contentUrl\":\"https:\\\/\\\/www.cope.es\\\/blogs\\\/derosca\\\/wp-content\\\/uploads\\\/sites\\\/22\\\/2021\\\/07\\\/Nantes.jpg\",\"width\":680,\"height\":429,\"caption\":\"El Nantes ya tienen configurada su plantilla para la Temporada 2021 - 22\"},{\"@type\":\"BreadcrumbList\",\"@id\":\"https:\\\/\\\/www.cope.es\\\/blogs\\\/derosca\\\/2021\\\/07\\\/01\\\/el-nantes-ya-tienen-configurada-su-plantilla-para-la-temporada-2021-22\\\/#breadcrumb\",\"itemListElement\":[{\"@type\":\"ListItem\",\"position\":1,\"name\":\"Portada\",\"item\":\"https:\\\/\\\/www.cope.es\\\/blogs\\\/derosca\\\/\"},{\"@type\":\"ListItem\",\"position\":2,\"name\":\"El Nantes ya tienen configurada su plantilla para la Temporada 2021 &#8211; 22\"}]},{\"@type\":\"WebSite\",\"@id\":\"https:\\\/\\\/www.cope.es\\\/blogs\\\/derosca\\\/#website\",\"url\":\"https:\\\/\\\/www.cope.es\\\/blogs\\\/derosca\\\/\",\"name\":\"Derosca\",\"description\":\"Blog de balonmano COPE\",\"potentialAction\":[{\"@type\":\"SearchAction\",\"target\":{\"@type\":\"EntryPoint\",\"urlTemplate\":\"https:\\\/\\\/www.cope.es\\\/blogs\\\/derosca\\\/?s={search_term_string}\"},\"query-input\":{\"@type\":\"PropertyValueSpecification\",\"valueRequired\":true,\"valueName\":\"search_term_string\"}}],\"inLanguage\":\"es\"},{\"@type\":\"Person\",\"@id\":\"https:\\\/\\\/www.cope.es\\\/blogs\\\/derosca\\\/#\\\/schema\\\/person\\\/02d6fa6fa8d8db60f83303875a4ff77f\",\"name\":\"Luis Malvar\",\"image\":{\"@type\":\"ImageObject\",\"inLanguage\":\"es\",\"@id\":\"https:\\\/\\\/secure.gravatar.com\\\/avatar\\\/23cd47dec2904689b3ccd32d1dd3e86c7cbf60dcf7376c68854f761a4939534f?s=96&d=mm&r=g\",\"url\":\"https:\\\/\\\/secure.gravatar.com\\\/avatar\\\/23cd47dec2904689b3ccd32d1dd3e86c7cbf60dcf7376c68854f761a4939534f?s=96&d=mm&r=g\",\"contentUrl\":\"https:\\\/\\\/secure.gravatar.com\\\/avatar\\\/23cd47dec2904689b3ccd32d1dd3e86c7cbf60dcf7376c68854f761a4939534f?s=96&d=mm&r=g\",\"caption\":\"Luis Malvar\"},\"description\":\"Comenc\u00e9 la andadura del Blog Derosca all\u00e1 por el 22 de Mayo de 2008. Un blog en el que se trata de llevar a los numerosos aficionados y amantes del mundo del balonmano toda la actualidad de nuestro apasionante deporte. Una ventana que sirve para dar luz a las innumerables noticias que genera el balonmano y que habitualmente no tienen reflejo en los medios de comunicaci\u00f3n. Sin lugar a dudas el Blog Derosca cuenta con un apartado que tiene a gala contar con miles de seguidores como es \u201cMis Pajaritos\u201d en donde se relatan y narran todas las intrahistorias que se generan en el balonmano espa\u00f1ol y que incomoda a m\u00e1s de uno que salgan a la luz.!Gracias por seguirnos durante todos estos a\u00f1os\u00a1\",\"sameAs\":[\"http:\\\/\\\/www.cope.es\",\"lmalvar\"],\"url\":\"https:\\\/\\\/www.cope.es\\\/blogs\\\/derosca\\\/author\\\/lmalvar\\\/\"}]}<\/script>\n<!-- \/ Yoast SEO plugin. -->","yoast_head_json":{"title":"El Nantes ya tienen configurada su plantilla para la Temporada 2021 - 22 - Derosca","robots":{"index":"index","follow":"follow","max-snippet":"max-snippet:-1","max-image-preview":"max-image-preview:large","max-video-preview":"max-video-preview:-1"},"canonical":"https:\/\/www.cope.es\/blogs\/derosca\/2021\/07\/01\/el-nantes-ya-tienen-configurada-su-plantilla-para-la-temporada-2021-22\/","og_locale":"es_ES","og_type":"article","og_title":"El Nantes ya tienen configurada su plantilla para la Temporada 2021 - 22 - Derosca","og_description":"El conjunto galo del Nantes ya ha presentado en sociedad a la plantilla de cara a la pr\u00f3xima Temporada 2021- 22. En total ha sido 5 jugadores los que han dejado el club: Adri\u00e0 Figueras que se marcha al Chartres, Sebastian Augustinussen se va al Stuttgart, Eduardo Gurbindo se marcha al Vardar, Olivier Nyokas se [&hellip;]","og_url":"https:\/\/www.cope.es\/blogs\/derosca\/2021\/07\/01\/el-nantes-ya-tienen-configurada-su-plantilla-para-la-temporada-2021-22\/","og_site_name":"Derosca","article_publisher":"https:\/\/www.facebook.com\/cope\/","article_published_time":"2021-07-01T07:35:12+00:00","og_image":[{"width":680,"height":429,"url":"https:\/\/www.cope.es\/blogs\/derosca\/wp-content\/uploads\/sites\/22\/2021\/07\/Nantes.jpg","type":"image\/jpeg"}],"author":"Luis Malvar","twitter_card":"summary_large_image","twitter_creator":"@cope_es","twitter_site":"@cope_es","twitter_misc":{"Escrito por":"Luis Malvar","Tiempo de lectura":"1 minuto"},"schema":{"@context":"https:\/\/schema.org","@graph":[{"@type":"Article","@id":"https:\/\/www.cope.es\/blogs\/derosca\/2021\/07\/01\/el-nantes-ya-tienen-configurada-su-plantilla-para-la-temporada-2021-22\/#article","isPartOf":{"@id":"https:\/\/www.cope.es\/blogs\/derosca\/2021\/07\/01\/el-nantes-ya-tienen-configurada-su-plantilla-para-la-temporada-2021-22\/"},"author":{"name":"Luis Malvar","@id":"https:\/\/www.cope.es\/blogs\/derosca\/#\/schema\/person\/02d6fa6fa8d8db60f83303875a4ff77f"},"headline":"El Nantes ya tienen configurada su plantilla para la Temporada 2021 &#8211; 22","datePublished":"2021-07-01T07:35:12+00:00","mainEntityOfPage":{"@id":"https:\/\/www.cope.es\/blogs\/derosca\/2021\/07\/01\/el-nantes-ya-tienen-configurada-su-plantilla-para-la-temporada-2021-22\/"},"wordCount":276,"commentCount":0,"image":{"@id":"https:\/\/www.cope.es\/blogs\/derosca\/2021\/07\/01\/el-nantes-ya-tienen-configurada-su-plantilla-para-la-temporada-2021-22\/#primaryimage"},"thumbnailUrl":"https:\/\/www.cope.es\/blogs\/derosca\/wp-content\/uploads\/sites\/22\/2021\/07\/Nantes.jpg","articleSection":["Balonmano"],"inLanguage":"es","potentialAction":[{"@type":"CommentAction","name":"Comment","target":["https:\/\/www.cope.es\/blogs\/derosca\/2021\/07\/01\/el-nantes-ya-tienen-configurada-su-plantilla-para-la-temporada-2021-22\/#respond"]}]},{"@type":"WebPage","@id":"https:\/\/www.cope.es\/blogs\/derosca\/2021\/07\/01\/el-nantes-ya-tienen-configurada-su-plantilla-para-la-temporada-2021-22\/","url":"https:\/\/www.cope.es\/blogs\/derosca\/2021\/07\/01\/el-nantes-ya-tienen-configurada-su-plantilla-para-la-temporada-2021-22\/","name":"El Nantes ya tienen configurada su plantilla para la Temporada 2021 - 22 - Derosca","isPartOf":{"@id":"https:\/\/www.cope.es\/blogs\/derosca\/#website"},"primaryImageOfPage":{"@id":"https:\/\/www.cope.es\/blogs\/derosca\/2021\/07\/01\/el-nantes-ya-tienen-configurada-su-plantilla-para-la-temporada-2021-22\/#primaryimage"},"image":{"@id":"https:\/\/www.cope.es\/blogs\/derosca\/2021\/07\/01\/el-nantes-ya-tienen-configurada-su-plantilla-para-la-temporada-2021-22\/#primaryimage"},"thumbnailUrl":"https:\/\/www.cope.es\/blogs\/derosca\/wp-content\/uploads\/sites\/22\/2021\/07\/Nantes.jpg","datePublished":"2021-07-01T07:35:12+00:00","author":{"@id":"https:\/\/www.cope.es\/blogs\/derosca\/#\/schema\/person\/02d6fa6fa8d8db60f83303875a4ff77f"},"breadcrumb":{"@id":"https:\/\/www.cope.es\/blogs\/derosca\/2021\/07\/01\/el-nantes-ya-tienen-configurada-su-plantilla-para-la-temporada-2021-22\/#breadcrumb"},"inLanguage":"es","potentialAction":[{"@type":"ReadAction","target":["https:\/\/www.cope.es\/blogs\/derosca\/2021\/07\/01\/el-nantes-ya-tienen-configurada-su-plantilla-para-la-temporada-2021-22\/"]}]},{"@type":"ImageObject","inLanguage":"es","@id":"https:\/\/www.cope.es\/blogs\/derosca\/2021\/07\/01\/el-nantes-ya-tienen-configurada-su-plantilla-para-la-temporada-2021-22\/#primaryimage","url":"https:\/\/www.cope.es\/blogs\/derosca\/wp-content\/uploads\/sites\/22\/2021\/07\/Nantes.jpg","contentUrl":"https:\/\/www.cope.es\/blogs\/derosca\/wp-content\/uploads\/sites\/22\/2021\/07\/Nantes.jpg","width":680,"height":429,"caption":"El Nantes ya tienen configurada su plantilla para la Temporada 2021 - 22"},{"@type":"BreadcrumbList","@id":"https:\/\/www.cope.es\/blogs\/derosca\/2021\/07\/01\/el-nantes-ya-tienen-configurada-su-plantilla-para-la-temporada-2021-22\/#breadcrumb","itemListElement":[{"@type":"ListItem","position":1,"name":"Portada","item":"https:\/\/www.cope.es\/blogs\/derosca\/"},{"@type":"ListItem","position":2,"name":"El Nantes ya tienen configurada su plantilla para la Temporada 2021 &#8211; 22"}]},{"@type":"WebSite","@id":"https:\/\/www.cope.es\/blogs\/derosca\/#website","url":"https:\/\/www.cope.es\/blogs\/derosca\/","name":"Derosca","description":"Blog de balonmano COPE","potentialAction":[{"@type":"SearchAction","target":{"@type":"EntryPoint","urlTemplate":"https:\/\/www.cope.es\/blogs\/derosca\/?s={search_term_string}"},"query-input":{"@type":"PropertyValueSpecification","valueRequired":true,"valueName":"search_term_string"}}],"inLanguage":"es"},{"@type":"Person","@id":"https:\/\/www.cope.es\/blogs\/derosca\/#\/schema\/person\/02d6fa6fa8d8db60f83303875a4ff77f","name":"Luis Malvar","image":{"@type":"ImageObject","inLanguage":"es","@id":"https:\/\/secure.gravatar.com\/avatar\/23cd47dec2904689b3ccd32d1dd3e86c7cbf60dcf7376c68854f761a4939534f?s=96&d=mm&r=g","url":"https:\/\/secure.gravatar.com\/avatar\/23cd47dec2904689b3ccd32d1dd3e86c7cbf60dcf7376c68854f761a4939534f?s=96&d=mm&r=g","contentUrl":"https:\/\/secure.gravatar.com\/avatar\/23cd47dec2904689b3ccd32d1dd3e86c7cbf60dcf7376c68854f761a4939534f?s=96&d=mm&r=g","caption":"Luis Malvar"},"description":"Comenc\u00e9 la andadura del Blog Derosca all\u00e1 por el 22 de Mayo de 2008. Un blog en el que se trata de llevar a los numerosos aficionados y amantes del mundo del balonmano toda la actualidad de nuestro apasionante deporte. Una ventana que sirve para dar luz a las innumerables noticias que genera el balonmano y que habitualmente no tienen reflejo en los medios de comunicaci\u00f3n. Sin lugar a dudas el Blog Derosca cuenta con un apartado que tiene a gala contar con miles de seguidores como es \u201cMis Pajaritos\u201d en donde se relatan y narran todas las intrahistorias que se generan en el balonmano espa\u00f1ol y que incomoda a m\u00e1s de uno que salgan a la luz.!Gracias por seguirnos durante todos estos a\u00f1os\u00a1","sameAs":["http:\/\/www.cope.es","lmalvar"],"url":"https:\/\/www.cope.es\/blogs\/derosca\/author\/lmalvar\/"}]}},"amp_enabled":true,"_links":{"self":[{"href":"https:\/\/www.cope.es\/blogs\/derosca\/wp-json\/wp\/v2\/posts\/2184","targetHints":{"allow":["GET"]}}],"collection":[{"href":"https:\/\/www.cope.es\/blogs\/derosca\/wp-json\/wp\/v2\/posts"}],"about":[{"href":"https:\/\/www.cope.es\/blogs\/derosca\/wp-json\/wp\/v2\/types\/post"}],"author":[{"embeddable":true,"href":"https:\/\/www.cope.es\/blogs\/derosca\/wp-json\/wp\/v2\/users\/23"}],"replies":[{"embeddable":true,"href":"https:\/\/www.cope.es\/blogs\/derosca\/wp-json\/wp\/v2\/comments?post=2184"}],"version-history":[{"count":1,"href":"https:\/\/www.cope.es\/blogs\/derosca\/wp-json\/wp\/v2\/posts\/2184\/revisions"}],"predecessor-version":[{"id":2186,"href":"https:\/\/www.cope.es\/blogs\/derosca\/wp-json\/wp\/v2\/posts\/2184\/revisions\/2186"}],"wp:featuredmedia":[{"embeddable":true,"href":"https:\/\/www.cope.es\/blogs\/derosca\/wp-json\/wp\/v2\/media\/2185"}],"wp:attachment":[{"href":"https:\/\/www.cope.es\/blogs\/derosca\/wp-json\/wp\/v2\/media?parent=2184"}],"wp:term":[{"taxonomy":"category","embeddable":true,"href":"https:\/\/www.cope.es\/blogs\/derosca\/wp-json\/wp\/v2\/categories?post=2184"},{"taxonomy":"post_tag","embeddable":true,"href":"https:\/\/www.cope.es\/blogs\/derosca\/wp-json\/wp\/v2\/tags?post=2184"}],"curies":[{"name":"wp","href":"https:\/\/api.w.org\/{rel}","templated":true}]}}