{"id":2174,"date":"2021-06-28T09:22:49","date_gmt":"2021-06-28T07:22:49","guid":{"rendered":"http:\/\/www.cope.es\/blogs\/derosca\/?p=2174"},"modified":"2021-06-28T09:22:49","modified_gmt":"2021-06-28T07:22:49","slug":"la-starligue-francesa-comenzara-la-temporada-el-11-de-septiembre","status":"publish","type":"post","link":"https:\/\/www.cope.es\/blogs\/derosca\/2021\/06\/28\/la-starligue-francesa-comenzara-la-temporada-el-11-de-septiembre\/","title":{"rendered":"La Starligue francesa comenzar\u00e1 la temporada el 11 de Septiembre"},"content":{"rendered":"<p><span style=\"color: #646464\"><span style=\"font-family: Arial, sans-serif\"><span style=\"font-size: medium\">El Comit\u00e9 Directivo de la Liga Nacional de Balonmano de Francia (LNH) se ha reunido hace unos d\u00edas y ha decidido el calendario definitivo para la pr\u00f3xima Temporada 2021 \u2013 22. <\/span><\/span><\/span><span style=\"color: #646464\"><span style=\"font-family: Arial, sans-serif\"><span style=\"font-size: medium\">La StarLigue va a comenzar el 11 de Septiembre y terminar\u00e1 el 8 de Junio mientras que la Proligue se reanudar\u00e1 ese mismo fin de semana para terminar en una Final Four el 4 y 5 de Junio.<\/span><\/span><\/span><\/p>\n<p><span style=\"font-family: Arial, sans-serif\">La gran novedad para la pr\u00f3xima temporada es el regreso de la Copa de Liga. Un torneo que fue eliminado la temporada pasada y tras haber visto cancelada su Final Four en el 2019, la competici\u00f3n organizada por la LNH volver\u00e1 a disputarse en la Temporada 2021 \u2013 22. Dicho torneo lo van a disputar los diecis\u00e9is clubes de \u00e9lite del balonmano galo, mientras que los clubes afectados por la Champions League solo entrar\u00e1n en la competici\u00f3n en los Cuartos de Final.\u00a0La Final Four, que habitualmente se suele jugar en el mes de Marzo, se disputar\u00e1 en esta ocasi\u00f3n justo antes de las vacaciones de fin de a\u00f1o, es decir los d\u00edas 19 y 20 de Diciembre.<\/span><\/p>\n<p><span style=\"font-family: Arial, sans-serif\">Finalmente, la Coupe de France tambi\u00e9n regresar\u00e1, de una manera m\u00e1s completa que la que se jug\u00f3 esta temporada donde se redujo a tan s\u00f3lo una final entre PSG y Montpellier. Ahora los 32 clubes profesionales tendr\u00e1n que disputar una primera ronda a partir de mediados de Septiembre y est\u00e1 previsto que la Final se juegue el 11 de Junio. La Temporada 2021 \u2013 22 finalizar\u00e1 con la celebraci\u00f3n de la Final Four de la Champions League, prevista para el 18 y 19 de Junio.<\/span><\/p>\n<p><span style=\"font-family: Arial, sans-serif\"><span style=\"font-size: medium\">Seguirnos en twitter:<\/span><\/span> <strong><a href=\"https:\/\/twitter.com\/\"><span style=\"color: #1e5592\"><span style=\"font-family: Arial, sans-serif\"><span style=\"font-size: medium\">https:\/\/twitter.com\/#!\/deroscacope<\/span><\/span><\/span><\/a><\/strong><\/p>\n","protected":false},"excerpt":{"rendered":"<p>El Comit\u00e9 Directivo de la Liga Nacional de Balonmano de Francia (LNH) se ha reunido hace unos d\u00edas y ha decidido el calendario definitivo para la pr\u00f3xima Temporada 2021 \u2013 22. La StarLigue va a comenzar el 11 de Septiembre y terminar\u00e1 el 8 de Junio mientras que la Proligue se reanudar\u00e1 ese mismo fin [&hellip;]<\/p>\n","protected":false},"author":23,"featured_media":2175,"comment_status":"open","ping_status":"open","sticky":false,"template":"","format":"standard","meta":{"footnotes":""},"categories":[3],"tags":[],"class_list":["post-2174","post","type-post","status-publish","format-standard","has-post-thumbnail","hentry","category-balonmano"],"yoast_head":"<!-- This site is optimized with the Yoast SEO plugin v27.4 - https:\/\/yoast.com\/product\/yoast-seo-wordpress\/ -->\n<title>La Starligue francesa comenzar\u00e1 la temporada el 11 de Septiembre - Derosca<\/title>\n<meta name=\"robots\" content=\"index, follow, max-snippet:-1, max-image-preview:large, max-video-preview:-1\" \/>\n<link rel=\"canonical\" href=\"https:\/\/www.cope.es\/blogs\/derosca\/2021\/06\/28\/la-starligue-francesa-comenzara-la-temporada-el-11-de-septiembre\/\" \/>\n<meta property=\"og:locale\" content=\"es_ES\" \/>\n<meta property=\"og:type\" content=\"article\" \/>\n<meta property=\"og:title\" content=\"La Starligue francesa comenzar\u00e1 la temporada el 11 de Septiembre - Derosca\" \/>\n<meta property=\"og:description\" content=\"El Comit\u00e9 Directivo de la Liga Nacional de Balonmano de Francia (LNH) se ha reunido hace unos d\u00edas y ha decidido el calendario definitivo para la pr\u00f3xima Temporada 2021 \u2013 22. La StarLigue va a comenzar el 11 de Septiembre y terminar\u00e1 el 8 de Junio mientras que la Proligue se reanudar\u00e1 ese mismo fin [&hellip;]\" \/>\n<meta property=\"og:url\" content=\"https:\/\/www.cope.es\/blogs\/derosca\/2021\/06\/28\/la-starligue-francesa-comenzara-la-temporada-el-11-de-septiembre\/\" \/>\n<meta property=\"og:site_name\" content=\"Derosca\" \/>\n<meta property=\"article:publisher\" content=\"https:\/\/www.facebook.com\/cope\/\" \/>\n<meta property=\"article:published_time\" content=\"2021-06-28T07:22:49+00:00\" \/>\n<meta property=\"og:image\" content=\"https:\/\/www.cope.es\/blogs\/derosca\/wp-content\/uploads\/sites\/22\/2021\/06\/lnh-lidlstarligue-logo-3d-hd-blanc_41684372.jpg\" \/>\n\t<meta property=\"og:image:width\" content=\"680\" \/>\n\t<meta property=\"og:image:height\" content=\"434\" \/>\n\t<meta property=\"og:image:type\" content=\"image\/jpeg\" \/>\n<meta name=\"author\" content=\"Luis Malvar\" \/>\n<meta name=\"twitter:card\" content=\"summary_large_image\" \/>\n<meta name=\"twitter:creator\" content=\"@cope_es\" \/>\n<meta name=\"twitter:site\" content=\"@cope_es\" \/>\n<meta name=\"twitter:label1\" content=\"Escrito por\" \/>\n\t<meta name=\"twitter:data1\" content=\"Luis Malvar\" \/>\n\t<meta name=\"twitter:label2\" content=\"Tiempo de lectura\" \/>\n\t<meta name=\"twitter:data2\" content=\"1 minuto\" \/>\n<script type=\"application\/ld+json\" class=\"yoast-schema-graph\">{\"@context\":\"https:\\\/\\\/schema.org\",\"@graph\":[{\"@type\":\"Article\",\"@id\":\"https:\\\/\\\/www.cope.es\\\/blogs\\\/derosca\\\/2021\\\/06\\\/28\\\/la-starligue-francesa-comenzara-la-temporada-el-11-de-septiembre\\\/#article\",\"isPartOf\":{\"@id\":\"https:\\\/\\\/www.cope.es\\\/blogs\\\/derosca\\\/2021\\\/06\\\/28\\\/la-starligue-francesa-comenzara-la-temporada-el-11-de-septiembre\\\/\"},\"author\":{\"name\":\"Luis Malvar\",\"@id\":\"https:\\\/\\\/www.cope.es\\\/blogs\\\/derosca\\\/#\\\/schema\\\/person\\\/02d6fa6fa8d8db60f83303875a4ff77f\"},\"headline\":\"La Starligue francesa comenzar\u00e1 la temporada el 11 de Septiembre\",\"datePublished\":\"2021-06-28T07:22:49+00:00\",\"mainEntityOfPage\":{\"@id\":\"https:\\\/\\\/www.cope.es\\\/blogs\\\/derosca\\\/2021\\\/06\\\/28\\\/la-starligue-francesa-comenzara-la-temporada-el-11-de-septiembre\\\/\"},\"wordCount\":283,\"commentCount\":0,\"image\":{\"@id\":\"https:\\\/\\\/www.cope.es\\\/blogs\\\/derosca\\\/2021\\\/06\\\/28\\\/la-starligue-francesa-comenzara-la-temporada-el-11-de-septiembre\\\/#primaryimage\"},\"thumbnailUrl\":\"https:\\\/\\\/www.cope.es\\\/blogs\\\/derosca\\\/wp-content\\\/uploads\\\/sites\\\/22\\\/2021\\\/06\\\/lnh-lidlstarligue-logo-3d-hd-blanc_41684372.jpg\",\"articleSection\":[\"Balonmano\"],\"inLanguage\":\"es\",\"potentialAction\":[{\"@type\":\"CommentAction\",\"name\":\"Comment\",\"target\":[\"https:\\\/\\\/www.cope.es\\\/blogs\\\/derosca\\\/2021\\\/06\\\/28\\\/la-starligue-francesa-comenzara-la-temporada-el-11-de-septiembre\\\/#respond\"]}]},{\"@type\":\"WebPage\",\"@id\":\"https:\\\/\\\/www.cope.es\\\/blogs\\\/derosca\\\/2021\\\/06\\\/28\\\/la-starligue-francesa-comenzara-la-temporada-el-11-de-septiembre\\\/\",\"url\":\"https:\\\/\\\/www.cope.es\\\/blogs\\\/derosca\\\/2021\\\/06\\\/28\\\/la-starligue-francesa-comenzara-la-temporada-el-11-de-septiembre\\\/\",\"name\":\"La Starligue francesa comenzar\u00e1 la temporada el 11 de Septiembre - Derosca\",\"isPartOf\":{\"@id\":\"https:\\\/\\\/www.cope.es\\\/blogs\\\/derosca\\\/#website\"},\"primaryImageOfPage\":{\"@id\":\"https:\\\/\\\/www.cope.es\\\/blogs\\\/derosca\\\/2021\\\/06\\\/28\\\/la-starligue-francesa-comenzara-la-temporada-el-11-de-septiembre\\\/#primaryimage\"},\"image\":{\"@id\":\"https:\\\/\\\/www.cope.es\\\/blogs\\\/derosca\\\/2021\\\/06\\\/28\\\/la-starligue-francesa-comenzara-la-temporada-el-11-de-septiembre\\\/#primaryimage\"},\"thumbnailUrl\":\"https:\\\/\\\/www.cope.es\\\/blogs\\\/derosca\\\/wp-content\\\/uploads\\\/sites\\\/22\\\/2021\\\/06\\\/lnh-lidlstarligue-logo-3d-hd-blanc_41684372.jpg\",\"datePublished\":\"2021-06-28T07:22:49+00:00\",\"author\":{\"@id\":\"https:\\\/\\\/www.cope.es\\\/blogs\\\/derosca\\\/#\\\/schema\\\/person\\\/02d6fa6fa8d8db60f83303875a4ff77f\"},\"breadcrumb\":{\"@id\":\"https:\\\/\\\/www.cope.es\\\/blogs\\\/derosca\\\/2021\\\/06\\\/28\\\/la-starligue-francesa-comenzara-la-temporada-el-11-de-septiembre\\\/#breadcrumb\"},\"inLanguage\":\"es\",\"potentialAction\":[{\"@type\":\"ReadAction\",\"target\":[\"https:\\\/\\\/www.cope.es\\\/blogs\\\/derosca\\\/2021\\\/06\\\/28\\\/la-starligue-francesa-comenzara-la-temporada-el-11-de-septiembre\\\/\"]}]},{\"@type\":\"ImageObject\",\"inLanguage\":\"es\",\"@id\":\"https:\\\/\\\/www.cope.es\\\/blogs\\\/derosca\\\/2021\\\/06\\\/28\\\/la-starligue-francesa-comenzara-la-temporada-el-11-de-septiembre\\\/#primaryimage\",\"url\":\"https:\\\/\\\/www.cope.es\\\/blogs\\\/derosca\\\/wp-content\\\/uploads\\\/sites\\\/22\\\/2021\\\/06\\\/lnh-lidlstarligue-logo-3d-hd-blanc_41684372.jpg\",\"contentUrl\":\"https:\\\/\\\/www.cope.es\\\/blogs\\\/derosca\\\/wp-content\\\/uploads\\\/sites\\\/22\\\/2021\\\/06\\\/lnh-lidlstarligue-logo-3d-hd-blanc_41684372.jpg\",\"width\":680,\"height\":434,\"caption\":\"La Starligue francesa comenzar\u00e1 la temporada el 11 de Septiembre\"},{\"@type\":\"BreadcrumbList\",\"@id\":\"https:\\\/\\\/www.cope.es\\\/blogs\\\/derosca\\\/2021\\\/06\\\/28\\\/la-starligue-francesa-comenzara-la-temporada-el-11-de-septiembre\\\/#breadcrumb\",\"itemListElement\":[{\"@type\":\"ListItem\",\"position\":1,\"name\":\"Portada\",\"item\":\"https:\\\/\\\/www.cope.es\\\/blogs\\\/derosca\\\/\"},{\"@type\":\"ListItem\",\"position\":2,\"name\":\"La Starligue francesa comenzar\u00e1 la temporada el 11 de Septiembre\"}]},{\"@type\":\"WebSite\",\"@id\":\"https:\\\/\\\/www.cope.es\\\/blogs\\\/derosca\\\/#website\",\"url\":\"https:\\\/\\\/www.cope.es\\\/blogs\\\/derosca\\\/\",\"name\":\"Derosca\",\"description\":\"Blog de balonmano COPE\",\"potentialAction\":[{\"@type\":\"SearchAction\",\"target\":{\"@type\":\"EntryPoint\",\"urlTemplate\":\"https:\\\/\\\/www.cope.es\\\/blogs\\\/derosca\\\/?s={search_term_string}\"},\"query-input\":{\"@type\":\"PropertyValueSpecification\",\"valueRequired\":true,\"valueName\":\"search_term_string\"}}],\"inLanguage\":\"es\"},{\"@type\":\"Person\",\"@id\":\"https:\\\/\\\/www.cope.es\\\/blogs\\\/derosca\\\/#\\\/schema\\\/person\\\/02d6fa6fa8d8db60f83303875a4ff77f\",\"name\":\"Luis Malvar\",\"image\":{\"@type\":\"ImageObject\",\"inLanguage\":\"es\",\"@id\":\"https:\\\/\\\/secure.gravatar.com\\\/avatar\\\/23cd47dec2904689b3ccd32d1dd3e86c7cbf60dcf7376c68854f761a4939534f?s=96&d=mm&r=g\",\"url\":\"https:\\\/\\\/secure.gravatar.com\\\/avatar\\\/23cd47dec2904689b3ccd32d1dd3e86c7cbf60dcf7376c68854f761a4939534f?s=96&d=mm&r=g\",\"contentUrl\":\"https:\\\/\\\/secure.gravatar.com\\\/avatar\\\/23cd47dec2904689b3ccd32d1dd3e86c7cbf60dcf7376c68854f761a4939534f?s=96&d=mm&r=g\",\"caption\":\"Luis Malvar\"},\"description\":\"Comenc\u00e9 la andadura del Blog Derosca all\u00e1 por el 22 de Mayo de 2008. Un blog en el que se trata de llevar a los numerosos aficionados y amantes del mundo del balonmano toda la actualidad de nuestro apasionante deporte. Una ventana que sirve para dar luz a las innumerables noticias que genera el balonmano y que habitualmente no tienen reflejo en los medios de comunicaci\u00f3n. Sin lugar a dudas el Blog Derosca cuenta con un apartado que tiene a gala contar con miles de seguidores como es \u201cMis Pajaritos\u201d en donde se relatan y narran todas las intrahistorias que se generan en el balonmano espa\u00f1ol y que incomoda a m\u00e1s de uno que salgan a la luz.!Gracias por seguirnos durante todos estos a\u00f1os\u00a1\",\"sameAs\":[\"http:\\\/\\\/www.cope.es\",\"lmalvar\"],\"url\":\"https:\\\/\\\/www.cope.es\\\/blogs\\\/derosca\\\/author\\\/lmalvar\\\/\"}]}<\/script>\n<!-- \/ Yoast SEO plugin. -->","yoast_head_json":{"title":"La Starligue francesa comenzar\u00e1 la temporada el 11 de Septiembre - Derosca","robots":{"index":"index","follow":"follow","max-snippet":"max-snippet:-1","max-image-preview":"max-image-preview:large","max-video-preview":"max-video-preview:-1"},"canonical":"https:\/\/www.cope.es\/blogs\/derosca\/2021\/06\/28\/la-starligue-francesa-comenzara-la-temporada-el-11-de-septiembre\/","og_locale":"es_ES","og_type":"article","og_title":"La Starligue francesa comenzar\u00e1 la temporada el 11 de Septiembre - Derosca","og_description":"El Comit\u00e9 Directivo de la Liga Nacional de Balonmano de Francia (LNH) se ha reunido hace unos d\u00edas y ha decidido el calendario definitivo para la pr\u00f3xima Temporada 2021 \u2013 22. La StarLigue va a comenzar el 11 de Septiembre y terminar\u00e1 el 8 de Junio mientras que la Proligue se reanudar\u00e1 ese mismo fin [&hellip;]","og_url":"https:\/\/www.cope.es\/blogs\/derosca\/2021\/06\/28\/la-starligue-francesa-comenzara-la-temporada-el-11-de-septiembre\/","og_site_name":"Derosca","article_publisher":"https:\/\/www.facebook.com\/cope\/","article_published_time":"2021-06-28T07:22:49+00:00","og_image":[{"width":680,"height":434,"url":"https:\/\/www.cope.es\/blogs\/derosca\/wp-content\/uploads\/sites\/22\/2021\/06\/lnh-lidlstarligue-logo-3d-hd-blanc_41684372.jpg","type":"image\/jpeg"}],"author":"Luis Malvar","twitter_card":"summary_large_image","twitter_creator":"@cope_es","twitter_site":"@cope_es","twitter_misc":{"Escrito por":"Luis Malvar","Tiempo de lectura":"1 minuto"},"schema":{"@context":"https:\/\/schema.org","@graph":[{"@type":"Article","@id":"https:\/\/www.cope.es\/blogs\/derosca\/2021\/06\/28\/la-starligue-francesa-comenzara-la-temporada-el-11-de-septiembre\/#article","isPartOf":{"@id":"https:\/\/www.cope.es\/blogs\/derosca\/2021\/06\/28\/la-starligue-francesa-comenzara-la-temporada-el-11-de-septiembre\/"},"author":{"name":"Luis Malvar","@id":"https:\/\/www.cope.es\/blogs\/derosca\/#\/schema\/person\/02d6fa6fa8d8db60f83303875a4ff77f"},"headline":"La Starligue francesa comenzar\u00e1 la temporada el 11 de Septiembre","datePublished":"2021-06-28T07:22:49+00:00","mainEntityOfPage":{"@id":"https:\/\/www.cope.es\/blogs\/derosca\/2021\/06\/28\/la-starligue-francesa-comenzara-la-temporada-el-11-de-septiembre\/"},"wordCount":283,"commentCount":0,"image":{"@id":"https:\/\/www.cope.es\/blogs\/derosca\/2021\/06\/28\/la-starligue-francesa-comenzara-la-temporada-el-11-de-septiembre\/#primaryimage"},"thumbnailUrl":"https:\/\/www.cope.es\/blogs\/derosca\/wp-content\/uploads\/sites\/22\/2021\/06\/lnh-lidlstarligue-logo-3d-hd-blanc_41684372.jpg","articleSection":["Balonmano"],"inLanguage":"es","potentialAction":[{"@type":"CommentAction","name":"Comment","target":["https:\/\/www.cope.es\/blogs\/derosca\/2021\/06\/28\/la-starligue-francesa-comenzara-la-temporada-el-11-de-septiembre\/#respond"]}]},{"@type":"WebPage","@id":"https:\/\/www.cope.es\/blogs\/derosca\/2021\/06\/28\/la-starligue-francesa-comenzara-la-temporada-el-11-de-septiembre\/","url":"https:\/\/www.cope.es\/blogs\/derosca\/2021\/06\/28\/la-starligue-francesa-comenzara-la-temporada-el-11-de-septiembre\/","name":"La Starligue francesa comenzar\u00e1 la temporada el 11 de Septiembre - Derosca","isPartOf":{"@id":"https:\/\/www.cope.es\/blogs\/derosca\/#website"},"primaryImageOfPage":{"@id":"https:\/\/www.cope.es\/blogs\/derosca\/2021\/06\/28\/la-starligue-francesa-comenzara-la-temporada-el-11-de-septiembre\/#primaryimage"},"image":{"@id":"https:\/\/www.cope.es\/blogs\/derosca\/2021\/06\/28\/la-starligue-francesa-comenzara-la-temporada-el-11-de-septiembre\/#primaryimage"},"thumbnailUrl":"https:\/\/www.cope.es\/blogs\/derosca\/wp-content\/uploads\/sites\/22\/2021\/06\/lnh-lidlstarligue-logo-3d-hd-blanc_41684372.jpg","datePublished":"2021-06-28T07:22:49+00:00","author":{"@id":"https:\/\/www.cope.es\/blogs\/derosca\/#\/schema\/person\/02d6fa6fa8d8db60f83303875a4ff77f"},"breadcrumb":{"@id":"https:\/\/www.cope.es\/blogs\/derosca\/2021\/06\/28\/la-starligue-francesa-comenzara-la-temporada-el-11-de-septiembre\/#breadcrumb"},"inLanguage":"es","potentialAction":[{"@type":"ReadAction","target":["https:\/\/www.cope.es\/blogs\/derosca\/2021\/06\/28\/la-starligue-francesa-comenzara-la-temporada-el-11-de-septiembre\/"]}]},{"@type":"ImageObject","inLanguage":"es","@id":"https:\/\/www.cope.es\/blogs\/derosca\/2021\/06\/28\/la-starligue-francesa-comenzara-la-temporada-el-11-de-septiembre\/#primaryimage","url":"https:\/\/www.cope.es\/blogs\/derosca\/wp-content\/uploads\/sites\/22\/2021\/06\/lnh-lidlstarligue-logo-3d-hd-blanc_41684372.jpg","contentUrl":"https:\/\/www.cope.es\/blogs\/derosca\/wp-content\/uploads\/sites\/22\/2021\/06\/lnh-lidlstarligue-logo-3d-hd-blanc_41684372.jpg","width":680,"height":434,"caption":"La Starligue francesa comenzar\u00e1 la temporada el 11 de Septiembre"},{"@type":"BreadcrumbList","@id":"https:\/\/www.cope.es\/blogs\/derosca\/2021\/06\/28\/la-starligue-francesa-comenzara-la-temporada-el-11-de-septiembre\/#breadcrumb","itemListElement":[{"@type":"ListItem","position":1,"name":"Portada","item":"https:\/\/www.cope.es\/blogs\/derosca\/"},{"@type":"ListItem","position":2,"name":"La Starligue francesa comenzar\u00e1 la temporada el 11 de Septiembre"}]},{"@type":"WebSite","@id":"https:\/\/www.cope.es\/blogs\/derosca\/#website","url":"https:\/\/www.cope.es\/blogs\/derosca\/","name":"Derosca","description":"Blog de balonmano COPE","potentialAction":[{"@type":"SearchAction","target":{"@type":"EntryPoint","urlTemplate":"https:\/\/www.cope.es\/blogs\/derosca\/?s={search_term_string}"},"query-input":{"@type":"PropertyValueSpecification","valueRequired":true,"valueName":"search_term_string"}}],"inLanguage":"es"},{"@type":"Person","@id":"https:\/\/www.cope.es\/blogs\/derosca\/#\/schema\/person\/02d6fa6fa8d8db60f83303875a4ff77f","name":"Luis Malvar","image":{"@type":"ImageObject","inLanguage":"es","@id":"https:\/\/secure.gravatar.com\/avatar\/23cd47dec2904689b3ccd32d1dd3e86c7cbf60dcf7376c68854f761a4939534f?s=96&d=mm&r=g","url":"https:\/\/secure.gravatar.com\/avatar\/23cd47dec2904689b3ccd32d1dd3e86c7cbf60dcf7376c68854f761a4939534f?s=96&d=mm&r=g","contentUrl":"https:\/\/secure.gravatar.com\/avatar\/23cd47dec2904689b3ccd32d1dd3e86c7cbf60dcf7376c68854f761a4939534f?s=96&d=mm&r=g","caption":"Luis Malvar"},"description":"Comenc\u00e9 la andadura del Blog Derosca all\u00e1 por el 22 de Mayo de 2008. Un blog en el que se trata de llevar a los numerosos aficionados y amantes del mundo del balonmano toda la actualidad de nuestro apasionante deporte. Una ventana que sirve para dar luz a las innumerables noticias que genera el balonmano y que habitualmente no tienen reflejo en los medios de comunicaci\u00f3n. Sin lugar a dudas el Blog Derosca cuenta con un apartado que tiene a gala contar con miles de seguidores como es \u201cMis Pajaritos\u201d en donde se relatan y narran todas las intrahistorias que se generan en el balonmano espa\u00f1ol y que incomoda a m\u00e1s de uno que salgan a la luz.!Gracias por seguirnos durante todos estos a\u00f1os\u00a1","sameAs":["http:\/\/www.cope.es","lmalvar"],"url":"https:\/\/www.cope.es\/blogs\/derosca\/author\/lmalvar\/"}]}},"amp_enabled":true,"_links":{"self":[{"href":"https:\/\/www.cope.es\/blogs\/derosca\/wp-json\/wp\/v2\/posts\/2174","targetHints":{"allow":["GET"]}}],"collection":[{"href":"https:\/\/www.cope.es\/blogs\/derosca\/wp-json\/wp\/v2\/posts"}],"about":[{"href":"https:\/\/www.cope.es\/blogs\/derosca\/wp-json\/wp\/v2\/types\/post"}],"author":[{"embeddable":true,"href":"https:\/\/www.cope.es\/blogs\/derosca\/wp-json\/wp\/v2\/users\/23"}],"replies":[{"embeddable":true,"href":"https:\/\/www.cope.es\/blogs\/derosca\/wp-json\/wp\/v2\/comments?post=2174"}],"version-history":[{"count":1,"href":"https:\/\/www.cope.es\/blogs\/derosca\/wp-json\/wp\/v2\/posts\/2174\/revisions"}],"predecessor-version":[{"id":2176,"href":"https:\/\/www.cope.es\/blogs\/derosca\/wp-json\/wp\/v2\/posts\/2174\/revisions\/2176"}],"wp:featuredmedia":[{"embeddable":true,"href":"https:\/\/www.cope.es\/blogs\/derosca\/wp-json\/wp\/v2\/media\/2175"}],"wp:attachment":[{"href":"https:\/\/www.cope.es\/blogs\/derosca\/wp-json\/wp\/v2\/media?parent=2174"}],"wp:term":[{"taxonomy":"category","embeddable":true,"href":"https:\/\/www.cope.es\/blogs\/derosca\/wp-json\/wp\/v2\/categories?post=2174"},{"taxonomy":"post_tag","embeddable":true,"href":"https:\/\/www.cope.es\/blogs\/derosca\/wp-json\/wp\/v2\/tags?post=2174"}],"curies":[{"name":"wp","href":"https:\/\/api.w.org\/{rel}","templated":true}]}}