{"id":2151,"date":"2021-06-15T09:55:16","date_gmt":"2021-06-15T07:55:16","guid":{"rendered":"http:\/\/www.cope.es\/blogs\/derosca\/?p=2151"},"modified":"2021-06-15T09:55:16","modified_gmt":"2021-06-15T07:55:16","slug":"lista-de-jugadores-seleccion-de-francia-masculina-para-los-jjoo-de-tokio","status":"publish","type":"post","link":"https:\/\/www.cope.es\/blogs\/derosca\/2021\/06\/15\/lista-de-jugadores-seleccion-de-francia-masculina-para-los-jjoo-de-tokio\/","title":{"rendered":"Lista de jugadores Selecci\u00f3n de Francia Masculina para los JJOO de Tokio"},"content":{"rendered":"<p>Nada m\u00e1s terminar la Final4 Masculina de Colonia, el Seleccionador masculino franc\u00e9s ha dado a conocer la lista de los jugadores que ha convocado para la preparaci\u00f3n de los Juegos Ol\u00edmpicos de Tokio que comenzar\u00e1 para los galos el Mi\u00e9rcoles 23 de Junio.\u00a0No es una sorpresa real en este grupo que \u00a0Se mantiene el bloque habitual de los \u00faltimos partidos internacionales de los franceses salvo el regreso de Nikola Karabatic tras su larga lesi\u00f3n.<\/p>\n<p>La Selecci\u00f3n de Francia se concentrar\u00e1 en la Maison du Handball el pr\u00f3ximo Mi\u00e9rcoles 23 de Junio para comenzar su preparaci\u00f3n para los Juegos Ol\u00edmpicos de Tokio.\u00a0Se ha convocado a un grupo de 21 jugadores para una primera \u00a0sesi\u00f3n de preparaci\u00f3n de dos semanas que se terminar\u00e1 el Lunes 5 de Julio con el anuncio definitivo de la lista oficial de jugadores que acudir\u00e1n a Jap\u00f3n: 14 jugadores + 1 jugador (en la Villa Ol\u00edmpica) + 2 jugadores que permanecer\u00e1 en Tokio fuera de la Villa Ol\u00edmpica.<\/p>\n<p>La Selecci\u00f3n de Francia tiene previsto enfrentarse a Egipto en un amistoso, el 5 de julio en el Estadio Pierre de Coubertin de Par\u00eds.\u00a0Una oportunidad para que el entrenador galo ponga a prueba a su equipo despu\u00e9s de este primer per\u00edodo de entrenamiento.\u00a0Los franceses volar\u00e1n el Lunes 12 de Julio con destino a la ciudad de Koshu, en Jap\u00f3n, que ser\u00e1 la base de los equipos franceses, antes de llegar a la capital Tokio y la Villa Ol\u00edmpica.<\/p>\n<p>Francia se enfrentar\u00e1 a la Selecci\u00f3n de Jap\u00f3n en un amistoso el Domingo 18 de Julio antes de ingresar a la Villa Ol\u00edmpica el Martes 20 de Julio y enfrentarse a Dinamarca, los campeones ol\u00edmpicos actuales.<\/p>\n<p><strong><u>Los jugadores convocados son los siguientes:<\/u><\/strong><\/p>\n<p><strong><u>Porteros<\/u><\/strong><strong>:\u00a0<\/strong>\u00a0DESBONNET (Usam N\u00eemes), GENTY (PSG) y Vincent G\u00c9RARD (PSG).<\/p>\n<p><strong><u>Extremos I<\/u><\/strong><strong><u>zquierdos<\/u><\/strong><strong>:\u00a0<\/strong>\u00a0DESCAT (Montpellier), Micha\u00ebl GUIGOU (N\u00eemes) y Dylan NAHI (PSG).<\/p>\n<p><strong><u>Laterales<\/u><\/strong> <strong><u>Izquierdos<\/u><\/strong><strong>:<\/strong>\u00a0Jean-Jacques ACQUEVILLO (N\u00eemes), Romain LAGARDE (Rhein-Neckar L\u00f6wen), Timothey N&#8217;GUESSAN (FC Barcelona)\u00a0 y \u00c9lohim PRANDI (PSG).<br \/>\n<strong><u>Centrales<\/u><\/strong><strong>:\u00a0<\/strong>\u00a0Nikola KARABATIC (PSG), Kentin MAH\u00c9 (Veszprem) y REMILI (PSG).<br \/>\n<strong><u>Pivotes<\/u><\/strong><strong>:\u00a0<\/strong>\u00a0Ludovic FABREGAS (FC Barcelona), Luka KARABATIC (PSG) y Nicolas TOURNAT (Kielce).<\/p>\n<p><strong><u>Laterales Derechos<\/u><\/strong><strong>:<\/strong> Dika MEM (FC Barcelona) y Melvyn RICHARDSON (Montpellier).<br \/>\n<strong><u>Extremos Derechos<\/u><\/strong><strong>:\u00a0<\/strong>Luc ABALO (Elverum), Valentin PORTE (Montpellier) y Yanis LENNE (Montpellier).<\/p>\n<p><strong><u>Los jugadores suplentes son los siguientes<\/u><\/strong><strong>:<\/strong><\/p>\n<p><strong><u>Portero<\/u><\/strong><strong>:<\/strong>\u00a0\u00a0BONNEFOI (Montpellier).<\/p>\n<p><strong><u>Lateral<\/u><\/strong> <strong><u>Izquierdo<\/u><\/strong><strong>:<\/strong>\u00a0KONAN (Pays d&#8217;Aix).<br \/>\n<strong><u>Centrales<\/u><\/strong><strong>:\u00a0<\/strong>\u00a0Nicolas CLAIRE ( Pays d&#8217;Aix) y MINNE (Nantes).<br \/>\n<strong><u>Lateral Derecho<\/u><\/strong><strong>:\u00a0<\/strong>\u00a0Adrien DIPANDA (Saint-Rapha\u00ebl).<br \/>\n<strong><u>Extremo Derecho<\/u><\/strong><strong>:\u00a0<\/strong>\u00a0KOUNKOUD (PSG).<br \/>\n<strong><u>Pivote<\/u><\/strong><strong>:\u00a0<\/strong>\u00a0MONAR (Nantes).<\/p>\n<p>Seguirnos en twitter:\u00a0<a href=\"https:\/\/twitter.com\/\"><strong>https:\/\/twitter.com\/#!\/deroscacope<\/strong><\/a><\/p>\n","protected":false},"excerpt":{"rendered":"<p>Nada m\u00e1s terminar la Final4 Masculina de Colonia, el Seleccionador masculino franc\u00e9s ha dado a conocer la lista de los jugadores que ha convocado para la preparaci\u00f3n de los Juegos Ol\u00edmpicos de Tokio que comenzar\u00e1 para los galos el Mi\u00e9rcoles 23 de Junio.\u00a0No es una sorpresa real en este grupo que \u00a0Se mantiene el bloque [&hellip;]<\/p>\n","protected":false},"author":23,"featured_media":2152,"comment_status":"open","ping_status":"open","sticky":false,"template":"","format":"standard","meta":{"footnotes":""},"categories":[3],"tags":[],"class_list":["post-2151","post","type-post","status-publish","format-standard","has-post-thumbnail","hentry","category-balonmano"],"yoast_head":"<!-- This site is optimized with the Yoast SEO plugin v27.4 - https:\/\/yoast.com\/product\/yoast-seo-wordpress\/ -->\n<title>Lista de jugadores Selecci\u00f3n de Francia Masculina para los JJOO de Tokio - Derosca<\/title>\n<meta name=\"robots\" content=\"index, follow, max-snippet:-1, max-image-preview:large, max-video-preview:-1\" \/>\n<link rel=\"canonical\" href=\"https:\/\/www.cope.es\/blogs\/derosca\/2021\/06\/15\/lista-de-jugadores-seleccion-de-francia-masculina-para-los-jjoo-de-tokio\/\" \/>\n<meta property=\"og:locale\" content=\"es_ES\" \/>\n<meta property=\"og:type\" content=\"article\" \/>\n<meta property=\"og:title\" content=\"Lista de jugadores Selecci\u00f3n de Francia Masculina para los JJOO de Tokio - Derosca\" \/>\n<meta property=\"og:description\" content=\"Nada m\u00e1s terminar la Final4 Masculina de Colonia, el Seleccionador masculino franc\u00e9s ha dado a conocer la lista de los jugadores que ha convocado para la preparaci\u00f3n de los Juegos Ol\u00edmpicos de Tokio que comenzar\u00e1 para los galos el Mi\u00e9rcoles 23 de Junio.\u00a0No es una sorpresa real en este grupo que \u00a0Se mantiene el bloque [&hellip;]\" \/>\n<meta property=\"og:url\" content=\"https:\/\/www.cope.es\/blogs\/derosca\/2021\/06\/15\/lista-de-jugadores-seleccion-de-francia-masculina-para-los-jjoo-de-tokio\/\" \/>\n<meta property=\"og:site_name\" content=\"Derosca\" \/>\n<meta property=\"article:publisher\" content=\"https:\/\/www.facebook.com\/cope\/\" \/>\n<meta property=\"article:published_time\" content=\"2021-06-15T07:55:16+00:00\" \/>\n<meta property=\"og:image\" content=\"https:\/\/www.cope.es\/blogs\/derosca\/wp-content\/uploads\/sites\/22\/2021\/06\/federation-francaise-de-handball-france.jpg\" \/>\n\t<meta property=\"og:image:width\" content=\"680\" \/>\n\t<meta property=\"og:image:height\" content=\"429\" \/>\n\t<meta property=\"og:image:type\" content=\"image\/jpeg\" \/>\n<meta name=\"author\" content=\"Luis Malvar\" \/>\n<meta name=\"twitter:card\" content=\"summary_large_image\" \/>\n<meta name=\"twitter:creator\" content=\"@cope_es\" \/>\n<meta name=\"twitter:site\" content=\"@cope_es\" \/>\n<meta name=\"twitter:label1\" content=\"Escrito por\" \/>\n\t<meta name=\"twitter:data1\" content=\"Luis Malvar\" \/>\n\t<meta name=\"twitter:label2\" content=\"Tiempo de lectura\" \/>\n\t<meta name=\"twitter:data2\" content=\"2 minutos\" \/>\n<script type=\"application\/ld+json\" class=\"yoast-schema-graph\">{\"@context\":\"https:\\\/\\\/schema.org\",\"@graph\":[{\"@type\":\"Article\",\"@id\":\"https:\\\/\\\/www.cope.es\\\/blogs\\\/derosca\\\/2021\\\/06\\\/15\\\/lista-de-jugadores-seleccion-de-francia-masculina-para-los-jjoo-de-tokio\\\/#article\",\"isPartOf\":{\"@id\":\"https:\\\/\\\/www.cope.es\\\/blogs\\\/derosca\\\/2021\\\/06\\\/15\\\/lista-de-jugadores-seleccion-de-francia-masculina-para-los-jjoo-de-tokio\\\/\"},\"author\":{\"name\":\"Luis Malvar\",\"@id\":\"https:\\\/\\\/www.cope.es\\\/blogs\\\/derosca\\\/#\\\/schema\\\/person\\\/02d6fa6fa8d8db60f83303875a4ff77f\"},\"headline\":\"Lista de jugadores Selecci\u00f3n de Francia Masculina para los JJOO de Tokio\",\"datePublished\":\"2021-06-15T07:55:16+00:00\",\"mainEntityOfPage\":{\"@id\":\"https:\\\/\\\/www.cope.es\\\/blogs\\\/derosca\\\/2021\\\/06\\\/15\\\/lista-de-jugadores-seleccion-de-francia-masculina-para-los-jjoo-de-tokio\\\/\"},\"wordCount\":444,\"commentCount\":0,\"image\":{\"@id\":\"https:\\\/\\\/www.cope.es\\\/blogs\\\/derosca\\\/2021\\\/06\\\/15\\\/lista-de-jugadores-seleccion-de-francia-masculina-para-los-jjoo-de-tokio\\\/#primaryimage\"},\"thumbnailUrl\":\"https:\\\/\\\/www.cope.es\\\/blogs\\\/derosca\\\/wp-content\\\/uploads\\\/sites\\\/22\\\/2021\\\/06\\\/federation-francaise-de-handball-france.jpg\",\"articleSection\":[\"Balonmano\"],\"inLanguage\":\"es\",\"potentialAction\":[{\"@type\":\"CommentAction\",\"name\":\"Comment\",\"target\":[\"https:\\\/\\\/www.cope.es\\\/blogs\\\/derosca\\\/2021\\\/06\\\/15\\\/lista-de-jugadores-seleccion-de-francia-masculina-para-los-jjoo-de-tokio\\\/#respond\"]}]},{\"@type\":\"WebPage\",\"@id\":\"https:\\\/\\\/www.cope.es\\\/blogs\\\/derosca\\\/2021\\\/06\\\/15\\\/lista-de-jugadores-seleccion-de-francia-masculina-para-los-jjoo-de-tokio\\\/\",\"url\":\"https:\\\/\\\/www.cope.es\\\/blogs\\\/derosca\\\/2021\\\/06\\\/15\\\/lista-de-jugadores-seleccion-de-francia-masculina-para-los-jjoo-de-tokio\\\/\",\"name\":\"Lista de jugadores Selecci\u00f3n de Francia Masculina para los JJOO de Tokio - Derosca\",\"isPartOf\":{\"@id\":\"https:\\\/\\\/www.cope.es\\\/blogs\\\/derosca\\\/#website\"},\"primaryImageOfPage\":{\"@id\":\"https:\\\/\\\/www.cope.es\\\/blogs\\\/derosca\\\/2021\\\/06\\\/15\\\/lista-de-jugadores-seleccion-de-francia-masculina-para-los-jjoo-de-tokio\\\/#primaryimage\"},\"image\":{\"@id\":\"https:\\\/\\\/www.cope.es\\\/blogs\\\/derosca\\\/2021\\\/06\\\/15\\\/lista-de-jugadores-seleccion-de-francia-masculina-para-los-jjoo-de-tokio\\\/#primaryimage\"},\"thumbnailUrl\":\"https:\\\/\\\/www.cope.es\\\/blogs\\\/derosca\\\/wp-content\\\/uploads\\\/sites\\\/22\\\/2021\\\/06\\\/federation-francaise-de-handball-france.jpg\",\"datePublished\":\"2021-06-15T07:55:16+00:00\",\"author\":{\"@id\":\"https:\\\/\\\/www.cope.es\\\/blogs\\\/derosca\\\/#\\\/schema\\\/person\\\/02d6fa6fa8d8db60f83303875a4ff77f\"},\"breadcrumb\":{\"@id\":\"https:\\\/\\\/www.cope.es\\\/blogs\\\/derosca\\\/2021\\\/06\\\/15\\\/lista-de-jugadores-seleccion-de-francia-masculina-para-los-jjoo-de-tokio\\\/#breadcrumb\"},\"inLanguage\":\"es\",\"potentialAction\":[{\"@type\":\"ReadAction\",\"target\":[\"https:\\\/\\\/www.cope.es\\\/blogs\\\/derosca\\\/2021\\\/06\\\/15\\\/lista-de-jugadores-seleccion-de-francia-masculina-para-los-jjoo-de-tokio\\\/\"]}]},{\"@type\":\"ImageObject\",\"inLanguage\":\"es\",\"@id\":\"https:\\\/\\\/www.cope.es\\\/blogs\\\/derosca\\\/2021\\\/06\\\/15\\\/lista-de-jugadores-seleccion-de-francia-masculina-para-los-jjoo-de-tokio\\\/#primaryimage\",\"url\":\"https:\\\/\\\/www.cope.es\\\/blogs\\\/derosca\\\/wp-content\\\/uploads\\\/sites\\\/22\\\/2021\\\/06\\\/federation-francaise-de-handball-france.jpg\",\"contentUrl\":\"https:\\\/\\\/www.cope.es\\\/blogs\\\/derosca\\\/wp-content\\\/uploads\\\/sites\\\/22\\\/2021\\\/06\\\/federation-francaise-de-handball-france.jpg\",\"width\":680,\"height\":429,\"caption\":\"Lista de jugadores Selecci\u00f3n de Francia Masculina para los JJOO de Tokio\"},{\"@type\":\"BreadcrumbList\",\"@id\":\"https:\\\/\\\/www.cope.es\\\/blogs\\\/derosca\\\/2021\\\/06\\\/15\\\/lista-de-jugadores-seleccion-de-francia-masculina-para-los-jjoo-de-tokio\\\/#breadcrumb\",\"itemListElement\":[{\"@type\":\"ListItem\",\"position\":1,\"name\":\"Portada\",\"item\":\"https:\\\/\\\/www.cope.es\\\/blogs\\\/derosca\\\/\"},{\"@type\":\"ListItem\",\"position\":2,\"name\":\"Lista de jugadores Selecci\u00f3n de Francia Masculina para los JJOO de Tokio\"}]},{\"@type\":\"WebSite\",\"@id\":\"https:\\\/\\\/www.cope.es\\\/blogs\\\/derosca\\\/#website\",\"url\":\"https:\\\/\\\/www.cope.es\\\/blogs\\\/derosca\\\/\",\"name\":\"Derosca\",\"description\":\"Blog de balonmano COPE\",\"potentialAction\":[{\"@type\":\"SearchAction\",\"target\":{\"@type\":\"EntryPoint\",\"urlTemplate\":\"https:\\\/\\\/www.cope.es\\\/blogs\\\/derosca\\\/?s={search_term_string}\"},\"query-input\":{\"@type\":\"PropertyValueSpecification\",\"valueRequired\":true,\"valueName\":\"search_term_string\"}}],\"inLanguage\":\"es\"},{\"@type\":\"Person\",\"@id\":\"https:\\\/\\\/www.cope.es\\\/blogs\\\/derosca\\\/#\\\/schema\\\/person\\\/02d6fa6fa8d8db60f83303875a4ff77f\",\"name\":\"Luis Malvar\",\"image\":{\"@type\":\"ImageObject\",\"inLanguage\":\"es\",\"@id\":\"https:\\\/\\\/secure.gravatar.com\\\/avatar\\\/23cd47dec2904689b3ccd32d1dd3e86c7cbf60dcf7376c68854f761a4939534f?s=96&d=mm&r=g\",\"url\":\"https:\\\/\\\/secure.gravatar.com\\\/avatar\\\/23cd47dec2904689b3ccd32d1dd3e86c7cbf60dcf7376c68854f761a4939534f?s=96&d=mm&r=g\",\"contentUrl\":\"https:\\\/\\\/secure.gravatar.com\\\/avatar\\\/23cd47dec2904689b3ccd32d1dd3e86c7cbf60dcf7376c68854f761a4939534f?s=96&d=mm&r=g\",\"caption\":\"Luis Malvar\"},\"description\":\"Comenc\u00e9 la andadura del Blog Derosca all\u00e1 por el 22 de Mayo de 2008. Un blog en el que se trata de llevar a los numerosos aficionados y amantes del mundo del balonmano toda la actualidad de nuestro apasionante deporte. Una ventana que sirve para dar luz a las innumerables noticias que genera el balonmano y que habitualmente no tienen reflejo en los medios de comunicaci\u00f3n. Sin lugar a dudas el Blog Derosca cuenta con un apartado que tiene a gala contar con miles de seguidores como es \u201cMis Pajaritos\u201d en donde se relatan y narran todas las intrahistorias que se generan en el balonmano espa\u00f1ol y que incomoda a m\u00e1s de uno que salgan a la luz.!Gracias por seguirnos durante todos estos a\u00f1os\u00a1\",\"sameAs\":[\"http:\\\/\\\/www.cope.es\",\"lmalvar\"],\"url\":\"https:\\\/\\\/www.cope.es\\\/blogs\\\/derosca\\\/author\\\/lmalvar\\\/\"}]}<\/script>\n<!-- \/ Yoast SEO plugin. -->","yoast_head_json":{"title":"Lista de jugadores Selecci\u00f3n de Francia Masculina para los JJOO de Tokio - Derosca","robots":{"index":"index","follow":"follow","max-snippet":"max-snippet:-1","max-image-preview":"max-image-preview:large","max-video-preview":"max-video-preview:-1"},"canonical":"https:\/\/www.cope.es\/blogs\/derosca\/2021\/06\/15\/lista-de-jugadores-seleccion-de-francia-masculina-para-los-jjoo-de-tokio\/","og_locale":"es_ES","og_type":"article","og_title":"Lista de jugadores Selecci\u00f3n de Francia Masculina para los JJOO de Tokio - Derosca","og_description":"Nada m\u00e1s terminar la Final4 Masculina de Colonia, el Seleccionador masculino franc\u00e9s ha dado a conocer la lista de los jugadores que ha convocado para la preparaci\u00f3n de los Juegos Ol\u00edmpicos de Tokio que comenzar\u00e1 para los galos el Mi\u00e9rcoles 23 de Junio.\u00a0No es una sorpresa real en este grupo que \u00a0Se mantiene el bloque [&hellip;]","og_url":"https:\/\/www.cope.es\/blogs\/derosca\/2021\/06\/15\/lista-de-jugadores-seleccion-de-francia-masculina-para-los-jjoo-de-tokio\/","og_site_name":"Derosca","article_publisher":"https:\/\/www.facebook.com\/cope\/","article_published_time":"2021-06-15T07:55:16+00:00","og_image":[{"width":680,"height":429,"url":"https:\/\/www.cope.es\/blogs\/derosca\/wp-content\/uploads\/sites\/22\/2021\/06\/federation-francaise-de-handball-france.jpg","type":"image\/jpeg"}],"author":"Luis Malvar","twitter_card":"summary_large_image","twitter_creator":"@cope_es","twitter_site":"@cope_es","twitter_misc":{"Escrito por":"Luis Malvar","Tiempo de lectura":"2 minutos"},"schema":{"@context":"https:\/\/schema.org","@graph":[{"@type":"Article","@id":"https:\/\/www.cope.es\/blogs\/derosca\/2021\/06\/15\/lista-de-jugadores-seleccion-de-francia-masculina-para-los-jjoo-de-tokio\/#article","isPartOf":{"@id":"https:\/\/www.cope.es\/blogs\/derosca\/2021\/06\/15\/lista-de-jugadores-seleccion-de-francia-masculina-para-los-jjoo-de-tokio\/"},"author":{"name":"Luis Malvar","@id":"https:\/\/www.cope.es\/blogs\/derosca\/#\/schema\/person\/02d6fa6fa8d8db60f83303875a4ff77f"},"headline":"Lista de jugadores Selecci\u00f3n de Francia Masculina para los JJOO de Tokio","datePublished":"2021-06-15T07:55:16+00:00","mainEntityOfPage":{"@id":"https:\/\/www.cope.es\/blogs\/derosca\/2021\/06\/15\/lista-de-jugadores-seleccion-de-francia-masculina-para-los-jjoo-de-tokio\/"},"wordCount":444,"commentCount":0,"image":{"@id":"https:\/\/www.cope.es\/blogs\/derosca\/2021\/06\/15\/lista-de-jugadores-seleccion-de-francia-masculina-para-los-jjoo-de-tokio\/#primaryimage"},"thumbnailUrl":"https:\/\/www.cope.es\/blogs\/derosca\/wp-content\/uploads\/sites\/22\/2021\/06\/federation-francaise-de-handball-france.jpg","articleSection":["Balonmano"],"inLanguage":"es","potentialAction":[{"@type":"CommentAction","name":"Comment","target":["https:\/\/www.cope.es\/blogs\/derosca\/2021\/06\/15\/lista-de-jugadores-seleccion-de-francia-masculina-para-los-jjoo-de-tokio\/#respond"]}]},{"@type":"WebPage","@id":"https:\/\/www.cope.es\/blogs\/derosca\/2021\/06\/15\/lista-de-jugadores-seleccion-de-francia-masculina-para-los-jjoo-de-tokio\/","url":"https:\/\/www.cope.es\/blogs\/derosca\/2021\/06\/15\/lista-de-jugadores-seleccion-de-francia-masculina-para-los-jjoo-de-tokio\/","name":"Lista de jugadores Selecci\u00f3n de Francia Masculina para los JJOO de Tokio - Derosca","isPartOf":{"@id":"https:\/\/www.cope.es\/blogs\/derosca\/#website"},"primaryImageOfPage":{"@id":"https:\/\/www.cope.es\/blogs\/derosca\/2021\/06\/15\/lista-de-jugadores-seleccion-de-francia-masculina-para-los-jjoo-de-tokio\/#primaryimage"},"image":{"@id":"https:\/\/www.cope.es\/blogs\/derosca\/2021\/06\/15\/lista-de-jugadores-seleccion-de-francia-masculina-para-los-jjoo-de-tokio\/#primaryimage"},"thumbnailUrl":"https:\/\/www.cope.es\/blogs\/derosca\/wp-content\/uploads\/sites\/22\/2021\/06\/federation-francaise-de-handball-france.jpg","datePublished":"2021-06-15T07:55:16+00:00","author":{"@id":"https:\/\/www.cope.es\/blogs\/derosca\/#\/schema\/person\/02d6fa6fa8d8db60f83303875a4ff77f"},"breadcrumb":{"@id":"https:\/\/www.cope.es\/blogs\/derosca\/2021\/06\/15\/lista-de-jugadores-seleccion-de-francia-masculina-para-los-jjoo-de-tokio\/#breadcrumb"},"inLanguage":"es","potentialAction":[{"@type":"ReadAction","target":["https:\/\/www.cope.es\/blogs\/derosca\/2021\/06\/15\/lista-de-jugadores-seleccion-de-francia-masculina-para-los-jjoo-de-tokio\/"]}]},{"@type":"ImageObject","inLanguage":"es","@id":"https:\/\/www.cope.es\/blogs\/derosca\/2021\/06\/15\/lista-de-jugadores-seleccion-de-francia-masculina-para-los-jjoo-de-tokio\/#primaryimage","url":"https:\/\/www.cope.es\/blogs\/derosca\/wp-content\/uploads\/sites\/22\/2021\/06\/federation-francaise-de-handball-france.jpg","contentUrl":"https:\/\/www.cope.es\/blogs\/derosca\/wp-content\/uploads\/sites\/22\/2021\/06\/federation-francaise-de-handball-france.jpg","width":680,"height":429,"caption":"Lista de jugadores Selecci\u00f3n de Francia Masculina para los JJOO de Tokio"},{"@type":"BreadcrumbList","@id":"https:\/\/www.cope.es\/blogs\/derosca\/2021\/06\/15\/lista-de-jugadores-seleccion-de-francia-masculina-para-los-jjoo-de-tokio\/#breadcrumb","itemListElement":[{"@type":"ListItem","position":1,"name":"Portada","item":"https:\/\/www.cope.es\/blogs\/derosca\/"},{"@type":"ListItem","position":2,"name":"Lista de jugadores Selecci\u00f3n de Francia Masculina para los JJOO de Tokio"}]},{"@type":"WebSite","@id":"https:\/\/www.cope.es\/blogs\/derosca\/#website","url":"https:\/\/www.cope.es\/blogs\/derosca\/","name":"Derosca","description":"Blog de balonmano COPE","potentialAction":[{"@type":"SearchAction","target":{"@type":"EntryPoint","urlTemplate":"https:\/\/www.cope.es\/blogs\/derosca\/?s={search_term_string}"},"query-input":{"@type":"PropertyValueSpecification","valueRequired":true,"valueName":"search_term_string"}}],"inLanguage":"es"},{"@type":"Person","@id":"https:\/\/www.cope.es\/blogs\/derosca\/#\/schema\/person\/02d6fa6fa8d8db60f83303875a4ff77f","name":"Luis Malvar","image":{"@type":"ImageObject","inLanguage":"es","@id":"https:\/\/secure.gravatar.com\/avatar\/23cd47dec2904689b3ccd32d1dd3e86c7cbf60dcf7376c68854f761a4939534f?s=96&d=mm&r=g","url":"https:\/\/secure.gravatar.com\/avatar\/23cd47dec2904689b3ccd32d1dd3e86c7cbf60dcf7376c68854f761a4939534f?s=96&d=mm&r=g","contentUrl":"https:\/\/secure.gravatar.com\/avatar\/23cd47dec2904689b3ccd32d1dd3e86c7cbf60dcf7376c68854f761a4939534f?s=96&d=mm&r=g","caption":"Luis Malvar"},"description":"Comenc\u00e9 la andadura del Blog Derosca all\u00e1 por el 22 de Mayo de 2008. Un blog en el que se trata de llevar a los numerosos aficionados y amantes del mundo del balonmano toda la actualidad de nuestro apasionante deporte. Una ventana que sirve para dar luz a las innumerables noticias que genera el balonmano y que habitualmente no tienen reflejo en los medios de comunicaci\u00f3n. Sin lugar a dudas el Blog Derosca cuenta con un apartado que tiene a gala contar con miles de seguidores como es \u201cMis Pajaritos\u201d en donde se relatan y narran todas las intrahistorias que se generan en el balonmano espa\u00f1ol y que incomoda a m\u00e1s de uno que salgan a la luz.!Gracias por seguirnos durante todos estos a\u00f1os\u00a1","sameAs":["http:\/\/www.cope.es","lmalvar"],"url":"https:\/\/www.cope.es\/blogs\/derosca\/author\/lmalvar\/"}]}},"amp_enabled":true,"_links":{"self":[{"href":"https:\/\/www.cope.es\/blogs\/derosca\/wp-json\/wp\/v2\/posts\/2151","targetHints":{"allow":["GET"]}}],"collection":[{"href":"https:\/\/www.cope.es\/blogs\/derosca\/wp-json\/wp\/v2\/posts"}],"about":[{"href":"https:\/\/www.cope.es\/blogs\/derosca\/wp-json\/wp\/v2\/types\/post"}],"author":[{"embeddable":true,"href":"https:\/\/www.cope.es\/blogs\/derosca\/wp-json\/wp\/v2\/users\/23"}],"replies":[{"embeddable":true,"href":"https:\/\/www.cope.es\/blogs\/derosca\/wp-json\/wp\/v2\/comments?post=2151"}],"version-history":[{"count":1,"href":"https:\/\/www.cope.es\/blogs\/derosca\/wp-json\/wp\/v2\/posts\/2151\/revisions"}],"predecessor-version":[{"id":2153,"href":"https:\/\/www.cope.es\/blogs\/derosca\/wp-json\/wp\/v2\/posts\/2151\/revisions\/2153"}],"wp:featuredmedia":[{"embeddable":true,"href":"https:\/\/www.cope.es\/blogs\/derosca\/wp-json\/wp\/v2\/media\/2152"}],"wp:attachment":[{"href":"https:\/\/www.cope.es\/blogs\/derosca\/wp-json\/wp\/v2\/media?parent=2151"}],"wp:term":[{"taxonomy":"category","embeddable":true,"href":"https:\/\/www.cope.es\/blogs\/derosca\/wp-json\/wp\/v2\/categories?post=2151"},{"taxonomy":"post_tag","embeddable":true,"href":"https:\/\/www.cope.es\/blogs\/derosca\/wp-json\/wp\/v2\/tags?post=2151"}],"curies":[{"name":"wp","href":"https:\/\/api.w.org\/{rel}","templated":true}]}}