{"id":2148,"date":"2021-06-14T08:23:36","date_gmt":"2021-06-14T06:23:36","guid":{"rendered":"http:\/\/www.cope.es\/blogs\/derosca\/?p=2148"},"modified":"2021-06-14T08:23:37","modified_gmt":"2021-06-14T06:23:37","slug":"se-reune-en-colonia-el-comite-ejecutivo-de-la-ehf-con-decisiones-importante","status":"publish","type":"post","link":"https:\/\/www.cope.es\/blogs\/derosca\/2021\/06\/14\/se-reune-en-colonia-el-comite-ejecutivo-de-la-ehf-con-decisiones-importante\/","title":{"rendered":"Se re\u00fane en Colonia el Comit\u00e9 Ejecutivo de la EHF con decisiones importante"},"content":{"rendered":"<p><span style=\"font-family: Times New Roman, serif\"><span style=\"font-size: medium\"><span style=\"font-family: Arial, serif\">Aprovechando que se celebraba la FINAL4 Colonia se reuni\u00f3 el Comit\u00e9 Ejecutivo de la EH.\u00a0Ha sido la primera reuni\u00f3n despu\u00e9s de las elecciones en el Congreso de la EHF de 2021 celebrado en Abril.<\/span><\/span><\/span><\/p>\n<p><span style=\"font-family: Times New Roman, serif\"><span style=\"font-size: medium\"><span style=\"font-family: Arial, serif\">Uno de los temas principales fue la descripci\u00f3n general de los puestos de la EHF para el ciclo electoral de 2021 a 2025. Despu\u00e9s de la formaci\u00f3n de los nuevos Comit\u00e9s Nacionales Masculino y Femenino y la nueva Junta Nacional (con la nominaci\u00f3n de Marc Schober (GER)), los \u00fanicos puestos que quedan por cubrir son los representantes de las partes interesadas, los Presidentes de la Profesional. La Junta de Balonmano y la Junta de Balonmano Femenino en el Comit\u00e9 Ejecutivo, as\u00ed como la segunda Vicepresidenta del Consejo de la Corte de Arbitraje de la EHF.<\/span><\/span><\/span><\/p>\n<p><span style=\"font-family: Times New Roman, serif\"><span style=\"font-size: medium\"><span style=\"font-family: Arial, serif\">Los tres ser\u00e1n nominados por el PHB y el WHB luego de la pr\u00f3xima reuni\u00f3n de los \u00f3rganos en el mes de Octubre.\u00a0Hasta entonces, el Presidente de PHB, Gerd Butzeck, y la Presidenta de WHB, Nodijalem Myaro, mantienen su puesto en el Comit\u00e9 Ejecutivo. Tras la retirada del miembro espa\u00f1ol de las competiciones femeninas en la Comisi\u00f3n de Competiciones, el Comit\u00e9 Ejecutivo nomin\u00f3 a Liudmila Bodnieva (RUS) para este puesto.\u00a0Adem\u00e1s, Janka Stasova (SVK) ser\u00e1 la contralora suplente designada para las finanzas de la EHF.<\/span><\/span><\/span><\/p>\n<p><span style=\"font-family: Times New Roman, serif\"><span style=\"font-size: medium\"><span style=\"font-family: Arial, serif\">La composici\u00f3n de la futura\u00a0<\/span>Junta Profesional de Balonmano<span style=\"font-family: Arial, serif\">\u00a0queda de la siguiente manera: Morten Stig Christensen (DEN) y Mark Schober (GER) representan a las selecciones nacionales.\u00a0Los clubes, las ligas y los jugadores designan a dos representantes cada uno despu\u00e9s de sus reuniones de partes interesadas en junio.\u00a0Predrag Boskovic (MNE) y Stefan L\u00f6vgren (SWE) representan el Comit\u00e9 Ejecutivo en el PHB.<\/span><\/span><\/span><\/p>\n<p><span style=\"font-family: Times New Roman, serif\"><span style=\"font-size: medium\"><span style=\"font-family: Arial, serif\">En la nueva\u00a0<\/span>Junta de Balonmano Femenino<span style=\"font-family: Arial, serif\">\u00a0 queda as\u00ed, Nodijalem Myaro (FRA) y Leonor Mallozi (POR) representan a las selecciones nacionales.\u00a0Durante dos a\u00f1os cada una, Jelena Eric (SRB) y Elena Borras (ESP) respectivamente Monika Listkievicz (POL) y Marta Bon (SLO) han sido nominadas por el Comit\u00e9 Ejecutivo.\u00a0El propio Comit\u00e9 Ejecutivo est\u00e1 representado por Bente Aksnes (NOR) y Francisco Blazquez (ESP). Rui Coelho (POR) fue confirmado como\u00a0<\/span>Iniciador de Procedimientos<span style=\"font-family: Arial, serif\">\u00a0;\u00a0Panos Antoniou (CYP) ser\u00e1 su\u00a0<\/span>suplente<span style=\"font-family: Arial, serif\">\u00a0, cargo que se instal\u00f3 en el Congreso EHF 2021. La\u00a0<\/span>Unidad Europea Antidopaje<span style=\"font-family: Arial, serif\">\u00a0estar\u00e1 dirigida por Hans Holdhaus.<\/span><\/span><\/span><\/p>\n<p><span style=\"font-family: Times New Roman, serif\"><span style=\"font-size: medium\"><span style=\"font-family: Arial, serif\">El Comit\u00e9 Ejecutivo nomin\u00f3, en continuaci\u00f3n del per\u00edodo anterior, a los\u00a0miembros de la\u00a0<\/span>Delegaci\u00f3n de Finanzas<span style=\"font-family: Arial, serif\">\u00a0, Michael Wiederer, Predrag Boskovic, Henrik La Cour y Martin Hausleitner, para la\u00a0<\/span>Junta Asesora de Marketing<span style=\"font-family: Arial, serif\">\u00a0de la\u00a0<\/span>EHF<span style=\"font-family: Arial, serif\">\u00a0, el organismo de la EHF para la comercializaci\u00f3n de las competiciones de clubes.\u00a0Adem\u00e1s, se acord\u00f3 la constituci\u00f3n de una\u00a0<\/span>Fundaci\u00f3n EHF<span style=\"font-family: Arial, serif\">\u00a0, representada por los miembros del Comit\u00e9 Ejecutivo Wiederer, Boskovic, La Cour, Hausleitner y Franjo Bobinac (SLO).\u00a0El objetivo de esta fundaci\u00f3n es establecer una plataforma para el networking y la obtenci\u00f3n de inversiones en las fortalezas y el desarrollo del balonmano.<\/span><\/span><\/span><\/p>\n<p><span style=\"font-family: Times New Roman, serif\"><span style=\"font-size: medium\"><span style=\"font-family: Arial, serif\">El Comit\u00e9 Ejecutivo tambi\u00e9n acord\u00f3 que deber\u00eda haber nuevamente un\u00a0<\/span>Comit\u00e9 T\u00e9cnico de Arbitraje<span style=\"font-family: Arial, serif\">\u00a0como parte de la Comisi\u00f3n de Competiciones para el per\u00edodo 2021 a 2025.\u00a0El miembro del CC que arbitra, Dragan Nachevski (MKD), ser\u00e1 el Presidente, mientras que las federaciones miembro pueden presentar sugerencias para los cinco miembros adicionales del TRC que ser\u00e1n confirmados por el Comit\u00e9 Ejecutivo en su reuni\u00f3n de septiembre.\u00a0Los cinco miembros tendr\u00e1n distintas tareas como base, \u00e1rbitras, \u00e9lite, tareas especiales y desarrollo.<\/span><\/span><\/span><\/p>\n<p><span style=\"font-family: Times New Roman, serif\"><span style=\"font-size: medium\"><span style=\"font-family: Arial, serif\">A nivel de socios externos, Wiederer, Boskovic y Hausleitner representar\u00e1n a la EHF en la\u00a0<\/span>Uni\u00f3n \/ Comisi\u00f3n Europea<span style=\"font-family: Arial, serif\">\u00a0, los\u00a0<\/span>Comit\u00e9s Ol\u00edmpicos Europeos<span style=\"font-family: Arial, serif\">\u00a0y la\u00a0<\/span>Asociaci\u00f3n de Deportes de Equipo Europeos<span style=\"font-family: Arial, serif\">\u00a0.\u00a0Bente Aksnes y Gabriella Horvath son los representantes de la EHF para la\u00a0<\/span>Asociaci\u00f3n Europea de Deportes Universitarios<span style=\"font-family: Arial, serif\">\u00a0.\u00a0Bobinac representa los intereses de la EHF en el\u00a0<\/span>Movimiento Europeo de Juego Limpio<span style=\"font-family: Arial, serif\">\u00a0;\u00a0L\u00f6vgren en la\u00a0<\/span>International Masters Games Association<span style=\"font-family: Arial, serif\">\u00a0y Blazquez en la\u00a0<\/span>European Police Sport Union<span style=\"font-family: Arial, serif\">\u00a0. Tambi\u00e9n se confirm\u00f3 que todos los miembros del Comit\u00e9 Ejecutivo son responsables de la promoci\u00f3n del Plan Director Europeo de Balonmano.<\/span><\/span><\/span><\/p>\n<p><span style=\"font-family: Times New Roman, serif\"><span style=\"font-size: medium\"><span style=\"font-family: Arial, serif\">El Comit\u00e9 Ejecutivo reconoci\u00f3 la finalizaci\u00f3n exitosa de los eventos de balonmano de clubes europeos.\u00a0De cara a la Temporada 2021 &#8211; 22, el Comit\u00e9 Ejecutivo aprob\u00f3 la adici\u00f3n de varios p\u00e1rrafos al reglamento de competici\u00f3n de clubes que especifican las reglas para el aplazamiento de partidos y describen una serie de fechas de reserva en el calendario de partidos.<\/span><\/span><\/span><\/p>\n<p><span style=\"font-family: Times New Roman, serif\"><span style=\"font-size: medium\"><span style=\"font-family: Arial, serif\">Para las selecciones nacionales, se inform\u00f3 al Comit\u00e9 Ejecutivo del estado de preparaci\u00f3n del Europeo Masculino 2022 en Hungr\u00eda y Eslovaquia, as\u00ed como del anuncio de las sedes de juego para el europeo Masculino 2024. Para el partido inaugural de la competici\u00f3n en D\u00fcsseldorf, la Federaci\u00f3n Alemana de Balonmano intenta batir el r\u00e9cord mundial de aficionados en un partido de balonmano.\u00a0El encuentro de apertura se jugar\u00e1 dentro del Estadio de f\u00farbol con 50.000 espectadores de la ciudad que generalmente se utiliza para albergar partidos de f\u00fatbol y conciertos.<\/span><\/span><\/span><\/p>\n<p><span style=\"font-family: Times New Roman, serif\"><span style=\"font-size: medium\"><span style=\"font-family: Arial, serif\">El Comit\u00e9 Ejecutivo tambi\u00e9n aprob\u00f3 formalmente las ofertas para los Europeos en 2026 y 2028. Bajo el lema &#8216;Scandinavia Connect&#8217;\u00a0<\/span><b>, <\/b>Dinamarca, Noruega y Suecia<span style=\"font-family: Arial, serif\">\u00a0han puesto sus nombres para los cuatro eventos, el Europeo Masculino del 2026 y 2028 y los Europeos Femeninos del 2026 y 2028. Despu\u00e9s de 15 a\u00f1os de haber sido sede del Europeo Masculino de 2006,\u00a0<\/span>Suiza<span style=\"font-family: Arial, serif\">\u00a0est\u00e1 compitiendo por el Europeo Masculino del 2026 y 2028.\u00a0<\/span>Rusia<span style=\"font-family: Arial, serif\">\u00a0apuesta por el Europeo Femenina 2026. Si su candidatura tiene \u00e9xito, ser\u00eda la primera vez que se juega un Europeo de balonmano en Rusia. La otra gran primicia ser\u00eda un Europeo en la Pen\u00ednsula Ib\u00e9rica, ya que\u00a0<\/span>Espa\u00f1a y Portugal se<span style=\"font-family: Arial, serif\">\u00a0han unido para una candidatura de cara a albergar el Europeo Masculino 2028.<\/span><\/span><\/span><\/p>\n<p><span style=\"font-family: Times New Roman, serif\"><span style=\"font-size: medium\"><span style=\"font-family: Arial, serif\">La reuni\u00f3n se cerr\u00f3 con una confirmaci\u00f3n del calendario de juego para la Temporada 2022 &#8211; 23 y una breve perspectiva de lo que se avecina. La pr\u00f3xima reuni\u00f3n del Comit\u00e9 Ejecutivo de la EHF tendr\u00e1 lugar los d\u00edas 24 y 25 de Septiembre en Espa\u00f1a.<\/span><\/span><\/span><\/p>\n<p><span style=\"font-family: Arial, serif\"><span style=\"font-size: medium\">Seguirnos en twitter:<\/span><\/span><span style=\"color: #3e3e3e\"><span style=\"font-family: Arial, serif\"><span style=\"font-size: medium\">\u00a0<\/span><\/span><\/span><a href=\"https:\/\/twitter.com\/\"><span style=\"color: #1e5592\"><span style=\"font-family: Arial, serif\"><span style=\"font-size: medium\"><u>https:\/\/twitter.com\/#!\/deroscacope<\/u><\/span><\/span><\/span><\/a><\/p>\n","protected":false},"excerpt":{"rendered":"<p>Aprovechando que se celebraba la FINAL4 Colonia se reuni\u00f3 el Comit\u00e9 Ejecutivo de la EH.\u00a0Ha sido la primera reuni\u00f3n despu\u00e9s de las elecciones en el Congreso de la EHF de 2021 celebrado en Abril. Uno de los temas principales fue la descripci\u00f3n general de los puestos de la EHF para el ciclo electoral de 2021 [&hellip;]<\/p>\n","protected":false},"author":23,"featured_media":2149,"comment_status":"open","ping_status":"open","sticky":false,"template":"","format":"standard","meta":{"footnotes":""},"categories":[3],"tags":[],"class_list":["post-2148","post","type-post","status-publish","format-standard","has-post-thumbnail","hentry","category-balonmano"],"yoast_head":"<!-- This site is optimized with the Yoast SEO plugin v27.4 - https:\/\/yoast.com\/product\/yoast-seo-wordpress\/ -->\n<title>Se re\u00fane en Colonia el Comit\u00e9 Ejecutivo de la EHF con decisiones importante - Derosca<\/title>\n<meta name=\"robots\" content=\"index, follow, max-snippet:-1, max-image-preview:large, max-video-preview:-1\" \/>\n<link rel=\"canonical\" href=\"https:\/\/www.cope.es\/blogs\/derosca\/2021\/06\/14\/se-reune-en-colonia-el-comite-ejecutivo-de-la-ehf-con-decisiones-importante\/\" \/>\n<meta property=\"og:locale\" content=\"es_ES\" \/>\n<meta property=\"og:type\" content=\"article\" \/>\n<meta property=\"og:title\" content=\"Se re\u00fane en Colonia el Comit\u00e9 Ejecutivo de la EHF con decisiones importante - Derosca\" \/>\n<meta property=\"og:description\" content=\"Aprovechando que se celebraba la FINAL4 Colonia se reuni\u00f3 el Comit\u00e9 Ejecutivo de la EH.\u00a0Ha sido la primera reuni\u00f3n despu\u00e9s de las elecciones en el Congreso de la EHF de 2021 celebrado en Abril. Uno de los temas principales fue la descripci\u00f3n general de los puestos de la EHF para el ciclo electoral de 2021 [&hellip;]\" \/>\n<meta property=\"og:url\" content=\"https:\/\/www.cope.es\/blogs\/derosca\/2021\/06\/14\/se-reune-en-colonia-el-comite-ejecutivo-de-la-ehf-con-decisiones-importante\/\" \/>\n<meta property=\"og:site_name\" content=\"Derosca\" \/>\n<meta property=\"article:publisher\" content=\"https:\/\/www.facebook.com\/cope\/\" \/>\n<meta property=\"article:published_time\" content=\"2021-06-14T06:23:36+00:00\" \/>\n<meta property=\"article:modified_time\" content=\"2021-06-14T06:23:37+00:00\" \/>\n<meta property=\"og:image\" content=\"https:\/\/www.cope.es\/blogs\/derosca\/wp-content\/uploads\/sites\/22\/2021\/06\/Logotipo20EHF.jpg\" \/>\n\t<meta property=\"og:image:width\" content=\"680\" \/>\n\t<meta property=\"og:image:height\" content=\"510\" \/>\n\t<meta property=\"og:image:type\" content=\"image\/jpeg\" \/>\n<meta name=\"author\" content=\"Luis Malvar\" \/>\n<meta name=\"twitter:card\" content=\"summary_large_image\" \/>\n<meta name=\"twitter:creator\" content=\"@cope_es\" \/>\n<meta name=\"twitter:site\" content=\"@cope_es\" \/>\n<meta name=\"twitter:label1\" content=\"Escrito por\" \/>\n\t<meta name=\"twitter:data1\" content=\"Luis Malvar\" \/>\n\t<meta name=\"twitter:label2\" content=\"Tiempo de lectura\" \/>\n\t<meta name=\"twitter:data2\" content=\"5 minutos\" \/>\n<script type=\"application\/ld+json\" class=\"yoast-schema-graph\">{\"@context\":\"https:\\\/\\\/schema.org\",\"@graph\":[{\"@type\":\"Article\",\"@id\":\"https:\\\/\\\/www.cope.es\\\/blogs\\\/derosca\\\/2021\\\/06\\\/14\\\/se-reune-en-colonia-el-comite-ejecutivo-de-la-ehf-con-decisiones-importante\\\/#article\",\"isPartOf\":{\"@id\":\"https:\\\/\\\/www.cope.es\\\/blogs\\\/derosca\\\/2021\\\/06\\\/14\\\/se-reune-en-colonia-el-comite-ejecutivo-de-la-ehf-con-decisiones-importante\\\/\"},\"author\":{\"name\":\"Luis Malvar\",\"@id\":\"https:\\\/\\\/www.cope.es\\\/blogs\\\/derosca\\\/#\\\/schema\\\/person\\\/02d6fa6fa8d8db60f83303875a4ff77f\"},\"headline\":\"Se re\u00fane en Colonia el Comit\u00e9 Ejecutivo de la EHF con decisiones importante\",\"datePublished\":\"2021-06-14T06:23:36+00:00\",\"dateModified\":\"2021-06-14T06:23:37+00:00\",\"mainEntityOfPage\":{\"@id\":\"https:\\\/\\\/www.cope.es\\\/blogs\\\/derosca\\\/2021\\\/06\\\/14\\\/se-reune-en-colonia-el-comite-ejecutivo-de-la-ehf-con-decisiones-importante\\\/\"},\"wordCount\":1036,\"commentCount\":0,\"image\":{\"@id\":\"https:\\\/\\\/www.cope.es\\\/blogs\\\/derosca\\\/2021\\\/06\\\/14\\\/se-reune-en-colonia-el-comite-ejecutivo-de-la-ehf-con-decisiones-importante\\\/#primaryimage\"},\"thumbnailUrl\":\"https:\\\/\\\/www.cope.es\\\/blogs\\\/derosca\\\/wp-content\\\/uploads\\\/sites\\\/22\\\/2021\\\/06\\\/Logotipo20EHF.jpg\",\"articleSection\":[\"Balonmano\"],\"inLanguage\":\"es\",\"potentialAction\":[{\"@type\":\"CommentAction\",\"name\":\"Comment\",\"target\":[\"https:\\\/\\\/www.cope.es\\\/blogs\\\/derosca\\\/2021\\\/06\\\/14\\\/se-reune-en-colonia-el-comite-ejecutivo-de-la-ehf-con-decisiones-importante\\\/#respond\"]}]},{\"@type\":\"WebPage\",\"@id\":\"https:\\\/\\\/www.cope.es\\\/blogs\\\/derosca\\\/2021\\\/06\\\/14\\\/se-reune-en-colonia-el-comite-ejecutivo-de-la-ehf-con-decisiones-importante\\\/\",\"url\":\"https:\\\/\\\/www.cope.es\\\/blogs\\\/derosca\\\/2021\\\/06\\\/14\\\/se-reune-en-colonia-el-comite-ejecutivo-de-la-ehf-con-decisiones-importante\\\/\",\"name\":\"Se re\u00fane en Colonia el Comit\u00e9 Ejecutivo de la EHF con decisiones importante - Derosca\",\"isPartOf\":{\"@id\":\"https:\\\/\\\/www.cope.es\\\/blogs\\\/derosca\\\/#website\"},\"primaryImageOfPage\":{\"@id\":\"https:\\\/\\\/www.cope.es\\\/blogs\\\/derosca\\\/2021\\\/06\\\/14\\\/se-reune-en-colonia-el-comite-ejecutivo-de-la-ehf-con-decisiones-importante\\\/#primaryimage\"},\"image\":{\"@id\":\"https:\\\/\\\/www.cope.es\\\/blogs\\\/derosca\\\/2021\\\/06\\\/14\\\/se-reune-en-colonia-el-comite-ejecutivo-de-la-ehf-con-decisiones-importante\\\/#primaryimage\"},\"thumbnailUrl\":\"https:\\\/\\\/www.cope.es\\\/blogs\\\/derosca\\\/wp-content\\\/uploads\\\/sites\\\/22\\\/2021\\\/06\\\/Logotipo20EHF.jpg\",\"datePublished\":\"2021-06-14T06:23:36+00:00\",\"dateModified\":\"2021-06-14T06:23:37+00:00\",\"author\":{\"@id\":\"https:\\\/\\\/www.cope.es\\\/blogs\\\/derosca\\\/#\\\/schema\\\/person\\\/02d6fa6fa8d8db60f83303875a4ff77f\"},\"breadcrumb\":{\"@id\":\"https:\\\/\\\/www.cope.es\\\/blogs\\\/derosca\\\/2021\\\/06\\\/14\\\/se-reune-en-colonia-el-comite-ejecutivo-de-la-ehf-con-decisiones-importante\\\/#breadcrumb\"},\"inLanguage\":\"es\",\"potentialAction\":[{\"@type\":\"ReadAction\",\"target\":[\"https:\\\/\\\/www.cope.es\\\/blogs\\\/derosca\\\/2021\\\/06\\\/14\\\/se-reune-en-colonia-el-comite-ejecutivo-de-la-ehf-con-decisiones-importante\\\/\"]}]},{\"@type\":\"ImageObject\",\"inLanguage\":\"es\",\"@id\":\"https:\\\/\\\/www.cope.es\\\/blogs\\\/derosca\\\/2021\\\/06\\\/14\\\/se-reune-en-colonia-el-comite-ejecutivo-de-la-ehf-con-decisiones-importante\\\/#primaryimage\",\"url\":\"https:\\\/\\\/www.cope.es\\\/blogs\\\/derosca\\\/wp-content\\\/uploads\\\/sites\\\/22\\\/2021\\\/06\\\/Logotipo20EHF.jpg\",\"contentUrl\":\"https:\\\/\\\/www.cope.es\\\/blogs\\\/derosca\\\/wp-content\\\/uploads\\\/sites\\\/22\\\/2021\\\/06\\\/Logotipo20EHF.jpg\",\"width\":680,\"height\":510,\"caption\":\"Se re\u00fane en Colonia el Comit\u00e9 Ejecutivo de la EHF con decisiones importantes\"},{\"@type\":\"BreadcrumbList\",\"@id\":\"https:\\\/\\\/www.cope.es\\\/blogs\\\/derosca\\\/2021\\\/06\\\/14\\\/se-reune-en-colonia-el-comite-ejecutivo-de-la-ehf-con-decisiones-importante\\\/#breadcrumb\",\"itemListElement\":[{\"@type\":\"ListItem\",\"position\":1,\"name\":\"Portada\",\"item\":\"https:\\\/\\\/www.cope.es\\\/blogs\\\/derosca\\\/\"},{\"@type\":\"ListItem\",\"position\":2,\"name\":\"Se re\u00fane en Colonia el Comit\u00e9 Ejecutivo de la EHF con decisiones importante\"}]},{\"@type\":\"WebSite\",\"@id\":\"https:\\\/\\\/www.cope.es\\\/blogs\\\/derosca\\\/#website\",\"url\":\"https:\\\/\\\/www.cope.es\\\/blogs\\\/derosca\\\/\",\"name\":\"Derosca\",\"description\":\"Blog de balonmano COPE\",\"potentialAction\":[{\"@type\":\"SearchAction\",\"target\":{\"@type\":\"EntryPoint\",\"urlTemplate\":\"https:\\\/\\\/www.cope.es\\\/blogs\\\/derosca\\\/?s={search_term_string}\"},\"query-input\":{\"@type\":\"PropertyValueSpecification\",\"valueRequired\":true,\"valueName\":\"search_term_string\"}}],\"inLanguage\":\"es\"},{\"@type\":\"Person\",\"@id\":\"https:\\\/\\\/www.cope.es\\\/blogs\\\/derosca\\\/#\\\/schema\\\/person\\\/02d6fa6fa8d8db60f83303875a4ff77f\",\"name\":\"Luis Malvar\",\"image\":{\"@type\":\"ImageObject\",\"inLanguage\":\"es\",\"@id\":\"https:\\\/\\\/secure.gravatar.com\\\/avatar\\\/23cd47dec2904689b3ccd32d1dd3e86c7cbf60dcf7376c68854f761a4939534f?s=96&d=mm&r=g\",\"url\":\"https:\\\/\\\/secure.gravatar.com\\\/avatar\\\/23cd47dec2904689b3ccd32d1dd3e86c7cbf60dcf7376c68854f761a4939534f?s=96&d=mm&r=g\",\"contentUrl\":\"https:\\\/\\\/secure.gravatar.com\\\/avatar\\\/23cd47dec2904689b3ccd32d1dd3e86c7cbf60dcf7376c68854f761a4939534f?s=96&d=mm&r=g\",\"caption\":\"Luis Malvar\"},\"description\":\"Comenc\u00e9 la andadura del Blog Derosca all\u00e1 por el 22 de Mayo de 2008. Un blog en el que se trata de llevar a los numerosos aficionados y amantes del mundo del balonmano toda la actualidad de nuestro apasionante deporte. Una ventana que sirve para dar luz a las innumerables noticias que genera el balonmano y que habitualmente no tienen reflejo en los medios de comunicaci\u00f3n. Sin lugar a dudas el Blog Derosca cuenta con un apartado que tiene a gala contar con miles de seguidores como es \u201cMis Pajaritos\u201d en donde se relatan y narran todas las intrahistorias que se generan en el balonmano espa\u00f1ol y que incomoda a m\u00e1s de uno que salgan a la luz.!Gracias por seguirnos durante todos estos a\u00f1os\u00a1\",\"sameAs\":[\"http:\\\/\\\/www.cope.es\",\"lmalvar\"],\"url\":\"https:\\\/\\\/www.cope.es\\\/blogs\\\/derosca\\\/author\\\/lmalvar\\\/\"}]}<\/script>\n<!-- \/ Yoast SEO plugin. -->","yoast_head_json":{"title":"Se re\u00fane en Colonia el Comit\u00e9 Ejecutivo de la EHF con decisiones importante - Derosca","robots":{"index":"index","follow":"follow","max-snippet":"max-snippet:-1","max-image-preview":"max-image-preview:large","max-video-preview":"max-video-preview:-1"},"canonical":"https:\/\/www.cope.es\/blogs\/derosca\/2021\/06\/14\/se-reune-en-colonia-el-comite-ejecutivo-de-la-ehf-con-decisiones-importante\/","og_locale":"es_ES","og_type":"article","og_title":"Se re\u00fane en Colonia el Comit\u00e9 Ejecutivo de la EHF con decisiones importante - Derosca","og_description":"Aprovechando que se celebraba la FINAL4 Colonia se reuni\u00f3 el Comit\u00e9 Ejecutivo de la EH.\u00a0Ha sido la primera reuni\u00f3n despu\u00e9s de las elecciones en el Congreso de la EHF de 2021 celebrado en Abril. Uno de los temas principales fue la descripci\u00f3n general de los puestos de la EHF para el ciclo electoral de 2021 [&hellip;]","og_url":"https:\/\/www.cope.es\/blogs\/derosca\/2021\/06\/14\/se-reune-en-colonia-el-comite-ejecutivo-de-la-ehf-con-decisiones-importante\/","og_site_name":"Derosca","article_publisher":"https:\/\/www.facebook.com\/cope\/","article_published_time":"2021-06-14T06:23:36+00:00","article_modified_time":"2021-06-14T06:23:37+00:00","og_image":[{"width":680,"height":510,"url":"https:\/\/www.cope.es\/blogs\/derosca\/wp-content\/uploads\/sites\/22\/2021\/06\/Logotipo20EHF.jpg","type":"image\/jpeg"}],"author":"Luis Malvar","twitter_card":"summary_large_image","twitter_creator":"@cope_es","twitter_site":"@cope_es","twitter_misc":{"Escrito por":"Luis Malvar","Tiempo de lectura":"5 minutos"},"schema":{"@context":"https:\/\/schema.org","@graph":[{"@type":"Article","@id":"https:\/\/www.cope.es\/blogs\/derosca\/2021\/06\/14\/se-reune-en-colonia-el-comite-ejecutivo-de-la-ehf-con-decisiones-importante\/#article","isPartOf":{"@id":"https:\/\/www.cope.es\/blogs\/derosca\/2021\/06\/14\/se-reune-en-colonia-el-comite-ejecutivo-de-la-ehf-con-decisiones-importante\/"},"author":{"name":"Luis Malvar","@id":"https:\/\/www.cope.es\/blogs\/derosca\/#\/schema\/person\/02d6fa6fa8d8db60f83303875a4ff77f"},"headline":"Se re\u00fane en Colonia el Comit\u00e9 Ejecutivo de la EHF con decisiones importante","datePublished":"2021-06-14T06:23:36+00:00","dateModified":"2021-06-14T06:23:37+00:00","mainEntityOfPage":{"@id":"https:\/\/www.cope.es\/blogs\/derosca\/2021\/06\/14\/se-reune-en-colonia-el-comite-ejecutivo-de-la-ehf-con-decisiones-importante\/"},"wordCount":1036,"commentCount":0,"image":{"@id":"https:\/\/www.cope.es\/blogs\/derosca\/2021\/06\/14\/se-reune-en-colonia-el-comite-ejecutivo-de-la-ehf-con-decisiones-importante\/#primaryimage"},"thumbnailUrl":"https:\/\/www.cope.es\/blogs\/derosca\/wp-content\/uploads\/sites\/22\/2021\/06\/Logotipo20EHF.jpg","articleSection":["Balonmano"],"inLanguage":"es","potentialAction":[{"@type":"CommentAction","name":"Comment","target":["https:\/\/www.cope.es\/blogs\/derosca\/2021\/06\/14\/se-reune-en-colonia-el-comite-ejecutivo-de-la-ehf-con-decisiones-importante\/#respond"]}]},{"@type":"WebPage","@id":"https:\/\/www.cope.es\/blogs\/derosca\/2021\/06\/14\/se-reune-en-colonia-el-comite-ejecutivo-de-la-ehf-con-decisiones-importante\/","url":"https:\/\/www.cope.es\/blogs\/derosca\/2021\/06\/14\/se-reune-en-colonia-el-comite-ejecutivo-de-la-ehf-con-decisiones-importante\/","name":"Se re\u00fane en Colonia el Comit\u00e9 Ejecutivo de la EHF con decisiones importante - Derosca","isPartOf":{"@id":"https:\/\/www.cope.es\/blogs\/derosca\/#website"},"primaryImageOfPage":{"@id":"https:\/\/www.cope.es\/blogs\/derosca\/2021\/06\/14\/se-reune-en-colonia-el-comite-ejecutivo-de-la-ehf-con-decisiones-importante\/#primaryimage"},"image":{"@id":"https:\/\/www.cope.es\/blogs\/derosca\/2021\/06\/14\/se-reune-en-colonia-el-comite-ejecutivo-de-la-ehf-con-decisiones-importante\/#primaryimage"},"thumbnailUrl":"https:\/\/www.cope.es\/blogs\/derosca\/wp-content\/uploads\/sites\/22\/2021\/06\/Logotipo20EHF.jpg","datePublished":"2021-06-14T06:23:36+00:00","dateModified":"2021-06-14T06:23:37+00:00","author":{"@id":"https:\/\/www.cope.es\/blogs\/derosca\/#\/schema\/person\/02d6fa6fa8d8db60f83303875a4ff77f"},"breadcrumb":{"@id":"https:\/\/www.cope.es\/blogs\/derosca\/2021\/06\/14\/se-reune-en-colonia-el-comite-ejecutivo-de-la-ehf-con-decisiones-importante\/#breadcrumb"},"inLanguage":"es","potentialAction":[{"@type":"ReadAction","target":["https:\/\/www.cope.es\/blogs\/derosca\/2021\/06\/14\/se-reune-en-colonia-el-comite-ejecutivo-de-la-ehf-con-decisiones-importante\/"]}]},{"@type":"ImageObject","inLanguage":"es","@id":"https:\/\/www.cope.es\/blogs\/derosca\/2021\/06\/14\/se-reune-en-colonia-el-comite-ejecutivo-de-la-ehf-con-decisiones-importante\/#primaryimage","url":"https:\/\/www.cope.es\/blogs\/derosca\/wp-content\/uploads\/sites\/22\/2021\/06\/Logotipo20EHF.jpg","contentUrl":"https:\/\/www.cope.es\/blogs\/derosca\/wp-content\/uploads\/sites\/22\/2021\/06\/Logotipo20EHF.jpg","width":680,"height":510,"caption":"Se re\u00fane en Colonia el Comit\u00e9 Ejecutivo de la EHF con decisiones importantes"},{"@type":"BreadcrumbList","@id":"https:\/\/www.cope.es\/blogs\/derosca\/2021\/06\/14\/se-reune-en-colonia-el-comite-ejecutivo-de-la-ehf-con-decisiones-importante\/#breadcrumb","itemListElement":[{"@type":"ListItem","position":1,"name":"Portada","item":"https:\/\/www.cope.es\/blogs\/derosca\/"},{"@type":"ListItem","position":2,"name":"Se re\u00fane en Colonia el Comit\u00e9 Ejecutivo de la EHF con decisiones importante"}]},{"@type":"WebSite","@id":"https:\/\/www.cope.es\/blogs\/derosca\/#website","url":"https:\/\/www.cope.es\/blogs\/derosca\/","name":"Derosca","description":"Blog de balonmano COPE","potentialAction":[{"@type":"SearchAction","target":{"@type":"EntryPoint","urlTemplate":"https:\/\/www.cope.es\/blogs\/derosca\/?s={search_term_string}"},"query-input":{"@type":"PropertyValueSpecification","valueRequired":true,"valueName":"search_term_string"}}],"inLanguage":"es"},{"@type":"Person","@id":"https:\/\/www.cope.es\/blogs\/derosca\/#\/schema\/person\/02d6fa6fa8d8db60f83303875a4ff77f","name":"Luis Malvar","image":{"@type":"ImageObject","inLanguage":"es","@id":"https:\/\/secure.gravatar.com\/avatar\/23cd47dec2904689b3ccd32d1dd3e86c7cbf60dcf7376c68854f761a4939534f?s=96&d=mm&r=g","url":"https:\/\/secure.gravatar.com\/avatar\/23cd47dec2904689b3ccd32d1dd3e86c7cbf60dcf7376c68854f761a4939534f?s=96&d=mm&r=g","contentUrl":"https:\/\/secure.gravatar.com\/avatar\/23cd47dec2904689b3ccd32d1dd3e86c7cbf60dcf7376c68854f761a4939534f?s=96&d=mm&r=g","caption":"Luis Malvar"},"description":"Comenc\u00e9 la andadura del Blog Derosca all\u00e1 por el 22 de Mayo de 2008. Un blog en el que se trata de llevar a los numerosos aficionados y amantes del mundo del balonmano toda la actualidad de nuestro apasionante deporte. Una ventana que sirve para dar luz a las innumerables noticias que genera el balonmano y que habitualmente no tienen reflejo en los medios de comunicaci\u00f3n. Sin lugar a dudas el Blog Derosca cuenta con un apartado que tiene a gala contar con miles de seguidores como es \u201cMis Pajaritos\u201d en donde se relatan y narran todas las intrahistorias que se generan en el balonmano espa\u00f1ol y que incomoda a m\u00e1s de uno que salgan a la luz.!Gracias por seguirnos durante todos estos a\u00f1os\u00a1","sameAs":["http:\/\/www.cope.es","lmalvar"],"url":"https:\/\/www.cope.es\/blogs\/derosca\/author\/lmalvar\/"}]}},"amp_enabled":true,"_links":{"self":[{"href":"https:\/\/www.cope.es\/blogs\/derosca\/wp-json\/wp\/v2\/posts\/2148","targetHints":{"allow":["GET"]}}],"collection":[{"href":"https:\/\/www.cope.es\/blogs\/derosca\/wp-json\/wp\/v2\/posts"}],"about":[{"href":"https:\/\/www.cope.es\/blogs\/derosca\/wp-json\/wp\/v2\/types\/post"}],"author":[{"embeddable":true,"href":"https:\/\/www.cope.es\/blogs\/derosca\/wp-json\/wp\/v2\/users\/23"}],"replies":[{"embeddable":true,"href":"https:\/\/www.cope.es\/blogs\/derosca\/wp-json\/wp\/v2\/comments?post=2148"}],"version-history":[{"count":1,"href":"https:\/\/www.cope.es\/blogs\/derosca\/wp-json\/wp\/v2\/posts\/2148\/revisions"}],"predecessor-version":[{"id":2150,"href":"https:\/\/www.cope.es\/blogs\/derosca\/wp-json\/wp\/v2\/posts\/2148\/revisions\/2150"}],"wp:featuredmedia":[{"embeddable":true,"href":"https:\/\/www.cope.es\/blogs\/derosca\/wp-json\/wp\/v2\/media\/2149"}],"wp:attachment":[{"href":"https:\/\/www.cope.es\/blogs\/derosca\/wp-json\/wp\/v2\/media?parent=2148"}],"wp:term":[{"taxonomy":"category","embeddable":true,"href":"https:\/\/www.cope.es\/blogs\/derosca\/wp-json\/wp\/v2\/categories?post=2148"},{"taxonomy":"post_tag","embeddable":true,"href":"https:\/\/www.cope.es\/blogs\/derosca\/wp-json\/wp\/v2\/tags?post=2148"}],"curies":[{"name":"wp","href":"https:\/\/api.w.org\/{rel}","templated":true}]}}