{"id":1745,"date":"2020-11-10T09:34:06","date_gmt":"2020-11-10T08:34:06","guid":{"rendered":"http:\/\/www.cope.es\/blogs\/derosca\/?p=1745"},"modified":"2020-11-10T09:34:06","modified_gmt":"2020-11-10T08:34:06","slug":"la-ihf-se-reune-con-los-representantes-equipos-europeos-que-participan-en-mundial-2021","status":"publish","type":"post","link":"https:\/\/www.cope.es\/blogs\/derosca\/2020\/11\/10\/la-ihf-se-reune-con-los-representantes-equipos-europeos-que-participan-en-mundial-2021\/","title":{"rendered":"La IHF se re\u00fane con los representantes equipos europeos que participan en Mundial 2021"},"content":{"rendered":"<p>M\u00e1s de 100 participantes han estado virtualmente presentes, el pasado Jueves 29 de Octubre, para una reuni\u00f3n de la Federaci\u00f3n Internacional de Balonmano (IHF) con las principales naciones europeas y representantes de los equipos que van a disputar el Mundial Masculino 2021 en Egipto. La reuni\u00f3n se program\u00f3 con el fin de discutir tres temas principales: la pandemia del coronavirus, la organizaci\u00f3n de Egipto 2021 y las enmiendas a las Reglas del Juego para ser probadas.<\/p>\n<p>El Presidente de la IHF, el Dr. Hassan Moustafa, abri\u00f3 la reuni\u00f3n ante el Presidente de la Comisi\u00f3n M\u00e9dica de Egipto 2021 y el miembro del Grupo de Trabajo M\u00e9dico COVID-19 de la IHF, el Dr. Hazem Khamis, que present\u00f3 el Plan de Precauci\u00f3n M\u00e9dica COVID-19 de Egipto 2021. El Dr. Moustafa tambi\u00e9n destac\u00f3 que la IHF est\u00e1 trabajando actualmente en pautas m\u00e1s detalladas para la implementaci\u00f3n del Plan M\u00e9dico. Los participantes pudieron hacer preguntas sobre el plan y el consenso fue positivo sobre las medidas que se implementar\u00e1n en el evento insignia.<\/p>\n<p>Tras la discusi\u00f3n sobre el coronavirus y el Mundial Egipto 2021, la atenci\u00f3n se centr\u00f3 en las enmiendas propuestas a las Reglas del Juego, con una presentaci\u00f3n del Presidente de la Comisi\u00f3n de Entrenamiento y M\u00e9todos de la IHF, Dietrich Sp\u00e4te, y el Presidente de la Comisi\u00f3n de Reglas de Juego y \u00c1rbitros de la IHF, Ramon Gallego. Tanto Sp\u00e4te como Ram\u00f3n Gallego enfatizaron que el juego actual es atractivo y de alta velocidad y que todas las modificaciones propuestas est\u00e1n dise\u00f1adas solo para mejorar esos elementos con la menor alteraci\u00f3n posible de los partidos. Espec\u00edficamente en lo que respecta al juego pasivo, los dos destacaron que no es necesario discutir un reloj de lanzamiento, lo que fue acordado por todos los participantes en la reciente reuni\u00f3n de entrenadores y \u00e1rbitros europeos de primer nivel.<\/p>\n<p>Tras describir las enmiendas propuestas, Dietrich Sp\u00e4te y Ram\u00f3n Gallego explicaron un nuevo concepto para los libros de Reglas del juego, que incluir\u00e1n tres cambios: el Primero con las reglas principales (reglas 1 a 18), se\u00f1ales de mano, equipamiento prohibido y reglamentos de sustituci\u00f3n; el Segundo se centr\u00f3 en interpretaciones, pautas y aclaraciones; y el Tercero describe otras regulaciones de equipo, otras se\u00f1ales de mano, pautas para la cancha de juego y las porter\u00edas, sistemas de video \u00e1rbitro, tiempos muertos electr\u00f3nicos de equipos y otro material did\u00e1ctico.<\/p>\n<p>Para terminar la reuni\u00f3n, Michael Wiederer (Presidente e la EHF) habl\u00f3 con los participantes sobre el pr\u00f3ximo Europeo Femenino 2020 y describi\u00f3 los desaf\u00edos a los que se enfrenta la EHF con respecto a la organizaci\u00f3n del evento m\u00e1s importante de las selecciones nacionales femeninas en Europa. El Dr. Moustafa concluy\u00f3 la reuni\u00f3n reiterando que la IHF est\u00e1 all\u00ed para ayudar a las Confederaciones Continentales y Federaciones Nacionales, y que las federaciones deben acercarse a la IHF para obtener ayuda. Incluso el Dr. Hassan Moustafa lleg\u00f3 a manifestar que tienen que trabajar juntos en la misma direcci\u00f3n para ayudarse los unos a otros.<\/p>\n<p>Seguirnos en twitter:\u00a0<a href=\"https:\/\/twitter.com\/\">https:\/\/twitter.com\/#!\/deroscacope<\/a><\/p>\n","protected":false},"excerpt":{"rendered":"<p>M\u00e1s de 100 participantes han estado virtualmente presentes, el pasado Jueves 29 de Octubre, para una reuni\u00f3n de la Federaci\u00f3n Internacional de Balonmano (IHF) con las principales naciones europeas y representantes de los equipos que van a disputar el Mundial Masculino 2021 en Egipto. La reuni\u00f3n se program\u00f3 con el fin de discutir tres temas [&hellip;]<\/p>\n","protected":false},"author":23,"featured_media":1746,"comment_status":"open","ping_status":"open","sticky":false,"template":"","format":"standard","meta":{"footnotes":""},"categories":[3],"tags":[],"class_list":["post-1745","post","type-post","status-publish","format-standard","has-post-thumbnail","hentry","category-balonmano"],"yoast_head":"<!-- This site is optimized with the Yoast SEO plugin v27.4 - https:\/\/yoast.com\/product\/yoast-seo-wordpress\/ -->\n<title>La IHF se re\u00fane con los representantes equipos europeos que participan en Mundial 2021 - Derosca<\/title>\n<meta name=\"robots\" content=\"index, follow, max-snippet:-1, max-image-preview:large, max-video-preview:-1\" \/>\n<link rel=\"canonical\" href=\"https:\/\/www.cope.es\/blogs\/derosca\/2020\/11\/10\/la-ihf-se-reune-con-los-representantes-equipos-europeos-que-participan-en-mundial-2021\/\" \/>\n<meta property=\"og:locale\" content=\"es_ES\" \/>\n<meta property=\"og:type\" content=\"article\" \/>\n<meta property=\"og:title\" content=\"La IHF se re\u00fane con los representantes equipos europeos que participan en Mundial 2021 - Derosca\" \/>\n<meta property=\"og:description\" content=\"M\u00e1s de 100 participantes han estado virtualmente presentes, el pasado Jueves 29 de Octubre, para una reuni\u00f3n de la Federaci\u00f3n Internacional de Balonmano (IHF) con las principales naciones europeas y representantes de los equipos que van a disputar el Mundial Masculino 2021 en Egipto. La reuni\u00f3n se program\u00f3 con el fin de discutir tres temas [&hellip;]\" \/>\n<meta property=\"og:url\" content=\"https:\/\/www.cope.es\/blogs\/derosca\/2020\/11\/10\/la-ihf-se-reune-con-los-representantes-equipos-europeos-que-participan-en-mundial-2021\/\" \/>\n<meta property=\"og:site_name\" content=\"Derosca\" \/>\n<meta property=\"article:publisher\" content=\"https:\/\/www.facebook.com\/cope\/\" \/>\n<meta property=\"article:published_time\" content=\"2020-11-10T08:34:06+00:00\" \/>\n<meta property=\"og:image\" content=\"https:\/\/www.cope.es\/blogs\/derosca\/wp-content\/uploads\/sites\/22\/2020\/11\/49323242_2186668738264801_4088923047497564160_n.jpg\" \/>\n\t<meta property=\"og:image:width\" content=\"680\" \/>\n\t<meta property=\"og:image:height\" content=\"258\" \/>\n\t<meta property=\"og:image:type\" content=\"image\/jpeg\" \/>\n<meta name=\"author\" content=\"Luis Malvar\" \/>\n<meta name=\"twitter:card\" content=\"summary_large_image\" \/>\n<meta name=\"twitter:creator\" content=\"@cope_es\" \/>\n<meta name=\"twitter:site\" content=\"@cope_es\" \/>\n<meta name=\"twitter:label1\" content=\"Escrito por\" \/>\n\t<meta name=\"twitter:data1\" content=\"Luis Malvar\" \/>\n\t<meta name=\"twitter:label2\" content=\"Tiempo de lectura\" \/>\n\t<meta name=\"twitter:data2\" content=\"3 minutos\" \/>\n<script type=\"application\/ld+json\" class=\"yoast-schema-graph\">{\"@context\":\"https:\\\/\\\/schema.org\",\"@graph\":[{\"@type\":\"Article\",\"@id\":\"https:\\\/\\\/www.cope.es\\\/blogs\\\/derosca\\\/2020\\\/11\\\/10\\\/la-ihf-se-reune-con-los-representantes-equipos-europeos-que-participan-en-mundial-2021\\\/#article\",\"isPartOf\":{\"@id\":\"https:\\\/\\\/www.cope.es\\\/blogs\\\/derosca\\\/2020\\\/11\\\/10\\\/la-ihf-se-reune-con-los-representantes-equipos-europeos-que-participan-en-mundial-2021\\\/\"},\"author\":{\"name\":\"Luis Malvar\",\"@id\":\"https:\\\/\\\/www.cope.es\\\/blogs\\\/derosca\\\/#\\\/schema\\\/person\\\/02d6fa6fa8d8db60f83303875a4ff77f\"},\"headline\":\"La IHF se re\u00fane con los representantes equipos europeos que participan en Mundial 2021\",\"datePublished\":\"2020-11-10T08:34:06+00:00\",\"mainEntityOfPage\":{\"@id\":\"https:\\\/\\\/www.cope.es\\\/blogs\\\/derosca\\\/2020\\\/11\\\/10\\\/la-ihf-se-reune-con-los-representantes-equipos-europeos-que-participan-en-mundial-2021\\\/\"},\"wordCount\":551,\"commentCount\":0,\"image\":{\"@id\":\"https:\\\/\\\/www.cope.es\\\/blogs\\\/derosca\\\/2020\\\/11\\\/10\\\/la-ihf-se-reune-con-los-representantes-equipos-europeos-que-participan-en-mundial-2021\\\/#primaryimage\"},\"thumbnailUrl\":\"https:\\\/\\\/www.cope.es\\\/blogs\\\/derosca\\\/wp-content\\\/uploads\\\/sites\\\/22\\\/2020\\\/11\\\/49323242_2186668738264801_4088923047497564160_n.jpg\",\"articleSection\":[\"Balonmano\"],\"inLanguage\":\"es\",\"potentialAction\":[{\"@type\":\"CommentAction\",\"name\":\"Comment\",\"target\":[\"https:\\\/\\\/www.cope.es\\\/blogs\\\/derosca\\\/2020\\\/11\\\/10\\\/la-ihf-se-reune-con-los-representantes-equipos-europeos-que-participan-en-mundial-2021\\\/#respond\"]}]},{\"@type\":\"WebPage\",\"@id\":\"https:\\\/\\\/www.cope.es\\\/blogs\\\/derosca\\\/2020\\\/11\\\/10\\\/la-ihf-se-reune-con-los-representantes-equipos-europeos-que-participan-en-mundial-2021\\\/\",\"url\":\"https:\\\/\\\/www.cope.es\\\/blogs\\\/derosca\\\/2020\\\/11\\\/10\\\/la-ihf-se-reune-con-los-representantes-equipos-europeos-que-participan-en-mundial-2021\\\/\",\"name\":\"La IHF se re\u00fane con los representantes equipos europeos que participan en Mundial 2021 - Derosca\",\"isPartOf\":{\"@id\":\"https:\\\/\\\/www.cope.es\\\/blogs\\\/derosca\\\/#website\"},\"primaryImageOfPage\":{\"@id\":\"https:\\\/\\\/www.cope.es\\\/blogs\\\/derosca\\\/2020\\\/11\\\/10\\\/la-ihf-se-reune-con-los-representantes-equipos-europeos-que-participan-en-mundial-2021\\\/#primaryimage\"},\"image\":{\"@id\":\"https:\\\/\\\/www.cope.es\\\/blogs\\\/derosca\\\/2020\\\/11\\\/10\\\/la-ihf-se-reune-con-los-representantes-equipos-europeos-que-participan-en-mundial-2021\\\/#primaryimage\"},\"thumbnailUrl\":\"https:\\\/\\\/www.cope.es\\\/blogs\\\/derosca\\\/wp-content\\\/uploads\\\/sites\\\/22\\\/2020\\\/11\\\/49323242_2186668738264801_4088923047497564160_n.jpg\",\"datePublished\":\"2020-11-10T08:34:06+00:00\",\"author\":{\"@id\":\"https:\\\/\\\/www.cope.es\\\/blogs\\\/derosca\\\/#\\\/schema\\\/person\\\/02d6fa6fa8d8db60f83303875a4ff77f\"},\"breadcrumb\":{\"@id\":\"https:\\\/\\\/www.cope.es\\\/blogs\\\/derosca\\\/2020\\\/11\\\/10\\\/la-ihf-se-reune-con-los-representantes-equipos-europeos-que-participan-en-mundial-2021\\\/#breadcrumb\"},\"inLanguage\":\"es\",\"potentialAction\":[{\"@type\":\"ReadAction\",\"target\":[\"https:\\\/\\\/www.cope.es\\\/blogs\\\/derosca\\\/2020\\\/11\\\/10\\\/la-ihf-se-reune-con-los-representantes-equipos-europeos-que-participan-en-mundial-2021\\\/\"]}]},{\"@type\":\"ImageObject\",\"inLanguage\":\"es\",\"@id\":\"https:\\\/\\\/www.cope.es\\\/blogs\\\/derosca\\\/2020\\\/11\\\/10\\\/la-ihf-se-reune-con-los-representantes-equipos-europeos-que-participan-en-mundial-2021\\\/#primaryimage\",\"url\":\"https:\\\/\\\/www.cope.es\\\/blogs\\\/derosca\\\/wp-content\\\/uploads\\\/sites\\\/22\\\/2020\\\/11\\\/49323242_2186668738264801_4088923047497564160_n.jpg\",\"contentUrl\":\"https:\\\/\\\/www.cope.es\\\/blogs\\\/derosca\\\/wp-content\\\/uploads\\\/sites\\\/22\\\/2020\\\/11\\\/49323242_2186668738264801_4088923047497564160_n.jpg\",\"width\":680,\"height\":258,\"caption\":\"La IHF se re\u00fane con los representantes equipos europeos que participan en Mundial 2021\"},{\"@type\":\"BreadcrumbList\",\"@id\":\"https:\\\/\\\/www.cope.es\\\/blogs\\\/derosca\\\/2020\\\/11\\\/10\\\/la-ihf-se-reune-con-los-representantes-equipos-europeos-que-participan-en-mundial-2021\\\/#breadcrumb\",\"itemListElement\":[{\"@type\":\"ListItem\",\"position\":1,\"name\":\"Portada\",\"item\":\"https:\\\/\\\/www.cope.es\\\/blogs\\\/derosca\\\/\"},{\"@type\":\"ListItem\",\"position\":2,\"name\":\"La IHF se re\u00fane con los representantes equipos europeos que participan en Mundial 2021\"}]},{\"@type\":\"WebSite\",\"@id\":\"https:\\\/\\\/www.cope.es\\\/blogs\\\/derosca\\\/#website\",\"url\":\"https:\\\/\\\/www.cope.es\\\/blogs\\\/derosca\\\/\",\"name\":\"Derosca\",\"description\":\"Blog de balonmano COPE\",\"potentialAction\":[{\"@type\":\"SearchAction\",\"target\":{\"@type\":\"EntryPoint\",\"urlTemplate\":\"https:\\\/\\\/www.cope.es\\\/blogs\\\/derosca\\\/?s={search_term_string}\"},\"query-input\":{\"@type\":\"PropertyValueSpecification\",\"valueRequired\":true,\"valueName\":\"search_term_string\"}}],\"inLanguage\":\"es\"},{\"@type\":\"Person\",\"@id\":\"https:\\\/\\\/www.cope.es\\\/blogs\\\/derosca\\\/#\\\/schema\\\/person\\\/02d6fa6fa8d8db60f83303875a4ff77f\",\"name\":\"Luis Malvar\",\"image\":{\"@type\":\"ImageObject\",\"inLanguage\":\"es\",\"@id\":\"https:\\\/\\\/secure.gravatar.com\\\/avatar\\\/23cd47dec2904689b3ccd32d1dd3e86c7cbf60dcf7376c68854f761a4939534f?s=96&d=mm&r=g\",\"url\":\"https:\\\/\\\/secure.gravatar.com\\\/avatar\\\/23cd47dec2904689b3ccd32d1dd3e86c7cbf60dcf7376c68854f761a4939534f?s=96&d=mm&r=g\",\"contentUrl\":\"https:\\\/\\\/secure.gravatar.com\\\/avatar\\\/23cd47dec2904689b3ccd32d1dd3e86c7cbf60dcf7376c68854f761a4939534f?s=96&d=mm&r=g\",\"caption\":\"Luis Malvar\"},\"description\":\"Comenc\u00e9 la andadura del Blog Derosca all\u00e1 por el 22 de Mayo de 2008. Un blog en el que se trata de llevar a los numerosos aficionados y amantes del mundo del balonmano toda la actualidad de nuestro apasionante deporte. Una ventana que sirve para dar luz a las innumerables noticias que genera el balonmano y que habitualmente no tienen reflejo en los medios de comunicaci\u00f3n. Sin lugar a dudas el Blog Derosca cuenta con un apartado que tiene a gala contar con miles de seguidores como es \u201cMis Pajaritos\u201d en donde se relatan y narran todas las intrahistorias que se generan en el balonmano espa\u00f1ol y que incomoda a m\u00e1s de uno que salgan a la luz.!Gracias por seguirnos durante todos estos a\u00f1os\u00a1\",\"sameAs\":[\"http:\\\/\\\/www.cope.es\",\"lmalvar\"],\"url\":\"https:\\\/\\\/www.cope.es\\\/blogs\\\/derosca\\\/author\\\/lmalvar\\\/\"}]}<\/script>\n<!-- \/ Yoast SEO plugin. -->","yoast_head_json":{"title":"La IHF se re\u00fane con los representantes equipos europeos que participan en Mundial 2021 - Derosca","robots":{"index":"index","follow":"follow","max-snippet":"max-snippet:-1","max-image-preview":"max-image-preview:large","max-video-preview":"max-video-preview:-1"},"canonical":"https:\/\/www.cope.es\/blogs\/derosca\/2020\/11\/10\/la-ihf-se-reune-con-los-representantes-equipos-europeos-que-participan-en-mundial-2021\/","og_locale":"es_ES","og_type":"article","og_title":"La IHF se re\u00fane con los representantes equipos europeos que participan en Mundial 2021 - Derosca","og_description":"M\u00e1s de 100 participantes han estado virtualmente presentes, el pasado Jueves 29 de Octubre, para una reuni\u00f3n de la Federaci\u00f3n Internacional de Balonmano (IHF) con las principales naciones europeas y representantes de los equipos que van a disputar el Mundial Masculino 2021 en Egipto. La reuni\u00f3n se program\u00f3 con el fin de discutir tres temas [&hellip;]","og_url":"https:\/\/www.cope.es\/blogs\/derosca\/2020\/11\/10\/la-ihf-se-reune-con-los-representantes-equipos-europeos-que-participan-en-mundial-2021\/","og_site_name":"Derosca","article_publisher":"https:\/\/www.facebook.com\/cope\/","article_published_time":"2020-11-10T08:34:06+00:00","og_image":[{"width":680,"height":258,"url":"https:\/\/www.cope.es\/blogs\/derosca\/wp-content\/uploads\/sites\/22\/2020\/11\/49323242_2186668738264801_4088923047497564160_n.jpg","type":"image\/jpeg"}],"author":"Luis Malvar","twitter_card":"summary_large_image","twitter_creator":"@cope_es","twitter_site":"@cope_es","twitter_misc":{"Escrito por":"Luis Malvar","Tiempo de lectura":"3 minutos"},"schema":{"@context":"https:\/\/schema.org","@graph":[{"@type":"Article","@id":"https:\/\/www.cope.es\/blogs\/derosca\/2020\/11\/10\/la-ihf-se-reune-con-los-representantes-equipos-europeos-que-participan-en-mundial-2021\/#article","isPartOf":{"@id":"https:\/\/www.cope.es\/blogs\/derosca\/2020\/11\/10\/la-ihf-se-reune-con-los-representantes-equipos-europeos-que-participan-en-mundial-2021\/"},"author":{"name":"Luis Malvar","@id":"https:\/\/www.cope.es\/blogs\/derosca\/#\/schema\/person\/02d6fa6fa8d8db60f83303875a4ff77f"},"headline":"La IHF se re\u00fane con los representantes equipos europeos que participan en Mundial 2021","datePublished":"2020-11-10T08:34:06+00:00","mainEntityOfPage":{"@id":"https:\/\/www.cope.es\/blogs\/derosca\/2020\/11\/10\/la-ihf-se-reune-con-los-representantes-equipos-europeos-que-participan-en-mundial-2021\/"},"wordCount":551,"commentCount":0,"image":{"@id":"https:\/\/www.cope.es\/blogs\/derosca\/2020\/11\/10\/la-ihf-se-reune-con-los-representantes-equipos-europeos-que-participan-en-mundial-2021\/#primaryimage"},"thumbnailUrl":"https:\/\/www.cope.es\/blogs\/derosca\/wp-content\/uploads\/sites\/22\/2020\/11\/49323242_2186668738264801_4088923047497564160_n.jpg","articleSection":["Balonmano"],"inLanguage":"es","potentialAction":[{"@type":"CommentAction","name":"Comment","target":["https:\/\/www.cope.es\/blogs\/derosca\/2020\/11\/10\/la-ihf-se-reune-con-los-representantes-equipos-europeos-que-participan-en-mundial-2021\/#respond"]}]},{"@type":"WebPage","@id":"https:\/\/www.cope.es\/blogs\/derosca\/2020\/11\/10\/la-ihf-se-reune-con-los-representantes-equipos-europeos-que-participan-en-mundial-2021\/","url":"https:\/\/www.cope.es\/blogs\/derosca\/2020\/11\/10\/la-ihf-se-reune-con-los-representantes-equipos-europeos-que-participan-en-mundial-2021\/","name":"La IHF se re\u00fane con los representantes equipos europeos que participan en Mundial 2021 - Derosca","isPartOf":{"@id":"https:\/\/www.cope.es\/blogs\/derosca\/#website"},"primaryImageOfPage":{"@id":"https:\/\/www.cope.es\/blogs\/derosca\/2020\/11\/10\/la-ihf-se-reune-con-los-representantes-equipos-europeos-que-participan-en-mundial-2021\/#primaryimage"},"image":{"@id":"https:\/\/www.cope.es\/blogs\/derosca\/2020\/11\/10\/la-ihf-se-reune-con-los-representantes-equipos-europeos-que-participan-en-mundial-2021\/#primaryimage"},"thumbnailUrl":"https:\/\/www.cope.es\/blogs\/derosca\/wp-content\/uploads\/sites\/22\/2020\/11\/49323242_2186668738264801_4088923047497564160_n.jpg","datePublished":"2020-11-10T08:34:06+00:00","author":{"@id":"https:\/\/www.cope.es\/blogs\/derosca\/#\/schema\/person\/02d6fa6fa8d8db60f83303875a4ff77f"},"breadcrumb":{"@id":"https:\/\/www.cope.es\/blogs\/derosca\/2020\/11\/10\/la-ihf-se-reune-con-los-representantes-equipos-europeos-que-participan-en-mundial-2021\/#breadcrumb"},"inLanguage":"es","potentialAction":[{"@type":"ReadAction","target":["https:\/\/www.cope.es\/blogs\/derosca\/2020\/11\/10\/la-ihf-se-reune-con-los-representantes-equipos-europeos-que-participan-en-mundial-2021\/"]}]},{"@type":"ImageObject","inLanguage":"es","@id":"https:\/\/www.cope.es\/blogs\/derosca\/2020\/11\/10\/la-ihf-se-reune-con-los-representantes-equipos-europeos-que-participan-en-mundial-2021\/#primaryimage","url":"https:\/\/www.cope.es\/blogs\/derosca\/wp-content\/uploads\/sites\/22\/2020\/11\/49323242_2186668738264801_4088923047497564160_n.jpg","contentUrl":"https:\/\/www.cope.es\/blogs\/derosca\/wp-content\/uploads\/sites\/22\/2020\/11\/49323242_2186668738264801_4088923047497564160_n.jpg","width":680,"height":258,"caption":"La IHF se re\u00fane con los representantes equipos europeos que participan en Mundial 2021"},{"@type":"BreadcrumbList","@id":"https:\/\/www.cope.es\/blogs\/derosca\/2020\/11\/10\/la-ihf-se-reune-con-los-representantes-equipos-europeos-que-participan-en-mundial-2021\/#breadcrumb","itemListElement":[{"@type":"ListItem","position":1,"name":"Portada","item":"https:\/\/www.cope.es\/blogs\/derosca\/"},{"@type":"ListItem","position":2,"name":"La IHF se re\u00fane con los representantes equipos europeos que participan en Mundial 2021"}]},{"@type":"WebSite","@id":"https:\/\/www.cope.es\/blogs\/derosca\/#website","url":"https:\/\/www.cope.es\/blogs\/derosca\/","name":"Derosca","description":"Blog de balonmano COPE","potentialAction":[{"@type":"SearchAction","target":{"@type":"EntryPoint","urlTemplate":"https:\/\/www.cope.es\/blogs\/derosca\/?s={search_term_string}"},"query-input":{"@type":"PropertyValueSpecification","valueRequired":true,"valueName":"search_term_string"}}],"inLanguage":"es"},{"@type":"Person","@id":"https:\/\/www.cope.es\/blogs\/derosca\/#\/schema\/person\/02d6fa6fa8d8db60f83303875a4ff77f","name":"Luis Malvar","image":{"@type":"ImageObject","inLanguage":"es","@id":"https:\/\/secure.gravatar.com\/avatar\/23cd47dec2904689b3ccd32d1dd3e86c7cbf60dcf7376c68854f761a4939534f?s=96&d=mm&r=g","url":"https:\/\/secure.gravatar.com\/avatar\/23cd47dec2904689b3ccd32d1dd3e86c7cbf60dcf7376c68854f761a4939534f?s=96&d=mm&r=g","contentUrl":"https:\/\/secure.gravatar.com\/avatar\/23cd47dec2904689b3ccd32d1dd3e86c7cbf60dcf7376c68854f761a4939534f?s=96&d=mm&r=g","caption":"Luis Malvar"},"description":"Comenc\u00e9 la andadura del Blog Derosca all\u00e1 por el 22 de Mayo de 2008. Un blog en el que se trata de llevar a los numerosos aficionados y amantes del mundo del balonmano toda la actualidad de nuestro apasionante deporte. Una ventana que sirve para dar luz a las innumerables noticias que genera el balonmano y que habitualmente no tienen reflejo en los medios de comunicaci\u00f3n. Sin lugar a dudas el Blog Derosca cuenta con un apartado que tiene a gala contar con miles de seguidores como es \u201cMis Pajaritos\u201d en donde se relatan y narran todas las intrahistorias que se generan en el balonmano espa\u00f1ol y que incomoda a m\u00e1s de uno que salgan a la luz.!Gracias por seguirnos durante todos estos a\u00f1os\u00a1","sameAs":["http:\/\/www.cope.es","lmalvar"],"url":"https:\/\/www.cope.es\/blogs\/derosca\/author\/lmalvar\/"}]}},"amp_enabled":true,"_links":{"self":[{"href":"https:\/\/www.cope.es\/blogs\/derosca\/wp-json\/wp\/v2\/posts\/1745","targetHints":{"allow":["GET"]}}],"collection":[{"href":"https:\/\/www.cope.es\/blogs\/derosca\/wp-json\/wp\/v2\/posts"}],"about":[{"href":"https:\/\/www.cope.es\/blogs\/derosca\/wp-json\/wp\/v2\/types\/post"}],"author":[{"embeddable":true,"href":"https:\/\/www.cope.es\/blogs\/derosca\/wp-json\/wp\/v2\/users\/23"}],"replies":[{"embeddable":true,"href":"https:\/\/www.cope.es\/blogs\/derosca\/wp-json\/wp\/v2\/comments?post=1745"}],"version-history":[{"count":2,"href":"https:\/\/www.cope.es\/blogs\/derosca\/wp-json\/wp\/v2\/posts\/1745\/revisions"}],"predecessor-version":[{"id":1748,"href":"https:\/\/www.cope.es\/blogs\/derosca\/wp-json\/wp\/v2\/posts\/1745\/revisions\/1748"}],"wp:featuredmedia":[{"embeddable":true,"href":"https:\/\/www.cope.es\/blogs\/derosca\/wp-json\/wp\/v2\/media\/1746"}],"wp:attachment":[{"href":"https:\/\/www.cope.es\/blogs\/derosca\/wp-json\/wp\/v2\/media?parent=1745"}],"wp:term":[{"taxonomy":"category","embeddable":true,"href":"https:\/\/www.cope.es\/blogs\/derosca\/wp-json\/wp\/v2\/categories?post=1745"},{"taxonomy":"post_tag","embeddable":true,"href":"https:\/\/www.cope.es\/blogs\/derosca\/wp-json\/wp\/v2\/tags?post=1745"}],"curies":[{"name":"wp","href":"https:\/\/api.w.org\/{rel}","templated":true}]}}