{"id":1682,"date":"2020-10-07T09:24:07","date_gmt":"2020-10-07T07:24:07","guid":{"rendered":"http:\/\/www.cope.es\/blogs\/derosca\/?p=1682"},"modified":"2020-10-07T09:24:07","modified_gmt":"2020-10-07T07:24:07","slug":"candidatura-conjunta-de-espana-y-portugal-para-europeo-masculino-2028","status":"publish","type":"post","link":"https:\/\/www.cope.es\/blogs\/derosca\/2020\/10\/07\/candidatura-conjunta-de-espana-y-portugal-para-europeo-masculino-2028\/","title":{"rendered":"Candidatura conjunta de Espa\u00f1a y Portugal para Europeo Masculino 2028"},"content":{"rendered":"<p>La Federaci\u00f3n Europea de Balonmano (EHF) ha reconocido p\u00fablicamente que existe un alto grado de inter\u00e9s por parte de diversos pa\u00edses para organizar tanto los Europeos Masculinos como Femeninos para los a\u00f1os 2026 y 2028. En total han sido 14 las federaciones nacionales las que\u00a0 han expresado su inter\u00e9s por albergar dichos eventos.<\/p>\n<p>Como parte del proceso, todas las federaciones nacionales tienen derecho a enviar cartas de intenci\u00f3n o formar parte de una oferta conjunta. El Presidente de la Federaci\u00f3n Europea de Balonmano (EHF), Michael Wiederer, ha manifestado que esta es la ocasi\u00f3n en donde la mayor cantidad de cartas han recibido de las federaciones nacionales demostrando la intenci\u00f3n de albergar los torneos emblem\u00e1ticos de las selecciones nacionales. Estos n\u00fameros demuestran una vez m\u00e1s que este evento de la Europeos sigue siendo el evento de selecciones nacionales m\u00e1s solicitado en balonmano y muestra que el desarrollo del balonmano contin\u00faa creciendo.<\/p>\n<p>Igualmente Michael Wiederer\u00a0 dec\u00eda que tras un inter\u00e9s igualmente significativo en el proceso de licitaci\u00f3n para la Europeo Masculino 2024, que se celebrar\u00e1 en Alemania y el Europeo Femenino \u00a02024, que se jugar\u00e1 en Hungr\u00eda, Austria y Suiza, ahora est\u00e1n entusiasmados mirando hacia adelante hacia la siguiente etapa en el proceso para los Europeos 2026 y 2028 .<\/p>\n<p>En el pasado Europeo Masculino 2020 se produjo un r\u00e9cord de 500.000 espectadores viendo balonmano dentro de los pabellones y millones de aficionados m\u00e1s en la televisi\u00f3n y en la web, lo ha resaltado a\u00fan m\u00e1s la importancia de albergar un Europeo. Ese impacto ha hecho que la EHF reciba no menos de ocho cartas de intenci\u00f3n para organizar, que cubren 10 pa\u00edses, solo para el Europeo Masculino 2028.<\/p>\n<p>Respecto al Europeo Masculino 2026 la Federaci\u00f3n Europea de Balonmano ha recibido cartas de intenci\u00f3n para organizar de seis pa\u00edses interesados, incluida una intenci\u00f3n conjunta de Bielorrusia, Lituania y Polonia.<\/p>\n<p><strong><u>Europeo Masculino 2026 (15 Enero al 1 Febrero)<\/u><\/strong><\/p>\n<ul>\n<li>Bielorrusia, Lituania y Polonia; Croacia; Francia; Noruega y Dinamarca; Suiza; Suecia.<\/li>\n<\/ul>\n<p><strong><u>Europeo Masculino 2028 (13 al 30 Enero)<\/u><\/strong><\/p>\n<ul>\n<li>B\u00e9lgica; Croacia; Estonia; Francia; Noruega y Dinamarca; <strong>Portugal y Espa\u00f1a<\/strong>; Suiza;\u00a0 Suecia.<\/li>\n<\/ul>\n<p><strong><u>Europeo Femenino 2026 (26 Noviembre al 13 Diciembre)<\/u><\/strong><\/p>\n<ul>\n<li>Noruega y Dinamarca; Rusia ; Suecia.<\/li>\n<\/ul>\n<p><strong><u>Europeo Femenino 2028 (30 Noviembre al 17 de Diciembre)<\/u><\/strong><\/p>\n<ul>\n<li>Noruega y Dinamarca; Suecia<\/li>\n<\/ul>\n<p>Todas las federaciones interesadas tienen derecho a presentar una \u00fanica oferta o formar parte de un proceso de licitaci\u00f3n conjunto.Ahora los documentos de licitaci\u00f3n se enviar\u00e1n a todas las federaciones interesadas. Los siguientes pasos son los siguientes: Los formularios y documentos de solicitud se enviar\u00e1n a las federaciones interesadas antes del 1 de Noviembre; Antes del 1 de Mayo de 2021, las solicitudes deben enviarse a la EHF; Las evaluaciones de las ofertas se realizar\u00e1n en Mayo y Junio de 2021; En junio de 2021 el Comit\u00e9 Ejecutivo aprobar\u00e1 las solicitudes; Las inspecciones de los sitio se llevar\u00e1n a cabo entre Junio y Septiembre de 2021 y las evaluaciones adicionales se llevar\u00e1n a cabo en Septiembre de 2021.<\/p>\n<p>La adjudicaci\u00f3n de los Europeos 2026 y 2028 se llevar\u00e1 a cabo en una Conferencia Extraordinaria de EHF en Noviembre de 2021 coincidiendo con el 30 aniversario de la Federaci\u00f3n Europea de Balonmano.<\/p>\n<p>Seguirnos en twitter:\u00a0<a href=\"https:\/\/twitter.com\/\"><strong>https:\/\/twitter.com\/#!\/deroscacope<\/strong><\/a><\/p>\n","protected":false},"excerpt":{"rendered":"<p>La Federaci\u00f3n Europea de Balonmano (EHF) ha reconocido p\u00fablicamente que existe un alto grado de inter\u00e9s por parte de diversos pa\u00edses para organizar tanto los Europeos Masculinos como Femeninos para los a\u00f1os 2026 y 2028. En total han sido 14 las federaciones nacionales las que\u00a0 han expresado su inter\u00e9s por albergar dichos eventos. Como parte [&hellip;]<\/p>\n","protected":false},"author":23,"featured_media":1683,"comment_status":"open","ping_status":"open","sticky":false,"template":"","format":"standard","meta":{"footnotes":""},"categories":[3],"tags":[],"class_list":["post-1682","post","type-post","status-publish","format-standard","has-post-thumbnail","hentry","category-balonmano"],"yoast_head":"<!-- This site is optimized with the Yoast SEO plugin v27.4 - https:\/\/yoast.com\/product\/yoast-seo-wordpress\/ -->\n<title>Candidatura conjunta de Espa\u00f1a y Portugal para Europeo Masculino 2028 - Derosca<\/title>\n<meta name=\"robots\" content=\"index, follow, max-snippet:-1, max-image-preview:large, max-video-preview:-1\" \/>\n<link rel=\"canonical\" href=\"https:\/\/www.cope.es\/blogs\/derosca\/2020\/10\/07\/candidatura-conjunta-de-espana-y-portugal-para-europeo-masculino-2028\/\" \/>\n<meta property=\"og:locale\" content=\"es_ES\" \/>\n<meta property=\"og:type\" content=\"article\" \/>\n<meta property=\"og:title\" content=\"Candidatura conjunta de Espa\u00f1a y Portugal para Europeo Masculino 2028 - Derosca\" \/>\n<meta property=\"og:description\" content=\"La Federaci\u00f3n Europea de Balonmano (EHF) ha reconocido p\u00fablicamente que existe un alto grado de inter\u00e9s por parte de diversos pa\u00edses para organizar tanto los Europeos Masculinos como Femeninos para los a\u00f1os 2026 y 2028. En total han sido 14 las federaciones nacionales las que\u00a0 han expresado su inter\u00e9s por albergar dichos eventos. Como parte [&hellip;]\" \/>\n<meta property=\"og:url\" content=\"https:\/\/www.cope.es\/blogs\/derosca\/2020\/10\/07\/candidatura-conjunta-de-espana-y-portugal-para-europeo-masculino-2028\/\" \/>\n<meta property=\"og:site_name\" content=\"Derosca\" \/>\n<meta property=\"article:publisher\" content=\"https:\/\/www.facebook.com\/cope\/\" \/>\n<meta property=\"article:published_time\" content=\"2020-10-07T07:24:07+00:00\" \/>\n<meta property=\"og:image\" content=\"https:\/\/www.cope.es\/blogs\/derosca\/wp-content\/uploads\/sites\/22\/2020\/10\/20200124_194452.jpg\" \/>\n\t<meta property=\"og:image:width\" content=\"680\" \/>\n\t<meta property=\"og:image:height\" content=\"374\" \/>\n\t<meta property=\"og:image:type\" content=\"image\/jpeg\" \/>\n<meta name=\"author\" content=\"Luis Malvar\" \/>\n<meta name=\"twitter:card\" content=\"summary_large_image\" \/>\n<meta name=\"twitter:creator\" content=\"@cope_es\" \/>\n<meta name=\"twitter:site\" content=\"@cope_es\" \/>\n<meta name=\"twitter:label1\" content=\"Escrito por\" \/>\n\t<meta name=\"twitter:data1\" content=\"Luis Malvar\" \/>\n\t<meta name=\"twitter:label2\" content=\"Tiempo de lectura\" \/>\n\t<meta name=\"twitter:data2\" content=\"3 minutos\" \/>\n<script type=\"application\/ld+json\" class=\"yoast-schema-graph\">{\"@context\":\"https:\\\/\\\/schema.org\",\"@graph\":[{\"@type\":\"Article\",\"@id\":\"https:\\\/\\\/www.cope.es\\\/blogs\\\/derosca\\\/2020\\\/10\\\/07\\\/candidatura-conjunta-de-espana-y-portugal-para-europeo-masculino-2028\\\/#article\",\"isPartOf\":{\"@id\":\"https:\\\/\\\/www.cope.es\\\/blogs\\\/derosca\\\/2020\\\/10\\\/07\\\/candidatura-conjunta-de-espana-y-portugal-para-europeo-masculino-2028\\\/\"},\"author\":{\"name\":\"Luis Malvar\",\"@id\":\"https:\\\/\\\/www.cope.es\\\/blogs\\\/derosca\\\/#\\\/schema\\\/person\\\/02d6fa6fa8d8db60f83303875a4ff77f\"},\"headline\":\"Candidatura conjunta de Espa\u00f1a y Portugal para Europeo Masculino 2028\",\"datePublished\":\"2020-10-07T07:24:07+00:00\",\"mainEntityOfPage\":{\"@id\":\"https:\\\/\\\/www.cope.es\\\/blogs\\\/derosca\\\/2020\\\/10\\\/07\\\/candidatura-conjunta-de-espana-y-portugal-para-europeo-masculino-2028\\\/\"},\"wordCount\":546,\"commentCount\":0,\"image\":{\"@id\":\"https:\\\/\\\/www.cope.es\\\/blogs\\\/derosca\\\/2020\\\/10\\\/07\\\/candidatura-conjunta-de-espana-y-portugal-para-europeo-masculino-2028\\\/#primaryimage\"},\"thumbnailUrl\":\"https:\\\/\\\/www.cope.es\\\/blogs\\\/derosca\\\/wp-content\\\/uploads\\\/sites\\\/22\\\/2020\\\/10\\\/20200124_194452.jpg\",\"articleSection\":[\"Balonmano\"],\"inLanguage\":\"es\",\"potentialAction\":[{\"@type\":\"CommentAction\",\"name\":\"Comment\",\"target\":[\"https:\\\/\\\/www.cope.es\\\/blogs\\\/derosca\\\/2020\\\/10\\\/07\\\/candidatura-conjunta-de-espana-y-portugal-para-europeo-masculino-2028\\\/#respond\"]}]},{\"@type\":\"WebPage\",\"@id\":\"https:\\\/\\\/www.cope.es\\\/blogs\\\/derosca\\\/2020\\\/10\\\/07\\\/candidatura-conjunta-de-espana-y-portugal-para-europeo-masculino-2028\\\/\",\"url\":\"https:\\\/\\\/www.cope.es\\\/blogs\\\/derosca\\\/2020\\\/10\\\/07\\\/candidatura-conjunta-de-espana-y-portugal-para-europeo-masculino-2028\\\/\",\"name\":\"Candidatura conjunta de Espa\u00f1a y Portugal para Europeo Masculino 2028 - Derosca\",\"isPartOf\":{\"@id\":\"https:\\\/\\\/www.cope.es\\\/blogs\\\/derosca\\\/#website\"},\"primaryImageOfPage\":{\"@id\":\"https:\\\/\\\/www.cope.es\\\/blogs\\\/derosca\\\/2020\\\/10\\\/07\\\/candidatura-conjunta-de-espana-y-portugal-para-europeo-masculino-2028\\\/#primaryimage\"},\"image\":{\"@id\":\"https:\\\/\\\/www.cope.es\\\/blogs\\\/derosca\\\/2020\\\/10\\\/07\\\/candidatura-conjunta-de-espana-y-portugal-para-europeo-masculino-2028\\\/#primaryimage\"},\"thumbnailUrl\":\"https:\\\/\\\/www.cope.es\\\/blogs\\\/derosca\\\/wp-content\\\/uploads\\\/sites\\\/22\\\/2020\\\/10\\\/20200124_194452.jpg\",\"datePublished\":\"2020-10-07T07:24:07+00:00\",\"author\":{\"@id\":\"https:\\\/\\\/www.cope.es\\\/blogs\\\/derosca\\\/#\\\/schema\\\/person\\\/02d6fa6fa8d8db60f83303875a4ff77f\"},\"breadcrumb\":{\"@id\":\"https:\\\/\\\/www.cope.es\\\/blogs\\\/derosca\\\/2020\\\/10\\\/07\\\/candidatura-conjunta-de-espana-y-portugal-para-europeo-masculino-2028\\\/#breadcrumb\"},\"inLanguage\":\"es\",\"potentialAction\":[{\"@type\":\"ReadAction\",\"target\":[\"https:\\\/\\\/www.cope.es\\\/blogs\\\/derosca\\\/2020\\\/10\\\/07\\\/candidatura-conjunta-de-espana-y-portugal-para-europeo-masculino-2028\\\/\"]}]},{\"@type\":\"ImageObject\",\"inLanguage\":\"es\",\"@id\":\"https:\\\/\\\/www.cope.es\\\/blogs\\\/derosca\\\/2020\\\/10\\\/07\\\/candidatura-conjunta-de-espana-y-portugal-para-europeo-masculino-2028\\\/#primaryimage\",\"url\":\"https:\\\/\\\/www.cope.es\\\/blogs\\\/derosca\\\/wp-content\\\/uploads\\\/sites\\\/22\\\/2020\\\/10\\\/20200124_194452.jpg\",\"contentUrl\":\"https:\\\/\\\/www.cope.es\\\/blogs\\\/derosca\\\/wp-content\\\/uploads\\\/sites\\\/22\\\/2020\\\/10\\\/20200124_194452.jpg\",\"width\":680,\"height\":374},{\"@type\":\"BreadcrumbList\",\"@id\":\"https:\\\/\\\/www.cope.es\\\/blogs\\\/derosca\\\/2020\\\/10\\\/07\\\/candidatura-conjunta-de-espana-y-portugal-para-europeo-masculino-2028\\\/#breadcrumb\",\"itemListElement\":[{\"@type\":\"ListItem\",\"position\":1,\"name\":\"Portada\",\"item\":\"https:\\\/\\\/www.cope.es\\\/blogs\\\/derosca\\\/\"},{\"@type\":\"ListItem\",\"position\":2,\"name\":\"Candidatura conjunta de Espa\u00f1a y Portugal para Europeo Masculino 2028\"}]},{\"@type\":\"WebSite\",\"@id\":\"https:\\\/\\\/www.cope.es\\\/blogs\\\/derosca\\\/#website\",\"url\":\"https:\\\/\\\/www.cope.es\\\/blogs\\\/derosca\\\/\",\"name\":\"Derosca\",\"description\":\"Blog de balonmano COPE\",\"potentialAction\":[{\"@type\":\"SearchAction\",\"target\":{\"@type\":\"EntryPoint\",\"urlTemplate\":\"https:\\\/\\\/www.cope.es\\\/blogs\\\/derosca\\\/?s={search_term_string}\"},\"query-input\":{\"@type\":\"PropertyValueSpecification\",\"valueRequired\":true,\"valueName\":\"search_term_string\"}}],\"inLanguage\":\"es\"},{\"@type\":\"Person\",\"@id\":\"https:\\\/\\\/www.cope.es\\\/blogs\\\/derosca\\\/#\\\/schema\\\/person\\\/02d6fa6fa8d8db60f83303875a4ff77f\",\"name\":\"Luis Malvar\",\"image\":{\"@type\":\"ImageObject\",\"inLanguage\":\"es\",\"@id\":\"https:\\\/\\\/secure.gravatar.com\\\/avatar\\\/23cd47dec2904689b3ccd32d1dd3e86c7cbf60dcf7376c68854f761a4939534f?s=96&d=mm&r=g\",\"url\":\"https:\\\/\\\/secure.gravatar.com\\\/avatar\\\/23cd47dec2904689b3ccd32d1dd3e86c7cbf60dcf7376c68854f761a4939534f?s=96&d=mm&r=g\",\"contentUrl\":\"https:\\\/\\\/secure.gravatar.com\\\/avatar\\\/23cd47dec2904689b3ccd32d1dd3e86c7cbf60dcf7376c68854f761a4939534f?s=96&d=mm&r=g\",\"caption\":\"Luis Malvar\"},\"description\":\"Comenc\u00e9 la andadura del Blog Derosca all\u00e1 por el 22 de Mayo de 2008. Un blog en el que se trata de llevar a los numerosos aficionados y amantes del mundo del balonmano toda la actualidad de nuestro apasionante deporte. Una ventana que sirve para dar luz a las innumerables noticias que genera el balonmano y que habitualmente no tienen reflejo en los medios de comunicaci\u00f3n. Sin lugar a dudas el Blog Derosca cuenta con un apartado que tiene a gala contar con miles de seguidores como es \u201cMis Pajaritos\u201d en donde se relatan y narran todas las intrahistorias que se generan en el balonmano espa\u00f1ol y que incomoda a m\u00e1s de uno que salgan a la luz.!Gracias por seguirnos durante todos estos a\u00f1os\u00a1\",\"sameAs\":[\"http:\\\/\\\/www.cope.es\",\"lmalvar\"],\"url\":\"https:\\\/\\\/www.cope.es\\\/blogs\\\/derosca\\\/author\\\/lmalvar\\\/\"}]}<\/script>\n<!-- \/ Yoast SEO plugin. -->","yoast_head_json":{"title":"Candidatura conjunta de Espa\u00f1a y Portugal para Europeo Masculino 2028 - Derosca","robots":{"index":"index","follow":"follow","max-snippet":"max-snippet:-1","max-image-preview":"max-image-preview:large","max-video-preview":"max-video-preview:-1"},"canonical":"https:\/\/www.cope.es\/blogs\/derosca\/2020\/10\/07\/candidatura-conjunta-de-espana-y-portugal-para-europeo-masculino-2028\/","og_locale":"es_ES","og_type":"article","og_title":"Candidatura conjunta de Espa\u00f1a y Portugal para Europeo Masculino 2028 - Derosca","og_description":"La Federaci\u00f3n Europea de Balonmano (EHF) ha reconocido p\u00fablicamente que existe un alto grado de inter\u00e9s por parte de diversos pa\u00edses para organizar tanto los Europeos Masculinos como Femeninos para los a\u00f1os 2026 y 2028. En total han sido 14 las federaciones nacionales las que\u00a0 han expresado su inter\u00e9s por albergar dichos eventos. Como parte [&hellip;]","og_url":"https:\/\/www.cope.es\/blogs\/derosca\/2020\/10\/07\/candidatura-conjunta-de-espana-y-portugal-para-europeo-masculino-2028\/","og_site_name":"Derosca","article_publisher":"https:\/\/www.facebook.com\/cope\/","article_published_time":"2020-10-07T07:24:07+00:00","og_image":[{"width":680,"height":374,"url":"https:\/\/www.cope.es\/blogs\/derosca\/wp-content\/uploads\/sites\/22\/2020\/10\/20200124_194452.jpg","type":"image\/jpeg"}],"author":"Luis Malvar","twitter_card":"summary_large_image","twitter_creator":"@cope_es","twitter_site":"@cope_es","twitter_misc":{"Escrito por":"Luis Malvar","Tiempo de lectura":"3 minutos"},"schema":{"@context":"https:\/\/schema.org","@graph":[{"@type":"Article","@id":"https:\/\/www.cope.es\/blogs\/derosca\/2020\/10\/07\/candidatura-conjunta-de-espana-y-portugal-para-europeo-masculino-2028\/#article","isPartOf":{"@id":"https:\/\/www.cope.es\/blogs\/derosca\/2020\/10\/07\/candidatura-conjunta-de-espana-y-portugal-para-europeo-masculino-2028\/"},"author":{"name":"Luis Malvar","@id":"https:\/\/www.cope.es\/blogs\/derosca\/#\/schema\/person\/02d6fa6fa8d8db60f83303875a4ff77f"},"headline":"Candidatura conjunta de Espa\u00f1a y Portugal para Europeo Masculino 2028","datePublished":"2020-10-07T07:24:07+00:00","mainEntityOfPage":{"@id":"https:\/\/www.cope.es\/blogs\/derosca\/2020\/10\/07\/candidatura-conjunta-de-espana-y-portugal-para-europeo-masculino-2028\/"},"wordCount":546,"commentCount":0,"image":{"@id":"https:\/\/www.cope.es\/blogs\/derosca\/2020\/10\/07\/candidatura-conjunta-de-espana-y-portugal-para-europeo-masculino-2028\/#primaryimage"},"thumbnailUrl":"https:\/\/www.cope.es\/blogs\/derosca\/wp-content\/uploads\/sites\/22\/2020\/10\/20200124_194452.jpg","articleSection":["Balonmano"],"inLanguage":"es","potentialAction":[{"@type":"CommentAction","name":"Comment","target":["https:\/\/www.cope.es\/blogs\/derosca\/2020\/10\/07\/candidatura-conjunta-de-espana-y-portugal-para-europeo-masculino-2028\/#respond"]}]},{"@type":"WebPage","@id":"https:\/\/www.cope.es\/blogs\/derosca\/2020\/10\/07\/candidatura-conjunta-de-espana-y-portugal-para-europeo-masculino-2028\/","url":"https:\/\/www.cope.es\/blogs\/derosca\/2020\/10\/07\/candidatura-conjunta-de-espana-y-portugal-para-europeo-masculino-2028\/","name":"Candidatura conjunta de Espa\u00f1a y Portugal para Europeo Masculino 2028 - Derosca","isPartOf":{"@id":"https:\/\/www.cope.es\/blogs\/derosca\/#website"},"primaryImageOfPage":{"@id":"https:\/\/www.cope.es\/blogs\/derosca\/2020\/10\/07\/candidatura-conjunta-de-espana-y-portugal-para-europeo-masculino-2028\/#primaryimage"},"image":{"@id":"https:\/\/www.cope.es\/blogs\/derosca\/2020\/10\/07\/candidatura-conjunta-de-espana-y-portugal-para-europeo-masculino-2028\/#primaryimage"},"thumbnailUrl":"https:\/\/www.cope.es\/blogs\/derosca\/wp-content\/uploads\/sites\/22\/2020\/10\/20200124_194452.jpg","datePublished":"2020-10-07T07:24:07+00:00","author":{"@id":"https:\/\/www.cope.es\/blogs\/derosca\/#\/schema\/person\/02d6fa6fa8d8db60f83303875a4ff77f"},"breadcrumb":{"@id":"https:\/\/www.cope.es\/blogs\/derosca\/2020\/10\/07\/candidatura-conjunta-de-espana-y-portugal-para-europeo-masculino-2028\/#breadcrumb"},"inLanguage":"es","potentialAction":[{"@type":"ReadAction","target":["https:\/\/www.cope.es\/blogs\/derosca\/2020\/10\/07\/candidatura-conjunta-de-espana-y-portugal-para-europeo-masculino-2028\/"]}]},{"@type":"ImageObject","inLanguage":"es","@id":"https:\/\/www.cope.es\/blogs\/derosca\/2020\/10\/07\/candidatura-conjunta-de-espana-y-portugal-para-europeo-masculino-2028\/#primaryimage","url":"https:\/\/www.cope.es\/blogs\/derosca\/wp-content\/uploads\/sites\/22\/2020\/10\/20200124_194452.jpg","contentUrl":"https:\/\/www.cope.es\/blogs\/derosca\/wp-content\/uploads\/sites\/22\/2020\/10\/20200124_194452.jpg","width":680,"height":374},{"@type":"BreadcrumbList","@id":"https:\/\/www.cope.es\/blogs\/derosca\/2020\/10\/07\/candidatura-conjunta-de-espana-y-portugal-para-europeo-masculino-2028\/#breadcrumb","itemListElement":[{"@type":"ListItem","position":1,"name":"Portada","item":"https:\/\/www.cope.es\/blogs\/derosca\/"},{"@type":"ListItem","position":2,"name":"Candidatura conjunta de Espa\u00f1a y Portugal para Europeo Masculino 2028"}]},{"@type":"WebSite","@id":"https:\/\/www.cope.es\/blogs\/derosca\/#website","url":"https:\/\/www.cope.es\/blogs\/derosca\/","name":"Derosca","description":"Blog de balonmano COPE","potentialAction":[{"@type":"SearchAction","target":{"@type":"EntryPoint","urlTemplate":"https:\/\/www.cope.es\/blogs\/derosca\/?s={search_term_string}"},"query-input":{"@type":"PropertyValueSpecification","valueRequired":true,"valueName":"search_term_string"}}],"inLanguage":"es"},{"@type":"Person","@id":"https:\/\/www.cope.es\/blogs\/derosca\/#\/schema\/person\/02d6fa6fa8d8db60f83303875a4ff77f","name":"Luis Malvar","image":{"@type":"ImageObject","inLanguage":"es","@id":"https:\/\/secure.gravatar.com\/avatar\/23cd47dec2904689b3ccd32d1dd3e86c7cbf60dcf7376c68854f761a4939534f?s=96&d=mm&r=g","url":"https:\/\/secure.gravatar.com\/avatar\/23cd47dec2904689b3ccd32d1dd3e86c7cbf60dcf7376c68854f761a4939534f?s=96&d=mm&r=g","contentUrl":"https:\/\/secure.gravatar.com\/avatar\/23cd47dec2904689b3ccd32d1dd3e86c7cbf60dcf7376c68854f761a4939534f?s=96&d=mm&r=g","caption":"Luis Malvar"},"description":"Comenc\u00e9 la andadura del Blog Derosca all\u00e1 por el 22 de Mayo de 2008. Un blog en el que se trata de llevar a los numerosos aficionados y amantes del mundo del balonmano toda la actualidad de nuestro apasionante deporte. Una ventana que sirve para dar luz a las innumerables noticias que genera el balonmano y que habitualmente no tienen reflejo en los medios de comunicaci\u00f3n. Sin lugar a dudas el Blog Derosca cuenta con un apartado que tiene a gala contar con miles de seguidores como es \u201cMis Pajaritos\u201d en donde se relatan y narran todas las intrahistorias que se generan en el balonmano espa\u00f1ol y que incomoda a m\u00e1s de uno que salgan a la luz.!Gracias por seguirnos durante todos estos a\u00f1os\u00a1","sameAs":["http:\/\/www.cope.es","lmalvar"],"url":"https:\/\/www.cope.es\/blogs\/derosca\/author\/lmalvar\/"}]}},"amp_enabled":true,"_links":{"self":[{"href":"https:\/\/www.cope.es\/blogs\/derosca\/wp-json\/wp\/v2\/posts\/1682","targetHints":{"allow":["GET"]}}],"collection":[{"href":"https:\/\/www.cope.es\/blogs\/derosca\/wp-json\/wp\/v2\/posts"}],"about":[{"href":"https:\/\/www.cope.es\/blogs\/derosca\/wp-json\/wp\/v2\/types\/post"}],"author":[{"embeddable":true,"href":"https:\/\/www.cope.es\/blogs\/derosca\/wp-json\/wp\/v2\/users\/23"}],"replies":[{"embeddable":true,"href":"https:\/\/www.cope.es\/blogs\/derosca\/wp-json\/wp\/v2\/comments?post=1682"}],"version-history":[{"count":1,"href":"https:\/\/www.cope.es\/blogs\/derosca\/wp-json\/wp\/v2\/posts\/1682\/revisions"}],"predecessor-version":[{"id":1684,"href":"https:\/\/www.cope.es\/blogs\/derosca\/wp-json\/wp\/v2\/posts\/1682\/revisions\/1684"}],"wp:featuredmedia":[{"embeddable":true,"href":"https:\/\/www.cope.es\/blogs\/derosca\/wp-json\/wp\/v2\/media\/1683"}],"wp:attachment":[{"href":"https:\/\/www.cope.es\/blogs\/derosca\/wp-json\/wp\/v2\/media?parent=1682"}],"wp:term":[{"taxonomy":"category","embeddable":true,"href":"https:\/\/www.cope.es\/blogs\/derosca\/wp-json\/wp\/v2\/categories?post=1682"},{"taxonomy":"post_tag","embeddable":true,"href":"https:\/\/www.cope.es\/blogs\/derosca\/wp-json\/wp\/v2\/tags?post=1682"}],"curies":[{"name":"wp","href":"https:\/\/api.w.org\/{rel}","templated":true}]}}