{"id":161,"date":"2018-06-05T09:25:38","date_gmt":"2018-06-05T07:25:38","guid":{"rendered":"http:\/\/www.cope.es\/blogs\/derosca\/?p=161"},"modified":"2018-06-05T09:25:38","modified_gmt":"2018-06-05T07:25:38","slug":"se-constituyen-las-organizaciones-europea-e-internacional-de-entrenadores","status":"publish","type":"post","link":"https:\/\/www.cope.es\/blogs\/derosca\/2018\/06\/05\/se-constituyen-las-organizaciones-europea-e-internacional-de-entrenadores\/","title":{"rendered":"Se constituyen las Organizaciones Europea e Internacional de Entrenadores"},"content":{"rendered":"<p><span style=\"font-family: Arial, sans-serif\"><span style=\"font-size: medium\">Coincidiendo con la celebraci\u00f3n de la FINAL4 de la Champions League en la ciudad alemana de Colonia se ha firmado el Acta Fundacional de la Organizaci\u00f3n Europea de Entrenadores y la Organizaci\u00f3n Internacional de Entrenadores de Balonmano<\/span><\/span><span style=\"color: #1d2129\"><span style=\"font-family: Arial, sans-serif\"><span style=\"font-size: medium\">(E.H.C.O e I.H.C.O)<\/span><\/span><\/span><\/p>\n<p><span style=\"color: #1d2129\"><span style=\"font-family: Arial, sans-serif\"><span style=\"font-size: medium\">Dicha Acta Fundacional de ambas Asociaciones (E.H.C.O e I.H.C.O) ha sido firmada por parte de los Presidentes de las Asociaciones de Entrenadores Francesa, Alemana, Danesa, Portuguesa, Argentina y Espa\u00f1ola. Unas asociaciones que van a englobar a un gran n\u00famero de entrenadores y se espera de cara al futuro que se sigan sumando m\u00e1s t\u00e9cnicos de otras nacionalidades.<\/span><\/span><\/span><\/p>\n<p><span style=\"color: #1d2129\"><span style=\"font-family: Arial, sans-serif\"><span style=\"font-size: medium\">Est\u00e1 previsto que durante la celebraci\u00f3n del pr\u00f3ximo Mundial Masculino 2019 que se va a disputar en Alemania y Dinamarca se celebre el primer Congreso Fundacional con Ponencias por parte de los Entrenadores de todos los pa\u00edses miembros. Igualmente, durante esos d\u00edas, se proceder\u00e1 a elegir los cargos que estar\u00e1n al frente de las respectivas organizaciones que se acaban de constituir.<\/span><\/span><\/span><\/p>\n<p><span style=\"color: #1d2129\"><span style=\"font-family: Arial, sans-serif\"><span style=\"font-size: medium\">Est\u00e1 claro que es un gran avance el que se ha llevado a cabo el pasado 26 de Mayo en Colonia, estableciendo una serie de elementos comunes a seguir para continuar trabajando los propios t\u00e9cnicos en un proyecto com\u00fan por los derechos de los entrenadores de forma internacional. <\/span><\/span><\/span><\/p>\n<p><span style=\"font-family: Arial, sans-serif\"><span style=\"font-size: medium\">Por cierto me cuentan<\/span><\/span><em><span style=\"font-family: Arial, sans-serif\"><span style=\"font-size: medium\"><b> \u201cMis Pajaritos\u201d<\/b><\/span><\/span><\/em><span style=\"font-family: Arial, sans-serif\"><span style=\"font-size: medium\"> que Paco Paquito Bl\u00e1zquez \u201cEl Medallitas\u201d todav\u00eda no ha pagado a los jugadores de la Selecci\u00f3n Absoluta Masculina el premio o la prima acordada en su d\u00eda por el Oro logrado por Espa\u00f1a en el pasado Europeo 2018 en Croacia. Una prima importante que est\u00e1n esperando los jugadores como agua de Mayo y que seg\u00fan me cuentan todav\u00eda no est\u00e1 claro cuando lo van a cobrar.<\/span><\/span><\/p>\n<p><span style=\"color: #02171d\"><span style=\"font-family: Arial, sans-serif\"><span style=\"font-size: medium\"><span>Seguirnos en twitter:\u00a0<\/span><\/span><\/span><\/span><span style=\"color: #000080\"><span><u><a href=\"https:\/\/twitter.com\/\"><span style=\"color: #0000ff\"><span style=\"font-family: Arial, sans-serif\"><span style=\"font-size: medium\"><span>https:\/\/twitter.com\/#!\/deroscacope<\/span><\/span><\/span><\/span><\/a><\/u><\/span><\/span><\/p>\n","protected":false},"excerpt":{"rendered":"<p>Coincidiendo con la celebraci\u00f3n de la FINAL4 de la Champions League en la ciudad alemana de Colonia se ha firmado el Acta Fundacional de la Organizaci\u00f3n Europea de Entrenadores y la Organizaci\u00f3n Internacional de Entrenadores de Balonmano(E.H.C.O e I.H.C.O) Dicha Acta Fundacional de ambas Asociaciones (E.H.C.O e I.H.C.O) ha sido firmada por parte de los [&hellip;]<\/p>\n","protected":false},"author":23,"featured_media":162,"comment_status":"open","ping_status":"open","sticky":false,"template":"","format":"standard","meta":{"footnotes":""},"categories":[3],"tags":[],"class_list":["post-161","post","type-post","status-publish","format-standard","has-post-thumbnail","hentry","category-balonmano"],"yoast_head":"<!-- This site is optimized with the Yoast SEO plugin v27.4 - https:\/\/yoast.com\/product\/yoast-seo-wordpress\/ -->\n<title>Se constituyen las Organizaciones Europea e Internacional de Entrenadores - Derosca<\/title>\n<meta name=\"robots\" content=\"index, follow, max-snippet:-1, max-image-preview:large, max-video-preview:-1\" \/>\n<link rel=\"canonical\" href=\"https:\/\/www.cope.es\/blogs\/derosca\/2018\/06\/05\/se-constituyen-las-organizaciones-europea-e-internacional-de-entrenadores\/\" \/>\n<meta property=\"og:locale\" content=\"es_ES\" \/>\n<meta property=\"og:type\" content=\"article\" \/>\n<meta property=\"og:title\" content=\"Se constituyen las Organizaciones Europea e Internacional de Entrenadores - Derosca\" \/>\n<meta property=\"og:description\" content=\"Coincidiendo con la celebraci\u00f3n de la FINAL4 de la Champions League en la ciudad alemana de Colonia se ha firmado el Acta Fundacional de la Organizaci\u00f3n Europea de Entrenadores y la Organizaci\u00f3n Internacional de Entrenadores de Balonmano(E.H.C.O e I.H.C.O) Dicha Acta Fundacional de ambas Asociaciones (E.H.C.O e I.H.C.O) ha sido firmada por parte de los [&hellip;]\" \/>\n<meta property=\"og:url\" content=\"https:\/\/www.cope.es\/blogs\/derosca\/2018\/06\/05\/se-constituyen-las-organizaciones-europea-e-internacional-de-entrenadores\/\" \/>\n<meta property=\"og:site_name\" content=\"Derosca\" \/>\n<meta property=\"article:publisher\" content=\"https:\/\/www.facebook.com\/cope\/\" \/>\n<meta property=\"article:published_time\" content=\"2018-06-05T07:25:38+00:00\" \/>\n<meta property=\"og:image\" content=\"https:\/\/www.cope.es\/blogs\/derosca\/wp-content\/uploads\/sites\/22\/2018\/06\/33744771_1660061314047820_1135370219535990784_o.jpg\" \/>\n\t<meta property=\"og:image:width\" content=\"800\" \/>\n\t<meta property=\"og:image:height\" content=\"670\" \/>\n\t<meta property=\"og:image:type\" content=\"image\/jpeg\" \/>\n<meta name=\"author\" content=\"Luis Malvar\" \/>\n<meta name=\"twitter:card\" content=\"summary_large_image\" \/>\n<meta name=\"twitter:creator\" content=\"@cope_es\" \/>\n<meta name=\"twitter:site\" content=\"@cope_es\" \/>\n<meta name=\"twitter:label1\" content=\"Escrito por\" \/>\n\t<meta name=\"twitter:data1\" content=\"Luis Malvar\" \/>\n\t<meta name=\"twitter:label2\" content=\"Tiempo de lectura\" \/>\n\t<meta name=\"twitter:data2\" content=\"2 minutos\" \/>\n<script type=\"application\/ld+json\" class=\"yoast-schema-graph\">{\"@context\":\"https:\\\/\\\/schema.org\",\"@graph\":[{\"@type\":\"Article\",\"@id\":\"https:\\\/\\\/www.cope.es\\\/blogs\\\/derosca\\\/2018\\\/06\\\/05\\\/se-constituyen-las-organizaciones-europea-e-internacional-de-entrenadores\\\/#article\",\"isPartOf\":{\"@id\":\"https:\\\/\\\/www.cope.es\\\/blogs\\\/derosca\\\/2018\\\/06\\\/05\\\/se-constituyen-las-organizaciones-europea-e-internacional-de-entrenadores\\\/\"},\"author\":{\"name\":\"Luis Malvar\",\"@id\":\"https:\\\/\\\/www.cope.es\\\/blogs\\\/derosca\\\/#\\\/schema\\\/person\\\/02d6fa6fa8d8db60f83303875a4ff77f\"},\"headline\":\"Se constituyen las Organizaciones Europea e Internacional de Entrenadores\",\"datePublished\":\"2018-06-05T07:25:38+00:00\",\"mainEntityOfPage\":{\"@id\":\"https:\\\/\\\/www.cope.es\\\/blogs\\\/derosca\\\/2018\\\/06\\\/05\\\/se-constituyen-las-organizaciones-europea-e-internacional-de-entrenadores\\\/\"},\"wordCount\":325,\"commentCount\":0,\"image\":{\"@id\":\"https:\\\/\\\/www.cope.es\\\/blogs\\\/derosca\\\/2018\\\/06\\\/05\\\/se-constituyen-las-organizaciones-europea-e-internacional-de-entrenadores\\\/#primaryimage\"},\"thumbnailUrl\":\"https:\\\/\\\/www.cope.es\\\/blogs\\\/derosca\\\/wp-content\\\/uploads\\\/sites\\\/22\\\/2018\\\/06\\\/33744771_1660061314047820_1135370219535990784_o.jpg\",\"articleSection\":[\"Balonmano\"],\"inLanguage\":\"es\",\"potentialAction\":[{\"@type\":\"CommentAction\",\"name\":\"Comment\",\"target\":[\"https:\\\/\\\/www.cope.es\\\/blogs\\\/derosca\\\/2018\\\/06\\\/05\\\/se-constituyen-las-organizaciones-europea-e-internacional-de-entrenadores\\\/#respond\"]}]},{\"@type\":\"WebPage\",\"@id\":\"https:\\\/\\\/www.cope.es\\\/blogs\\\/derosca\\\/2018\\\/06\\\/05\\\/se-constituyen-las-organizaciones-europea-e-internacional-de-entrenadores\\\/\",\"url\":\"https:\\\/\\\/www.cope.es\\\/blogs\\\/derosca\\\/2018\\\/06\\\/05\\\/se-constituyen-las-organizaciones-europea-e-internacional-de-entrenadores\\\/\",\"name\":\"Se constituyen las Organizaciones Europea e Internacional de Entrenadores - Derosca\",\"isPartOf\":{\"@id\":\"https:\\\/\\\/www.cope.es\\\/blogs\\\/derosca\\\/#website\"},\"primaryImageOfPage\":{\"@id\":\"https:\\\/\\\/www.cope.es\\\/blogs\\\/derosca\\\/2018\\\/06\\\/05\\\/se-constituyen-las-organizaciones-europea-e-internacional-de-entrenadores\\\/#primaryimage\"},\"image\":{\"@id\":\"https:\\\/\\\/www.cope.es\\\/blogs\\\/derosca\\\/2018\\\/06\\\/05\\\/se-constituyen-las-organizaciones-europea-e-internacional-de-entrenadores\\\/#primaryimage\"},\"thumbnailUrl\":\"https:\\\/\\\/www.cope.es\\\/blogs\\\/derosca\\\/wp-content\\\/uploads\\\/sites\\\/22\\\/2018\\\/06\\\/33744771_1660061314047820_1135370219535990784_o.jpg\",\"datePublished\":\"2018-06-05T07:25:38+00:00\",\"author\":{\"@id\":\"https:\\\/\\\/www.cope.es\\\/blogs\\\/derosca\\\/#\\\/schema\\\/person\\\/02d6fa6fa8d8db60f83303875a4ff77f\"},\"breadcrumb\":{\"@id\":\"https:\\\/\\\/www.cope.es\\\/blogs\\\/derosca\\\/2018\\\/06\\\/05\\\/se-constituyen-las-organizaciones-europea-e-internacional-de-entrenadores\\\/#breadcrumb\"},\"inLanguage\":\"es\",\"potentialAction\":[{\"@type\":\"ReadAction\",\"target\":[\"https:\\\/\\\/www.cope.es\\\/blogs\\\/derosca\\\/2018\\\/06\\\/05\\\/se-constituyen-las-organizaciones-europea-e-internacional-de-entrenadores\\\/\"]}]},{\"@type\":\"ImageObject\",\"inLanguage\":\"es\",\"@id\":\"https:\\\/\\\/www.cope.es\\\/blogs\\\/derosca\\\/2018\\\/06\\\/05\\\/se-constituyen-las-organizaciones-europea-e-internacional-de-entrenadores\\\/#primaryimage\",\"url\":\"https:\\\/\\\/www.cope.es\\\/blogs\\\/derosca\\\/wp-content\\\/uploads\\\/sites\\\/22\\\/2018\\\/06\\\/33744771_1660061314047820_1135370219535990784_o.jpg\",\"contentUrl\":\"https:\\\/\\\/www.cope.es\\\/blogs\\\/derosca\\\/wp-content\\\/uploads\\\/sites\\\/22\\\/2018\\\/06\\\/33744771_1660061314047820_1135370219535990784_o.jpg\",\"width\":800,\"height\":670,\"caption\":\"Se constituyen las Organizaciones Europea e Internacional de Entrenadores\"},{\"@type\":\"BreadcrumbList\",\"@id\":\"https:\\\/\\\/www.cope.es\\\/blogs\\\/derosca\\\/2018\\\/06\\\/05\\\/se-constituyen-las-organizaciones-europea-e-internacional-de-entrenadores\\\/#breadcrumb\",\"itemListElement\":[{\"@type\":\"ListItem\",\"position\":1,\"name\":\"Portada\",\"item\":\"https:\\\/\\\/www.cope.es\\\/blogs\\\/derosca\\\/\"},{\"@type\":\"ListItem\",\"position\":2,\"name\":\"Se constituyen las Organizaciones Europea e Internacional de Entrenadores\"}]},{\"@type\":\"WebSite\",\"@id\":\"https:\\\/\\\/www.cope.es\\\/blogs\\\/derosca\\\/#website\",\"url\":\"https:\\\/\\\/www.cope.es\\\/blogs\\\/derosca\\\/\",\"name\":\"Derosca\",\"description\":\"Blog de balonmano COPE\",\"potentialAction\":[{\"@type\":\"SearchAction\",\"target\":{\"@type\":\"EntryPoint\",\"urlTemplate\":\"https:\\\/\\\/www.cope.es\\\/blogs\\\/derosca\\\/?s={search_term_string}\"},\"query-input\":{\"@type\":\"PropertyValueSpecification\",\"valueRequired\":true,\"valueName\":\"search_term_string\"}}],\"inLanguage\":\"es\"},{\"@type\":\"Person\",\"@id\":\"https:\\\/\\\/www.cope.es\\\/blogs\\\/derosca\\\/#\\\/schema\\\/person\\\/02d6fa6fa8d8db60f83303875a4ff77f\",\"name\":\"Luis Malvar\",\"image\":{\"@type\":\"ImageObject\",\"inLanguage\":\"es\",\"@id\":\"https:\\\/\\\/secure.gravatar.com\\\/avatar\\\/23cd47dec2904689b3ccd32d1dd3e86c7cbf60dcf7376c68854f761a4939534f?s=96&d=mm&r=g\",\"url\":\"https:\\\/\\\/secure.gravatar.com\\\/avatar\\\/23cd47dec2904689b3ccd32d1dd3e86c7cbf60dcf7376c68854f761a4939534f?s=96&d=mm&r=g\",\"contentUrl\":\"https:\\\/\\\/secure.gravatar.com\\\/avatar\\\/23cd47dec2904689b3ccd32d1dd3e86c7cbf60dcf7376c68854f761a4939534f?s=96&d=mm&r=g\",\"caption\":\"Luis Malvar\"},\"description\":\"Comenc\u00e9 la andadura del Blog Derosca all\u00e1 por el 22 de Mayo de 2008. Un blog en el que se trata de llevar a los numerosos aficionados y amantes del mundo del balonmano toda la actualidad de nuestro apasionante deporte. Una ventana que sirve para dar luz a las innumerables noticias que genera el balonmano y que habitualmente no tienen reflejo en los medios de comunicaci\u00f3n. Sin lugar a dudas el Blog Derosca cuenta con un apartado que tiene a gala contar con miles de seguidores como es \u201cMis Pajaritos\u201d en donde se relatan y narran todas las intrahistorias que se generan en el balonmano espa\u00f1ol y que incomoda a m\u00e1s de uno que salgan a la luz.!Gracias por seguirnos durante todos estos a\u00f1os\u00a1\",\"sameAs\":[\"http:\\\/\\\/www.cope.es\",\"lmalvar\"],\"url\":\"https:\\\/\\\/www.cope.es\\\/blogs\\\/derosca\\\/author\\\/lmalvar\\\/\"}]}<\/script>\n<!-- \/ Yoast SEO plugin. -->","yoast_head_json":{"title":"Se constituyen las Organizaciones Europea e Internacional de Entrenadores - Derosca","robots":{"index":"index","follow":"follow","max-snippet":"max-snippet:-1","max-image-preview":"max-image-preview:large","max-video-preview":"max-video-preview:-1"},"canonical":"https:\/\/www.cope.es\/blogs\/derosca\/2018\/06\/05\/se-constituyen-las-organizaciones-europea-e-internacional-de-entrenadores\/","og_locale":"es_ES","og_type":"article","og_title":"Se constituyen las Organizaciones Europea e Internacional de Entrenadores - Derosca","og_description":"Coincidiendo con la celebraci\u00f3n de la FINAL4 de la Champions League en la ciudad alemana de Colonia se ha firmado el Acta Fundacional de la Organizaci\u00f3n Europea de Entrenadores y la Organizaci\u00f3n Internacional de Entrenadores de Balonmano(E.H.C.O e I.H.C.O) Dicha Acta Fundacional de ambas Asociaciones (E.H.C.O e I.H.C.O) ha sido firmada por parte de los [&hellip;]","og_url":"https:\/\/www.cope.es\/blogs\/derosca\/2018\/06\/05\/se-constituyen-las-organizaciones-europea-e-internacional-de-entrenadores\/","og_site_name":"Derosca","article_publisher":"https:\/\/www.facebook.com\/cope\/","article_published_time":"2018-06-05T07:25:38+00:00","og_image":[{"width":800,"height":670,"url":"https:\/\/www.cope.es\/blogs\/derosca\/wp-content\/uploads\/sites\/22\/2018\/06\/33744771_1660061314047820_1135370219535990784_o.jpg","type":"image\/jpeg"}],"author":"Luis Malvar","twitter_card":"summary_large_image","twitter_creator":"@cope_es","twitter_site":"@cope_es","twitter_misc":{"Escrito por":"Luis Malvar","Tiempo de lectura":"2 minutos"},"schema":{"@context":"https:\/\/schema.org","@graph":[{"@type":"Article","@id":"https:\/\/www.cope.es\/blogs\/derosca\/2018\/06\/05\/se-constituyen-las-organizaciones-europea-e-internacional-de-entrenadores\/#article","isPartOf":{"@id":"https:\/\/www.cope.es\/blogs\/derosca\/2018\/06\/05\/se-constituyen-las-organizaciones-europea-e-internacional-de-entrenadores\/"},"author":{"name":"Luis Malvar","@id":"https:\/\/www.cope.es\/blogs\/derosca\/#\/schema\/person\/02d6fa6fa8d8db60f83303875a4ff77f"},"headline":"Se constituyen las Organizaciones Europea e Internacional de Entrenadores","datePublished":"2018-06-05T07:25:38+00:00","mainEntityOfPage":{"@id":"https:\/\/www.cope.es\/blogs\/derosca\/2018\/06\/05\/se-constituyen-las-organizaciones-europea-e-internacional-de-entrenadores\/"},"wordCount":325,"commentCount":0,"image":{"@id":"https:\/\/www.cope.es\/blogs\/derosca\/2018\/06\/05\/se-constituyen-las-organizaciones-europea-e-internacional-de-entrenadores\/#primaryimage"},"thumbnailUrl":"https:\/\/www.cope.es\/blogs\/derosca\/wp-content\/uploads\/sites\/22\/2018\/06\/33744771_1660061314047820_1135370219535990784_o.jpg","articleSection":["Balonmano"],"inLanguage":"es","potentialAction":[{"@type":"CommentAction","name":"Comment","target":["https:\/\/www.cope.es\/blogs\/derosca\/2018\/06\/05\/se-constituyen-las-organizaciones-europea-e-internacional-de-entrenadores\/#respond"]}]},{"@type":"WebPage","@id":"https:\/\/www.cope.es\/blogs\/derosca\/2018\/06\/05\/se-constituyen-las-organizaciones-europea-e-internacional-de-entrenadores\/","url":"https:\/\/www.cope.es\/blogs\/derosca\/2018\/06\/05\/se-constituyen-las-organizaciones-europea-e-internacional-de-entrenadores\/","name":"Se constituyen las Organizaciones Europea e Internacional de Entrenadores - Derosca","isPartOf":{"@id":"https:\/\/www.cope.es\/blogs\/derosca\/#website"},"primaryImageOfPage":{"@id":"https:\/\/www.cope.es\/blogs\/derosca\/2018\/06\/05\/se-constituyen-las-organizaciones-europea-e-internacional-de-entrenadores\/#primaryimage"},"image":{"@id":"https:\/\/www.cope.es\/blogs\/derosca\/2018\/06\/05\/se-constituyen-las-organizaciones-europea-e-internacional-de-entrenadores\/#primaryimage"},"thumbnailUrl":"https:\/\/www.cope.es\/blogs\/derosca\/wp-content\/uploads\/sites\/22\/2018\/06\/33744771_1660061314047820_1135370219535990784_o.jpg","datePublished":"2018-06-05T07:25:38+00:00","author":{"@id":"https:\/\/www.cope.es\/blogs\/derosca\/#\/schema\/person\/02d6fa6fa8d8db60f83303875a4ff77f"},"breadcrumb":{"@id":"https:\/\/www.cope.es\/blogs\/derosca\/2018\/06\/05\/se-constituyen-las-organizaciones-europea-e-internacional-de-entrenadores\/#breadcrumb"},"inLanguage":"es","potentialAction":[{"@type":"ReadAction","target":["https:\/\/www.cope.es\/blogs\/derosca\/2018\/06\/05\/se-constituyen-las-organizaciones-europea-e-internacional-de-entrenadores\/"]}]},{"@type":"ImageObject","inLanguage":"es","@id":"https:\/\/www.cope.es\/blogs\/derosca\/2018\/06\/05\/se-constituyen-las-organizaciones-europea-e-internacional-de-entrenadores\/#primaryimage","url":"https:\/\/www.cope.es\/blogs\/derosca\/wp-content\/uploads\/sites\/22\/2018\/06\/33744771_1660061314047820_1135370219535990784_o.jpg","contentUrl":"https:\/\/www.cope.es\/blogs\/derosca\/wp-content\/uploads\/sites\/22\/2018\/06\/33744771_1660061314047820_1135370219535990784_o.jpg","width":800,"height":670,"caption":"Se constituyen las Organizaciones Europea e Internacional de Entrenadores"},{"@type":"BreadcrumbList","@id":"https:\/\/www.cope.es\/blogs\/derosca\/2018\/06\/05\/se-constituyen-las-organizaciones-europea-e-internacional-de-entrenadores\/#breadcrumb","itemListElement":[{"@type":"ListItem","position":1,"name":"Portada","item":"https:\/\/www.cope.es\/blogs\/derosca\/"},{"@type":"ListItem","position":2,"name":"Se constituyen las Organizaciones Europea e Internacional de Entrenadores"}]},{"@type":"WebSite","@id":"https:\/\/www.cope.es\/blogs\/derosca\/#website","url":"https:\/\/www.cope.es\/blogs\/derosca\/","name":"Derosca","description":"Blog de balonmano COPE","potentialAction":[{"@type":"SearchAction","target":{"@type":"EntryPoint","urlTemplate":"https:\/\/www.cope.es\/blogs\/derosca\/?s={search_term_string}"},"query-input":{"@type":"PropertyValueSpecification","valueRequired":true,"valueName":"search_term_string"}}],"inLanguage":"es"},{"@type":"Person","@id":"https:\/\/www.cope.es\/blogs\/derosca\/#\/schema\/person\/02d6fa6fa8d8db60f83303875a4ff77f","name":"Luis Malvar","image":{"@type":"ImageObject","inLanguage":"es","@id":"https:\/\/secure.gravatar.com\/avatar\/23cd47dec2904689b3ccd32d1dd3e86c7cbf60dcf7376c68854f761a4939534f?s=96&d=mm&r=g","url":"https:\/\/secure.gravatar.com\/avatar\/23cd47dec2904689b3ccd32d1dd3e86c7cbf60dcf7376c68854f761a4939534f?s=96&d=mm&r=g","contentUrl":"https:\/\/secure.gravatar.com\/avatar\/23cd47dec2904689b3ccd32d1dd3e86c7cbf60dcf7376c68854f761a4939534f?s=96&d=mm&r=g","caption":"Luis Malvar"},"description":"Comenc\u00e9 la andadura del Blog Derosca all\u00e1 por el 22 de Mayo de 2008. Un blog en el que se trata de llevar a los numerosos aficionados y amantes del mundo del balonmano toda la actualidad de nuestro apasionante deporte. Una ventana que sirve para dar luz a las innumerables noticias que genera el balonmano y que habitualmente no tienen reflejo en los medios de comunicaci\u00f3n. Sin lugar a dudas el Blog Derosca cuenta con un apartado que tiene a gala contar con miles de seguidores como es \u201cMis Pajaritos\u201d en donde se relatan y narran todas las intrahistorias que se generan en el balonmano espa\u00f1ol y que incomoda a m\u00e1s de uno que salgan a la luz.!Gracias por seguirnos durante todos estos a\u00f1os\u00a1","sameAs":["http:\/\/www.cope.es","lmalvar"],"url":"https:\/\/www.cope.es\/blogs\/derosca\/author\/lmalvar\/"}]}},"amp_enabled":true,"_links":{"self":[{"href":"https:\/\/www.cope.es\/blogs\/derosca\/wp-json\/wp\/v2\/posts\/161","targetHints":{"allow":["GET"]}}],"collection":[{"href":"https:\/\/www.cope.es\/blogs\/derosca\/wp-json\/wp\/v2\/posts"}],"about":[{"href":"https:\/\/www.cope.es\/blogs\/derosca\/wp-json\/wp\/v2\/types\/post"}],"author":[{"embeddable":true,"href":"https:\/\/www.cope.es\/blogs\/derosca\/wp-json\/wp\/v2\/users\/23"}],"replies":[{"embeddable":true,"href":"https:\/\/www.cope.es\/blogs\/derosca\/wp-json\/wp\/v2\/comments?post=161"}],"version-history":[{"count":1,"href":"https:\/\/www.cope.es\/blogs\/derosca\/wp-json\/wp\/v2\/posts\/161\/revisions"}],"predecessor-version":[{"id":163,"href":"https:\/\/www.cope.es\/blogs\/derosca\/wp-json\/wp\/v2\/posts\/161\/revisions\/163"}],"wp:featuredmedia":[{"embeddable":true,"href":"https:\/\/www.cope.es\/blogs\/derosca\/wp-json\/wp\/v2\/media\/162"}],"wp:attachment":[{"href":"https:\/\/www.cope.es\/blogs\/derosca\/wp-json\/wp\/v2\/media?parent=161"}],"wp:term":[{"taxonomy":"category","embeddable":true,"href":"https:\/\/www.cope.es\/blogs\/derosca\/wp-json\/wp\/v2\/categories?post=161"},{"taxonomy":"post_tag","embeddable":true,"href":"https:\/\/www.cope.es\/blogs\/derosca\/wp-json\/wp\/v2\/tags?post=161"}],"curies":[{"name":"wp","href":"https:\/\/api.w.org\/{rel}","templated":true}]}}