{"id":1548,"date":"2020-07-16T09:19:31","date_gmt":"2020-07-16T07:19:31","guid":{"rendered":"http:\/\/www.cope.es\/blogs\/derosca\/?p=1548"},"modified":"2020-07-16T09:19:31","modified_gmt":"2020-07-16T07:19:31","slug":"davor-stojanoski-vardar-ha-renunciado-a-su-cargo-como-miembro-de-la-junta-fch","status":"publish","type":"post","link":"https:\/\/www.cope.es\/blogs\/derosca\/2020\/07\/16\/davor-stojanoski-vardar-ha-renunciado-a-su-cargo-como-miembro-de-la-junta-fch\/","title":{"rendered":"Davor Stojanoski (Vardar) ha renunciado a su cargo como miembro de la Junta FCH"},"content":{"rendered":"<p><span style=\"color: #000000\"><span style=\"font-family: Arial, sans-serif\"><span style=\"font-size: medium\">El directivo macedonio Davor Stojanoski, antiguo miembro de la Junta del Forum Club Handball (FCH), ha renunciado a su cargo el pasado Martes 30 de Junio. Stojanoski y su club el Vardar ha realizado una gran labor por sus contribuciones al balonmano europeo. Recordemos que con Davor Stojanski como manager el Vardar gan\u00f3 la Champions League dos veces. Desde el 1 de Julio el club ser\u00e1 nombrado RK Vardar 1961 bajo un nuevo liderazgo. El presidente del Forum Club Handall (FCH), Gregor Planteu, ha agradecido a Stojanoski su contribuci\u00f3n al European Club Handball y le ha deseado todo lo mejor para su futuro.<\/span><\/span><\/span><\/p>\n<p><span style=\"color: #02171d\"><span style=\"font-family: Arial, sans-serif\"><span>Seguirnos en twitter:\u00a0<\/span><\/span><\/span><span style=\"color: #000080\"><span><u><a href=\"https:\/\/twitter.com\/\"><span style=\"color: #0000ff\"><span style=\"font-family: Arial, sans-serif\"><span>https:\/\/twitter.com\/#!\/deroscacope<\/span><\/span><\/span><\/a><\/u><\/span><\/span><\/p>\n","protected":false},"excerpt":{"rendered":"<p>El directivo macedonio Davor Stojanoski, antiguo miembro de la Junta del Forum Club Handball (FCH), ha renunciado a su cargo el pasado Martes 30 de Junio. Stojanoski y su club el Vardar ha realizado una gran labor por sus contribuciones al balonmano europeo. Recordemos que con Davor Stojanski como manager el Vardar gan\u00f3 la Champions [&hellip;]<\/p>\n","protected":false},"author":23,"featured_media":1549,"comment_status":"open","ping_status":"open","sticky":false,"template":"","format":"standard","meta":{"footnotes":""},"categories":[3],"tags":[],"class_list":["post-1548","post","type-post","status-publish","format-standard","has-post-thumbnail","hentry","category-balonmano"],"yoast_head":"<!-- This site is optimized with the Yoast SEO plugin v27.4 - https:\/\/yoast.com\/product\/yoast-seo-wordpress\/ -->\n<title>Davor Stojanoski (Vardar) ha renunciado a su cargo como miembro de la Junta FCH - Derosca<\/title>\n<meta name=\"robots\" content=\"index, follow, max-snippet:-1, max-image-preview:large, max-video-preview:-1\" \/>\n<link rel=\"canonical\" href=\"https:\/\/www.cope.es\/blogs\/derosca\/2020\/07\/16\/davor-stojanoski-vardar-ha-renunciado-a-su-cargo-como-miembro-de-la-junta-fch\/\" \/>\n<meta property=\"og:locale\" content=\"es_ES\" \/>\n<meta property=\"og:type\" content=\"article\" \/>\n<meta property=\"og:title\" content=\"Davor Stojanoski (Vardar) ha renunciado a su cargo como miembro de la Junta FCH - Derosca\" \/>\n<meta property=\"og:description\" content=\"El directivo macedonio Davor Stojanoski, antiguo miembro de la Junta del Forum Club Handball (FCH), ha renunciado a su cargo el pasado Martes 30 de Junio. Stojanoski y su club el Vardar ha realizado una gran labor por sus contribuciones al balonmano europeo. Recordemos que con Davor Stojanski como manager el Vardar gan\u00f3 la Champions [&hellip;]\" \/>\n<meta property=\"og:url\" content=\"https:\/\/www.cope.es\/blogs\/derosca\/2020\/07\/16\/davor-stojanoski-vardar-ha-renunciado-a-su-cargo-como-miembro-de-la-junta-fch\/\" \/>\n<meta property=\"og:site_name\" content=\"Derosca\" \/>\n<meta property=\"article:publisher\" content=\"https:\/\/www.facebook.com\/cope\/\" \/>\n<meta property=\"article:published_time\" content=\"2020-07-16T07:19:31+00:00\" \/>\n<meta property=\"og:image\" content=\"https:\/\/www.cope.es\/blogs\/derosca\/wp-content\/uploads\/sites\/22\/2020\/07\/1510561647698.jpg\" \/>\n\t<meta property=\"og:image:width\" content=\"614\" \/>\n\t<meta property=\"og:image:height\" content=\"570\" \/>\n\t<meta property=\"og:image:type\" content=\"image\/jpeg\" \/>\n<meta name=\"author\" content=\"Luis Malvar\" \/>\n<meta name=\"twitter:card\" content=\"summary_large_image\" \/>\n<meta name=\"twitter:creator\" content=\"@cope_es\" \/>\n<meta name=\"twitter:site\" content=\"@cope_es\" \/>\n<meta name=\"twitter:label1\" content=\"Escrito por\" \/>\n\t<meta name=\"twitter:data1\" content=\"Luis Malvar\" \/>\n\t<meta name=\"twitter:label2\" content=\"Tiempo de lectura\" \/>\n\t<meta name=\"twitter:data2\" content=\"1 minuto\" \/>\n<script type=\"application\/ld+json\" class=\"yoast-schema-graph\">{\"@context\":\"https:\\\/\\\/schema.org\",\"@graph\":[{\"@type\":\"Article\",\"@id\":\"https:\\\/\\\/www.cope.es\\\/blogs\\\/derosca\\\/2020\\\/07\\\/16\\\/davor-stojanoski-vardar-ha-renunciado-a-su-cargo-como-miembro-de-la-junta-fch\\\/#article\",\"isPartOf\":{\"@id\":\"https:\\\/\\\/www.cope.es\\\/blogs\\\/derosca\\\/2020\\\/07\\\/16\\\/davor-stojanoski-vardar-ha-renunciado-a-su-cargo-como-miembro-de-la-junta-fch\\\/\"},\"author\":{\"name\":\"Luis Malvar\",\"@id\":\"https:\\\/\\\/www.cope.es\\\/blogs\\\/derosca\\\/#\\\/schema\\\/person\\\/02d6fa6fa8d8db60f83303875a4ff77f\"},\"headline\":\"Davor Stojanoski (Vardar) ha renunciado a su cargo como miembro de la Junta FCH\",\"datePublished\":\"2020-07-16T07:19:31+00:00\",\"mainEntityOfPage\":{\"@id\":\"https:\\\/\\\/www.cope.es\\\/blogs\\\/derosca\\\/2020\\\/07\\\/16\\\/davor-stojanoski-vardar-ha-renunciado-a-su-cargo-como-miembro-de-la-junta-fch\\\/\"},\"wordCount\":122,\"commentCount\":0,\"image\":{\"@id\":\"https:\\\/\\\/www.cope.es\\\/blogs\\\/derosca\\\/2020\\\/07\\\/16\\\/davor-stojanoski-vardar-ha-renunciado-a-su-cargo-como-miembro-de-la-junta-fch\\\/#primaryimage\"},\"thumbnailUrl\":\"https:\\\/\\\/www.cope.es\\\/blogs\\\/derosca\\\/wp-content\\\/uploads\\\/sites\\\/22\\\/2020\\\/07\\\/1510561647698.jpg\",\"articleSection\":[\"Balonmano\"],\"inLanguage\":\"es\",\"potentialAction\":[{\"@type\":\"CommentAction\",\"name\":\"Comment\",\"target\":[\"https:\\\/\\\/www.cope.es\\\/blogs\\\/derosca\\\/2020\\\/07\\\/16\\\/davor-stojanoski-vardar-ha-renunciado-a-su-cargo-como-miembro-de-la-junta-fch\\\/#respond\"]}]},{\"@type\":\"WebPage\",\"@id\":\"https:\\\/\\\/www.cope.es\\\/blogs\\\/derosca\\\/2020\\\/07\\\/16\\\/davor-stojanoski-vardar-ha-renunciado-a-su-cargo-como-miembro-de-la-junta-fch\\\/\",\"url\":\"https:\\\/\\\/www.cope.es\\\/blogs\\\/derosca\\\/2020\\\/07\\\/16\\\/davor-stojanoski-vardar-ha-renunciado-a-su-cargo-como-miembro-de-la-junta-fch\\\/\",\"name\":\"Davor Stojanoski (Vardar) ha renunciado a su cargo como miembro de la Junta FCH - Derosca\",\"isPartOf\":{\"@id\":\"https:\\\/\\\/www.cope.es\\\/blogs\\\/derosca\\\/#website\"},\"primaryImageOfPage\":{\"@id\":\"https:\\\/\\\/www.cope.es\\\/blogs\\\/derosca\\\/2020\\\/07\\\/16\\\/davor-stojanoski-vardar-ha-renunciado-a-su-cargo-como-miembro-de-la-junta-fch\\\/#primaryimage\"},\"image\":{\"@id\":\"https:\\\/\\\/www.cope.es\\\/blogs\\\/derosca\\\/2020\\\/07\\\/16\\\/davor-stojanoski-vardar-ha-renunciado-a-su-cargo-como-miembro-de-la-junta-fch\\\/#primaryimage\"},\"thumbnailUrl\":\"https:\\\/\\\/www.cope.es\\\/blogs\\\/derosca\\\/wp-content\\\/uploads\\\/sites\\\/22\\\/2020\\\/07\\\/1510561647698.jpg\",\"datePublished\":\"2020-07-16T07:19:31+00:00\",\"author\":{\"@id\":\"https:\\\/\\\/www.cope.es\\\/blogs\\\/derosca\\\/#\\\/schema\\\/person\\\/02d6fa6fa8d8db60f83303875a4ff77f\"},\"breadcrumb\":{\"@id\":\"https:\\\/\\\/www.cope.es\\\/blogs\\\/derosca\\\/2020\\\/07\\\/16\\\/davor-stojanoski-vardar-ha-renunciado-a-su-cargo-como-miembro-de-la-junta-fch\\\/#breadcrumb\"},\"inLanguage\":\"es\",\"potentialAction\":[{\"@type\":\"ReadAction\",\"target\":[\"https:\\\/\\\/www.cope.es\\\/blogs\\\/derosca\\\/2020\\\/07\\\/16\\\/davor-stojanoski-vardar-ha-renunciado-a-su-cargo-como-miembro-de-la-junta-fch\\\/\"]}]},{\"@type\":\"ImageObject\",\"inLanguage\":\"es\",\"@id\":\"https:\\\/\\\/www.cope.es\\\/blogs\\\/derosca\\\/2020\\\/07\\\/16\\\/davor-stojanoski-vardar-ha-renunciado-a-su-cargo-como-miembro-de-la-junta-fch\\\/#primaryimage\",\"url\":\"https:\\\/\\\/www.cope.es\\\/blogs\\\/derosca\\\/wp-content\\\/uploads\\\/sites\\\/22\\\/2020\\\/07\\\/1510561647698.jpg\",\"contentUrl\":\"https:\\\/\\\/www.cope.es\\\/blogs\\\/derosca\\\/wp-content\\\/uploads\\\/sites\\\/22\\\/2020\\\/07\\\/1510561647698.jpg\",\"width\":614,\"height\":570},{\"@type\":\"BreadcrumbList\",\"@id\":\"https:\\\/\\\/www.cope.es\\\/blogs\\\/derosca\\\/2020\\\/07\\\/16\\\/davor-stojanoski-vardar-ha-renunciado-a-su-cargo-como-miembro-de-la-junta-fch\\\/#breadcrumb\",\"itemListElement\":[{\"@type\":\"ListItem\",\"position\":1,\"name\":\"Portada\",\"item\":\"https:\\\/\\\/www.cope.es\\\/blogs\\\/derosca\\\/\"},{\"@type\":\"ListItem\",\"position\":2,\"name\":\"Davor Stojanoski (Vardar) ha renunciado a su cargo como miembro de la Junta FCH\"}]},{\"@type\":\"WebSite\",\"@id\":\"https:\\\/\\\/www.cope.es\\\/blogs\\\/derosca\\\/#website\",\"url\":\"https:\\\/\\\/www.cope.es\\\/blogs\\\/derosca\\\/\",\"name\":\"Derosca\",\"description\":\"Blog de balonmano COPE\",\"potentialAction\":[{\"@type\":\"SearchAction\",\"target\":{\"@type\":\"EntryPoint\",\"urlTemplate\":\"https:\\\/\\\/www.cope.es\\\/blogs\\\/derosca\\\/?s={search_term_string}\"},\"query-input\":{\"@type\":\"PropertyValueSpecification\",\"valueRequired\":true,\"valueName\":\"search_term_string\"}}],\"inLanguage\":\"es\"},{\"@type\":\"Person\",\"@id\":\"https:\\\/\\\/www.cope.es\\\/blogs\\\/derosca\\\/#\\\/schema\\\/person\\\/02d6fa6fa8d8db60f83303875a4ff77f\",\"name\":\"Luis Malvar\",\"image\":{\"@type\":\"ImageObject\",\"inLanguage\":\"es\",\"@id\":\"https:\\\/\\\/secure.gravatar.com\\\/avatar\\\/23cd47dec2904689b3ccd32d1dd3e86c7cbf60dcf7376c68854f761a4939534f?s=96&d=mm&r=g\",\"url\":\"https:\\\/\\\/secure.gravatar.com\\\/avatar\\\/23cd47dec2904689b3ccd32d1dd3e86c7cbf60dcf7376c68854f761a4939534f?s=96&d=mm&r=g\",\"contentUrl\":\"https:\\\/\\\/secure.gravatar.com\\\/avatar\\\/23cd47dec2904689b3ccd32d1dd3e86c7cbf60dcf7376c68854f761a4939534f?s=96&d=mm&r=g\",\"caption\":\"Luis Malvar\"},\"description\":\"Comenc\u00e9 la andadura del Blog Derosca all\u00e1 por el 22 de Mayo de 2008. Un blog en el que se trata de llevar a los numerosos aficionados y amantes del mundo del balonmano toda la actualidad de nuestro apasionante deporte. Una ventana que sirve para dar luz a las innumerables noticias que genera el balonmano y que habitualmente no tienen reflejo en los medios de comunicaci\u00f3n. Sin lugar a dudas el Blog Derosca cuenta con un apartado que tiene a gala contar con miles de seguidores como es \u201cMis Pajaritos\u201d en donde se relatan y narran todas las intrahistorias que se generan en el balonmano espa\u00f1ol y que incomoda a m\u00e1s de uno que salgan a la luz.!Gracias por seguirnos durante todos estos a\u00f1os\u00a1\",\"sameAs\":[\"http:\\\/\\\/www.cope.es\",\"lmalvar\"],\"url\":\"https:\\\/\\\/www.cope.es\\\/blogs\\\/derosca\\\/author\\\/lmalvar\\\/\"}]}<\/script>\n<!-- \/ Yoast SEO plugin. -->","yoast_head_json":{"title":"Davor Stojanoski (Vardar) ha renunciado a su cargo como miembro de la Junta FCH - Derosca","robots":{"index":"index","follow":"follow","max-snippet":"max-snippet:-1","max-image-preview":"max-image-preview:large","max-video-preview":"max-video-preview:-1"},"canonical":"https:\/\/www.cope.es\/blogs\/derosca\/2020\/07\/16\/davor-stojanoski-vardar-ha-renunciado-a-su-cargo-como-miembro-de-la-junta-fch\/","og_locale":"es_ES","og_type":"article","og_title":"Davor Stojanoski (Vardar) ha renunciado a su cargo como miembro de la Junta FCH - Derosca","og_description":"El directivo macedonio Davor Stojanoski, antiguo miembro de la Junta del Forum Club Handball (FCH), ha renunciado a su cargo el pasado Martes 30 de Junio. Stojanoski y su club el Vardar ha realizado una gran labor por sus contribuciones al balonmano europeo. Recordemos que con Davor Stojanski como manager el Vardar gan\u00f3 la Champions [&hellip;]","og_url":"https:\/\/www.cope.es\/blogs\/derosca\/2020\/07\/16\/davor-stojanoski-vardar-ha-renunciado-a-su-cargo-como-miembro-de-la-junta-fch\/","og_site_name":"Derosca","article_publisher":"https:\/\/www.facebook.com\/cope\/","article_published_time":"2020-07-16T07:19:31+00:00","og_image":[{"width":614,"height":570,"url":"https:\/\/www.cope.es\/blogs\/derosca\/wp-content\/uploads\/sites\/22\/2020\/07\/1510561647698.jpg","type":"image\/jpeg"}],"author":"Luis Malvar","twitter_card":"summary_large_image","twitter_creator":"@cope_es","twitter_site":"@cope_es","twitter_misc":{"Escrito por":"Luis Malvar","Tiempo de lectura":"1 minuto"},"schema":{"@context":"https:\/\/schema.org","@graph":[{"@type":"Article","@id":"https:\/\/www.cope.es\/blogs\/derosca\/2020\/07\/16\/davor-stojanoski-vardar-ha-renunciado-a-su-cargo-como-miembro-de-la-junta-fch\/#article","isPartOf":{"@id":"https:\/\/www.cope.es\/blogs\/derosca\/2020\/07\/16\/davor-stojanoski-vardar-ha-renunciado-a-su-cargo-como-miembro-de-la-junta-fch\/"},"author":{"name":"Luis Malvar","@id":"https:\/\/www.cope.es\/blogs\/derosca\/#\/schema\/person\/02d6fa6fa8d8db60f83303875a4ff77f"},"headline":"Davor Stojanoski (Vardar) ha renunciado a su cargo como miembro de la Junta FCH","datePublished":"2020-07-16T07:19:31+00:00","mainEntityOfPage":{"@id":"https:\/\/www.cope.es\/blogs\/derosca\/2020\/07\/16\/davor-stojanoski-vardar-ha-renunciado-a-su-cargo-como-miembro-de-la-junta-fch\/"},"wordCount":122,"commentCount":0,"image":{"@id":"https:\/\/www.cope.es\/blogs\/derosca\/2020\/07\/16\/davor-stojanoski-vardar-ha-renunciado-a-su-cargo-como-miembro-de-la-junta-fch\/#primaryimage"},"thumbnailUrl":"https:\/\/www.cope.es\/blogs\/derosca\/wp-content\/uploads\/sites\/22\/2020\/07\/1510561647698.jpg","articleSection":["Balonmano"],"inLanguage":"es","potentialAction":[{"@type":"CommentAction","name":"Comment","target":["https:\/\/www.cope.es\/blogs\/derosca\/2020\/07\/16\/davor-stojanoski-vardar-ha-renunciado-a-su-cargo-como-miembro-de-la-junta-fch\/#respond"]}]},{"@type":"WebPage","@id":"https:\/\/www.cope.es\/blogs\/derosca\/2020\/07\/16\/davor-stojanoski-vardar-ha-renunciado-a-su-cargo-como-miembro-de-la-junta-fch\/","url":"https:\/\/www.cope.es\/blogs\/derosca\/2020\/07\/16\/davor-stojanoski-vardar-ha-renunciado-a-su-cargo-como-miembro-de-la-junta-fch\/","name":"Davor Stojanoski (Vardar) ha renunciado a su cargo como miembro de la Junta FCH - Derosca","isPartOf":{"@id":"https:\/\/www.cope.es\/blogs\/derosca\/#website"},"primaryImageOfPage":{"@id":"https:\/\/www.cope.es\/blogs\/derosca\/2020\/07\/16\/davor-stojanoski-vardar-ha-renunciado-a-su-cargo-como-miembro-de-la-junta-fch\/#primaryimage"},"image":{"@id":"https:\/\/www.cope.es\/blogs\/derosca\/2020\/07\/16\/davor-stojanoski-vardar-ha-renunciado-a-su-cargo-como-miembro-de-la-junta-fch\/#primaryimage"},"thumbnailUrl":"https:\/\/www.cope.es\/blogs\/derosca\/wp-content\/uploads\/sites\/22\/2020\/07\/1510561647698.jpg","datePublished":"2020-07-16T07:19:31+00:00","author":{"@id":"https:\/\/www.cope.es\/blogs\/derosca\/#\/schema\/person\/02d6fa6fa8d8db60f83303875a4ff77f"},"breadcrumb":{"@id":"https:\/\/www.cope.es\/blogs\/derosca\/2020\/07\/16\/davor-stojanoski-vardar-ha-renunciado-a-su-cargo-como-miembro-de-la-junta-fch\/#breadcrumb"},"inLanguage":"es","potentialAction":[{"@type":"ReadAction","target":["https:\/\/www.cope.es\/blogs\/derosca\/2020\/07\/16\/davor-stojanoski-vardar-ha-renunciado-a-su-cargo-como-miembro-de-la-junta-fch\/"]}]},{"@type":"ImageObject","inLanguage":"es","@id":"https:\/\/www.cope.es\/blogs\/derosca\/2020\/07\/16\/davor-stojanoski-vardar-ha-renunciado-a-su-cargo-como-miembro-de-la-junta-fch\/#primaryimage","url":"https:\/\/www.cope.es\/blogs\/derosca\/wp-content\/uploads\/sites\/22\/2020\/07\/1510561647698.jpg","contentUrl":"https:\/\/www.cope.es\/blogs\/derosca\/wp-content\/uploads\/sites\/22\/2020\/07\/1510561647698.jpg","width":614,"height":570},{"@type":"BreadcrumbList","@id":"https:\/\/www.cope.es\/blogs\/derosca\/2020\/07\/16\/davor-stojanoski-vardar-ha-renunciado-a-su-cargo-como-miembro-de-la-junta-fch\/#breadcrumb","itemListElement":[{"@type":"ListItem","position":1,"name":"Portada","item":"https:\/\/www.cope.es\/blogs\/derosca\/"},{"@type":"ListItem","position":2,"name":"Davor Stojanoski (Vardar) ha renunciado a su cargo como miembro de la Junta FCH"}]},{"@type":"WebSite","@id":"https:\/\/www.cope.es\/blogs\/derosca\/#website","url":"https:\/\/www.cope.es\/blogs\/derosca\/","name":"Derosca","description":"Blog de balonmano COPE","potentialAction":[{"@type":"SearchAction","target":{"@type":"EntryPoint","urlTemplate":"https:\/\/www.cope.es\/blogs\/derosca\/?s={search_term_string}"},"query-input":{"@type":"PropertyValueSpecification","valueRequired":true,"valueName":"search_term_string"}}],"inLanguage":"es"},{"@type":"Person","@id":"https:\/\/www.cope.es\/blogs\/derosca\/#\/schema\/person\/02d6fa6fa8d8db60f83303875a4ff77f","name":"Luis Malvar","image":{"@type":"ImageObject","inLanguage":"es","@id":"https:\/\/secure.gravatar.com\/avatar\/23cd47dec2904689b3ccd32d1dd3e86c7cbf60dcf7376c68854f761a4939534f?s=96&d=mm&r=g","url":"https:\/\/secure.gravatar.com\/avatar\/23cd47dec2904689b3ccd32d1dd3e86c7cbf60dcf7376c68854f761a4939534f?s=96&d=mm&r=g","contentUrl":"https:\/\/secure.gravatar.com\/avatar\/23cd47dec2904689b3ccd32d1dd3e86c7cbf60dcf7376c68854f761a4939534f?s=96&d=mm&r=g","caption":"Luis Malvar"},"description":"Comenc\u00e9 la andadura del Blog Derosca all\u00e1 por el 22 de Mayo de 2008. Un blog en el que se trata de llevar a los numerosos aficionados y amantes del mundo del balonmano toda la actualidad de nuestro apasionante deporte. Una ventana que sirve para dar luz a las innumerables noticias que genera el balonmano y que habitualmente no tienen reflejo en los medios de comunicaci\u00f3n. Sin lugar a dudas el Blog Derosca cuenta con un apartado que tiene a gala contar con miles de seguidores como es \u201cMis Pajaritos\u201d en donde se relatan y narran todas las intrahistorias que se generan en el balonmano espa\u00f1ol y que incomoda a m\u00e1s de uno que salgan a la luz.!Gracias por seguirnos durante todos estos a\u00f1os\u00a1","sameAs":["http:\/\/www.cope.es","lmalvar"],"url":"https:\/\/www.cope.es\/blogs\/derosca\/author\/lmalvar\/"}]}},"amp_enabled":true,"_links":{"self":[{"href":"https:\/\/www.cope.es\/blogs\/derosca\/wp-json\/wp\/v2\/posts\/1548","targetHints":{"allow":["GET"]}}],"collection":[{"href":"https:\/\/www.cope.es\/blogs\/derosca\/wp-json\/wp\/v2\/posts"}],"about":[{"href":"https:\/\/www.cope.es\/blogs\/derosca\/wp-json\/wp\/v2\/types\/post"}],"author":[{"embeddable":true,"href":"https:\/\/www.cope.es\/blogs\/derosca\/wp-json\/wp\/v2\/users\/23"}],"replies":[{"embeddable":true,"href":"https:\/\/www.cope.es\/blogs\/derosca\/wp-json\/wp\/v2\/comments?post=1548"}],"version-history":[{"count":1,"href":"https:\/\/www.cope.es\/blogs\/derosca\/wp-json\/wp\/v2\/posts\/1548\/revisions"}],"predecessor-version":[{"id":1550,"href":"https:\/\/www.cope.es\/blogs\/derosca\/wp-json\/wp\/v2\/posts\/1548\/revisions\/1550"}],"wp:featuredmedia":[{"embeddable":true,"href":"https:\/\/www.cope.es\/blogs\/derosca\/wp-json\/wp\/v2\/media\/1549"}],"wp:attachment":[{"href":"https:\/\/www.cope.es\/blogs\/derosca\/wp-json\/wp\/v2\/media?parent=1548"}],"wp:term":[{"taxonomy":"category","embeddable":true,"href":"https:\/\/www.cope.es\/blogs\/derosca\/wp-json\/wp\/v2\/categories?post=1548"},{"taxonomy":"post_tag","embeddable":true,"href":"https:\/\/www.cope.es\/blogs\/derosca\/wp-json\/wp\/v2\/tags?post=1548"}],"curies":[{"name":"wp","href":"https:\/\/api.w.org\/{rel}","templated":true}]}}