{"id":1420,"date":"2020-05-28T10:43:50","date_gmt":"2020-05-28T08:43:50","guid":{"rendered":"http:\/\/www.cope.es\/blogs\/derosca\/?p=1420"},"modified":"2020-05-28T10:43:50","modified_gmt":"2020-05-28T08:43:50","slug":"la-ehf-celebrara-la-primera-convencion-europea-para-planificar-el-futuro-en-septiembre","status":"publish","type":"post","link":"https:\/\/www.cope.es\/blogs\/derosca\/2020\/05\/28\/la-ehf-celebrara-la-primera-convencion-europea-para-planificar-el-futuro-en-septiembre\/","title":{"rendered":"La EHF celebrar\u00e1 la Primera Convenci\u00f3n Europea para planificar el futuro en Septiembre"},"content":{"rendered":"<p>La Federaci\u00f3n Europea de Balonmano (EHF) ha invitado a la primera Convenci\u00f3n Europea de Balonmano a todas sus federaciones miembros y que se va a celebrar en la ciudad de Viena del 17 al 20 de Septiembre. El tema central a tratar por todos los convocados a la convenci\u00f3n es el futuro a corto y mediano plazo del balonmano europeo despu\u00e9s de que la pandemia del coronavirus ha detenido todas las actividades en todo el continente.<\/p>\n<p>Seg\u00fan las manifestaciones del propio Presidente de la EHF, Michael Wiederer, en los pr\u00f3ximos meses ver\u00e1n un cambio en el panorama del deporte, los medios y el marketing. Algunos deportes ser\u00e1n m\u00e1s desafiados que otros, especialmente en el campo de las actividades globales, los socios potenciales exigen una imagen clara y estructuras estables. Igualmente opina que el balonmano ha logrado dar una imagen unificada al mundo exterior durante los \u00faltimos a\u00f1os y, a trav\u00e9s de di\u00e1logos internos, se superaron los diferentes desaf\u00edos. Considera que esto es esencial y, a partir de la experiencia de los dos meses anteriores con muchas videoconferencias a nivel t\u00e9cnico, estrat\u00e9gico y comercial, se hace visible que el componente personal juega un papel importante para crear un entendimiento com\u00fan.<\/p>\n<p>Tras la decisi\u00f3n del Comit\u00e9 Ejecutivo de la Federaci\u00f3n Europea de Balonmano de posponer o cancelar todas las competiciones y los partidos organizados por la propia EHF programados hasta agosto, la EHF se ha estado preparando activamente para la temporada 2020 &#8211; 21.<\/p>\n<p>Para Michael Wiederer la EHF tiene la intenci\u00f3n total de asegurar un comienzo fruct\u00edfero para la pr\u00f3xima temporada. Se Debe encontrar una forma de jugar, lo antes posible, pero teniendo en cuenta las condiciones. Tienen que seguir avanzando y preparando la pr\u00f3xima temporada, ya que no se trata solo de contratos y las obligaciones de cumplir, sino tambi\u00e9n de motivar a las personas a tomar una pelota en sus manos y jugar. Igualmente Wiederer ha explicado c\u00f3mo la Federaci\u00f3n Europea de Balonmano y sus partes interesadas tambi\u00e9n deben examinar las posibilidades para el futuro, teniendo en cuenta las restricciones relacionadas con la multitud y, por lo tanto, la asistencia de los aficionados a los partidos.<\/p>\n<p>Recordemos que en el pasado mes de Abril, la Federaci\u00f3n Europea de Balonmano se vio obligada a cancelar la Conferencia de los Secretarios Generales debido a las restricciones resultantes del coronavirus y por lo tanto perdi\u00f3 la oportunidad de reunirse con representantes de las federaciones europeas en persona. La Convenci\u00f3n Europea de Balonmano va a servir como un acontecimiento que lo sustituye aunque potencialmente con una mayor asistencia.<\/p>\n<p>El Presidente de la EHF, Michael Wiederer, opina que el objetivo fundamental ahora es aplicar un enfoque m\u00e1s individual, agrupando las federaciones de acuerdo con las actividades y definiendo medidas de apoyo que se adapten con precisi\u00f3n a cada naci\u00f3n.<\/p>\n<p>Seguirnos en twitter:\u00a0<a href=\"https:\/\/twitter.com\/\"><strong>https:\/\/twitter.com\/#!\/deroscacope<\/strong><\/a><\/p>\n","protected":false},"excerpt":{"rendered":"<p>La Federaci\u00f3n Europea de Balonmano (EHF) ha invitado a la primera Convenci\u00f3n Europea de Balonmano a todas sus federaciones miembros y que se va a celebrar en la ciudad de Viena del 17 al 20 de Septiembre. El tema central a tratar por todos los convocados a la convenci\u00f3n es el futuro a corto y [&hellip;]<\/p>\n","protected":false},"author":23,"featured_media":1421,"comment_status":"open","ping_status":"open","sticky":false,"template":"","format":"standard","meta":{"footnotes":""},"categories":[3],"tags":[],"class_list":["post-1420","post","type-post","status-publish","format-standard","has-post-thumbnail","hentry","category-balonmano"],"yoast_head":"<!-- This site is optimized with the Yoast SEO plugin v27.4 - https:\/\/yoast.com\/product\/yoast-seo-wordpress\/ -->\n<title>La EHF celebrar\u00e1 la Primera Convenci\u00f3n Europea para planificar el futuro en Septiembre - Derosca<\/title>\n<meta name=\"robots\" content=\"index, follow, max-snippet:-1, max-image-preview:large, max-video-preview:-1\" \/>\n<link rel=\"canonical\" href=\"https:\/\/www.cope.es\/blogs\/derosca\/2020\/05\/28\/la-ehf-celebrara-la-primera-convencion-europea-para-planificar-el-futuro-en-septiembre\/\" \/>\n<meta property=\"og:locale\" content=\"es_ES\" \/>\n<meta property=\"og:type\" content=\"article\" \/>\n<meta property=\"og:title\" content=\"La EHF celebrar\u00e1 la Primera Convenci\u00f3n Europea para planificar el futuro en Septiembre - Derosca\" \/>\n<meta property=\"og:description\" content=\"La Federaci\u00f3n Europea de Balonmano (EHF) ha invitado a la primera Convenci\u00f3n Europea de Balonmano a todas sus federaciones miembros y que se va a celebrar en la ciudad de Viena del 17 al 20 de Septiembre. El tema central a tratar por todos los convocados a la convenci\u00f3n es el futuro a corto y [&hellip;]\" \/>\n<meta property=\"og:url\" content=\"https:\/\/www.cope.es\/blogs\/derosca\/2020\/05\/28\/la-ehf-celebrara-la-primera-convencion-europea-para-planificar-el-futuro-en-septiembre\/\" \/>\n<meta property=\"og:site_name\" content=\"Derosca\" \/>\n<meta property=\"article:publisher\" content=\"https:\/\/www.facebook.com\/cope\/\" \/>\n<meta property=\"article:published_time\" content=\"2020-05-28T08:43:50+00:00\" \/>\n<meta property=\"og:image\" content=\"https:\/\/www.cope.es\/blogs\/derosca\/wp-content\/uploads\/sites\/22\/2020\/05\/congress_news_560.jpg\" \/>\n\t<meta property=\"og:image:width\" content=\"680\" \/>\n\t<meta property=\"og:image:height\" content=\"453\" \/>\n\t<meta property=\"og:image:type\" content=\"image\/jpeg\" \/>\n<meta name=\"author\" content=\"Luis Malvar\" \/>\n<meta name=\"twitter:card\" content=\"summary_large_image\" \/>\n<meta name=\"twitter:creator\" content=\"@cope_es\" \/>\n<meta name=\"twitter:site\" content=\"@cope_es\" \/>\n<meta name=\"twitter:label1\" content=\"Escrito por\" \/>\n\t<meta name=\"twitter:data1\" content=\"Luis Malvar\" \/>\n\t<meta name=\"twitter:label2\" content=\"Tiempo de lectura\" \/>\n\t<meta name=\"twitter:data2\" content=\"2 minutos\" \/>\n<script type=\"application\/ld+json\" class=\"yoast-schema-graph\">{\"@context\":\"https:\\\/\\\/schema.org\",\"@graph\":[{\"@type\":\"Article\",\"@id\":\"https:\\\/\\\/www.cope.es\\\/blogs\\\/derosca\\\/2020\\\/05\\\/28\\\/la-ehf-celebrara-la-primera-convencion-europea-para-planificar-el-futuro-en-septiembre\\\/#article\",\"isPartOf\":{\"@id\":\"https:\\\/\\\/www.cope.es\\\/blogs\\\/derosca\\\/2020\\\/05\\\/28\\\/la-ehf-celebrara-la-primera-convencion-europea-para-planificar-el-futuro-en-septiembre\\\/\"},\"author\":{\"name\":\"Luis Malvar\",\"@id\":\"https:\\\/\\\/www.cope.es\\\/blogs\\\/derosca\\\/#\\\/schema\\\/person\\\/02d6fa6fa8d8db60f83303875a4ff77f\"},\"headline\":\"La EHF celebrar\u00e1 la Primera Convenci\u00f3n Europea para planificar el futuro en Septiembre\",\"datePublished\":\"2020-05-28T08:43:50+00:00\",\"mainEntityOfPage\":{\"@id\":\"https:\\\/\\\/www.cope.es\\\/blogs\\\/derosca\\\/2020\\\/05\\\/28\\\/la-ehf-celebrara-la-primera-convencion-europea-para-planificar-el-futuro-en-septiembre\\\/\"},\"wordCount\":513,\"commentCount\":0,\"image\":{\"@id\":\"https:\\\/\\\/www.cope.es\\\/blogs\\\/derosca\\\/2020\\\/05\\\/28\\\/la-ehf-celebrara-la-primera-convencion-europea-para-planificar-el-futuro-en-septiembre\\\/#primaryimage\"},\"thumbnailUrl\":\"https:\\\/\\\/www.cope.es\\\/blogs\\\/derosca\\\/wp-content\\\/uploads\\\/sites\\\/22\\\/2020\\\/05\\\/congress_news_560.jpg\",\"articleSection\":[\"Balonmano\"],\"inLanguage\":\"es\",\"potentialAction\":[{\"@type\":\"CommentAction\",\"name\":\"Comment\",\"target\":[\"https:\\\/\\\/www.cope.es\\\/blogs\\\/derosca\\\/2020\\\/05\\\/28\\\/la-ehf-celebrara-la-primera-convencion-europea-para-planificar-el-futuro-en-septiembre\\\/#respond\"]}]},{\"@type\":\"WebPage\",\"@id\":\"https:\\\/\\\/www.cope.es\\\/blogs\\\/derosca\\\/2020\\\/05\\\/28\\\/la-ehf-celebrara-la-primera-convencion-europea-para-planificar-el-futuro-en-septiembre\\\/\",\"url\":\"https:\\\/\\\/www.cope.es\\\/blogs\\\/derosca\\\/2020\\\/05\\\/28\\\/la-ehf-celebrara-la-primera-convencion-europea-para-planificar-el-futuro-en-septiembre\\\/\",\"name\":\"La EHF celebrar\u00e1 la Primera Convenci\u00f3n Europea para planificar el futuro en Septiembre - Derosca\",\"isPartOf\":{\"@id\":\"https:\\\/\\\/www.cope.es\\\/blogs\\\/derosca\\\/#website\"},\"primaryImageOfPage\":{\"@id\":\"https:\\\/\\\/www.cope.es\\\/blogs\\\/derosca\\\/2020\\\/05\\\/28\\\/la-ehf-celebrara-la-primera-convencion-europea-para-planificar-el-futuro-en-septiembre\\\/#primaryimage\"},\"image\":{\"@id\":\"https:\\\/\\\/www.cope.es\\\/blogs\\\/derosca\\\/2020\\\/05\\\/28\\\/la-ehf-celebrara-la-primera-convencion-europea-para-planificar-el-futuro-en-septiembre\\\/#primaryimage\"},\"thumbnailUrl\":\"https:\\\/\\\/www.cope.es\\\/blogs\\\/derosca\\\/wp-content\\\/uploads\\\/sites\\\/22\\\/2020\\\/05\\\/congress_news_560.jpg\",\"datePublished\":\"2020-05-28T08:43:50+00:00\",\"author\":{\"@id\":\"https:\\\/\\\/www.cope.es\\\/blogs\\\/derosca\\\/#\\\/schema\\\/person\\\/02d6fa6fa8d8db60f83303875a4ff77f\"},\"breadcrumb\":{\"@id\":\"https:\\\/\\\/www.cope.es\\\/blogs\\\/derosca\\\/2020\\\/05\\\/28\\\/la-ehf-celebrara-la-primera-convencion-europea-para-planificar-el-futuro-en-septiembre\\\/#breadcrumb\"},\"inLanguage\":\"es\",\"potentialAction\":[{\"@type\":\"ReadAction\",\"target\":[\"https:\\\/\\\/www.cope.es\\\/blogs\\\/derosca\\\/2020\\\/05\\\/28\\\/la-ehf-celebrara-la-primera-convencion-europea-para-planificar-el-futuro-en-septiembre\\\/\"]}]},{\"@type\":\"ImageObject\",\"inLanguage\":\"es\",\"@id\":\"https:\\\/\\\/www.cope.es\\\/blogs\\\/derosca\\\/2020\\\/05\\\/28\\\/la-ehf-celebrara-la-primera-convencion-europea-para-planificar-el-futuro-en-septiembre\\\/#primaryimage\",\"url\":\"https:\\\/\\\/www.cope.es\\\/blogs\\\/derosca\\\/wp-content\\\/uploads\\\/sites\\\/22\\\/2020\\\/05\\\/congress_news_560.jpg\",\"contentUrl\":\"https:\\\/\\\/www.cope.es\\\/blogs\\\/derosca\\\/wp-content\\\/uploads\\\/sites\\\/22\\\/2020\\\/05\\\/congress_news_560.jpg\",\"width\":680,\"height\":453},{\"@type\":\"BreadcrumbList\",\"@id\":\"https:\\\/\\\/www.cope.es\\\/blogs\\\/derosca\\\/2020\\\/05\\\/28\\\/la-ehf-celebrara-la-primera-convencion-europea-para-planificar-el-futuro-en-septiembre\\\/#breadcrumb\",\"itemListElement\":[{\"@type\":\"ListItem\",\"position\":1,\"name\":\"Portada\",\"item\":\"https:\\\/\\\/www.cope.es\\\/blogs\\\/derosca\\\/\"},{\"@type\":\"ListItem\",\"position\":2,\"name\":\"La EHF celebrar\u00e1 la Primera Convenci\u00f3n Europea para planificar el futuro en Septiembre\"}]},{\"@type\":\"WebSite\",\"@id\":\"https:\\\/\\\/www.cope.es\\\/blogs\\\/derosca\\\/#website\",\"url\":\"https:\\\/\\\/www.cope.es\\\/blogs\\\/derosca\\\/\",\"name\":\"Derosca\",\"description\":\"Blog de balonmano COPE\",\"potentialAction\":[{\"@type\":\"SearchAction\",\"target\":{\"@type\":\"EntryPoint\",\"urlTemplate\":\"https:\\\/\\\/www.cope.es\\\/blogs\\\/derosca\\\/?s={search_term_string}\"},\"query-input\":{\"@type\":\"PropertyValueSpecification\",\"valueRequired\":true,\"valueName\":\"search_term_string\"}}],\"inLanguage\":\"es\"},{\"@type\":\"Person\",\"@id\":\"https:\\\/\\\/www.cope.es\\\/blogs\\\/derosca\\\/#\\\/schema\\\/person\\\/02d6fa6fa8d8db60f83303875a4ff77f\",\"name\":\"Luis Malvar\",\"image\":{\"@type\":\"ImageObject\",\"inLanguage\":\"es\",\"@id\":\"https:\\\/\\\/secure.gravatar.com\\\/avatar\\\/23cd47dec2904689b3ccd32d1dd3e86c7cbf60dcf7376c68854f761a4939534f?s=96&d=mm&r=g\",\"url\":\"https:\\\/\\\/secure.gravatar.com\\\/avatar\\\/23cd47dec2904689b3ccd32d1dd3e86c7cbf60dcf7376c68854f761a4939534f?s=96&d=mm&r=g\",\"contentUrl\":\"https:\\\/\\\/secure.gravatar.com\\\/avatar\\\/23cd47dec2904689b3ccd32d1dd3e86c7cbf60dcf7376c68854f761a4939534f?s=96&d=mm&r=g\",\"caption\":\"Luis Malvar\"},\"description\":\"Comenc\u00e9 la andadura del Blog Derosca all\u00e1 por el 22 de Mayo de 2008. Un blog en el que se trata de llevar a los numerosos aficionados y amantes del mundo del balonmano toda la actualidad de nuestro apasionante deporte. Una ventana que sirve para dar luz a las innumerables noticias que genera el balonmano y que habitualmente no tienen reflejo en los medios de comunicaci\u00f3n. Sin lugar a dudas el Blog Derosca cuenta con un apartado que tiene a gala contar con miles de seguidores como es \u201cMis Pajaritos\u201d en donde se relatan y narran todas las intrahistorias que se generan en el balonmano espa\u00f1ol y que incomoda a m\u00e1s de uno que salgan a la luz.!Gracias por seguirnos durante todos estos a\u00f1os\u00a1\",\"sameAs\":[\"http:\\\/\\\/www.cope.es\",\"lmalvar\"],\"url\":\"https:\\\/\\\/www.cope.es\\\/blogs\\\/derosca\\\/author\\\/lmalvar\\\/\"}]}<\/script>\n<!-- \/ Yoast SEO plugin. -->","yoast_head_json":{"title":"La EHF celebrar\u00e1 la Primera Convenci\u00f3n Europea para planificar el futuro en Septiembre - Derosca","robots":{"index":"index","follow":"follow","max-snippet":"max-snippet:-1","max-image-preview":"max-image-preview:large","max-video-preview":"max-video-preview:-1"},"canonical":"https:\/\/www.cope.es\/blogs\/derosca\/2020\/05\/28\/la-ehf-celebrara-la-primera-convencion-europea-para-planificar-el-futuro-en-septiembre\/","og_locale":"es_ES","og_type":"article","og_title":"La EHF celebrar\u00e1 la Primera Convenci\u00f3n Europea para planificar el futuro en Septiembre - Derosca","og_description":"La Federaci\u00f3n Europea de Balonmano (EHF) ha invitado a la primera Convenci\u00f3n Europea de Balonmano a todas sus federaciones miembros y que se va a celebrar en la ciudad de Viena del 17 al 20 de Septiembre. El tema central a tratar por todos los convocados a la convenci\u00f3n es el futuro a corto y [&hellip;]","og_url":"https:\/\/www.cope.es\/blogs\/derosca\/2020\/05\/28\/la-ehf-celebrara-la-primera-convencion-europea-para-planificar-el-futuro-en-septiembre\/","og_site_name":"Derosca","article_publisher":"https:\/\/www.facebook.com\/cope\/","article_published_time":"2020-05-28T08:43:50+00:00","og_image":[{"width":680,"height":453,"url":"https:\/\/www.cope.es\/blogs\/derosca\/wp-content\/uploads\/sites\/22\/2020\/05\/congress_news_560.jpg","type":"image\/jpeg"}],"author":"Luis Malvar","twitter_card":"summary_large_image","twitter_creator":"@cope_es","twitter_site":"@cope_es","twitter_misc":{"Escrito por":"Luis Malvar","Tiempo de lectura":"2 minutos"},"schema":{"@context":"https:\/\/schema.org","@graph":[{"@type":"Article","@id":"https:\/\/www.cope.es\/blogs\/derosca\/2020\/05\/28\/la-ehf-celebrara-la-primera-convencion-europea-para-planificar-el-futuro-en-septiembre\/#article","isPartOf":{"@id":"https:\/\/www.cope.es\/blogs\/derosca\/2020\/05\/28\/la-ehf-celebrara-la-primera-convencion-europea-para-planificar-el-futuro-en-septiembre\/"},"author":{"name":"Luis Malvar","@id":"https:\/\/www.cope.es\/blogs\/derosca\/#\/schema\/person\/02d6fa6fa8d8db60f83303875a4ff77f"},"headline":"La EHF celebrar\u00e1 la Primera Convenci\u00f3n Europea para planificar el futuro en Septiembre","datePublished":"2020-05-28T08:43:50+00:00","mainEntityOfPage":{"@id":"https:\/\/www.cope.es\/blogs\/derosca\/2020\/05\/28\/la-ehf-celebrara-la-primera-convencion-europea-para-planificar-el-futuro-en-septiembre\/"},"wordCount":513,"commentCount":0,"image":{"@id":"https:\/\/www.cope.es\/blogs\/derosca\/2020\/05\/28\/la-ehf-celebrara-la-primera-convencion-europea-para-planificar-el-futuro-en-septiembre\/#primaryimage"},"thumbnailUrl":"https:\/\/www.cope.es\/blogs\/derosca\/wp-content\/uploads\/sites\/22\/2020\/05\/congress_news_560.jpg","articleSection":["Balonmano"],"inLanguage":"es","potentialAction":[{"@type":"CommentAction","name":"Comment","target":["https:\/\/www.cope.es\/blogs\/derosca\/2020\/05\/28\/la-ehf-celebrara-la-primera-convencion-europea-para-planificar-el-futuro-en-septiembre\/#respond"]}]},{"@type":"WebPage","@id":"https:\/\/www.cope.es\/blogs\/derosca\/2020\/05\/28\/la-ehf-celebrara-la-primera-convencion-europea-para-planificar-el-futuro-en-septiembre\/","url":"https:\/\/www.cope.es\/blogs\/derosca\/2020\/05\/28\/la-ehf-celebrara-la-primera-convencion-europea-para-planificar-el-futuro-en-septiembre\/","name":"La EHF celebrar\u00e1 la Primera Convenci\u00f3n Europea para planificar el futuro en Septiembre - Derosca","isPartOf":{"@id":"https:\/\/www.cope.es\/blogs\/derosca\/#website"},"primaryImageOfPage":{"@id":"https:\/\/www.cope.es\/blogs\/derosca\/2020\/05\/28\/la-ehf-celebrara-la-primera-convencion-europea-para-planificar-el-futuro-en-septiembre\/#primaryimage"},"image":{"@id":"https:\/\/www.cope.es\/blogs\/derosca\/2020\/05\/28\/la-ehf-celebrara-la-primera-convencion-europea-para-planificar-el-futuro-en-septiembre\/#primaryimage"},"thumbnailUrl":"https:\/\/www.cope.es\/blogs\/derosca\/wp-content\/uploads\/sites\/22\/2020\/05\/congress_news_560.jpg","datePublished":"2020-05-28T08:43:50+00:00","author":{"@id":"https:\/\/www.cope.es\/blogs\/derosca\/#\/schema\/person\/02d6fa6fa8d8db60f83303875a4ff77f"},"breadcrumb":{"@id":"https:\/\/www.cope.es\/blogs\/derosca\/2020\/05\/28\/la-ehf-celebrara-la-primera-convencion-europea-para-planificar-el-futuro-en-septiembre\/#breadcrumb"},"inLanguage":"es","potentialAction":[{"@type":"ReadAction","target":["https:\/\/www.cope.es\/blogs\/derosca\/2020\/05\/28\/la-ehf-celebrara-la-primera-convencion-europea-para-planificar-el-futuro-en-septiembre\/"]}]},{"@type":"ImageObject","inLanguage":"es","@id":"https:\/\/www.cope.es\/blogs\/derosca\/2020\/05\/28\/la-ehf-celebrara-la-primera-convencion-europea-para-planificar-el-futuro-en-septiembre\/#primaryimage","url":"https:\/\/www.cope.es\/blogs\/derosca\/wp-content\/uploads\/sites\/22\/2020\/05\/congress_news_560.jpg","contentUrl":"https:\/\/www.cope.es\/blogs\/derosca\/wp-content\/uploads\/sites\/22\/2020\/05\/congress_news_560.jpg","width":680,"height":453},{"@type":"BreadcrumbList","@id":"https:\/\/www.cope.es\/blogs\/derosca\/2020\/05\/28\/la-ehf-celebrara-la-primera-convencion-europea-para-planificar-el-futuro-en-septiembre\/#breadcrumb","itemListElement":[{"@type":"ListItem","position":1,"name":"Portada","item":"https:\/\/www.cope.es\/blogs\/derosca\/"},{"@type":"ListItem","position":2,"name":"La EHF celebrar\u00e1 la Primera Convenci\u00f3n Europea para planificar el futuro en Septiembre"}]},{"@type":"WebSite","@id":"https:\/\/www.cope.es\/blogs\/derosca\/#website","url":"https:\/\/www.cope.es\/blogs\/derosca\/","name":"Derosca","description":"Blog de balonmano COPE","potentialAction":[{"@type":"SearchAction","target":{"@type":"EntryPoint","urlTemplate":"https:\/\/www.cope.es\/blogs\/derosca\/?s={search_term_string}"},"query-input":{"@type":"PropertyValueSpecification","valueRequired":true,"valueName":"search_term_string"}}],"inLanguage":"es"},{"@type":"Person","@id":"https:\/\/www.cope.es\/blogs\/derosca\/#\/schema\/person\/02d6fa6fa8d8db60f83303875a4ff77f","name":"Luis Malvar","image":{"@type":"ImageObject","inLanguage":"es","@id":"https:\/\/secure.gravatar.com\/avatar\/23cd47dec2904689b3ccd32d1dd3e86c7cbf60dcf7376c68854f761a4939534f?s=96&d=mm&r=g","url":"https:\/\/secure.gravatar.com\/avatar\/23cd47dec2904689b3ccd32d1dd3e86c7cbf60dcf7376c68854f761a4939534f?s=96&d=mm&r=g","contentUrl":"https:\/\/secure.gravatar.com\/avatar\/23cd47dec2904689b3ccd32d1dd3e86c7cbf60dcf7376c68854f761a4939534f?s=96&d=mm&r=g","caption":"Luis Malvar"},"description":"Comenc\u00e9 la andadura del Blog Derosca all\u00e1 por el 22 de Mayo de 2008. Un blog en el que se trata de llevar a los numerosos aficionados y amantes del mundo del balonmano toda la actualidad de nuestro apasionante deporte. Una ventana que sirve para dar luz a las innumerables noticias que genera el balonmano y que habitualmente no tienen reflejo en los medios de comunicaci\u00f3n. Sin lugar a dudas el Blog Derosca cuenta con un apartado que tiene a gala contar con miles de seguidores como es \u201cMis Pajaritos\u201d en donde se relatan y narran todas las intrahistorias que se generan en el balonmano espa\u00f1ol y que incomoda a m\u00e1s de uno que salgan a la luz.!Gracias por seguirnos durante todos estos a\u00f1os\u00a1","sameAs":["http:\/\/www.cope.es","lmalvar"],"url":"https:\/\/www.cope.es\/blogs\/derosca\/author\/lmalvar\/"}]}},"amp_enabled":true,"_links":{"self":[{"href":"https:\/\/www.cope.es\/blogs\/derosca\/wp-json\/wp\/v2\/posts\/1420","targetHints":{"allow":["GET"]}}],"collection":[{"href":"https:\/\/www.cope.es\/blogs\/derosca\/wp-json\/wp\/v2\/posts"}],"about":[{"href":"https:\/\/www.cope.es\/blogs\/derosca\/wp-json\/wp\/v2\/types\/post"}],"author":[{"embeddable":true,"href":"https:\/\/www.cope.es\/blogs\/derosca\/wp-json\/wp\/v2\/users\/23"}],"replies":[{"embeddable":true,"href":"https:\/\/www.cope.es\/blogs\/derosca\/wp-json\/wp\/v2\/comments?post=1420"}],"version-history":[{"count":1,"href":"https:\/\/www.cope.es\/blogs\/derosca\/wp-json\/wp\/v2\/posts\/1420\/revisions"}],"predecessor-version":[{"id":1422,"href":"https:\/\/www.cope.es\/blogs\/derosca\/wp-json\/wp\/v2\/posts\/1420\/revisions\/1422"}],"wp:featuredmedia":[{"embeddable":true,"href":"https:\/\/www.cope.es\/blogs\/derosca\/wp-json\/wp\/v2\/media\/1421"}],"wp:attachment":[{"href":"https:\/\/www.cope.es\/blogs\/derosca\/wp-json\/wp\/v2\/media?parent=1420"}],"wp:term":[{"taxonomy":"category","embeddable":true,"href":"https:\/\/www.cope.es\/blogs\/derosca\/wp-json\/wp\/v2\/categories?post=1420"},{"taxonomy":"post_tag","embeddable":true,"href":"https:\/\/www.cope.es\/blogs\/derosca\/wp-json\/wp\/v2\/tags?post=1420"}],"curies":[{"name":"wp","href":"https:\/\/api.w.org\/{rel}","templated":true}]}}