{"id":1288,"date":"2020-04-01T10:46:37","date_gmt":"2020-04-01T08:46:37","guid":{"rendered":"http:\/\/www.cope.es\/blogs\/derosca\/?p=1288"},"modified":"2020-04-01T10:46:37","modified_gmt":"2020-04-01T08:46:37","slug":"matias-schultz-se-retira-y-pasa-a-los-despachos-del-winterthur","status":"publish","type":"post","link":"https:\/\/www.cope.es\/blogs\/derosca\/2020\/04\/01\/matias-schultz-se-retira-y-pasa-a-los-despachos-del-winterthur\/","title":{"rendered":"Matias Schultz se retira y pasa a los despachos del Winterthur"},"content":{"rendered":"<p>El guardameta argentino, bien conocido y querido en Espa\u00f1a, Matias Schulz a sus 38 a\u00f1os de edad dice adi\u00f3s a las canchas de balonmano. El cancerbero termina su carrera como deportista y pasa a las oficinas de su \u00faltimo club donde ha militado en los \u00faltimos a\u00f1os, el conjunto suizo del Winterthur.<\/p>\n<p>Como consecuencia de todo lo que est\u00e1 pasando debido a la crisis del coronavirus en toda Europa, se ha producido el final anticipado del campeonato en suiza. Por lo tanto Matias Schulz ya ha jugado su \u00faltimo partido de su carrera para un portero que a lo largo de su trayectoria como deportista ha estado en diversos equipos de diferentes pa\u00edses.<\/p>\n<p>Recordemos que Matias Schulz lleg\u00f3 a Europa, procedente de Argentina, en el a\u00f1o 2006 para jugar en el conjunto germano del Dessau-Ro\u00dflauer HV. Posteriormente se vino a nuestra Liga ASOBAL y m\u00e1s concretamente al Anaitasuna y al BM.Granollers en una etapa espa\u00f1ola que dur\u00f3 desde el a\u00f1o 2008 al 2014. M\u00e1s tarde se fue a la liga francesa y jug\u00f3 en el Nantes del a\u00f1o\u00a0 2014 al 2016, ganando la Copa de la Ligue en 2015. Finalmente se march\u00f3 a Suiza para estar en el equipo del Winterthur donde ha terminado su carrera como jugador de balonmano.<\/p>\n<p>Mat\u00edas Schulz hab\u00eda planeado, como tantos otros, terminar su carrera deportiva en los Juegos Ol\u00edmpicos Tokio 2020, con una tercera participaci\u00f3n en los Juegos con la Selecci\u00f3n de Argentina, la cual ha defendido en 226 ocasiones. Ahora con el aplazamiento de los Juegos Ol\u00edmpicos para el a\u00f1o 2021, planea la incertidumbre y ese final so\u00f1ado de Mat\u00edas Schulz se cuestiona lo mismo que a otros grandes deportistas que quer\u00edan poner el broche final a su brillante carrera en unos JJOO.<\/p>\n<p>Seguirnos en twitter:\u00a0<a href=\"https:\/\/twitter.com\/\">https:\/\/twitter.com\/#!\/deroscacope<\/a><\/p>\n","protected":false},"excerpt":{"rendered":"<p>El guardameta argentino, bien conocido y querido en Espa\u00f1a, Matias Schulz a sus 38 a\u00f1os de edad dice adi\u00f3s a las canchas de balonmano. El cancerbero termina su carrera como deportista y pasa a las oficinas de su \u00faltimo club donde ha militado en los \u00faltimos a\u00f1os, el conjunto suizo del Winterthur. Como consecuencia de [&hellip;]<\/p>\n","protected":false},"author":23,"featured_media":1289,"comment_status":"open","ping_status":"open","sticky":false,"template":"","format":"standard","meta":{"footnotes":""},"categories":[3],"tags":[],"class_list":["post-1288","post","type-post","status-publish","format-standard","has-post-thumbnail","hentry","category-balonmano"],"yoast_head":"<!-- This site is optimized with the Yoast SEO plugin v27.4 - https:\/\/yoast.com\/product\/yoast-seo-wordpress\/ -->\n<title>Matias Schultz se retira y pasa a los despachos del Winterthur - Derosca<\/title>\n<meta name=\"robots\" content=\"index, follow, max-snippet:-1, max-image-preview:large, max-video-preview:-1\" \/>\n<link rel=\"canonical\" href=\"https:\/\/www.cope.es\/blogs\/derosca\/2020\/04\/01\/matias-schultz-se-retira-y-pasa-a-los-despachos-del-winterthur\/\" \/>\n<meta property=\"og:locale\" content=\"es_ES\" \/>\n<meta property=\"og:type\" content=\"article\" \/>\n<meta property=\"og:title\" content=\"Matias Schultz se retira y pasa a los despachos del Winterthur - Derosca\" \/>\n<meta property=\"og:description\" content=\"El guardameta argentino, bien conocido y querido en Espa\u00f1a, Matias Schulz a sus 38 a\u00f1os de edad dice adi\u00f3s a las canchas de balonmano. El cancerbero termina su carrera como deportista y pasa a las oficinas de su \u00faltimo club donde ha militado en los \u00faltimos a\u00f1os, el conjunto suizo del Winterthur. Como consecuencia de [&hellip;]\" \/>\n<meta property=\"og:url\" content=\"https:\/\/www.cope.es\/blogs\/derosca\/2020\/04\/01\/matias-schultz-se-retira-y-pasa-a-los-despachos-del-winterthur\/\" \/>\n<meta property=\"og:site_name\" content=\"Derosca\" \/>\n<meta property=\"article:publisher\" content=\"https:\/\/www.facebook.com\/cope\/\" \/>\n<meta property=\"article:published_time\" content=\"2020-04-01T08:46:37+00:00\" \/>\n<meta property=\"og:image\" content=\"https:\/\/www.cope.es\/blogs\/derosca\/wp-content\/uploads\/sites\/22\/2020\/04\/descarga.jpg\" \/>\n\t<meta property=\"og:image:width\" content=\"700\" \/>\n\t<meta property=\"og:image:height\" content=\"593\" \/>\n\t<meta property=\"og:image:type\" content=\"image\/jpeg\" \/>\n<meta name=\"author\" content=\"Luis Malvar\" \/>\n<meta name=\"twitter:card\" content=\"summary_large_image\" \/>\n<meta name=\"twitter:creator\" content=\"@cope_es\" \/>\n<meta name=\"twitter:site\" content=\"@cope_es\" \/>\n<meta name=\"twitter:label1\" content=\"Escrito por\" \/>\n\t<meta name=\"twitter:data1\" content=\"Luis Malvar\" \/>\n\t<meta name=\"twitter:label2\" content=\"Tiempo de lectura\" \/>\n\t<meta name=\"twitter:data2\" content=\"2 minutos\" \/>\n<script type=\"application\/ld+json\" class=\"yoast-schema-graph\">{\"@context\":\"https:\\\/\\\/schema.org\",\"@graph\":[{\"@type\":\"Article\",\"@id\":\"https:\\\/\\\/www.cope.es\\\/blogs\\\/derosca\\\/2020\\\/04\\\/01\\\/matias-schultz-se-retira-y-pasa-a-los-despachos-del-winterthur\\\/#article\",\"isPartOf\":{\"@id\":\"https:\\\/\\\/www.cope.es\\\/blogs\\\/derosca\\\/2020\\\/04\\\/01\\\/matias-schultz-se-retira-y-pasa-a-los-despachos-del-winterthur\\\/\"},\"author\":{\"name\":\"Luis Malvar\",\"@id\":\"https:\\\/\\\/www.cope.es\\\/blogs\\\/derosca\\\/#\\\/schema\\\/person\\\/02d6fa6fa8d8db60f83303875a4ff77f\"},\"headline\":\"Matias Schultz se retira y pasa a los despachos del Winterthur\",\"datePublished\":\"2020-04-01T08:46:37+00:00\",\"mainEntityOfPage\":{\"@id\":\"https:\\\/\\\/www.cope.es\\\/blogs\\\/derosca\\\/2020\\\/04\\\/01\\\/matias-schultz-se-retira-y-pasa-a-los-despachos-del-winterthur\\\/\"},\"wordCount\":321,\"commentCount\":0,\"image\":{\"@id\":\"https:\\\/\\\/www.cope.es\\\/blogs\\\/derosca\\\/2020\\\/04\\\/01\\\/matias-schultz-se-retira-y-pasa-a-los-despachos-del-winterthur\\\/#primaryimage\"},\"thumbnailUrl\":\"https:\\\/\\\/www.cope.es\\\/blogs\\\/derosca\\\/wp-content\\\/uploads\\\/sites\\\/22\\\/2020\\\/04\\\/descarga.jpg\",\"articleSection\":[\"Balonmano\"],\"inLanguage\":\"es\",\"potentialAction\":[{\"@type\":\"CommentAction\",\"name\":\"Comment\",\"target\":[\"https:\\\/\\\/www.cope.es\\\/blogs\\\/derosca\\\/2020\\\/04\\\/01\\\/matias-schultz-se-retira-y-pasa-a-los-despachos-del-winterthur\\\/#respond\"]}]},{\"@type\":\"WebPage\",\"@id\":\"https:\\\/\\\/www.cope.es\\\/blogs\\\/derosca\\\/2020\\\/04\\\/01\\\/matias-schultz-se-retira-y-pasa-a-los-despachos-del-winterthur\\\/\",\"url\":\"https:\\\/\\\/www.cope.es\\\/blogs\\\/derosca\\\/2020\\\/04\\\/01\\\/matias-schultz-se-retira-y-pasa-a-los-despachos-del-winterthur\\\/\",\"name\":\"Matias Schultz se retira y pasa a los despachos del Winterthur - Derosca\",\"isPartOf\":{\"@id\":\"https:\\\/\\\/www.cope.es\\\/blogs\\\/derosca\\\/#website\"},\"primaryImageOfPage\":{\"@id\":\"https:\\\/\\\/www.cope.es\\\/blogs\\\/derosca\\\/2020\\\/04\\\/01\\\/matias-schultz-se-retira-y-pasa-a-los-despachos-del-winterthur\\\/#primaryimage\"},\"image\":{\"@id\":\"https:\\\/\\\/www.cope.es\\\/blogs\\\/derosca\\\/2020\\\/04\\\/01\\\/matias-schultz-se-retira-y-pasa-a-los-despachos-del-winterthur\\\/#primaryimage\"},\"thumbnailUrl\":\"https:\\\/\\\/www.cope.es\\\/blogs\\\/derosca\\\/wp-content\\\/uploads\\\/sites\\\/22\\\/2020\\\/04\\\/descarga.jpg\",\"datePublished\":\"2020-04-01T08:46:37+00:00\",\"author\":{\"@id\":\"https:\\\/\\\/www.cope.es\\\/blogs\\\/derosca\\\/#\\\/schema\\\/person\\\/02d6fa6fa8d8db60f83303875a4ff77f\"},\"breadcrumb\":{\"@id\":\"https:\\\/\\\/www.cope.es\\\/blogs\\\/derosca\\\/2020\\\/04\\\/01\\\/matias-schultz-se-retira-y-pasa-a-los-despachos-del-winterthur\\\/#breadcrumb\"},\"inLanguage\":\"es\",\"potentialAction\":[{\"@type\":\"ReadAction\",\"target\":[\"https:\\\/\\\/www.cope.es\\\/blogs\\\/derosca\\\/2020\\\/04\\\/01\\\/matias-schultz-se-retira-y-pasa-a-los-despachos-del-winterthur\\\/\"]}]},{\"@type\":\"ImageObject\",\"inLanguage\":\"es\",\"@id\":\"https:\\\/\\\/www.cope.es\\\/blogs\\\/derosca\\\/2020\\\/04\\\/01\\\/matias-schultz-se-retira-y-pasa-a-los-despachos-del-winterthur\\\/#primaryimage\",\"url\":\"https:\\\/\\\/www.cope.es\\\/blogs\\\/derosca\\\/wp-content\\\/uploads\\\/sites\\\/22\\\/2020\\\/04\\\/descarga.jpg\",\"contentUrl\":\"https:\\\/\\\/www.cope.es\\\/blogs\\\/derosca\\\/wp-content\\\/uploads\\\/sites\\\/22\\\/2020\\\/04\\\/descarga.jpg\",\"width\":700,\"height\":593,\"caption\":\"Matias Schultz se retira y pasa a los despachos del Winterthur\"},{\"@type\":\"BreadcrumbList\",\"@id\":\"https:\\\/\\\/www.cope.es\\\/blogs\\\/derosca\\\/2020\\\/04\\\/01\\\/matias-schultz-se-retira-y-pasa-a-los-despachos-del-winterthur\\\/#breadcrumb\",\"itemListElement\":[{\"@type\":\"ListItem\",\"position\":1,\"name\":\"Portada\",\"item\":\"https:\\\/\\\/www.cope.es\\\/blogs\\\/derosca\\\/\"},{\"@type\":\"ListItem\",\"position\":2,\"name\":\"Matias Schultz se retira y pasa a los despachos del Winterthur\"}]},{\"@type\":\"WebSite\",\"@id\":\"https:\\\/\\\/www.cope.es\\\/blogs\\\/derosca\\\/#website\",\"url\":\"https:\\\/\\\/www.cope.es\\\/blogs\\\/derosca\\\/\",\"name\":\"Derosca\",\"description\":\"Blog de balonmano COPE\",\"potentialAction\":[{\"@type\":\"SearchAction\",\"target\":{\"@type\":\"EntryPoint\",\"urlTemplate\":\"https:\\\/\\\/www.cope.es\\\/blogs\\\/derosca\\\/?s={search_term_string}\"},\"query-input\":{\"@type\":\"PropertyValueSpecification\",\"valueRequired\":true,\"valueName\":\"search_term_string\"}}],\"inLanguage\":\"es\"},{\"@type\":\"Person\",\"@id\":\"https:\\\/\\\/www.cope.es\\\/blogs\\\/derosca\\\/#\\\/schema\\\/person\\\/02d6fa6fa8d8db60f83303875a4ff77f\",\"name\":\"Luis Malvar\",\"image\":{\"@type\":\"ImageObject\",\"inLanguage\":\"es\",\"@id\":\"https:\\\/\\\/secure.gravatar.com\\\/avatar\\\/23cd47dec2904689b3ccd32d1dd3e86c7cbf60dcf7376c68854f761a4939534f?s=96&d=mm&r=g\",\"url\":\"https:\\\/\\\/secure.gravatar.com\\\/avatar\\\/23cd47dec2904689b3ccd32d1dd3e86c7cbf60dcf7376c68854f761a4939534f?s=96&d=mm&r=g\",\"contentUrl\":\"https:\\\/\\\/secure.gravatar.com\\\/avatar\\\/23cd47dec2904689b3ccd32d1dd3e86c7cbf60dcf7376c68854f761a4939534f?s=96&d=mm&r=g\",\"caption\":\"Luis Malvar\"},\"description\":\"Comenc\u00e9 la andadura del Blog Derosca all\u00e1 por el 22 de Mayo de 2008. Un blog en el que se trata de llevar a los numerosos aficionados y amantes del mundo del balonmano toda la actualidad de nuestro apasionante deporte. Una ventana que sirve para dar luz a las innumerables noticias que genera el balonmano y que habitualmente no tienen reflejo en los medios de comunicaci\u00f3n. Sin lugar a dudas el Blog Derosca cuenta con un apartado que tiene a gala contar con miles de seguidores como es \u201cMis Pajaritos\u201d en donde se relatan y narran todas las intrahistorias que se generan en el balonmano espa\u00f1ol y que incomoda a m\u00e1s de uno que salgan a la luz.!Gracias por seguirnos durante todos estos a\u00f1os\u00a1\",\"sameAs\":[\"http:\\\/\\\/www.cope.es\",\"lmalvar\"],\"url\":\"https:\\\/\\\/www.cope.es\\\/blogs\\\/derosca\\\/author\\\/lmalvar\\\/\"}]}<\/script>\n<!-- \/ Yoast SEO plugin. -->","yoast_head_json":{"title":"Matias Schultz se retira y pasa a los despachos del Winterthur - Derosca","robots":{"index":"index","follow":"follow","max-snippet":"max-snippet:-1","max-image-preview":"max-image-preview:large","max-video-preview":"max-video-preview:-1"},"canonical":"https:\/\/www.cope.es\/blogs\/derosca\/2020\/04\/01\/matias-schultz-se-retira-y-pasa-a-los-despachos-del-winterthur\/","og_locale":"es_ES","og_type":"article","og_title":"Matias Schultz se retira y pasa a los despachos del Winterthur - Derosca","og_description":"El guardameta argentino, bien conocido y querido en Espa\u00f1a, Matias Schulz a sus 38 a\u00f1os de edad dice adi\u00f3s a las canchas de balonmano. El cancerbero termina su carrera como deportista y pasa a las oficinas de su \u00faltimo club donde ha militado en los \u00faltimos a\u00f1os, el conjunto suizo del Winterthur. Como consecuencia de [&hellip;]","og_url":"https:\/\/www.cope.es\/blogs\/derosca\/2020\/04\/01\/matias-schultz-se-retira-y-pasa-a-los-despachos-del-winterthur\/","og_site_name":"Derosca","article_publisher":"https:\/\/www.facebook.com\/cope\/","article_published_time":"2020-04-01T08:46:37+00:00","og_image":[{"width":700,"height":593,"url":"https:\/\/www.cope.es\/blogs\/derosca\/wp-content\/uploads\/sites\/22\/2020\/04\/descarga.jpg","type":"image\/jpeg"}],"author":"Luis Malvar","twitter_card":"summary_large_image","twitter_creator":"@cope_es","twitter_site":"@cope_es","twitter_misc":{"Escrito por":"Luis Malvar","Tiempo de lectura":"2 minutos"},"schema":{"@context":"https:\/\/schema.org","@graph":[{"@type":"Article","@id":"https:\/\/www.cope.es\/blogs\/derosca\/2020\/04\/01\/matias-schultz-se-retira-y-pasa-a-los-despachos-del-winterthur\/#article","isPartOf":{"@id":"https:\/\/www.cope.es\/blogs\/derosca\/2020\/04\/01\/matias-schultz-se-retira-y-pasa-a-los-despachos-del-winterthur\/"},"author":{"name":"Luis Malvar","@id":"https:\/\/www.cope.es\/blogs\/derosca\/#\/schema\/person\/02d6fa6fa8d8db60f83303875a4ff77f"},"headline":"Matias Schultz se retira y pasa a los despachos del Winterthur","datePublished":"2020-04-01T08:46:37+00:00","mainEntityOfPage":{"@id":"https:\/\/www.cope.es\/blogs\/derosca\/2020\/04\/01\/matias-schultz-se-retira-y-pasa-a-los-despachos-del-winterthur\/"},"wordCount":321,"commentCount":0,"image":{"@id":"https:\/\/www.cope.es\/blogs\/derosca\/2020\/04\/01\/matias-schultz-se-retira-y-pasa-a-los-despachos-del-winterthur\/#primaryimage"},"thumbnailUrl":"https:\/\/www.cope.es\/blogs\/derosca\/wp-content\/uploads\/sites\/22\/2020\/04\/descarga.jpg","articleSection":["Balonmano"],"inLanguage":"es","potentialAction":[{"@type":"CommentAction","name":"Comment","target":["https:\/\/www.cope.es\/blogs\/derosca\/2020\/04\/01\/matias-schultz-se-retira-y-pasa-a-los-despachos-del-winterthur\/#respond"]}]},{"@type":"WebPage","@id":"https:\/\/www.cope.es\/blogs\/derosca\/2020\/04\/01\/matias-schultz-se-retira-y-pasa-a-los-despachos-del-winterthur\/","url":"https:\/\/www.cope.es\/blogs\/derosca\/2020\/04\/01\/matias-schultz-se-retira-y-pasa-a-los-despachos-del-winterthur\/","name":"Matias Schultz se retira y pasa a los despachos del Winterthur - Derosca","isPartOf":{"@id":"https:\/\/www.cope.es\/blogs\/derosca\/#website"},"primaryImageOfPage":{"@id":"https:\/\/www.cope.es\/blogs\/derosca\/2020\/04\/01\/matias-schultz-se-retira-y-pasa-a-los-despachos-del-winterthur\/#primaryimage"},"image":{"@id":"https:\/\/www.cope.es\/blogs\/derosca\/2020\/04\/01\/matias-schultz-se-retira-y-pasa-a-los-despachos-del-winterthur\/#primaryimage"},"thumbnailUrl":"https:\/\/www.cope.es\/blogs\/derosca\/wp-content\/uploads\/sites\/22\/2020\/04\/descarga.jpg","datePublished":"2020-04-01T08:46:37+00:00","author":{"@id":"https:\/\/www.cope.es\/blogs\/derosca\/#\/schema\/person\/02d6fa6fa8d8db60f83303875a4ff77f"},"breadcrumb":{"@id":"https:\/\/www.cope.es\/blogs\/derosca\/2020\/04\/01\/matias-schultz-se-retira-y-pasa-a-los-despachos-del-winterthur\/#breadcrumb"},"inLanguage":"es","potentialAction":[{"@type":"ReadAction","target":["https:\/\/www.cope.es\/blogs\/derosca\/2020\/04\/01\/matias-schultz-se-retira-y-pasa-a-los-despachos-del-winterthur\/"]}]},{"@type":"ImageObject","inLanguage":"es","@id":"https:\/\/www.cope.es\/blogs\/derosca\/2020\/04\/01\/matias-schultz-se-retira-y-pasa-a-los-despachos-del-winterthur\/#primaryimage","url":"https:\/\/www.cope.es\/blogs\/derosca\/wp-content\/uploads\/sites\/22\/2020\/04\/descarga.jpg","contentUrl":"https:\/\/www.cope.es\/blogs\/derosca\/wp-content\/uploads\/sites\/22\/2020\/04\/descarga.jpg","width":700,"height":593,"caption":"Matias Schultz se retira y pasa a los despachos del Winterthur"},{"@type":"BreadcrumbList","@id":"https:\/\/www.cope.es\/blogs\/derosca\/2020\/04\/01\/matias-schultz-se-retira-y-pasa-a-los-despachos-del-winterthur\/#breadcrumb","itemListElement":[{"@type":"ListItem","position":1,"name":"Portada","item":"https:\/\/www.cope.es\/blogs\/derosca\/"},{"@type":"ListItem","position":2,"name":"Matias Schultz se retira y pasa a los despachos del Winterthur"}]},{"@type":"WebSite","@id":"https:\/\/www.cope.es\/blogs\/derosca\/#website","url":"https:\/\/www.cope.es\/blogs\/derosca\/","name":"Derosca","description":"Blog de balonmano COPE","potentialAction":[{"@type":"SearchAction","target":{"@type":"EntryPoint","urlTemplate":"https:\/\/www.cope.es\/blogs\/derosca\/?s={search_term_string}"},"query-input":{"@type":"PropertyValueSpecification","valueRequired":true,"valueName":"search_term_string"}}],"inLanguage":"es"},{"@type":"Person","@id":"https:\/\/www.cope.es\/blogs\/derosca\/#\/schema\/person\/02d6fa6fa8d8db60f83303875a4ff77f","name":"Luis Malvar","image":{"@type":"ImageObject","inLanguage":"es","@id":"https:\/\/secure.gravatar.com\/avatar\/23cd47dec2904689b3ccd32d1dd3e86c7cbf60dcf7376c68854f761a4939534f?s=96&d=mm&r=g","url":"https:\/\/secure.gravatar.com\/avatar\/23cd47dec2904689b3ccd32d1dd3e86c7cbf60dcf7376c68854f761a4939534f?s=96&d=mm&r=g","contentUrl":"https:\/\/secure.gravatar.com\/avatar\/23cd47dec2904689b3ccd32d1dd3e86c7cbf60dcf7376c68854f761a4939534f?s=96&d=mm&r=g","caption":"Luis Malvar"},"description":"Comenc\u00e9 la andadura del Blog Derosca all\u00e1 por el 22 de Mayo de 2008. Un blog en el que se trata de llevar a los numerosos aficionados y amantes del mundo del balonmano toda la actualidad de nuestro apasionante deporte. Una ventana que sirve para dar luz a las innumerables noticias que genera el balonmano y que habitualmente no tienen reflejo en los medios de comunicaci\u00f3n. Sin lugar a dudas el Blog Derosca cuenta con un apartado que tiene a gala contar con miles de seguidores como es \u201cMis Pajaritos\u201d en donde se relatan y narran todas las intrahistorias que se generan en el balonmano espa\u00f1ol y que incomoda a m\u00e1s de uno que salgan a la luz.!Gracias por seguirnos durante todos estos a\u00f1os\u00a1","sameAs":["http:\/\/www.cope.es","lmalvar"],"url":"https:\/\/www.cope.es\/blogs\/derosca\/author\/lmalvar\/"}]}},"amp_enabled":true,"_links":{"self":[{"href":"https:\/\/www.cope.es\/blogs\/derosca\/wp-json\/wp\/v2\/posts\/1288","targetHints":{"allow":["GET"]}}],"collection":[{"href":"https:\/\/www.cope.es\/blogs\/derosca\/wp-json\/wp\/v2\/posts"}],"about":[{"href":"https:\/\/www.cope.es\/blogs\/derosca\/wp-json\/wp\/v2\/types\/post"}],"author":[{"embeddable":true,"href":"https:\/\/www.cope.es\/blogs\/derosca\/wp-json\/wp\/v2\/users\/23"}],"replies":[{"embeddable":true,"href":"https:\/\/www.cope.es\/blogs\/derosca\/wp-json\/wp\/v2\/comments?post=1288"}],"version-history":[{"count":1,"href":"https:\/\/www.cope.es\/blogs\/derosca\/wp-json\/wp\/v2\/posts\/1288\/revisions"}],"predecessor-version":[{"id":1290,"href":"https:\/\/www.cope.es\/blogs\/derosca\/wp-json\/wp\/v2\/posts\/1288\/revisions\/1290"}],"wp:featuredmedia":[{"embeddable":true,"href":"https:\/\/www.cope.es\/blogs\/derosca\/wp-json\/wp\/v2\/media\/1289"}],"wp:attachment":[{"href":"https:\/\/www.cope.es\/blogs\/derosca\/wp-json\/wp\/v2\/media?parent=1288"}],"wp:term":[{"taxonomy":"category","embeddable":true,"href":"https:\/\/www.cope.es\/blogs\/derosca\/wp-json\/wp\/v2\/categories?post=1288"},{"taxonomy":"post_tag","embeddable":true,"href":"https:\/\/www.cope.es\/blogs\/derosca\/wp-json\/wp\/v2\/tags?post=1288"}],"curies":[{"name":"wp","href":"https:\/\/api.w.org\/{rel}","templated":true}]}}