{"id":1271,"date":"2020-03-25T10:31:27","date_gmt":"2020-03-25T09:31:27","guid":{"rendered":"http:\/\/www.cope.es\/blogs\/derosca\/?p=1271"},"modified":"2020-03-25T10:31:27","modified_gmt":"2020-03-25T09:31:27","slug":"mensaje-del-presidente-ehf-wiederer-al-mundo-del-balonmano","status":"publish","type":"post","link":"https:\/\/www.cope.es\/blogs\/derosca\/2020\/03\/25\/mensaje-del-presidente-ehf-wiederer-al-mundo-del-balonmano\/","title":{"rendered":"Mensaje del Presidente EHF, Wiederer, al mundo del balonmano"},"content":{"rendered":"<p>El Presidente de la Federaci\u00f3n Europea de Balonmano, Michael Wiederer, ha querido enviar un mensaje esclarecedor de la situaci\u00f3n a toda la familia del balonmano en estos momentos tan complicados y dif\u00edciles para todos. Esta es la carta y mensaje que ha remitido Wiederer a todos los componentes del mundo del balonmano:<\/p>\n<p>&#8220;La Federaci\u00f3n Europea de Balonmano, con todos sus organismos t\u00e9cnicos y administrativos, y el personal de la oficina, es plenamente consciente de la situaci\u00f3n actual con respecto a la propagaci\u00f3n del SARS-CoV-2 desde la perspectiva general&#8221;.<\/p>\n<p>&#8220;Al mismo tiempo, en diferentes pa\u00edses, se aplican diferentes reglas seg\u00fan la situaci\u00f3n, teniendo en cuenta las decisiones de las autoridades, ya sean legalmente vinculantes o en forma de recomendaciones&#8221;.<\/p>\n<p>&#8220;Hemos monitoreado cuidadosamente los desarrollos, en particular los que se refieren al deporte y las consecuencias. A este respecto, la semana pasada, la EHF aplic\u00f3 varias medidas, que tienen un efecto temporal en las competiciones y eventos europeos&#8221;.<\/p>\n<p>&#8220;Las decisiones tomaron en consideraci\u00f3n toda la informaci\u00f3n disponible en ese momento para proteger a las personas, los clubes y los equipos nacionales, pero tambi\u00e9n para minimizar los da\u00f1os econ\u00f3micos y las consecuencias imprevisibles. Este es un proceso relacionado con la situaci\u00f3n y continuar\u00e1 hasta nuevo aviso&#8221;.<\/p>\n<p>&#8220;No hace falta decir que compartimos el inter\u00e9s de organizar nuestro deporte lo antes posible y al mismo tiempo que sea organizable. Por lo tanto, continuaremos monitoreando la situaci\u00f3n y tambi\u00e9n analizaremos los posibles escenarios para cada competencia o evento por separado. Tomando como referencia las medidas introducidas por los gobiernos y entendiendo que se aplican diferentes horarios para diferentes pa\u00edses y regiones, no parece muy factible sacar conclusiones en las pr\u00f3ximas tres semanas&#8221;.<\/p>\n<p>&#8220;Espec\u00edficamente con respecto a la Oficina de EHF en Viena, queremos informar que el gobierno austriaco implement\u00f3 limitaciones concretas para el movimiento de personas, y recomend\u00f3 encarecidamente no realizar ning\u00fan negocio, lo cual no es absolutamente necesario. Esto ha afectado la vida p\u00fablica, incluido el cierre de tiendas y la recomendaci\u00f3n de la oficina en casa para las empresas. En consecuencia, la Oficina EHF ha introducido un sistema de oficina en casa con solo personal clave presente en el edificio de oficinas. Actualizaremos peri\u00f3dicamente la situaci\u00f3n general, con toda la informaci\u00f3n respectiva que se publicar\u00e1 en la p\u00e1gina de inicio de EHF y sus canales de redes sociales, y podemos asegurarle que el trabajo continuar\u00e1 &#8216;detr\u00e1s de escena&#8217; para mirar hacia adelante y para ser Listo para las pr\u00f3ximas actividades&#8221;.<\/p>\n<p>&#8220;Dese\u00e1ndole todo lo mejor y, sobre todo, buena salud en estos tiempos dif\u00edciles&#8221;.<\/p>\n<p>Seguirnos en twitter:\u00a0<a href=\"https:\/\/twitter.com\/\"><strong>https:\/\/twitter.com\/#!\/deroscacope<\/strong><\/a><\/p>\n","protected":false},"excerpt":{"rendered":"<p>El Presidente de la Federaci\u00f3n Europea de Balonmano, Michael Wiederer, ha querido enviar un mensaje esclarecedor de la situaci\u00f3n a toda la familia del balonmano en estos momentos tan complicados y dif\u00edciles para todos. Esta es la carta y mensaje que ha remitido Wiederer a todos los componentes del mundo del balonmano: &#8220;La Federaci\u00f3n Europea [&hellip;]<\/p>\n","protected":false},"author":23,"featured_media":1272,"comment_status":"open","ping_status":"open","sticky":false,"template":"","format":"standard","meta":{"footnotes":""},"categories":[3],"tags":[],"class_list":["post-1271","post","type-post","status-publish","format-standard","has-post-thumbnail","hentry","category-balonmano"],"yoast_head":"<!-- This site is optimized with the Yoast SEO plugin v27.4 - https:\/\/yoast.com\/product\/yoast-seo-wordpress\/ -->\n<title>Mensaje del Presidente EHF, Wiederer, al mundo del balonmano - Derosca<\/title>\n<meta name=\"robots\" content=\"index, follow, max-snippet:-1, max-image-preview:large, max-video-preview:-1\" \/>\n<link rel=\"canonical\" href=\"https:\/\/www.cope.es\/blogs\/derosca\/2020\/03\/25\/mensaje-del-presidente-ehf-wiederer-al-mundo-del-balonmano\/\" \/>\n<meta property=\"og:locale\" content=\"es_ES\" \/>\n<meta property=\"og:type\" content=\"article\" \/>\n<meta property=\"og:title\" content=\"Mensaje del Presidente EHF, Wiederer, al mundo del balonmano - Derosca\" \/>\n<meta property=\"og:description\" content=\"El Presidente de la Federaci\u00f3n Europea de Balonmano, Michael Wiederer, ha querido enviar un mensaje esclarecedor de la situaci\u00f3n a toda la familia del balonmano en estos momentos tan complicados y dif\u00edciles para todos. Esta es la carta y mensaje que ha remitido Wiederer a todos los componentes del mundo del balonmano: &#8220;La Federaci\u00f3n Europea [&hellip;]\" \/>\n<meta property=\"og:url\" content=\"https:\/\/www.cope.es\/blogs\/derosca\/2020\/03\/25\/mensaje-del-presidente-ehf-wiederer-al-mundo-del-balonmano\/\" \/>\n<meta property=\"og:site_name\" content=\"Derosca\" \/>\n<meta property=\"article:publisher\" content=\"https:\/\/www.facebook.com\/cope\/\" \/>\n<meta property=\"article:published_time\" content=\"2020-03-25T09:31:27+00:00\" \/>\n<meta property=\"og:image\" content=\"https:\/\/www.cope.es\/blogs\/derosca\/wp-content\/uploads\/sites\/22\/2020\/03\/Cxd6WRAXgAAVMgf.jpg\" \/>\n\t<meta property=\"og:image:width\" content=\"680\" \/>\n\t<meta property=\"og:image:height\" content=\"516\" \/>\n\t<meta property=\"og:image:type\" content=\"image\/jpeg\" \/>\n<meta name=\"author\" content=\"Luis Malvar\" \/>\n<meta name=\"twitter:card\" content=\"summary_large_image\" \/>\n<meta name=\"twitter:creator\" content=\"@cope_es\" \/>\n<meta name=\"twitter:site\" content=\"@cope_es\" \/>\n<meta name=\"twitter:label1\" content=\"Escrito por\" \/>\n\t<meta name=\"twitter:data1\" content=\"Luis Malvar\" \/>\n\t<meta name=\"twitter:label2\" content=\"Tiempo de lectura\" \/>\n\t<meta name=\"twitter:data2\" content=\"2 minutos\" \/>\n<script type=\"application\/ld+json\" class=\"yoast-schema-graph\">{\"@context\":\"https:\\\/\\\/schema.org\",\"@graph\":[{\"@type\":\"Article\",\"@id\":\"https:\\\/\\\/www.cope.es\\\/blogs\\\/derosca\\\/2020\\\/03\\\/25\\\/mensaje-del-presidente-ehf-wiederer-al-mundo-del-balonmano\\\/#article\",\"isPartOf\":{\"@id\":\"https:\\\/\\\/www.cope.es\\\/blogs\\\/derosca\\\/2020\\\/03\\\/25\\\/mensaje-del-presidente-ehf-wiederer-al-mundo-del-balonmano\\\/\"},\"author\":{\"name\":\"Luis Malvar\",\"@id\":\"https:\\\/\\\/www.cope.es\\\/blogs\\\/derosca\\\/#\\\/schema\\\/person\\\/02d6fa6fa8d8db60f83303875a4ff77f\"},\"headline\":\"Mensaje del Presidente EHF, Wiederer, al mundo del balonmano\",\"datePublished\":\"2020-03-25T09:31:27+00:00\",\"mainEntityOfPage\":{\"@id\":\"https:\\\/\\\/www.cope.es\\\/blogs\\\/derosca\\\/2020\\\/03\\\/25\\\/mensaje-del-presidente-ehf-wiederer-al-mundo-del-balonmano\\\/\"},\"wordCount\":469,\"commentCount\":0,\"image\":{\"@id\":\"https:\\\/\\\/www.cope.es\\\/blogs\\\/derosca\\\/2020\\\/03\\\/25\\\/mensaje-del-presidente-ehf-wiederer-al-mundo-del-balonmano\\\/#primaryimage\"},\"thumbnailUrl\":\"https:\\\/\\\/www.cope.es\\\/blogs\\\/derosca\\\/wp-content\\\/uploads\\\/sites\\\/22\\\/2020\\\/03\\\/Cxd6WRAXgAAVMgf.jpg\",\"articleSection\":[\"Balonmano\"],\"inLanguage\":\"es\",\"potentialAction\":[{\"@type\":\"CommentAction\",\"name\":\"Comment\",\"target\":[\"https:\\\/\\\/www.cope.es\\\/blogs\\\/derosca\\\/2020\\\/03\\\/25\\\/mensaje-del-presidente-ehf-wiederer-al-mundo-del-balonmano\\\/#respond\"]}]},{\"@type\":\"WebPage\",\"@id\":\"https:\\\/\\\/www.cope.es\\\/blogs\\\/derosca\\\/2020\\\/03\\\/25\\\/mensaje-del-presidente-ehf-wiederer-al-mundo-del-balonmano\\\/\",\"url\":\"https:\\\/\\\/www.cope.es\\\/blogs\\\/derosca\\\/2020\\\/03\\\/25\\\/mensaje-del-presidente-ehf-wiederer-al-mundo-del-balonmano\\\/\",\"name\":\"Mensaje del Presidente EHF, Wiederer, al mundo del balonmano - Derosca\",\"isPartOf\":{\"@id\":\"https:\\\/\\\/www.cope.es\\\/blogs\\\/derosca\\\/#website\"},\"primaryImageOfPage\":{\"@id\":\"https:\\\/\\\/www.cope.es\\\/blogs\\\/derosca\\\/2020\\\/03\\\/25\\\/mensaje-del-presidente-ehf-wiederer-al-mundo-del-balonmano\\\/#primaryimage\"},\"image\":{\"@id\":\"https:\\\/\\\/www.cope.es\\\/blogs\\\/derosca\\\/2020\\\/03\\\/25\\\/mensaje-del-presidente-ehf-wiederer-al-mundo-del-balonmano\\\/#primaryimage\"},\"thumbnailUrl\":\"https:\\\/\\\/www.cope.es\\\/blogs\\\/derosca\\\/wp-content\\\/uploads\\\/sites\\\/22\\\/2020\\\/03\\\/Cxd6WRAXgAAVMgf.jpg\",\"datePublished\":\"2020-03-25T09:31:27+00:00\",\"author\":{\"@id\":\"https:\\\/\\\/www.cope.es\\\/blogs\\\/derosca\\\/#\\\/schema\\\/person\\\/02d6fa6fa8d8db60f83303875a4ff77f\"},\"breadcrumb\":{\"@id\":\"https:\\\/\\\/www.cope.es\\\/blogs\\\/derosca\\\/2020\\\/03\\\/25\\\/mensaje-del-presidente-ehf-wiederer-al-mundo-del-balonmano\\\/#breadcrumb\"},\"inLanguage\":\"es\",\"potentialAction\":[{\"@type\":\"ReadAction\",\"target\":[\"https:\\\/\\\/www.cope.es\\\/blogs\\\/derosca\\\/2020\\\/03\\\/25\\\/mensaje-del-presidente-ehf-wiederer-al-mundo-del-balonmano\\\/\"]}]},{\"@type\":\"ImageObject\",\"inLanguage\":\"es\",\"@id\":\"https:\\\/\\\/www.cope.es\\\/blogs\\\/derosca\\\/2020\\\/03\\\/25\\\/mensaje-del-presidente-ehf-wiederer-al-mundo-del-balonmano\\\/#primaryimage\",\"url\":\"https:\\\/\\\/www.cope.es\\\/blogs\\\/derosca\\\/wp-content\\\/uploads\\\/sites\\\/22\\\/2020\\\/03\\\/Cxd6WRAXgAAVMgf.jpg\",\"contentUrl\":\"https:\\\/\\\/www.cope.es\\\/blogs\\\/derosca\\\/wp-content\\\/uploads\\\/sites\\\/22\\\/2020\\\/03\\\/Cxd6WRAXgAAVMgf.jpg\",\"width\":680,\"height\":516,\"caption\":\"Mensaje del Presidente EHF, Wiederer, al mundo del balonmano\"},{\"@type\":\"BreadcrumbList\",\"@id\":\"https:\\\/\\\/www.cope.es\\\/blogs\\\/derosca\\\/2020\\\/03\\\/25\\\/mensaje-del-presidente-ehf-wiederer-al-mundo-del-balonmano\\\/#breadcrumb\",\"itemListElement\":[{\"@type\":\"ListItem\",\"position\":1,\"name\":\"Portada\",\"item\":\"https:\\\/\\\/www.cope.es\\\/blogs\\\/derosca\\\/\"},{\"@type\":\"ListItem\",\"position\":2,\"name\":\"Mensaje del Presidente EHF, Wiederer, al mundo del balonmano\"}]},{\"@type\":\"WebSite\",\"@id\":\"https:\\\/\\\/www.cope.es\\\/blogs\\\/derosca\\\/#website\",\"url\":\"https:\\\/\\\/www.cope.es\\\/blogs\\\/derosca\\\/\",\"name\":\"Derosca\",\"description\":\"Blog de balonmano COPE\",\"potentialAction\":[{\"@type\":\"SearchAction\",\"target\":{\"@type\":\"EntryPoint\",\"urlTemplate\":\"https:\\\/\\\/www.cope.es\\\/blogs\\\/derosca\\\/?s={search_term_string}\"},\"query-input\":{\"@type\":\"PropertyValueSpecification\",\"valueRequired\":true,\"valueName\":\"search_term_string\"}}],\"inLanguage\":\"es\"},{\"@type\":\"Person\",\"@id\":\"https:\\\/\\\/www.cope.es\\\/blogs\\\/derosca\\\/#\\\/schema\\\/person\\\/02d6fa6fa8d8db60f83303875a4ff77f\",\"name\":\"Luis Malvar\",\"image\":{\"@type\":\"ImageObject\",\"inLanguage\":\"es\",\"@id\":\"https:\\\/\\\/secure.gravatar.com\\\/avatar\\\/23cd47dec2904689b3ccd32d1dd3e86c7cbf60dcf7376c68854f761a4939534f?s=96&d=mm&r=g\",\"url\":\"https:\\\/\\\/secure.gravatar.com\\\/avatar\\\/23cd47dec2904689b3ccd32d1dd3e86c7cbf60dcf7376c68854f761a4939534f?s=96&d=mm&r=g\",\"contentUrl\":\"https:\\\/\\\/secure.gravatar.com\\\/avatar\\\/23cd47dec2904689b3ccd32d1dd3e86c7cbf60dcf7376c68854f761a4939534f?s=96&d=mm&r=g\",\"caption\":\"Luis Malvar\"},\"description\":\"Comenc\u00e9 la andadura del Blog Derosca all\u00e1 por el 22 de Mayo de 2008. Un blog en el que se trata de llevar a los numerosos aficionados y amantes del mundo del balonmano toda la actualidad de nuestro apasionante deporte. Una ventana que sirve para dar luz a las innumerables noticias que genera el balonmano y que habitualmente no tienen reflejo en los medios de comunicaci\u00f3n. Sin lugar a dudas el Blog Derosca cuenta con un apartado que tiene a gala contar con miles de seguidores como es \u201cMis Pajaritos\u201d en donde se relatan y narran todas las intrahistorias que se generan en el balonmano espa\u00f1ol y que incomoda a m\u00e1s de uno que salgan a la luz.!Gracias por seguirnos durante todos estos a\u00f1os\u00a1\",\"sameAs\":[\"http:\\\/\\\/www.cope.es\",\"lmalvar\"],\"url\":\"https:\\\/\\\/www.cope.es\\\/blogs\\\/derosca\\\/author\\\/lmalvar\\\/\"}]}<\/script>\n<!-- \/ Yoast SEO plugin. -->","yoast_head_json":{"title":"Mensaje del Presidente EHF, Wiederer, al mundo del balonmano - Derosca","robots":{"index":"index","follow":"follow","max-snippet":"max-snippet:-1","max-image-preview":"max-image-preview:large","max-video-preview":"max-video-preview:-1"},"canonical":"https:\/\/www.cope.es\/blogs\/derosca\/2020\/03\/25\/mensaje-del-presidente-ehf-wiederer-al-mundo-del-balonmano\/","og_locale":"es_ES","og_type":"article","og_title":"Mensaje del Presidente EHF, Wiederer, al mundo del balonmano - Derosca","og_description":"El Presidente de la Federaci\u00f3n Europea de Balonmano, Michael Wiederer, ha querido enviar un mensaje esclarecedor de la situaci\u00f3n a toda la familia del balonmano en estos momentos tan complicados y dif\u00edciles para todos. Esta es la carta y mensaje que ha remitido Wiederer a todos los componentes del mundo del balonmano: &#8220;La Federaci\u00f3n Europea [&hellip;]","og_url":"https:\/\/www.cope.es\/blogs\/derosca\/2020\/03\/25\/mensaje-del-presidente-ehf-wiederer-al-mundo-del-balonmano\/","og_site_name":"Derosca","article_publisher":"https:\/\/www.facebook.com\/cope\/","article_published_time":"2020-03-25T09:31:27+00:00","og_image":[{"width":680,"height":516,"url":"https:\/\/www.cope.es\/blogs\/derosca\/wp-content\/uploads\/sites\/22\/2020\/03\/Cxd6WRAXgAAVMgf.jpg","type":"image\/jpeg"}],"author":"Luis Malvar","twitter_card":"summary_large_image","twitter_creator":"@cope_es","twitter_site":"@cope_es","twitter_misc":{"Escrito por":"Luis Malvar","Tiempo de lectura":"2 minutos"},"schema":{"@context":"https:\/\/schema.org","@graph":[{"@type":"Article","@id":"https:\/\/www.cope.es\/blogs\/derosca\/2020\/03\/25\/mensaje-del-presidente-ehf-wiederer-al-mundo-del-balonmano\/#article","isPartOf":{"@id":"https:\/\/www.cope.es\/blogs\/derosca\/2020\/03\/25\/mensaje-del-presidente-ehf-wiederer-al-mundo-del-balonmano\/"},"author":{"name":"Luis Malvar","@id":"https:\/\/www.cope.es\/blogs\/derosca\/#\/schema\/person\/02d6fa6fa8d8db60f83303875a4ff77f"},"headline":"Mensaje del Presidente EHF, Wiederer, al mundo del balonmano","datePublished":"2020-03-25T09:31:27+00:00","mainEntityOfPage":{"@id":"https:\/\/www.cope.es\/blogs\/derosca\/2020\/03\/25\/mensaje-del-presidente-ehf-wiederer-al-mundo-del-balonmano\/"},"wordCount":469,"commentCount":0,"image":{"@id":"https:\/\/www.cope.es\/blogs\/derosca\/2020\/03\/25\/mensaje-del-presidente-ehf-wiederer-al-mundo-del-balonmano\/#primaryimage"},"thumbnailUrl":"https:\/\/www.cope.es\/blogs\/derosca\/wp-content\/uploads\/sites\/22\/2020\/03\/Cxd6WRAXgAAVMgf.jpg","articleSection":["Balonmano"],"inLanguage":"es","potentialAction":[{"@type":"CommentAction","name":"Comment","target":["https:\/\/www.cope.es\/blogs\/derosca\/2020\/03\/25\/mensaje-del-presidente-ehf-wiederer-al-mundo-del-balonmano\/#respond"]}]},{"@type":"WebPage","@id":"https:\/\/www.cope.es\/blogs\/derosca\/2020\/03\/25\/mensaje-del-presidente-ehf-wiederer-al-mundo-del-balonmano\/","url":"https:\/\/www.cope.es\/blogs\/derosca\/2020\/03\/25\/mensaje-del-presidente-ehf-wiederer-al-mundo-del-balonmano\/","name":"Mensaje del Presidente EHF, Wiederer, al mundo del balonmano - Derosca","isPartOf":{"@id":"https:\/\/www.cope.es\/blogs\/derosca\/#website"},"primaryImageOfPage":{"@id":"https:\/\/www.cope.es\/blogs\/derosca\/2020\/03\/25\/mensaje-del-presidente-ehf-wiederer-al-mundo-del-balonmano\/#primaryimage"},"image":{"@id":"https:\/\/www.cope.es\/blogs\/derosca\/2020\/03\/25\/mensaje-del-presidente-ehf-wiederer-al-mundo-del-balonmano\/#primaryimage"},"thumbnailUrl":"https:\/\/www.cope.es\/blogs\/derosca\/wp-content\/uploads\/sites\/22\/2020\/03\/Cxd6WRAXgAAVMgf.jpg","datePublished":"2020-03-25T09:31:27+00:00","author":{"@id":"https:\/\/www.cope.es\/blogs\/derosca\/#\/schema\/person\/02d6fa6fa8d8db60f83303875a4ff77f"},"breadcrumb":{"@id":"https:\/\/www.cope.es\/blogs\/derosca\/2020\/03\/25\/mensaje-del-presidente-ehf-wiederer-al-mundo-del-balonmano\/#breadcrumb"},"inLanguage":"es","potentialAction":[{"@type":"ReadAction","target":["https:\/\/www.cope.es\/blogs\/derosca\/2020\/03\/25\/mensaje-del-presidente-ehf-wiederer-al-mundo-del-balonmano\/"]}]},{"@type":"ImageObject","inLanguage":"es","@id":"https:\/\/www.cope.es\/blogs\/derosca\/2020\/03\/25\/mensaje-del-presidente-ehf-wiederer-al-mundo-del-balonmano\/#primaryimage","url":"https:\/\/www.cope.es\/blogs\/derosca\/wp-content\/uploads\/sites\/22\/2020\/03\/Cxd6WRAXgAAVMgf.jpg","contentUrl":"https:\/\/www.cope.es\/blogs\/derosca\/wp-content\/uploads\/sites\/22\/2020\/03\/Cxd6WRAXgAAVMgf.jpg","width":680,"height":516,"caption":"Mensaje del Presidente EHF, Wiederer, al mundo del balonmano"},{"@type":"BreadcrumbList","@id":"https:\/\/www.cope.es\/blogs\/derosca\/2020\/03\/25\/mensaje-del-presidente-ehf-wiederer-al-mundo-del-balonmano\/#breadcrumb","itemListElement":[{"@type":"ListItem","position":1,"name":"Portada","item":"https:\/\/www.cope.es\/blogs\/derosca\/"},{"@type":"ListItem","position":2,"name":"Mensaje del Presidente EHF, Wiederer, al mundo del balonmano"}]},{"@type":"WebSite","@id":"https:\/\/www.cope.es\/blogs\/derosca\/#website","url":"https:\/\/www.cope.es\/blogs\/derosca\/","name":"Derosca","description":"Blog de balonmano COPE","potentialAction":[{"@type":"SearchAction","target":{"@type":"EntryPoint","urlTemplate":"https:\/\/www.cope.es\/blogs\/derosca\/?s={search_term_string}"},"query-input":{"@type":"PropertyValueSpecification","valueRequired":true,"valueName":"search_term_string"}}],"inLanguage":"es"},{"@type":"Person","@id":"https:\/\/www.cope.es\/blogs\/derosca\/#\/schema\/person\/02d6fa6fa8d8db60f83303875a4ff77f","name":"Luis Malvar","image":{"@type":"ImageObject","inLanguage":"es","@id":"https:\/\/secure.gravatar.com\/avatar\/23cd47dec2904689b3ccd32d1dd3e86c7cbf60dcf7376c68854f761a4939534f?s=96&d=mm&r=g","url":"https:\/\/secure.gravatar.com\/avatar\/23cd47dec2904689b3ccd32d1dd3e86c7cbf60dcf7376c68854f761a4939534f?s=96&d=mm&r=g","contentUrl":"https:\/\/secure.gravatar.com\/avatar\/23cd47dec2904689b3ccd32d1dd3e86c7cbf60dcf7376c68854f761a4939534f?s=96&d=mm&r=g","caption":"Luis Malvar"},"description":"Comenc\u00e9 la andadura del Blog Derosca all\u00e1 por el 22 de Mayo de 2008. Un blog en el que se trata de llevar a los numerosos aficionados y amantes del mundo del balonmano toda la actualidad de nuestro apasionante deporte. Una ventana que sirve para dar luz a las innumerables noticias que genera el balonmano y que habitualmente no tienen reflejo en los medios de comunicaci\u00f3n. Sin lugar a dudas el Blog Derosca cuenta con un apartado que tiene a gala contar con miles de seguidores como es \u201cMis Pajaritos\u201d en donde se relatan y narran todas las intrahistorias que se generan en el balonmano espa\u00f1ol y que incomoda a m\u00e1s de uno que salgan a la luz.!Gracias por seguirnos durante todos estos a\u00f1os\u00a1","sameAs":["http:\/\/www.cope.es","lmalvar"],"url":"https:\/\/www.cope.es\/blogs\/derosca\/author\/lmalvar\/"}]}},"amp_enabled":true,"_links":{"self":[{"href":"https:\/\/www.cope.es\/blogs\/derosca\/wp-json\/wp\/v2\/posts\/1271","targetHints":{"allow":["GET"]}}],"collection":[{"href":"https:\/\/www.cope.es\/blogs\/derosca\/wp-json\/wp\/v2\/posts"}],"about":[{"href":"https:\/\/www.cope.es\/blogs\/derosca\/wp-json\/wp\/v2\/types\/post"}],"author":[{"embeddable":true,"href":"https:\/\/www.cope.es\/blogs\/derosca\/wp-json\/wp\/v2\/users\/23"}],"replies":[{"embeddable":true,"href":"https:\/\/www.cope.es\/blogs\/derosca\/wp-json\/wp\/v2\/comments?post=1271"}],"version-history":[{"count":1,"href":"https:\/\/www.cope.es\/blogs\/derosca\/wp-json\/wp\/v2\/posts\/1271\/revisions"}],"predecessor-version":[{"id":1273,"href":"https:\/\/www.cope.es\/blogs\/derosca\/wp-json\/wp\/v2\/posts\/1271\/revisions\/1273"}],"wp:featuredmedia":[{"embeddable":true,"href":"https:\/\/www.cope.es\/blogs\/derosca\/wp-json\/wp\/v2\/media\/1272"}],"wp:attachment":[{"href":"https:\/\/www.cope.es\/blogs\/derosca\/wp-json\/wp\/v2\/media?parent=1271"}],"wp:term":[{"taxonomy":"category","embeddable":true,"href":"https:\/\/www.cope.es\/blogs\/derosca\/wp-json\/wp\/v2\/categories?post=1271"},{"taxonomy":"post_tag","embeddable":true,"href":"https:\/\/www.cope.es\/blogs\/derosca\/wp-json\/wp\/v2\/tags?post=1271"}],"curies":[{"name":"wp","href":"https:\/\/api.w.org\/{rel}","templated":true}]}}