{"id":1170,"date":"2020-02-05T09:05:22","date_gmt":"2020-02-05T08:05:22","guid":{"rendered":"http:\/\/www.cope.es\/blogs\/derosca\/?p=1170"},"modified":"2020-02-05T09:05:22","modified_gmt":"2020-02-05T08:05:22","slug":"presentacion-del-europeo-2022-masculino-en-sociedad","status":"publish","type":"post","link":"https:\/\/www.cope.es\/blogs\/derosca\/2020\/02\/05\/presentacion-del-europeo-2022-masculino-en-sociedad\/","title":{"rendered":"Presentaci\u00f3n del Europeo 2022 Masculino en sociedad"},"content":{"rendered":"<p><span style=\"color: #252525\"><span style=\"font-family: Arial, serif\"><span style=\"font-size: medium\">Aprovechando la celebraci\u00f3n del Europeo 2020 Masculino se present\u00f3 en sociedad el pr\u00f3ximo Europeo Masculino 2022 que se va a celebrar y organizar en dos pa\u00edses como Hungr\u00eda y Eslovaquia.<\/span><\/span><\/span><\/p>\n<p><span style=\"color: #252525\"><span style=\"font-family: Arial, serif\"><span style=\"font-size: medium\">All\u00ed en presencia del Presidente de la Federaci\u00f3n Europea de Balonmano (EHF), Michael Wiederer, se hizo el habitual traspaso de unos organizadores a otros en donde se les entreg\u00f3 a los nuevos del Europeo 2022 la tradicional bandera de la EHF. El Presidente del Comit\u00e9 Organizador sueco, Krister Bergstr\u00f6m, le entreg\u00f3 la bandera en nombre de Suecia, Austria y Noruega a los Presidentes de las Federaciones de Hungr\u00eda y Eslovaquia, Mate Kocsis y Jaroslav Holesa, conjuntamente.<\/span><\/span><\/span><\/p>\n<p><span style=\"color: #252525\"><span style=\"font-family: Arial, serif\"><span style=\"font-size: medium\">Tambi\u00e9n se present\u00f3 el logotipo del Europeo 2022 que incluye los colores nacionales de ambas naciones anfitrionas: rojo, verde, blanco y azul.\u00a0El logotipo se relaciona estrechamente con el lema del evento &#8220;ver juegos, ver m\u00e1s&#8221;, destacando las muchas oportunidades para los aficionados en las cinco ciudades.<\/span><\/span><\/span><\/p>\n<p><span style=\"color: #252525\"><span style=\"font-family: Arial, serif\"><span style=\"font-size: medium\">El Europeo 2022 ser\u00e1 disputar\u00e1 en Bratislava (dos grupos de la Fase Preliminar y la Fase Principal) y Kosice (Fase Preliminar) en Eslovaquia; y Debrecen, Szeged (Fase Preliminar) y Budapest (Fase Preliminar, Fase Principal y \u00faltimo fin de semana con las Finales) en Hungr\u00eda del 13 al 30 de Enero de 2022.<\/span><\/span><\/span><\/p>\n<p><span style=\"color: #252525\"><span style=\"font-family: Arial, serif\"><span style=\"font-size: medium\">Los partidos en la capital h\u00fangara, Budapest, se jugar\u00e1 en el nuevo Arena Budapest.\u00a0El sistema de juego ser\u00e1 con 6 Grupos en la Fase Preliminar y 2 Grupos en la Fase Principal, es decir siendo el mismo esquema que en el Europeo 2020.<\/span><\/span><\/span><\/p>\n<p><span style=\"color: #252525\"><span style=\"font-family: Arial, serif\"><span style=\"font-size: medium\">Finalmente el Presidente del Comit\u00e9 Organizador de Hungr\u00eda, Szabolcs Biro, coment\u00f3 que ellos quieren demostrar a los aficionados de toda Europa m\u00e1s que un simple evento deportivo tradicional, que sea un gigante festival de balonmano. Por su parte su hom\u00f3logo eslovaco, Martin Simonidis, dijo que todas las ciudades anfitrionas son f\u00e1cilmente accesibles desde toda Europa y espera que acudan en masa los aficionados.<\/span><\/span><\/span><\/p>\n<p><span style=\"font-family: Arial, serif\">Seguirnos en twitter:<\/span><span style=\"color: #3e3e3e\"><span style=\"font-family: Arial, serif\">\u00a0<\/span><\/span><a href=\"https:\/\/twitter.com\/\"><span style=\"color: #1e5592\"><span style=\"font-family: Arial, serif\"><u>https:\/\/twitter.com\/#!\/deroscacope<\/u><\/span><\/span><\/a><\/p>\n","protected":false},"excerpt":{"rendered":"<p>Aprovechando la celebraci\u00f3n del Europeo 2020 Masculino se present\u00f3 en sociedad el pr\u00f3ximo Europeo Masculino 2022 que se va a celebrar y organizar en dos pa\u00edses como Hungr\u00eda y Eslovaquia. All\u00ed en presencia del Presidente de la Federaci\u00f3n Europea de Balonmano (EHF), Michael Wiederer, se hizo el habitual traspaso de unos organizadores a otros en [&hellip;]<\/p>\n","protected":false},"author":23,"featured_media":1171,"comment_status":"open","ping_status":"open","sticky":false,"template":"","format":"standard","meta":{"footnotes":""},"categories":[3],"tags":[],"class_list":["post-1170","post","type-post","status-publish","format-standard","has-post-thumbnail","hentry","category-balonmano"],"yoast_head":"<!-- This site is optimized with the Yoast SEO plugin v27.4 - https:\/\/yoast.com\/product\/yoast-seo-wordpress\/ -->\n<title>Presentaci\u00f3n del Europeo 2022 Masculino en sociedad - Derosca<\/title>\n<meta name=\"robots\" content=\"index, follow, max-snippet:-1, max-image-preview:large, max-video-preview:-1\" \/>\n<link rel=\"canonical\" href=\"https:\/\/www.cope.es\/blogs\/derosca\/2020\/02\/05\/presentacion-del-europeo-2022-masculino-en-sociedad\/\" \/>\n<meta property=\"og:locale\" content=\"es_ES\" \/>\n<meta property=\"og:type\" content=\"article\" \/>\n<meta property=\"og:title\" content=\"Presentaci\u00f3n del Europeo 2022 Masculino en sociedad - Derosca\" \/>\n<meta property=\"og:description\" content=\"Aprovechando la celebraci\u00f3n del Europeo 2020 Masculino se present\u00f3 en sociedad el pr\u00f3ximo Europeo Masculino 2022 que se va a celebrar y organizar en dos pa\u00edses como Hungr\u00eda y Eslovaquia. All\u00ed en presencia del Presidente de la Federaci\u00f3n Europea de Balonmano (EHF), Michael Wiederer, se hizo el habitual traspaso de unos organizadores a otros en [&hellip;]\" \/>\n<meta property=\"og:url\" content=\"https:\/\/www.cope.es\/blogs\/derosca\/2020\/02\/05\/presentacion-del-europeo-2022-masculino-en-sociedad\/\" \/>\n<meta property=\"og:site_name\" content=\"Derosca\" \/>\n<meta property=\"article:publisher\" content=\"https:\/\/www.facebook.com\/cope\/\" \/>\n<meta property=\"article:published_time\" content=\"2020-02-05T08:05:22+00:00\" \/>\n<meta property=\"og:image\" content=\"https:\/\/www.cope.es\/blogs\/derosca\/wp-content\/uploads\/sites\/22\/2020\/02\/Logo-Euro2022.jpg\" \/>\n\t<meta property=\"og:image:width\" content=\"800\" \/>\n\t<meta property=\"og:image:height\" content=\"587\" \/>\n\t<meta property=\"og:image:type\" content=\"image\/jpeg\" \/>\n<meta name=\"author\" content=\"Luis Malvar\" \/>\n<meta name=\"twitter:card\" content=\"summary_large_image\" \/>\n<meta name=\"twitter:creator\" content=\"@cope_es\" \/>\n<meta name=\"twitter:site\" content=\"@cope_es\" \/>\n<meta name=\"twitter:label1\" content=\"Escrito por\" \/>\n\t<meta name=\"twitter:data1\" content=\"Luis Malvar\" \/>\n\t<meta name=\"twitter:label2\" content=\"Tiempo de lectura\" \/>\n\t<meta name=\"twitter:data2\" content=\"2 minutos\" \/>\n<script type=\"application\/ld+json\" class=\"yoast-schema-graph\">{\"@context\":\"https:\\\/\\\/schema.org\",\"@graph\":[{\"@type\":\"Article\",\"@id\":\"https:\\\/\\\/www.cope.es\\\/blogs\\\/derosca\\\/2020\\\/02\\\/05\\\/presentacion-del-europeo-2022-masculino-en-sociedad\\\/#article\",\"isPartOf\":{\"@id\":\"https:\\\/\\\/www.cope.es\\\/blogs\\\/derosca\\\/2020\\\/02\\\/05\\\/presentacion-del-europeo-2022-masculino-en-sociedad\\\/\"},\"author\":{\"name\":\"Luis Malvar\",\"@id\":\"https:\\\/\\\/www.cope.es\\\/blogs\\\/derosca\\\/#\\\/schema\\\/person\\\/02d6fa6fa8d8db60f83303875a4ff77f\"},\"headline\":\"Presentaci\u00f3n del Europeo 2022 Masculino en sociedad\",\"datePublished\":\"2020-02-05T08:05:22+00:00\",\"mainEntityOfPage\":{\"@id\":\"https:\\\/\\\/www.cope.es\\\/blogs\\\/derosca\\\/2020\\\/02\\\/05\\\/presentacion-del-europeo-2022-masculino-en-sociedad\\\/\"},\"wordCount\":330,\"commentCount\":0,\"image\":{\"@id\":\"https:\\\/\\\/www.cope.es\\\/blogs\\\/derosca\\\/2020\\\/02\\\/05\\\/presentacion-del-europeo-2022-masculino-en-sociedad\\\/#primaryimage\"},\"thumbnailUrl\":\"https:\\\/\\\/www.cope.es\\\/blogs\\\/derosca\\\/wp-content\\\/uploads\\\/sites\\\/22\\\/2020\\\/02\\\/Logo-Euro2022.jpg\",\"articleSection\":[\"Balonmano\"],\"inLanguage\":\"es\",\"potentialAction\":[{\"@type\":\"CommentAction\",\"name\":\"Comment\",\"target\":[\"https:\\\/\\\/www.cope.es\\\/blogs\\\/derosca\\\/2020\\\/02\\\/05\\\/presentacion-del-europeo-2022-masculino-en-sociedad\\\/#respond\"]}]},{\"@type\":\"WebPage\",\"@id\":\"https:\\\/\\\/www.cope.es\\\/blogs\\\/derosca\\\/2020\\\/02\\\/05\\\/presentacion-del-europeo-2022-masculino-en-sociedad\\\/\",\"url\":\"https:\\\/\\\/www.cope.es\\\/blogs\\\/derosca\\\/2020\\\/02\\\/05\\\/presentacion-del-europeo-2022-masculino-en-sociedad\\\/\",\"name\":\"Presentaci\u00f3n del Europeo 2022 Masculino en sociedad - Derosca\",\"isPartOf\":{\"@id\":\"https:\\\/\\\/www.cope.es\\\/blogs\\\/derosca\\\/#website\"},\"primaryImageOfPage\":{\"@id\":\"https:\\\/\\\/www.cope.es\\\/blogs\\\/derosca\\\/2020\\\/02\\\/05\\\/presentacion-del-europeo-2022-masculino-en-sociedad\\\/#primaryimage\"},\"image\":{\"@id\":\"https:\\\/\\\/www.cope.es\\\/blogs\\\/derosca\\\/2020\\\/02\\\/05\\\/presentacion-del-europeo-2022-masculino-en-sociedad\\\/#primaryimage\"},\"thumbnailUrl\":\"https:\\\/\\\/www.cope.es\\\/blogs\\\/derosca\\\/wp-content\\\/uploads\\\/sites\\\/22\\\/2020\\\/02\\\/Logo-Euro2022.jpg\",\"datePublished\":\"2020-02-05T08:05:22+00:00\",\"author\":{\"@id\":\"https:\\\/\\\/www.cope.es\\\/blogs\\\/derosca\\\/#\\\/schema\\\/person\\\/02d6fa6fa8d8db60f83303875a4ff77f\"},\"breadcrumb\":{\"@id\":\"https:\\\/\\\/www.cope.es\\\/blogs\\\/derosca\\\/2020\\\/02\\\/05\\\/presentacion-del-europeo-2022-masculino-en-sociedad\\\/#breadcrumb\"},\"inLanguage\":\"es\",\"potentialAction\":[{\"@type\":\"ReadAction\",\"target\":[\"https:\\\/\\\/www.cope.es\\\/blogs\\\/derosca\\\/2020\\\/02\\\/05\\\/presentacion-del-europeo-2022-masculino-en-sociedad\\\/\"]}]},{\"@type\":\"ImageObject\",\"inLanguage\":\"es\",\"@id\":\"https:\\\/\\\/www.cope.es\\\/blogs\\\/derosca\\\/2020\\\/02\\\/05\\\/presentacion-del-europeo-2022-masculino-en-sociedad\\\/#primaryimage\",\"url\":\"https:\\\/\\\/www.cope.es\\\/blogs\\\/derosca\\\/wp-content\\\/uploads\\\/sites\\\/22\\\/2020\\\/02\\\/Logo-Euro2022.jpg\",\"contentUrl\":\"https:\\\/\\\/www.cope.es\\\/blogs\\\/derosca\\\/wp-content\\\/uploads\\\/sites\\\/22\\\/2020\\\/02\\\/Logo-Euro2022.jpg\",\"width\":800,\"height\":587,\"caption\":\"Presentaci\u00f3n del Europeo 2022 Masculino en sociedad\"},{\"@type\":\"BreadcrumbList\",\"@id\":\"https:\\\/\\\/www.cope.es\\\/blogs\\\/derosca\\\/2020\\\/02\\\/05\\\/presentacion-del-europeo-2022-masculino-en-sociedad\\\/#breadcrumb\",\"itemListElement\":[{\"@type\":\"ListItem\",\"position\":1,\"name\":\"Portada\",\"item\":\"https:\\\/\\\/www.cope.es\\\/blogs\\\/derosca\\\/\"},{\"@type\":\"ListItem\",\"position\":2,\"name\":\"Presentaci\u00f3n del Europeo 2022 Masculino en sociedad\"}]},{\"@type\":\"WebSite\",\"@id\":\"https:\\\/\\\/www.cope.es\\\/blogs\\\/derosca\\\/#website\",\"url\":\"https:\\\/\\\/www.cope.es\\\/blogs\\\/derosca\\\/\",\"name\":\"Derosca\",\"description\":\"Blog de balonmano COPE\",\"potentialAction\":[{\"@type\":\"SearchAction\",\"target\":{\"@type\":\"EntryPoint\",\"urlTemplate\":\"https:\\\/\\\/www.cope.es\\\/blogs\\\/derosca\\\/?s={search_term_string}\"},\"query-input\":{\"@type\":\"PropertyValueSpecification\",\"valueRequired\":true,\"valueName\":\"search_term_string\"}}],\"inLanguage\":\"es\"},{\"@type\":\"Person\",\"@id\":\"https:\\\/\\\/www.cope.es\\\/blogs\\\/derosca\\\/#\\\/schema\\\/person\\\/02d6fa6fa8d8db60f83303875a4ff77f\",\"name\":\"Luis Malvar\",\"image\":{\"@type\":\"ImageObject\",\"inLanguage\":\"es\",\"@id\":\"https:\\\/\\\/secure.gravatar.com\\\/avatar\\\/23cd47dec2904689b3ccd32d1dd3e86c7cbf60dcf7376c68854f761a4939534f?s=96&d=mm&r=g\",\"url\":\"https:\\\/\\\/secure.gravatar.com\\\/avatar\\\/23cd47dec2904689b3ccd32d1dd3e86c7cbf60dcf7376c68854f761a4939534f?s=96&d=mm&r=g\",\"contentUrl\":\"https:\\\/\\\/secure.gravatar.com\\\/avatar\\\/23cd47dec2904689b3ccd32d1dd3e86c7cbf60dcf7376c68854f761a4939534f?s=96&d=mm&r=g\",\"caption\":\"Luis Malvar\"},\"description\":\"Comenc\u00e9 la andadura del Blog Derosca all\u00e1 por el 22 de Mayo de 2008. Un blog en el que se trata de llevar a los numerosos aficionados y amantes del mundo del balonmano toda la actualidad de nuestro apasionante deporte. Una ventana que sirve para dar luz a las innumerables noticias que genera el balonmano y que habitualmente no tienen reflejo en los medios de comunicaci\u00f3n. Sin lugar a dudas el Blog Derosca cuenta con un apartado que tiene a gala contar con miles de seguidores como es \u201cMis Pajaritos\u201d en donde se relatan y narran todas las intrahistorias que se generan en el balonmano espa\u00f1ol y que incomoda a m\u00e1s de uno que salgan a la luz.!Gracias por seguirnos durante todos estos a\u00f1os\u00a1\",\"sameAs\":[\"http:\\\/\\\/www.cope.es\",\"lmalvar\"],\"url\":\"https:\\\/\\\/www.cope.es\\\/blogs\\\/derosca\\\/author\\\/lmalvar\\\/\"}]}<\/script>\n<!-- \/ Yoast SEO plugin. -->","yoast_head_json":{"title":"Presentaci\u00f3n del Europeo 2022 Masculino en sociedad - Derosca","robots":{"index":"index","follow":"follow","max-snippet":"max-snippet:-1","max-image-preview":"max-image-preview:large","max-video-preview":"max-video-preview:-1"},"canonical":"https:\/\/www.cope.es\/blogs\/derosca\/2020\/02\/05\/presentacion-del-europeo-2022-masculino-en-sociedad\/","og_locale":"es_ES","og_type":"article","og_title":"Presentaci\u00f3n del Europeo 2022 Masculino en sociedad - Derosca","og_description":"Aprovechando la celebraci\u00f3n del Europeo 2020 Masculino se present\u00f3 en sociedad el pr\u00f3ximo Europeo Masculino 2022 que se va a celebrar y organizar en dos pa\u00edses como Hungr\u00eda y Eslovaquia. All\u00ed en presencia del Presidente de la Federaci\u00f3n Europea de Balonmano (EHF), Michael Wiederer, se hizo el habitual traspaso de unos organizadores a otros en [&hellip;]","og_url":"https:\/\/www.cope.es\/blogs\/derosca\/2020\/02\/05\/presentacion-del-europeo-2022-masculino-en-sociedad\/","og_site_name":"Derosca","article_publisher":"https:\/\/www.facebook.com\/cope\/","article_published_time":"2020-02-05T08:05:22+00:00","og_image":[{"width":800,"height":587,"url":"https:\/\/www.cope.es\/blogs\/derosca\/wp-content\/uploads\/sites\/22\/2020\/02\/Logo-Euro2022.jpg","type":"image\/jpeg"}],"author":"Luis Malvar","twitter_card":"summary_large_image","twitter_creator":"@cope_es","twitter_site":"@cope_es","twitter_misc":{"Escrito por":"Luis Malvar","Tiempo de lectura":"2 minutos"},"schema":{"@context":"https:\/\/schema.org","@graph":[{"@type":"Article","@id":"https:\/\/www.cope.es\/blogs\/derosca\/2020\/02\/05\/presentacion-del-europeo-2022-masculino-en-sociedad\/#article","isPartOf":{"@id":"https:\/\/www.cope.es\/blogs\/derosca\/2020\/02\/05\/presentacion-del-europeo-2022-masculino-en-sociedad\/"},"author":{"name":"Luis Malvar","@id":"https:\/\/www.cope.es\/blogs\/derosca\/#\/schema\/person\/02d6fa6fa8d8db60f83303875a4ff77f"},"headline":"Presentaci\u00f3n del Europeo 2022 Masculino en sociedad","datePublished":"2020-02-05T08:05:22+00:00","mainEntityOfPage":{"@id":"https:\/\/www.cope.es\/blogs\/derosca\/2020\/02\/05\/presentacion-del-europeo-2022-masculino-en-sociedad\/"},"wordCount":330,"commentCount":0,"image":{"@id":"https:\/\/www.cope.es\/blogs\/derosca\/2020\/02\/05\/presentacion-del-europeo-2022-masculino-en-sociedad\/#primaryimage"},"thumbnailUrl":"https:\/\/www.cope.es\/blogs\/derosca\/wp-content\/uploads\/sites\/22\/2020\/02\/Logo-Euro2022.jpg","articleSection":["Balonmano"],"inLanguage":"es","potentialAction":[{"@type":"CommentAction","name":"Comment","target":["https:\/\/www.cope.es\/blogs\/derosca\/2020\/02\/05\/presentacion-del-europeo-2022-masculino-en-sociedad\/#respond"]}]},{"@type":"WebPage","@id":"https:\/\/www.cope.es\/blogs\/derosca\/2020\/02\/05\/presentacion-del-europeo-2022-masculino-en-sociedad\/","url":"https:\/\/www.cope.es\/blogs\/derosca\/2020\/02\/05\/presentacion-del-europeo-2022-masculino-en-sociedad\/","name":"Presentaci\u00f3n del Europeo 2022 Masculino en sociedad - Derosca","isPartOf":{"@id":"https:\/\/www.cope.es\/blogs\/derosca\/#website"},"primaryImageOfPage":{"@id":"https:\/\/www.cope.es\/blogs\/derosca\/2020\/02\/05\/presentacion-del-europeo-2022-masculino-en-sociedad\/#primaryimage"},"image":{"@id":"https:\/\/www.cope.es\/blogs\/derosca\/2020\/02\/05\/presentacion-del-europeo-2022-masculino-en-sociedad\/#primaryimage"},"thumbnailUrl":"https:\/\/www.cope.es\/blogs\/derosca\/wp-content\/uploads\/sites\/22\/2020\/02\/Logo-Euro2022.jpg","datePublished":"2020-02-05T08:05:22+00:00","author":{"@id":"https:\/\/www.cope.es\/blogs\/derosca\/#\/schema\/person\/02d6fa6fa8d8db60f83303875a4ff77f"},"breadcrumb":{"@id":"https:\/\/www.cope.es\/blogs\/derosca\/2020\/02\/05\/presentacion-del-europeo-2022-masculino-en-sociedad\/#breadcrumb"},"inLanguage":"es","potentialAction":[{"@type":"ReadAction","target":["https:\/\/www.cope.es\/blogs\/derosca\/2020\/02\/05\/presentacion-del-europeo-2022-masculino-en-sociedad\/"]}]},{"@type":"ImageObject","inLanguage":"es","@id":"https:\/\/www.cope.es\/blogs\/derosca\/2020\/02\/05\/presentacion-del-europeo-2022-masculino-en-sociedad\/#primaryimage","url":"https:\/\/www.cope.es\/blogs\/derosca\/wp-content\/uploads\/sites\/22\/2020\/02\/Logo-Euro2022.jpg","contentUrl":"https:\/\/www.cope.es\/blogs\/derosca\/wp-content\/uploads\/sites\/22\/2020\/02\/Logo-Euro2022.jpg","width":800,"height":587,"caption":"Presentaci\u00f3n del Europeo 2022 Masculino en sociedad"},{"@type":"BreadcrumbList","@id":"https:\/\/www.cope.es\/blogs\/derosca\/2020\/02\/05\/presentacion-del-europeo-2022-masculino-en-sociedad\/#breadcrumb","itemListElement":[{"@type":"ListItem","position":1,"name":"Portada","item":"https:\/\/www.cope.es\/blogs\/derosca\/"},{"@type":"ListItem","position":2,"name":"Presentaci\u00f3n del Europeo 2022 Masculino en sociedad"}]},{"@type":"WebSite","@id":"https:\/\/www.cope.es\/blogs\/derosca\/#website","url":"https:\/\/www.cope.es\/blogs\/derosca\/","name":"Derosca","description":"Blog de balonmano COPE","potentialAction":[{"@type":"SearchAction","target":{"@type":"EntryPoint","urlTemplate":"https:\/\/www.cope.es\/blogs\/derosca\/?s={search_term_string}"},"query-input":{"@type":"PropertyValueSpecification","valueRequired":true,"valueName":"search_term_string"}}],"inLanguage":"es"},{"@type":"Person","@id":"https:\/\/www.cope.es\/blogs\/derosca\/#\/schema\/person\/02d6fa6fa8d8db60f83303875a4ff77f","name":"Luis Malvar","image":{"@type":"ImageObject","inLanguage":"es","@id":"https:\/\/secure.gravatar.com\/avatar\/23cd47dec2904689b3ccd32d1dd3e86c7cbf60dcf7376c68854f761a4939534f?s=96&d=mm&r=g","url":"https:\/\/secure.gravatar.com\/avatar\/23cd47dec2904689b3ccd32d1dd3e86c7cbf60dcf7376c68854f761a4939534f?s=96&d=mm&r=g","contentUrl":"https:\/\/secure.gravatar.com\/avatar\/23cd47dec2904689b3ccd32d1dd3e86c7cbf60dcf7376c68854f761a4939534f?s=96&d=mm&r=g","caption":"Luis Malvar"},"description":"Comenc\u00e9 la andadura del Blog Derosca all\u00e1 por el 22 de Mayo de 2008. Un blog en el que se trata de llevar a los numerosos aficionados y amantes del mundo del balonmano toda la actualidad de nuestro apasionante deporte. Una ventana que sirve para dar luz a las innumerables noticias que genera el balonmano y que habitualmente no tienen reflejo en los medios de comunicaci\u00f3n. Sin lugar a dudas el Blog Derosca cuenta con un apartado que tiene a gala contar con miles de seguidores como es \u201cMis Pajaritos\u201d en donde se relatan y narran todas las intrahistorias que se generan en el balonmano espa\u00f1ol y que incomoda a m\u00e1s de uno que salgan a la luz.!Gracias por seguirnos durante todos estos a\u00f1os\u00a1","sameAs":["http:\/\/www.cope.es","lmalvar"],"url":"https:\/\/www.cope.es\/blogs\/derosca\/author\/lmalvar\/"}]}},"amp_enabled":true,"_links":{"self":[{"href":"https:\/\/www.cope.es\/blogs\/derosca\/wp-json\/wp\/v2\/posts\/1170","targetHints":{"allow":["GET"]}}],"collection":[{"href":"https:\/\/www.cope.es\/blogs\/derosca\/wp-json\/wp\/v2\/posts"}],"about":[{"href":"https:\/\/www.cope.es\/blogs\/derosca\/wp-json\/wp\/v2\/types\/post"}],"author":[{"embeddable":true,"href":"https:\/\/www.cope.es\/blogs\/derosca\/wp-json\/wp\/v2\/users\/23"}],"replies":[{"embeddable":true,"href":"https:\/\/www.cope.es\/blogs\/derosca\/wp-json\/wp\/v2\/comments?post=1170"}],"version-history":[{"count":1,"href":"https:\/\/www.cope.es\/blogs\/derosca\/wp-json\/wp\/v2\/posts\/1170\/revisions"}],"predecessor-version":[{"id":1172,"href":"https:\/\/www.cope.es\/blogs\/derosca\/wp-json\/wp\/v2\/posts\/1170\/revisions\/1172"}],"wp:featuredmedia":[{"embeddable":true,"href":"https:\/\/www.cope.es\/blogs\/derosca\/wp-json\/wp\/v2\/media\/1171"}],"wp:attachment":[{"href":"https:\/\/www.cope.es\/blogs\/derosca\/wp-json\/wp\/v2\/media?parent=1170"}],"wp:term":[{"taxonomy":"category","embeddable":true,"href":"https:\/\/www.cope.es\/blogs\/derosca\/wp-json\/wp\/v2\/categories?post=1170"},{"taxonomy":"post_tag","embeddable":true,"href":"https:\/\/www.cope.es\/blogs\/derosca\/wp-json\/wp\/v2\/tags?post=1170"}],"curies":[{"name":"wp","href":"https:\/\/api.w.org\/{rel}","templated":true}]}}