{"id":1112,"date":"2020-01-16T10:39:12","date_gmt":"2020-01-16T09:39:12","guid":{"rendered":"http:\/\/www.cope.es\/blogs\/derosca\/?p=1112"},"modified":"2020-01-16T10:39:12","modified_gmt":"2020-01-16T09:39:12","slug":"los-hispanos-comienzan-la-fase-principal-ante-una-potente-republica-checa","status":"publish","type":"post","link":"https:\/\/www.cope.es\/blogs\/derosca\/2020\/01\/16\/los-hispanos-comienzan-la-fase-principal-ante-una-potente-republica-checa\/","title":{"rendered":"Los Hispanos comienzan la Fase Principal ante una potente Rep\u00fablica Checa"},"content":{"rendered":"<p>La Selecci\u00f3n Espa\u00f1ola comienza esta tarde, en el Wienner StadHalle de Viena, su primer partido de la Fase Principal ante la Rep\u00fablica Checa. Un partido que ser\u00e1 dirigido por los colegiados suizos Arthur Brunner y Morad Salah que ya nos arbitraron el partido que nos enfrent\u00f3 en la Fase Preliminar a Alemania.<\/p>\n<p>Los Hispanos afrontan este partido con humildad, con un trabajo a conciencia pero con muy buenas sensaciones y una confianza cada d\u00eda a m\u00e1s tras los buenos resultados y el buen juego desplegado en la Fase Preliminar.<\/p>\n<p>La Rep\u00fablica Checa es un equipo que ya sorprendi\u00f3 a los Hispanos, hace dos a\u00f1os en el pasado Europeo, estando en su grupo. Es un conjunto que ha sido capaz de ganarle a Dinamarca y situarse entre los mejores. El encuentro ante Ukrania salv\u00f3 un partido complicado por aquello de la tensi\u00f3n que significaba el saber que si ganaba pod\u00eda pasar.<\/p>\n<p>De todos modos conviene puntualizar que la Rep\u00fablica Checa tiene un equipo muy f\u00edsico que durante el partido mantiene durante sesenta minutos\u00a0 un nivel de intensidad muy r\u00e1pido, con saques de centro veloces, aprovechando el m\u00e1ximo el contraataque, muy frontal, con muchas jugadas de uno contra uno y se han valorado todas las caracter\u00edsticas. Espa\u00f1a sabe que tiene que estar lo mejo posible en la faceta defensiva.<\/p>\n<p>En resumen, los Hispanos tendr\u00e1n enfrente a un conjunto checo con una muy buena porter\u00eda y a nivel colectivo juegan como un equipo de club, con algunas acciones cerradas t\u00edpicas de haberlas entrenado mucho. Son jugadores de uno contra uno y f\u00e1cil finalizaci\u00f3n. Los extremos por su parte arriesgan mucho en el lanzamiento de zonas cerradas lo que nos da a entender una gran confianza de esos jugadores, son bastante efectivos, aunque la primera l\u00ednea es la que se lleva toda la parte del juego checo. Tambi\u00e9n tienen dos zurdos con mucha facilidad de lanzamiento. Es un equipo bastante completo aunque a estas alturas Espa\u00f1a no va a encontrar ya muchas facilidades.<\/p>\n<p>El bloque defensivo ha llevado a muchos equipos, para romperlo, jugar con siete jugadores en pista y habr\u00e1 que trabajar muy bien el ataque, por parte de Espa\u00f1a, puesto que el trabajo defensivo est\u00e1 la clave dado que nos permite robar balones y poder salir al contraataque va a ser fundamental para no estar constantemente con el juego de seis contra seis.<\/p>\n<p>La gran sorpresa de la jornada la ha protagonizado Hungr\u00eda que ha derrotado a Islandia 24 &#8211; 18 y ha dejado fuera del Europeo 2020 a Dinamarca, actual Campe\u00f3n Ol\u00edmpico\u00a0 y del Mundo, que se va a casa lo mismo que le pas\u00f3 hace unos d\u00edas a Francia. Ahora la Fase Principal en su Grupo II queda con la composici\u00f3n de las selecciones de Noruega, Portugal, Hungr\u00eda, Islandia, Eslovenia y Suecia. Pasan con 2 puntos Noruega, Hungr\u00eda y Eslovenia.<\/p>\n<p>Recordemos que en el Europeo 2020 no solamente est\u00e1 en juego el t\u00edtulo de Campe\u00f3n de Europa y una plaza directa a los Juegos Ol\u00edmpicos de Tokio 2020 sino tambi\u00e9n dos plazas para los Torneos Preol\u00edmpicos. en esa lucha estar\u00e1n Austria, Rep\u00fablica Checa, Bielorrusia, Eslovenia, Hungr\u00eda, Portugal e Islandia.<\/p>\n<p>Seguirnos en twitter:\u00a0<a href=\"https:\/\/twitter.com\/\"><strong>https:\/\/twitter.com\/#!\/deroscacope<\/strong><\/a><\/p>\n","protected":false},"excerpt":{"rendered":"<p>La Selecci\u00f3n Espa\u00f1ola comienza esta tarde, en el Wienner StadHalle de Viena, su primer partido de la Fase Principal ante la Rep\u00fablica Checa. Un partido que ser\u00e1 dirigido por los colegiados suizos Arthur Brunner y Morad Salah que ya nos arbitraron el partido que nos enfrent\u00f3 en la Fase Preliminar a Alemania. Los Hispanos afrontan [&hellip;]<\/p>\n","protected":false},"author":23,"featured_media":1113,"comment_status":"open","ping_status":"open","sticky":false,"template":"","format":"standard","meta":{"footnotes":""},"categories":[3],"tags":[],"class_list":["post-1112","post","type-post","status-publish","format-standard","has-post-thumbnail","hentry","category-balonmano"],"yoast_head":"<!-- This site is optimized with the Yoast SEO plugin v27.4 - https:\/\/yoast.com\/product\/yoast-seo-wordpress\/ -->\n<title>Los Hispanos comienzan la Fase Principal ante una potente Rep\u00fablica Checa - Derosca<\/title>\n<meta name=\"robots\" content=\"index, follow, max-snippet:-1, max-image-preview:large, max-video-preview:-1\" \/>\n<link rel=\"canonical\" href=\"https:\/\/www.cope.es\/blogs\/derosca\/2020\/01\/16\/los-hispanos-comienzan-la-fase-principal-ante-una-potente-republica-checa\/\" \/>\n<meta property=\"og:locale\" content=\"es_ES\" \/>\n<meta property=\"og:type\" content=\"article\" \/>\n<meta property=\"og:title\" content=\"Los Hispanos comienzan la Fase Principal ante una potente Rep\u00fablica Checa - Derosca\" \/>\n<meta property=\"og:description\" content=\"La Selecci\u00f3n Espa\u00f1ola comienza esta tarde, en el Wienner StadHalle de Viena, su primer partido de la Fase Principal ante la Rep\u00fablica Checa. Un partido que ser\u00e1 dirigido por los colegiados suizos Arthur Brunner y Morad Salah que ya nos arbitraron el partido que nos enfrent\u00f3 en la Fase Preliminar a Alemania. Los Hispanos afrontan [&hellip;]\" \/>\n<meta property=\"og:url\" content=\"https:\/\/www.cope.es\/blogs\/derosca\/2020\/01\/16\/los-hispanos-comienzan-la-fase-principal-ante-una-potente-republica-checa\/\" \/>\n<meta property=\"og:site_name\" content=\"Derosca\" \/>\n<meta property=\"article:publisher\" content=\"https:\/\/www.facebook.com\/cope\/\" \/>\n<meta property=\"article:published_time\" content=\"2020-01-16T09:39:12+00:00\" \/>\n<meta property=\"og:image\" content=\"https:\/\/www.cope.es\/blogs\/derosca\/wp-content\/uploads\/sites\/22\/2020\/01\/NAA8293_37091_5e1e22d743.jpg\" \/>\n\t<meta property=\"og:image:width\" content=\"680\" \/>\n\t<meta property=\"og:image:height\" content=\"295\" \/>\n\t<meta property=\"og:image:type\" content=\"image\/jpeg\" \/>\n<meta name=\"author\" content=\"Luis Malvar\" \/>\n<meta name=\"twitter:card\" content=\"summary_large_image\" \/>\n<meta name=\"twitter:creator\" content=\"@cope_es\" \/>\n<meta name=\"twitter:site\" content=\"@cope_es\" \/>\n<meta name=\"twitter:label1\" content=\"Escrito por\" \/>\n\t<meta name=\"twitter:data1\" content=\"Luis Malvar\" \/>\n\t<meta name=\"twitter:label2\" content=\"Tiempo de lectura\" \/>\n\t<meta name=\"twitter:data2\" content=\"3 minutos\" \/>\n<script type=\"application\/ld+json\" class=\"yoast-schema-graph\">{\"@context\":\"https:\\\/\\\/schema.org\",\"@graph\":[{\"@type\":\"Article\",\"@id\":\"https:\\\/\\\/www.cope.es\\\/blogs\\\/derosca\\\/2020\\\/01\\\/16\\\/los-hispanos-comienzan-la-fase-principal-ante-una-potente-republica-checa\\\/#article\",\"isPartOf\":{\"@id\":\"https:\\\/\\\/www.cope.es\\\/blogs\\\/derosca\\\/2020\\\/01\\\/16\\\/los-hispanos-comienzan-la-fase-principal-ante-una-potente-republica-checa\\\/\"},\"author\":{\"name\":\"Luis Malvar\",\"@id\":\"https:\\\/\\\/www.cope.es\\\/blogs\\\/derosca\\\/#\\\/schema\\\/person\\\/02d6fa6fa8d8db60f83303875a4ff77f\"},\"headline\":\"Los Hispanos comienzan la Fase Principal ante una potente Rep\u00fablica Checa\",\"datePublished\":\"2020-01-16T09:39:12+00:00\",\"mainEntityOfPage\":{\"@id\":\"https:\\\/\\\/www.cope.es\\\/blogs\\\/derosca\\\/2020\\\/01\\\/16\\\/los-hispanos-comienzan-la-fase-principal-ante-una-potente-republica-checa\\\/\"},\"wordCount\":571,\"commentCount\":0,\"image\":{\"@id\":\"https:\\\/\\\/www.cope.es\\\/blogs\\\/derosca\\\/2020\\\/01\\\/16\\\/los-hispanos-comienzan-la-fase-principal-ante-una-potente-republica-checa\\\/#primaryimage\"},\"thumbnailUrl\":\"https:\\\/\\\/www.cope.es\\\/blogs\\\/derosca\\\/wp-content\\\/uploads\\\/sites\\\/22\\\/2020\\\/01\\\/NAA8293_37091_5e1e22d743.jpg\",\"articleSection\":[\"Balonmano\"],\"inLanguage\":\"es\",\"potentialAction\":[{\"@type\":\"CommentAction\",\"name\":\"Comment\",\"target\":[\"https:\\\/\\\/www.cope.es\\\/blogs\\\/derosca\\\/2020\\\/01\\\/16\\\/los-hispanos-comienzan-la-fase-principal-ante-una-potente-republica-checa\\\/#respond\"]}]},{\"@type\":\"WebPage\",\"@id\":\"https:\\\/\\\/www.cope.es\\\/blogs\\\/derosca\\\/2020\\\/01\\\/16\\\/los-hispanos-comienzan-la-fase-principal-ante-una-potente-republica-checa\\\/\",\"url\":\"https:\\\/\\\/www.cope.es\\\/blogs\\\/derosca\\\/2020\\\/01\\\/16\\\/los-hispanos-comienzan-la-fase-principal-ante-una-potente-republica-checa\\\/\",\"name\":\"Los Hispanos comienzan la Fase Principal ante una potente Rep\u00fablica Checa - Derosca\",\"isPartOf\":{\"@id\":\"https:\\\/\\\/www.cope.es\\\/blogs\\\/derosca\\\/#website\"},\"primaryImageOfPage\":{\"@id\":\"https:\\\/\\\/www.cope.es\\\/blogs\\\/derosca\\\/2020\\\/01\\\/16\\\/los-hispanos-comienzan-la-fase-principal-ante-una-potente-republica-checa\\\/#primaryimage\"},\"image\":{\"@id\":\"https:\\\/\\\/www.cope.es\\\/blogs\\\/derosca\\\/2020\\\/01\\\/16\\\/los-hispanos-comienzan-la-fase-principal-ante-una-potente-republica-checa\\\/#primaryimage\"},\"thumbnailUrl\":\"https:\\\/\\\/www.cope.es\\\/blogs\\\/derosca\\\/wp-content\\\/uploads\\\/sites\\\/22\\\/2020\\\/01\\\/NAA8293_37091_5e1e22d743.jpg\",\"datePublished\":\"2020-01-16T09:39:12+00:00\",\"author\":{\"@id\":\"https:\\\/\\\/www.cope.es\\\/blogs\\\/derosca\\\/#\\\/schema\\\/person\\\/02d6fa6fa8d8db60f83303875a4ff77f\"},\"breadcrumb\":{\"@id\":\"https:\\\/\\\/www.cope.es\\\/blogs\\\/derosca\\\/2020\\\/01\\\/16\\\/los-hispanos-comienzan-la-fase-principal-ante-una-potente-republica-checa\\\/#breadcrumb\"},\"inLanguage\":\"es\",\"potentialAction\":[{\"@type\":\"ReadAction\",\"target\":[\"https:\\\/\\\/www.cope.es\\\/blogs\\\/derosca\\\/2020\\\/01\\\/16\\\/los-hispanos-comienzan-la-fase-principal-ante-una-potente-republica-checa\\\/\"]}]},{\"@type\":\"ImageObject\",\"inLanguage\":\"es\",\"@id\":\"https:\\\/\\\/www.cope.es\\\/blogs\\\/derosca\\\/2020\\\/01\\\/16\\\/los-hispanos-comienzan-la-fase-principal-ante-una-potente-republica-checa\\\/#primaryimage\",\"url\":\"https:\\\/\\\/www.cope.es\\\/blogs\\\/derosca\\\/wp-content\\\/uploads\\\/sites\\\/22\\\/2020\\\/01\\\/NAA8293_37091_5e1e22d743.jpg\",\"contentUrl\":\"https:\\\/\\\/www.cope.es\\\/blogs\\\/derosca\\\/wp-content\\\/uploads\\\/sites\\\/22\\\/2020\\\/01\\\/NAA8293_37091_5e1e22d743.jpg\",\"width\":680,\"height\":295,\"caption\":\"Men\u2019s EHF EURO 2020 Sweden, Austria, Norway - Preliminary Round - Group B, Austria vs Northern Macedonia, Wiener Stadhalle, Vienna, Austria, 14.1.2020, Mandatory Credit \u00a9 Jure Erzen \\\/ kolektiff\"},{\"@type\":\"BreadcrumbList\",\"@id\":\"https:\\\/\\\/www.cope.es\\\/blogs\\\/derosca\\\/2020\\\/01\\\/16\\\/los-hispanos-comienzan-la-fase-principal-ante-una-potente-republica-checa\\\/#breadcrumb\",\"itemListElement\":[{\"@type\":\"ListItem\",\"position\":1,\"name\":\"Portada\",\"item\":\"https:\\\/\\\/www.cope.es\\\/blogs\\\/derosca\\\/\"},{\"@type\":\"ListItem\",\"position\":2,\"name\":\"Los Hispanos comienzan la Fase Principal ante una potente Rep\u00fablica Checa\"}]},{\"@type\":\"WebSite\",\"@id\":\"https:\\\/\\\/www.cope.es\\\/blogs\\\/derosca\\\/#website\",\"url\":\"https:\\\/\\\/www.cope.es\\\/blogs\\\/derosca\\\/\",\"name\":\"Derosca\",\"description\":\"Blog de balonmano COPE\",\"potentialAction\":[{\"@type\":\"SearchAction\",\"target\":{\"@type\":\"EntryPoint\",\"urlTemplate\":\"https:\\\/\\\/www.cope.es\\\/blogs\\\/derosca\\\/?s={search_term_string}\"},\"query-input\":{\"@type\":\"PropertyValueSpecification\",\"valueRequired\":true,\"valueName\":\"search_term_string\"}}],\"inLanguage\":\"es\"},{\"@type\":\"Person\",\"@id\":\"https:\\\/\\\/www.cope.es\\\/blogs\\\/derosca\\\/#\\\/schema\\\/person\\\/02d6fa6fa8d8db60f83303875a4ff77f\",\"name\":\"Luis Malvar\",\"image\":{\"@type\":\"ImageObject\",\"inLanguage\":\"es\",\"@id\":\"https:\\\/\\\/secure.gravatar.com\\\/avatar\\\/23cd47dec2904689b3ccd32d1dd3e86c7cbf60dcf7376c68854f761a4939534f?s=96&d=mm&r=g\",\"url\":\"https:\\\/\\\/secure.gravatar.com\\\/avatar\\\/23cd47dec2904689b3ccd32d1dd3e86c7cbf60dcf7376c68854f761a4939534f?s=96&d=mm&r=g\",\"contentUrl\":\"https:\\\/\\\/secure.gravatar.com\\\/avatar\\\/23cd47dec2904689b3ccd32d1dd3e86c7cbf60dcf7376c68854f761a4939534f?s=96&d=mm&r=g\",\"caption\":\"Luis Malvar\"},\"description\":\"Comenc\u00e9 la andadura del Blog Derosca all\u00e1 por el 22 de Mayo de 2008. Un blog en el que se trata de llevar a los numerosos aficionados y amantes del mundo del balonmano toda la actualidad de nuestro apasionante deporte. Una ventana que sirve para dar luz a las innumerables noticias que genera el balonmano y que habitualmente no tienen reflejo en los medios de comunicaci\u00f3n. Sin lugar a dudas el Blog Derosca cuenta con un apartado que tiene a gala contar con miles de seguidores como es \u201cMis Pajaritos\u201d en donde se relatan y narran todas las intrahistorias que se generan en el balonmano espa\u00f1ol y que incomoda a m\u00e1s de uno que salgan a la luz.!Gracias por seguirnos durante todos estos a\u00f1os\u00a1\",\"sameAs\":[\"http:\\\/\\\/www.cope.es\",\"lmalvar\"],\"url\":\"https:\\\/\\\/www.cope.es\\\/blogs\\\/derosca\\\/author\\\/lmalvar\\\/\"}]}<\/script>\n<!-- \/ Yoast SEO plugin. -->","yoast_head_json":{"title":"Los Hispanos comienzan la Fase Principal ante una potente Rep\u00fablica Checa - Derosca","robots":{"index":"index","follow":"follow","max-snippet":"max-snippet:-1","max-image-preview":"max-image-preview:large","max-video-preview":"max-video-preview:-1"},"canonical":"https:\/\/www.cope.es\/blogs\/derosca\/2020\/01\/16\/los-hispanos-comienzan-la-fase-principal-ante-una-potente-republica-checa\/","og_locale":"es_ES","og_type":"article","og_title":"Los Hispanos comienzan la Fase Principal ante una potente Rep\u00fablica Checa - Derosca","og_description":"La Selecci\u00f3n Espa\u00f1ola comienza esta tarde, en el Wienner StadHalle de Viena, su primer partido de la Fase Principal ante la Rep\u00fablica Checa. Un partido que ser\u00e1 dirigido por los colegiados suizos Arthur Brunner y Morad Salah que ya nos arbitraron el partido que nos enfrent\u00f3 en la Fase Preliminar a Alemania. Los Hispanos afrontan [&hellip;]","og_url":"https:\/\/www.cope.es\/blogs\/derosca\/2020\/01\/16\/los-hispanos-comienzan-la-fase-principal-ante-una-potente-republica-checa\/","og_site_name":"Derosca","article_publisher":"https:\/\/www.facebook.com\/cope\/","article_published_time":"2020-01-16T09:39:12+00:00","og_image":[{"width":680,"height":295,"url":"https:\/\/www.cope.es\/blogs\/derosca\/wp-content\/uploads\/sites\/22\/2020\/01\/NAA8293_37091_5e1e22d743.jpg","type":"image\/jpeg"}],"author":"Luis Malvar","twitter_card":"summary_large_image","twitter_creator":"@cope_es","twitter_site":"@cope_es","twitter_misc":{"Escrito por":"Luis Malvar","Tiempo de lectura":"3 minutos"},"schema":{"@context":"https:\/\/schema.org","@graph":[{"@type":"Article","@id":"https:\/\/www.cope.es\/blogs\/derosca\/2020\/01\/16\/los-hispanos-comienzan-la-fase-principal-ante-una-potente-republica-checa\/#article","isPartOf":{"@id":"https:\/\/www.cope.es\/blogs\/derosca\/2020\/01\/16\/los-hispanos-comienzan-la-fase-principal-ante-una-potente-republica-checa\/"},"author":{"name":"Luis Malvar","@id":"https:\/\/www.cope.es\/blogs\/derosca\/#\/schema\/person\/02d6fa6fa8d8db60f83303875a4ff77f"},"headline":"Los Hispanos comienzan la Fase Principal ante una potente Rep\u00fablica Checa","datePublished":"2020-01-16T09:39:12+00:00","mainEntityOfPage":{"@id":"https:\/\/www.cope.es\/blogs\/derosca\/2020\/01\/16\/los-hispanos-comienzan-la-fase-principal-ante-una-potente-republica-checa\/"},"wordCount":571,"commentCount":0,"image":{"@id":"https:\/\/www.cope.es\/blogs\/derosca\/2020\/01\/16\/los-hispanos-comienzan-la-fase-principal-ante-una-potente-republica-checa\/#primaryimage"},"thumbnailUrl":"https:\/\/www.cope.es\/blogs\/derosca\/wp-content\/uploads\/sites\/22\/2020\/01\/NAA8293_37091_5e1e22d743.jpg","articleSection":["Balonmano"],"inLanguage":"es","potentialAction":[{"@type":"CommentAction","name":"Comment","target":["https:\/\/www.cope.es\/blogs\/derosca\/2020\/01\/16\/los-hispanos-comienzan-la-fase-principal-ante-una-potente-republica-checa\/#respond"]}]},{"@type":"WebPage","@id":"https:\/\/www.cope.es\/blogs\/derosca\/2020\/01\/16\/los-hispanos-comienzan-la-fase-principal-ante-una-potente-republica-checa\/","url":"https:\/\/www.cope.es\/blogs\/derosca\/2020\/01\/16\/los-hispanos-comienzan-la-fase-principal-ante-una-potente-republica-checa\/","name":"Los Hispanos comienzan la Fase Principal ante una potente Rep\u00fablica Checa - Derosca","isPartOf":{"@id":"https:\/\/www.cope.es\/blogs\/derosca\/#website"},"primaryImageOfPage":{"@id":"https:\/\/www.cope.es\/blogs\/derosca\/2020\/01\/16\/los-hispanos-comienzan-la-fase-principal-ante-una-potente-republica-checa\/#primaryimage"},"image":{"@id":"https:\/\/www.cope.es\/blogs\/derosca\/2020\/01\/16\/los-hispanos-comienzan-la-fase-principal-ante-una-potente-republica-checa\/#primaryimage"},"thumbnailUrl":"https:\/\/www.cope.es\/blogs\/derosca\/wp-content\/uploads\/sites\/22\/2020\/01\/NAA8293_37091_5e1e22d743.jpg","datePublished":"2020-01-16T09:39:12+00:00","author":{"@id":"https:\/\/www.cope.es\/blogs\/derosca\/#\/schema\/person\/02d6fa6fa8d8db60f83303875a4ff77f"},"breadcrumb":{"@id":"https:\/\/www.cope.es\/blogs\/derosca\/2020\/01\/16\/los-hispanos-comienzan-la-fase-principal-ante-una-potente-republica-checa\/#breadcrumb"},"inLanguage":"es","potentialAction":[{"@type":"ReadAction","target":["https:\/\/www.cope.es\/blogs\/derosca\/2020\/01\/16\/los-hispanos-comienzan-la-fase-principal-ante-una-potente-republica-checa\/"]}]},{"@type":"ImageObject","inLanguage":"es","@id":"https:\/\/www.cope.es\/blogs\/derosca\/2020\/01\/16\/los-hispanos-comienzan-la-fase-principal-ante-una-potente-republica-checa\/#primaryimage","url":"https:\/\/www.cope.es\/blogs\/derosca\/wp-content\/uploads\/sites\/22\/2020\/01\/NAA8293_37091_5e1e22d743.jpg","contentUrl":"https:\/\/www.cope.es\/blogs\/derosca\/wp-content\/uploads\/sites\/22\/2020\/01\/NAA8293_37091_5e1e22d743.jpg","width":680,"height":295,"caption":"Men\u2019s EHF EURO 2020 Sweden, Austria, Norway - Preliminary Round - Group B, Austria vs Northern Macedonia, Wiener Stadhalle, Vienna, Austria, 14.1.2020, Mandatory Credit \u00a9 Jure Erzen \/ kolektiff"},{"@type":"BreadcrumbList","@id":"https:\/\/www.cope.es\/blogs\/derosca\/2020\/01\/16\/los-hispanos-comienzan-la-fase-principal-ante-una-potente-republica-checa\/#breadcrumb","itemListElement":[{"@type":"ListItem","position":1,"name":"Portada","item":"https:\/\/www.cope.es\/blogs\/derosca\/"},{"@type":"ListItem","position":2,"name":"Los Hispanos comienzan la Fase Principal ante una potente Rep\u00fablica Checa"}]},{"@type":"WebSite","@id":"https:\/\/www.cope.es\/blogs\/derosca\/#website","url":"https:\/\/www.cope.es\/blogs\/derosca\/","name":"Derosca","description":"Blog de balonmano COPE","potentialAction":[{"@type":"SearchAction","target":{"@type":"EntryPoint","urlTemplate":"https:\/\/www.cope.es\/blogs\/derosca\/?s={search_term_string}"},"query-input":{"@type":"PropertyValueSpecification","valueRequired":true,"valueName":"search_term_string"}}],"inLanguage":"es"},{"@type":"Person","@id":"https:\/\/www.cope.es\/blogs\/derosca\/#\/schema\/person\/02d6fa6fa8d8db60f83303875a4ff77f","name":"Luis Malvar","image":{"@type":"ImageObject","inLanguage":"es","@id":"https:\/\/secure.gravatar.com\/avatar\/23cd47dec2904689b3ccd32d1dd3e86c7cbf60dcf7376c68854f761a4939534f?s=96&d=mm&r=g","url":"https:\/\/secure.gravatar.com\/avatar\/23cd47dec2904689b3ccd32d1dd3e86c7cbf60dcf7376c68854f761a4939534f?s=96&d=mm&r=g","contentUrl":"https:\/\/secure.gravatar.com\/avatar\/23cd47dec2904689b3ccd32d1dd3e86c7cbf60dcf7376c68854f761a4939534f?s=96&d=mm&r=g","caption":"Luis Malvar"},"description":"Comenc\u00e9 la andadura del Blog Derosca all\u00e1 por el 22 de Mayo de 2008. Un blog en el que se trata de llevar a los numerosos aficionados y amantes del mundo del balonmano toda la actualidad de nuestro apasionante deporte. Una ventana que sirve para dar luz a las innumerables noticias que genera el balonmano y que habitualmente no tienen reflejo en los medios de comunicaci\u00f3n. Sin lugar a dudas el Blog Derosca cuenta con un apartado que tiene a gala contar con miles de seguidores como es \u201cMis Pajaritos\u201d en donde se relatan y narran todas las intrahistorias que se generan en el balonmano espa\u00f1ol y que incomoda a m\u00e1s de uno que salgan a la luz.!Gracias por seguirnos durante todos estos a\u00f1os\u00a1","sameAs":["http:\/\/www.cope.es","lmalvar"],"url":"https:\/\/www.cope.es\/blogs\/derosca\/author\/lmalvar\/"}]}},"amp_enabled":true,"_links":{"self":[{"href":"https:\/\/www.cope.es\/blogs\/derosca\/wp-json\/wp\/v2\/posts\/1112","targetHints":{"allow":["GET"]}}],"collection":[{"href":"https:\/\/www.cope.es\/blogs\/derosca\/wp-json\/wp\/v2\/posts"}],"about":[{"href":"https:\/\/www.cope.es\/blogs\/derosca\/wp-json\/wp\/v2\/types\/post"}],"author":[{"embeddable":true,"href":"https:\/\/www.cope.es\/blogs\/derosca\/wp-json\/wp\/v2\/users\/23"}],"replies":[{"embeddable":true,"href":"https:\/\/www.cope.es\/blogs\/derosca\/wp-json\/wp\/v2\/comments?post=1112"}],"version-history":[{"count":1,"href":"https:\/\/www.cope.es\/blogs\/derosca\/wp-json\/wp\/v2\/posts\/1112\/revisions"}],"predecessor-version":[{"id":1114,"href":"https:\/\/www.cope.es\/blogs\/derosca\/wp-json\/wp\/v2\/posts\/1112\/revisions\/1114"}],"wp:featuredmedia":[{"embeddable":true,"href":"https:\/\/www.cope.es\/blogs\/derosca\/wp-json\/wp\/v2\/media\/1113"}],"wp:attachment":[{"href":"https:\/\/www.cope.es\/blogs\/derosca\/wp-json\/wp\/v2\/media?parent=1112"}],"wp:term":[{"taxonomy":"category","embeddable":true,"href":"https:\/\/www.cope.es\/blogs\/derosca\/wp-json\/wp\/v2\/categories?post=1112"},{"taxonomy":"post_tag","embeddable":true,"href":"https:\/\/www.cope.es\/blogs\/derosca\/wp-json\/wp\/v2\/tags?post=1112"}],"curies":[{"name":"wp","href":"https:\/\/api.w.org\/{rel}","templated":true}]}}