{"id":1030,"date":"2019-11-25T09:15:08","date_gmt":"2019-11-25T08:15:08","guid":{"rendered":"http:\/\/www.cope.es\/blogs\/derosca\/?p=1030"},"modified":"2019-11-25T09:15:08","modified_gmt":"2019-11-25T08:15:08","slug":"la-ehf-decide-que-la-ultima-final4-copa-ehf-masculina-se-dispute-en-berlin","status":"publish","type":"post","link":"https:\/\/www.cope.es\/blogs\/derosca\/2019\/11\/25\/la-ehf-decide-que-la-ultima-final4-copa-ehf-masculina-se-dispute-en-berlin\/","title":{"rendered":"La EHF decide que la \u00faltima Final4 Copa EHF Masculina se dispute en Berl\u00edn"},"content":{"rendered":"<p><span style=\"color: #252525\"><span style=\"font-family: Arial, serif\"><span style=\"font-size: medium\">El Comit\u00e9 Ejecutivo de la Federaci\u00f3n Europea de Balonmano (EHF) ha decidido que el organizador de la pr\u00f3xima edici\u00f3n de la Final4 de la Copa EHF Masculina 2020, sea el conjunto germano del F\u00fcchse Berlin que en su d\u00eda ha ganado en dos ocasiones dicha competici\u00f3n.<\/span><\/span><\/span><\/p>\n<p><span style=\"color: #252525\"><span style=\"font-family: Arial, serif\"><span style=\"font-size: medium\">Recordemos que esta decisi\u00f3n que ha tomado el Comit\u00e9 Ejecutivo de la EHF, de que sea Berl\u00edn la ciudad anfitriona para albergar la Final4 de la Copa EHF Masculina viene tras una proceso que ya comenz\u00f3 el pasado Octubre. El torneo final de la temporada de la Copa EHF se jugar\u00e1 los d\u00edas 23 y 24 de Mayo.<\/span><\/span><\/span><\/p>\n<p><span style=\"color: #252525\"><span style=\"font-family: Arial, serif\"><span style=\"font-size: medium\">Igualmente la Federaci\u00f3n europea de Balonmano advierte que dicha adjudicaci\u00f3n de organizar esa Finla4 de la Copa EHF Masculina 2020 est\u00e1 sujeta a que el club llegue a un acuerdo final con la filial de marketing de EHF, EHF Marketing GmbH. El concepto para el evento desarrollado por F\u00fcchse Berlin tendr\u00e1 el S\u00e1bado 23 de Mayo la disputa de las Semifinales y el Domingo 24 de Mayo se jugar\u00e1n el partido por el tercer y Cuarto Puesto y la gran Final.<\/span><\/span><\/span><\/p>\n<p><span style=\"color: #252525\"><span style=\"font-family: Arial, serif\"><span style=\"font-size: medium\">El F\u00fcchse Berl\u00edn ya tiene experiencia en este tipo de organizaci\u00f3n dado que ya fue anfitri\u00f3n del torneo durante dos a\u00f1os seguidos en 2014 y 2015. Est\u00e1 previsto que se mantenga el mismo lugar para disputar los partidos como es el Max-Schmeling-Halle con capacidad para 8.500 espectadores. En el a\u00f1o 2015 celebraron su primer t\u00edtulo de Campeones tras vencer al Hamburgo ante una gran cantidad de p\u00fablico. <\/span><\/span><\/span><\/p>\n<p><span style=\"color: #252525\"> <span style=\"font-family: Arial, serif\"><span style=\"font-size: medium\">Desde luego la <\/span><\/span><\/span><span style=\"color: #252525\"><span style=\"font-family: Arial, serif\"><span style=\"font-size: medium\">edici\u00f3n de 2019 Final4 Copa EHF tuvo un r\u00e9cord de asistencia cuando 20.000 espectadores acudieron al Sparkassen-Arena en Kiel durante esos dos d\u00edas de competici\u00f3n para ver ganar al equipo anfitri\u00f3n el\u00a0THW Kiel que venci\u00f3 a F\u00fcchse Berl\u00edn 26 &#8211; 22 en la Final.<\/span><\/span><\/span><\/p>\n<p><span style=\"font-family: Times New Roman, serif\"><span style=\"font-size: medium\"><span style=\"color: #252525\"><span style=\"font-family: Arial, serif\">La Final4 de la Copa EHF 2020 ser\u00e1 la \u00faltima final de la Copa EHF Masculina en la historia como se conoce actualmente dado que despu\u00e9s de esta temporada, la Copa EHF Masculina se transformar\u00e1 en la Liga Europea de Balonmano. La primera ronda de la Fase de Grupos 2019\/20 se jugar\u00e1 durante el fin de semana del 8 y 9 de Febrero de 2020.<\/span><\/span><\/span><\/span><\/p>\n<p><span style=\"color: #02171d\"><span style=\"font-family: Arial, serif\"><span style=\"font-size: medium\">Seguirnos en twitter:\u00a0<\/span><\/span><\/span><a href=\"https:\/\/twitter.com\/\"><span style=\"color: #0000ff\"><span style=\"font-family: Arial, serif\"><span style=\"font-size: medium\">https:\/\/twitter.com\/#!\/deroscacope<\/span><\/span><\/span><\/a><\/p>\n","protected":false},"excerpt":{"rendered":"<p>El Comit\u00e9 Ejecutivo de la Federaci\u00f3n Europea de Balonmano (EHF) ha decidido que el organizador de la pr\u00f3xima edici\u00f3n de la Final4 de la Copa EHF Masculina 2020, sea el conjunto germano del F\u00fcchse Berlin que en su d\u00eda ha ganado en dos ocasiones dicha competici\u00f3n. Recordemos que esta decisi\u00f3n que ha tomado el Comit\u00e9 [&hellip;]<\/p>\n","protected":false},"author":23,"featured_media":1031,"comment_status":"open","ping_status":"open","sticky":false,"template":"","format":"standard","meta":{"footnotes":""},"categories":[3],"tags":[],"class_list":["post-1030","post","type-post","status-publish","format-standard","has-post-thumbnail","hentry","category-balonmano"],"yoast_head":"<!-- This site is optimized with the Yoast SEO plugin v27.4 - https:\/\/yoast.com\/product\/yoast-seo-wordpress\/ -->\n<title>La EHF decide que la \u00faltima Final4 Copa EHF Masculina se dispute en Berl\u00edn - Derosca<\/title>\n<meta name=\"robots\" content=\"index, follow, max-snippet:-1, max-image-preview:large, max-video-preview:-1\" \/>\n<link rel=\"canonical\" href=\"https:\/\/www.cope.es\/blogs\/derosca\/2019\/11\/25\/la-ehf-decide-que-la-ultima-final4-copa-ehf-masculina-se-dispute-en-berlin\/\" \/>\n<meta property=\"og:locale\" content=\"es_ES\" \/>\n<meta property=\"og:type\" content=\"article\" \/>\n<meta property=\"og:title\" content=\"La EHF decide que la \u00faltima Final4 Copa EHF Masculina se dispute en Berl\u00edn - Derosca\" \/>\n<meta property=\"og:description\" content=\"El Comit\u00e9 Ejecutivo de la Federaci\u00f3n Europea de Balonmano (EHF) ha decidido que el organizador de la pr\u00f3xima edici\u00f3n de la Final4 de la Copa EHF Masculina 2020, sea el conjunto germano del F\u00fcchse Berlin que en su d\u00eda ha ganado en dos ocasiones dicha competici\u00f3n. Recordemos que esta decisi\u00f3n que ha tomado el Comit\u00e9 [&hellip;]\" \/>\n<meta property=\"og:url\" content=\"https:\/\/www.cope.es\/blogs\/derosca\/2019\/11\/25\/la-ehf-decide-que-la-ultima-final4-copa-ehf-masculina-se-dispute-en-berlin\/\" \/>\n<meta property=\"og:site_name\" content=\"Derosca\" \/>\n<meta property=\"article:publisher\" content=\"https:\/\/www.facebook.com\/cope\/\" \/>\n<meta property=\"article:published_time\" content=\"2019-11-25T08:15:08+00:00\" \/>\n<meta property=\"og:image\" content=\"https:\/\/www.cope.es\/blogs\/derosca\/wp-content\/uploads\/sites\/22\/2019\/11\/Max-schmeling-halle_berlin.jpg\" \/>\n\t<meta property=\"og:image:width\" content=\"800\" \/>\n\t<meta property=\"og:image:height\" content=\"311\" \/>\n\t<meta property=\"og:image:type\" content=\"image\/jpeg\" \/>\n<meta name=\"author\" content=\"Luis Malvar\" \/>\n<meta name=\"twitter:card\" content=\"summary_large_image\" \/>\n<meta name=\"twitter:creator\" content=\"@cope_es\" \/>\n<meta name=\"twitter:site\" content=\"@cope_es\" \/>\n<meta name=\"twitter:label1\" content=\"Escrito por\" \/>\n\t<meta name=\"twitter:data1\" content=\"Luis Malvar\" \/>\n\t<meta name=\"twitter:label2\" content=\"Tiempo de lectura\" \/>\n\t<meta name=\"twitter:data2\" content=\"2 minutos\" \/>\n<script type=\"application\/ld+json\" class=\"yoast-schema-graph\">{\"@context\":\"https:\\\/\\\/schema.org\",\"@graph\":[{\"@type\":\"Article\",\"@id\":\"https:\\\/\\\/www.cope.es\\\/blogs\\\/derosca\\\/2019\\\/11\\\/25\\\/la-ehf-decide-que-la-ultima-final4-copa-ehf-masculina-se-dispute-en-berlin\\\/#article\",\"isPartOf\":{\"@id\":\"https:\\\/\\\/www.cope.es\\\/blogs\\\/derosca\\\/2019\\\/11\\\/25\\\/la-ehf-decide-que-la-ultima-final4-copa-ehf-masculina-se-dispute-en-berlin\\\/\"},\"author\":{\"name\":\"Luis Malvar\",\"@id\":\"https:\\\/\\\/www.cope.es\\\/blogs\\\/derosca\\\/#\\\/schema\\\/person\\\/02d6fa6fa8d8db60f83303875a4ff77f\"},\"headline\":\"La EHF decide que la \u00faltima Final4 Copa EHF Masculina se dispute en Berl\u00edn\",\"datePublished\":\"2019-11-25T08:15:08+00:00\",\"mainEntityOfPage\":{\"@id\":\"https:\\\/\\\/www.cope.es\\\/blogs\\\/derosca\\\/2019\\\/11\\\/25\\\/la-ehf-decide-que-la-ultima-final4-copa-ehf-masculina-se-dispute-en-berlin\\\/\"},\"wordCount\":398,\"commentCount\":0,\"image\":{\"@id\":\"https:\\\/\\\/www.cope.es\\\/blogs\\\/derosca\\\/2019\\\/11\\\/25\\\/la-ehf-decide-que-la-ultima-final4-copa-ehf-masculina-se-dispute-en-berlin\\\/#primaryimage\"},\"thumbnailUrl\":\"https:\\\/\\\/www.cope.es\\\/blogs\\\/derosca\\\/wp-content\\\/uploads\\\/sites\\\/22\\\/2019\\\/11\\\/Max-schmeling-halle_berlin.jpg\",\"articleSection\":[\"Balonmano\"],\"inLanguage\":\"es\",\"potentialAction\":[{\"@type\":\"CommentAction\",\"name\":\"Comment\",\"target\":[\"https:\\\/\\\/www.cope.es\\\/blogs\\\/derosca\\\/2019\\\/11\\\/25\\\/la-ehf-decide-que-la-ultima-final4-copa-ehf-masculina-se-dispute-en-berlin\\\/#respond\"]}]},{\"@type\":\"WebPage\",\"@id\":\"https:\\\/\\\/www.cope.es\\\/blogs\\\/derosca\\\/2019\\\/11\\\/25\\\/la-ehf-decide-que-la-ultima-final4-copa-ehf-masculina-se-dispute-en-berlin\\\/\",\"url\":\"https:\\\/\\\/www.cope.es\\\/blogs\\\/derosca\\\/2019\\\/11\\\/25\\\/la-ehf-decide-que-la-ultima-final4-copa-ehf-masculina-se-dispute-en-berlin\\\/\",\"name\":\"La EHF decide que la \u00faltima Final4 Copa EHF Masculina se dispute en Berl\u00edn - Derosca\",\"isPartOf\":{\"@id\":\"https:\\\/\\\/www.cope.es\\\/blogs\\\/derosca\\\/#website\"},\"primaryImageOfPage\":{\"@id\":\"https:\\\/\\\/www.cope.es\\\/blogs\\\/derosca\\\/2019\\\/11\\\/25\\\/la-ehf-decide-que-la-ultima-final4-copa-ehf-masculina-se-dispute-en-berlin\\\/#primaryimage\"},\"image\":{\"@id\":\"https:\\\/\\\/www.cope.es\\\/blogs\\\/derosca\\\/2019\\\/11\\\/25\\\/la-ehf-decide-que-la-ultima-final4-copa-ehf-masculina-se-dispute-en-berlin\\\/#primaryimage\"},\"thumbnailUrl\":\"https:\\\/\\\/www.cope.es\\\/blogs\\\/derosca\\\/wp-content\\\/uploads\\\/sites\\\/22\\\/2019\\\/11\\\/Max-schmeling-halle_berlin.jpg\",\"datePublished\":\"2019-11-25T08:15:08+00:00\",\"author\":{\"@id\":\"https:\\\/\\\/www.cope.es\\\/blogs\\\/derosca\\\/#\\\/schema\\\/person\\\/02d6fa6fa8d8db60f83303875a4ff77f\"},\"breadcrumb\":{\"@id\":\"https:\\\/\\\/www.cope.es\\\/blogs\\\/derosca\\\/2019\\\/11\\\/25\\\/la-ehf-decide-que-la-ultima-final4-copa-ehf-masculina-se-dispute-en-berlin\\\/#breadcrumb\"},\"inLanguage\":\"es\",\"potentialAction\":[{\"@type\":\"ReadAction\",\"target\":[\"https:\\\/\\\/www.cope.es\\\/blogs\\\/derosca\\\/2019\\\/11\\\/25\\\/la-ehf-decide-que-la-ultima-final4-copa-ehf-masculina-se-dispute-en-berlin\\\/\"]}]},{\"@type\":\"ImageObject\",\"inLanguage\":\"es\",\"@id\":\"https:\\\/\\\/www.cope.es\\\/blogs\\\/derosca\\\/2019\\\/11\\\/25\\\/la-ehf-decide-que-la-ultima-final4-copa-ehf-masculina-se-dispute-en-berlin\\\/#primaryimage\",\"url\":\"https:\\\/\\\/www.cope.es\\\/blogs\\\/derosca\\\/wp-content\\\/uploads\\\/sites\\\/22\\\/2019\\\/11\\\/Max-schmeling-halle_berlin.jpg\",\"contentUrl\":\"https:\\\/\\\/www.cope.es\\\/blogs\\\/derosca\\\/wp-content\\\/uploads\\\/sites\\\/22\\\/2019\\\/11\\\/Max-schmeling-halle_berlin.jpg\",\"width\":800,\"height\":311,\"caption\":\"La EHF decide que la \u00faltima Final4 Copa EHF Masculina se dispute en Berl\u00edn\"},{\"@type\":\"BreadcrumbList\",\"@id\":\"https:\\\/\\\/www.cope.es\\\/blogs\\\/derosca\\\/2019\\\/11\\\/25\\\/la-ehf-decide-que-la-ultima-final4-copa-ehf-masculina-se-dispute-en-berlin\\\/#breadcrumb\",\"itemListElement\":[{\"@type\":\"ListItem\",\"position\":1,\"name\":\"Portada\",\"item\":\"https:\\\/\\\/www.cope.es\\\/blogs\\\/derosca\\\/\"},{\"@type\":\"ListItem\",\"position\":2,\"name\":\"La EHF decide que la \u00faltima Final4 Copa EHF Masculina se dispute en Berl\u00edn\"}]},{\"@type\":\"WebSite\",\"@id\":\"https:\\\/\\\/www.cope.es\\\/blogs\\\/derosca\\\/#website\",\"url\":\"https:\\\/\\\/www.cope.es\\\/blogs\\\/derosca\\\/\",\"name\":\"Derosca\",\"description\":\"Blog de balonmano COPE\",\"potentialAction\":[{\"@type\":\"SearchAction\",\"target\":{\"@type\":\"EntryPoint\",\"urlTemplate\":\"https:\\\/\\\/www.cope.es\\\/blogs\\\/derosca\\\/?s={search_term_string}\"},\"query-input\":{\"@type\":\"PropertyValueSpecification\",\"valueRequired\":true,\"valueName\":\"search_term_string\"}}],\"inLanguage\":\"es\"},{\"@type\":\"Person\",\"@id\":\"https:\\\/\\\/www.cope.es\\\/blogs\\\/derosca\\\/#\\\/schema\\\/person\\\/02d6fa6fa8d8db60f83303875a4ff77f\",\"name\":\"Luis Malvar\",\"image\":{\"@type\":\"ImageObject\",\"inLanguage\":\"es\",\"@id\":\"https:\\\/\\\/secure.gravatar.com\\\/avatar\\\/23cd47dec2904689b3ccd32d1dd3e86c7cbf60dcf7376c68854f761a4939534f?s=96&d=mm&r=g\",\"url\":\"https:\\\/\\\/secure.gravatar.com\\\/avatar\\\/23cd47dec2904689b3ccd32d1dd3e86c7cbf60dcf7376c68854f761a4939534f?s=96&d=mm&r=g\",\"contentUrl\":\"https:\\\/\\\/secure.gravatar.com\\\/avatar\\\/23cd47dec2904689b3ccd32d1dd3e86c7cbf60dcf7376c68854f761a4939534f?s=96&d=mm&r=g\",\"caption\":\"Luis Malvar\"},\"description\":\"Comenc\u00e9 la andadura del Blog Derosca all\u00e1 por el 22 de Mayo de 2008. Un blog en el que se trata de llevar a los numerosos aficionados y amantes del mundo del balonmano toda la actualidad de nuestro apasionante deporte. Una ventana que sirve para dar luz a las innumerables noticias que genera el balonmano y que habitualmente no tienen reflejo en los medios de comunicaci\u00f3n. Sin lugar a dudas el Blog Derosca cuenta con un apartado que tiene a gala contar con miles de seguidores como es \u201cMis Pajaritos\u201d en donde se relatan y narran todas las intrahistorias que se generan en el balonmano espa\u00f1ol y que incomoda a m\u00e1s de uno que salgan a la luz.!Gracias por seguirnos durante todos estos a\u00f1os\u00a1\",\"sameAs\":[\"http:\\\/\\\/www.cope.es\",\"lmalvar\"],\"url\":\"https:\\\/\\\/www.cope.es\\\/blogs\\\/derosca\\\/author\\\/lmalvar\\\/\"}]}<\/script>\n<!-- \/ Yoast SEO plugin. -->","yoast_head_json":{"title":"La EHF decide que la \u00faltima Final4 Copa EHF Masculina se dispute en Berl\u00edn - Derosca","robots":{"index":"index","follow":"follow","max-snippet":"max-snippet:-1","max-image-preview":"max-image-preview:large","max-video-preview":"max-video-preview:-1"},"canonical":"https:\/\/www.cope.es\/blogs\/derosca\/2019\/11\/25\/la-ehf-decide-que-la-ultima-final4-copa-ehf-masculina-se-dispute-en-berlin\/","og_locale":"es_ES","og_type":"article","og_title":"La EHF decide que la \u00faltima Final4 Copa EHF Masculina se dispute en Berl\u00edn - Derosca","og_description":"El Comit\u00e9 Ejecutivo de la Federaci\u00f3n Europea de Balonmano (EHF) ha decidido que el organizador de la pr\u00f3xima edici\u00f3n de la Final4 de la Copa EHF Masculina 2020, sea el conjunto germano del F\u00fcchse Berlin que en su d\u00eda ha ganado en dos ocasiones dicha competici\u00f3n. Recordemos que esta decisi\u00f3n que ha tomado el Comit\u00e9 [&hellip;]","og_url":"https:\/\/www.cope.es\/blogs\/derosca\/2019\/11\/25\/la-ehf-decide-que-la-ultima-final4-copa-ehf-masculina-se-dispute-en-berlin\/","og_site_name":"Derosca","article_publisher":"https:\/\/www.facebook.com\/cope\/","article_published_time":"2019-11-25T08:15:08+00:00","og_image":[{"width":800,"height":311,"url":"https:\/\/www.cope.es\/blogs\/derosca\/wp-content\/uploads\/sites\/22\/2019\/11\/Max-schmeling-halle_berlin.jpg","type":"image\/jpeg"}],"author":"Luis Malvar","twitter_card":"summary_large_image","twitter_creator":"@cope_es","twitter_site":"@cope_es","twitter_misc":{"Escrito por":"Luis Malvar","Tiempo de lectura":"2 minutos"},"schema":{"@context":"https:\/\/schema.org","@graph":[{"@type":"Article","@id":"https:\/\/www.cope.es\/blogs\/derosca\/2019\/11\/25\/la-ehf-decide-que-la-ultima-final4-copa-ehf-masculina-se-dispute-en-berlin\/#article","isPartOf":{"@id":"https:\/\/www.cope.es\/blogs\/derosca\/2019\/11\/25\/la-ehf-decide-que-la-ultima-final4-copa-ehf-masculina-se-dispute-en-berlin\/"},"author":{"name":"Luis Malvar","@id":"https:\/\/www.cope.es\/blogs\/derosca\/#\/schema\/person\/02d6fa6fa8d8db60f83303875a4ff77f"},"headline":"La EHF decide que la \u00faltima Final4 Copa EHF Masculina se dispute en Berl\u00edn","datePublished":"2019-11-25T08:15:08+00:00","mainEntityOfPage":{"@id":"https:\/\/www.cope.es\/blogs\/derosca\/2019\/11\/25\/la-ehf-decide-que-la-ultima-final4-copa-ehf-masculina-se-dispute-en-berlin\/"},"wordCount":398,"commentCount":0,"image":{"@id":"https:\/\/www.cope.es\/blogs\/derosca\/2019\/11\/25\/la-ehf-decide-que-la-ultima-final4-copa-ehf-masculina-se-dispute-en-berlin\/#primaryimage"},"thumbnailUrl":"https:\/\/www.cope.es\/blogs\/derosca\/wp-content\/uploads\/sites\/22\/2019\/11\/Max-schmeling-halle_berlin.jpg","articleSection":["Balonmano"],"inLanguage":"es","potentialAction":[{"@type":"CommentAction","name":"Comment","target":["https:\/\/www.cope.es\/blogs\/derosca\/2019\/11\/25\/la-ehf-decide-que-la-ultima-final4-copa-ehf-masculina-se-dispute-en-berlin\/#respond"]}]},{"@type":"WebPage","@id":"https:\/\/www.cope.es\/blogs\/derosca\/2019\/11\/25\/la-ehf-decide-que-la-ultima-final4-copa-ehf-masculina-se-dispute-en-berlin\/","url":"https:\/\/www.cope.es\/blogs\/derosca\/2019\/11\/25\/la-ehf-decide-que-la-ultima-final4-copa-ehf-masculina-se-dispute-en-berlin\/","name":"La EHF decide que la \u00faltima Final4 Copa EHF Masculina se dispute en Berl\u00edn - Derosca","isPartOf":{"@id":"https:\/\/www.cope.es\/blogs\/derosca\/#website"},"primaryImageOfPage":{"@id":"https:\/\/www.cope.es\/blogs\/derosca\/2019\/11\/25\/la-ehf-decide-que-la-ultima-final4-copa-ehf-masculina-se-dispute-en-berlin\/#primaryimage"},"image":{"@id":"https:\/\/www.cope.es\/blogs\/derosca\/2019\/11\/25\/la-ehf-decide-que-la-ultima-final4-copa-ehf-masculina-se-dispute-en-berlin\/#primaryimage"},"thumbnailUrl":"https:\/\/www.cope.es\/blogs\/derosca\/wp-content\/uploads\/sites\/22\/2019\/11\/Max-schmeling-halle_berlin.jpg","datePublished":"2019-11-25T08:15:08+00:00","author":{"@id":"https:\/\/www.cope.es\/blogs\/derosca\/#\/schema\/person\/02d6fa6fa8d8db60f83303875a4ff77f"},"breadcrumb":{"@id":"https:\/\/www.cope.es\/blogs\/derosca\/2019\/11\/25\/la-ehf-decide-que-la-ultima-final4-copa-ehf-masculina-se-dispute-en-berlin\/#breadcrumb"},"inLanguage":"es","potentialAction":[{"@type":"ReadAction","target":["https:\/\/www.cope.es\/blogs\/derosca\/2019\/11\/25\/la-ehf-decide-que-la-ultima-final4-copa-ehf-masculina-se-dispute-en-berlin\/"]}]},{"@type":"ImageObject","inLanguage":"es","@id":"https:\/\/www.cope.es\/blogs\/derosca\/2019\/11\/25\/la-ehf-decide-que-la-ultima-final4-copa-ehf-masculina-se-dispute-en-berlin\/#primaryimage","url":"https:\/\/www.cope.es\/blogs\/derosca\/wp-content\/uploads\/sites\/22\/2019\/11\/Max-schmeling-halle_berlin.jpg","contentUrl":"https:\/\/www.cope.es\/blogs\/derosca\/wp-content\/uploads\/sites\/22\/2019\/11\/Max-schmeling-halle_berlin.jpg","width":800,"height":311,"caption":"La EHF decide que la \u00faltima Final4 Copa EHF Masculina se dispute en Berl\u00edn"},{"@type":"BreadcrumbList","@id":"https:\/\/www.cope.es\/blogs\/derosca\/2019\/11\/25\/la-ehf-decide-que-la-ultima-final4-copa-ehf-masculina-se-dispute-en-berlin\/#breadcrumb","itemListElement":[{"@type":"ListItem","position":1,"name":"Portada","item":"https:\/\/www.cope.es\/blogs\/derosca\/"},{"@type":"ListItem","position":2,"name":"La EHF decide que la \u00faltima Final4 Copa EHF Masculina se dispute en Berl\u00edn"}]},{"@type":"WebSite","@id":"https:\/\/www.cope.es\/blogs\/derosca\/#website","url":"https:\/\/www.cope.es\/blogs\/derosca\/","name":"Derosca","description":"Blog de balonmano COPE","potentialAction":[{"@type":"SearchAction","target":{"@type":"EntryPoint","urlTemplate":"https:\/\/www.cope.es\/blogs\/derosca\/?s={search_term_string}"},"query-input":{"@type":"PropertyValueSpecification","valueRequired":true,"valueName":"search_term_string"}}],"inLanguage":"es"},{"@type":"Person","@id":"https:\/\/www.cope.es\/blogs\/derosca\/#\/schema\/person\/02d6fa6fa8d8db60f83303875a4ff77f","name":"Luis Malvar","image":{"@type":"ImageObject","inLanguage":"es","@id":"https:\/\/secure.gravatar.com\/avatar\/23cd47dec2904689b3ccd32d1dd3e86c7cbf60dcf7376c68854f761a4939534f?s=96&d=mm&r=g","url":"https:\/\/secure.gravatar.com\/avatar\/23cd47dec2904689b3ccd32d1dd3e86c7cbf60dcf7376c68854f761a4939534f?s=96&d=mm&r=g","contentUrl":"https:\/\/secure.gravatar.com\/avatar\/23cd47dec2904689b3ccd32d1dd3e86c7cbf60dcf7376c68854f761a4939534f?s=96&d=mm&r=g","caption":"Luis Malvar"},"description":"Comenc\u00e9 la andadura del Blog Derosca all\u00e1 por el 22 de Mayo de 2008. Un blog en el que se trata de llevar a los numerosos aficionados y amantes del mundo del balonmano toda la actualidad de nuestro apasionante deporte. Una ventana que sirve para dar luz a las innumerables noticias que genera el balonmano y que habitualmente no tienen reflejo en los medios de comunicaci\u00f3n. Sin lugar a dudas el Blog Derosca cuenta con un apartado que tiene a gala contar con miles de seguidores como es \u201cMis Pajaritos\u201d en donde se relatan y narran todas las intrahistorias que se generan en el balonmano espa\u00f1ol y que incomoda a m\u00e1s de uno que salgan a la luz.!Gracias por seguirnos durante todos estos a\u00f1os\u00a1","sameAs":["http:\/\/www.cope.es","lmalvar"],"url":"https:\/\/www.cope.es\/blogs\/derosca\/author\/lmalvar\/"}]}},"amp_enabled":true,"_links":{"self":[{"href":"https:\/\/www.cope.es\/blogs\/derosca\/wp-json\/wp\/v2\/posts\/1030","targetHints":{"allow":["GET"]}}],"collection":[{"href":"https:\/\/www.cope.es\/blogs\/derosca\/wp-json\/wp\/v2\/posts"}],"about":[{"href":"https:\/\/www.cope.es\/blogs\/derosca\/wp-json\/wp\/v2\/types\/post"}],"author":[{"embeddable":true,"href":"https:\/\/www.cope.es\/blogs\/derosca\/wp-json\/wp\/v2\/users\/23"}],"replies":[{"embeddable":true,"href":"https:\/\/www.cope.es\/blogs\/derosca\/wp-json\/wp\/v2\/comments?post=1030"}],"version-history":[{"count":1,"href":"https:\/\/www.cope.es\/blogs\/derosca\/wp-json\/wp\/v2\/posts\/1030\/revisions"}],"predecessor-version":[{"id":1032,"href":"https:\/\/www.cope.es\/blogs\/derosca\/wp-json\/wp\/v2\/posts\/1030\/revisions\/1032"}],"wp:featuredmedia":[{"embeddable":true,"href":"https:\/\/www.cope.es\/blogs\/derosca\/wp-json\/wp\/v2\/media\/1031"}],"wp:attachment":[{"href":"https:\/\/www.cope.es\/blogs\/derosca\/wp-json\/wp\/v2\/media?parent=1030"}],"wp:term":[{"taxonomy":"category","embeddable":true,"href":"https:\/\/www.cope.es\/blogs\/derosca\/wp-json\/wp\/v2\/categories?post=1030"},{"taxonomy":"post_tag","embeddable":true,"href":"https:\/\/www.cope.es\/blogs\/derosca\/wp-json\/wp\/v2\/tags?post=1030"}],"curies":[{"name":"wp","href":"https:\/\/api.w.org\/{rel}","templated":true}]}}