{"id":430,"date":"2018-03-19T10:15:03","date_gmt":"2018-03-19T09:15:03","guid":{"rendered":"http:\/\/www.cope.es\/blogs\/decoreando\/?p=430"},"modified":"2018-03-20T08:52:36","modified_gmt":"2018-03-20T07:52:36","slug":"9-habitaciones-de-paradores-con-mucho-encanto","status":"publish","type":"post","link":"https:\/\/www.cope.es\/blogs\/decoreando\/2018\/03\/19\/9-habitaciones-de-paradores-con-mucho-encanto\/","title":{"rendered":"9 habitaciones de Paradores con mucha magia"},"content":{"rendered":"<p>A nada estamos ya de las vacaciones de <strong>Semana Santa<\/strong>. En los planes de muchos est\u00e1 viajar y una buena opci\u00f3n\u00a0son los 97 emblem\u00e1ticos<a href=\"http:\/\/www.parador.es\/es\"> Paradores\u00a0<\/a>\u00a0distribuidos por toda Espa\u00f1a y que adem\u00e1s este 2018 celebran su 90 cumplea\u00f1os.<\/p>\n<p>Digo que es una opci\u00f3n a tener en cuenta porque redondean cualquier viaje. Son destinos donde adem\u00e1s de dormir podemos sentir la magia de piedras con siglos de historia. En ellos juega un papel esencial la decoraci\u00f3n, hecha a medida de cada uno de ellos, que tiene\u00a0 en cuenta los detalles de la arquitectura de la \u00e9poca del edificio, y con elementos y materiales de gran calidad. Como muestra os propongo nueve habitaciones con un precioso interiorismo que las hace merecedoras de una visita:<\/p>\n<h2 style=\"text-align: center\"><b><a href=\"http:\/\/www.parador.es\/es\/paradores\/parador-de-chinchon\">Parador de Chinch\u00f3n<\/a> (Madrid): &#8216;La capilla de Felipe V&#8217;<\/b>\u00a0(hab 140)<\/h2>\n<p><img loading=\"lazy\" decoding=\"async\" width=\"300\" height=\"199\" class=\"size-medium wp-image-442 aligncenter\" src=\"http:\/\/www.cope.es\/blogs\/decoreando\/wp-content\/uploads\/sites\/8\/2018\/03\/Parador-de-Chinch\u00f3n-300x199.jpg\" alt=\"\" srcset=\"https:\/\/www.cope.es\/blogs\/decoreando\/wp-content\/uploads\/sites\/8\/2018\/03\/Parador-de-Chinch\u00f3n-300x199.jpg 300w, https:\/\/www.cope.es\/blogs\/decoreando\/wp-content\/uploads\/sites\/8\/2018\/03\/Parador-de-Chinch\u00f3n-768x511.jpg 768w, https:\/\/www.cope.es\/blogs\/decoreando\/wp-content\/uploads\/sites\/8\/2018\/03\/Parador-de-Chinch\u00f3n-1024x681.jpg 1024w, https:\/\/www.cope.es\/blogs\/decoreando\/wp-content\/uploads\/sites\/8\/2018\/03\/Parador-de-Chinch\u00f3n-408x272.jpg 408w\" sizes=\"auto, (max-width: 300px) 100vw, 300px\" \/><\/p>\n<p>En la\u00a0<strong>capilla de un convento agustino,<\/strong> se encuentra esta habitaci\u00f3n de ensue\u00f1o dedicada a <strong>Felipe V,<\/strong> quien fuera proclamado Rey en la misma Plaza Mayor de Chinch\u00f3n, en 1706. La alcoba destaca por su b\u00f3veda, magn\u00edficamente iluminada, de m\u00e1s de 7 metros de altura, un enorme ventanal desde el que se puede admirar el espl\u00e9ndido jard\u00edn de n\u00edsperos y unos maravillosos murales de papel pintado con motivos vegetales que\u00a0 recuerdan a los jardines de Aranjuez. Los muebles de forja llenos de detalles encajan como un guante con la decoraci\u00f3n.<\/p>\n<p>No menos singular es el ba\u00f1o -que no se ve en la imagen- por su b\u00f3veda y sus contrastes entre lo moderno y lo antiguo con detalles barrocos que se mezclan con una iluminaci\u00f3n de vanguardia.<\/p>\n<h2 style=\"text-align: center\"><b><a href=\"http:\/\/www.parador.es\/es\/paradores\/parador-de-oropesa\">Parador de Oropesa<\/a> (Toledo): &#8220;El peinador de la Reina&#8221; <\/b>\u00a0(hab 204)<\/h2>\n<p><img loading=\"lazy\" decoding=\"async\" width=\"300\" height=\"200\" class=\"alignnone size-medium wp-image-444 aligncenter\" src=\"http:\/\/www.cope.es\/blogs\/decoreando\/wp-content\/uploads\/sites\/8\/2018\/03\/Parador-de-Oropesa-300x200.jpg\" alt=\"\" srcset=\"https:\/\/www.cope.es\/blogs\/decoreando\/wp-content\/uploads\/sites\/8\/2018\/03\/Parador-de-Oropesa-300x200.jpg 300w, https:\/\/www.cope.es\/blogs\/decoreando\/wp-content\/uploads\/sites\/8\/2018\/03\/Parador-de-Oropesa-768x512.jpg 768w, https:\/\/www.cope.es\/blogs\/decoreando\/wp-content\/uploads\/sites\/8\/2018\/03\/Parador-de-Oropesa-1024x683.jpg 1024w, https:\/\/www.cope.es\/blogs\/decoreando\/wp-content\/uploads\/sites\/8\/2018\/03\/Parador-de-Oropesa-408x272.jpg 408w, https:\/\/www.cope.es\/blogs\/decoreando\/wp-content\/uploads\/sites\/8\/2018\/03\/Parador-de-Oropesa.jpg 1296w\" sizes=\"auto, (max-width: 300px) 100vw, 300px\" \/><\/p>\n<p>&#8216;<strong>El peinador de la Reina&#8217;<\/strong> es la habitaci\u00f3n m\u00e1s grande de este antiguo <strong>palacio.<\/strong> Est\u00e1 situada en una torre adosada al edificio lo que condiciona la distribuci\u00f3n del espacio. La belleza de este espacio radica tambi\u00e9n en la rec\u00e1mara con <strong>siete balcones <\/strong>que iluminan a la maravilla la estancia y<strong>\u00a0<\/strong>\u00a0desde donde se puede contemplar el Castillo, la parte vieja de Oropesa, el Campo Ara\u00f1uelo y Gredos. Atenci\u00f3n especial merece la cama, pintada a mano\u00a0 y con dosel que aporta si cabe m\u00e1s alegr\u00eda a la alcoba.<\/p>\n<h2 style=\"text-align: center\"><a href=\"http:\/\/www.parador.es\/es\/paradores\/parador-de-olite\/habitacion-unica\/leonor-de-trastamara-hab-no-107\">Parador de Olite<\/a> (Navarra): Aire medieval\u00a0 (hab 107)<\/h2>\n<p><img loading=\"lazy\" decoding=\"async\" width=\"300\" height=\"149\" class=\"size-medium wp-image-435 aligncenter\" src=\"http:\/\/www.cope.es\/blogs\/decoreando\/wp-content\/uploads\/sites\/8\/2018\/03\/panorama_hab_unica_107-300x149.jpg\" alt=\"\" srcset=\"https:\/\/www.cope.es\/blogs\/decoreando\/wp-content\/uploads\/sites\/8\/2018\/03\/panorama_hab_unica_107-300x149.jpg 300w, https:\/\/www.cope.es\/blogs\/decoreando\/wp-content\/uploads\/sites\/8\/2018\/03\/panorama_hab_unica_107-768x382.jpg 768w, https:\/\/www.cope.es\/blogs\/decoreando\/wp-content\/uploads\/sites\/8\/2018\/03\/panorama_hab_unica_107.jpg 1024w\" sizes=\"auto, (max-width: 300px) 100vw, 300px\" \/><\/p>\n<p style=\"text-align: left\">De entre todas las habitaciones de este Parador, antiguo\u00a0palacio de recios muros habitado por la Reina Leonor de Trast\u00e1mara,\u00a0 brilla esta estancia que\u00a0\u00a0desprende <strong>aire medieval<\/strong> por los cuatro costados. Est\u00e1 dividida en dos ambientes que delimita una\u00a0\u00a0<strong>gruesa viga original<\/strong> de madera que\u00a0 que se une al muro del palacio desde el que se accede a un amplio ventanal cruzado en sus muros de mamposter\u00eda,\u00a0 desde donde pueden admirarse el Monasterio de San Francisco y la Sierra de Uju\u00e9. Para los reyes de aquella \u00e9poca el<strong> vidrio<\/strong> era un lujo, de aqu\u00ed la importancia de realzar esta ventana que se cierra con un bonito postigo de madera y que permite el paso de la luz en su parte alta.<\/p>\n<p>Adem\u00e1s de dos preciosas camas de madera con dosel, destaca la\u00a0 impresionante chimenea\u00a0en piedra de mamposter\u00eda gran\u00edtica y ladrillo de barro que se ha conservado en su forma original -aunque se ha cegado- y\u00a0 que acent\u00faa el aire\u00a0 medieval de todo el conjunto.<\/p>\n<p>&nbsp;<\/p>\n<h2 style=\"text-align: center\"><b><a href=\"http:\/\/www.parador.es\/es\/paradores\/parador-de-granada\">Parador de Granada:<\/a> C<\/b>on vistas a los cuatro puntos cardinales (hab 304)<\/h2>\n<p><img loading=\"lazy\" decoding=\"async\" width=\"241\" height=\"300\" class=\"size-medium wp-image-432 aligncenter\" src=\"http:\/\/www.cope.es\/blogs\/decoreando\/wp-content\/uploads\/sites\/8\/2018\/03\/parador_de_granada_24_hab._unica_304-241x300.jpg\" alt=\"\" srcset=\"https:\/\/www.cope.es\/blogs\/decoreando\/wp-content\/uploads\/sites\/8\/2018\/03\/parador_de_granada_24_hab._unica_304-241x300.jpg 241w, https:\/\/www.cope.es\/blogs\/decoreando\/wp-content\/uploads\/sites\/8\/2018\/03\/parador_de_granada_24_hab._unica_304-768x955.jpg 768w, https:\/\/www.cope.es\/blogs\/decoreando\/wp-content\/uploads\/sites\/8\/2018\/03\/parador_de_granada_24_hab._unica_304-824x1024.jpg 824w, https:\/\/www.cope.es\/blogs\/decoreando\/wp-content\/uploads\/sites\/8\/2018\/03\/parador_de_granada_24_hab._unica_304.jpg 950w\" sizes=\"auto, (max-width: 241px) 100vw, 241px\" \/><\/p>\n<p>\u00c9ste es el dormitorio &#8216;<b>Torre de Alba&#8217;, <\/b>situado en\u00a0un antiguo<b> convento <\/b>construido por los Reyes Cat\u00f3licos sobre un <b>palacio nazar\u00ed. <\/b>Al estar en\u00a0\u00a0un\u00a0torre\u00f3n se condiciona tambi\u00e9n la distribuci\u00f3n. \u00a0 Ha permitido por ejemplo colocar\u00a0 ventanas orientadas a los\u00a0 cuatro puntos cardinales desde las que se\u00a0 disfrutar del Palacio del Generalife y sus jardines, Alberca, Sierra Nevada, la Vega de Granada y el recinto de la Alhambra.<\/p>\n<h2 style=\"text-align: center\"><strong><a href=\"http:\/\/www.parador.es\/es\/paradores\/parador-de-zafra\">Parador de Zafra<\/a> (Badajoz): Dormir bajo un\u00a0impresionante artesonado\u00a0<\/strong><\/h2>\n<h2 style=\"text-align: center\"><img loading=\"lazy\" decoding=\"async\" width=\"200\" height=\"300\" class=\"size-medium wp-image-434 aligncenter\" src=\"http:\/\/www.cope.es\/blogs\/decoreando\/wp-content\/uploads\/sites\/8\/2018\/03\/parador_de_zafra_1_314_hab_unica_suite_sala_dorada-200x300.jpg\" alt=\"\" srcset=\"https:\/\/www.cope.es\/blogs\/decoreando\/wp-content\/uploads\/sites\/8\/2018\/03\/parador_de_zafra_1_314_hab_unica_suite_sala_dorada-200x300.jpg 200w, https:\/\/www.cope.es\/blogs\/decoreando\/wp-content\/uploads\/sites\/8\/2018\/03\/parador_de_zafra_1_314_hab_unica_suite_sala_dorada-684x1024.jpg 684w, https:\/\/www.cope.es\/blogs\/decoreando\/wp-content\/uploads\/sites\/8\/2018\/03\/parador_de_zafra_1_314_hab_unica_suite_sala_dorada.jpg 699w\" sizes=\"auto, (max-width: 200px) 100vw, 200px\" \/><\/h2>\n<p>Esta habitaci\u00f3n est\u00e1 presidida por un impresionante <strong>artesonado<\/strong> dorado original de los siglos XVI-XVII con los escudos de los primeros Se\u00f1ores de Feria (siglo XV) y los primeros Duques de Feria (siglo XVII), alrededor del cual solo cuadra una decoraci\u00f3n sencilla que equilibra el elaborado trabajo del techo.<\/p>\n<p>Paredes blancas y tonos neutros tambi\u00e9n en los textiles de la cama presidida por un <strong>precioso cabecero<\/strong> de madera tallada centran la parte inferior de esta alcoba que forma parte de este\u00a0<span class=\"encabezado\">majestuoso <strong>castillo del siglo XV.<\/strong><\/span><\/p>\n<p>&nbsp;<\/p>\n<h2 style=\"text-align: center\"><strong><a href=\"http:\/\/www.parador.es\/es\/paradores\/parador-de-ronda\">Parador de Rond<\/a>a (M\u00e1laga): Luz y amplitud sobre un desfiladero<\/strong><\/h2>\n<p><img loading=\"lazy\" decoding=\"async\" width=\"300\" height=\"211\" class=\"size-medium wp-image-436 aligncenter\" src=\"http:\/\/www.cope.es\/blogs\/decoreando\/wp-content\/uploads\/sites\/8\/2018\/03\/parador_de_ronda_85_doble_superior_hab_unica_125_del_tajo-300x211.jpg\" alt=\"\" srcset=\"https:\/\/www.cope.es\/blogs\/decoreando\/wp-content\/uploads\/sites\/8\/2018\/03\/parador_de_ronda_85_doble_superior_hab_unica_125_del_tajo-300x211.jpg 300w, https:\/\/www.cope.es\/blogs\/decoreando\/wp-content\/uploads\/sites\/8\/2018\/03\/parador_de_ronda_85_doble_superior_hab_unica_125_del_tajo-768x540.jpg 768w, https:\/\/www.cope.es\/blogs\/decoreando\/wp-content\/uploads\/sites\/8\/2018\/03\/parador_de_ronda_85_doble_superior_hab_unica_125_del_tajo-1024x720.jpg 1024w, https:\/\/www.cope.es\/blogs\/decoreando\/wp-content\/uploads\/sites\/8\/2018\/03\/parador_de_ronda_85_doble_superior_hab_unica_125_del_tajo.jpg 1104w\" sizes=\"auto, (max-width: 300px) 100vw, 300px\" \/><\/p>\n<p>Esta habitaci\u00f3n se encuentra en la antigua <strong>Casa Consistorial de la ciudad,<\/strong> con unas vistas de esc\u00e1ndalo, la profunda garganta sobre el Tajo, una hendidura de 120 metros de profundidad.<\/p>\n<p>En esta ocasi\u00f3n, la luz y la amplitud, acentuada con tonos neutros, se mezclan\u00a0 con la c\u00e1lida madera que marca la decoraci\u00f3n de esta habitaci\u00f3n obra del interiorista\u00a0<a href=\"http:\/\/www.pascuaortega.com\/index-esp.html\">Pascua Ortega.<\/a><\/p>\n<h2 style=\"text-align: center\"><strong><a href=\"http:\/\/www.parador.es\/es\/paradores\/parador-de-plasencia\">Parador de Plasencia (C\u00e1ceres)<\/a>: Decoraci\u00f3n g\u00f3tica (hab 320)<\/strong><\/h2>\n<p><strong><img loading=\"lazy\" decoding=\"async\" width=\"300\" height=\"117\" class=\"size-medium wp-image-437 aligncenter\" src=\"http:\/\/www.cope.es\/blogs\/decoreando\/wp-content\/uploads\/sites\/8\/2018\/03\/parador_de_plasencia_93._panoramica_habitacion_unica_320-300x117.jpg\" alt=\"\" srcset=\"https:\/\/www.cope.es\/blogs\/decoreando\/wp-content\/uploads\/sites\/8\/2018\/03\/parador_de_plasencia_93._panoramica_habitacion_unica_320-300x117.jpg 300w, https:\/\/www.cope.es\/blogs\/decoreando\/wp-content\/uploads\/sites\/8\/2018\/03\/parador_de_plasencia_93._panoramica_habitacion_unica_320-768x300.jpg 768w, https:\/\/www.cope.es\/blogs\/decoreando\/wp-content\/uploads\/sites\/8\/2018\/03\/parador_de_plasencia_93._panoramica_habitacion_unica_320-1024x400.jpg 1024w\" sizes=\"auto, (max-width: 300px) 100vw, 300px\" \/><\/strong><\/p>\n<p>La habitaci\u00f3n de los Z\u00fa\u00f1iga , como as\u00ed se llama esta estancia\u00a0ubicada\u00a0 en el antiguo <strong>convento de Santo Domingo<\/strong>, del el siglo XV -en plena Ruta de la Plata- est\u00e1 marcada por los preciosos techos abovedados de madera,\u00a0 los recios muros de piedra y por una decoraci\u00f3n de marcado\u00a0<strong>estilo g\u00f3tico<\/strong>.<\/p>\n<p>&nbsp;<\/p>\n<h2 style=\"text-align: center\"><a href=\"http:\/\/www.parador.es\/es\/paradores\/parador-de-alarcon\">Parador de Alarc\u00f3n (Cuenca):\u00a0<\/a>Decoraci\u00f3n medieval (hab 106)<\/h2>\n<p><img loading=\"lazy\" decoding=\"async\" width=\"300\" height=\"300\" class=\"alignnone size-medium wp-image-440 aligncenter\" src=\"http:\/\/www.cope.es\/blogs\/decoreando\/wp-content\/uploads\/sites\/8\/2018\/03\/parador_de_alarcon_15_habitacion_unica_infante_don_juan_manuel_junior_suite-300x300.jpg\" alt=\"\" srcset=\"https:\/\/www.cope.es\/blogs\/decoreando\/wp-content\/uploads\/sites\/8\/2018\/03\/parador_de_alarcon_15_habitacion_unica_infante_don_juan_manuel_junior_suite-300x300.jpg 300w, https:\/\/www.cope.es\/blogs\/decoreando\/wp-content\/uploads\/sites\/8\/2018\/03\/parador_de_alarcon_15_habitacion_unica_infante_don_juan_manuel_junior_suite-150x150.jpg 150w, https:\/\/www.cope.es\/blogs\/decoreando\/wp-content\/uploads\/sites\/8\/2018\/03\/parador_de_alarcon_15_habitacion_unica_infante_don_juan_manuel_junior_suite-768x769.jpg 768w, https:\/\/www.cope.es\/blogs\/decoreando\/wp-content\/uploads\/sites\/8\/2018\/03\/parador_de_alarcon_15_habitacion_unica_infante_don_juan_manuel_junior_suite-1022x1024.jpg 1022w, https:\/\/www.cope.es\/blogs\/decoreando\/wp-content\/uploads\/sites\/8\/2018\/03\/parador_de_alarcon_15_habitacion_unica_infante_don_juan_manuel_junior_suite-170x170.jpg 170w, https:\/\/www.cope.es\/blogs\/decoreando\/wp-content\/uploads\/sites\/8\/2018\/03\/parador_de_alarcon_15_habitacion_unica_infante_don_juan_manuel_junior_suite-73x73.jpg 73w, https:\/\/www.cope.es\/blogs\/decoreando\/wp-content\/uploads\/sites\/8\/2018\/03\/parador_de_alarcon_15_habitacion_unica_infante_don_juan_manuel_junior_suite-108x108.jpg 108w, https:\/\/www.cope.es\/blogs\/decoreando\/wp-content\/uploads\/sites\/8\/2018\/03\/parador_de_alarcon_15_habitacion_unica_infante_don_juan_manuel_junior_suite.jpg 1644w\" sizes=\"auto, (max-width: 300px) 100vw, 300px\" \/><\/p>\n<p>En la <strong>Torre del Homenaje del castillo<\/strong>\u00a0 se encuentra esta alcoba dedicada a la memoria del Infante Don Juan Manuel (sobrino del rey Alfonso X El Sabio). Destaca su techo y su b\u00f3veda de medio punto\u00a0 que arranca desde el suelo y que dota a la estancia de un ambiente m\u00e1gico de fortaleza medieval. La madera oscura del suelo, el original dosel y el color rojo de los textiles\u00a0 se combinan perfectamente para dar calidez al ladrillo.<\/p>\n<h2 style=\"text-align: center\"><b><a href=\"http:\/\/www.parador.es\/es\/paradores\/parador-de-santiago-de-compostela\">Parador de Santiago de Compostela<\/a>:\u00a0<\/b>\u00a0&#8216;<b>Suite del Cardenal&#8217;\u00a0<\/b>(hab 329)<\/h2>\n<p><img loading=\"lazy\" decoding=\"async\" width=\"300\" height=\"176\" class=\"alignnone size-medium wp-image-443 aligncenter\" src=\"http:\/\/www.cope.es\/blogs\/decoreando\/wp-content\/uploads\/sites\/8\/2018\/03\/Parador-de-Santiago-de-Compostela-300x176.jpg\" alt=\"\" srcset=\"https:\/\/www.cope.es\/blogs\/decoreando\/wp-content\/uploads\/sites\/8\/2018\/03\/Parador-de-Santiago-de-Compostela-300x176.jpg 300w, https:\/\/www.cope.es\/blogs\/decoreando\/wp-content\/uploads\/sites\/8\/2018\/03\/Parador-de-Santiago-de-Compostela-768x450.jpg 768w, https:\/\/www.cope.es\/blogs\/decoreando\/wp-content\/uploads\/sites\/8\/2018\/03\/Parador-de-Santiago-de-Compostela-1024x600.jpg 1024w, https:\/\/www.cope.es\/blogs\/decoreando\/wp-content\/uploads\/sites\/8\/2018\/03\/Parador-de-Santiago-de-Compostela.jpg 1279w\" sizes=\"auto, (max-width: 300px) 100vw, 300px\" \/><\/p>\n<p>Se llama &#8216;Suite del Cardenal&#8217; en honor al obispo gallego Quiroga Palacios. Se la considera como una de las alcobas m\u00e1s nobles del edificio. Indiscurible es el maravilloso artesonado de madera de <strong>estilo mud\u00e9jar<\/strong>\u00a0que se combina con\u00a0 obras de gran valor, como el sill\u00f3n frailero del siglo XVII, confeccionado con hilos de oro, y el cuadro barroco de Santa Dorotea. La habitaci\u00f3n es tan amplia que puede permitirse la originalidad de dos camas de matrimonio con dosel, adem\u00e1s de una gran chimenea de piedra.<\/p>\n<p>Adem\u00e1s este a\u00f1o con motivo de su aniversario Paradores tiene previstas diferentes celebraciones en toda su red que a la hora de elegir\u00a0 siempre es un plus.<\/p>\n<p>&nbsp;<\/p>\n<p>&nbsp;<\/p>\n<p>&nbsp;<\/p>\n<p>&nbsp;<\/p>\n","protected":false},"excerpt":{"rendered":"<p>A nada estamos ya de las vacaciones de Semana Santa. En los planes de muchos est\u00e1 viajar y una buena opci\u00f3n\u00a0son los 97 emblem\u00e1ticos Paradores\u00a0\u00a0distribuidos por toda Espa\u00f1a y que adem\u00e1s este 2018 celebran su 90 cumplea\u00f1os. Digo que es una opci\u00f3n a tener en cuenta porque redondean cualquier viaje. Son destinos donde adem\u00e1s de [&hellip;]<\/p>\n","protected":false},"author":8,"featured_media":440,"comment_status":"open","ping_status":"open","sticky":false,"template":"","format":"standard","meta":{"footnotes":""},"categories":[1],"tags":[73,25,72,69,68,70,6,71],"class_list":["post-430","post","type-post","status-publish","format-standard","has-post-thumbnail","hentry","category-sin-categoria","tag-blog","tag-decoracion","tag-decoreando","tag-hoteles","tag-paradores","tag-semana-santa","tag-tendencias","tag-vacaciones"],"yoast_head":"<!-- This site is optimized with the Yoast SEO plugin v27.4 - https:\/\/yoast.com\/product\/yoast-seo-wordpress\/ -->\n<title>9 habitaciones de Paradores con mucha magia - Decoreando<\/title>\n<meta name=\"robots\" content=\"index, follow, max-snippet:-1, max-image-preview:large, max-video-preview:-1\" \/>\n<link rel=\"canonical\" href=\"https:\/\/www.cope.es\/blogs\/decoreando\/2018\/03\/19\/9-habitaciones-de-paradores-con-mucho-encanto\/\" \/>\n<meta property=\"og:locale\" content=\"es_ES\" \/>\n<meta property=\"og:type\" content=\"article\" \/>\n<meta property=\"og:title\" content=\"9 habitaciones de Paradores con mucha magia - Decoreando\" \/>\n<meta property=\"og:description\" content=\"A nada estamos ya de las vacaciones de Semana Santa. En los planes de muchos est\u00e1 viajar y una buena opci\u00f3n\u00a0son los 97 emblem\u00e1ticos Paradores\u00a0\u00a0distribuidos por toda Espa\u00f1a y que adem\u00e1s este 2018 celebran su 90 cumplea\u00f1os. Digo que es una opci\u00f3n a tener en cuenta porque redondean cualquier viaje. Son destinos donde adem\u00e1s de [&hellip;]\" \/>\n<meta property=\"og:url\" content=\"https:\/\/www.cope.es\/blogs\/decoreando\/2018\/03\/19\/9-habitaciones-de-paradores-con-mucho-encanto\/\" \/>\n<meta property=\"og:site_name\" content=\"Decoreando\" \/>\n<meta property=\"article:publisher\" content=\"https:\/\/www.facebook.com\/cope\/\" \/>\n<meta property=\"article:author\" content=\"https:\/\/www.facebook.com\/maria.bandera.182\" \/>\n<meta property=\"article:published_time\" content=\"2018-03-19T09:15:03+00:00\" \/>\n<meta property=\"article:modified_time\" content=\"2018-03-20T07:52:36+00:00\" \/>\n<meta property=\"og:image\" content=\"https:\/\/www.cope.es\/blogs\/decoreando\/wp-content\/uploads\/sites\/8\/2018\/03\/parador_de_alarcon_15_habitacion_unica_infante_don_juan_manuel_junior_suite.jpg\" \/>\n\t<meta property=\"og:image:width\" content=\"1644\" \/>\n\t<meta property=\"og:image:height\" content=\"1647\" \/>\n\t<meta property=\"og:image:type\" content=\"image\/jpeg\" \/>\n<meta name=\"author\" content=\"Mar\u00eda Bandera\" \/>\n<meta name=\"twitter:card\" content=\"summary_large_image\" \/>\n<meta name=\"twitter:creator\" content=\"@Mgbandera\" \/>\n<meta name=\"twitter:site\" content=\"@cope_es\" \/>\n<meta name=\"twitter:label1\" content=\"Escrito por\" \/>\n\t<meta name=\"twitter:data1\" content=\"Mar\u00eda Bandera\" \/>\n\t<meta name=\"twitter:label2\" content=\"Tiempo de lectura\" \/>\n\t<meta name=\"twitter:data2\" content=\"6 minutos\" \/>\n<script type=\"application\/ld+json\" class=\"yoast-schema-graph\">{\"@context\":\"https:\\\/\\\/schema.org\",\"@graph\":[{\"@type\":\"Article\",\"@id\":\"https:\\\/\\\/www.cope.es\\\/blogs\\\/decoreando\\\/2018\\\/03\\\/19\\\/9-habitaciones-de-paradores-con-mucho-encanto\\\/#article\",\"isPartOf\":{\"@id\":\"https:\\\/\\\/www.cope.es\\\/blogs\\\/decoreando\\\/2018\\\/03\\\/19\\\/9-habitaciones-de-paradores-con-mucho-encanto\\\/\"},\"author\":{\"name\":\"Mar\u00eda Bandera\",\"@id\":\"https:\\\/\\\/www.cope.es\\\/blogs\\\/decoreando\\\/#\\\/schema\\\/person\\\/42c13561856a4588022a86d2d0239fe9\"},\"headline\":\"9 habitaciones de Paradores con mucha magia\",\"datePublished\":\"2018-03-19T09:15:03+00:00\",\"dateModified\":\"2018-03-20T07:52:36+00:00\",\"mainEntityOfPage\":{\"@id\":\"https:\\\/\\\/www.cope.es\\\/blogs\\\/decoreando\\\/2018\\\/03\\\/19\\\/9-habitaciones-de-paradores-con-mucho-encanto\\\/\"},\"wordCount\":1111,\"commentCount\":0,\"image\":{\"@id\":\"https:\\\/\\\/www.cope.es\\\/blogs\\\/decoreando\\\/2018\\\/03\\\/19\\\/9-habitaciones-de-paradores-con-mucho-encanto\\\/#primaryimage\"},\"thumbnailUrl\":\"https:\\\/\\\/www.cope.es\\\/blogs\\\/decoreando\\\/wp-content\\\/uploads\\\/sites\\\/8\\\/2018\\\/03\\\/parador_de_alarcon_15_habitacion_unica_infante_don_juan_manuel_junior_suite.jpg\",\"keywords\":[\"blog\",\"decoraci\u00f3n\",\"decoreando\",\"hoteles\",\"Paradores\",\"Semana Santa\",\"tendencias\",\"Vacaciones\"],\"inLanguage\":\"es\",\"potentialAction\":[{\"@type\":\"CommentAction\",\"name\":\"Comment\",\"target\":[\"https:\\\/\\\/www.cope.es\\\/blogs\\\/decoreando\\\/2018\\\/03\\\/19\\\/9-habitaciones-de-paradores-con-mucho-encanto\\\/#respond\"]}]},{\"@type\":\"WebPage\",\"@id\":\"https:\\\/\\\/www.cope.es\\\/blogs\\\/decoreando\\\/2018\\\/03\\\/19\\\/9-habitaciones-de-paradores-con-mucho-encanto\\\/\",\"url\":\"https:\\\/\\\/www.cope.es\\\/blogs\\\/decoreando\\\/2018\\\/03\\\/19\\\/9-habitaciones-de-paradores-con-mucho-encanto\\\/\",\"name\":\"9 habitaciones de Paradores con mucha magia - Decoreando\",\"isPartOf\":{\"@id\":\"https:\\\/\\\/www.cope.es\\\/blogs\\\/decoreando\\\/#website\"},\"primaryImageOfPage\":{\"@id\":\"https:\\\/\\\/www.cope.es\\\/blogs\\\/decoreando\\\/2018\\\/03\\\/19\\\/9-habitaciones-de-paradores-con-mucho-encanto\\\/#primaryimage\"},\"image\":{\"@id\":\"https:\\\/\\\/www.cope.es\\\/blogs\\\/decoreando\\\/2018\\\/03\\\/19\\\/9-habitaciones-de-paradores-con-mucho-encanto\\\/#primaryimage\"},\"thumbnailUrl\":\"https:\\\/\\\/www.cope.es\\\/blogs\\\/decoreando\\\/wp-content\\\/uploads\\\/sites\\\/8\\\/2018\\\/03\\\/parador_de_alarcon_15_habitacion_unica_infante_don_juan_manuel_junior_suite.jpg\",\"datePublished\":\"2018-03-19T09:15:03+00:00\",\"dateModified\":\"2018-03-20T07:52:36+00:00\",\"author\":{\"@id\":\"https:\\\/\\\/www.cope.es\\\/blogs\\\/decoreando\\\/#\\\/schema\\\/person\\\/42c13561856a4588022a86d2d0239fe9\"},\"breadcrumb\":{\"@id\":\"https:\\\/\\\/www.cope.es\\\/blogs\\\/decoreando\\\/2018\\\/03\\\/19\\\/9-habitaciones-de-paradores-con-mucho-encanto\\\/#breadcrumb\"},\"inLanguage\":\"es\",\"potentialAction\":[{\"@type\":\"ReadAction\",\"target\":[\"https:\\\/\\\/www.cope.es\\\/blogs\\\/decoreando\\\/2018\\\/03\\\/19\\\/9-habitaciones-de-paradores-con-mucho-encanto\\\/\"]}]},{\"@type\":\"ImageObject\",\"inLanguage\":\"es\",\"@id\":\"https:\\\/\\\/www.cope.es\\\/blogs\\\/decoreando\\\/2018\\\/03\\\/19\\\/9-habitaciones-de-paradores-con-mucho-encanto\\\/#primaryimage\",\"url\":\"https:\\\/\\\/www.cope.es\\\/blogs\\\/decoreando\\\/wp-content\\\/uploads\\\/sites\\\/8\\\/2018\\\/03\\\/parador_de_alarcon_15_habitacion_unica_infante_don_juan_manuel_junior_suite.jpg\",\"contentUrl\":\"https:\\\/\\\/www.cope.es\\\/blogs\\\/decoreando\\\/wp-content\\\/uploads\\\/sites\\\/8\\\/2018\\\/03\\\/parador_de_alarcon_15_habitacion_unica_infante_don_juan_manuel_junior_suite.jpg\",\"width\":1644,\"height\":1647},{\"@type\":\"BreadcrumbList\",\"@id\":\"https:\\\/\\\/www.cope.es\\\/blogs\\\/decoreando\\\/2018\\\/03\\\/19\\\/9-habitaciones-de-paradores-con-mucho-encanto\\\/#breadcrumb\",\"itemListElement\":[{\"@type\":\"ListItem\",\"position\":1,\"name\":\"Portada\",\"item\":\"https:\\\/\\\/www.cope.es\\\/blogs\\\/decoreando\\\/\"},{\"@type\":\"ListItem\",\"position\":2,\"name\":\"9 habitaciones de Paradores con mucha magia\"}]},{\"@type\":\"WebSite\",\"@id\":\"https:\\\/\\\/www.cope.es\\\/blogs\\\/decoreando\\\/#website\",\"url\":\"https:\\\/\\\/www.cope.es\\\/blogs\\\/decoreando\\\/\",\"name\":\"Decoreando\",\"description\":\"Blog de decoraci\u00f3n en COPE\",\"potentialAction\":[{\"@type\":\"SearchAction\",\"target\":{\"@type\":\"EntryPoint\",\"urlTemplate\":\"https:\\\/\\\/www.cope.es\\\/blogs\\\/decoreando\\\/?s={search_term_string}\"},\"query-input\":{\"@type\":\"PropertyValueSpecification\",\"valueRequired\":true,\"valueName\":\"search_term_string\"}}],\"inLanguage\":\"es\"},{\"@type\":\"Person\",\"@id\":\"https:\\\/\\\/www.cope.es\\\/blogs\\\/decoreando\\\/#\\\/schema\\\/person\\\/42c13561856a4588022a86d2d0239fe9\",\"name\":\"Mar\u00eda Bandera\",\"image\":{\"@type\":\"ImageObject\",\"inLanguage\":\"es\",\"@id\":\"https:\\\/\\\/secure.gravatar.com\\\/avatar\\\/5e0e81ec5bd62ed260473c966c533044c2e18b73cfdadd2ae9eeb978096068a6?s=96&d=mm&r=g\",\"url\":\"https:\\\/\\\/secure.gravatar.com\\\/avatar\\\/5e0e81ec5bd62ed260473c966c533044c2e18b73cfdadd2ae9eeb978096068a6?s=96&d=mm&r=g\",\"contentUrl\":\"https:\\\/\\\/secure.gravatar.com\\\/avatar\\\/5e0e81ec5bd62ed260473c966c533044c2e18b73cfdadd2ae9eeb978096068a6?s=96&d=mm&r=g\",\"caption\":\"Mar\u00eda Bandera\"},\"description\":\"Confieso que soy muy fan de los portales de decoraci\u00f3n, de la venta de muebles on-line e incapaz de pasar por un escaparate 'deco' sin frenar para echar un ojo. Como buena c\u00e1ncer que soy me va la mezcla; muebles de calidad con otros m\u00e1s baratos, de valor sentimental con reci\u00e9n comprados. Tambi\u00e9n me gusta restaurar a lo que dedico, si puedo, un poco de tiempo en mi retiro 'rural' de verano. Por eso la idea de este blog me ha venido como anillo al dedo. 'Deceoreando' es para mi jugar con la decoraci\u00f3n, compartir las tendencias y descubrir esas peque\u00f1as ideas geniales que suponen un bonito cambio para la casa. Soy periodista, nacida en L\u00e9on y llevo m\u00e1s de 17 a\u00f1os de profesi\u00f3n en la Cadena COPE. Si quer\u00e9is ahora me pod\u00e9is leer en cope.es\",\"sameAs\":[\"http:\\\/\\\/www.cope.es\",\"https:\\\/\\\/www.facebook.com\\\/maria.bandera.182\",\"https:\\\/\\\/x.com\\\/Mgbandera\"],\"url\":\"https:\\\/\\\/www.cope.es\\\/blogs\\\/decoreando\\\/author\\\/mbandera\\\/\"}]}<\/script>\n<!-- \/ Yoast SEO plugin. -->","yoast_head_json":{"title":"9 habitaciones de Paradores con mucha magia - Decoreando","robots":{"index":"index","follow":"follow","max-snippet":"max-snippet:-1","max-image-preview":"max-image-preview:large","max-video-preview":"max-video-preview:-1"},"canonical":"https:\/\/www.cope.es\/blogs\/decoreando\/2018\/03\/19\/9-habitaciones-de-paradores-con-mucho-encanto\/","og_locale":"es_ES","og_type":"article","og_title":"9 habitaciones de Paradores con mucha magia - Decoreando","og_description":"A nada estamos ya de las vacaciones de Semana Santa. En los planes de muchos est\u00e1 viajar y una buena opci\u00f3n\u00a0son los 97 emblem\u00e1ticos Paradores\u00a0\u00a0distribuidos por toda Espa\u00f1a y que adem\u00e1s este 2018 celebran su 90 cumplea\u00f1os. Digo que es una opci\u00f3n a tener en cuenta porque redondean cualquier viaje. Son destinos donde adem\u00e1s de [&hellip;]","og_url":"https:\/\/www.cope.es\/blogs\/decoreando\/2018\/03\/19\/9-habitaciones-de-paradores-con-mucho-encanto\/","og_site_name":"Decoreando","article_publisher":"https:\/\/www.facebook.com\/cope\/","article_author":"https:\/\/www.facebook.com\/maria.bandera.182","article_published_time":"2018-03-19T09:15:03+00:00","article_modified_time":"2018-03-20T07:52:36+00:00","og_image":[{"width":1644,"height":1647,"url":"https:\/\/www.cope.es\/blogs\/decoreando\/wp-content\/uploads\/sites\/8\/2018\/03\/parador_de_alarcon_15_habitacion_unica_infante_don_juan_manuel_junior_suite.jpg","type":"image\/jpeg"}],"author":"Mar\u00eda Bandera","twitter_card":"summary_large_image","twitter_creator":"@Mgbandera","twitter_site":"@cope_es","twitter_misc":{"Escrito por":"Mar\u00eda Bandera","Tiempo de lectura":"6 minutos"},"schema":{"@context":"https:\/\/schema.org","@graph":[{"@type":"Article","@id":"https:\/\/www.cope.es\/blogs\/decoreando\/2018\/03\/19\/9-habitaciones-de-paradores-con-mucho-encanto\/#article","isPartOf":{"@id":"https:\/\/www.cope.es\/blogs\/decoreando\/2018\/03\/19\/9-habitaciones-de-paradores-con-mucho-encanto\/"},"author":{"name":"Mar\u00eda Bandera","@id":"https:\/\/www.cope.es\/blogs\/decoreando\/#\/schema\/person\/42c13561856a4588022a86d2d0239fe9"},"headline":"9 habitaciones de Paradores con mucha magia","datePublished":"2018-03-19T09:15:03+00:00","dateModified":"2018-03-20T07:52:36+00:00","mainEntityOfPage":{"@id":"https:\/\/www.cope.es\/blogs\/decoreando\/2018\/03\/19\/9-habitaciones-de-paradores-con-mucho-encanto\/"},"wordCount":1111,"commentCount":0,"image":{"@id":"https:\/\/www.cope.es\/blogs\/decoreando\/2018\/03\/19\/9-habitaciones-de-paradores-con-mucho-encanto\/#primaryimage"},"thumbnailUrl":"https:\/\/www.cope.es\/blogs\/decoreando\/wp-content\/uploads\/sites\/8\/2018\/03\/parador_de_alarcon_15_habitacion_unica_infante_don_juan_manuel_junior_suite.jpg","keywords":["blog","decoraci\u00f3n","decoreando","hoteles","Paradores","Semana Santa","tendencias","Vacaciones"],"inLanguage":"es","potentialAction":[{"@type":"CommentAction","name":"Comment","target":["https:\/\/www.cope.es\/blogs\/decoreando\/2018\/03\/19\/9-habitaciones-de-paradores-con-mucho-encanto\/#respond"]}]},{"@type":"WebPage","@id":"https:\/\/www.cope.es\/blogs\/decoreando\/2018\/03\/19\/9-habitaciones-de-paradores-con-mucho-encanto\/","url":"https:\/\/www.cope.es\/blogs\/decoreando\/2018\/03\/19\/9-habitaciones-de-paradores-con-mucho-encanto\/","name":"9 habitaciones de Paradores con mucha magia - Decoreando","isPartOf":{"@id":"https:\/\/www.cope.es\/blogs\/decoreando\/#website"},"primaryImageOfPage":{"@id":"https:\/\/www.cope.es\/blogs\/decoreando\/2018\/03\/19\/9-habitaciones-de-paradores-con-mucho-encanto\/#primaryimage"},"image":{"@id":"https:\/\/www.cope.es\/blogs\/decoreando\/2018\/03\/19\/9-habitaciones-de-paradores-con-mucho-encanto\/#primaryimage"},"thumbnailUrl":"https:\/\/www.cope.es\/blogs\/decoreando\/wp-content\/uploads\/sites\/8\/2018\/03\/parador_de_alarcon_15_habitacion_unica_infante_don_juan_manuel_junior_suite.jpg","datePublished":"2018-03-19T09:15:03+00:00","dateModified":"2018-03-20T07:52:36+00:00","author":{"@id":"https:\/\/www.cope.es\/blogs\/decoreando\/#\/schema\/person\/42c13561856a4588022a86d2d0239fe9"},"breadcrumb":{"@id":"https:\/\/www.cope.es\/blogs\/decoreando\/2018\/03\/19\/9-habitaciones-de-paradores-con-mucho-encanto\/#breadcrumb"},"inLanguage":"es","potentialAction":[{"@type":"ReadAction","target":["https:\/\/www.cope.es\/blogs\/decoreando\/2018\/03\/19\/9-habitaciones-de-paradores-con-mucho-encanto\/"]}]},{"@type":"ImageObject","inLanguage":"es","@id":"https:\/\/www.cope.es\/blogs\/decoreando\/2018\/03\/19\/9-habitaciones-de-paradores-con-mucho-encanto\/#primaryimage","url":"https:\/\/www.cope.es\/blogs\/decoreando\/wp-content\/uploads\/sites\/8\/2018\/03\/parador_de_alarcon_15_habitacion_unica_infante_don_juan_manuel_junior_suite.jpg","contentUrl":"https:\/\/www.cope.es\/blogs\/decoreando\/wp-content\/uploads\/sites\/8\/2018\/03\/parador_de_alarcon_15_habitacion_unica_infante_don_juan_manuel_junior_suite.jpg","width":1644,"height":1647},{"@type":"BreadcrumbList","@id":"https:\/\/www.cope.es\/blogs\/decoreando\/2018\/03\/19\/9-habitaciones-de-paradores-con-mucho-encanto\/#breadcrumb","itemListElement":[{"@type":"ListItem","position":1,"name":"Portada","item":"https:\/\/www.cope.es\/blogs\/decoreando\/"},{"@type":"ListItem","position":2,"name":"9 habitaciones de Paradores con mucha magia"}]},{"@type":"WebSite","@id":"https:\/\/www.cope.es\/blogs\/decoreando\/#website","url":"https:\/\/www.cope.es\/blogs\/decoreando\/","name":"Decoreando","description":"Blog de decoraci\u00f3n en COPE","potentialAction":[{"@type":"SearchAction","target":{"@type":"EntryPoint","urlTemplate":"https:\/\/www.cope.es\/blogs\/decoreando\/?s={search_term_string}"},"query-input":{"@type":"PropertyValueSpecification","valueRequired":true,"valueName":"search_term_string"}}],"inLanguage":"es"},{"@type":"Person","@id":"https:\/\/www.cope.es\/blogs\/decoreando\/#\/schema\/person\/42c13561856a4588022a86d2d0239fe9","name":"Mar\u00eda Bandera","image":{"@type":"ImageObject","inLanguage":"es","@id":"https:\/\/secure.gravatar.com\/avatar\/5e0e81ec5bd62ed260473c966c533044c2e18b73cfdadd2ae9eeb978096068a6?s=96&d=mm&r=g","url":"https:\/\/secure.gravatar.com\/avatar\/5e0e81ec5bd62ed260473c966c533044c2e18b73cfdadd2ae9eeb978096068a6?s=96&d=mm&r=g","contentUrl":"https:\/\/secure.gravatar.com\/avatar\/5e0e81ec5bd62ed260473c966c533044c2e18b73cfdadd2ae9eeb978096068a6?s=96&d=mm&r=g","caption":"Mar\u00eda Bandera"},"description":"Confieso que soy muy fan de los portales de decoraci\u00f3n, de la venta de muebles on-line e incapaz de pasar por un escaparate 'deco' sin frenar para echar un ojo. Como buena c\u00e1ncer que soy me va la mezcla; muebles de calidad con otros m\u00e1s baratos, de valor sentimental con reci\u00e9n comprados. Tambi\u00e9n me gusta restaurar a lo que dedico, si puedo, un poco de tiempo en mi retiro 'rural' de verano. Por eso la idea de este blog me ha venido como anillo al dedo. 'Deceoreando' es para mi jugar con la decoraci\u00f3n, compartir las tendencias y descubrir esas peque\u00f1as ideas geniales que suponen un bonito cambio para la casa. Soy periodista, nacida en L\u00e9on y llevo m\u00e1s de 17 a\u00f1os de profesi\u00f3n en la Cadena COPE. Si quer\u00e9is ahora me pod\u00e9is leer en cope.es","sameAs":["http:\/\/www.cope.es","https:\/\/www.facebook.com\/maria.bandera.182","https:\/\/x.com\/Mgbandera"],"url":"https:\/\/www.cope.es\/blogs\/decoreando\/author\/mbandera\/"}]}},"amp_enabled":true,"_links":{"self":[{"href":"https:\/\/www.cope.es\/blogs\/decoreando\/wp-json\/wp\/v2\/posts\/430","targetHints":{"allow":["GET"]}}],"collection":[{"href":"https:\/\/www.cope.es\/blogs\/decoreando\/wp-json\/wp\/v2\/posts"}],"about":[{"href":"https:\/\/www.cope.es\/blogs\/decoreando\/wp-json\/wp\/v2\/types\/post"}],"author":[{"embeddable":true,"href":"https:\/\/www.cope.es\/blogs\/decoreando\/wp-json\/wp\/v2\/users\/8"}],"replies":[{"embeddable":true,"href":"https:\/\/www.cope.es\/blogs\/decoreando\/wp-json\/wp\/v2\/comments?post=430"}],"version-history":[{"count":3,"href":"https:\/\/www.cope.es\/blogs\/decoreando\/wp-json\/wp\/v2\/posts\/430\/revisions"}],"predecessor-version":[{"id":462,"href":"https:\/\/www.cope.es\/blogs\/decoreando\/wp-json\/wp\/v2\/posts\/430\/revisions\/462"}],"wp:featuredmedia":[{"embeddable":true,"href":"https:\/\/www.cope.es\/blogs\/decoreando\/wp-json\/wp\/v2\/media\/440"}],"wp:attachment":[{"href":"https:\/\/www.cope.es\/blogs\/decoreando\/wp-json\/wp\/v2\/media?parent=430"}],"wp:term":[{"taxonomy":"category","embeddable":true,"href":"https:\/\/www.cope.es\/blogs\/decoreando\/wp-json\/wp\/v2\/categories?post=430"},{"taxonomy":"post_tag","embeddable":true,"href":"https:\/\/www.cope.es\/blogs\/decoreando\/wp-json\/wp\/v2\/tags?post=430"}],"curies":[{"name":"wp","href":"https:\/\/api.w.org\/{rel}","templated":true}]}}