{"id":1356,"date":"2019-01-30T16:07:58","date_gmt":"2019-01-30T15:07:58","guid":{"rendered":"http:\/\/www.cope.es\/blogs\/decoreando\/?p=1356"},"modified":"2019-02-01T13:05:27","modified_gmt":"2019-02-01T12:05:27","slug":"no-caigas-en-este-error-si-vas-a-poner-cuadros-en-casa","status":"publish","type":"post","link":"https:\/\/www.cope.es\/blogs\/decoreando\/2019\/01\/30\/no-caigas-en-este-error-si-vas-a-poner-cuadros-en-casa\/","title":{"rendered":"No caigas en este error si vas a poner cuadros en casa"},"content":{"rendered":"<div tabindex=\"0\">\n<div class=\"_rp_m5\" tabindex=\"-1\">\n<div class=\"_rp_Y4 ms-border-color-neutralLight ShowConsesusSchedulingLink ShowReferenceAttachmentsLinks\" tabindex=\"-1\">\n<div class=\"_rp_b5 _rp_a5\">\n<div id=\"Item.MessagePartBody\" class=\"_rp_05\">\n<div id=\"Item.MessageUniqueBody\" class=\"_rp_15 ms-font-weight-regular ms-font-color-neutralDark rpHighlightAllClass rpHighlightBodyClass\">\n<div dir=\"ltr\">\n<div dir=\"ltr\">\n<p>Son uno de los elementos esenciales en cualquier decoraci\u00f3n, &#8220;definen tu estilo, aportan colorido,\u00a0 dan personalidad y hablan de ti&#8221;. Por eso cuidado porque con ellos no todo vale.\u00a0 En cierta forma podemos decir que colocarlos con sentido, tambi\u00e9n es un arte.\u00a0Por eso con la ayuda de\u00a0<a href=\"https:\/\/www.portobellostreet.es\/\">PortobelloStreet\u00a0<\/a>repasamos algunas de las <strong>l\u00edneas rojas que no debes cruzar <\/strong>si no quieres pecar de mal gusto:<\/p>\n<h2 style=\"text-align: center\"><strong>\u00a0\u00bfD\u00f3nde los pongo?<\/strong><\/h2>\n<div>\n<p>Col\u00f3calo en <strong>cualquier pared que quieras destacar<\/strong>. Piensa en cualquier espacio de tu casa que necesite un poco de vida y en el que te guste pasar tiempo,\u00a0 salones, comedores o dormitorios son las estancias m\u00e1s habituales en las que colocar cuadros, pero tambi\u00e9n\u00a0<strong>cocinas y ba\u00f1os <\/strong>se han sumado a la tendencia. Simplemente encuentra uno (o varios) que te gusten y crea un rinc\u00f3n \u00fanico.<\/p>\n<p><img loading=\"lazy\" decoding=\"async\" width=\"281\" height=\"300\" class=\"size-medium wp-image-1360 aligncenter\" src=\"http:\/\/www.cope.es\/blogs\/decoreando\/wp-content\/uploads\/sites\/8\/2019\/01\/ambiente_Bergen_02-281x300.jpg\" alt=\"\" srcset=\"https:\/\/www.cope.es\/blogs\/decoreando\/wp-content\/uploads\/sites\/8\/2019\/01\/ambiente_Bergen_02-281x300.jpg 281w, https:\/\/www.cope.es\/blogs\/decoreando\/wp-content\/uploads\/sites\/8\/2019\/01\/ambiente_Bergen_02-768x820.jpg 768w, https:\/\/www.cope.es\/blogs\/decoreando\/wp-content\/uploads\/sites\/8\/2019\/01\/ambiente_Bergen_02-959x1024.jpg 959w\" sizes=\"auto, (max-width: 281px) 100vw, 281px\" \/><\/p>\n<h1 style=\"text-align: center\"><strong>\u00a0\u00bfC\u00f3mo?<\/strong><\/h1>\n<p>Uno solo o varios, sim\u00e9tricos o asim\u00e9tricos, en zig-zag, alineados\u2026 Lo importante es que <strong>analices bien el espacio que tienes.<\/strong> Si quieres dar protagonismo a un cuadro en particular, lo ideal es que lo cuelgues solo para que sea el centro de las miradas. Y antes de ponerte a hacer agujeros, puedes probar con <strong>plantillas del tama\u00f1o de tus cuadros<\/strong> c\u00f3mo quedar\u00edan diferentes composiciones. Y no te olvides del espacio entre ellos: <strong>a m\u00e1s grandes sean, mayor deber\u00e1 ser la distancia que los separe.<\/strong><\/p>\n<p><img loading=\"lazy\" decoding=\"async\" width=\"300\" height=\"186\" class=\"alignnone size-medium wp-image-1411 aligncenter\" src=\"http:\/\/www.cope.es\/blogs\/decoreando\/wp-content\/uploads\/sites\/8\/2019\/01\/Captura-1-300x186.png\" alt=\"\" srcset=\"https:\/\/www.cope.es\/blogs\/decoreando\/wp-content\/uploads\/sites\/8\/2019\/01\/Captura-1-300x186.png 300w, https:\/\/www.cope.es\/blogs\/decoreando\/wp-content\/uploads\/sites\/8\/2019\/01\/Captura-1-570x354.png 570w, https:\/\/www.cope.es\/blogs\/decoreando\/wp-content\/uploads\/sites\/8\/2019\/01\/Captura-1-450x277.png 450w, https:\/\/www.cope.es\/blogs\/decoreando\/wp-content\/uploads\/sites\/8\/2019\/01\/Captura-1.png 590w\" sizes=\"auto, (max-width: 300px) 100vw, 300px\" \/><\/p>\n<h6 style=\"text-align: right\"><em><span style=\"color: #222222\"><span style=\"font-family: Verdana, Helvetica, Arial, sans-serif\"><span style=\"font-size: small\">Plantilla de <a href=\"https:\/\/www.ikea.com\/es\/es\/productos\/decoracion\/marcos-laminas\/m%C3%A5tteby-plantilla-de-pared-j4-art-10373768\/\">Ikea<\/a> para crear tu propio collage. Se puede recortar y hacer montajes personalizados<\/span><\/span><\/span><\/em><\/h6>\n<h2 style=\"text-align: center\"><strong>\u00a0Tendencias<\/strong><\/h2>\n<p>La \u00faltima tendencia al colgar cuadros es, precisamente, <strong>no colgarlos<\/strong>. Apoyados en el suelo, en un aparador o sobre unas estanter\u00edas. Se trata de una alternativa sencilla y f\u00e1cil, que adem\u00e1s, te permite experimentar todo lo que quieras hasta que encuentres la posici\u00f3n perfecta para tus cuadros. Y ojo, te evitar\u00e1s los molestos clavos que por f\u00e1ciles que sean de utilizar, siempre dejan un feo agujero.<\/p>\n<p><img loading=\"lazy\" decoding=\"async\" width=\"300\" height=\"200\" class=\"size-medium wp-image-1381 aligncenter\" src=\"http:\/\/www.cope.es\/blogs\/decoreando\/wp-content\/uploads\/sites\/8\/2019\/01\/dpb_2livingcoral-300x200.jpg\" alt=\"\" srcset=\"https:\/\/www.cope.es\/blogs\/decoreando\/wp-content\/uploads\/sites\/8\/2019\/01\/dpb_2livingcoral-300x200.jpg 300w, https:\/\/www.cope.es\/blogs\/decoreando\/wp-content\/uploads\/sites\/8\/2019\/01\/dpb_2livingcoral-768x513.jpg 768w, https:\/\/www.cope.es\/blogs\/decoreando\/wp-content\/uploads\/sites\/8\/2019\/01\/dpb_2livingcoral-1024x684.jpg 1024w, https:\/\/www.cope.es\/blogs\/decoreando\/wp-content\/uploads\/sites\/8\/2019\/01\/dpb_2livingcoral-408x272.jpg 408w\" sizes=\"auto, (max-width: 300px) 100vw, 300px\" \/><\/p>\n<h2 style=\"text-align: center\"><em><strong>La que nunca debes hacer<\/strong><\/em><\/h2>\n<p>El principal error que se comente al decorar con cuadros es<strong> colgarlos m\u00e1s cerca del techo que del mueble que tienen debajo<\/strong>. Y en el caso de no tener nada debajo, lo m\u00e1s recomendable es que queden<strong> a la altura de los ojos.<\/strong> Otra de las equivocaciones m\u00e1s habituales es<strong> poner un cuadro muy peque\u00f1o en una pared muy grande. <\/strong>Atento a esto porque\u00a0dar\u00e1 sensaci\u00f3n de vac\u00edo.<\/p>\n<p><img loading=\"lazy\" decoding=\"async\" width=\"300\" height=\"208\" class=\"size-medium wp-image-1359 aligncenter\" src=\"http:\/\/www.cope.es\/blogs\/decoreando\/wp-content\/uploads\/sites\/8\/2019\/01\/ambiente_Bergen_01-300x208.jpg\" alt=\"\" srcset=\"https:\/\/www.cope.es\/blogs\/decoreando\/wp-content\/uploads\/sites\/8\/2019\/01\/ambiente_Bergen_01-300x208.jpg 300w, https:\/\/www.cope.es\/blogs\/decoreando\/wp-content\/uploads\/sites\/8\/2019\/01\/ambiente_Bergen_01-768x532.jpg 768w, https:\/\/www.cope.es\/blogs\/decoreando\/wp-content\/uploads\/sites\/8\/2019\/01\/ambiente_Bergen_01-1024x710.jpg 1024w, https:\/\/www.cope.es\/blogs\/decoreando\/wp-content\/uploads\/sites\/8\/2019\/01\/ambiente_Bergen_01-393x272.jpg 393w\" sizes=\"auto, (max-width: 300px) 100vw, 300px\" \/><\/p>\n<h2 style=\"text-align: center\"><strong>\u00a0Delimita espacios<\/strong><\/h2>\n<p>Los cuadros no son solo elementos decorativos, tambi\u00e9n\u00a0 ayudan a delimitar los espacios y\u00a0 separarlos. Puedes colocar una composici\u00f3n de im\u00e1genes en el comedor, de manera que quede mucho m\u00e1s diferenciada con la zona de estar.<\/p>\n<h1 style=\"text-align: center\"><em><strong>Estilos<\/strong><\/em><\/h1>\n<p>Se trata de una cuesti\u00f3n muy personal, pero no tengas miedo a experimentar con<strong> l\u00e1minas, obras y fotograf\u00edas de diferentes estilos y tem\u00e1ticas<\/strong>. Ante todo es fundamental <strong>que los cuadros que elijas\u00a0 te gusten<\/strong>, al fin y al cabo, reflejan qui\u00e9n eres y cu\u00e1les son tus gustos. Una fotograf\u00eda antigua hablar\u00e1 sobre tu lado nost\u00e1lgico, mientras que una obra de la cultura pop lo har\u00e1 sobre tu car\u00e1cter divertido y desenfadado.<\/p>\n<p><img loading=\"lazy\" decoding=\"async\" width=\"300\" height=\"190\" class=\"size-medium wp-image-1361 aligncenter\" src=\"http:\/\/www.cope.es\/blogs\/decoreando\/wp-content\/uploads\/sites\/8\/2019\/01\/ambiente_curve01-300x190.jpg\" alt=\"\" srcset=\"https:\/\/www.cope.es\/blogs\/decoreando\/wp-content\/uploads\/sites\/8\/2019\/01\/ambiente_curve01-300x190.jpg 300w, https:\/\/www.cope.es\/blogs\/decoreando\/wp-content\/uploads\/sites\/8\/2019\/01\/ambiente_curve01-768x488.jpg 768w, https:\/\/www.cope.es\/blogs\/decoreando\/wp-content\/uploads\/sites\/8\/2019\/01\/ambiente_curve01-1024x650.jpg 1024w\" sizes=\"auto, (max-width: 300px) 100vw, 300px\" \/><\/p>\n<h3 style=\"text-align: center\"><strong>El tama\u00f1o importa<\/strong><\/h3>\n<p>Como ya hemos mencionado, es fundamental que evites colocar un cuadro muy peque\u00f1o en una pared muy grande y viceversa. En una <strong>pared peque\u00f1a, lo ideal es que combines piezas peque\u00f1as y medianas<\/strong> para que la composici\u00f3n <strong>no resulte recargada ni tampoco escasa<\/strong>. Por el contrario, <strong>en una pared grande, mejor un cuadro de gran formato.<\/strong><\/p>\n<p><img loading=\"lazy\" decoding=\"async\" width=\"300\" height=\"192\" class=\"aligncenter wp-image-1357 size-medium\" src=\"http:\/\/www.cope.es\/blogs\/decoreando\/wp-content\/uploads\/sites\/8\/2019\/01\/Amara_01-300x192.jpg\" alt=\"\" srcset=\"https:\/\/www.cope.es\/blogs\/decoreando\/wp-content\/uploads\/sites\/8\/2019\/01\/Amara_01-300x192.jpg 300w, https:\/\/www.cope.es\/blogs\/decoreando\/wp-content\/uploads\/sites\/8\/2019\/01\/Amara_01-768x492.jpg 768w, https:\/\/www.cope.es\/blogs\/decoreando\/wp-content\/uploads\/sites\/8\/2019\/01\/Amara_01-1024x656.jpg 1024w\" sizes=\"auto, (max-width: 300px) 100vw, 300px\" \/><\/p>\n<h2 style=\"text-align: center\"><em><strong>\u00a0Ilum\u00ednalos<\/strong><\/em><\/h2>\n<p>Escoger la iluminaci\u00f3n adecuada para tus cuadros y obras de arte es fundamental para que luzcan. Tienes varias opciones: colocar una l\u00e1mpara encima del cuadro que quieres iluminar o poner diferentes focos o plafones en la habitaci\u00f3n para iluminar cada cuadro.<\/p>\n<p><img loading=\"lazy\" decoding=\"async\" width=\"300\" height=\"173\" class=\"size-medium wp-image-1358 aligncenter\" src=\"http:\/\/www.cope.es\/blogs\/decoreando\/wp-content\/uploads\/sites\/8\/2019\/01\/Amara_02-300x173.jpg\" alt=\"\" srcset=\"https:\/\/www.cope.es\/blogs\/decoreando\/wp-content\/uploads\/sites\/8\/2019\/01\/Amara_02-300x173.jpg 300w, https:\/\/www.cope.es\/blogs\/decoreando\/wp-content\/uploads\/sites\/8\/2019\/01\/Amara_02-768x442.jpg 768w, https:\/\/www.cope.es\/blogs\/decoreando\/wp-content\/uploads\/sites\/8\/2019\/01\/Amara_02-1024x590.jpg 1024w\" sizes=\"auto, (max-width: 300px) 100vw, 300px\" \/><\/p>\n<h1 style=\"text-align: center\"><strong>D\u00e9jate llevar<\/strong><\/h1>\n<p>No tengas miedo a expresarte a la hora de elegir un cuadro. Arri\u00e9sgate a elegir <strong>piezas llamativas o que te llamen la atenci\u00f3n. Lo fundamental es que te hagan sentir<\/strong>. Y nunca, nunca, cuelgues algo en las paredes de tu casa con lo que no te sientes c\u00f3moda y a gusto.<\/p>\n<h2 style=\"text-align: center\"><strong>La importancia del marco<\/strong><\/h2>\n<p>El marco, al igual que la imagen que contiene, hablar\u00e1 de ti. Si quieres darle un <strong>mayor protagonismo a la obra, la alternativa perfecta es un cuadro de l\u00edneas sencillas<\/strong>; pero tambi\u00e9n puedes seleccionar un marco llamativo, que combine con el cuadro, de manera que quede en segundo plano.<\/p>\n<p>As\u00ed que ya sabes, antes de poner un cuadro, p\u00e1rate y piensa un momento, el resultado merecer\u00e1 la pena&#8230;<\/p>\n<\/div>\n<\/div>\n<\/div>\n<\/div>\n<\/div>\n<pre class=\"_pe_d _pe_92\" style=\"text-align: right\" tabindex=\"-1\"><strong>Fotos: PortobelloStreet<\/strong><\/pre>\n<\/div>\n<\/div>\n<\/div>\n<\/div>\n<p>&nbsp;<\/p>\n","protected":false},"excerpt":{"rendered":"<p>Son uno de los elementos esenciales en cualquier decoraci\u00f3n, &#8220;definen tu estilo, aportan colorido,\u00a0 dan personalidad y hablan de ti&#8221;. Por eso cuidado porque con ellos no todo vale.\u00a0 En cierta forma podemos decir que colocarlos con sentido, tambi\u00e9n es un arte.\u00a0Por eso con la ayuda de\u00a0PortobelloStreet\u00a0repasamos algunas de las l\u00edneas rojas que no debes [&hellip;]<\/p>\n","protected":false},"author":8,"featured_media":1381,"comment_status":"open","ping_status":"open","sticky":false,"template":"","format":"standard","meta":{"footnotes":""},"categories":[3],"tags":[132,189,25,188,6],"class_list":["post-1356","post","type-post","status-publish","format-standard","has-post-thumbnail","hentry","category-decoracion","tag-cool","tag-cuadros","tag-decoracion","tag-portobellostreet","tag-tendencias"],"yoast_head":"<!-- This site is optimized with the Yoast SEO plugin v27.4 - https:\/\/yoast.com\/product\/yoast-seo-wordpress\/ -->\n<title>No caigas en este error si vas a poner cuadros en casa - Decoreando<\/title>\n<meta name=\"robots\" content=\"index, follow, max-snippet:-1, max-image-preview:large, max-video-preview:-1\" \/>\n<link rel=\"canonical\" href=\"https:\/\/www.cope.es\/blogs\/decoreando\/2019\/01\/30\/no-caigas-en-este-error-si-vas-a-poner-cuadros-en-casa\/\" \/>\n<meta property=\"og:locale\" content=\"es_ES\" \/>\n<meta property=\"og:type\" content=\"article\" \/>\n<meta property=\"og:title\" content=\"No caigas en este error si vas a poner cuadros en casa - Decoreando\" \/>\n<meta property=\"og:description\" content=\"Son uno de los elementos esenciales en cualquier decoraci\u00f3n, &#8220;definen tu estilo, aportan colorido,\u00a0 dan personalidad y hablan de ti&#8221;. Por eso cuidado porque con ellos no todo vale.\u00a0 En cierta forma podemos decir que colocarlos con sentido, tambi\u00e9n es un arte.\u00a0Por eso con la ayuda de\u00a0PortobelloStreet\u00a0repasamos algunas de las l\u00edneas rojas que no debes [&hellip;]\" \/>\n<meta property=\"og:url\" content=\"https:\/\/www.cope.es\/blogs\/decoreando\/2019\/01\/30\/no-caigas-en-este-error-si-vas-a-poner-cuadros-en-casa\/\" \/>\n<meta property=\"og:site_name\" content=\"Decoreando\" \/>\n<meta property=\"article:publisher\" content=\"https:\/\/www.facebook.com\/cope\/\" \/>\n<meta property=\"article:author\" content=\"https:\/\/www.facebook.com\/maria.bandera.182\" \/>\n<meta property=\"article:published_time\" content=\"2019-01-30T15:07:58+00:00\" \/>\n<meta property=\"article:modified_time\" content=\"2019-02-01T12:05:27+00:00\" \/>\n<meta property=\"og:image\" content=\"https:\/\/www.cope.es\/blogs\/decoreando\/wp-content\/uploads\/sites\/8\/2019\/01\/dpb_2livingcoral-1024x684.jpg\" \/>\n\t<meta property=\"og:image:width\" content=\"1024\" \/>\n\t<meta property=\"og:image:height\" content=\"684\" \/>\n\t<meta property=\"og:image:type\" content=\"image\/jpeg\" \/>\n<meta name=\"author\" content=\"Mar\u00eda Bandera\" \/>\n<meta name=\"twitter:card\" content=\"summary_large_image\" \/>\n<meta name=\"twitter:creator\" content=\"@Mgbandera\" \/>\n<meta name=\"twitter:site\" content=\"@cope_es\" \/>\n<meta name=\"twitter:label1\" content=\"Escrito por\" \/>\n\t<meta name=\"twitter:data1\" content=\"Mar\u00eda Bandera\" \/>\n\t<meta name=\"twitter:label2\" content=\"Tiempo de lectura\" \/>\n\t<meta name=\"twitter:data2\" content=\"4 minutos\" \/>\n<script type=\"application\/ld+json\" class=\"yoast-schema-graph\">{\"@context\":\"https:\\\/\\\/schema.org\",\"@graph\":[{\"@type\":\"Article\",\"@id\":\"https:\\\/\\\/www.cope.es\\\/blogs\\\/decoreando\\\/2019\\\/01\\\/30\\\/no-caigas-en-este-error-si-vas-a-poner-cuadros-en-casa\\\/#article\",\"isPartOf\":{\"@id\":\"https:\\\/\\\/www.cope.es\\\/blogs\\\/decoreando\\\/2019\\\/01\\\/30\\\/no-caigas-en-este-error-si-vas-a-poner-cuadros-en-casa\\\/\"},\"author\":{\"name\":\"Mar\u00eda Bandera\",\"@id\":\"https:\\\/\\\/www.cope.es\\\/blogs\\\/decoreando\\\/#\\\/schema\\\/person\\\/42c13561856a4588022a86d2d0239fe9\"},\"headline\":\"No caigas en este error si vas a poner cuadros en casa\",\"datePublished\":\"2019-01-30T15:07:58+00:00\",\"dateModified\":\"2019-02-01T12:05:27+00:00\",\"mainEntityOfPage\":{\"@id\":\"https:\\\/\\\/www.cope.es\\\/blogs\\\/decoreando\\\/2019\\\/01\\\/30\\\/no-caigas-en-este-error-si-vas-a-poner-cuadros-en-casa\\\/\"},\"wordCount\":781,\"commentCount\":0,\"image\":{\"@id\":\"https:\\\/\\\/www.cope.es\\\/blogs\\\/decoreando\\\/2019\\\/01\\\/30\\\/no-caigas-en-este-error-si-vas-a-poner-cuadros-en-casa\\\/#primaryimage\"},\"thumbnailUrl\":\"https:\\\/\\\/www.cope.es\\\/blogs\\\/decoreando\\\/wp-content\\\/uploads\\\/sites\\\/8\\\/2019\\\/01\\\/dpb_2livingcoral.jpg\",\"keywords\":[\"cool\",\"Cuadros\",\"decoraci\u00f3n\",\"PortobelloStreet\",\"tendencias\"],\"articleSection\":[\"decoraci\u00f3n\"],\"inLanguage\":\"es\",\"potentialAction\":[{\"@type\":\"CommentAction\",\"name\":\"Comment\",\"target\":[\"https:\\\/\\\/www.cope.es\\\/blogs\\\/decoreando\\\/2019\\\/01\\\/30\\\/no-caigas-en-este-error-si-vas-a-poner-cuadros-en-casa\\\/#respond\"]}]},{\"@type\":\"WebPage\",\"@id\":\"https:\\\/\\\/www.cope.es\\\/blogs\\\/decoreando\\\/2019\\\/01\\\/30\\\/no-caigas-en-este-error-si-vas-a-poner-cuadros-en-casa\\\/\",\"url\":\"https:\\\/\\\/www.cope.es\\\/blogs\\\/decoreando\\\/2019\\\/01\\\/30\\\/no-caigas-en-este-error-si-vas-a-poner-cuadros-en-casa\\\/\",\"name\":\"No caigas en este error si vas a poner cuadros en casa - Decoreando\",\"isPartOf\":{\"@id\":\"https:\\\/\\\/www.cope.es\\\/blogs\\\/decoreando\\\/#website\"},\"primaryImageOfPage\":{\"@id\":\"https:\\\/\\\/www.cope.es\\\/blogs\\\/decoreando\\\/2019\\\/01\\\/30\\\/no-caigas-en-este-error-si-vas-a-poner-cuadros-en-casa\\\/#primaryimage\"},\"image\":{\"@id\":\"https:\\\/\\\/www.cope.es\\\/blogs\\\/decoreando\\\/2019\\\/01\\\/30\\\/no-caigas-en-este-error-si-vas-a-poner-cuadros-en-casa\\\/#primaryimage\"},\"thumbnailUrl\":\"https:\\\/\\\/www.cope.es\\\/blogs\\\/decoreando\\\/wp-content\\\/uploads\\\/sites\\\/8\\\/2019\\\/01\\\/dpb_2livingcoral.jpg\",\"datePublished\":\"2019-01-30T15:07:58+00:00\",\"dateModified\":\"2019-02-01T12:05:27+00:00\",\"author\":{\"@id\":\"https:\\\/\\\/www.cope.es\\\/blogs\\\/decoreando\\\/#\\\/schema\\\/person\\\/42c13561856a4588022a86d2d0239fe9\"},\"breadcrumb\":{\"@id\":\"https:\\\/\\\/www.cope.es\\\/blogs\\\/decoreando\\\/2019\\\/01\\\/30\\\/no-caigas-en-este-error-si-vas-a-poner-cuadros-en-casa\\\/#breadcrumb\"},\"inLanguage\":\"es\",\"potentialAction\":[{\"@type\":\"ReadAction\",\"target\":[\"https:\\\/\\\/www.cope.es\\\/blogs\\\/decoreando\\\/2019\\\/01\\\/30\\\/no-caigas-en-este-error-si-vas-a-poner-cuadros-en-casa\\\/\"]}]},{\"@type\":\"ImageObject\",\"inLanguage\":\"es\",\"@id\":\"https:\\\/\\\/www.cope.es\\\/blogs\\\/decoreando\\\/2019\\\/01\\\/30\\\/no-caigas-en-este-error-si-vas-a-poner-cuadros-en-casa\\\/#primaryimage\",\"url\":\"https:\\\/\\\/www.cope.es\\\/blogs\\\/decoreando\\\/wp-content\\\/uploads\\\/sites\\\/8\\\/2019\\\/01\\\/dpb_2livingcoral.jpg\",\"contentUrl\":\"https:\\\/\\\/www.cope.es\\\/blogs\\\/decoreando\\\/wp-content\\\/uploads\\\/sites\\\/8\\\/2019\\\/01\\\/dpb_2livingcoral.jpg\",\"width\":4000,\"height\":2672},{\"@type\":\"BreadcrumbList\",\"@id\":\"https:\\\/\\\/www.cope.es\\\/blogs\\\/decoreando\\\/2019\\\/01\\\/30\\\/no-caigas-en-este-error-si-vas-a-poner-cuadros-en-casa\\\/#breadcrumb\",\"itemListElement\":[{\"@type\":\"ListItem\",\"position\":1,\"name\":\"Portada\",\"item\":\"https:\\\/\\\/www.cope.es\\\/blogs\\\/decoreando\\\/\"},{\"@type\":\"ListItem\",\"position\":2,\"name\":\"No caigas en este error si vas a poner cuadros en casa\"}]},{\"@type\":\"WebSite\",\"@id\":\"https:\\\/\\\/www.cope.es\\\/blogs\\\/decoreando\\\/#website\",\"url\":\"https:\\\/\\\/www.cope.es\\\/blogs\\\/decoreando\\\/\",\"name\":\"Decoreando\",\"description\":\"Blog de decoraci\u00f3n en COPE\",\"potentialAction\":[{\"@type\":\"SearchAction\",\"target\":{\"@type\":\"EntryPoint\",\"urlTemplate\":\"https:\\\/\\\/www.cope.es\\\/blogs\\\/decoreando\\\/?s={search_term_string}\"},\"query-input\":{\"@type\":\"PropertyValueSpecification\",\"valueRequired\":true,\"valueName\":\"search_term_string\"}}],\"inLanguage\":\"es\"},{\"@type\":\"Person\",\"@id\":\"https:\\\/\\\/www.cope.es\\\/blogs\\\/decoreando\\\/#\\\/schema\\\/person\\\/42c13561856a4588022a86d2d0239fe9\",\"name\":\"Mar\u00eda Bandera\",\"image\":{\"@type\":\"ImageObject\",\"inLanguage\":\"es\",\"@id\":\"https:\\\/\\\/secure.gravatar.com\\\/avatar\\\/5e0e81ec5bd62ed260473c966c533044c2e18b73cfdadd2ae9eeb978096068a6?s=96&d=mm&r=g\",\"url\":\"https:\\\/\\\/secure.gravatar.com\\\/avatar\\\/5e0e81ec5bd62ed260473c966c533044c2e18b73cfdadd2ae9eeb978096068a6?s=96&d=mm&r=g\",\"contentUrl\":\"https:\\\/\\\/secure.gravatar.com\\\/avatar\\\/5e0e81ec5bd62ed260473c966c533044c2e18b73cfdadd2ae9eeb978096068a6?s=96&d=mm&r=g\",\"caption\":\"Mar\u00eda Bandera\"},\"description\":\"Confieso que soy muy fan de los portales de decoraci\u00f3n, de la venta de muebles on-line e incapaz de pasar por un escaparate 'deco' sin frenar para echar un ojo. Como buena c\u00e1ncer que soy me va la mezcla; muebles de calidad con otros m\u00e1s baratos, de valor sentimental con reci\u00e9n comprados. Tambi\u00e9n me gusta restaurar a lo que dedico, si puedo, un poco de tiempo en mi retiro 'rural' de verano. Por eso la idea de este blog me ha venido como anillo al dedo. 'Deceoreando' es para mi jugar con la decoraci\u00f3n, compartir las tendencias y descubrir esas peque\u00f1as ideas geniales que suponen un bonito cambio para la casa. Soy periodista, nacida en L\u00e9on y llevo m\u00e1s de 17 a\u00f1os de profesi\u00f3n en la Cadena COPE. Si quer\u00e9is ahora me pod\u00e9is leer en cope.es\",\"sameAs\":[\"http:\\\/\\\/www.cope.es\",\"https:\\\/\\\/www.facebook.com\\\/maria.bandera.182\",\"https:\\\/\\\/x.com\\\/Mgbandera\"],\"url\":\"https:\\\/\\\/www.cope.es\\\/blogs\\\/decoreando\\\/author\\\/mbandera\\\/\"}]}<\/script>\n<!-- \/ Yoast SEO plugin. -->","yoast_head_json":{"title":"No caigas en este error si vas a poner cuadros en casa - Decoreando","robots":{"index":"index","follow":"follow","max-snippet":"max-snippet:-1","max-image-preview":"max-image-preview:large","max-video-preview":"max-video-preview:-1"},"canonical":"https:\/\/www.cope.es\/blogs\/decoreando\/2019\/01\/30\/no-caigas-en-este-error-si-vas-a-poner-cuadros-en-casa\/","og_locale":"es_ES","og_type":"article","og_title":"No caigas en este error si vas a poner cuadros en casa - Decoreando","og_description":"Son uno de los elementos esenciales en cualquier decoraci\u00f3n, &#8220;definen tu estilo, aportan colorido,\u00a0 dan personalidad y hablan de ti&#8221;. Por eso cuidado porque con ellos no todo vale.\u00a0 En cierta forma podemos decir que colocarlos con sentido, tambi\u00e9n es un arte.\u00a0Por eso con la ayuda de\u00a0PortobelloStreet\u00a0repasamos algunas de las l\u00edneas rojas que no debes [&hellip;]","og_url":"https:\/\/www.cope.es\/blogs\/decoreando\/2019\/01\/30\/no-caigas-en-este-error-si-vas-a-poner-cuadros-en-casa\/","og_site_name":"Decoreando","article_publisher":"https:\/\/www.facebook.com\/cope\/","article_author":"https:\/\/www.facebook.com\/maria.bandera.182","article_published_time":"2019-01-30T15:07:58+00:00","article_modified_time":"2019-02-01T12:05:27+00:00","og_image":[{"width":1024,"height":684,"url":"https:\/\/www.cope.es\/blogs\/decoreando\/wp-content\/uploads\/sites\/8\/2019\/01\/dpb_2livingcoral-1024x684.jpg","type":"image\/jpeg"}],"author":"Mar\u00eda Bandera","twitter_card":"summary_large_image","twitter_creator":"@Mgbandera","twitter_site":"@cope_es","twitter_misc":{"Escrito por":"Mar\u00eda Bandera","Tiempo de lectura":"4 minutos"},"schema":{"@context":"https:\/\/schema.org","@graph":[{"@type":"Article","@id":"https:\/\/www.cope.es\/blogs\/decoreando\/2019\/01\/30\/no-caigas-en-este-error-si-vas-a-poner-cuadros-en-casa\/#article","isPartOf":{"@id":"https:\/\/www.cope.es\/blogs\/decoreando\/2019\/01\/30\/no-caigas-en-este-error-si-vas-a-poner-cuadros-en-casa\/"},"author":{"name":"Mar\u00eda Bandera","@id":"https:\/\/www.cope.es\/blogs\/decoreando\/#\/schema\/person\/42c13561856a4588022a86d2d0239fe9"},"headline":"No caigas en este error si vas a poner cuadros en casa","datePublished":"2019-01-30T15:07:58+00:00","dateModified":"2019-02-01T12:05:27+00:00","mainEntityOfPage":{"@id":"https:\/\/www.cope.es\/blogs\/decoreando\/2019\/01\/30\/no-caigas-en-este-error-si-vas-a-poner-cuadros-en-casa\/"},"wordCount":781,"commentCount":0,"image":{"@id":"https:\/\/www.cope.es\/blogs\/decoreando\/2019\/01\/30\/no-caigas-en-este-error-si-vas-a-poner-cuadros-en-casa\/#primaryimage"},"thumbnailUrl":"https:\/\/www.cope.es\/blogs\/decoreando\/wp-content\/uploads\/sites\/8\/2019\/01\/dpb_2livingcoral.jpg","keywords":["cool","Cuadros","decoraci\u00f3n","PortobelloStreet","tendencias"],"articleSection":["decoraci\u00f3n"],"inLanguage":"es","potentialAction":[{"@type":"CommentAction","name":"Comment","target":["https:\/\/www.cope.es\/blogs\/decoreando\/2019\/01\/30\/no-caigas-en-este-error-si-vas-a-poner-cuadros-en-casa\/#respond"]}]},{"@type":"WebPage","@id":"https:\/\/www.cope.es\/blogs\/decoreando\/2019\/01\/30\/no-caigas-en-este-error-si-vas-a-poner-cuadros-en-casa\/","url":"https:\/\/www.cope.es\/blogs\/decoreando\/2019\/01\/30\/no-caigas-en-este-error-si-vas-a-poner-cuadros-en-casa\/","name":"No caigas en este error si vas a poner cuadros en casa - Decoreando","isPartOf":{"@id":"https:\/\/www.cope.es\/blogs\/decoreando\/#website"},"primaryImageOfPage":{"@id":"https:\/\/www.cope.es\/blogs\/decoreando\/2019\/01\/30\/no-caigas-en-este-error-si-vas-a-poner-cuadros-en-casa\/#primaryimage"},"image":{"@id":"https:\/\/www.cope.es\/blogs\/decoreando\/2019\/01\/30\/no-caigas-en-este-error-si-vas-a-poner-cuadros-en-casa\/#primaryimage"},"thumbnailUrl":"https:\/\/www.cope.es\/blogs\/decoreando\/wp-content\/uploads\/sites\/8\/2019\/01\/dpb_2livingcoral.jpg","datePublished":"2019-01-30T15:07:58+00:00","dateModified":"2019-02-01T12:05:27+00:00","author":{"@id":"https:\/\/www.cope.es\/blogs\/decoreando\/#\/schema\/person\/42c13561856a4588022a86d2d0239fe9"},"breadcrumb":{"@id":"https:\/\/www.cope.es\/blogs\/decoreando\/2019\/01\/30\/no-caigas-en-este-error-si-vas-a-poner-cuadros-en-casa\/#breadcrumb"},"inLanguage":"es","potentialAction":[{"@type":"ReadAction","target":["https:\/\/www.cope.es\/blogs\/decoreando\/2019\/01\/30\/no-caigas-en-este-error-si-vas-a-poner-cuadros-en-casa\/"]}]},{"@type":"ImageObject","inLanguage":"es","@id":"https:\/\/www.cope.es\/blogs\/decoreando\/2019\/01\/30\/no-caigas-en-este-error-si-vas-a-poner-cuadros-en-casa\/#primaryimage","url":"https:\/\/www.cope.es\/blogs\/decoreando\/wp-content\/uploads\/sites\/8\/2019\/01\/dpb_2livingcoral.jpg","contentUrl":"https:\/\/www.cope.es\/blogs\/decoreando\/wp-content\/uploads\/sites\/8\/2019\/01\/dpb_2livingcoral.jpg","width":4000,"height":2672},{"@type":"BreadcrumbList","@id":"https:\/\/www.cope.es\/blogs\/decoreando\/2019\/01\/30\/no-caigas-en-este-error-si-vas-a-poner-cuadros-en-casa\/#breadcrumb","itemListElement":[{"@type":"ListItem","position":1,"name":"Portada","item":"https:\/\/www.cope.es\/blogs\/decoreando\/"},{"@type":"ListItem","position":2,"name":"No caigas en este error si vas a poner cuadros en casa"}]},{"@type":"WebSite","@id":"https:\/\/www.cope.es\/blogs\/decoreando\/#website","url":"https:\/\/www.cope.es\/blogs\/decoreando\/","name":"Decoreando","description":"Blog de decoraci\u00f3n en COPE","potentialAction":[{"@type":"SearchAction","target":{"@type":"EntryPoint","urlTemplate":"https:\/\/www.cope.es\/blogs\/decoreando\/?s={search_term_string}"},"query-input":{"@type":"PropertyValueSpecification","valueRequired":true,"valueName":"search_term_string"}}],"inLanguage":"es"},{"@type":"Person","@id":"https:\/\/www.cope.es\/blogs\/decoreando\/#\/schema\/person\/42c13561856a4588022a86d2d0239fe9","name":"Mar\u00eda Bandera","image":{"@type":"ImageObject","inLanguage":"es","@id":"https:\/\/secure.gravatar.com\/avatar\/5e0e81ec5bd62ed260473c966c533044c2e18b73cfdadd2ae9eeb978096068a6?s=96&d=mm&r=g","url":"https:\/\/secure.gravatar.com\/avatar\/5e0e81ec5bd62ed260473c966c533044c2e18b73cfdadd2ae9eeb978096068a6?s=96&d=mm&r=g","contentUrl":"https:\/\/secure.gravatar.com\/avatar\/5e0e81ec5bd62ed260473c966c533044c2e18b73cfdadd2ae9eeb978096068a6?s=96&d=mm&r=g","caption":"Mar\u00eda Bandera"},"description":"Confieso que soy muy fan de los portales de decoraci\u00f3n, de la venta de muebles on-line e incapaz de pasar por un escaparate 'deco' sin frenar para echar un ojo. Como buena c\u00e1ncer que soy me va la mezcla; muebles de calidad con otros m\u00e1s baratos, de valor sentimental con reci\u00e9n comprados. Tambi\u00e9n me gusta restaurar a lo que dedico, si puedo, un poco de tiempo en mi retiro 'rural' de verano. Por eso la idea de este blog me ha venido como anillo al dedo. 'Deceoreando' es para mi jugar con la decoraci\u00f3n, compartir las tendencias y descubrir esas peque\u00f1as ideas geniales que suponen un bonito cambio para la casa. Soy periodista, nacida en L\u00e9on y llevo m\u00e1s de 17 a\u00f1os de profesi\u00f3n en la Cadena COPE. Si quer\u00e9is ahora me pod\u00e9is leer en cope.es","sameAs":["http:\/\/www.cope.es","https:\/\/www.facebook.com\/maria.bandera.182","https:\/\/x.com\/Mgbandera"],"url":"https:\/\/www.cope.es\/blogs\/decoreando\/author\/mbandera\/"}]}},"amp_enabled":true,"_links":{"self":[{"href":"https:\/\/www.cope.es\/blogs\/decoreando\/wp-json\/wp\/v2\/posts\/1356","targetHints":{"allow":["GET"]}}],"collection":[{"href":"https:\/\/www.cope.es\/blogs\/decoreando\/wp-json\/wp\/v2\/posts"}],"about":[{"href":"https:\/\/www.cope.es\/blogs\/decoreando\/wp-json\/wp\/v2\/types\/post"}],"author":[{"embeddable":true,"href":"https:\/\/www.cope.es\/blogs\/decoreando\/wp-json\/wp\/v2\/users\/8"}],"replies":[{"embeddable":true,"href":"https:\/\/www.cope.es\/blogs\/decoreando\/wp-json\/wp\/v2\/comments?post=1356"}],"version-history":[{"count":3,"href":"https:\/\/www.cope.es\/blogs\/decoreando\/wp-json\/wp\/v2\/posts\/1356\/revisions"}],"predecessor-version":[{"id":1413,"href":"https:\/\/www.cope.es\/blogs\/decoreando\/wp-json\/wp\/v2\/posts\/1356\/revisions\/1413"}],"wp:featuredmedia":[{"embeddable":true,"href":"https:\/\/www.cope.es\/blogs\/decoreando\/wp-json\/wp\/v2\/media\/1381"}],"wp:attachment":[{"href":"https:\/\/www.cope.es\/blogs\/decoreando\/wp-json\/wp\/v2\/media?parent=1356"}],"wp:term":[{"taxonomy":"category","embeddable":true,"href":"https:\/\/www.cope.es\/blogs\/decoreando\/wp-json\/wp\/v2\/categories?post=1356"},{"taxonomy":"post_tag","embeddable":true,"href":"https:\/\/www.cope.es\/blogs\/decoreando\/wp-json\/wp\/v2\/tags?post=1356"}],"curies":[{"name":"wp","href":"https:\/\/api.w.org\/{rel}","templated":true}]}}