{"id":940,"date":"2019-04-24T17:04:53","date_gmt":"2019-04-24T15:04:53","guid":{"rendered":"http:\/\/www.cope.es\/blogs\/cine-y-libertad\/?p=940"},"modified":"2019-04-24T17:04:53","modified_gmt":"2019-04-24T15:04:53","slug":"el-hombre-de-acero-la-vision-mesianica-de-una-estrella-del-comic-como-brian-michael-bendis","status":"publish","type":"post","link":"https:\/\/www.cope.es\/blogs\/cine-y-libertad\/2019\/04\/24\/el-hombre-de-acero-la-vision-mesianica-de-una-estrella-del-comic-como-brian-michael-bendis\/","title":{"rendered":"El Hombre de Acero-La visi\u00f3n mesi\u00e1nica de una estrella del c\u00f3mic como Brian Michael Bendis"},"content":{"rendered":"<p><img loading=\"lazy\" decoding=\"async\" width=\"156\" height=\"240\" class=\"alignnone size-full wp-image-941\" src=\"http:\/\/www.cope.es\/blogs\/cine-y-libertad\/wp-content\/uploads\/sites\/7\/2019\/04\/superman.jpg\" alt=\"\" \/><\/p>\n<p>\u00a1Lectores y amigos de Cine y Libertad!<\/p>\n<p>\u00bfQu\u00e9 tienen que ver en esta historia el padre y el hijo de Superman? Aqu\u00ed puedes escuchar mi comentario:<a title=\"El Hombre de Acero-La visi\u00f3n mesi\u00e1nica de una estrella del c\u00f3mic como Brian Michael Bendis\" href=\"http:\/\/www.cineylibertad.com\/el-hombre-de-acero-la-vision-mesianica-de-una-estrella-del-comic-como-brian-michael-bendis\/\">El Hombre de Acero-La visi\u00f3n mesi\u00e1nica de una estrella del c\u00f3mic como Brian Michael Bendis<\/a><\/p>\n<p>La editorial ECC\u00a0 nos habla de su c\u00f3mic:<\/p>\n<p>\u00a1<strong>Bendis <\/strong>ya est\u00e1 aqu\u00ed! \u00a1Bienvenidos a una nueva era dorada! Coincidiendo con las celebraciones por el 80 aniversario de la creaci\u00f3n de Superman, el guionista <strong>Brian Michael Bendis<\/strong> (<strong><em>Powers, Torso<\/em><\/strong>) toma las riendas de la franquicia del personaje. \u00a1Y lo hace a lo grande, a trav\u00e9s de una serie que ECC Ediciones recoge \u00edntegramente en esta edici\u00f3n especial limitada, que incluye art\u00edculos explicativos, un espectacular desplegable y un ticket regalo que podr\u00e1s canjear por el relanzamiento de la serie! Todo empieza con el despertar de una antigua amenaza, destinada a destruir a Superman y a su querida ciudad, Metropolis.<\/p>\n<p>Cuando el legendario creador de c\u00f3mics, <strong>Jack Kirby<\/strong> (<em>X-Men, Los Cuatro Fant\u00e1sticos, Hulk<\/em>) dej\u00f3 Marvel Comics en la d\u00e9cada de 1970 para pasarse a la competencia, la noticia cay\u00f3 como una bomba en la industria del c\u00f3mic. En 2017, <strong>Brian Michael Bendis<\/strong>, convertido en uno de los m\u00e1s aclamados guionistas de superh\u00e9roes de todos los tiempos, tom\u00f3 la misma decisi\u00f3n, \u00a1y ha llegado el momento de descubrir sus primeros pasos en DC Comics! <em><strong>El Hombre de Acero<\/strong><\/em> es un punto de enganche ideal para nuevos lectores, que no olvida las se\u00f1as de identidad de la mitolog\u00eda del \u00daltimo Hijo de Krypton. \u00a1Con dibujo de las estrellas <strong>Ivan Reis, Jason Fabok, Evan Shaner, Steve Rude, Ryan Sook, Kevin Maguire <\/strong>y<strong> Adam Hughes<\/strong>! Tambi\u00e9n disponible en formato grapa a partir de noviembre 2018 (comunicado de novedades de diciembre 2018)<\/p>\n<p>Twitter:\u00a0<span class=\"x_DashboardProfileCard-screenname x_u-inlineBlock x_u-dir\"><a class=\"x_DashboardProfileCard-screennameLink x_u-linkComplex x_u-linkClean\" href=\"https:\/\/twitter.com\/cineylibertad\" target=\"_blank\">@<span class=\"x_u-linkComplex-target\">cineylibertad<\/span><\/a><\/span><\/p>\n","protected":false},"excerpt":{"rendered":"<p>\u00a1Lectores y amigos de Cine y Libertad! \u00bfQu\u00e9 tienen que ver en esta historia el padre y el hijo de Superman? Aqu\u00ed puedes escuchar mi comentario:El Hombre de Acero-La visi\u00f3n mesi\u00e1nica de una estrella del c\u00f3mic como Brian Michael Bendis La editorial ECC\u00a0 nos habla de su c\u00f3mic: \u00a1Bendis ya est\u00e1 aqu\u00ed! \u00a1Bienvenidos a una [&hellip;]<\/p>\n","protected":false},"author":7,"featured_media":941,"comment_status":"open","ping_status":"open","sticky":false,"template":"","format":"standard","meta":{"footnotes":""},"categories":[85,3,4,83,8,40],"tags":[],"class_list":["post-940","post","type-post","status-publish","format-standard","has-post-thumbnail","hentry","category-aventuras","category-cine","category-comics","category-familia","category-superheroes","category-superman"],"yoast_head":"<!-- This site is optimized with the Yoast SEO plugin v27.4 - https:\/\/yoast.com\/product\/yoast-seo-wordpress\/ -->\n<title>El Hombre de Acero-La visi\u00f3n mesi\u00e1nica de una estrella del c\u00f3mic como Brian Michael Bendis - Cine y Libertad<\/title>\n<meta name=\"robots\" content=\"index, follow, max-snippet:-1, max-image-preview:large, max-video-preview:-1\" \/>\n<link rel=\"canonical\" href=\"https:\/\/www.cope.es\/blogs\/cine-y-libertad\/2019\/04\/24\/el-hombre-de-acero-la-vision-mesianica-de-una-estrella-del-comic-como-brian-michael-bendis\/\" \/>\n<meta property=\"og:locale\" content=\"es_ES\" \/>\n<meta property=\"og:type\" content=\"article\" \/>\n<meta property=\"og:title\" content=\"El Hombre de Acero-La visi\u00f3n mesi\u00e1nica de una estrella del c\u00f3mic como Brian Michael Bendis - Cine y Libertad\" \/>\n<meta property=\"og:description\" content=\"\u00a1Lectores y amigos de Cine y Libertad! \u00bfQu\u00e9 tienen que ver en esta historia el padre y el hijo de Superman? Aqu\u00ed puedes escuchar mi comentario:El Hombre de Acero-La visi\u00f3n mesi\u00e1nica de una estrella del c\u00f3mic como Brian Michael Bendis La editorial ECC\u00a0 nos habla de su c\u00f3mic: \u00a1Bendis ya est\u00e1 aqu\u00ed! \u00a1Bienvenidos a una [&hellip;]\" \/>\n<meta property=\"og:url\" content=\"https:\/\/www.cope.es\/blogs\/cine-y-libertad\/2019\/04\/24\/el-hombre-de-acero-la-vision-mesianica-de-una-estrella-del-comic-como-brian-michael-bendis\/\" \/>\n<meta property=\"og:site_name\" content=\"Cine y Libertad\" \/>\n<meta property=\"article:publisher\" content=\"https:\/\/www.facebook.com\/cope\/\" \/>\n<meta property=\"article:author\" content=\"https:\/\/www.facebook.com\/victor.alvarado.56829446\" \/>\n<meta property=\"article:published_time\" content=\"2019-04-24T15:04:53+00:00\" \/>\n<meta property=\"og:image\" content=\"https:\/\/www.cope.es\/blogs\/cine-y-libertad\/wp-content\/uploads\/sites\/7\/2019\/04\/superman.jpg\" \/>\n\t<meta property=\"og:image:width\" content=\"156\" \/>\n\t<meta property=\"og:image:height\" content=\"240\" \/>\n\t<meta property=\"og:image:type\" content=\"image\/jpeg\" \/>\n<meta name=\"author\" content=\"V\u00edctor Alvarado\" \/>\n<meta name=\"twitter:card\" content=\"summary_large_image\" \/>\n<meta name=\"twitter:creator\" content=\"@cineylibertad\" \/>\n<meta name=\"twitter:site\" content=\"@cope_es\" \/>\n<meta name=\"twitter:label1\" content=\"Escrito por\" \/>\n\t<meta name=\"twitter:data1\" content=\"V\u00edctor Alvarado\" \/>\n\t<meta name=\"twitter:label2\" content=\"Tiempo de lectura\" \/>\n\t<meta name=\"twitter:data2\" content=\"2 minutos\" \/>\n<script type=\"application\/ld+json\" class=\"yoast-schema-graph\">{\"@context\":\"https:\\\/\\\/schema.org\",\"@graph\":[{\"@type\":\"Article\",\"@id\":\"https:\\\/\\\/www.cope.es\\\/blogs\\\/cine-y-libertad\\\/2019\\\/04\\\/24\\\/el-hombre-de-acero-la-vision-mesianica-de-una-estrella-del-comic-como-brian-michael-bendis\\\/#article\",\"isPartOf\":{\"@id\":\"https:\\\/\\\/www.cope.es\\\/blogs\\\/cine-y-libertad\\\/2019\\\/04\\\/24\\\/el-hombre-de-acero-la-vision-mesianica-de-una-estrella-del-comic-como-brian-michael-bendis\\\/\"},\"author\":{\"name\":\"V\u00edctor Alvarado\",\"@id\":\"https:\\\/\\\/www.cope.es\\\/blogs\\\/cine-y-libertad\\\/#\\\/schema\\\/person\\\/c95904a4fbf751a8d9124f8fa8bdaace\"},\"headline\":\"El Hombre de Acero-La visi\u00f3n mesi\u00e1nica de una estrella del c\u00f3mic como Brian Michael Bendis\",\"datePublished\":\"2019-04-24T15:04:53+00:00\",\"mainEntityOfPage\":{\"@id\":\"https:\\\/\\\/www.cope.es\\\/blogs\\\/cine-y-libertad\\\/2019\\\/04\\\/24\\\/el-hombre-de-acero-la-vision-mesianica-de-una-estrella-del-comic-como-brian-michael-bendis\\\/\"},\"wordCount\":319,\"commentCount\":0,\"image\":{\"@id\":\"https:\\\/\\\/www.cope.es\\\/blogs\\\/cine-y-libertad\\\/2019\\\/04\\\/24\\\/el-hombre-de-acero-la-vision-mesianica-de-una-estrella-del-comic-como-brian-michael-bendis\\\/#primaryimage\"},\"thumbnailUrl\":\"https:\\\/\\\/www.cope.es\\\/blogs\\\/cine-y-libertad\\\/wp-content\\\/uploads\\\/sites\\\/7\\\/2019\\\/04\\\/superman.jpg\",\"articleSection\":[\"aventuras\",\"cine\",\"c\u00f3mics\",\"familia\",\"Superh\u00e9roes\",\"Superman\"],\"inLanguage\":\"es\",\"potentialAction\":[{\"@type\":\"CommentAction\",\"name\":\"Comment\",\"target\":[\"https:\\\/\\\/www.cope.es\\\/blogs\\\/cine-y-libertad\\\/2019\\\/04\\\/24\\\/el-hombre-de-acero-la-vision-mesianica-de-una-estrella-del-comic-como-brian-michael-bendis\\\/#respond\"]}]},{\"@type\":\"WebPage\",\"@id\":\"https:\\\/\\\/www.cope.es\\\/blogs\\\/cine-y-libertad\\\/2019\\\/04\\\/24\\\/el-hombre-de-acero-la-vision-mesianica-de-una-estrella-del-comic-como-brian-michael-bendis\\\/\",\"url\":\"https:\\\/\\\/www.cope.es\\\/blogs\\\/cine-y-libertad\\\/2019\\\/04\\\/24\\\/el-hombre-de-acero-la-vision-mesianica-de-una-estrella-del-comic-como-brian-michael-bendis\\\/\",\"name\":\"El Hombre de Acero-La visi\u00f3n mesi\u00e1nica de una estrella del c\u00f3mic como Brian Michael Bendis - Cine y Libertad\",\"isPartOf\":{\"@id\":\"https:\\\/\\\/www.cope.es\\\/blogs\\\/cine-y-libertad\\\/#website\"},\"primaryImageOfPage\":{\"@id\":\"https:\\\/\\\/www.cope.es\\\/blogs\\\/cine-y-libertad\\\/2019\\\/04\\\/24\\\/el-hombre-de-acero-la-vision-mesianica-de-una-estrella-del-comic-como-brian-michael-bendis\\\/#primaryimage\"},\"image\":{\"@id\":\"https:\\\/\\\/www.cope.es\\\/blogs\\\/cine-y-libertad\\\/2019\\\/04\\\/24\\\/el-hombre-de-acero-la-vision-mesianica-de-una-estrella-del-comic-como-brian-michael-bendis\\\/#primaryimage\"},\"thumbnailUrl\":\"https:\\\/\\\/www.cope.es\\\/blogs\\\/cine-y-libertad\\\/wp-content\\\/uploads\\\/sites\\\/7\\\/2019\\\/04\\\/superman.jpg\",\"datePublished\":\"2019-04-24T15:04:53+00:00\",\"author\":{\"@id\":\"https:\\\/\\\/www.cope.es\\\/blogs\\\/cine-y-libertad\\\/#\\\/schema\\\/person\\\/c95904a4fbf751a8d9124f8fa8bdaace\"},\"breadcrumb\":{\"@id\":\"https:\\\/\\\/www.cope.es\\\/blogs\\\/cine-y-libertad\\\/2019\\\/04\\\/24\\\/el-hombre-de-acero-la-vision-mesianica-de-una-estrella-del-comic-como-brian-michael-bendis\\\/#breadcrumb\"},\"inLanguage\":\"es\",\"potentialAction\":[{\"@type\":\"ReadAction\",\"target\":[\"https:\\\/\\\/www.cope.es\\\/blogs\\\/cine-y-libertad\\\/2019\\\/04\\\/24\\\/el-hombre-de-acero-la-vision-mesianica-de-una-estrella-del-comic-como-brian-michael-bendis\\\/\"]}]},{\"@type\":\"ImageObject\",\"inLanguage\":\"es\",\"@id\":\"https:\\\/\\\/www.cope.es\\\/blogs\\\/cine-y-libertad\\\/2019\\\/04\\\/24\\\/el-hombre-de-acero-la-vision-mesianica-de-una-estrella-del-comic-como-brian-michael-bendis\\\/#primaryimage\",\"url\":\"https:\\\/\\\/www.cope.es\\\/blogs\\\/cine-y-libertad\\\/wp-content\\\/uploads\\\/sites\\\/7\\\/2019\\\/04\\\/superman.jpg\",\"contentUrl\":\"https:\\\/\\\/www.cope.es\\\/blogs\\\/cine-y-libertad\\\/wp-content\\\/uploads\\\/sites\\\/7\\\/2019\\\/04\\\/superman.jpg\",\"width\":156,\"height\":240},{\"@type\":\"BreadcrumbList\",\"@id\":\"https:\\\/\\\/www.cope.es\\\/blogs\\\/cine-y-libertad\\\/2019\\\/04\\\/24\\\/el-hombre-de-acero-la-vision-mesianica-de-una-estrella-del-comic-como-brian-michael-bendis\\\/#breadcrumb\",\"itemListElement\":[{\"@type\":\"ListItem\",\"position\":1,\"name\":\"Portada\",\"item\":\"https:\\\/\\\/www.cope.es\\\/blogs\\\/cine-y-libertad\\\/\"},{\"@type\":\"ListItem\",\"position\":2,\"name\":\"El Hombre de Acero-La visi\u00f3n mesi\u00e1nica de una estrella del c\u00f3mic como Brian Michael Bendis\"}]},{\"@type\":\"WebSite\",\"@id\":\"https:\\\/\\\/www.cope.es\\\/blogs\\\/cine-y-libertad\\\/#website\",\"url\":\"https:\\\/\\\/www.cope.es\\\/blogs\\\/cine-y-libertad\\\/\",\"name\":\"Cine y Libertad\",\"description\":\"Cine y Libertad un blog de COPE\",\"potentialAction\":[{\"@type\":\"SearchAction\",\"target\":{\"@type\":\"EntryPoint\",\"urlTemplate\":\"https:\\\/\\\/www.cope.es\\\/blogs\\\/cine-y-libertad\\\/?s={search_term_string}\"},\"query-input\":{\"@type\":\"PropertyValueSpecification\",\"valueRequired\":true,\"valueName\":\"search_term_string\"}}],\"inLanguage\":\"es\"},{\"@type\":\"Person\",\"@id\":\"https:\\\/\\\/www.cope.es\\\/blogs\\\/cine-y-libertad\\\/#\\\/schema\\\/person\\\/c95904a4fbf751a8d9124f8fa8bdaace\",\"name\":\"V\u00edctor Alvarado\",\"image\":{\"@type\":\"ImageObject\",\"inLanguage\":\"es\",\"@id\":\"https:\\\/\\\/secure.gravatar.com\\\/avatar\\\/db4634ae2001f7f920b8294d926f3e737ada04196e014ebacae29a4848f905f4?s=96&d=mm&r=g\",\"url\":\"https:\\\/\\\/secure.gravatar.com\\\/avatar\\\/db4634ae2001f7f920b8294d926f3e737ada04196e014ebacae29a4848f905f4?s=96&d=mm&r=g\",\"contentUrl\":\"https:\\\/\\\/secure.gravatar.com\\\/avatar\\\/db4634ae2001f7f920b8294d926f3e737ada04196e014ebacae29a4848f905f4?s=96&d=mm&r=g\",\"caption\":\"V\u00edctor Alvarado\"},\"description\":\"V\u00edctor Alvarado tiene una larga experiencia tanto en medios de comunicaci\u00f3n como en educaci\u00f3n. Dirige el programa de radio, Directo a las Estrellas, en Intereconom\u00eda (Castilla y Le\u00f3n) y Informa Radio en toda Espa\u00f1a. Ha colaborado en Radio Inter y Esradio. Cr\u00edtico de cine en Pantalla 90, Diario Ya y P\u00e1ginas Digital. Es miembro del CEC. Es el autor de libro: La fe, la \u00e9tica y los valores de los superh\u00e9roes (PPC). Esta es su web: www.cineylibertad.com y, por supuesto, lleva m\u00e1s de 5 a\u00f1os como bloguero de Cope, donde analiza el cine, los c\u00f3mics y los libros desde una \u00f3ptica antropol\u00f3gica y axiol\u00f3gica, atendiendo a todas las dimensiones del ser humano.\",\"sameAs\":[\"http:\\\/\\\/www.cineylibertad.com\",\"https:\\\/\\\/www.facebook.com\\\/victor.alvarado.56829446\",\"https:\\\/\\\/www.instagram.com\\\/cineylibertad\\\/\",\"https:\\\/\\\/x.com\\\/cineylibertad\"],\"url\":\"https:\\\/\\\/www.cope.es\\\/blogs\\\/cine-y-libertad\\\/author\\\/valvarado\\\/\"}]}<\/script>\n<!-- \/ Yoast SEO plugin. -->","yoast_head_json":{"title":"El Hombre de Acero-La visi\u00f3n mesi\u00e1nica de una estrella del c\u00f3mic como Brian Michael Bendis - Cine y Libertad","robots":{"index":"index","follow":"follow","max-snippet":"max-snippet:-1","max-image-preview":"max-image-preview:large","max-video-preview":"max-video-preview:-1"},"canonical":"https:\/\/www.cope.es\/blogs\/cine-y-libertad\/2019\/04\/24\/el-hombre-de-acero-la-vision-mesianica-de-una-estrella-del-comic-como-brian-michael-bendis\/","og_locale":"es_ES","og_type":"article","og_title":"El Hombre de Acero-La visi\u00f3n mesi\u00e1nica de una estrella del c\u00f3mic como Brian Michael Bendis - Cine y Libertad","og_description":"\u00a1Lectores y amigos de Cine y Libertad! \u00bfQu\u00e9 tienen que ver en esta historia el padre y el hijo de Superman? Aqu\u00ed puedes escuchar mi comentario:El Hombre de Acero-La visi\u00f3n mesi\u00e1nica de una estrella del c\u00f3mic como Brian Michael Bendis La editorial ECC\u00a0 nos habla de su c\u00f3mic: \u00a1Bendis ya est\u00e1 aqu\u00ed! \u00a1Bienvenidos a una [&hellip;]","og_url":"https:\/\/www.cope.es\/blogs\/cine-y-libertad\/2019\/04\/24\/el-hombre-de-acero-la-vision-mesianica-de-una-estrella-del-comic-como-brian-michael-bendis\/","og_site_name":"Cine y Libertad","article_publisher":"https:\/\/www.facebook.com\/cope\/","article_author":"https:\/\/www.facebook.com\/victor.alvarado.56829446","article_published_time":"2019-04-24T15:04:53+00:00","og_image":[{"width":156,"height":240,"url":"https:\/\/www.cope.es\/blogs\/cine-y-libertad\/wp-content\/uploads\/sites\/7\/2019\/04\/superman.jpg","type":"image\/jpeg"}],"author":"V\u00edctor Alvarado","twitter_card":"summary_large_image","twitter_creator":"@cineylibertad","twitter_site":"@cope_es","twitter_misc":{"Escrito por":"V\u00edctor Alvarado","Tiempo de lectura":"2 minutos"},"schema":{"@context":"https:\/\/schema.org","@graph":[{"@type":"Article","@id":"https:\/\/www.cope.es\/blogs\/cine-y-libertad\/2019\/04\/24\/el-hombre-de-acero-la-vision-mesianica-de-una-estrella-del-comic-como-brian-michael-bendis\/#article","isPartOf":{"@id":"https:\/\/www.cope.es\/blogs\/cine-y-libertad\/2019\/04\/24\/el-hombre-de-acero-la-vision-mesianica-de-una-estrella-del-comic-como-brian-michael-bendis\/"},"author":{"name":"V\u00edctor Alvarado","@id":"https:\/\/www.cope.es\/blogs\/cine-y-libertad\/#\/schema\/person\/c95904a4fbf751a8d9124f8fa8bdaace"},"headline":"El Hombre de Acero-La visi\u00f3n mesi\u00e1nica de una estrella del c\u00f3mic como Brian Michael Bendis","datePublished":"2019-04-24T15:04:53+00:00","mainEntityOfPage":{"@id":"https:\/\/www.cope.es\/blogs\/cine-y-libertad\/2019\/04\/24\/el-hombre-de-acero-la-vision-mesianica-de-una-estrella-del-comic-como-brian-michael-bendis\/"},"wordCount":319,"commentCount":0,"image":{"@id":"https:\/\/www.cope.es\/blogs\/cine-y-libertad\/2019\/04\/24\/el-hombre-de-acero-la-vision-mesianica-de-una-estrella-del-comic-como-brian-michael-bendis\/#primaryimage"},"thumbnailUrl":"https:\/\/www.cope.es\/blogs\/cine-y-libertad\/wp-content\/uploads\/sites\/7\/2019\/04\/superman.jpg","articleSection":["aventuras","cine","c\u00f3mics","familia","Superh\u00e9roes","Superman"],"inLanguage":"es","potentialAction":[{"@type":"CommentAction","name":"Comment","target":["https:\/\/www.cope.es\/blogs\/cine-y-libertad\/2019\/04\/24\/el-hombre-de-acero-la-vision-mesianica-de-una-estrella-del-comic-como-brian-michael-bendis\/#respond"]}]},{"@type":"WebPage","@id":"https:\/\/www.cope.es\/blogs\/cine-y-libertad\/2019\/04\/24\/el-hombre-de-acero-la-vision-mesianica-de-una-estrella-del-comic-como-brian-michael-bendis\/","url":"https:\/\/www.cope.es\/blogs\/cine-y-libertad\/2019\/04\/24\/el-hombre-de-acero-la-vision-mesianica-de-una-estrella-del-comic-como-brian-michael-bendis\/","name":"El Hombre de Acero-La visi\u00f3n mesi\u00e1nica de una estrella del c\u00f3mic como Brian Michael Bendis - Cine y Libertad","isPartOf":{"@id":"https:\/\/www.cope.es\/blogs\/cine-y-libertad\/#website"},"primaryImageOfPage":{"@id":"https:\/\/www.cope.es\/blogs\/cine-y-libertad\/2019\/04\/24\/el-hombre-de-acero-la-vision-mesianica-de-una-estrella-del-comic-como-brian-michael-bendis\/#primaryimage"},"image":{"@id":"https:\/\/www.cope.es\/blogs\/cine-y-libertad\/2019\/04\/24\/el-hombre-de-acero-la-vision-mesianica-de-una-estrella-del-comic-como-brian-michael-bendis\/#primaryimage"},"thumbnailUrl":"https:\/\/www.cope.es\/blogs\/cine-y-libertad\/wp-content\/uploads\/sites\/7\/2019\/04\/superman.jpg","datePublished":"2019-04-24T15:04:53+00:00","author":{"@id":"https:\/\/www.cope.es\/blogs\/cine-y-libertad\/#\/schema\/person\/c95904a4fbf751a8d9124f8fa8bdaace"},"breadcrumb":{"@id":"https:\/\/www.cope.es\/blogs\/cine-y-libertad\/2019\/04\/24\/el-hombre-de-acero-la-vision-mesianica-de-una-estrella-del-comic-como-brian-michael-bendis\/#breadcrumb"},"inLanguage":"es","potentialAction":[{"@type":"ReadAction","target":["https:\/\/www.cope.es\/blogs\/cine-y-libertad\/2019\/04\/24\/el-hombre-de-acero-la-vision-mesianica-de-una-estrella-del-comic-como-brian-michael-bendis\/"]}]},{"@type":"ImageObject","inLanguage":"es","@id":"https:\/\/www.cope.es\/blogs\/cine-y-libertad\/2019\/04\/24\/el-hombre-de-acero-la-vision-mesianica-de-una-estrella-del-comic-como-brian-michael-bendis\/#primaryimage","url":"https:\/\/www.cope.es\/blogs\/cine-y-libertad\/wp-content\/uploads\/sites\/7\/2019\/04\/superman.jpg","contentUrl":"https:\/\/www.cope.es\/blogs\/cine-y-libertad\/wp-content\/uploads\/sites\/7\/2019\/04\/superman.jpg","width":156,"height":240},{"@type":"BreadcrumbList","@id":"https:\/\/www.cope.es\/blogs\/cine-y-libertad\/2019\/04\/24\/el-hombre-de-acero-la-vision-mesianica-de-una-estrella-del-comic-como-brian-michael-bendis\/#breadcrumb","itemListElement":[{"@type":"ListItem","position":1,"name":"Portada","item":"https:\/\/www.cope.es\/blogs\/cine-y-libertad\/"},{"@type":"ListItem","position":2,"name":"El Hombre de Acero-La visi\u00f3n mesi\u00e1nica de una estrella del c\u00f3mic como Brian Michael Bendis"}]},{"@type":"WebSite","@id":"https:\/\/www.cope.es\/blogs\/cine-y-libertad\/#website","url":"https:\/\/www.cope.es\/blogs\/cine-y-libertad\/","name":"Cine y Libertad","description":"Cine y Libertad un blog de COPE","potentialAction":[{"@type":"SearchAction","target":{"@type":"EntryPoint","urlTemplate":"https:\/\/www.cope.es\/blogs\/cine-y-libertad\/?s={search_term_string}"},"query-input":{"@type":"PropertyValueSpecification","valueRequired":true,"valueName":"search_term_string"}}],"inLanguage":"es"},{"@type":"Person","@id":"https:\/\/www.cope.es\/blogs\/cine-y-libertad\/#\/schema\/person\/c95904a4fbf751a8d9124f8fa8bdaace","name":"V\u00edctor Alvarado","image":{"@type":"ImageObject","inLanguage":"es","@id":"https:\/\/secure.gravatar.com\/avatar\/db4634ae2001f7f920b8294d926f3e737ada04196e014ebacae29a4848f905f4?s=96&d=mm&r=g","url":"https:\/\/secure.gravatar.com\/avatar\/db4634ae2001f7f920b8294d926f3e737ada04196e014ebacae29a4848f905f4?s=96&d=mm&r=g","contentUrl":"https:\/\/secure.gravatar.com\/avatar\/db4634ae2001f7f920b8294d926f3e737ada04196e014ebacae29a4848f905f4?s=96&d=mm&r=g","caption":"V\u00edctor Alvarado"},"description":"V\u00edctor Alvarado tiene una larga experiencia tanto en medios de comunicaci\u00f3n como en educaci\u00f3n. Dirige el programa de radio, Directo a las Estrellas, en Intereconom\u00eda (Castilla y Le\u00f3n) y Informa Radio en toda Espa\u00f1a. Ha colaborado en Radio Inter y Esradio. Cr\u00edtico de cine en Pantalla 90, Diario Ya y P\u00e1ginas Digital. Es miembro del CEC. Es el autor de libro: La fe, la \u00e9tica y los valores de los superh\u00e9roes (PPC). Esta es su web: www.cineylibertad.com y, por supuesto, lleva m\u00e1s de 5 a\u00f1os como bloguero de Cope, donde analiza el cine, los c\u00f3mics y los libros desde una \u00f3ptica antropol\u00f3gica y axiol\u00f3gica, atendiendo a todas las dimensiones del ser humano.","sameAs":["http:\/\/www.cineylibertad.com","https:\/\/www.facebook.com\/victor.alvarado.56829446","https:\/\/www.instagram.com\/cineylibertad\/","https:\/\/x.com\/cineylibertad"],"url":"https:\/\/www.cope.es\/blogs\/cine-y-libertad\/author\/valvarado\/"}]}},"amp_enabled":true,"_links":{"self":[{"href":"https:\/\/www.cope.es\/blogs\/cine-y-libertad\/wp-json\/wp\/v2\/posts\/940","targetHints":{"allow":["GET"]}}],"collection":[{"href":"https:\/\/www.cope.es\/blogs\/cine-y-libertad\/wp-json\/wp\/v2\/posts"}],"about":[{"href":"https:\/\/www.cope.es\/blogs\/cine-y-libertad\/wp-json\/wp\/v2\/types\/post"}],"author":[{"embeddable":true,"href":"https:\/\/www.cope.es\/blogs\/cine-y-libertad\/wp-json\/wp\/v2\/users\/7"}],"replies":[{"embeddable":true,"href":"https:\/\/www.cope.es\/blogs\/cine-y-libertad\/wp-json\/wp\/v2\/comments?post=940"}],"version-history":[{"count":1,"href":"https:\/\/www.cope.es\/blogs\/cine-y-libertad\/wp-json\/wp\/v2\/posts\/940\/revisions"}],"predecessor-version":[{"id":942,"href":"https:\/\/www.cope.es\/blogs\/cine-y-libertad\/wp-json\/wp\/v2\/posts\/940\/revisions\/942"}],"wp:featuredmedia":[{"embeddable":true,"href":"https:\/\/www.cope.es\/blogs\/cine-y-libertad\/wp-json\/wp\/v2\/media\/941"}],"wp:attachment":[{"href":"https:\/\/www.cope.es\/blogs\/cine-y-libertad\/wp-json\/wp\/v2\/media?parent=940"}],"wp:term":[{"taxonomy":"category","embeddable":true,"href":"https:\/\/www.cope.es\/blogs\/cine-y-libertad\/wp-json\/wp\/v2\/categories?post=940"},{"taxonomy":"post_tag","embeddable":true,"href":"https:\/\/www.cope.es\/blogs\/cine-y-libertad\/wp-json\/wp\/v2\/tags?post=940"}],"curies":[{"name":"wp","href":"https:\/\/api.w.org\/{rel}","templated":true}]}}