{"id":893,"date":"2019-03-27T10:34:37","date_gmt":"2019-03-27T09:34:37","guid":{"rendered":"http:\/\/www.cope.es\/blogs\/cine-y-libertad\/?p=893"},"modified":"2019-03-27T10:35:05","modified_gmt":"2019-03-27T09:35:05","slug":"imperiofobia-y-leyenda-negra-elvira-roca-responde-a-lopez-obrado","status":"publish","type":"post","link":"https:\/\/www.cope.es\/blogs\/cine-y-libertad\/2019\/03\/27\/imperiofobia-y-leyenda-negra-elvira-roca-responde-a-lopez-obrado\/","title":{"rendered":"Imperiofobia y leyenda negra-Elvira Roca responde a L\u00f3pez Obrador"},"content":{"rendered":"<p><img loading=\"lazy\" decoding=\"async\" width=\"200\" height=\"300\" class=\"alignnone size-medium wp-image-894\" src=\"http:\/\/www.cope.es\/blogs\/cine-y-libertad\/wp-content\/uploads\/sites\/7\/2019\/03\/impe-200x300.jpg\" alt=\"\" srcset=\"https:\/\/www.cope.es\/blogs\/cine-y-libertad\/wp-content\/uploads\/sites\/7\/2019\/03\/impe-200x300.jpg 200w, https:\/\/www.cope.es\/blogs\/cine-y-libertad\/wp-content\/uploads\/sites\/7\/2019\/03\/impe.jpg 332w\" sizes=\"auto, (max-width: 200px) 100vw, 200px\" \/><\/p>\n<p>No puedes perderte la entrevista que hicimos a M\u00aa Elvira Roca. Aqu\u00ed puedes escucharla:<a title=\"Imperiofobia y leyenda negra-Elvira Roca responde a L\u00f3pez Obrador\" href=\"http:\/\/www.cineylibertad.com\/imperiofobia-y-leyenda-negra-elvira-roca-responde-a-lopez-obrador\/\">Imperiofobia y leyenda negra-Elvira Roca responde a L\u00f3pez Obrador<\/a><\/p>\n<p>La editorial Siruela nos habla de su libro:<\/p>\n<div class=\"boxTexto\">\n<div class=\"descripcion\">\n<p>Mar\u00eda Elvira Roca Barea acomete con rigor en este volumen la cuesti\u00f3n de delimitar las ideas de imperio, leyenda negra e imperiofobia. De esta manera podemos entender qu\u00e9 tienen en com\u00fan los imperios y las leyendas negras que irremediablemente van unidas a ellos, c\u00f3mo surgen creadas por intelectuales ligados a poderes locales y c\u00f3mo los mismos imperios la asumen. El orgullo, la hybris, la envidia no son ajenos a la din\u00e1mica imperial. La autora se ocupa de la imperiofobia en los casos de Roma, los Estados Unidos y Rusia para analizar con m\u00e1s profundidad y mejor perspectiva el Imperio espa\u00f1ol. El lector descubrir\u00e1 c\u00f3mo el relato actual de la historia de Espa\u00f1a y de Europa se sustenta en ideas basadas m\u00e1s en sentimientos nacidos de la propaganda que en hechos reales.La primera manifestaci\u00f3n de hispanofobia en Italia surgi\u00f3 vinculada al desarrollo del humanismo, lo que dio a la leyenda negra un lustre intelectual del que todav\u00eda goza. M\u00e1s tarde, la hispanofobia se convirti\u00f3 en el eje central del nacionalismo luterano y de otras tendencias centr\u00edfugas que se manifestaron en los Pa\u00edses Bajos e Inglaterra. Roca Barea investiga las causas de la perdurabilidad de la hispanofobia, que, como ha probado su uso consciente y deliberado en la crisis de deuda, sigue resultando rentable a m\u00e1s de un pa\u00eds.<\/p>\n<\/div>\n<p>Twitter:\u00a0<span class=\"x_DashboardProfileCard-screenname x_u-inlineBlock x_u-dir\"><a class=\"x_DashboardProfileCard-screennameLink x_u-linkComplex x_u-linkClean\" href=\"https:\/\/twitter.com\/cineylibertad\" target=\"_blank\">@<span class=\"x_u-linkComplex-target\">cineylibertad<\/span><\/a><\/span><\/p>\n<\/div>\n","protected":false},"excerpt":{"rendered":"<p>No puedes perderte la entrevista que hicimos a M\u00aa Elvira Roca. Aqu\u00ed puedes escucharla:Imperiofobia y leyenda negra-Elvira Roca responde a L\u00f3pez Obrador La editorial Siruela nos habla de su libro: Mar\u00eda Elvira Roca Barea acomete con rigor en este volumen la cuesti\u00f3n de delimitar las ideas de imperio, leyenda negra e imperiofobia. De esta manera [&hellip;]<\/p>\n","protected":false},"author":7,"featured_media":894,"comment_status":"open","ping_status":"open","sticky":false,"template":"","format":"standard","meta":{"footnotes":""},"categories":[3,22],"tags":[],"class_list":["post-893","post","type-post","status-publish","format-standard","has-post-thumbnail","hentry","category-cine","category-historia"],"yoast_head":"<!-- This site is optimized with the Yoast SEO plugin v27.4 - https:\/\/yoast.com\/product\/yoast-seo-wordpress\/ -->\n<title>Imperiofobia y leyenda negra-Elvira Roca responde a L\u00f3pez Obrador - Cine y Libertad<\/title>\n<meta name=\"robots\" content=\"index, follow, max-snippet:-1, max-image-preview:large, max-video-preview:-1\" \/>\n<link rel=\"canonical\" href=\"https:\/\/www.cope.es\/blogs\/cine-y-libertad\/2019\/03\/27\/imperiofobia-y-leyenda-negra-elvira-roca-responde-a-lopez-obrado\/\" \/>\n<meta property=\"og:locale\" content=\"es_ES\" \/>\n<meta property=\"og:type\" content=\"article\" \/>\n<meta property=\"og:title\" content=\"Imperiofobia y leyenda negra-Elvira Roca responde a L\u00f3pez Obrador - Cine y Libertad\" \/>\n<meta property=\"og:description\" content=\"No puedes perderte la entrevista que hicimos a M\u00aa Elvira Roca. Aqu\u00ed puedes escucharla:Imperiofobia y leyenda negra-Elvira Roca responde a L\u00f3pez Obrador La editorial Siruela nos habla de su libro: Mar\u00eda Elvira Roca Barea acomete con rigor en este volumen la cuesti\u00f3n de delimitar las ideas de imperio, leyenda negra e imperiofobia. De esta manera [&hellip;]\" \/>\n<meta property=\"og:url\" content=\"https:\/\/www.cope.es\/blogs\/cine-y-libertad\/2019\/03\/27\/imperiofobia-y-leyenda-negra-elvira-roca-responde-a-lopez-obrado\/\" \/>\n<meta property=\"og:site_name\" content=\"Cine y Libertad\" \/>\n<meta property=\"article:publisher\" content=\"https:\/\/www.facebook.com\/cope\/\" \/>\n<meta property=\"article:author\" content=\"https:\/\/www.facebook.com\/victor.alvarado.56829446\" \/>\n<meta property=\"article:published_time\" content=\"2019-03-27T09:34:37+00:00\" \/>\n<meta property=\"article:modified_time\" content=\"2019-03-27T09:35:05+00:00\" \/>\n<meta property=\"og:image\" content=\"https:\/\/www.cope.es\/blogs\/cine-y-libertad\/wp-content\/uploads\/sites\/7\/2019\/03\/impe.jpg\" \/>\n\t<meta property=\"og:image:width\" content=\"332\" \/>\n\t<meta property=\"og:image:height\" content=\"499\" \/>\n\t<meta property=\"og:image:type\" content=\"image\/jpeg\" \/>\n<meta name=\"author\" content=\"V\u00edctor Alvarado\" \/>\n<meta name=\"twitter:card\" content=\"summary_large_image\" \/>\n<meta name=\"twitter:creator\" content=\"@cineylibertad\" \/>\n<meta name=\"twitter:site\" content=\"@cope_es\" \/>\n<meta name=\"twitter:label1\" content=\"Escrito por\" \/>\n\t<meta name=\"twitter:data1\" content=\"V\u00edctor Alvarado\" \/>\n\t<meta name=\"twitter:label2\" content=\"Tiempo de lectura\" \/>\n\t<meta name=\"twitter:data2\" content=\"1 minuto\" \/>\n<script type=\"application\/ld+json\" class=\"yoast-schema-graph\">{\"@context\":\"https:\\\/\\\/schema.org\",\"@graph\":[{\"@type\":\"Article\",\"@id\":\"https:\\\/\\\/www.cope.es\\\/blogs\\\/cine-y-libertad\\\/2019\\\/03\\\/27\\\/imperiofobia-y-leyenda-negra-elvira-roca-responde-a-lopez-obrado\\\/#article\",\"isPartOf\":{\"@id\":\"https:\\\/\\\/www.cope.es\\\/blogs\\\/cine-y-libertad\\\/2019\\\/03\\\/27\\\/imperiofobia-y-leyenda-negra-elvira-roca-responde-a-lopez-obrado\\\/\"},\"author\":{\"name\":\"V\u00edctor Alvarado\",\"@id\":\"https:\\\/\\\/www.cope.es\\\/blogs\\\/cine-y-libertad\\\/#\\\/schema\\\/person\\\/c95904a4fbf751a8d9124f8fa8bdaace\"},\"headline\":\"Imperiofobia y leyenda negra-Elvira Roca responde a L\u00f3pez Obrador\",\"datePublished\":\"2019-03-27T09:34:37+00:00\",\"dateModified\":\"2019-03-27T09:35:05+00:00\",\"mainEntityOfPage\":{\"@id\":\"https:\\\/\\\/www.cope.es\\\/blogs\\\/cine-y-libertad\\\/2019\\\/03\\\/27\\\/imperiofobia-y-leyenda-negra-elvira-roca-responde-a-lopez-obrado\\\/\"},\"wordCount\":280,\"commentCount\":0,\"image\":{\"@id\":\"https:\\\/\\\/www.cope.es\\\/blogs\\\/cine-y-libertad\\\/2019\\\/03\\\/27\\\/imperiofobia-y-leyenda-negra-elvira-roca-responde-a-lopez-obrado\\\/#primaryimage\"},\"thumbnailUrl\":\"https:\\\/\\\/www.cope.es\\\/blogs\\\/cine-y-libertad\\\/wp-content\\\/uploads\\\/sites\\\/7\\\/2019\\\/03\\\/impe.jpg\",\"articleSection\":[\"cine\",\"historia\"],\"inLanguage\":\"es\",\"potentialAction\":[{\"@type\":\"CommentAction\",\"name\":\"Comment\",\"target\":[\"https:\\\/\\\/www.cope.es\\\/blogs\\\/cine-y-libertad\\\/2019\\\/03\\\/27\\\/imperiofobia-y-leyenda-negra-elvira-roca-responde-a-lopez-obrado\\\/#respond\"]}]},{\"@type\":\"WebPage\",\"@id\":\"https:\\\/\\\/www.cope.es\\\/blogs\\\/cine-y-libertad\\\/2019\\\/03\\\/27\\\/imperiofobia-y-leyenda-negra-elvira-roca-responde-a-lopez-obrado\\\/\",\"url\":\"https:\\\/\\\/www.cope.es\\\/blogs\\\/cine-y-libertad\\\/2019\\\/03\\\/27\\\/imperiofobia-y-leyenda-negra-elvira-roca-responde-a-lopez-obrado\\\/\",\"name\":\"Imperiofobia y leyenda negra-Elvira Roca responde a L\u00f3pez Obrador - Cine y Libertad\",\"isPartOf\":{\"@id\":\"https:\\\/\\\/www.cope.es\\\/blogs\\\/cine-y-libertad\\\/#website\"},\"primaryImageOfPage\":{\"@id\":\"https:\\\/\\\/www.cope.es\\\/blogs\\\/cine-y-libertad\\\/2019\\\/03\\\/27\\\/imperiofobia-y-leyenda-negra-elvira-roca-responde-a-lopez-obrado\\\/#primaryimage\"},\"image\":{\"@id\":\"https:\\\/\\\/www.cope.es\\\/blogs\\\/cine-y-libertad\\\/2019\\\/03\\\/27\\\/imperiofobia-y-leyenda-negra-elvira-roca-responde-a-lopez-obrado\\\/#primaryimage\"},\"thumbnailUrl\":\"https:\\\/\\\/www.cope.es\\\/blogs\\\/cine-y-libertad\\\/wp-content\\\/uploads\\\/sites\\\/7\\\/2019\\\/03\\\/impe.jpg\",\"datePublished\":\"2019-03-27T09:34:37+00:00\",\"dateModified\":\"2019-03-27T09:35:05+00:00\",\"author\":{\"@id\":\"https:\\\/\\\/www.cope.es\\\/blogs\\\/cine-y-libertad\\\/#\\\/schema\\\/person\\\/c95904a4fbf751a8d9124f8fa8bdaace\"},\"breadcrumb\":{\"@id\":\"https:\\\/\\\/www.cope.es\\\/blogs\\\/cine-y-libertad\\\/2019\\\/03\\\/27\\\/imperiofobia-y-leyenda-negra-elvira-roca-responde-a-lopez-obrado\\\/#breadcrumb\"},\"inLanguage\":\"es\",\"potentialAction\":[{\"@type\":\"ReadAction\",\"target\":[\"https:\\\/\\\/www.cope.es\\\/blogs\\\/cine-y-libertad\\\/2019\\\/03\\\/27\\\/imperiofobia-y-leyenda-negra-elvira-roca-responde-a-lopez-obrado\\\/\"]}]},{\"@type\":\"ImageObject\",\"inLanguage\":\"es\",\"@id\":\"https:\\\/\\\/www.cope.es\\\/blogs\\\/cine-y-libertad\\\/2019\\\/03\\\/27\\\/imperiofobia-y-leyenda-negra-elvira-roca-responde-a-lopez-obrado\\\/#primaryimage\",\"url\":\"https:\\\/\\\/www.cope.es\\\/blogs\\\/cine-y-libertad\\\/wp-content\\\/uploads\\\/sites\\\/7\\\/2019\\\/03\\\/impe.jpg\",\"contentUrl\":\"https:\\\/\\\/www.cope.es\\\/blogs\\\/cine-y-libertad\\\/wp-content\\\/uploads\\\/sites\\\/7\\\/2019\\\/03\\\/impe.jpg\",\"width\":332,\"height\":499},{\"@type\":\"BreadcrumbList\",\"@id\":\"https:\\\/\\\/www.cope.es\\\/blogs\\\/cine-y-libertad\\\/2019\\\/03\\\/27\\\/imperiofobia-y-leyenda-negra-elvira-roca-responde-a-lopez-obrado\\\/#breadcrumb\",\"itemListElement\":[{\"@type\":\"ListItem\",\"position\":1,\"name\":\"Portada\",\"item\":\"https:\\\/\\\/www.cope.es\\\/blogs\\\/cine-y-libertad\\\/\"},{\"@type\":\"ListItem\",\"position\":2,\"name\":\"Imperiofobia y leyenda negra-Elvira Roca responde a L\u00f3pez Obrador\"}]},{\"@type\":\"WebSite\",\"@id\":\"https:\\\/\\\/www.cope.es\\\/blogs\\\/cine-y-libertad\\\/#website\",\"url\":\"https:\\\/\\\/www.cope.es\\\/blogs\\\/cine-y-libertad\\\/\",\"name\":\"Cine y Libertad\",\"description\":\"Cine y Libertad un blog de COPE\",\"potentialAction\":[{\"@type\":\"SearchAction\",\"target\":{\"@type\":\"EntryPoint\",\"urlTemplate\":\"https:\\\/\\\/www.cope.es\\\/blogs\\\/cine-y-libertad\\\/?s={search_term_string}\"},\"query-input\":{\"@type\":\"PropertyValueSpecification\",\"valueRequired\":true,\"valueName\":\"search_term_string\"}}],\"inLanguage\":\"es\"},{\"@type\":\"Person\",\"@id\":\"https:\\\/\\\/www.cope.es\\\/blogs\\\/cine-y-libertad\\\/#\\\/schema\\\/person\\\/c95904a4fbf751a8d9124f8fa8bdaace\",\"name\":\"V\u00edctor Alvarado\",\"image\":{\"@type\":\"ImageObject\",\"inLanguage\":\"es\",\"@id\":\"https:\\\/\\\/secure.gravatar.com\\\/avatar\\\/db4634ae2001f7f920b8294d926f3e737ada04196e014ebacae29a4848f905f4?s=96&d=mm&r=g\",\"url\":\"https:\\\/\\\/secure.gravatar.com\\\/avatar\\\/db4634ae2001f7f920b8294d926f3e737ada04196e014ebacae29a4848f905f4?s=96&d=mm&r=g\",\"contentUrl\":\"https:\\\/\\\/secure.gravatar.com\\\/avatar\\\/db4634ae2001f7f920b8294d926f3e737ada04196e014ebacae29a4848f905f4?s=96&d=mm&r=g\",\"caption\":\"V\u00edctor Alvarado\"},\"description\":\"V\u00edctor Alvarado tiene una larga experiencia tanto en medios de comunicaci\u00f3n como en educaci\u00f3n. Dirige el programa de radio, Directo a las Estrellas, en Intereconom\u00eda (Castilla y Le\u00f3n) y Informa Radio en toda Espa\u00f1a. Ha colaborado en Radio Inter y Esradio. Cr\u00edtico de cine en Pantalla 90, Diario Ya y P\u00e1ginas Digital. Es miembro del CEC. Es el autor de libro: La fe, la \u00e9tica y los valores de los superh\u00e9roes (PPC). Esta es su web: www.cineylibertad.com y, por supuesto, lleva m\u00e1s de 5 a\u00f1os como bloguero de Cope, donde analiza el cine, los c\u00f3mics y los libros desde una \u00f3ptica antropol\u00f3gica y axiol\u00f3gica, atendiendo a todas las dimensiones del ser humano.\",\"sameAs\":[\"http:\\\/\\\/www.cineylibertad.com\",\"https:\\\/\\\/www.facebook.com\\\/victor.alvarado.56829446\",\"https:\\\/\\\/www.instagram.com\\\/cineylibertad\\\/\",\"https:\\\/\\\/x.com\\\/cineylibertad\"],\"url\":\"https:\\\/\\\/www.cope.es\\\/blogs\\\/cine-y-libertad\\\/author\\\/valvarado\\\/\"}]}<\/script>\n<!-- \/ Yoast SEO plugin. -->","yoast_head_json":{"title":"Imperiofobia y leyenda negra-Elvira Roca responde a L\u00f3pez Obrador - Cine y Libertad","robots":{"index":"index","follow":"follow","max-snippet":"max-snippet:-1","max-image-preview":"max-image-preview:large","max-video-preview":"max-video-preview:-1"},"canonical":"https:\/\/www.cope.es\/blogs\/cine-y-libertad\/2019\/03\/27\/imperiofobia-y-leyenda-negra-elvira-roca-responde-a-lopez-obrado\/","og_locale":"es_ES","og_type":"article","og_title":"Imperiofobia y leyenda negra-Elvira Roca responde a L\u00f3pez Obrador - Cine y Libertad","og_description":"No puedes perderte la entrevista que hicimos a M\u00aa Elvira Roca. Aqu\u00ed puedes escucharla:Imperiofobia y leyenda negra-Elvira Roca responde a L\u00f3pez Obrador La editorial Siruela nos habla de su libro: Mar\u00eda Elvira Roca Barea acomete con rigor en este volumen la cuesti\u00f3n de delimitar las ideas de imperio, leyenda negra e imperiofobia. De esta manera [&hellip;]","og_url":"https:\/\/www.cope.es\/blogs\/cine-y-libertad\/2019\/03\/27\/imperiofobia-y-leyenda-negra-elvira-roca-responde-a-lopez-obrado\/","og_site_name":"Cine y Libertad","article_publisher":"https:\/\/www.facebook.com\/cope\/","article_author":"https:\/\/www.facebook.com\/victor.alvarado.56829446","article_published_time":"2019-03-27T09:34:37+00:00","article_modified_time":"2019-03-27T09:35:05+00:00","og_image":[{"width":332,"height":499,"url":"https:\/\/www.cope.es\/blogs\/cine-y-libertad\/wp-content\/uploads\/sites\/7\/2019\/03\/impe.jpg","type":"image\/jpeg"}],"author":"V\u00edctor Alvarado","twitter_card":"summary_large_image","twitter_creator":"@cineylibertad","twitter_site":"@cope_es","twitter_misc":{"Escrito por":"V\u00edctor Alvarado","Tiempo de lectura":"1 minuto"},"schema":{"@context":"https:\/\/schema.org","@graph":[{"@type":"Article","@id":"https:\/\/www.cope.es\/blogs\/cine-y-libertad\/2019\/03\/27\/imperiofobia-y-leyenda-negra-elvira-roca-responde-a-lopez-obrado\/#article","isPartOf":{"@id":"https:\/\/www.cope.es\/blogs\/cine-y-libertad\/2019\/03\/27\/imperiofobia-y-leyenda-negra-elvira-roca-responde-a-lopez-obrado\/"},"author":{"name":"V\u00edctor Alvarado","@id":"https:\/\/www.cope.es\/blogs\/cine-y-libertad\/#\/schema\/person\/c95904a4fbf751a8d9124f8fa8bdaace"},"headline":"Imperiofobia y leyenda negra-Elvira Roca responde a L\u00f3pez Obrador","datePublished":"2019-03-27T09:34:37+00:00","dateModified":"2019-03-27T09:35:05+00:00","mainEntityOfPage":{"@id":"https:\/\/www.cope.es\/blogs\/cine-y-libertad\/2019\/03\/27\/imperiofobia-y-leyenda-negra-elvira-roca-responde-a-lopez-obrado\/"},"wordCount":280,"commentCount":0,"image":{"@id":"https:\/\/www.cope.es\/blogs\/cine-y-libertad\/2019\/03\/27\/imperiofobia-y-leyenda-negra-elvira-roca-responde-a-lopez-obrado\/#primaryimage"},"thumbnailUrl":"https:\/\/www.cope.es\/blogs\/cine-y-libertad\/wp-content\/uploads\/sites\/7\/2019\/03\/impe.jpg","articleSection":["cine","historia"],"inLanguage":"es","potentialAction":[{"@type":"CommentAction","name":"Comment","target":["https:\/\/www.cope.es\/blogs\/cine-y-libertad\/2019\/03\/27\/imperiofobia-y-leyenda-negra-elvira-roca-responde-a-lopez-obrado\/#respond"]}]},{"@type":"WebPage","@id":"https:\/\/www.cope.es\/blogs\/cine-y-libertad\/2019\/03\/27\/imperiofobia-y-leyenda-negra-elvira-roca-responde-a-lopez-obrado\/","url":"https:\/\/www.cope.es\/blogs\/cine-y-libertad\/2019\/03\/27\/imperiofobia-y-leyenda-negra-elvira-roca-responde-a-lopez-obrado\/","name":"Imperiofobia y leyenda negra-Elvira Roca responde a L\u00f3pez Obrador - Cine y Libertad","isPartOf":{"@id":"https:\/\/www.cope.es\/blogs\/cine-y-libertad\/#website"},"primaryImageOfPage":{"@id":"https:\/\/www.cope.es\/blogs\/cine-y-libertad\/2019\/03\/27\/imperiofobia-y-leyenda-negra-elvira-roca-responde-a-lopez-obrado\/#primaryimage"},"image":{"@id":"https:\/\/www.cope.es\/blogs\/cine-y-libertad\/2019\/03\/27\/imperiofobia-y-leyenda-negra-elvira-roca-responde-a-lopez-obrado\/#primaryimage"},"thumbnailUrl":"https:\/\/www.cope.es\/blogs\/cine-y-libertad\/wp-content\/uploads\/sites\/7\/2019\/03\/impe.jpg","datePublished":"2019-03-27T09:34:37+00:00","dateModified":"2019-03-27T09:35:05+00:00","author":{"@id":"https:\/\/www.cope.es\/blogs\/cine-y-libertad\/#\/schema\/person\/c95904a4fbf751a8d9124f8fa8bdaace"},"breadcrumb":{"@id":"https:\/\/www.cope.es\/blogs\/cine-y-libertad\/2019\/03\/27\/imperiofobia-y-leyenda-negra-elvira-roca-responde-a-lopez-obrado\/#breadcrumb"},"inLanguage":"es","potentialAction":[{"@type":"ReadAction","target":["https:\/\/www.cope.es\/blogs\/cine-y-libertad\/2019\/03\/27\/imperiofobia-y-leyenda-negra-elvira-roca-responde-a-lopez-obrado\/"]}]},{"@type":"ImageObject","inLanguage":"es","@id":"https:\/\/www.cope.es\/blogs\/cine-y-libertad\/2019\/03\/27\/imperiofobia-y-leyenda-negra-elvira-roca-responde-a-lopez-obrado\/#primaryimage","url":"https:\/\/www.cope.es\/blogs\/cine-y-libertad\/wp-content\/uploads\/sites\/7\/2019\/03\/impe.jpg","contentUrl":"https:\/\/www.cope.es\/blogs\/cine-y-libertad\/wp-content\/uploads\/sites\/7\/2019\/03\/impe.jpg","width":332,"height":499},{"@type":"BreadcrumbList","@id":"https:\/\/www.cope.es\/blogs\/cine-y-libertad\/2019\/03\/27\/imperiofobia-y-leyenda-negra-elvira-roca-responde-a-lopez-obrado\/#breadcrumb","itemListElement":[{"@type":"ListItem","position":1,"name":"Portada","item":"https:\/\/www.cope.es\/blogs\/cine-y-libertad\/"},{"@type":"ListItem","position":2,"name":"Imperiofobia y leyenda negra-Elvira Roca responde a L\u00f3pez Obrador"}]},{"@type":"WebSite","@id":"https:\/\/www.cope.es\/blogs\/cine-y-libertad\/#website","url":"https:\/\/www.cope.es\/blogs\/cine-y-libertad\/","name":"Cine y Libertad","description":"Cine y Libertad un blog de COPE","potentialAction":[{"@type":"SearchAction","target":{"@type":"EntryPoint","urlTemplate":"https:\/\/www.cope.es\/blogs\/cine-y-libertad\/?s={search_term_string}"},"query-input":{"@type":"PropertyValueSpecification","valueRequired":true,"valueName":"search_term_string"}}],"inLanguage":"es"},{"@type":"Person","@id":"https:\/\/www.cope.es\/blogs\/cine-y-libertad\/#\/schema\/person\/c95904a4fbf751a8d9124f8fa8bdaace","name":"V\u00edctor Alvarado","image":{"@type":"ImageObject","inLanguage":"es","@id":"https:\/\/secure.gravatar.com\/avatar\/db4634ae2001f7f920b8294d926f3e737ada04196e014ebacae29a4848f905f4?s=96&d=mm&r=g","url":"https:\/\/secure.gravatar.com\/avatar\/db4634ae2001f7f920b8294d926f3e737ada04196e014ebacae29a4848f905f4?s=96&d=mm&r=g","contentUrl":"https:\/\/secure.gravatar.com\/avatar\/db4634ae2001f7f920b8294d926f3e737ada04196e014ebacae29a4848f905f4?s=96&d=mm&r=g","caption":"V\u00edctor Alvarado"},"description":"V\u00edctor Alvarado tiene una larga experiencia tanto en medios de comunicaci\u00f3n como en educaci\u00f3n. Dirige el programa de radio, Directo a las Estrellas, en Intereconom\u00eda (Castilla y Le\u00f3n) y Informa Radio en toda Espa\u00f1a. Ha colaborado en Radio Inter y Esradio. Cr\u00edtico de cine en Pantalla 90, Diario Ya y P\u00e1ginas Digital. Es miembro del CEC. Es el autor de libro: La fe, la \u00e9tica y los valores de los superh\u00e9roes (PPC). Esta es su web: www.cineylibertad.com y, por supuesto, lleva m\u00e1s de 5 a\u00f1os como bloguero de Cope, donde analiza el cine, los c\u00f3mics y los libros desde una \u00f3ptica antropol\u00f3gica y axiol\u00f3gica, atendiendo a todas las dimensiones del ser humano.","sameAs":["http:\/\/www.cineylibertad.com","https:\/\/www.facebook.com\/victor.alvarado.56829446","https:\/\/www.instagram.com\/cineylibertad\/","https:\/\/x.com\/cineylibertad"],"url":"https:\/\/www.cope.es\/blogs\/cine-y-libertad\/author\/valvarado\/"}]}},"amp_enabled":true,"_links":{"self":[{"href":"https:\/\/www.cope.es\/blogs\/cine-y-libertad\/wp-json\/wp\/v2\/posts\/893","targetHints":{"allow":["GET"]}}],"collection":[{"href":"https:\/\/www.cope.es\/blogs\/cine-y-libertad\/wp-json\/wp\/v2\/posts"}],"about":[{"href":"https:\/\/www.cope.es\/blogs\/cine-y-libertad\/wp-json\/wp\/v2\/types\/post"}],"author":[{"embeddable":true,"href":"https:\/\/www.cope.es\/blogs\/cine-y-libertad\/wp-json\/wp\/v2\/users\/7"}],"replies":[{"embeddable":true,"href":"https:\/\/www.cope.es\/blogs\/cine-y-libertad\/wp-json\/wp\/v2\/comments?post=893"}],"version-history":[{"count":3,"href":"https:\/\/www.cope.es\/blogs\/cine-y-libertad\/wp-json\/wp\/v2\/posts\/893\/revisions"}],"predecessor-version":[{"id":934,"href":"https:\/\/www.cope.es\/blogs\/cine-y-libertad\/wp-json\/wp\/v2\/posts\/893\/revisions\/934"}],"wp:featuredmedia":[{"embeddable":true,"href":"https:\/\/www.cope.es\/blogs\/cine-y-libertad\/wp-json\/wp\/v2\/media\/894"}],"wp:attachment":[{"href":"https:\/\/www.cope.es\/blogs\/cine-y-libertad\/wp-json\/wp\/v2\/media?parent=893"}],"wp:term":[{"taxonomy":"category","embeddable":true,"href":"https:\/\/www.cope.es\/blogs\/cine-y-libertad\/wp-json\/wp\/v2\/categories?post=893"},{"taxonomy":"post_tag","embeddable":true,"href":"https:\/\/www.cope.es\/blogs\/cine-y-libertad\/wp-json\/wp\/v2\/tags?post=893"}],"curies":[{"name":"wp","href":"https:\/\/api.w.org\/{rel}","templated":true}]}}