{"id":889,"date":"2019-03-24T13:03:03","date_gmt":"2019-03-24T12:03:03","guid":{"rendered":"http:\/\/www.cope.es\/blogs\/cine-y-libertad\/?p=889"},"modified":"2019-03-24T13:03:49","modified_gmt":"2019-03-24T12:03:49","slug":"el-tesoro-del-cisne-negro-un-pequeno-episodio-de-la-historia-de-espana","status":"publish","type":"post","link":"https:\/\/www.cope.es\/blogs\/cine-y-libertad\/2019\/03\/24\/el-tesoro-del-cisne-negro-un-pequeno-episodio-de-la-historia-de-espana\/","title":{"rendered":"El tesoro del cisne negro-Un peque\u00f1o episodio de la historia de Espa\u00f1a"},"content":{"rendered":"<p><img loading=\"lazy\" decoding=\"async\" width=\"211\" height=\"300\" class=\"alignnone size-medium wp-image-890\" src=\"http:\/\/www.cope.es\/blogs\/cine-y-libertad\/wp-content\/uploads\/sites\/7\/2019\/03\/eltesorodelcisnenegro-211x300.jpg\" alt=\"\" srcset=\"https:\/\/www.cope.es\/blogs\/cine-y-libertad\/wp-content\/uploads\/sites\/7\/2019\/03\/eltesorodelcisnenegro-211x300.jpg 211w, https:\/\/www.cope.es\/blogs\/cine-y-libertad\/wp-content\/uploads\/sites\/7\/2019\/03\/eltesorodelcisnenegro.jpg 310w\" sizes=\"auto, (max-width: 211px) 100vw, 211px\" \/><\/p>\n<p>\u00a1Lectores y amigos de Cine y Libertad!<\/p>\n<p>\u00bfSe trata de un homenaje a Tint\u00edn y al Capit\u00e1n Cousteau? Aqu\u00ed puedes escuchar mi comentario:<a title=\"El tesoro del cisne negro-Un peque\u00f1o episodio de la historia de Espa\u00f1a\" href=\"http:\/\/www.cineylibertad.com\/el-tesoro-del-cisne-negro-un-pequeno-episodio-de-la-historia-de-espana\/\">El tesoro del cisne negro-Un peque\u00f1o episodio de la historia de Espa\u00f1a<\/a><\/p>\n<p>Ediciones Atisberri nos habla de su c\u00f3mic:<\/p>\n<p>Mayo de 2007. La principal empresa cazatesoros del mundo capta la atenci\u00f3n de la opini\u00f3n p\u00fablica al anunciar que ha descubierto en aguas del Atl\u00e1ntico el mayor tesoro submarino encontrado jam\u00e1s. Seg\u00fan la limitada informaci\u00f3n difundida por la empresa el hallazgo corresponde a un buque misterioso, el Cisne Negro. Sin embargo, hay indicios que apuntan a que se trata en realidad de un pecio espa\u00f1ol. Comienza as\u00ed una fascinante trama jur\u00eddica y pol\u00edtica, cuyas ra\u00edces se remontan a hechos acaecidos dos siglos atr\u00e1s, y en la que un peque\u00f1o grupo de funcionarios va a enfrentarse en defensa de nuestra historia a todo el poder medi\u00e1tico y la influencia de la compa\u00f1\u00eda norteamericana.<\/p>\n<p>Con &#8216;El tesoro del Cisne Negro&#8217;, Paco Roca plantea, a partir de un gui\u00f3n original del diplom\u00e1tico y escritor Guillermo Corral, una intriga trepidante basada en hechos reales que recupera para los lectores todo el atractivo de la aventura cl\u00e1sica, a la vez que ofrece una perspectiva in\u00e9dita sobre los entresijos de la pol\u00edtica espa\u00f1ola, del poder y de las relaciones internacionales.<\/p>\n<p>Por otra parte se est\u00e1 gestando un proyecto audiovisual, actualmente en fase de escritura, en el que participan la productora Se\u00f1or Mono, la plataforma Movistar + y la distribuidora alemana Beta Film para adaptar &#8216;El tesoro del Cisne Negro&#8217;.<\/p>\n<p>Twitter:\u00a0<span class=\"x_DashboardProfileCard-screenname x_u-inlineBlock x_u-dir\"><a class=\"x_DashboardProfileCard-screennameLink x_u-linkComplex x_u-linkClean\" href=\"https:\/\/twitter.com\/cineylibertad\" target=\"_blank\">@<span class=\"x_u-linkComplex-target\">cineylibertad<\/span><\/a><\/span><\/p>\n","protected":false},"excerpt":{"rendered":"<p>\u00a1Lectores y amigos de Cine y Libertad! \u00bfSe trata de un homenaje a Tint\u00edn y al Capit\u00e1n Cousteau? Aqu\u00ed puedes escuchar mi comentario:El tesoro del cisne negro-Un peque\u00f1o episodio de la historia de Espa\u00f1a Ediciones Atisberri nos habla de su c\u00f3mic: Mayo de 2007. La principal empresa cazatesoros del mundo capta la atenci\u00f3n de la [&hellip;]<\/p>\n","protected":false},"author":7,"featured_media":890,"comment_status":"open","ping_status":"open","sticky":false,"template":"","format":"standard","meta":{"footnotes":""},"categories":[85,3,4,22,13],"tags":[],"class_list":["post-889","post","type-post","status-publish","format-standard","has-post-thumbnail","hentry","category-aventuras","category-cine","category-comics","category-historia","category-tebeos-espanoles"],"yoast_head":"<!-- This site is optimized with the Yoast SEO plugin v27.4 - https:\/\/yoast.com\/product\/yoast-seo-wordpress\/ -->\n<title>El tesoro del cisne negro-Un peque\u00f1o episodio de la historia de Espa\u00f1a - Cine y Libertad<\/title>\n<meta name=\"robots\" content=\"index, follow, max-snippet:-1, max-image-preview:large, max-video-preview:-1\" \/>\n<link rel=\"canonical\" href=\"https:\/\/www.cope.es\/blogs\/cine-y-libertad\/2019\/03\/24\/el-tesoro-del-cisne-negro-un-pequeno-episodio-de-la-historia-de-espana\/\" \/>\n<meta property=\"og:locale\" content=\"es_ES\" \/>\n<meta property=\"og:type\" content=\"article\" \/>\n<meta property=\"og:title\" content=\"El tesoro del cisne negro-Un peque\u00f1o episodio de la historia de Espa\u00f1a - Cine y Libertad\" \/>\n<meta property=\"og:description\" content=\"\u00a1Lectores y amigos de Cine y Libertad! \u00bfSe trata de un homenaje a Tint\u00edn y al Capit\u00e1n Cousteau? Aqu\u00ed puedes escuchar mi comentario:El tesoro del cisne negro-Un peque\u00f1o episodio de la historia de Espa\u00f1a Ediciones Atisberri nos habla de su c\u00f3mic: Mayo de 2007. La principal empresa cazatesoros del mundo capta la atenci\u00f3n de la [&hellip;]\" \/>\n<meta property=\"og:url\" content=\"https:\/\/www.cope.es\/blogs\/cine-y-libertad\/2019\/03\/24\/el-tesoro-del-cisne-negro-un-pequeno-episodio-de-la-historia-de-espana\/\" \/>\n<meta property=\"og:site_name\" content=\"Cine y Libertad\" \/>\n<meta property=\"article:publisher\" content=\"https:\/\/www.facebook.com\/cope\/\" \/>\n<meta property=\"article:author\" content=\"https:\/\/www.facebook.com\/victor.alvarado.56829446\" \/>\n<meta property=\"article:published_time\" content=\"2019-03-24T12:03:03+00:00\" \/>\n<meta property=\"article:modified_time\" content=\"2019-03-24T12:03:49+00:00\" \/>\n<meta property=\"og:image\" content=\"https:\/\/www.cope.es\/blogs\/cine-y-libertad\/wp-content\/uploads\/sites\/7\/2019\/03\/eltesorodelcisnenegro.jpg\" \/>\n\t<meta property=\"og:image:width\" content=\"310\" \/>\n\t<meta property=\"og:image:height\" content=\"440\" \/>\n\t<meta property=\"og:image:type\" content=\"image\/jpeg\" \/>\n<meta name=\"author\" content=\"V\u00edctor Alvarado\" \/>\n<meta name=\"twitter:card\" content=\"summary_large_image\" \/>\n<meta name=\"twitter:creator\" content=\"@cineylibertad\" \/>\n<meta name=\"twitter:site\" content=\"@cope_es\" \/>\n<meta name=\"twitter:label1\" content=\"Escrito por\" \/>\n\t<meta name=\"twitter:data1\" content=\"V\u00edctor Alvarado\" \/>\n\t<meta name=\"twitter:label2\" content=\"Tiempo de lectura\" \/>\n\t<meta name=\"twitter:data2\" content=\"1 minuto\" \/>\n<script type=\"application\/ld+json\" class=\"yoast-schema-graph\">{\"@context\":\"https:\\\/\\\/schema.org\",\"@graph\":[{\"@type\":\"Article\",\"@id\":\"https:\\\/\\\/www.cope.es\\\/blogs\\\/cine-y-libertad\\\/2019\\\/03\\\/24\\\/el-tesoro-del-cisne-negro-un-pequeno-episodio-de-la-historia-de-espana\\\/#article\",\"isPartOf\":{\"@id\":\"https:\\\/\\\/www.cope.es\\\/blogs\\\/cine-y-libertad\\\/2019\\\/03\\\/24\\\/el-tesoro-del-cisne-negro-un-pequeno-episodio-de-la-historia-de-espana\\\/\"},\"author\":{\"name\":\"V\u00edctor Alvarado\",\"@id\":\"https:\\\/\\\/www.cope.es\\\/blogs\\\/cine-y-libertad\\\/#\\\/schema\\\/person\\\/c95904a4fbf751a8d9124f8fa8bdaace\"},\"headline\":\"El tesoro del cisne negro-Un peque\u00f1o episodio de la historia de Espa\u00f1a\",\"datePublished\":\"2019-03-24T12:03:03+00:00\",\"dateModified\":\"2019-03-24T12:03:49+00:00\",\"mainEntityOfPage\":{\"@id\":\"https:\\\/\\\/www.cope.es\\\/blogs\\\/cine-y-libertad\\\/2019\\\/03\\\/24\\\/el-tesoro-del-cisne-negro-un-pequeno-episodio-de-la-historia-de-espana\\\/\"},\"wordCount\":296,\"commentCount\":0,\"image\":{\"@id\":\"https:\\\/\\\/www.cope.es\\\/blogs\\\/cine-y-libertad\\\/2019\\\/03\\\/24\\\/el-tesoro-del-cisne-negro-un-pequeno-episodio-de-la-historia-de-espana\\\/#primaryimage\"},\"thumbnailUrl\":\"https:\\\/\\\/www.cope.es\\\/blogs\\\/cine-y-libertad\\\/wp-content\\\/uploads\\\/sites\\\/7\\\/2019\\\/03\\\/eltesorodelcisnenegro.jpg\",\"articleSection\":[\"aventuras\",\"cine\",\"c\u00f3mics\",\"historia\",\"Tebeos espa\u00f1oles\"],\"inLanguage\":\"es\",\"potentialAction\":[{\"@type\":\"CommentAction\",\"name\":\"Comment\",\"target\":[\"https:\\\/\\\/www.cope.es\\\/blogs\\\/cine-y-libertad\\\/2019\\\/03\\\/24\\\/el-tesoro-del-cisne-negro-un-pequeno-episodio-de-la-historia-de-espana\\\/#respond\"]}]},{\"@type\":\"WebPage\",\"@id\":\"https:\\\/\\\/www.cope.es\\\/blogs\\\/cine-y-libertad\\\/2019\\\/03\\\/24\\\/el-tesoro-del-cisne-negro-un-pequeno-episodio-de-la-historia-de-espana\\\/\",\"url\":\"https:\\\/\\\/www.cope.es\\\/blogs\\\/cine-y-libertad\\\/2019\\\/03\\\/24\\\/el-tesoro-del-cisne-negro-un-pequeno-episodio-de-la-historia-de-espana\\\/\",\"name\":\"El tesoro del cisne negro-Un peque\u00f1o episodio de la historia de Espa\u00f1a - Cine y Libertad\",\"isPartOf\":{\"@id\":\"https:\\\/\\\/www.cope.es\\\/blogs\\\/cine-y-libertad\\\/#website\"},\"primaryImageOfPage\":{\"@id\":\"https:\\\/\\\/www.cope.es\\\/blogs\\\/cine-y-libertad\\\/2019\\\/03\\\/24\\\/el-tesoro-del-cisne-negro-un-pequeno-episodio-de-la-historia-de-espana\\\/#primaryimage\"},\"image\":{\"@id\":\"https:\\\/\\\/www.cope.es\\\/blogs\\\/cine-y-libertad\\\/2019\\\/03\\\/24\\\/el-tesoro-del-cisne-negro-un-pequeno-episodio-de-la-historia-de-espana\\\/#primaryimage\"},\"thumbnailUrl\":\"https:\\\/\\\/www.cope.es\\\/blogs\\\/cine-y-libertad\\\/wp-content\\\/uploads\\\/sites\\\/7\\\/2019\\\/03\\\/eltesorodelcisnenegro.jpg\",\"datePublished\":\"2019-03-24T12:03:03+00:00\",\"dateModified\":\"2019-03-24T12:03:49+00:00\",\"author\":{\"@id\":\"https:\\\/\\\/www.cope.es\\\/blogs\\\/cine-y-libertad\\\/#\\\/schema\\\/person\\\/c95904a4fbf751a8d9124f8fa8bdaace\"},\"breadcrumb\":{\"@id\":\"https:\\\/\\\/www.cope.es\\\/blogs\\\/cine-y-libertad\\\/2019\\\/03\\\/24\\\/el-tesoro-del-cisne-negro-un-pequeno-episodio-de-la-historia-de-espana\\\/#breadcrumb\"},\"inLanguage\":\"es\",\"potentialAction\":[{\"@type\":\"ReadAction\",\"target\":[\"https:\\\/\\\/www.cope.es\\\/blogs\\\/cine-y-libertad\\\/2019\\\/03\\\/24\\\/el-tesoro-del-cisne-negro-un-pequeno-episodio-de-la-historia-de-espana\\\/\"]}]},{\"@type\":\"ImageObject\",\"inLanguage\":\"es\",\"@id\":\"https:\\\/\\\/www.cope.es\\\/blogs\\\/cine-y-libertad\\\/2019\\\/03\\\/24\\\/el-tesoro-del-cisne-negro-un-pequeno-episodio-de-la-historia-de-espana\\\/#primaryimage\",\"url\":\"https:\\\/\\\/www.cope.es\\\/blogs\\\/cine-y-libertad\\\/wp-content\\\/uploads\\\/sites\\\/7\\\/2019\\\/03\\\/eltesorodelcisnenegro.jpg\",\"contentUrl\":\"https:\\\/\\\/www.cope.es\\\/blogs\\\/cine-y-libertad\\\/wp-content\\\/uploads\\\/sites\\\/7\\\/2019\\\/03\\\/eltesorodelcisnenegro.jpg\",\"width\":310,\"height\":440},{\"@type\":\"BreadcrumbList\",\"@id\":\"https:\\\/\\\/www.cope.es\\\/blogs\\\/cine-y-libertad\\\/2019\\\/03\\\/24\\\/el-tesoro-del-cisne-negro-un-pequeno-episodio-de-la-historia-de-espana\\\/#breadcrumb\",\"itemListElement\":[{\"@type\":\"ListItem\",\"position\":1,\"name\":\"Portada\",\"item\":\"https:\\\/\\\/www.cope.es\\\/blogs\\\/cine-y-libertad\\\/\"},{\"@type\":\"ListItem\",\"position\":2,\"name\":\"El tesoro del cisne negro-Un peque\u00f1o episodio de la historia de Espa\u00f1a\"}]},{\"@type\":\"WebSite\",\"@id\":\"https:\\\/\\\/www.cope.es\\\/blogs\\\/cine-y-libertad\\\/#website\",\"url\":\"https:\\\/\\\/www.cope.es\\\/blogs\\\/cine-y-libertad\\\/\",\"name\":\"Cine y Libertad\",\"description\":\"Cine y Libertad un blog de COPE\",\"potentialAction\":[{\"@type\":\"SearchAction\",\"target\":{\"@type\":\"EntryPoint\",\"urlTemplate\":\"https:\\\/\\\/www.cope.es\\\/blogs\\\/cine-y-libertad\\\/?s={search_term_string}\"},\"query-input\":{\"@type\":\"PropertyValueSpecification\",\"valueRequired\":true,\"valueName\":\"search_term_string\"}}],\"inLanguage\":\"es\"},{\"@type\":\"Person\",\"@id\":\"https:\\\/\\\/www.cope.es\\\/blogs\\\/cine-y-libertad\\\/#\\\/schema\\\/person\\\/c95904a4fbf751a8d9124f8fa8bdaace\",\"name\":\"V\u00edctor Alvarado\",\"image\":{\"@type\":\"ImageObject\",\"inLanguage\":\"es\",\"@id\":\"https:\\\/\\\/secure.gravatar.com\\\/avatar\\\/db4634ae2001f7f920b8294d926f3e737ada04196e014ebacae29a4848f905f4?s=96&d=mm&r=g\",\"url\":\"https:\\\/\\\/secure.gravatar.com\\\/avatar\\\/db4634ae2001f7f920b8294d926f3e737ada04196e014ebacae29a4848f905f4?s=96&d=mm&r=g\",\"contentUrl\":\"https:\\\/\\\/secure.gravatar.com\\\/avatar\\\/db4634ae2001f7f920b8294d926f3e737ada04196e014ebacae29a4848f905f4?s=96&d=mm&r=g\",\"caption\":\"V\u00edctor Alvarado\"},\"description\":\"V\u00edctor Alvarado tiene una larga experiencia tanto en medios de comunicaci\u00f3n como en educaci\u00f3n. Dirige el programa de radio, Directo a las Estrellas, en Intereconom\u00eda (Castilla y Le\u00f3n) y Informa Radio en toda Espa\u00f1a. Ha colaborado en Radio Inter y Esradio. Cr\u00edtico de cine en Pantalla 90, Diario Ya y P\u00e1ginas Digital. Es miembro del CEC. Es el autor de libro: La fe, la \u00e9tica y los valores de los superh\u00e9roes (PPC). Esta es su web: www.cineylibertad.com y, por supuesto, lleva m\u00e1s de 5 a\u00f1os como bloguero de Cope, donde analiza el cine, los c\u00f3mics y los libros desde una \u00f3ptica antropol\u00f3gica y axiol\u00f3gica, atendiendo a todas las dimensiones del ser humano.\",\"sameAs\":[\"http:\\\/\\\/www.cineylibertad.com\",\"https:\\\/\\\/www.facebook.com\\\/victor.alvarado.56829446\",\"https:\\\/\\\/www.instagram.com\\\/cineylibertad\\\/\",\"https:\\\/\\\/x.com\\\/cineylibertad\"],\"url\":\"https:\\\/\\\/www.cope.es\\\/blogs\\\/cine-y-libertad\\\/author\\\/valvarado\\\/\"}]}<\/script>\n<!-- \/ Yoast SEO plugin. -->","yoast_head_json":{"title":"El tesoro del cisne negro-Un peque\u00f1o episodio de la historia de Espa\u00f1a - Cine y Libertad","robots":{"index":"index","follow":"follow","max-snippet":"max-snippet:-1","max-image-preview":"max-image-preview:large","max-video-preview":"max-video-preview:-1"},"canonical":"https:\/\/www.cope.es\/blogs\/cine-y-libertad\/2019\/03\/24\/el-tesoro-del-cisne-negro-un-pequeno-episodio-de-la-historia-de-espana\/","og_locale":"es_ES","og_type":"article","og_title":"El tesoro del cisne negro-Un peque\u00f1o episodio de la historia de Espa\u00f1a - Cine y Libertad","og_description":"\u00a1Lectores y amigos de Cine y Libertad! \u00bfSe trata de un homenaje a Tint\u00edn y al Capit\u00e1n Cousteau? Aqu\u00ed puedes escuchar mi comentario:El tesoro del cisne negro-Un peque\u00f1o episodio de la historia de Espa\u00f1a Ediciones Atisberri nos habla de su c\u00f3mic: Mayo de 2007. La principal empresa cazatesoros del mundo capta la atenci\u00f3n de la [&hellip;]","og_url":"https:\/\/www.cope.es\/blogs\/cine-y-libertad\/2019\/03\/24\/el-tesoro-del-cisne-negro-un-pequeno-episodio-de-la-historia-de-espana\/","og_site_name":"Cine y Libertad","article_publisher":"https:\/\/www.facebook.com\/cope\/","article_author":"https:\/\/www.facebook.com\/victor.alvarado.56829446","article_published_time":"2019-03-24T12:03:03+00:00","article_modified_time":"2019-03-24T12:03:49+00:00","og_image":[{"width":310,"height":440,"url":"https:\/\/www.cope.es\/blogs\/cine-y-libertad\/wp-content\/uploads\/sites\/7\/2019\/03\/eltesorodelcisnenegro.jpg","type":"image\/jpeg"}],"author":"V\u00edctor Alvarado","twitter_card":"summary_large_image","twitter_creator":"@cineylibertad","twitter_site":"@cope_es","twitter_misc":{"Escrito por":"V\u00edctor Alvarado","Tiempo de lectura":"1 minuto"},"schema":{"@context":"https:\/\/schema.org","@graph":[{"@type":"Article","@id":"https:\/\/www.cope.es\/blogs\/cine-y-libertad\/2019\/03\/24\/el-tesoro-del-cisne-negro-un-pequeno-episodio-de-la-historia-de-espana\/#article","isPartOf":{"@id":"https:\/\/www.cope.es\/blogs\/cine-y-libertad\/2019\/03\/24\/el-tesoro-del-cisne-negro-un-pequeno-episodio-de-la-historia-de-espana\/"},"author":{"name":"V\u00edctor Alvarado","@id":"https:\/\/www.cope.es\/blogs\/cine-y-libertad\/#\/schema\/person\/c95904a4fbf751a8d9124f8fa8bdaace"},"headline":"El tesoro del cisne negro-Un peque\u00f1o episodio de la historia de Espa\u00f1a","datePublished":"2019-03-24T12:03:03+00:00","dateModified":"2019-03-24T12:03:49+00:00","mainEntityOfPage":{"@id":"https:\/\/www.cope.es\/blogs\/cine-y-libertad\/2019\/03\/24\/el-tesoro-del-cisne-negro-un-pequeno-episodio-de-la-historia-de-espana\/"},"wordCount":296,"commentCount":0,"image":{"@id":"https:\/\/www.cope.es\/blogs\/cine-y-libertad\/2019\/03\/24\/el-tesoro-del-cisne-negro-un-pequeno-episodio-de-la-historia-de-espana\/#primaryimage"},"thumbnailUrl":"https:\/\/www.cope.es\/blogs\/cine-y-libertad\/wp-content\/uploads\/sites\/7\/2019\/03\/eltesorodelcisnenegro.jpg","articleSection":["aventuras","cine","c\u00f3mics","historia","Tebeos espa\u00f1oles"],"inLanguage":"es","potentialAction":[{"@type":"CommentAction","name":"Comment","target":["https:\/\/www.cope.es\/blogs\/cine-y-libertad\/2019\/03\/24\/el-tesoro-del-cisne-negro-un-pequeno-episodio-de-la-historia-de-espana\/#respond"]}]},{"@type":"WebPage","@id":"https:\/\/www.cope.es\/blogs\/cine-y-libertad\/2019\/03\/24\/el-tesoro-del-cisne-negro-un-pequeno-episodio-de-la-historia-de-espana\/","url":"https:\/\/www.cope.es\/blogs\/cine-y-libertad\/2019\/03\/24\/el-tesoro-del-cisne-negro-un-pequeno-episodio-de-la-historia-de-espana\/","name":"El tesoro del cisne negro-Un peque\u00f1o episodio de la historia de Espa\u00f1a - Cine y Libertad","isPartOf":{"@id":"https:\/\/www.cope.es\/blogs\/cine-y-libertad\/#website"},"primaryImageOfPage":{"@id":"https:\/\/www.cope.es\/blogs\/cine-y-libertad\/2019\/03\/24\/el-tesoro-del-cisne-negro-un-pequeno-episodio-de-la-historia-de-espana\/#primaryimage"},"image":{"@id":"https:\/\/www.cope.es\/blogs\/cine-y-libertad\/2019\/03\/24\/el-tesoro-del-cisne-negro-un-pequeno-episodio-de-la-historia-de-espana\/#primaryimage"},"thumbnailUrl":"https:\/\/www.cope.es\/blogs\/cine-y-libertad\/wp-content\/uploads\/sites\/7\/2019\/03\/eltesorodelcisnenegro.jpg","datePublished":"2019-03-24T12:03:03+00:00","dateModified":"2019-03-24T12:03:49+00:00","author":{"@id":"https:\/\/www.cope.es\/blogs\/cine-y-libertad\/#\/schema\/person\/c95904a4fbf751a8d9124f8fa8bdaace"},"breadcrumb":{"@id":"https:\/\/www.cope.es\/blogs\/cine-y-libertad\/2019\/03\/24\/el-tesoro-del-cisne-negro-un-pequeno-episodio-de-la-historia-de-espana\/#breadcrumb"},"inLanguage":"es","potentialAction":[{"@type":"ReadAction","target":["https:\/\/www.cope.es\/blogs\/cine-y-libertad\/2019\/03\/24\/el-tesoro-del-cisne-negro-un-pequeno-episodio-de-la-historia-de-espana\/"]}]},{"@type":"ImageObject","inLanguage":"es","@id":"https:\/\/www.cope.es\/blogs\/cine-y-libertad\/2019\/03\/24\/el-tesoro-del-cisne-negro-un-pequeno-episodio-de-la-historia-de-espana\/#primaryimage","url":"https:\/\/www.cope.es\/blogs\/cine-y-libertad\/wp-content\/uploads\/sites\/7\/2019\/03\/eltesorodelcisnenegro.jpg","contentUrl":"https:\/\/www.cope.es\/blogs\/cine-y-libertad\/wp-content\/uploads\/sites\/7\/2019\/03\/eltesorodelcisnenegro.jpg","width":310,"height":440},{"@type":"BreadcrumbList","@id":"https:\/\/www.cope.es\/blogs\/cine-y-libertad\/2019\/03\/24\/el-tesoro-del-cisne-negro-un-pequeno-episodio-de-la-historia-de-espana\/#breadcrumb","itemListElement":[{"@type":"ListItem","position":1,"name":"Portada","item":"https:\/\/www.cope.es\/blogs\/cine-y-libertad\/"},{"@type":"ListItem","position":2,"name":"El tesoro del cisne negro-Un peque\u00f1o episodio de la historia de Espa\u00f1a"}]},{"@type":"WebSite","@id":"https:\/\/www.cope.es\/blogs\/cine-y-libertad\/#website","url":"https:\/\/www.cope.es\/blogs\/cine-y-libertad\/","name":"Cine y Libertad","description":"Cine y Libertad un blog de COPE","potentialAction":[{"@type":"SearchAction","target":{"@type":"EntryPoint","urlTemplate":"https:\/\/www.cope.es\/blogs\/cine-y-libertad\/?s={search_term_string}"},"query-input":{"@type":"PropertyValueSpecification","valueRequired":true,"valueName":"search_term_string"}}],"inLanguage":"es"},{"@type":"Person","@id":"https:\/\/www.cope.es\/blogs\/cine-y-libertad\/#\/schema\/person\/c95904a4fbf751a8d9124f8fa8bdaace","name":"V\u00edctor Alvarado","image":{"@type":"ImageObject","inLanguage":"es","@id":"https:\/\/secure.gravatar.com\/avatar\/db4634ae2001f7f920b8294d926f3e737ada04196e014ebacae29a4848f905f4?s=96&d=mm&r=g","url":"https:\/\/secure.gravatar.com\/avatar\/db4634ae2001f7f920b8294d926f3e737ada04196e014ebacae29a4848f905f4?s=96&d=mm&r=g","contentUrl":"https:\/\/secure.gravatar.com\/avatar\/db4634ae2001f7f920b8294d926f3e737ada04196e014ebacae29a4848f905f4?s=96&d=mm&r=g","caption":"V\u00edctor Alvarado"},"description":"V\u00edctor Alvarado tiene una larga experiencia tanto en medios de comunicaci\u00f3n como en educaci\u00f3n. Dirige el programa de radio, Directo a las Estrellas, en Intereconom\u00eda (Castilla y Le\u00f3n) y Informa Radio en toda Espa\u00f1a. Ha colaborado en Radio Inter y Esradio. Cr\u00edtico de cine en Pantalla 90, Diario Ya y P\u00e1ginas Digital. Es miembro del CEC. Es el autor de libro: La fe, la \u00e9tica y los valores de los superh\u00e9roes (PPC). Esta es su web: www.cineylibertad.com y, por supuesto, lleva m\u00e1s de 5 a\u00f1os como bloguero de Cope, donde analiza el cine, los c\u00f3mics y los libros desde una \u00f3ptica antropol\u00f3gica y axiol\u00f3gica, atendiendo a todas las dimensiones del ser humano.","sameAs":["http:\/\/www.cineylibertad.com","https:\/\/www.facebook.com\/victor.alvarado.56829446","https:\/\/www.instagram.com\/cineylibertad\/","https:\/\/x.com\/cineylibertad"],"url":"https:\/\/www.cope.es\/blogs\/cine-y-libertad\/author\/valvarado\/"}]}},"amp_enabled":true,"_links":{"self":[{"href":"https:\/\/www.cope.es\/blogs\/cine-y-libertad\/wp-json\/wp\/v2\/posts\/889","targetHints":{"allow":["GET"]}}],"collection":[{"href":"https:\/\/www.cope.es\/blogs\/cine-y-libertad\/wp-json\/wp\/v2\/posts"}],"about":[{"href":"https:\/\/www.cope.es\/blogs\/cine-y-libertad\/wp-json\/wp\/v2\/types\/post"}],"author":[{"embeddable":true,"href":"https:\/\/www.cope.es\/blogs\/cine-y-libertad\/wp-json\/wp\/v2\/users\/7"}],"replies":[{"embeddable":true,"href":"https:\/\/www.cope.es\/blogs\/cine-y-libertad\/wp-json\/wp\/v2\/comments?post=889"}],"version-history":[{"count":2,"href":"https:\/\/www.cope.es\/blogs\/cine-y-libertad\/wp-json\/wp\/v2\/posts\/889\/revisions"}],"predecessor-version":[{"id":892,"href":"https:\/\/www.cope.es\/blogs\/cine-y-libertad\/wp-json\/wp\/v2\/posts\/889\/revisions\/892"}],"wp:featuredmedia":[{"embeddable":true,"href":"https:\/\/www.cope.es\/blogs\/cine-y-libertad\/wp-json\/wp\/v2\/media\/890"}],"wp:attachment":[{"href":"https:\/\/www.cope.es\/blogs\/cine-y-libertad\/wp-json\/wp\/v2\/media?parent=889"}],"wp:term":[{"taxonomy":"category","embeddable":true,"href":"https:\/\/www.cope.es\/blogs\/cine-y-libertad\/wp-json\/wp\/v2\/categories?post=889"},{"taxonomy":"post_tag","embeddable":true,"href":"https:\/\/www.cope.es\/blogs\/cine-y-libertad\/wp-json\/wp\/v2\/tags?post=889"}],"curies":[{"name":"wp","href":"https:\/\/api.w.org\/{rel}","templated":true}]}}