{"id":8177,"date":"2024-11-22T12:07:20","date_gmt":"2024-11-22T11:07:20","guid":{"rendered":"http:\/\/www.cope.es\/blogs\/cine-y-libertad\/?p=8177"},"modified":"2024-11-22T12:07:20","modified_gmt":"2024-11-22T11:07:20","slug":"el-mal-y-la-violencia-en-el-cine-de-hitchcock-la-magia-de-un-maestro","status":"publish","type":"post","link":"https:\/\/www.cope.es\/blogs\/cine-y-libertad\/2024\/11\/22\/el-mal-y-la-violencia-en-el-cine-de-hitchcock-la-magia-de-un-maestro\/","title":{"rendered":"El mal y la violencia en el cine de Hitchcock-La magia de un maestro"},"content":{"rendered":"<div class=\"image-wrapper pr-2\"><a href=\"https:\/\/www.ivoox.com\/mal-violencia-cine-audios-mp3_rf_136158071_1.html\">El mal y la violencia en el cine de Hitchcock-La magia de un maestro<\/a>. \u00bfQu\u00e9 pel\u00edculas de este realizador brit\u00e1nico no nos podemos perder?<\/div>\n<div><\/div>\n<div>Aqu\u00ed puedes escuchar la entrevista que tuvimos con su autor: Jos\u00e9 Luis Panero&#8230;<\/div>\n<div><iframe loading=\"lazy\" src=\"https:\/\/www.ivoox.com\/player_ej_136158071_6_1.html?c1=2e32ff\" width=\"100%\" height=\"200\" frameborder=\"0\"><\/iframe><\/div>\n<p>\u00a1Lectores y amigos de Cine y Libertad!<\/p>\n<p>Ondina nos habla de su libro\u2026<\/p>\n<p>El trabajo de Jos\u00e9 Luis Panero se inscribe dentro de lo que podr\u00edamos llamar el universo de la reflexi\u00f3n sobre el cine, algo que va mucho m\u00e1s all\u00e1 de la cr\u00edtica de pel\u00edculas y de lo que podr\u00edamos denominar el saber cinematogr\u00e1fico. El cine de Hitchcock es un ejemplo de obra de arte, pero tambi\u00e9n de continuas interpretaciones de miradas, di\u00e1logos, acciones, etc. Hay que leer este trabajo porque aporta una nueva mirada al mundo del gran director y nos va llevando a un mundo s\u00f3rdido, que no est\u00e1 tan lejos, aunque nos cueste creerlo, del mundo real. Un trabajo fascinante.<\/p>\n<p><a href=\"https:\/\/www.ivoox.com\/podcast-cine-libertad_sq_f121636_1.html\">V\u00edctor Alvarado<\/a>, autor del libro:\u00a0<a href=\"https:\/\/www.ppc-editorial.com\/libro\/la-fe-la-etica-y-los-valores-de-los-superheroes\"><em>La fe, la \u00e9tica y los valores de los superh\u00e9roes<\/em><\/a><\/p>\n<p>Instagram:<a href=\"https:\/\/www.instagram.com\/cineylibertad\/\">https:\/\/www.instagram.com\/cineylibertad\/<\/a><\/p>\n<p>Facebook:\u00a0<a href=\"https:\/\/www.facebook.com\/victor.alvarado.56829446\" target=\"_blank\">https:\/\/www.facebook.com\/victor.alvarado.56829446<\/a><\/p>\n<p>Twitter:<span class=\"r-18u37iz\"><a class=\"css-4rbku5 css-18t94o4 css-901oao css-16my406 r-1n1174f r-1loqt21 r-poiln3 r-bcqeeo r-qvutc0\" href=\"https:\/\/twitter.com\/cineylibertad\">@cineylibertad<\/a><\/span><\/p>\n","protected":false},"excerpt":{"rendered":"<p>El mal y la violencia en el cine de Hitchcock-La magia de un maestro. \u00bfQu\u00e9 pel\u00edculas de este realizador brit\u00e1nico no nos podemos perder? Aqu\u00ed puedes escuchar la entrevista que tuvimos con su autor: Jos\u00e9 Luis Panero&#8230; \u00a1Lectores y amigos de Cine y Libertad! Ondina nos habla de su libro\u2026 El trabajo de Jos\u00e9 Luis [&hellip;]<\/p>\n","protected":false},"author":7,"featured_media":8185,"comment_status":"open","ping_status":"open","sticky":false,"template":"","format":"standard","meta":{"footnotes":""},"categories":[3,1355,164,135,133,42],"tags":[992,3970,3966,3965,607,3968,3969,2504,3967],"class_list":["post-8177","post","type-post","status-publish","format-standard","has-post-thumbnail","hentry","category-cine","category-cine-britanico","category-genios-de-la-direccion","category-intriga","category-mujeres","category-obra-maestra","tag-alfred-hitchcock","tag-cine-ingles","tag-el-mal-y-la-violencia-en-el-cine-de-hitchcock","tag-el-mal-y-la-violencia-en-el-cine-de-hitchcock-la-magia-de-un-maestro","tag-intriga","tag-matrimonio","tag-misoginia","tag-obra-maestra","tag-ondina"],"yoast_head":"<!-- This site is optimized with the Yoast SEO plugin v27.4 - https:\/\/yoast.com\/product\/yoast-seo-wordpress\/ -->\n<title>El mal y la violencia en el cine de Hitchcock-La magia de un maestro<\/title>\n<meta name=\"description\" content=\"El mal y la violencia en el cine de Hitchcock-La magia de un maestro. \u00bfQu\u00e9 pel\u00edculas de este realizador brit\u00e1nico no nos podemos perder?\" \/>\n<meta name=\"robots\" content=\"index, follow, max-snippet:-1, max-image-preview:large, max-video-preview:-1\" \/>\n<link rel=\"canonical\" href=\"https:\/\/www.cope.es\/blogs\/cine-y-libertad\/2024\/11\/22\/el-mal-y-la-violencia-en-el-cine-de-hitchcock-la-magia-de-un-maestro\/\" \/>\n<meta property=\"og:locale\" content=\"es_ES\" \/>\n<meta property=\"og:type\" content=\"article\" \/>\n<meta property=\"og:title\" content=\"El mal y la violencia en el cine de Hitchcock-La magia de un maestro\" \/>\n<meta property=\"og:description\" content=\"El mal y la violencia en el cine de Hitchcock-La magia de un maestro. \u00bfQu\u00e9 pel\u00edculas de este realizador brit\u00e1nico no nos podemos perder?\" \/>\n<meta property=\"og:url\" content=\"https:\/\/www.cope.es\/blogs\/cine-y-libertad\/2024\/11\/22\/el-mal-y-la-violencia-en-el-cine-de-hitchcock-la-magia-de-un-maestro\/\" \/>\n<meta property=\"og:site_name\" content=\"Cine y Libertad\" \/>\n<meta property=\"article:publisher\" content=\"https:\/\/www.facebook.com\/cope\/\" \/>\n<meta property=\"article:author\" content=\"https:\/\/www.facebook.com\/victor.alvarado.56829446\" \/>\n<meta property=\"article:published_time\" content=\"2024-11-22T11:07:20+00:00\" \/>\n<meta property=\"og:image\" content=\"https:\/\/www.cope.es\/blogs\/cine-y-libertad\/wp-content\/uploads\/sites\/7\/2024\/11\/el-mal-y-la-violencia-en-el-cine-de-hitchcock-jose-luis-panero-2.jpg\" \/>\n\t<meta property=\"og:image:width\" content=\"1200\" \/>\n\t<meta property=\"og:image:height\" content=\"630\" \/>\n\t<meta property=\"og:image:type\" content=\"image\/jpeg\" \/>\n<meta name=\"author\" content=\"V\u00edctor Alvarado\" \/>\n<meta name=\"twitter:card\" content=\"summary_large_image\" \/>\n<meta name=\"twitter:creator\" content=\"@cineylibertad\" \/>\n<meta name=\"twitter:site\" content=\"@cope_es\" \/>\n<meta name=\"twitter:label1\" content=\"Escrito por\" \/>\n\t<meta name=\"twitter:data1\" content=\"V\u00edctor Alvarado\" \/>\n\t<meta name=\"twitter:label2\" content=\"Tiempo de lectura\" \/>\n\t<meta name=\"twitter:data2\" content=\"1 minuto\" \/>\n<script type=\"application\/ld+json\" class=\"yoast-schema-graph\">{\"@context\":\"https:\\\/\\\/schema.org\",\"@graph\":[{\"@type\":\"Article\",\"@id\":\"https:\\\/\\\/www.cope.es\\\/blogs\\\/cine-y-libertad\\\/2024\\\/11\\\/22\\\/el-mal-y-la-violencia-en-el-cine-de-hitchcock-la-magia-de-un-maestro\\\/#article\",\"isPartOf\":{\"@id\":\"https:\\\/\\\/www.cope.es\\\/blogs\\\/cine-y-libertad\\\/2024\\\/11\\\/22\\\/el-mal-y-la-violencia-en-el-cine-de-hitchcock-la-magia-de-un-maestro\\\/\"},\"author\":{\"name\":\"V\u00edctor Alvarado\",\"@id\":\"https:\\\/\\\/www.cope.es\\\/blogs\\\/cine-y-libertad\\\/#\\\/schema\\\/person\\\/c95904a4fbf751a8d9124f8fa8bdaace\"},\"headline\":\"El mal y la violencia en el cine de Hitchcock-La magia de un maestro\",\"datePublished\":\"2024-11-22T11:07:20+00:00\",\"mainEntityOfPage\":{\"@id\":\"https:\\\/\\\/www.cope.es\\\/blogs\\\/cine-y-libertad\\\/2024\\\/11\\\/22\\\/el-mal-y-la-violencia-en-el-cine-de-hitchcock-la-magia-de-un-maestro\\\/\"},\"wordCount\":209,\"commentCount\":0,\"image\":{\"@id\":\"https:\\\/\\\/www.cope.es\\\/blogs\\\/cine-y-libertad\\\/2024\\\/11\\\/22\\\/el-mal-y-la-violencia-en-el-cine-de-hitchcock-la-magia-de-un-maestro\\\/#primaryimage\"},\"thumbnailUrl\":\"https:\\\/\\\/www.cope.es\\\/blogs\\\/cine-y-libertad\\\/wp-content\\\/uploads\\\/sites\\\/7\\\/2024\\\/11\\\/el-mal-y-la-violencia-en-el-cine-de-hitchcock-jose-luis-panero-2.jpg\",\"keywords\":[\"Alfred Hitchcock\",\"cine ingl\u00e9s\",\"El mal y la violencia en el cine de Hitchcock\",\"El mal y la violencia en el cine de Hitchcock-La magia de un maestro\",\"intriga\",\"matrimonio\",\"misoginia\",\"obra maestra\",\"ondina\"],\"articleSection\":[\"cine\",\"cine brit\u00e1nico\",\"genios de la direcci\u00f3n\",\"intriga\",\"mujeres\",\"Obra maestra\"],\"inLanguage\":\"es\",\"potentialAction\":[{\"@type\":\"CommentAction\",\"name\":\"Comment\",\"target\":[\"https:\\\/\\\/www.cope.es\\\/blogs\\\/cine-y-libertad\\\/2024\\\/11\\\/22\\\/el-mal-y-la-violencia-en-el-cine-de-hitchcock-la-magia-de-un-maestro\\\/#respond\"]}]},{\"@type\":\"WebPage\",\"@id\":\"https:\\\/\\\/www.cope.es\\\/blogs\\\/cine-y-libertad\\\/2024\\\/11\\\/22\\\/el-mal-y-la-violencia-en-el-cine-de-hitchcock-la-magia-de-un-maestro\\\/\",\"url\":\"https:\\\/\\\/www.cope.es\\\/blogs\\\/cine-y-libertad\\\/2024\\\/11\\\/22\\\/el-mal-y-la-violencia-en-el-cine-de-hitchcock-la-magia-de-un-maestro\\\/\",\"name\":\"El mal y la violencia en el cine de Hitchcock-La magia de un maestro\",\"isPartOf\":{\"@id\":\"https:\\\/\\\/www.cope.es\\\/blogs\\\/cine-y-libertad\\\/#website\"},\"primaryImageOfPage\":{\"@id\":\"https:\\\/\\\/www.cope.es\\\/blogs\\\/cine-y-libertad\\\/2024\\\/11\\\/22\\\/el-mal-y-la-violencia-en-el-cine-de-hitchcock-la-magia-de-un-maestro\\\/#primaryimage\"},\"image\":{\"@id\":\"https:\\\/\\\/www.cope.es\\\/blogs\\\/cine-y-libertad\\\/2024\\\/11\\\/22\\\/el-mal-y-la-violencia-en-el-cine-de-hitchcock-la-magia-de-un-maestro\\\/#primaryimage\"},\"thumbnailUrl\":\"https:\\\/\\\/www.cope.es\\\/blogs\\\/cine-y-libertad\\\/wp-content\\\/uploads\\\/sites\\\/7\\\/2024\\\/11\\\/el-mal-y-la-violencia-en-el-cine-de-hitchcock-jose-luis-panero-2.jpg\",\"datePublished\":\"2024-11-22T11:07:20+00:00\",\"author\":{\"@id\":\"https:\\\/\\\/www.cope.es\\\/blogs\\\/cine-y-libertad\\\/#\\\/schema\\\/person\\\/c95904a4fbf751a8d9124f8fa8bdaace\"},\"description\":\"El mal y la violencia en el cine de Hitchcock-La magia de un maestro. \u00bfQu\u00e9 pel\u00edculas de este realizador brit\u00e1nico no nos podemos perder?\",\"breadcrumb\":{\"@id\":\"https:\\\/\\\/www.cope.es\\\/blogs\\\/cine-y-libertad\\\/2024\\\/11\\\/22\\\/el-mal-y-la-violencia-en-el-cine-de-hitchcock-la-magia-de-un-maestro\\\/#breadcrumb\"},\"inLanguage\":\"es\",\"potentialAction\":[{\"@type\":\"ReadAction\",\"target\":[\"https:\\\/\\\/www.cope.es\\\/blogs\\\/cine-y-libertad\\\/2024\\\/11\\\/22\\\/el-mal-y-la-violencia-en-el-cine-de-hitchcock-la-magia-de-un-maestro\\\/\"]}]},{\"@type\":\"ImageObject\",\"inLanguage\":\"es\",\"@id\":\"https:\\\/\\\/www.cope.es\\\/blogs\\\/cine-y-libertad\\\/2024\\\/11\\\/22\\\/el-mal-y-la-violencia-en-el-cine-de-hitchcock-la-magia-de-un-maestro\\\/#primaryimage\",\"url\":\"https:\\\/\\\/www.cope.es\\\/blogs\\\/cine-y-libertad\\\/wp-content\\\/uploads\\\/sites\\\/7\\\/2024\\\/11\\\/el-mal-y-la-violencia-en-el-cine-de-hitchcock-jose-luis-panero-2.jpg\",\"contentUrl\":\"https:\\\/\\\/www.cope.es\\\/blogs\\\/cine-y-libertad\\\/wp-content\\\/uploads\\\/sites\\\/7\\\/2024\\\/11\\\/el-mal-y-la-violencia-en-el-cine-de-hitchcock-jose-luis-panero-2.jpg\",\"width\":1200,\"height\":630},{\"@type\":\"BreadcrumbList\",\"@id\":\"https:\\\/\\\/www.cope.es\\\/blogs\\\/cine-y-libertad\\\/2024\\\/11\\\/22\\\/el-mal-y-la-violencia-en-el-cine-de-hitchcock-la-magia-de-un-maestro\\\/#breadcrumb\",\"itemListElement\":[{\"@type\":\"ListItem\",\"position\":1,\"name\":\"Portada\",\"item\":\"https:\\\/\\\/www.cope.es\\\/blogs\\\/cine-y-libertad\\\/\"},{\"@type\":\"ListItem\",\"position\":2,\"name\":\"El mal y la violencia en el cine de Hitchcock-La magia de un maestro\"}]},{\"@type\":\"WebSite\",\"@id\":\"https:\\\/\\\/www.cope.es\\\/blogs\\\/cine-y-libertad\\\/#website\",\"url\":\"https:\\\/\\\/www.cope.es\\\/blogs\\\/cine-y-libertad\\\/\",\"name\":\"Cine y Libertad\",\"description\":\"Cine y Libertad un blog de COPE\",\"potentialAction\":[{\"@type\":\"SearchAction\",\"target\":{\"@type\":\"EntryPoint\",\"urlTemplate\":\"https:\\\/\\\/www.cope.es\\\/blogs\\\/cine-y-libertad\\\/?s={search_term_string}\"},\"query-input\":{\"@type\":\"PropertyValueSpecification\",\"valueRequired\":true,\"valueName\":\"search_term_string\"}}],\"inLanguage\":\"es\"},{\"@type\":\"Person\",\"@id\":\"https:\\\/\\\/www.cope.es\\\/blogs\\\/cine-y-libertad\\\/#\\\/schema\\\/person\\\/c95904a4fbf751a8d9124f8fa8bdaace\",\"name\":\"V\u00edctor Alvarado\",\"image\":{\"@type\":\"ImageObject\",\"inLanguage\":\"es\",\"@id\":\"https:\\\/\\\/secure.gravatar.com\\\/avatar\\\/db4634ae2001f7f920b8294d926f3e737ada04196e014ebacae29a4848f905f4?s=96&d=mm&r=g\",\"url\":\"https:\\\/\\\/secure.gravatar.com\\\/avatar\\\/db4634ae2001f7f920b8294d926f3e737ada04196e014ebacae29a4848f905f4?s=96&d=mm&r=g\",\"contentUrl\":\"https:\\\/\\\/secure.gravatar.com\\\/avatar\\\/db4634ae2001f7f920b8294d926f3e737ada04196e014ebacae29a4848f905f4?s=96&d=mm&r=g\",\"caption\":\"V\u00edctor Alvarado\"},\"description\":\"V\u00edctor Alvarado tiene una larga experiencia tanto en medios de comunicaci\u00f3n como en educaci\u00f3n. Dirige el programa de radio, Directo a las Estrellas, en Intereconom\u00eda (Castilla y Le\u00f3n) y Informa Radio en toda Espa\u00f1a. Ha colaborado en Radio Inter y Esradio. Cr\u00edtico de cine en Pantalla 90, Diario Ya y P\u00e1ginas Digital. Es miembro del CEC. Es el autor de libro: La fe, la \u00e9tica y los valores de los superh\u00e9roes (PPC). Esta es su web: www.cineylibertad.com y, por supuesto, lleva m\u00e1s de 5 a\u00f1os como bloguero de Cope, donde analiza el cine, los c\u00f3mics y los libros desde una \u00f3ptica antropol\u00f3gica y axiol\u00f3gica, atendiendo a todas las dimensiones del ser humano.\",\"sameAs\":[\"http:\\\/\\\/www.cineylibertad.com\",\"https:\\\/\\\/www.facebook.com\\\/victor.alvarado.56829446\",\"https:\\\/\\\/www.instagram.com\\\/cineylibertad\\\/\",\"https:\\\/\\\/x.com\\\/cineylibertad\"],\"url\":\"https:\\\/\\\/www.cope.es\\\/blogs\\\/cine-y-libertad\\\/author\\\/valvarado\\\/\"}]}<\/script>\n<!-- \/ Yoast SEO plugin. -->","yoast_head_json":{"title":"El mal y la violencia en el cine de Hitchcock-La magia de un maestro","description":"El mal y la violencia en el cine de Hitchcock-La magia de un maestro. \u00bfQu\u00e9 pel\u00edculas de este realizador brit\u00e1nico no nos podemos perder?","robots":{"index":"index","follow":"follow","max-snippet":"max-snippet:-1","max-image-preview":"max-image-preview:large","max-video-preview":"max-video-preview:-1"},"canonical":"https:\/\/www.cope.es\/blogs\/cine-y-libertad\/2024\/11\/22\/el-mal-y-la-violencia-en-el-cine-de-hitchcock-la-magia-de-un-maestro\/","og_locale":"es_ES","og_type":"article","og_title":"El mal y la violencia en el cine de Hitchcock-La magia de un maestro","og_description":"El mal y la violencia en el cine de Hitchcock-La magia de un maestro. \u00bfQu\u00e9 pel\u00edculas de este realizador brit\u00e1nico no nos podemos perder?","og_url":"https:\/\/www.cope.es\/blogs\/cine-y-libertad\/2024\/11\/22\/el-mal-y-la-violencia-en-el-cine-de-hitchcock-la-magia-de-un-maestro\/","og_site_name":"Cine y Libertad","article_publisher":"https:\/\/www.facebook.com\/cope\/","article_author":"https:\/\/www.facebook.com\/victor.alvarado.56829446","article_published_time":"2024-11-22T11:07:20+00:00","og_image":[{"width":1200,"height":630,"url":"https:\/\/www.cope.es\/blogs\/cine-y-libertad\/wp-content\/uploads\/sites\/7\/2024\/11\/el-mal-y-la-violencia-en-el-cine-de-hitchcock-jose-luis-panero-2.jpg","type":"image\/jpeg"}],"author":"V\u00edctor Alvarado","twitter_card":"summary_large_image","twitter_creator":"@cineylibertad","twitter_site":"@cope_es","twitter_misc":{"Escrito por":"V\u00edctor Alvarado","Tiempo de lectura":"1 minuto"},"schema":{"@context":"https:\/\/schema.org","@graph":[{"@type":"Article","@id":"https:\/\/www.cope.es\/blogs\/cine-y-libertad\/2024\/11\/22\/el-mal-y-la-violencia-en-el-cine-de-hitchcock-la-magia-de-un-maestro\/#article","isPartOf":{"@id":"https:\/\/www.cope.es\/blogs\/cine-y-libertad\/2024\/11\/22\/el-mal-y-la-violencia-en-el-cine-de-hitchcock-la-magia-de-un-maestro\/"},"author":{"name":"V\u00edctor Alvarado","@id":"https:\/\/www.cope.es\/blogs\/cine-y-libertad\/#\/schema\/person\/c95904a4fbf751a8d9124f8fa8bdaace"},"headline":"El mal y la violencia en el cine de Hitchcock-La magia de un maestro","datePublished":"2024-11-22T11:07:20+00:00","mainEntityOfPage":{"@id":"https:\/\/www.cope.es\/blogs\/cine-y-libertad\/2024\/11\/22\/el-mal-y-la-violencia-en-el-cine-de-hitchcock-la-magia-de-un-maestro\/"},"wordCount":209,"commentCount":0,"image":{"@id":"https:\/\/www.cope.es\/blogs\/cine-y-libertad\/2024\/11\/22\/el-mal-y-la-violencia-en-el-cine-de-hitchcock-la-magia-de-un-maestro\/#primaryimage"},"thumbnailUrl":"https:\/\/www.cope.es\/blogs\/cine-y-libertad\/wp-content\/uploads\/sites\/7\/2024\/11\/el-mal-y-la-violencia-en-el-cine-de-hitchcock-jose-luis-panero-2.jpg","keywords":["Alfred Hitchcock","cine ingl\u00e9s","El mal y la violencia en el cine de Hitchcock","El mal y la violencia en el cine de Hitchcock-La magia de un maestro","intriga","matrimonio","misoginia","obra maestra","ondina"],"articleSection":["cine","cine brit\u00e1nico","genios de la direcci\u00f3n","intriga","mujeres","Obra maestra"],"inLanguage":"es","potentialAction":[{"@type":"CommentAction","name":"Comment","target":["https:\/\/www.cope.es\/blogs\/cine-y-libertad\/2024\/11\/22\/el-mal-y-la-violencia-en-el-cine-de-hitchcock-la-magia-de-un-maestro\/#respond"]}]},{"@type":"WebPage","@id":"https:\/\/www.cope.es\/blogs\/cine-y-libertad\/2024\/11\/22\/el-mal-y-la-violencia-en-el-cine-de-hitchcock-la-magia-de-un-maestro\/","url":"https:\/\/www.cope.es\/blogs\/cine-y-libertad\/2024\/11\/22\/el-mal-y-la-violencia-en-el-cine-de-hitchcock-la-magia-de-un-maestro\/","name":"El mal y la violencia en el cine de Hitchcock-La magia de un maestro","isPartOf":{"@id":"https:\/\/www.cope.es\/blogs\/cine-y-libertad\/#website"},"primaryImageOfPage":{"@id":"https:\/\/www.cope.es\/blogs\/cine-y-libertad\/2024\/11\/22\/el-mal-y-la-violencia-en-el-cine-de-hitchcock-la-magia-de-un-maestro\/#primaryimage"},"image":{"@id":"https:\/\/www.cope.es\/blogs\/cine-y-libertad\/2024\/11\/22\/el-mal-y-la-violencia-en-el-cine-de-hitchcock-la-magia-de-un-maestro\/#primaryimage"},"thumbnailUrl":"https:\/\/www.cope.es\/blogs\/cine-y-libertad\/wp-content\/uploads\/sites\/7\/2024\/11\/el-mal-y-la-violencia-en-el-cine-de-hitchcock-jose-luis-panero-2.jpg","datePublished":"2024-11-22T11:07:20+00:00","author":{"@id":"https:\/\/www.cope.es\/blogs\/cine-y-libertad\/#\/schema\/person\/c95904a4fbf751a8d9124f8fa8bdaace"},"description":"El mal y la violencia en el cine de Hitchcock-La magia de un maestro. \u00bfQu\u00e9 pel\u00edculas de este realizador brit\u00e1nico no nos podemos perder?","breadcrumb":{"@id":"https:\/\/www.cope.es\/blogs\/cine-y-libertad\/2024\/11\/22\/el-mal-y-la-violencia-en-el-cine-de-hitchcock-la-magia-de-un-maestro\/#breadcrumb"},"inLanguage":"es","potentialAction":[{"@type":"ReadAction","target":["https:\/\/www.cope.es\/blogs\/cine-y-libertad\/2024\/11\/22\/el-mal-y-la-violencia-en-el-cine-de-hitchcock-la-magia-de-un-maestro\/"]}]},{"@type":"ImageObject","inLanguage":"es","@id":"https:\/\/www.cope.es\/blogs\/cine-y-libertad\/2024\/11\/22\/el-mal-y-la-violencia-en-el-cine-de-hitchcock-la-magia-de-un-maestro\/#primaryimage","url":"https:\/\/www.cope.es\/blogs\/cine-y-libertad\/wp-content\/uploads\/sites\/7\/2024\/11\/el-mal-y-la-violencia-en-el-cine-de-hitchcock-jose-luis-panero-2.jpg","contentUrl":"https:\/\/www.cope.es\/blogs\/cine-y-libertad\/wp-content\/uploads\/sites\/7\/2024\/11\/el-mal-y-la-violencia-en-el-cine-de-hitchcock-jose-luis-panero-2.jpg","width":1200,"height":630},{"@type":"BreadcrumbList","@id":"https:\/\/www.cope.es\/blogs\/cine-y-libertad\/2024\/11\/22\/el-mal-y-la-violencia-en-el-cine-de-hitchcock-la-magia-de-un-maestro\/#breadcrumb","itemListElement":[{"@type":"ListItem","position":1,"name":"Portada","item":"https:\/\/www.cope.es\/blogs\/cine-y-libertad\/"},{"@type":"ListItem","position":2,"name":"El mal y la violencia en el cine de Hitchcock-La magia de un maestro"}]},{"@type":"WebSite","@id":"https:\/\/www.cope.es\/blogs\/cine-y-libertad\/#website","url":"https:\/\/www.cope.es\/blogs\/cine-y-libertad\/","name":"Cine y Libertad","description":"Cine y Libertad un blog de COPE","potentialAction":[{"@type":"SearchAction","target":{"@type":"EntryPoint","urlTemplate":"https:\/\/www.cope.es\/blogs\/cine-y-libertad\/?s={search_term_string}"},"query-input":{"@type":"PropertyValueSpecification","valueRequired":true,"valueName":"search_term_string"}}],"inLanguage":"es"},{"@type":"Person","@id":"https:\/\/www.cope.es\/blogs\/cine-y-libertad\/#\/schema\/person\/c95904a4fbf751a8d9124f8fa8bdaace","name":"V\u00edctor Alvarado","image":{"@type":"ImageObject","inLanguage":"es","@id":"https:\/\/secure.gravatar.com\/avatar\/db4634ae2001f7f920b8294d926f3e737ada04196e014ebacae29a4848f905f4?s=96&d=mm&r=g","url":"https:\/\/secure.gravatar.com\/avatar\/db4634ae2001f7f920b8294d926f3e737ada04196e014ebacae29a4848f905f4?s=96&d=mm&r=g","contentUrl":"https:\/\/secure.gravatar.com\/avatar\/db4634ae2001f7f920b8294d926f3e737ada04196e014ebacae29a4848f905f4?s=96&d=mm&r=g","caption":"V\u00edctor Alvarado"},"description":"V\u00edctor Alvarado tiene una larga experiencia tanto en medios de comunicaci\u00f3n como en educaci\u00f3n. Dirige el programa de radio, Directo a las Estrellas, en Intereconom\u00eda (Castilla y Le\u00f3n) y Informa Radio en toda Espa\u00f1a. Ha colaborado en Radio Inter y Esradio. Cr\u00edtico de cine en Pantalla 90, Diario Ya y P\u00e1ginas Digital. Es miembro del CEC. Es el autor de libro: La fe, la \u00e9tica y los valores de los superh\u00e9roes (PPC). Esta es su web: www.cineylibertad.com y, por supuesto, lleva m\u00e1s de 5 a\u00f1os como bloguero de Cope, donde analiza el cine, los c\u00f3mics y los libros desde una \u00f3ptica antropol\u00f3gica y axiol\u00f3gica, atendiendo a todas las dimensiones del ser humano.","sameAs":["http:\/\/www.cineylibertad.com","https:\/\/www.facebook.com\/victor.alvarado.56829446","https:\/\/www.instagram.com\/cineylibertad\/","https:\/\/x.com\/cineylibertad"],"url":"https:\/\/www.cope.es\/blogs\/cine-y-libertad\/author\/valvarado\/"}]}},"amp_enabled":true,"_links":{"self":[{"href":"https:\/\/www.cope.es\/blogs\/cine-y-libertad\/wp-json\/wp\/v2\/posts\/8177","targetHints":{"allow":["GET"]}}],"collection":[{"href":"https:\/\/www.cope.es\/blogs\/cine-y-libertad\/wp-json\/wp\/v2\/posts"}],"about":[{"href":"https:\/\/www.cope.es\/blogs\/cine-y-libertad\/wp-json\/wp\/v2\/types\/post"}],"author":[{"embeddable":true,"href":"https:\/\/www.cope.es\/blogs\/cine-y-libertad\/wp-json\/wp\/v2\/users\/7"}],"replies":[{"embeddable":true,"href":"https:\/\/www.cope.es\/blogs\/cine-y-libertad\/wp-json\/wp\/v2\/comments?post=8177"}],"version-history":[{"count":2,"href":"https:\/\/www.cope.es\/blogs\/cine-y-libertad\/wp-json\/wp\/v2\/posts\/8177\/revisions"}],"predecessor-version":[{"id":8189,"href":"https:\/\/www.cope.es\/blogs\/cine-y-libertad\/wp-json\/wp\/v2\/posts\/8177\/revisions\/8189"}],"wp:featuredmedia":[{"embeddable":true,"href":"https:\/\/www.cope.es\/blogs\/cine-y-libertad\/wp-json\/wp\/v2\/media\/8185"}],"wp:attachment":[{"href":"https:\/\/www.cope.es\/blogs\/cine-y-libertad\/wp-json\/wp\/v2\/media?parent=8177"}],"wp:term":[{"taxonomy":"category","embeddable":true,"href":"https:\/\/www.cope.es\/blogs\/cine-y-libertad\/wp-json\/wp\/v2\/categories?post=8177"},{"taxonomy":"post_tag","embeddable":true,"href":"https:\/\/www.cope.es\/blogs\/cine-y-libertad\/wp-json\/wp\/v2\/tags?post=8177"}],"curies":[{"name":"wp","href":"https:\/\/api.w.org\/{rel}","templated":true}]}}