{"id":8011,"date":"2024-10-05T18:12:59","date_gmt":"2024-10-05T16:12:59","guid":{"rendered":"http:\/\/www.cope.es\/blogs\/cine-y-libertad\/?p=8011"},"modified":"2024-10-05T22:18:06","modified_gmt":"2024-10-05T20:18:06","slug":"alas-blancas-pasado-y-presente-se-conjugan-para-acabar-con-el-acoso-escolar-bullying","status":"publish","type":"post","link":"https:\/\/www.cope.es\/blogs\/cine-y-libertad\/2024\/10\/05\/alas-blancas-pasado-y-presente-se-conjugan-para-acabar-con-el-acoso-escolar-bullying\/","title":{"rendered":"Alas blancas-Pasado y presente se conjugan para acabar con el acoso escolar (bullying)"},"content":{"rendered":"<p><a href=\"https:\/\/www.ivoox.com\/alas-blancas-pasado-presente-se-conjugan-para-acabar-audios-mp3_rf_134524183_1.html\">Alas blancas-Pasado y presente se conjugan para acabar con el acoso escolar (bullying)<\/a>. \u00bfPor qu\u00e9 es tan importante escuchar la voz de la experiencia?<\/p>\n<p>Aqu\u00ed puedes escuchar su comentario (V\u00edctor Alvarado es el autor de: el libro: La fe, la \u00e9tica y los valores de los superh\u00e9roes: <a href=\"https:\/\/www.ppc-editorial.com\/libro\/la-fe-la-etica-y-los-valores-de-los-superheroes\"><em>La fe, la \u00e9tica y los valores de los superh\u00e9roes<\/em><\/a>\u00a0)<\/p>\n<p><iframe loading=\"lazy\" src=\"https:\/\/www.ivoox.com\/player_ej_134524183_6_1.html?c1=004080\" width=\"100%\" height=\"200\" frameborder=\"0\"><\/iframe><\/p>\n<p>\u00a1Lectores y amigos de Cine y Libertad!<\/p>\n<p>El equipo de producci\u00f3n nos habla de su pel\u00edcula, basado en la novela de la escritora R.J. Palacio:<\/p>\n<article id=\"post-3413\" class=\"post-3413 post type-post status-publish format-standard has-post-thumbnail hentry category-cine category-familia category-genios-de-la-direccion category-obra-maestra category-thriller tag-eric-bana\">\n<div class=\"entry-content\">\n<div class=\"description\">\n<p>Julian lucha por pertenecer a un grupo desde que fue expulsado de su antiguo colegio por maltratar a Auggie Pullman. Para transformar su vida, su abuela (Helen Mirren) le revela su propia historia de valent\u00eda: durante su juventud en la Francia ocupada por los nazis, un chico le protegi\u00f3 arriesgando su propia vida. Ambos encontrar\u00e1n el primer amor en un asombroso y m\u00e1gico mundo de su propia creaci\u00f3n, mientras la madre del chico (Gillian Anderson) lo arriesgar\u00e1 todo para mantenerlos a salvo.<\/p>\n<p>Por otra parte, recomendamos este c\u00f3mic porque sirve para solucionar ciertos tipos de acoso escolar&#8230;<a href=\"https:\/\/www.ivoox.com\/subnormal-una-historia-acoso-escolar-el-bullying-y-audios-mp3_rf_88538877_1.html\">Subnormal. Una historia de acoso escolar-El bullying y una inteligente forma de acabar con ese problema<\/a>. \u00bfC\u00f3mo se puede luchar contra esa lacra?<\/p>\n<\/div>\n<p><iframe loading=\"lazy\" title=\"Subnormal. Una historia de acoso escolar-El Bullying y una inteligente forma de acabar con ese pr...\" width=\"508\" height=\"381\" src=\"https:\/\/www.youtube.com\/embed\/IlzLEc0LGqQ?feature=oembed\" frameborder=\"0\" allow=\"accelerometer; autoplay; clipboard-write; encrypted-media; gyroscope; picture-in-picture; web-share\" referrerpolicy=\"strict-origin-when-cross-origin\" allowfullscreen><\/iframe><\/p>\n<div class=\"description\">\n<p>I\u00f1aki Zubizarreta, ex jugador de baloncesto y con un f\u00edsico portentoso, sufri\u00f3 la dureza del bullying durante su escolarizaci\u00f3n. Su altura y fuerza f\u00edsica no sirvieron para nada ante la manada de los acosadores, que lo llevaron al borde de la muerte. Todos somos vulnerables. Esta historia real est\u00e1 guionizada por Fernando Llor y dibujada por Miguel Porto, ante la supervisi\u00f3n de I\u00f1aki, la imagen en Espa\u00f1a de quienes luchan contra esta lacra.<\/p>\n<p><a href=\"https:\/\/www.ivoox.com\/podcast-cine-libertad_sq_f121636_1.html\">V\u00edctor Alvarado<\/a><\/p>\n<\/div>\n<\/div>\n<\/article>\n<div class=\"clearfix\">\n<div class=\"std\">\n<p>Instagram:<a href=\"https:\/\/www.instagram.com\/cineylibertad\/\">https:\/\/www.instagram.com\/cineylibertad\/<\/a><\/p>\n<p>Facebook:\u00a0<a href=\"https:\/\/www.facebook.com\/victor.alvarado.56829446\" target=\"_blank\">https:\/\/www.facebook.com\/victor.alvarado.56829446<\/a><\/p>\n<p>Twitter:<span class=\"r-18u37iz\"><a class=\"css-4rbku5 css-18t94o4 css-901oao css-16my406 r-1n1174f r-1loqt21 r-poiln3 r-bcqeeo r-qvutc0\" href=\"https:\/\/twitter.com\/cineylibertad\">@cineylibertad<\/a><\/span><\/p>\n<\/div>\n<\/div>\n","protected":false},"excerpt":{"rendered":"<p>Alas blancas-Pasado y presente se conjugan para acabar con el acoso escolar (bullying). \u00bfPor qu\u00e9 es tan importante escuchar la voz de la experiencia? Aqu\u00ed puedes escuchar su comentario (V\u00edctor Alvarado es el autor de: el libro: La fe, la \u00e9tica y los valores de los superh\u00e9roes: La fe, la \u00e9tica y los valores de [&hellip;]<\/p>\n","protected":false},"author":7,"featured_media":8014,"comment_status":"open","ping_status":"open","sticky":false,"template":"","format":"standard","meta":{"footnotes":""},"categories":[623,1686,273,133,267],"tags":[3864,3867,625,470,3865,3866],"class_list":["post-8011","post","type-post","status-publish","format-standard","has-post-thumbnail","hentry","category-bullying","category-cine-aleman-2","category-judaismo-2","category-mujeres","category-nazismo","tag-alas-blancas","tag-alas-blancas-pasado-y-presente-se-conjugan-para-acabar-con-el-acoso","tag-bullying","tag-nazismo","tag-r-j-palacio","tag-white-bird"],"yoast_head":"<!-- This site is optimized with the Yoast SEO plugin v27.4 - https:\/\/yoast.com\/product\/yoast-seo-wordpress\/ -->\n<title>Alas blancas-Pasado y presente se conjugan para acabar con el acoso<\/title>\n<meta name=\"description\" content=\"Alas blancas-Pasado y presente se conjugan para acabar con el acoso escolar (bullying) \u00bfPor qu\u00e9 es tan importante escuchar la voz de la experiencia?\" \/>\n<meta name=\"robots\" content=\"index, follow, max-snippet:-1, max-image-preview:large, max-video-preview:-1\" \/>\n<link rel=\"canonical\" href=\"https:\/\/www.cope.es\/blogs\/cine-y-libertad\/2024\/10\/05\/alas-blancas-pasado-y-presente-se-conjugan-para-acabar-con-el-acoso-escolar-bullying\/\" \/>\n<meta property=\"og:locale\" content=\"es_ES\" \/>\n<meta property=\"og:type\" content=\"article\" \/>\n<meta property=\"og:title\" content=\"Alas blancas-Pasado y presente se conjugan para acabar con el acoso\" \/>\n<meta property=\"og:description\" content=\"Alas blancas-Pasado y presente se conjugan para acabar con el acoso escolar (bullying) \u00bfPor qu\u00e9 es tan importante escuchar la voz de la experiencia?\" \/>\n<meta property=\"og:url\" content=\"https:\/\/www.cope.es\/blogs\/cine-y-libertad\/2024\/10\/05\/alas-blancas-pasado-y-presente-se-conjugan-para-acabar-con-el-acoso-escolar-bullying\/\" \/>\n<meta property=\"og:site_name\" content=\"Cine y Libertad\" \/>\n<meta property=\"article:publisher\" content=\"https:\/\/www.facebook.com\/cope\/\" \/>\n<meta property=\"article:author\" content=\"https:\/\/www.facebook.com\/victor.alvarado.56829446\" \/>\n<meta property=\"article:published_time\" content=\"2024-10-05T16:12:59+00:00\" \/>\n<meta property=\"article:modified_time\" content=\"2024-10-05T20:18:06+00:00\" \/>\n<meta property=\"og:image\" content=\"https:\/\/www.cope.es\/blogs\/cine-y-libertad\/wp-content\/uploads\/sites\/7\/2024\/10\/alas-blancas-pasado-y-presente-se-conjugan-para-acabar-por-el-acoso-escolar-bullying2.jpg\" \/>\n\t<meta property=\"og:image:width\" content=\"800\" \/>\n\t<meta property=\"og:image:height\" content=\"520\" \/>\n\t<meta property=\"og:image:type\" content=\"image\/jpeg\" \/>\n<meta name=\"author\" content=\"V\u00edctor Alvarado\" \/>\n<meta name=\"twitter:card\" content=\"summary_large_image\" \/>\n<meta name=\"twitter:creator\" content=\"@cineylibertad\" \/>\n<meta name=\"twitter:site\" content=\"@cope_es\" \/>\n<meta name=\"twitter:label1\" content=\"Escrito por\" \/>\n\t<meta name=\"twitter:data1\" content=\"V\u00edctor Alvarado\" \/>\n\t<meta name=\"twitter:label2\" content=\"Tiempo de lectura\" \/>\n\t<meta name=\"twitter:data2\" content=\"2 minutos\" \/>\n<script type=\"application\/ld+json\" class=\"yoast-schema-graph\">{\"@context\":\"https:\\\/\\\/schema.org\",\"@graph\":[{\"@type\":\"Article\",\"@id\":\"https:\\\/\\\/www.cope.es\\\/blogs\\\/cine-y-libertad\\\/2024\\\/10\\\/05\\\/alas-blancas-pasado-y-presente-se-conjugan-para-acabar-con-el-acoso-escolar-bullying\\\/#article\",\"isPartOf\":{\"@id\":\"https:\\\/\\\/www.cope.es\\\/blogs\\\/cine-y-libertad\\\/2024\\\/10\\\/05\\\/alas-blancas-pasado-y-presente-se-conjugan-para-acabar-con-el-acoso-escolar-bullying\\\/\"},\"author\":{\"name\":\"V\u00edctor Alvarado\",\"@id\":\"https:\\\/\\\/www.cope.es\\\/blogs\\\/cine-y-libertad\\\/#\\\/schema\\\/person\\\/c95904a4fbf751a8d9124f8fa8bdaace\"},\"headline\":\"Alas blancas-Pasado y presente se conjugan para acabar con el acoso escolar (bullying)\",\"datePublished\":\"2024-10-05T16:12:59+00:00\",\"dateModified\":\"2024-10-05T20:18:06+00:00\",\"mainEntityOfPage\":{\"@id\":\"https:\\\/\\\/www.cope.es\\\/blogs\\\/cine-y-libertad\\\/2024\\\/10\\\/05\\\/alas-blancas-pasado-y-presente-se-conjugan-para-acabar-con-el-acoso-escolar-bullying\\\/\"},\"wordCount\":333,\"commentCount\":0,\"image\":{\"@id\":\"https:\\\/\\\/www.cope.es\\\/blogs\\\/cine-y-libertad\\\/2024\\\/10\\\/05\\\/alas-blancas-pasado-y-presente-se-conjugan-para-acabar-con-el-acoso-escolar-bullying\\\/#primaryimage\"},\"thumbnailUrl\":\"https:\\\/\\\/www.cope.es\\\/blogs\\\/cine-y-libertad\\\/wp-content\\\/uploads\\\/sites\\\/7\\\/2024\\\/10\\\/alas-blancas-pasado-y-presente-se-conjugan-para-acabar-por-el-acoso-escolar-bullying2.jpg\",\"keywords\":[\"Alas blancas\",\"Alas blancas-Pasado y presente se conjugan para acabar con el acoso\",\"bullying\",\"nazismo\",\"R J Palacio\",\"White bird\"],\"articleSection\":[\"bullying\",\"cine alem\u00e1n\",\"Juda\u00edsmo\",\"mujeres\",\"nazismo\"],\"inLanguage\":\"es\",\"potentialAction\":[{\"@type\":\"CommentAction\",\"name\":\"Comment\",\"target\":[\"https:\\\/\\\/www.cope.es\\\/blogs\\\/cine-y-libertad\\\/2024\\\/10\\\/05\\\/alas-blancas-pasado-y-presente-se-conjugan-para-acabar-con-el-acoso-escolar-bullying\\\/#respond\"]}]},{\"@type\":\"WebPage\",\"@id\":\"https:\\\/\\\/www.cope.es\\\/blogs\\\/cine-y-libertad\\\/2024\\\/10\\\/05\\\/alas-blancas-pasado-y-presente-se-conjugan-para-acabar-con-el-acoso-escolar-bullying\\\/\",\"url\":\"https:\\\/\\\/www.cope.es\\\/blogs\\\/cine-y-libertad\\\/2024\\\/10\\\/05\\\/alas-blancas-pasado-y-presente-se-conjugan-para-acabar-con-el-acoso-escolar-bullying\\\/\",\"name\":\"Alas blancas-Pasado y presente se conjugan para acabar con el acoso\",\"isPartOf\":{\"@id\":\"https:\\\/\\\/www.cope.es\\\/blogs\\\/cine-y-libertad\\\/#website\"},\"primaryImageOfPage\":{\"@id\":\"https:\\\/\\\/www.cope.es\\\/blogs\\\/cine-y-libertad\\\/2024\\\/10\\\/05\\\/alas-blancas-pasado-y-presente-se-conjugan-para-acabar-con-el-acoso-escolar-bullying\\\/#primaryimage\"},\"image\":{\"@id\":\"https:\\\/\\\/www.cope.es\\\/blogs\\\/cine-y-libertad\\\/2024\\\/10\\\/05\\\/alas-blancas-pasado-y-presente-se-conjugan-para-acabar-con-el-acoso-escolar-bullying\\\/#primaryimage\"},\"thumbnailUrl\":\"https:\\\/\\\/www.cope.es\\\/blogs\\\/cine-y-libertad\\\/wp-content\\\/uploads\\\/sites\\\/7\\\/2024\\\/10\\\/alas-blancas-pasado-y-presente-se-conjugan-para-acabar-por-el-acoso-escolar-bullying2.jpg\",\"datePublished\":\"2024-10-05T16:12:59+00:00\",\"dateModified\":\"2024-10-05T20:18:06+00:00\",\"author\":{\"@id\":\"https:\\\/\\\/www.cope.es\\\/blogs\\\/cine-y-libertad\\\/#\\\/schema\\\/person\\\/c95904a4fbf751a8d9124f8fa8bdaace\"},\"description\":\"Alas blancas-Pasado y presente se conjugan para acabar con el acoso escolar (bullying) \u00bfPor qu\u00e9 es tan importante escuchar la voz de la experiencia?\",\"breadcrumb\":{\"@id\":\"https:\\\/\\\/www.cope.es\\\/blogs\\\/cine-y-libertad\\\/2024\\\/10\\\/05\\\/alas-blancas-pasado-y-presente-se-conjugan-para-acabar-con-el-acoso-escolar-bullying\\\/#breadcrumb\"},\"inLanguage\":\"es\",\"potentialAction\":[{\"@type\":\"ReadAction\",\"target\":[\"https:\\\/\\\/www.cope.es\\\/blogs\\\/cine-y-libertad\\\/2024\\\/10\\\/05\\\/alas-blancas-pasado-y-presente-se-conjugan-para-acabar-con-el-acoso-escolar-bullying\\\/\"]}]},{\"@type\":\"ImageObject\",\"inLanguage\":\"es\",\"@id\":\"https:\\\/\\\/www.cope.es\\\/blogs\\\/cine-y-libertad\\\/2024\\\/10\\\/05\\\/alas-blancas-pasado-y-presente-se-conjugan-para-acabar-con-el-acoso-escolar-bullying\\\/#primaryimage\",\"url\":\"https:\\\/\\\/www.cope.es\\\/blogs\\\/cine-y-libertad\\\/wp-content\\\/uploads\\\/sites\\\/7\\\/2024\\\/10\\\/alas-blancas-pasado-y-presente-se-conjugan-para-acabar-por-el-acoso-escolar-bullying2.jpg\",\"contentUrl\":\"https:\\\/\\\/www.cope.es\\\/blogs\\\/cine-y-libertad\\\/wp-content\\\/uploads\\\/sites\\\/7\\\/2024\\\/10\\\/alas-blancas-pasado-y-presente-se-conjugan-para-acabar-por-el-acoso-escolar-bullying2.jpg\",\"width\":800,\"height\":520},{\"@type\":\"BreadcrumbList\",\"@id\":\"https:\\\/\\\/www.cope.es\\\/blogs\\\/cine-y-libertad\\\/2024\\\/10\\\/05\\\/alas-blancas-pasado-y-presente-se-conjugan-para-acabar-con-el-acoso-escolar-bullying\\\/#breadcrumb\",\"itemListElement\":[{\"@type\":\"ListItem\",\"position\":1,\"name\":\"Portada\",\"item\":\"https:\\\/\\\/www.cope.es\\\/blogs\\\/cine-y-libertad\\\/\"},{\"@type\":\"ListItem\",\"position\":2,\"name\":\"Alas blancas-Pasado y presente se conjugan para acabar con el acoso escolar (bullying)\"}]},{\"@type\":\"WebSite\",\"@id\":\"https:\\\/\\\/www.cope.es\\\/blogs\\\/cine-y-libertad\\\/#website\",\"url\":\"https:\\\/\\\/www.cope.es\\\/blogs\\\/cine-y-libertad\\\/\",\"name\":\"Cine y Libertad\",\"description\":\"Cine y Libertad un blog de COPE\",\"potentialAction\":[{\"@type\":\"SearchAction\",\"target\":{\"@type\":\"EntryPoint\",\"urlTemplate\":\"https:\\\/\\\/www.cope.es\\\/blogs\\\/cine-y-libertad\\\/?s={search_term_string}\"},\"query-input\":{\"@type\":\"PropertyValueSpecification\",\"valueRequired\":true,\"valueName\":\"search_term_string\"}}],\"inLanguage\":\"es\"},{\"@type\":\"Person\",\"@id\":\"https:\\\/\\\/www.cope.es\\\/blogs\\\/cine-y-libertad\\\/#\\\/schema\\\/person\\\/c95904a4fbf751a8d9124f8fa8bdaace\",\"name\":\"V\u00edctor Alvarado\",\"image\":{\"@type\":\"ImageObject\",\"inLanguage\":\"es\",\"@id\":\"https:\\\/\\\/secure.gravatar.com\\\/avatar\\\/db4634ae2001f7f920b8294d926f3e737ada04196e014ebacae29a4848f905f4?s=96&d=mm&r=g\",\"url\":\"https:\\\/\\\/secure.gravatar.com\\\/avatar\\\/db4634ae2001f7f920b8294d926f3e737ada04196e014ebacae29a4848f905f4?s=96&d=mm&r=g\",\"contentUrl\":\"https:\\\/\\\/secure.gravatar.com\\\/avatar\\\/db4634ae2001f7f920b8294d926f3e737ada04196e014ebacae29a4848f905f4?s=96&d=mm&r=g\",\"caption\":\"V\u00edctor Alvarado\"},\"description\":\"V\u00edctor Alvarado tiene una larga experiencia tanto en medios de comunicaci\u00f3n como en educaci\u00f3n. Dirige el programa de radio, Directo a las Estrellas, en Intereconom\u00eda (Castilla y Le\u00f3n) y Informa Radio en toda Espa\u00f1a. Ha colaborado en Radio Inter y Esradio. Cr\u00edtico de cine en Pantalla 90, Diario Ya y P\u00e1ginas Digital. Es miembro del CEC. Es el autor de libro: La fe, la \u00e9tica y los valores de los superh\u00e9roes (PPC). Esta es su web: www.cineylibertad.com y, por supuesto, lleva m\u00e1s de 5 a\u00f1os como bloguero de Cope, donde analiza el cine, los c\u00f3mics y los libros desde una \u00f3ptica antropol\u00f3gica y axiol\u00f3gica, atendiendo a todas las dimensiones del ser humano.\",\"sameAs\":[\"http:\\\/\\\/www.cineylibertad.com\",\"https:\\\/\\\/www.facebook.com\\\/victor.alvarado.56829446\",\"https:\\\/\\\/www.instagram.com\\\/cineylibertad\\\/\",\"https:\\\/\\\/x.com\\\/cineylibertad\"],\"url\":\"https:\\\/\\\/www.cope.es\\\/blogs\\\/cine-y-libertad\\\/author\\\/valvarado\\\/\"}]}<\/script>\n<!-- \/ Yoast SEO plugin. -->","yoast_head_json":{"title":"Alas blancas-Pasado y presente se conjugan para acabar con el acoso","description":"Alas blancas-Pasado y presente se conjugan para acabar con el acoso escolar (bullying) \u00bfPor qu\u00e9 es tan importante escuchar la voz de la experiencia?","robots":{"index":"index","follow":"follow","max-snippet":"max-snippet:-1","max-image-preview":"max-image-preview:large","max-video-preview":"max-video-preview:-1"},"canonical":"https:\/\/www.cope.es\/blogs\/cine-y-libertad\/2024\/10\/05\/alas-blancas-pasado-y-presente-se-conjugan-para-acabar-con-el-acoso-escolar-bullying\/","og_locale":"es_ES","og_type":"article","og_title":"Alas blancas-Pasado y presente se conjugan para acabar con el acoso","og_description":"Alas blancas-Pasado y presente se conjugan para acabar con el acoso escolar (bullying) \u00bfPor qu\u00e9 es tan importante escuchar la voz de la experiencia?","og_url":"https:\/\/www.cope.es\/blogs\/cine-y-libertad\/2024\/10\/05\/alas-blancas-pasado-y-presente-se-conjugan-para-acabar-con-el-acoso-escolar-bullying\/","og_site_name":"Cine y Libertad","article_publisher":"https:\/\/www.facebook.com\/cope\/","article_author":"https:\/\/www.facebook.com\/victor.alvarado.56829446","article_published_time":"2024-10-05T16:12:59+00:00","article_modified_time":"2024-10-05T20:18:06+00:00","og_image":[{"width":800,"height":520,"url":"https:\/\/www.cope.es\/blogs\/cine-y-libertad\/wp-content\/uploads\/sites\/7\/2024\/10\/alas-blancas-pasado-y-presente-se-conjugan-para-acabar-por-el-acoso-escolar-bullying2.jpg","type":"image\/jpeg"}],"author":"V\u00edctor Alvarado","twitter_card":"summary_large_image","twitter_creator":"@cineylibertad","twitter_site":"@cope_es","twitter_misc":{"Escrito por":"V\u00edctor Alvarado","Tiempo de lectura":"2 minutos"},"schema":{"@context":"https:\/\/schema.org","@graph":[{"@type":"Article","@id":"https:\/\/www.cope.es\/blogs\/cine-y-libertad\/2024\/10\/05\/alas-blancas-pasado-y-presente-se-conjugan-para-acabar-con-el-acoso-escolar-bullying\/#article","isPartOf":{"@id":"https:\/\/www.cope.es\/blogs\/cine-y-libertad\/2024\/10\/05\/alas-blancas-pasado-y-presente-se-conjugan-para-acabar-con-el-acoso-escolar-bullying\/"},"author":{"name":"V\u00edctor Alvarado","@id":"https:\/\/www.cope.es\/blogs\/cine-y-libertad\/#\/schema\/person\/c95904a4fbf751a8d9124f8fa8bdaace"},"headline":"Alas blancas-Pasado y presente se conjugan para acabar con el acoso escolar (bullying)","datePublished":"2024-10-05T16:12:59+00:00","dateModified":"2024-10-05T20:18:06+00:00","mainEntityOfPage":{"@id":"https:\/\/www.cope.es\/blogs\/cine-y-libertad\/2024\/10\/05\/alas-blancas-pasado-y-presente-se-conjugan-para-acabar-con-el-acoso-escolar-bullying\/"},"wordCount":333,"commentCount":0,"image":{"@id":"https:\/\/www.cope.es\/blogs\/cine-y-libertad\/2024\/10\/05\/alas-blancas-pasado-y-presente-se-conjugan-para-acabar-con-el-acoso-escolar-bullying\/#primaryimage"},"thumbnailUrl":"https:\/\/www.cope.es\/blogs\/cine-y-libertad\/wp-content\/uploads\/sites\/7\/2024\/10\/alas-blancas-pasado-y-presente-se-conjugan-para-acabar-por-el-acoso-escolar-bullying2.jpg","keywords":["Alas blancas","Alas blancas-Pasado y presente se conjugan para acabar con el acoso","bullying","nazismo","R J Palacio","White bird"],"articleSection":["bullying","cine alem\u00e1n","Juda\u00edsmo","mujeres","nazismo"],"inLanguage":"es","potentialAction":[{"@type":"CommentAction","name":"Comment","target":["https:\/\/www.cope.es\/blogs\/cine-y-libertad\/2024\/10\/05\/alas-blancas-pasado-y-presente-se-conjugan-para-acabar-con-el-acoso-escolar-bullying\/#respond"]}]},{"@type":"WebPage","@id":"https:\/\/www.cope.es\/blogs\/cine-y-libertad\/2024\/10\/05\/alas-blancas-pasado-y-presente-se-conjugan-para-acabar-con-el-acoso-escolar-bullying\/","url":"https:\/\/www.cope.es\/blogs\/cine-y-libertad\/2024\/10\/05\/alas-blancas-pasado-y-presente-se-conjugan-para-acabar-con-el-acoso-escolar-bullying\/","name":"Alas blancas-Pasado y presente se conjugan para acabar con el acoso","isPartOf":{"@id":"https:\/\/www.cope.es\/blogs\/cine-y-libertad\/#website"},"primaryImageOfPage":{"@id":"https:\/\/www.cope.es\/blogs\/cine-y-libertad\/2024\/10\/05\/alas-blancas-pasado-y-presente-se-conjugan-para-acabar-con-el-acoso-escolar-bullying\/#primaryimage"},"image":{"@id":"https:\/\/www.cope.es\/blogs\/cine-y-libertad\/2024\/10\/05\/alas-blancas-pasado-y-presente-se-conjugan-para-acabar-con-el-acoso-escolar-bullying\/#primaryimage"},"thumbnailUrl":"https:\/\/www.cope.es\/blogs\/cine-y-libertad\/wp-content\/uploads\/sites\/7\/2024\/10\/alas-blancas-pasado-y-presente-se-conjugan-para-acabar-por-el-acoso-escolar-bullying2.jpg","datePublished":"2024-10-05T16:12:59+00:00","dateModified":"2024-10-05T20:18:06+00:00","author":{"@id":"https:\/\/www.cope.es\/blogs\/cine-y-libertad\/#\/schema\/person\/c95904a4fbf751a8d9124f8fa8bdaace"},"description":"Alas blancas-Pasado y presente se conjugan para acabar con el acoso escolar (bullying) \u00bfPor qu\u00e9 es tan importante escuchar la voz de la experiencia?","breadcrumb":{"@id":"https:\/\/www.cope.es\/blogs\/cine-y-libertad\/2024\/10\/05\/alas-blancas-pasado-y-presente-se-conjugan-para-acabar-con-el-acoso-escolar-bullying\/#breadcrumb"},"inLanguage":"es","potentialAction":[{"@type":"ReadAction","target":["https:\/\/www.cope.es\/blogs\/cine-y-libertad\/2024\/10\/05\/alas-blancas-pasado-y-presente-se-conjugan-para-acabar-con-el-acoso-escolar-bullying\/"]}]},{"@type":"ImageObject","inLanguage":"es","@id":"https:\/\/www.cope.es\/blogs\/cine-y-libertad\/2024\/10\/05\/alas-blancas-pasado-y-presente-se-conjugan-para-acabar-con-el-acoso-escolar-bullying\/#primaryimage","url":"https:\/\/www.cope.es\/blogs\/cine-y-libertad\/wp-content\/uploads\/sites\/7\/2024\/10\/alas-blancas-pasado-y-presente-se-conjugan-para-acabar-por-el-acoso-escolar-bullying2.jpg","contentUrl":"https:\/\/www.cope.es\/blogs\/cine-y-libertad\/wp-content\/uploads\/sites\/7\/2024\/10\/alas-blancas-pasado-y-presente-se-conjugan-para-acabar-por-el-acoso-escolar-bullying2.jpg","width":800,"height":520},{"@type":"BreadcrumbList","@id":"https:\/\/www.cope.es\/blogs\/cine-y-libertad\/2024\/10\/05\/alas-blancas-pasado-y-presente-se-conjugan-para-acabar-con-el-acoso-escolar-bullying\/#breadcrumb","itemListElement":[{"@type":"ListItem","position":1,"name":"Portada","item":"https:\/\/www.cope.es\/blogs\/cine-y-libertad\/"},{"@type":"ListItem","position":2,"name":"Alas blancas-Pasado y presente se conjugan para acabar con el acoso escolar (bullying)"}]},{"@type":"WebSite","@id":"https:\/\/www.cope.es\/blogs\/cine-y-libertad\/#website","url":"https:\/\/www.cope.es\/blogs\/cine-y-libertad\/","name":"Cine y Libertad","description":"Cine y Libertad un blog de COPE","potentialAction":[{"@type":"SearchAction","target":{"@type":"EntryPoint","urlTemplate":"https:\/\/www.cope.es\/blogs\/cine-y-libertad\/?s={search_term_string}"},"query-input":{"@type":"PropertyValueSpecification","valueRequired":true,"valueName":"search_term_string"}}],"inLanguage":"es"},{"@type":"Person","@id":"https:\/\/www.cope.es\/blogs\/cine-y-libertad\/#\/schema\/person\/c95904a4fbf751a8d9124f8fa8bdaace","name":"V\u00edctor Alvarado","image":{"@type":"ImageObject","inLanguage":"es","@id":"https:\/\/secure.gravatar.com\/avatar\/db4634ae2001f7f920b8294d926f3e737ada04196e014ebacae29a4848f905f4?s=96&d=mm&r=g","url":"https:\/\/secure.gravatar.com\/avatar\/db4634ae2001f7f920b8294d926f3e737ada04196e014ebacae29a4848f905f4?s=96&d=mm&r=g","contentUrl":"https:\/\/secure.gravatar.com\/avatar\/db4634ae2001f7f920b8294d926f3e737ada04196e014ebacae29a4848f905f4?s=96&d=mm&r=g","caption":"V\u00edctor Alvarado"},"description":"V\u00edctor Alvarado tiene una larga experiencia tanto en medios de comunicaci\u00f3n como en educaci\u00f3n. Dirige el programa de radio, Directo a las Estrellas, en Intereconom\u00eda (Castilla y Le\u00f3n) y Informa Radio en toda Espa\u00f1a. Ha colaborado en Radio Inter y Esradio. Cr\u00edtico de cine en Pantalla 90, Diario Ya y P\u00e1ginas Digital. Es miembro del CEC. Es el autor de libro: La fe, la \u00e9tica y los valores de los superh\u00e9roes (PPC). Esta es su web: www.cineylibertad.com y, por supuesto, lleva m\u00e1s de 5 a\u00f1os como bloguero de Cope, donde analiza el cine, los c\u00f3mics y los libros desde una \u00f3ptica antropol\u00f3gica y axiol\u00f3gica, atendiendo a todas las dimensiones del ser humano.","sameAs":["http:\/\/www.cineylibertad.com","https:\/\/www.facebook.com\/victor.alvarado.56829446","https:\/\/www.instagram.com\/cineylibertad\/","https:\/\/x.com\/cineylibertad"],"url":"https:\/\/www.cope.es\/blogs\/cine-y-libertad\/author\/valvarado\/"}]}},"amp_enabled":true,"_links":{"self":[{"href":"https:\/\/www.cope.es\/blogs\/cine-y-libertad\/wp-json\/wp\/v2\/posts\/8011","targetHints":{"allow":["GET"]}}],"collection":[{"href":"https:\/\/www.cope.es\/blogs\/cine-y-libertad\/wp-json\/wp\/v2\/posts"}],"about":[{"href":"https:\/\/www.cope.es\/blogs\/cine-y-libertad\/wp-json\/wp\/v2\/types\/post"}],"author":[{"embeddable":true,"href":"https:\/\/www.cope.es\/blogs\/cine-y-libertad\/wp-json\/wp\/v2\/users\/7"}],"replies":[{"embeddable":true,"href":"https:\/\/www.cope.es\/blogs\/cine-y-libertad\/wp-json\/wp\/v2\/comments?post=8011"}],"version-history":[{"count":2,"href":"https:\/\/www.cope.es\/blogs\/cine-y-libertad\/wp-json\/wp\/v2\/posts\/8011\/revisions"}],"predecessor-version":[{"id":8016,"href":"https:\/\/www.cope.es\/blogs\/cine-y-libertad\/wp-json\/wp\/v2\/posts\/8011\/revisions\/8016"}],"wp:featuredmedia":[{"embeddable":true,"href":"https:\/\/www.cope.es\/blogs\/cine-y-libertad\/wp-json\/wp\/v2\/media\/8014"}],"wp:attachment":[{"href":"https:\/\/www.cope.es\/blogs\/cine-y-libertad\/wp-json\/wp\/v2\/media?parent=8011"}],"wp:term":[{"taxonomy":"category","embeddable":true,"href":"https:\/\/www.cope.es\/blogs\/cine-y-libertad\/wp-json\/wp\/v2\/categories?post=8011"},{"taxonomy":"post_tag","embeddable":true,"href":"https:\/\/www.cope.es\/blogs\/cine-y-libertad\/wp-json\/wp\/v2\/tags?post=8011"}],"curies":[{"name":"wp","href":"https:\/\/api.w.org\/{rel}","templated":true}]}}