{"id":7932,"date":"2024-09-21T12:13:53","date_gmt":"2024-09-21T10:13:53","guid":{"rendered":"http:\/\/www.cope.es\/blogs\/cine-y-libertad\/?p=7932"},"modified":"2024-09-21T12:13:53","modified_gmt":"2024-09-21T10:13:53","slug":"artemisa-de-andy-weir-creador-de-marte-que-inspiro-a-ridley-scott-y-catapulto-a-matt-damon","status":"publish","type":"post","link":"https:\/\/www.cope.es\/blogs\/cine-y-libertad\/2024\/09\/21\/artemisa-de-andy-weir-creador-de-marte-que-inspiro-a-ridley-scott-y-catapulto-a-matt-damon\/","title":{"rendered":"Artemisa de Andy Weir, creador de Marte, que inspir\u00f3 a Ridley Scott y catapult\u00f3 a Matt Damon"},"content":{"rendered":"<p>Artemisa de <a href=\"https:\/\/es.wikipedia.org\/wiki\/Andy_Weir\">Andy Weir<\/a>, creador de <a href=\"https:\/\/es.wikipedia.org\/wiki\/El_marciano\">Marte<\/a>, que inspir\u00f3 a <a href=\"https:\/\/es.wikipedia.org\/wiki\/Ridley_Scott\">Ridley Scott<\/a> y &#8220;catapult\u00f3&#8221; a <a href=\"https:\/\/es.wikipedia.org\/wiki\/Matt_Damon\">Matt Damon<\/a>. \u00bfLas novelas de este autor se apoyan en la ciencia?<\/p>\n<p>Aqu\u00ed puedes escuchar mi comentario (<a href=\"https:\/\/www.cope.es\/blogs\/cine-y-libertad\/2024\/06\/20\/la-fe-la-etica-y-los-valores-de-los-superheroes-el-dia-en-que-el-pulpo-hablo-de-mi-libro\/\">V\u00edctor Alvarado es el autor del libro: La fe, la \u00e9tica y los valores de los superh\u00e9roes<\/a>)\u2026<\/p>\n<p><iframe loading=\"lazy\" src=\"https:\/\/www.ivoox.com\/player_ej_133085214_6_1.html?c1=800000\" width=\"100%\" height=\"200\" frameborder=\"0\"><\/iframe><\/p>\n<p>\u00a1Lectores y amigos de Cine y Libertad!<\/p>\n<p>La editorial Nova nos habla de su libro\u2026Artemisa de Andy Weir, creador de Marte, que inspir\u00f3 a Ridley Scott y catapult\u00f3 a Matt Damon:<\/p>\n<div id=\"__next\">\n<div class=\"container main-container mt-60 productos\">\n<div class=\"row prod_img-div\">\n<div class=\"col-8\">\n<div class=\"product_details_intro_wrapper\">\n<div class=\"product_details_intro\">\n<p><i>Artemisa <\/i>es la esperada nueva novela del autor de <i>El marciano<\/i>, el libro que ha abierto la ciencia ficci\u00f3n al gran p\u00fablico, convirti\u00e9ndose en un fen\u00f3meno editorial en 40 pa\u00edses con m\u00e1s de 3.000.000 de ejemplares vendidos, y una pel\u00edcula de gran presupuesto: <i>Marte<\/i> de Ridey Scott, con Matt Damon como protagonista.<\/p>\n<p>Por otra parte, Ridley Scott dio muestras de su talento y este fue nuestro an\u00e1lisis de Marte&#8230;<\/p>\n<p><iframe loading=\"lazy\" src=\"https:\/\/www.ivoox.com\/player_ej_9051036_6_1.html?c1=800000\" width=\"100%\" height=\"200\" frameborder=\"0\"><\/iframe><\/p>\n<p>Durante una misi\u00f3n tripulada a Marte, el astronauta Mark Watney es dado por muerto tras una feroz tormenta y es abandonado por su tripulaci\u00f3n. Pero Watney ha sobrevivido y se encuentra atrapado y solo en el planeta hostil. Con suministros escasos, deber\u00e1 recurrir a su ingenio y a su instinto de supervivencia para encontrar la manera de comunicar a la Tierra que \u00e9l est\u00e1 vivo.<\/p>\n<p><a href=\"https:\/\/www.ivoox.com\/podcast-cine-libertad_sq_f121636_1.html\">V\u00edctor Alvarado<\/a>, autor del libro:\u00a0<a href=\"https:\/\/www.ppc-editorial.com\/libro\/la-fe-la-etica-y-los-valores-de-los-superheroes\"><em>La fe, la \u00e9tica y los valores de los superh\u00e9roes<\/em><\/a><\/p>\n<\/div>\n<\/div>\n<\/div>\n<\/div>\n<\/div>\n<\/div>\n<p>Instagram:<a href=\"https:\/\/www.instagram.com\/cineylibertad\/\">https:\/\/www.instagram.com\/cineylibertad\/<\/a><\/p>\n<p>Facebook:\u00a0<a href=\"https:\/\/www.facebook.com\/victor.alvarado.56829446\" target=\"_blank\">https:\/\/www.facebook.com\/victor.alvarado.56829446<\/a><\/p>\n<p>Twitter:<span class=\"r-18u37iz\"><a class=\"css-4rbku5 css-18t94o4 css-901oao css-16my406 r-1n1174f r-1loqt21 r-poiln3 r-bcqeeo r-qvutc0\" href=\"https:\/\/twitter.com\/cineylibertad\">@cineylibertad<\/a><\/span><\/p>\n","protected":false},"excerpt":{"rendered":"<p>Artemisa de Andy Weir, creador de Marte, que inspir\u00f3 a Ridley Scott y &#8220;catapult\u00f3&#8221; a Matt Damon. \u00bfLas novelas de este autor se apoyan en la ciencia? Aqu\u00ed puedes escuchar mi comentario (V\u00edctor Alvarado es el autor del libro: La fe, la \u00e9tica y los valores de los superh\u00e9roes)\u2026 \u00a1Lectores y amigos de Cine y [&hellip;]<\/p>\n","protected":false},"author":7,"featured_media":7971,"comment_status":"open","ping_status":"open","sticky":false,"template":"","format":"standard","meta":{"footnotes":""},"categories":[210,56,3,12,17,135],"tags":[3805,3802,2727,873,3803,3832,3831,3804],"class_list":["post-7932","post","type-post","status-publish","format-standard","has-post-thumbnail","hentry","category-ciencia","category-ciencia-ficcion","category-cine","category-cristianismo","category-hollywood","category-intriga","tag-andy-weir","tag-artemisa-de-andy-weir","tag-ciencia","tag-ciencia-ficcion","tag-creador-de-marte","tag-el-marciano","tag-marte","tag-que-inspiro-a-ridley-scott-y-catapulto-a-matt-damon"],"yoast_head":"<!-- This site is optimized with the Yoast SEO plugin v27.4 - https:\/\/yoast.com\/product\/yoast-seo-wordpress\/ -->\n<title>Artemisa de Andy Weir, creador de Marte, que inspir\u00f3 a Ridley Scott<\/title>\n<meta name=\"description\" content=\"Artemisa de Andy Weir, creador de Marte, que inspir\u00f3 a Ridley Scott y &quot;catapult\u00f3&quot; a Matt Damon. \u00bfLas novelas de este autor se apoyan en la ciencia?\" \/>\n<meta name=\"robots\" content=\"index, follow, max-snippet:-1, max-image-preview:large, max-video-preview:-1\" \/>\n<link rel=\"canonical\" href=\"https:\/\/www.cope.es\/blogs\/cine-y-libertad\/2024\/09\/21\/artemisa-de-andy-weir-creador-de-marte-que-inspiro-a-ridley-scott-y-catapulto-a-matt-damon\/\" \/>\n<meta property=\"og:locale\" content=\"es_ES\" \/>\n<meta property=\"og:type\" content=\"article\" \/>\n<meta property=\"og:title\" content=\"Artemisa de Andy Weir, creador de Marte, que inspir\u00f3 a Ridley Scott\" \/>\n<meta property=\"og:description\" content=\"Artemisa de Andy Weir, creador de Marte, que inspir\u00f3 a Ridley Scott y &quot;catapult\u00f3&quot; a Matt Damon. \u00bfLas novelas de este autor se apoyan en la ciencia?\" \/>\n<meta property=\"og:url\" content=\"https:\/\/www.cope.es\/blogs\/cine-y-libertad\/2024\/09\/21\/artemisa-de-andy-weir-creador-de-marte-que-inspiro-a-ridley-scott-y-catapulto-a-matt-damon\/\" \/>\n<meta property=\"og:site_name\" content=\"Cine y Libertad\" \/>\n<meta property=\"article:publisher\" content=\"https:\/\/www.facebook.com\/cope\/\" \/>\n<meta property=\"article:author\" content=\"https:\/\/www.facebook.com\/victor.alvarado.56829446\" \/>\n<meta property=\"article:published_time\" content=\"2024-09-21T10:13:53+00:00\" \/>\n<meta property=\"og:image\" content=\"https:\/\/www.cope.es\/blogs\/cine-y-libertad\/wp-content\/uploads\/sites\/7\/2024\/09\/artemisa-de-andy-weir-creador-de-marte-que-inspiro-a-ridley-scott-y-catapulto-a-matt-damon.jpg\" \/>\n\t<meta property=\"og:image:width\" content=\"300\" \/>\n\t<meta property=\"og:image:height\" content=\"168\" \/>\n\t<meta property=\"og:image:type\" content=\"image\/jpeg\" \/>\n<meta name=\"author\" content=\"V\u00edctor Alvarado\" \/>\n<meta name=\"twitter:card\" content=\"summary_large_image\" \/>\n<meta name=\"twitter:creator\" content=\"@cineylibertad\" \/>\n<meta name=\"twitter:site\" content=\"@cope_es\" \/>\n<meta name=\"twitter:label1\" content=\"Escrito por\" \/>\n\t<meta name=\"twitter:data1\" content=\"V\u00edctor Alvarado\" \/>\n\t<meta name=\"twitter:label2\" content=\"Tiempo de lectura\" \/>\n\t<meta name=\"twitter:data2\" content=\"1 minuto\" \/>\n<script type=\"application\/ld+json\" class=\"yoast-schema-graph\">{\"@context\":\"https:\\\/\\\/schema.org\",\"@graph\":[{\"@type\":\"Article\",\"@id\":\"https:\\\/\\\/www.cope.es\\\/blogs\\\/cine-y-libertad\\\/2024\\\/09\\\/21\\\/artemisa-de-andy-weir-creador-de-marte-que-inspiro-a-ridley-scott-y-catapulto-a-matt-damon\\\/#article\",\"isPartOf\":{\"@id\":\"https:\\\/\\\/www.cope.es\\\/blogs\\\/cine-y-libertad\\\/2024\\\/09\\\/21\\\/artemisa-de-andy-weir-creador-de-marte-que-inspiro-a-ridley-scott-y-catapulto-a-matt-damon\\\/\"},\"author\":{\"name\":\"V\u00edctor Alvarado\",\"@id\":\"https:\\\/\\\/www.cope.es\\\/blogs\\\/cine-y-libertad\\\/#\\\/schema\\\/person\\\/c95904a4fbf751a8d9124f8fa8bdaace\"},\"headline\":\"Artemisa de Andy Weir, creador de Marte, que inspir\u00f3 a Ridley Scott y catapult\u00f3 a Matt Damon\",\"datePublished\":\"2024-09-21T10:13:53+00:00\",\"mainEntityOfPage\":{\"@id\":\"https:\\\/\\\/www.cope.es\\\/blogs\\\/cine-y-libertad\\\/2024\\\/09\\\/21\\\/artemisa-de-andy-weir-creador-de-marte-que-inspiro-a-ridley-scott-y-catapulto-a-matt-damon\\\/\"},\"wordCount\":274,\"commentCount\":0,\"image\":{\"@id\":\"https:\\\/\\\/www.cope.es\\\/blogs\\\/cine-y-libertad\\\/2024\\\/09\\\/21\\\/artemisa-de-andy-weir-creador-de-marte-que-inspiro-a-ridley-scott-y-catapulto-a-matt-damon\\\/#primaryimage\"},\"thumbnailUrl\":\"https:\\\/\\\/www.cope.es\\\/blogs\\\/cine-y-libertad\\\/wp-content\\\/uploads\\\/sites\\\/7\\\/2024\\\/09\\\/artemisa-de-andy-weir-creador-de-marte-que-inspiro-a-ridley-scott-y-catapulto-a-matt-damon.jpg\",\"keywords\":[\"Andy Weir\",\"Artemisa de Andy Weir\",\"ciencia\",\"ciencia ficci\u00f3n\",\"creador de Marte\",\"El marciano\",\"Marte\",\"que inspir\u00f3 a Ridley Scott y catapult\u00f3 a Matt Damon\"],\"articleSection\":[\"ciencia\",\"ciencia ficci\u00f3n\",\"cine\",\"cristianismo\",\"Hollywood\",\"intriga\"],\"inLanguage\":\"es\",\"potentialAction\":[{\"@type\":\"CommentAction\",\"name\":\"Comment\",\"target\":[\"https:\\\/\\\/www.cope.es\\\/blogs\\\/cine-y-libertad\\\/2024\\\/09\\\/21\\\/artemisa-de-andy-weir-creador-de-marte-que-inspiro-a-ridley-scott-y-catapulto-a-matt-damon\\\/#respond\"]}]},{\"@type\":\"WebPage\",\"@id\":\"https:\\\/\\\/www.cope.es\\\/blogs\\\/cine-y-libertad\\\/2024\\\/09\\\/21\\\/artemisa-de-andy-weir-creador-de-marte-que-inspiro-a-ridley-scott-y-catapulto-a-matt-damon\\\/\",\"url\":\"https:\\\/\\\/www.cope.es\\\/blogs\\\/cine-y-libertad\\\/2024\\\/09\\\/21\\\/artemisa-de-andy-weir-creador-de-marte-que-inspiro-a-ridley-scott-y-catapulto-a-matt-damon\\\/\",\"name\":\"Artemisa de Andy Weir, creador de Marte, que inspir\u00f3 a Ridley Scott\",\"isPartOf\":{\"@id\":\"https:\\\/\\\/www.cope.es\\\/blogs\\\/cine-y-libertad\\\/#website\"},\"primaryImageOfPage\":{\"@id\":\"https:\\\/\\\/www.cope.es\\\/blogs\\\/cine-y-libertad\\\/2024\\\/09\\\/21\\\/artemisa-de-andy-weir-creador-de-marte-que-inspiro-a-ridley-scott-y-catapulto-a-matt-damon\\\/#primaryimage\"},\"image\":{\"@id\":\"https:\\\/\\\/www.cope.es\\\/blogs\\\/cine-y-libertad\\\/2024\\\/09\\\/21\\\/artemisa-de-andy-weir-creador-de-marte-que-inspiro-a-ridley-scott-y-catapulto-a-matt-damon\\\/#primaryimage\"},\"thumbnailUrl\":\"https:\\\/\\\/www.cope.es\\\/blogs\\\/cine-y-libertad\\\/wp-content\\\/uploads\\\/sites\\\/7\\\/2024\\\/09\\\/artemisa-de-andy-weir-creador-de-marte-que-inspiro-a-ridley-scott-y-catapulto-a-matt-damon.jpg\",\"datePublished\":\"2024-09-21T10:13:53+00:00\",\"author\":{\"@id\":\"https:\\\/\\\/www.cope.es\\\/blogs\\\/cine-y-libertad\\\/#\\\/schema\\\/person\\\/c95904a4fbf751a8d9124f8fa8bdaace\"},\"description\":\"Artemisa de Andy Weir, creador de Marte, que inspir\u00f3 a Ridley Scott y \\\"catapult\u00f3\\\" a Matt Damon. \u00bfLas novelas de este autor se apoyan en la ciencia?\",\"breadcrumb\":{\"@id\":\"https:\\\/\\\/www.cope.es\\\/blogs\\\/cine-y-libertad\\\/2024\\\/09\\\/21\\\/artemisa-de-andy-weir-creador-de-marte-que-inspiro-a-ridley-scott-y-catapulto-a-matt-damon\\\/#breadcrumb\"},\"inLanguage\":\"es\",\"potentialAction\":[{\"@type\":\"ReadAction\",\"target\":[\"https:\\\/\\\/www.cope.es\\\/blogs\\\/cine-y-libertad\\\/2024\\\/09\\\/21\\\/artemisa-de-andy-weir-creador-de-marte-que-inspiro-a-ridley-scott-y-catapulto-a-matt-damon\\\/\"]}]},{\"@type\":\"ImageObject\",\"inLanguage\":\"es\",\"@id\":\"https:\\\/\\\/www.cope.es\\\/blogs\\\/cine-y-libertad\\\/2024\\\/09\\\/21\\\/artemisa-de-andy-weir-creador-de-marte-que-inspiro-a-ridley-scott-y-catapulto-a-matt-damon\\\/#primaryimage\",\"url\":\"https:\\\/\\\/www.cope.es\\\/blogs\\\/cine-y-libertad\\\/wp-content\\\/uploads\\\/sites\\\/7\\\/2024\\\/09\\\/artemisa-de-andy-weir-creador-de-marte-que-inspiro-a-ridley-scott-y-catapulto-a-matt-damon.jpg\",\"contentUrl\":\"https:\\\/\\\/www.cope.es\\\/blogs\\\/cine-y-libertad\\\/wp-content\\\/uploads\\\/sites\\\/7\\\/2024\\\/09\\\/artemisa-de-andy-weir-creador-de-marte-que-inspiro-a-ridley-scott-y-catapulto-a-matt-damon.jpg\",\"width\":300,\"height\":168},{\"@type\":\"BreadcrumbList\",\"@id\":\"https:\\\/\\\/www.cope.es\\\/blogs\\\/cine-y-libertad\\\/2024\\\/09\\\/21\\\/artemisa-de-andy-weir-creador-de-marte-que-inspiro-a-ridley-scott-y-catapulto-a-matt-damon\\\/#breadcrumb\",\"itemListElement\":[{\"@type\":\"ListItem\",\"position\":1,\"name\":\"Portada\",\"item\":\"https:\\\/\\\/www.cope.es\\\/blogs\\\/cine-y-libertad\\\/\"},{\"@type\":\"ListItem\",\"position\":2,\"name\":\"Artemisa de Andy Weir, creador de Marte, que inspir\u00f3 a Ridley Scott y catapult\u00f3 a Matt Damon\"}]},{\"@type\":\"WebSite\",\"@id\":\"https:\\\/\\\/www.cope.es\\\/blogs\\\/cine-y-libertad\\\/#website\",\"url\":\"https:\\\/\\\/www.cope.es\\\/blogs\\\/cine-y-libertad\\\/\",\"name\":\"Cine y Libertad\",\"description\":\"Cine y Libertad un blog de COPE\",\"potentialAction\":[{\"@type\":\"SearchAction\",\"target\":{\"@type\":\"EntryPoint\",\"urlTemplate\":\"https:\\\/\\\/www.cope.es\\\/blogs\\\/cine-y-libertad\\\/?s={search_term_string}\"},\"query-input\":{\"@type\":\"PropertyValueSpecification\",\"valueRequired\":true,\"valueName\":\"search_term_string\"}}],\"inLanguage\":\"es\"},{\"@type\":\"Person\",\"@id\":\"https:\\\/\\\/www.cope.es\\\/blogs\\\/cine-y-libertad\\\/#\\\/schema\\\/person\\\/c95904a4fbf751a8d9124f8fa8bdaace\",\"name\":\"V\u00edctor Alvarado\",\"image\":{\"@type\":\"ImageObject\",\"inLanguage\":\"es\",\"@id\":\"https:\\\/\\\/secure.gravatar.com\\\/avatar\\\/db4634ae2001f7f920b8294d926f3e737ada04196e014ebacae29a4848f905f4?s=96&d=mm&r=g\",\"url\":\"https:\\\/\\\/secure.gravatar.com\\\/avatar\\\/db4634ae2001f7f920b8294d926f3e737ada04196e014ebacae29a4848f905f4?s=96&d=mm&r=g\",\"contentUrl\":\"https:\\\/\\\/secure.gravatar.com\\\/avatar\\\/db4634ae2001f7f920b8294d926f3e737ada04196e014ebacae29a4848f905f4?s=96&d=mm&r=g\",\"caption\":\"V\u00edctor Alvarado\"},\"description\":\"V\u00edctor Alvarado tiene una larga experiencia tanto en medios de comunicaci\u00f3n como en educaci\u00f3n. Dirige el programa de radio, Directo a las Estrellas, en Intereconom\u00eda (Castilla y Le\u00f3n) y Informa Radio en toda Espa\u00f1a. Ha colaborado en Radio Inter y Esradio. Cr\u00edtico de cine en Pantalla 90, Diario Ya y P\u00e1ginas Digital. Es miembro del CEC. Es el autor de libro: La fe, la \u00e9tica y los valores de los superh\u00e9roes (PPC). Esta es su web: www.cineylibertad.com y, por supuesto, lleva m\u00e1s de 5 a\u00f1os como bloguero de Cope, donde analiza el cine, los c\u00f3mics y los libros desde una \u00f3ptica antropol\u00f3gica y axiol\u00f3gica, atendiendo a todas las dimensiones del ser humano.\",\"sameAs\":[\"http:\\\/\\\/www.cineylibertad.com\",\"https:\\\/\\\/www.facebook.com\\\/victor.alvarado.56829446\",\"https:\\\/\\\/www.instagram.com\\\/cineylibertad\\\/\",\"https:\\\/\\\/x.com\\\/cineylibertad\"],\"url\":\"https:\\\/\\\/www.cope.es\\\/blogs\\\/cine-y-libertad\\\/author\\\/valvarado\\\/\"}]}<\/script>\n<!-- \/ Yoast SEO plugin. -->","yoast_head_json":{"title":"Artemisa de Andy Weir, creador de Marte, que inspir\u00f3 a Ridley Scott","description":"Artemisa de Andy Weir, creador de Marte, que inspir\u00f3 a Ridley Scott y \"catapult\u00f3\" a Matt Damon. \u00bfLas novelas de este autor se apoyan en la ciencia?","robots":{"index":"index","follow":"follow","max-snippet":"max-snippet:-1","max-image-preview":"max-image-preview:large","max-video-preview":"max-video-preview:-1"},"canonical":"https:\/\/www.cope.es\/blogs\/cine-y-libertad\/2024\/09\/21\/artemisa-de-andy-weir-creador-de-marte-que-inspiro-a-ridley-scott-y-catapulto-a-matt-damon\/","og_locale":"es_ES","og_type":"article","og_title":"Artemisa de Andy Weir, creador de Marte, que inspir\u00f3 a Ridley Scott","og_description":"Artemisa de Andy Weir, creador de Marte, que inspir\u00f3 a Ridley Scott y \"catapult\u00f3\" a Matt Damon. \u00bfLas novelas de este autor se apoyan en la ciencia?","og_url":"https:\/\/www.cope.es\/blogs\/cine-y-libertad\/2024\/09\/21\/artemisa-de-andy-weir-creador-de-marte-que-inspiro-a-ridley-scott-y-catapulto-a-matt-damon\/","og_site_name":"Cine y Libertad","article_publisher":"https:\/\/www.facebook.com\/cope\/","article_author":"https:\/\/www.facebook.com\/victor.alvarado.56829446","article_published_time":"2024-09-21T10:13:53+00:00","og_image":[{"width":300,"height":168,"url":"https:\/\/www.cope.es\/blogs\/cine-y-libertad\/wp-content\/uploads\/sites\/7\/2024\/09\/artemisa-de-andy-weir-creador-de-marte-que-inspiro-a-ridley-scott-y-catapulto-a-matt-damon.jpg","type":"image\/jpeg"}],"author":"V\u00edctor Alvarado","twitter_card":"summary_large_image","twitter_creator":"@cineylibertad","twitter_site":"@cope_es","twitter_misc":{"Escrito por":"V\u00edctor Alvarado","Tiempo de lectura":"1 minuto"},"schema":{"@context":"https:\/\/schema.org","@graph":[{"@type":"Article","@id":"https:\/\/www.cope.es\/blogs\/cine-y-libertad\/2024\/09\/21\/artemisa-de-andy-weir-creador-de-marte-que-inspiro-a-ridley-scott-y-catapulto-a-matt-damon\/#article","isPartOf":{"@id":"https:\/\/www.cope.es\/blogs\/cine-y-libertad\/2024\/09\/21\/artemisa-de-andy-weir-creador-de-marte-que-inspiro-a-ridley-scott-y-catapulto-a-matt-damon\/"},"author":{"name":"V\u00edctor Alvarado","@id":"https:\/\/www.cope.es\/blogs\/cine-y-libertad\/#\/schema\/person\/c95904a4fbf751a8d9124f8fa8bdaace"},"headline":"Artemisa de Andy Weir, creador de Marte, que inspir\u00f3 a Ridley Scott y catapult\u00f3 a Matt Damon","datePublished":"2024-09-21T10:13:53+00:00","mainEntityOfPage":{"@id":"https:\/\/www.cope.es\/blogs\/cine-y-libertad\/2024\/09\/21\/artemisa-de-andy-weir-creador-de-marte-que-inspiro-a-ridley-scott-y-catapulto-a-matt-damon\/"},"wordCount":274,"commentCount":0,"image":{"@id":"https:\/\/www.cope.es\/blogs\/cine-y-libertad\/2024\/09\/21\/artemisa-de-andy-weir-creador-de-marte-que-inspiro-a-ridley-scott-y-catapulto-a-matt-damon\/#primaryimage"},"thumbnailUrl":"https:\/\/www.cope.es\/blogs\/cine-y-libertad\/wp-content\/uploads\/sites\/7\/2024\/09\/artemisa-de-andy-weir-creador-de-marte-que-inspiro-a-ridley-scott-y-catapulto-a-matt-damon.jpg","keywords":["Andy Weir","Artemisa de Andy Weir","ciencia","ciencia ficci\u00f3n","creador de Marte","El marciano","Marte","que inspir\u00f3 a Ridley Scott y catapult\u00f3 a Matt Damon"],"articleSection":["ciencia","ciencia ficci\u00f3n","cine","cristianismo","Hollywood","intriga"],"inLanguage":"es","potentialAction":[{"@type":"CommentAction","name":"Comment","target":["https:\/\/www.cope.es\/blogs\/cine-y-libertad\/2024\/09\/21\/artemisa-de-andy-weir-creador-de-marte-que-inspiro-a-ridley-scott-y-catapulto-a-matt-damon\/#respond"]}]},{"@type":"WebPage","@id":"https:\/\/www.cope.es\/blogs\/cine-y-libertad\/2024\/09\/21\/artemisa-de-andy-weir-creador-de-marte-que-inspiro-a-ridley-scott-y-catapulto-a-matt-damon\/","url":"https:\/\/www.cope.es\/blogs\/cine-y-libertad\/2024\/09\/21\/artemisa-de-andy-weir-creador-de-marte-que-inspiro-a-ridley-scott-y-catapulto-a-matt-damon\/","name":"Artemisa de Andy Weir, creador de Marte, que inspir\u00f3 a Ridley Scott","isPartOf":{"@id":"https:\/\/www.cope.es\/blogs\/cine-y-libertad\/#website"},"primaryImageOfPage":{"@id":"https:\/\/www.cope.es\/blogs\/cine-y-libertad\/2024\/09\/21\/artemisa-de-andy-weir-creador-de-marte-que-inspiro-a-ridley-scott-y-catapulto-a-matt-damon\/#primaryimage"},"image":{"@id":"https:\/\/www.cope.es\/blogs\/cine-y-libertad\/2024\/09\/21\/artemisa-de-andy-weir-creador-de-marte-que-inspiro-a-ridley-scott-y-catapulto-a-matt-damon\/#primaryimage"},"thumbnailUrl":"https:\/\/www.cope.es\/blogs\/cine-y-libertad\/wp-content\/uploads\/sites\/7\/2024\/09\/artemisa-de-andy-weir-creador-de-marte-que-inspiro-a-ridley-scott-y-catapulto-a-matt-damon.jpg","datePublished":"2024-09-21T10:13:53+00:00","author":{"@id":"https:\/\/www.cope.es\/blogs\/cine-y-libertad\/#\/schema\/person\/c95904a4fbf751a8d9124f8fa8bdaace"},"description":"Artemisa de Andy Weir, creador de Marte, que inspir\u00f3 a Ridley Scott y \"catapult\u00f3\" a Matt Damon. \u00bfLas novelas de este autor se apoyan en la ciencia?","breadcrumb":{"@id":"https:\/\/www.cope.es\/blogs\/cine-y-libertad\/2024\/09\/21\/artemisa-de-andy-weir-creador-de-marte-que-inspiro-a-ridley-scott-y-catapulto-a-matt-damon\/#breadcrumb"},"inLanguage":"es","potentialAction":[{"@type":"ReadAction","target":["https:\/\/www.cope.es\/blogs\/cine-y-libertad\/2024\/09\/21\/artemisa-de-andy-weir-creador-de-marte-que-inspiro-a-ridley-scott-y-catapulto-a-matt-damon\/"]}]},{"@type":"ImageObject","inLanguage":"es","@id":"https:\/\/www.cope.es\/blogs\/cine-y-libertad\/2024\/09\/21\/artemisa-de-andy-weir-creador-de-marte-que-inspiro-a-ridley-scott-y-catapulto-a-matt-damon\/#primaryimage","url":"https:\/\/www.cope.es\/blogs\/cine-y-libertad\/wp-content\/uploads\/sites\/7\/2024\/09\/artemisa-de-andy-weir-creador-de-marte-que-inspiro-a-ridley-scott-y-catapulto-a-matt-damon.jpg","contentUrl":"https:\/\/www.cope.es\/blogs\/cine-y-libertad\/wp-content\/uploads\/sites\/7\/2024\/09\/artemisa-de-andy-weir-creador-de-marte-que-inspiro-a-ridley-scott-y-catapulto-a-matt-damon.jpg","width":300,"height":168},{"@type":"BreadcrumbList","@id":"https:\/\/www.cope.es\/blogs\/cine-y-libertad\/2024\/09\/21\/artemisa-de-andy-weir-creador-de-marte-que-inspiro-a-ridley-scott-y-catapulto-a-matt-damon\/#breadcrumb","itemListElement":[{"@type":"ListItem","position":1,"name":"Portada","item":"https:\/\/www.cope.es\/blogs\/cine-y-libertad\/"},{"@type":"ListItem","position":2,"name":"Artemisa de Andy Weir, creador de Marte, que inspir\u00f3 a Ridley Scott y catapult\u00f3 a Matt Damon"}]},{"@type":"WebSite","@id":"https:\/\/www.cope.es\/blogs\/cine-y-libertad\/#website","url":"https:\/\/www.cope.es\/blogs\/cine-y-libertad\/","name":"Cine y Libertad","description":"Cine y Libertad un blog de COPE","potentialAction":[{"@type":"SearchAction","target":{"@type":"EntryPoint","urlTemplate":"https:\/\/www.cope.es\/blogs\/cine-y-libertad\/?s={search_term_string}"},"query-input":{"@type":"PropertyValueSpecification","valueRequired":true,"valueName":"search_term_string"}}],"inLanguage":"es"},{"@type":"Person","@id":"https:\/\/www.cope.es\/blogs\/cine-y-libertad\/#\/schema\/person\/c95904a4fbf751a8d9124f8fa8bdaace","name":"V\u00edctor Alvarado","image":{"@type":"ImageObject","inLanguage":"es","@id":"https:\/\/secure.gravatar.com\/avatar\/db4634ae2001f7f920b8294d926f3e737ada04196e014ebacae29a4848f905f4?s=96&d=mm&r=g","url":"https:\/\/secure.gravatar.com\/avatar\/db4634ae2001f7f920b8294d926f3e737ada04196e014ebacae29a4848f905f4?s=96&d=mm&r=g","contentUrl":"https:\/\/secure.gravatar.com\/avatar\/db4634ae2001f7f920b8294d926f3e737ada04196e014ebacae29a4848f905f4?s=96&d=mm&r=g","caption":"V\u00edctor Alvarado"},"description":"V\u00edctor Alvarado tiene una larga experiencia tanto en medios de comunicaci\u00f3n como en educaci\u00f3n. Dirige el programa de radio, Directo a las Estrellas, en Intereconom\u00eda (Castilla y Le\u00f3n) y Informa Radio en toda Espa\u00f1a. Ha colaborado en Radio Inter y Esradio. Cr\u00edtico de cine en Pantalla 90, Diario Ya y P\u00e1ginas Digital. Es miembro del CEC. Es el autor de libro: La fe, la \u00e9tica y los valores de los superh\u00e9roes (PPC). Esta es su web: www.cineylibertad.com y, por supuesto, lleva m\u00e1s de 5 a\u00f1os como bloguero de Cope, donde analiza el cine, los c\u00f3mics y los libros desde una \u00f3ptica antropol\u00f3gica y axiol\u00f3gica, atendiendo a todas las dimensiones del ser humano.","sameAs":["http:\/\/www.cineylibertad.com","https:\/\/www.facebook.com\/victor.alvarado.56829446","https:\/\/www.instagram.com\/cineylibertad\/","https:\/\/x.com\/cineylibertad"],"url":"https:\/\/www.cope.es\/blogs\/cine-y-libertad\/author\/valvarado\/"}]}},"amp_enabled":true,"_links":{"self":[{"href":"https:\/\/www.cope.es\/blogs\/cine-y-libertad\/wp-json\/wp\/v2\/posts\/7932","targetHints":{"allow":["GET"]}}],"collection":[{"href":"https:\/\/www.cope.es\/blogs\/cine-y-libertad\/wp-json\/wp\/v2\/posts"}],"about":[{"href":"https:\/\/www.cope.es\/blogs\/cine-y-libertad\/wp-json\/wp\/v2\/types\/post"}],"author":[{"embeddable":true,"href":"https:\/\/www.cope.es\/blogs\/cine-y-libertad\/wp-json\/wp\/v2\/users\/7"}],"replies":[{"embeddable":true,"href":"https:\/\/www.cope.es\/blogs\/cine-y-libertad\/wp-json\/wp\/v2\/comments?post=7932"}],"version-history":[{"count":2,"href":"https:\/\/www.cope.es\/blogs\/cine-y-libertad\/wp-json\/wp\/v2\/posts\/7932\/revisions"}],"predecessor-version":[{"id":7972,"href":"https:\/\/www.cope.es\/blogs\/cine-y-libertad\/wp-json\/wp\/v2\/posts\/7932\/revisions\/7972"}],"wp:featuredmedia":[{"embeddable":true,"href":"https:\/\/www.cope.es\/blogs\/cine-y-libertad\/wp-json\/wp\/v2\/media\/7971"}],"wp:attachment":[{"href":"https:\/\/www.cope.es\/blogs\/cine-y-libertad\/wp-json\/wp\/v2\/media?parent=7932"}],"wp:term":[{"taxonomy":"category","embeddable":true,"href":"https:\/\/www.cope.es\/blogs\/cine-y-libertad\/wp-json\/wp\/v2\/categories?post=7932"},{"taxonomy":"post_tag","embeddable":true,"href":"https:\/\/www.cope.es\/blogs\/cine-y-libertad\/wp-json\/wp\/v2\/tags?post=7932"}],"curies":[{"name":"wp","href":"https:\/\/api.w.org\/{rel}","templated":true}]}}