{"id":7919,"date":"2024-12-31T10:25:57","date_gmt":"2024-12-31T09:25:57","guid":{"rendered":"http:\/\/www.cope.es\/blogs\/cine-y-libertad\/?p=7919"},"modified":"2025-01-06T10:47:59","modified_gmt":"2025-01-06T09:47:59","slug":"eso-no-estaba-en-mi-libro-de-baloncesto-juan-antonio-corbalan","status":"publish","type":"post","link":"https:\/\/www.cope.es\/blogs\/cine-y-libertad\/2024\/12\/31\/eso-no-estaba-en-mi-libro-de-baloncesto-juan-antonio-corbalan\/","title":{"rendered":"Eso no estaba en mi libro de baloncesto-Juan Antonio Corbal\u00e1n, un humanista del Renacimiento"},"content":{"rendered":"<p><a href=\"https:\/\/www.ivoox.com\/eso-no-estaba-mi-libro-historia-audios-mp3_rf_133565713_1.html\">Eso no estaba en mi libro de baloncesto-Juan Antonio Corbal\u00e1n, un humanista del Renacimiento<\/a>. \u00bfCu\u00e1les son las claves de este gran deporte?<\/p>\n<p>Aqu\u00ed puedes escuchar la conversaci\u00f3n (V\u00edctor Alvarado es el autor del libro:\u00a0<a href=\"https:\/\/www.ppc-editorial.com\/libro\/la-fe-la-etica-y-los-valores-de-los-superheroes\"><em>La fe, la \u00e9tica y los valores de los superh\u00e9roes<\/em><\/a> ) que tuvimos con Juan Antonio Corbal\u00e1n (medallista ol\u00edmpico), el autor del libro en cuesti\u00f3n\u2026<\/p>\n<p><iframe loading=\"lazy\" title=\"Eso no estaba en mi libro de historia del Baloncesto-Juan Antonio Corbal\u00e1n, un humanista del sigl...\" width=\"508\" height=\"381\" src=\"https:\/\/www.youtube.com\/embed\/IUBvJqa8ZvU?feature=oembed\" frameborder=\"0\" allow=\"accelerometer; autoplay; clipboard-write; encrypted-media; gyroscope; picture-in-picture; web-share\" referrerpolicy=\"strict-origin-when-cross-origin\" allowfullscreen><\/iframe><\/p>\n<p>\u00a1Lectores y amigos de Cine y Libertad!<\/p>\n<p>Almuzara nos habla de su libro\u2026<\/p>\n<p>Descubre los momentos m\u00e1s emblem\u00e1ticos, an\u00e9cdotas hist\u00f3ricas y las curiosidades m\u00e1s sorprendentes que han dado forma al apasionante mundo del baloncesto. Desde sus humildes or\u00edgenes en el gimnasio de Springfield College hasta convertirse en un fen\u00f3meno global, el baloncesto ha cautivado a jugadores y aficionados de todo el mundo.<\/p>\n<p><img loading=\"lazy\" decoding=\"async\" width=\"189\" height=\"300\" class=\"alignnone size-medium wp-image-7922\" src=\"http:\/\/www.cope.es\/blogs\/cine-y-libertad\/wp-content\/uploads\/sites\/7\/2024\/08\/esto-no-estaba-en-mi-libro-de-baloncesto-juan-antonio-corbalan1-189x300.jpg\" alt=\"\" srcset=\"https:\/\/www.cope.es\/blogs\/cine-y-libertad\/wp-content\/uploads\/sites\/7\/2024\/08\/esto-no-estaba-en-mi-libro-de-baloncesto-juan-antonio-corbalan1-189x300.jpg 189w, https:\/\/www.cope.es\/blogs\/cine-y-libertad\/wp-content\/uploads\/sites\/7\/2024\/08\/esto-no-estaba-en-mi-libro-de-baloncesto-juan-antonio-corbalan1.jpg 229w\" sizes=\"auto, (max-width: 189px) 100vw, 189px\" \/><\/p>\n<p>De la mano de Francisco Gallardo y Juan Antonio Corbal\u00e1n, uno de los mejores bases europeos de todos los tiempos, estas p\u00e1ginas exploran \u00a0desde los inicios del baloncesto cuando los primeros jugadores se enfrentaban en canchas improvisadas y reglas incipientes hasta el modo en que se populariz\u00f3 hasta integrarse tanto en los Juegos Ol\u00edmpicos como en las ligas profesionales de distintos pa\u00edses. \u00a0 \u00a0Desde el legendario Dream Team&#8221; de los Juegos Ol\u00edmpicos de Barcelona 1992 hasta la rivalidad \u00e9pica entre los Boston Celtics y los Los Angeles Lakers en la d\u00e9cada de 1980, cada cap\u00edtulo revela las haza\u00f1as y los logros de los jugadores y equipos que han dejado una marca imborrable en la historia del baloncesto.<\/p>\n<p><iframe loading=\"lazy\" src=\"https:\/\/www.ivoox.com\/player_ej_133565713_6_1.html?c1=0000a0\" width=\"100%\" height=\"200\" frameborder=\"0\"><\/iframe><\/p>\n<p>Pero este libro no solo trata de grandes gestas deportivas. Tambi\u00e9n te deleitar\u00e1s con las an\u00e9cdotas m\u00e1s curiosas y sorprendentes que rodean al baloncesto. Sabremos c\u00f3mo una canasta que se atasc\u00f3 en lo alto del tablero cambi\u00f3 las reglas del juego, o c\u00f3mo un jugador de altura imponente result\u00f3 ser un maestro de los lanzamientos desde larga distancia. \u00a0 \u00a0Eso no estaba en mi libro de historia del baloncesto, es el homenaje a un deporte que ha cautivado a generaciones con su velocidad, destreza y emoci\u00f3n. Ya seas un apasionado de este deporte o simplemente un curioso \u00e1vido de conocimiento, estas p\u00e1ginas te llevar\u00e1n a un viaje inolvidable a trav\u00e9s de la historia y las curiosidades de este juego que ha conquistado el coraz\u00f3n de millones alrededor del mundo.&#8221;<\/p>\n<p>&nbsp;<\/p>\n<p><a href=\"https:\/\/www.ivoox.com\/podcast-cine-libertad_sq_f121636_1.html\">V\u00edctor Alvarado<\/a>, autor del libro:\u00a0<a href=\"https:\/\/www.ppc-editorial.com\/libro\/la-fe-la-etica-y-los-valores-de-los-superheroes\"><em>La fe, la \u00e9tica y los valores de los superh\u00e9roes<\/em><\/a><\/p>\n<p>Instagram:<a href=\"https:\/\/www.instagram.com\/cineylibertad\/\">https:\/\/www.instagram.com\/cineylibertad\/<\/a><\/p>\n<p>Facebook:\u00a0<a href=\"https:\/\/www.facebook.com\/victor.alvarado.56829446\" target=\"_blank\">https:\/\/www.facebook.com\/victor.alvarado.56829446<\/a><\/p>\n<p>Twitter:<span class=\"r-18u37iz\"><a class=\"css-4rbku5 css-18t94o4 css-901oao css-16my406 r-1n1174f r-1loqt21 r-poiln3 r-bcqeeo r-qvutc0\" href=\"https:\/\/twitter.com\/cineylibertad\">@cineylibertad<\/a><\/span><\/p>\n","protected":false},"excerpt":{"rendered":"<p>Eso no estaba en mi libro de baloncesto-Juan Antonio Corbal\u00e1n, un humanista del Renacimiento. \u00bfCu\u00e1les son las claves de este gran deporte? Aqu\u00ed puedes escuchar la conversaci\u00f3n (V\u00edctor Alvarado es el autor del libro:\u00a0La fe, la \u00e9tica y los valores de los superh\u00e9roes ) que tuvimos con Juan Antonio Corbal\u00e1n (medallista ol\u00edmpico), el autor del [&hellip;]<\/p>\n","protected":false},"author":7,"featured_media":7921,"comment_status":"open","ping_status":"open","sticky":false,"template":"","format":"standard","meta":{"footnotes":""},"categories":[754,210,34],"tags":[3649,640,3799,3437,3801,3798,3800],"class_list":["post-7919","post","type-post","status-publish","format-standard","has-post-thumbnail","hentry","category-baloncesto","category-ciencia","category-television","tag-almuzara","tag-baloncesto","tag-corbalan","tag-deporte","tag-esto-no-estaba","tag-esto-no-estaba-en-mi-libro-de-baloncesto","tag-esto-no-estaba-en-mi-libro-de-baloncesto-juan-antonio-corbalan-un-humanista-del-renacimiento"],"yoast_head":"<!-- This site is optimized with the Yoast SEO plugin v27.4 - https:\/\/yoast.com\/product\/yoast-seo-wordpress\/ -->\n<title>Eso no estaba en mi libro de baloncesto-Juan Antonio Corbal\u00e1n<\/title>\n<meta name=\"description\" content=\"Esto no estaba en mi libro de baloncesto-Juan Antonio Corbal\u00e1n, un humanista del Renacimiento. \u00bfCu\u00e1les son las claves de este gran deporte?\" \/>\n<meta name=\"robots\" content=\"index, follow, max-snippet:-1, max-image-preview:large, max-video-preview:-1\" \/>\n<link rel=\"canonical\" href=\"https:\/\/www.cope.es\/blogs\/cine-y-libertad\/2024\/12\/31\/eso-no-estaba-en-mi-libro-de-baloncesto-juan-antonio-corbalan\/\" \/>\n<meta property=\"og:locale\" content=\"es_ES\" \/>\n<meta property=\"og:type\" content=\"article\" \/>\n<meta property=\"og:title\" content=\"Eso no estaba en mi libro de baloncesto-Juan Antonio Corbal\u00e1n\" \/>\n<meta property=\"og:description\" content=\"Esto no estaba en mi libro de baloncesto-Juan Antonio Corbal\u00e1n, un humanista del Renacimiento. \u00bfCu\u00e1les son las claves de este gran deporte?\" \/>\n<meta property=\"og:url\" content=\"https:\/\/www.cope.es\/blogs\/cine-y-libertad\/2024\/12\/31\/eso-no-estaba-en-mi-libro-de-baloncesto-juan-antonio-corbalan\/\" \/>\n<meta property=\"og:site_name\" content=\"Cine y Libertad\" \/>\n<meta property=\"article:publisher\" content=\"https:\/\/www.facebook.com\/cope\/\" \/>\n<meta property=\"article:author\" content=\"https:\/\/www.facebook.com\/victor.alvarado.56829446\" \/>\n<meta property=\"article:published_time\" content=\"2024-12-31T09:25:57+00:00\" \/>\n<meta property=\"article:modified_time\" content=\"2025-01-06T09:47:59+00:00\" \/>\n<meta property=\"og:image\" content=\"https:\/\/www.cope.es\/blogs\/cine-y-libertad\/wp-content\/uploads\/sites\/7\/2024\/08\/esto-no-estaba-en-mi-libro-de-baloncesto-juan-antonio-corbalan.jpg\" \/>\n\t<meta property=\"og:image:width\" content=\"1200\" \/>\n\t<meta property=\"og:image:height\" content=\"675\" \/>\n\t<meta property=\"og:image:type\" content=\"image\/jpeg\" \/>\n<meta name=\"author\" content=\"V\u00edctor Alvarado\" \/>\n<meta name=\"twitter:card\" content=\"summary_large_image\" \/>\n<meta name=\"twitter:creator\" content=\"@cineylibertad\" \/>\n<meta name=\"twitter:site\" content=\"@cope_es\" \/>\n<meta name=\"twitter:label1\" content=\"Escrito por\" \/>\n\t<meta name=\"twitter:data1\" content=\"V\u00edctor Alvarado\" \/>\n\t<meta name=\"twitter:label2\" content=\"Tiempo de lectura\" \/>\n\t<meta name=\"twitter:data2\" content=\"2 minutos\" \/>\n<script type=\"application\/ld+json\" class=\"yoast-schema-graph\">{\"@context\":\"https:\\\/\\\/schema.org\",\"@graph\":[{\"@type\":\"Article\",\"@id\":\"https:\\\/\\\/www.cope.es\\\/blogs\\\/cine-y-libertad\\\/2024\\\/12\\\/31\\\/eso-no-estaba-en-mi-libro-de-baloncesto-juan-antonio-corbalan\\\/#article\",\"isPartOf\":{\"@id\":\"https:\\\/\\\/www.cope.es\\\/blogs\\\/cine-y-libertad\\\/2024\\\/12\\\/31\\\/eso-no-estaba-en-mi-libro-de-baloncesto-juan-antonio-corbalan\\\/\"},\"author\":{\"name\":\"V\u00edctor Alvarado\",\"@id\":\"https:\\\/\\\/www.cope.es\\\/blogs\\\/cine-y-libertad\\\/#\\\/schema\\\/person\\\/c95904a4fbf751a8d9124f8fa8bdaace\"},\"headline\":\"Eso no estaba en mi libro de baloncesto-Juan Antonio Corbal\u00e1n, un humanista del Renacimiento\",\"datePublished\":\"2024-12-31T09:25:57+00:00\",\"dateModified\":\"2025-01-06T09:47:59+00:00\",\"mainEntityOfPage\":{\"@id\":\"https:\\\/\\\/www.cope.es\\\/blogs\\\/cine-y-libertad\\\/2024\\\/12\\\/31\\\/eso-no-estaba-en-mi-libro-de-baloncesto-juan-antonio-corbalan\\\/\"},\"wordCount\":452,\"commentCount\":0,\"image\":{\"@id\":\"https:\\\/\\\/www.cope.es\\\/blogs\\\/cine-y-libertad\\\/2024\\\/12\\\/31\\\/eso-no-estaba-en-mi-libro-de-baloncesto-juan-antonio-corbalan\\\/#primaryimage\"},\"thumbnailUrl\":\"https:\\\/\\\/www.cope.es\\\/blogs\\\/cine-y-libertad\\\/wp-content\\\/uploads\\\/sites\\\/7\\\/2024\\\/08\\\/esto-no-estaba-en-mi-libro-de-baloncesto-juan-antonio-corbalan.jpg\",\"keywords\":[\"Almuzara\",\"baloncesto\",\"Corbal\u00e1n\",\"deporte\",\"Esto no estaba\",\"Esto no estaba en mi libro de baloncesto\",\"Esto no estaba en mi libro de baloncesto-Juan Antonio Corbal\u00e1n un humanista del Renacimiento\"],\"articleSection\":[\"baloncesto\",\"ciencia\",\"Televisi\u00f3n\"],\"inLanguage\":\"es\",\"potentialAction\":[{\"@type\":\"CommentAction\",\"name\":\"Comment\",\"target\":[\"https:\\\/\\\/www.cope.es\\\/blogs\\\/cine-y-libertad\\\/2024\\\/12\\\/31\\\/eso-no-estaba-en-mi-libro-de-baloncesto-juan-antonio-corbalan\\\/#respond\"]}]},{\"@type\":\"WebPage\",\"@id\":\"https:\\\/\\\/www.cope.es\\\/blogs\\\/cine-y-libertad\\\/2024\\\/12\\\/31\\\/eso-no-estaba-en-mi-libro-de-baloncesto-juan-antonio-corbalan\\\/\",\"url\":\"https:\\\/\\\/www.cope.es\\\/blogs\\\/cine-y-libertad\\\/2024\\\/12\\\/31\\\/eso-no-estaba-en-mi-libro-de-baloncesto-juan-antonio-corbalan\\\/\",\"name\":\"Eso no estaba en mi libro de baloncesto-Juan Antonio Corbal\u00e1n\",\"isPartOf\":{\"@id\":\"https:\\\/\\\/www.cope.es\\\/blogs\\\/cine-y-libertad\\\/#website\"},\"primaryImageOfPage\":{\"@id\":\"https:\\\/\\\/www.cope.es\\\/blogs\\\/cine-y-libertad\\\/2024\\\/12\\\/31\\\/eso-no-estaba-en-mi-libro-de-baloncesto-juan-antonio-corbalan\\\/#primaryimage\"},\"image\":{\"@id\":\"https:\\\/\\\/www.cope.es\\\/blogs\\\/cine-y-libertad\\\/2024\\\/12\\\/31\\\/eso-no-estaba-en-mi-libro-de-baloncesto-juan-antonio-corbalan\\\/#primaryimage\"},\"thumbnailUrl\":\"https:\\\/\\\/www.cope.es\\\/blogs\\\/cine-y-libertad\\\/wp-content\\\/uploads\\\/sites\\\/7\\\/2024\\\/08\\\/esto-no-estaba-en-mi-libro-de-baloncesto-juan-antonio-corbalan.jpg\",\"datePublished\":\"2024-12-31T09:25:57+00:00\",\"dateModified\":\"2025-01-06T09:47:59+00:00\",\"author\":{\"@id\":\"https:\\\/\\\/www.cope.es\\\/blogs\\\/cine-y-libertad\\\/#\\\/schema\\\/person\\\/c95904a4fbf751a8d9124f8fa8bdaace\"},\"description\":\"Esto no estaba en mi libro de baloncesto-Juan Antonio Corbal\u00e1n, un humanista del Renacimiento. \u00bfCu\u00e1les son las claves de este gran deporte?\",\"breadcrumb\":{\"@id\":\"https:\\\/\\\/www.cope.es\\\/blogs\\\/cine-y-libertad\\\/2024\\\/12\\\/31\\\/eso-no-estaba-en-mi-libro-de-baloncesto-juan-antonio-corbalan\\\/#breadcrumb\"},\"inLanguage\":\"es\",\"potentialAction\":[{\"@type\":\"ReadAction\",\"target\":[\"https:\\\/\\\/www.cope.es\\\/blogs\\\/cine-y-libertad\\\/2024\\\/12\\\/31\\\/eso-no-estaba-en-mi-libro-de-baloncesto-juan-antonio-corbalan\\\/\"]}]},{\"@type\":\"ImageObject\",\"inLanguage\":\"es\",\"@id\":\"https:\\\/\\\/www.cope.es\\\/blogs\\\/cine-y-libertad\\\/2024\\\/12\\\/31\\\/eso-no-estaba-en-mi-libro-de-baloncesto-juan-antonio-corbalan\\\/#primaryimage\",\"url\":\"https:\\\/\\\/www.cope.es\\\/blogs\\\/cine-y-libertad\\\/wp-content\\\/uploads\\\/sites\\\/7\\\/2024\\\/08\\\/esto-no-estaba-en-mi-libro-de-baloncesto-juan-antonio-corbalan.jpg\",\"contentUrl\":\"https:\\\/\\\/www.cope.es\\\/blogs\\\/cine-y-libertad\\\/wp-content\\\/uploads\\\/sites\\\/7\\\/2024\\\/08\\\/esto-no-estaba-en-mi-libro-de-baloncesto-juan-antonio-corbalan.jpg\",\"width\":1200,\"height\":675},{\"@type\":\"BreadcrumbList\",\"@id\":\"https:\\\/\\\/www.cope.es\\\/blogs\\\/cine-y-libertad\\\/2024\\\/12\\\/31\\\/eso-no-estaba-en-mi-libro-de-baloncesto-juan-antonio-corbalan\\\/#breadcrumb\",\"itemListElement\":[{\"@type\":\"ListItem\",\"position\":1,\"name\":\"Portada\",\"item\":\"https:\\\/\\\/www.cope.es\\\/blogs\\\/cine-y-libertad\\\/\"},{\"@type\":\"ListItem\",\"position\":2,\"name\":\"Eso no estaba en mi libro de baloncesto-Juan Antonio Corbal\u00e1n, un humanista del Renacimiento\"}]},{\"@type\":\"WebSite\",\"@id\":\"https:\\\/\\\/www.cope.es\\\/blogs\\\/cine-y-libertad\\\/#website\",\"url\":\"https:\\\/\\\/www.cope.es\\\/blogs\\\/cine-y-libertad\\\/\",\"name\":\"Cine y Libertad\",\"description\":\"Cine y Libertad un blog de COPE\",\"potentialAction\":[{\"@type\":\"SearchAction\",\"target\":{\"@type\":\"EntryPoint\",\"urlTemplate\":\"https:\\\/\\\/www.cope.es\\\/blogs\\\/cine-y-libertad\\\/?s={search_term_string}\"},\"query-input\":{\"@type\":\"PropertyValueSpecification\",\"valueRequired\":true,\"valueName\":\"search_term_string\"}}],\"inLanguage\":\"es\"},{\"@type\":\"Person\",\"@id\":\"https:\\\/\\\/www.cope.es\\\/blogs\\\/cine-y-libertad\\\/#\\\/schema\\\/person\\\/c95904a4fbf751a8d9124f8fa8bdaace\",\"name\":\"V\u00edctor Alvarado\",\"image\":{\"@type\":\"ImageObject\",\"inLanguage\":\"es\",\"@id\":\"https:\\\/\\\/secure.gravatar.com\\\/avatar\\\/db4634ae2001f7f920b8294d926f3e737ada04196e014ebacae29a4848f905f4?s=96&d=mm&r=g\",\"url\":\"https:\\\/\\\/secure.gravatar.com\\\/avatar\\\/db4634ae2001f7f920b8294d926f3e737ada04196e014ebacae29a4848f905f4?s=96&d=mm&r=g\",\"contentUrl\":\"https:\\\/\\\/secure.gravatar.com\\\/avatar\\\/db4634ae2001f7f920b8294d926f3e737ada04196e014ebacae29a4848f905f4?s=96&d=mm&r=g\",\"caption\":\"V\u00edctor Alvarado\"},\"description\":\"V\u00edctor Alvarado tiene una larga experiencia tanto en medios de comunicaci\u00f3n como en educaci\u00f3n. Dirige el programa de radio, Directo a las Estrellas, en Intereconom\u00eda (Castilla y Le\u00f3n) y Informa Radio en toda Espa\u00f1a. Ha colaborado en Radio Inter y Esradio. Cr\u00edtico de cine en Pantalla 90, Diario Ya y P\u00e1ginas Digital. Es miembro del CEC. Es el autor de libro: La fe, la \u00e9tica y los valores de los superh\u00e9roes (PPC). Esta es su web: www.cineylibertad.com y, por supuesto, lleva m\u00e1s de 5 a\u00f1os como bloguero de Cope, donde analiza el cine, los c\u00f3mics y los libros desde una \u00f3ptica antropol\u00f3gica y axiol\u00f3gica, atendiendo a todas las dimensiones del ser humano.\",\"sameAs\":[\"http:\\\/\\\/www.cineylibertad.com\",\"https:\\\/\\\/www.facebook.com\\\/victor.alvarado.56829446\",\"https:\\\/\\\/www.instagram.com\\\/cineylibertad\\\/\",\"https:\\\/\\\/x.com\\\/cineylibertad\"],\"url\":\"https:\\\/\\\/www.cope.es\\\/blogs\\\/cine-y-libertad\\\/author\\\/valvarado\\\/\"}]}<\/script>\n<!-- \/ Yoast SEO plugin. -->","yoast_head_json":{"title":"Eso no estaba en mi libro de baloncesto-Juan Antonio Corbal\u00e1n","description":"Esto no estaba en mi libro de baloncesto-Juan Antonio Corbal\u00e1n, un humanista del Renacimiento. \u00bfCu\u00e1les son las claves de este gran deporte?","robots":{"index":"index","follow":"follow","max-snippet":"max-snippet:-1","max-image-preview":"max-image-preview:large","max-video-preview":"max-video-preview:-1"},"canonical":"https:\/\/www.cope.es\/blogs\/cine-y-libertad\/2024\/12\/31\/eso-no-estaba-en-mi-libro-de-baloncesto-juan-antonio-corbalan\/","og_locale":"es_ES","og_type":"article","og_title":"Eso no estaba en mi libro de baloncesto-Juan Antonio Corbal\u00e1n","og_description":"Esto no estaba en mi libro de baloncesto-Juan Antonio Corbal\u00e1n, un humanista del Renacimiento. \u00bfCu\u00e1les son las claves de este gran deporte?","og_url":"https:\/\/www.cope.es\/blogs\/cine-y-libertad\/2024\/12\/31\/eso-no-estaba-en-mi-libro-de-baloncesto-juan-antonio-corbalan\/","og_site_name":"Cine y Libertad","article_publisher":"https:\/\/www.facebook.com\/cope\/","article_author":"https:\/\/www.facebook.com\/victor.alvarado.56829446","article_published_time":"2024-12-31T09:25:57+00:00","article_modified_time":"2025-01-06T09:47:59+00:00","og_image":[{"width":1200,"height":675,"url":"https:\/\/www.cope.es\/blogs\/cine-y-libertad\/wp-content\/uploads\/sites\/7\/2024\/08\/esto-no-estaba-en-mi-libro-de-baloncesto-juan-antonio-corbalan.jpg","type":"image\/jpeg"}],"author":"V\u00edctor Alvarado","twitter_card":"summary_large_image","twitter_creator":"@cineylibertad","twitter_site":"@cope_es","twitter_misc":{"Escrito por":"V\u00edctor Alvarado","Tiempo de lectura":"2 minutos"},"schema":{"@context":"https:\/\/schema.org","@graph":[{"@type":"Article","@id":"https:\/\/www.cope.es\/blogs\/cine-y-libertad\/2024\/12\/31\/eso-no-estaba-en-mi-libro-de-baloncesto-juan-antonio-corbalan\/#article","isPartOf":{"@id":"https:\/\/www.cope.es\/blogs\/cine-y-libertad\/2024\/12\/31\/eso-no-estaba-en-mi-libro-de-baloncesto-juan-antonio-corbalan\/"},"author":{"name":"V\u00edctor Alvarado","@id":"https:\/\/www.cope.es\/blogs\/cine-y-libertad\/#\/schema\/person\/c95904a4fbf751a8d9124f8fa8bdaace"},"headline":"Eso no estaba en mi libro de baloncesto-Juan Antonio Corbal\u00e1n, un humanista del Renacimiento","datePublished":"2024-12-31T09:25:57+00:00","dateModified":"2025-01-06T09:47:59+00:00","mainEntityOfPage":{"@id":"https:\/\/www.cope.es\/blogs\/cine-y-libertad\/2024\/12\/31\/eso-no-estaba-en-mi-libro-de-baloncesto-juan-antonio-corbalan\/"},"wordCount":452,"commentCount":0,"image":{"@id":"https:\/\/www.cope.es\/blogs\/cine-y-libertad\/2024\/12\/31\/eso-no-estaba-en-mi-libro-de-baloncesto-juan-antonio-corbalan\/#primaryimage"},"thumbnailUrl":"https:\/\/www.cope.es\/blogs\/cine-y-libertad\/wp-content\/uploads\/sites\/7\/2024\/08\/esto-no-estaba-en-mi-libro-de-baloncesto-juan-antonio-corbalan.jpg","keywords":["Almuzara","baloncesto","Corbal\u00e1n","deporte","Esto no estaba","Esto no estaba en mi libro de baloncesto","Esto no estaba en mi libro de baloncesto-Juan Antonio Corbal\u00e1n un humanista del Renacimiento"],"articleSection":["baloncesto","ciencia","Televisi\u00f3n"],"inLanguage":"es","potentialAction":[{"@type":"CommentAction","name":"Comment","target":["https:\/\/www.cope.es\/blogs\/cine-y-libertad\/2024\/12\/31\/eso-no-estaba-en-mi-libro-de-baloncesto-juan-antonio-corbalan\/#respond"]}]},{"@type":"WebPage","@id":"https:\/\/www.cope.es\/blogs\/cine-y-libertad\/2024\/12\/31\/eso-no-estaba-en-mi-libro-de-baloncesto-juan-antonio-corbalan\/","url":"https:\/\/www.cope.es\/blogs\/cine-y-libertad\/2024\/12\/31\/eso-no-estaba-en-mi-libro-de-baloncesto-juan-antonio-corbalan\/","name":"Eso no estaba en mi libro de baloncesto-Juan Antonio Corbal\u00e1n","isPartOf":{"@id":"https:\/\/www.cope.es\/blogs\/cine-y-libertad\/#website"},"primaryImageOfPage":{"@id":"https:\/\/www.cope.es\/blogs\/cine-y-libertad\/2024\/12\/31\/eso-no-estaba-en-mi-libro-de-baloncesto-juan-antonio-corbalan\/#primaryimage"},"image":{"@id":"https:\/\/www.cope.es\/blogs\/cine-y-libertad\/2024\/12\/31\/eso-no-estaba-en-mi-libro-de-baloncesto-juan-antonio-corbalan\/#primaryimage"},"thumbnailUrl":"https:\/\/www.cope.es\/blogs\/cine-y-libertad\/wp-content\/uploads\/sites\/7\/2024\/08\/esto-no-estaba-en-mi-libro-de-baloncesto-juan-antonio-corbalan.jpg","datePublished":"2024-12-31T09:25:57+00:00","dateModified":"2025-01-06T09:47:59+00:00","author":{"@id":"https:\/\/www.cope.es\/blogs\/cine-y-libertad\/#\/schema\/person\/c95904a4fbf751a8d9124f8fa8bdaace"},"description":"Esto no estaba en mi libro de baloncesto-Juan Antonio Corbal\u00e1n, un humanista del Renacimiento. \u00bfCu\u00e1les son las claves de este gran deporte?","breadcrumb":{"@id":"https:\/\/www.cope.es\/blogs\/cine-y-libertad\/2024\/12\/31\/eso-no-estaba-en-mi-libro-de-baloncesto-juan-antonio-corbalan\/#breadcrumb"},"inLanguage":"es","potentialAction":[{"@type":"ReadAction","target":["https:\/\/www.cope.es\/blogs\/cine-y-libertad\/2024\/12\/31\/eso-no-estaba-en-mi-libro-de-baloncesto-juan-antonio-corbalan\/"]}]},{"@type":"ImageObject","inLanguage":"es","@id":"https:\/\/www.cope.es\/blogs\/cine-y-libertad\/2024\/12\/31\/eso-no-estaba-en-mi-libro-de-baloncesto-juan-antonio-corbalan\/#primaryimage","url":"https:\/\/www.cope.es\/blogs\/cine-y-libertad\/wp-content\/uploads\/sites\/7\/2024\/08\/esto-no-estaba-en-mi-libro-de-baloncesto-juan-antonio-corbalan.jpg","contentUrl":"https:\/\/www.cope.es\/blogs\/cine-y-libertad\/wp-content\/uploads\/sites\/7\/2024\/08\/esto-no-estaba-en-mi-libro-de-baloncesto-juan-antonio-corbalan.jpg","width":1200,"height":675},{"@type":"BreadcrumbList","@id":"https:\/\/www.cope.es\/blogs\/cine-y-libertad\/2024\/12\/31\/eso-no-estaba-en-mi-libro-de-baloncesto-juan-antonio-corbalan\/#breadcrumb","itemListElement":[{"@type":"ListItem","position":1,"name":"Portada","item":"https:\/\/www.cope.es\/blogs\/cine-y-libertad\/"},{"@type":"ListItem","position":2,"name":"Eso no estaba en mi libro de baloncesto-Juan Antonio Corbal\u00e1n, un humanista del Renacimiento"}]},{"@type":"WebSite","@id":"https:\/\/www.cope.es\/blogs\/cine-y-libertad\/#website","url":"https:\/\/www.cope.es\/blogs\/cine-y-libertad\/","name":"Cine y Libertad","description":"Cine y Libertad un blog de COPE","potentialAction":[{"@type":"SearchAction","target":{"@type":"EntryPoint","urlTemplate":"https:\/\/www.cope.es\/blogs\/cine-y-libertad\/?s={search_term_string}"},"query-input":{"@type":"PropertyValueSpecification","valueRequired":true,"valueName":"search_term_string"}}],"inLanguage":"es"},{"@type":"Person","@id":"https:\/\/www.cope.es\/blogs\/cine-y-libertad\/#\/schema\/person\/c95904a4fbf751a8d9124f8fa8bdaace","name":"V\u00edctor Alvarado","image":{"@type":"ImageObject","inLanguage":"es","@id":"https:\/\/secure.gravatar.com\/avatar\/db4634ae2001f7f920b8294d926f3e737ada04196e014ebacae29a4848f905f4?s=96&d=mm&r=g","url":"https:\/\/secure.gravatar.com\/avatar\/db4634ae2001f7f920b8294d926f3e737ada04196e014ebacae29a4848f905f4?s=96&d=mm&r=g","contentUrl":"https:\/\/secure.gravatar.com\/avatar\/db4634ae2001f7f920b8294d926f3e737ada04196e014ebacae29a4848f905f4?s=96&d=mm&r=g","caption":"V\u00edctor Alvarado"},"description":"V\u00edctor Alvarado tiene una larga experiencia tanto en medios de comunicaci\u00f3n como en educaci\u00f3n. Dirige el programa de radio, Directo a las Estrellas, en Intereconom\u00eda (Castilla y Le\u00f3n) y Informa Radio en toda Espa\u00f1a. Ha colaborado en Radio Inter y Esradio. Cr\u00edtico de cine en Pantalla 90, Diario Ya y P\u00e1ginas Digital. Es miembro del CEC. Es el autor de libro: La fe, la \u00e9tica y los valores de los superh\u00e9roes (PPC). Esta es su web: www.cineylibertad.com y, por supuesto, lleva m\u00e1s de 5 a\u00f1os como bloguero de Cope, donde analiza el cine, los c\u00f3mics y los libros desde una \u00f3ptica antropol\u00f3gica y axiol\u00f3gica, atendiendo a todas las dimensiones del ser humano.","sameAs":["http:\/\/www.cineylibertad.com","https:\/\/www.facebook.com\/victor.alvarado.56829446","https:\/\/www.instagram.com\/cineylibertad\/","https:\/\/x.com\/cineylibertad"],"url":"https:\/\/www.cope.es\/blogs\/cine-y-libertad\/author\/valvarado\/"}]}},"amp_enabled":true,"_links":{"self":[{"href":"https:\/\/www.cope.es\/blogs\/cine-y-libertad\/wp-json\/wp\/v2\/posts\/7919","targetHints":{"allow":["GET"]}}],"collection":[{"href":"https:\/\/www.cope.es\/blogs\/cine-y-libertad\/wp-json\/wp\/v2\/posts"}],"about":[{"href":"https:\/\/www.cope.es\/blogs\/cine-y-libertad\/wp-json\/wp\/v2\/types\/post"}],"author":[{"embeddable":true,"href":"https:\/\/www.cope.es\/blogs\/cine-y-libertad\/wp-json\/wp\/v2\/users\/7"}],"replies":[{"embeddable":true,"href":"https:\/\/www.cope.es\/blogs\/cine-y-libertad\/wp-json\/wp\/v2\/comments?post=7919"}],"version-history":[{"count":2,"href":"https:\/\/www.cope.es\/blogs\/cine-y-libertad\/wp-json\/wp\/v2\/posts\/7919\/revisions"}],"predecessor-version":[{"id":8352,"href":"https:\/\/www.cope.es\/blogs\/cine-y-libertad\/wp-json\/wp\/v2\/posts\/7919\/revisions\/8352"}],"wp:featuredmedia":[{"embeddable":true,"href":"https:\/\/www.cope.es\/blogs\/cine-y-libertad\/wp-json\/wp\/v2\/media\/7921"}],"wp:attachment":[{"href":"https:\/\/www.cope.es\/blogs\/cine-y-libertad\/wp-json\/wp\/v2\/media?parent=7919"}],"wp:term":[{"taxonomy":"category","embeddable":true,"href":"https:\/\/www.cope.es\/blogs\/cine-y-libertad\/wp-json\/wp\/v2\/categories?post=7919"},{"taxonomy":"post_tag","embeddable":true,"href":"https:\/\/www.cope.es\/blogs\/cine-y-libertad\/wp-json\/wp\/v2\/tags?post=7919"}],"curies":[{"name":"wp","href":"https:\/\/api.w.org\/{rel}","templated":true}]}}