{"id":7648,"date":"2024-06-06T20:29:07","date_gmt":"2024-06-06T18:29:07","guid":{"rendered":"http:\/\/www.cope.es\/blogs\/cine-y-libertad\/?p=7648"},"modified":"2024-06-06T20:29:07","modified_gmt":"2024-06-06T18:29:07","slug":"viva-kevin-costner-y-santiago-segura-o-vive-del-reves-intensamente","status":"publish","type":"post","link":"https:\/\/www.cope.es\/blogs\/cine-y-libertad\/2024\/06\/06\/viva-kevin-costner-y-santiago-segura-o-vive-del-reves-intensamente\/","title":{"rendered":"Viva Kevin Costner y Santiago Segura o vive del rev\u00e9s intensamente"},"content":{"rendered":"<p><a href=\"https:\/\/www.ivoox.com\/viva-kevin-costner-santiago-segura-o-vive-audios-mp3_rf_129941021_1.html\">Viva Kevin Costner y Santiago Segura o vive del rev\u00e9s intensamente<\/a>. \u00bfCu\u00e1les son las pel\u00edculas m\u00e1s interesantes del verano?<\/p>\n<p>Hemos invitado a Antonio Pel\u00e1ez (<a href=\"https:\/\/www.cope.es\/blogs\/cine-y-libertad\/2022\/10\/06\/blonde-y-marilyn-monroe-vs-the-fabelmans-de-steven-spielberg\/\">Los Fabelman<\/a>) que nos habla de los estrenos m\u00e1s esperados del verano 2024.<\/p>\n<p>Este es su comentario&#8230;<a href=\"https:\/\/www.youtube.com\/watch?v=PnK2emHQZvM\">Viva Kevin Costner y Santiago Segura o vive del rev\u00e9s intensamente<\/a>.<\/p>\n<p><img loading=\"lazy\" decoding=\"async\" width=\"201\" height=\"251\" class=\"alignnone size-full wp-image-7656\" src=\"http:\/\/www.cope.es\/blogs\/cine-y-libertad\/wp-content\/uploads\/sites\/7\/2024\/06\/hori.jpg\" alt=\"\" \/><\/p>\n<audio class=\"wp-audio-shortcode\" id=\"audio-7648-1\" preload=\"none\" style=\"width: 100%;\" controls=\"controls\"><source type=\"audio\/mpeg\" src=\"https:\/\/www.ivoox.com\/viva-kevin-costner-santiago-segura-o-vive_md_129941021_wp_1.mp3?_=1\" \/><a href=\"https:\/\/www.ivoox.com\/viva-kevin-costner-santiago-segura-o-vive_md_129941021_wp_1.mp3\">https:\/\/www.ivoox.com\/viva-kevin-costner-santiago-segura-o-vive_md_129941021_wp_1.mp3<\/a><\/audio>\n<p><a title=\"Viva Kevin Costner y Santiago Segura o vive del rev\u00e9s intensamente\" href=\"https:\/\/go.ivoox.com\/rf\/129941021\">Ir a descargar<\/a><\/p>\n<p>\u00a1Lectores y amigos de Cine y Libertad!<\/p>\n<p>Esta es la sinopsis oficial de&#8230;<\/p>\n<p>+<strong>Del rev\u00e9s 2:<\/strong><\/p>\n<p><img loading=\"lazy\" decoding=\"async\" width=\"210\" height=\"300\" class=\"alignnone size-medium wp-image-7654\" src=\"http:\/\/www.cope.es\/blogs\/cine-y-libertad\/wp-content\/uploads\/sites\/7\/2024\/06\/viva-kevin-costner-y-santiago-segura-o-vive-del-reves-intensamente-210x300.jpg\" alt=\"\" srcset=\"https:\/\/www.cope.es\/blogs\/cine-y-libertad\/wp-content\/uploads\/sites\/7\/2024\/06\/viva-kevin-costner-y-santiago-segura-o-vive-del-reves-intensamente-210x300.jpg 210w, https:\/\/www.cope.es\/blogs\/cine-y-libertad\/wp-content\/uploads\/sites\/7\/2024\/06\/viva-kevin-costner-y-santiago-segura-o-vive-del-reves-intensamente.jpg 292w\" sizes=\"auto, (max-width: 210px) 100vw, 210px\" \/><\/p>\n<p>Western que ahonda en los or\u00edgenes de la historia de los Estados Unidos de Am\u00e9rica. Una cr\u00f3nica multifac\u00e9tica que relata la expansi\u00f3n y el asentamiento a lo largo del oeste americano durante los a\u00f1os previos y posteriores a la Guerra Civil que dividi\u00f3 a este pa\u00eds y tuvo lugar entre 1861 y 1865. A trav\u00e9s de un pa\u00eds en guerra consigo mismo, este viaje emocional nos presenta los diversos puntos de vista de familias, amigos y enemigos en su empe\u00f1o por descubrir el atractivo del Viejo Oeste, y c\u00f3mo se coloniz\u00f3 con la sangre, el sudor y las l\u00e1grimas de muchos.<\/p>\n<p>+<span class=\"ILfuVd\"><span class=\"hgKElc\"><b>Horizon: An American Saga:<\/b><\/span><\/span><\/p>\n<p><img loading=\"lazy\" decoding=\"async\" width=\"300\" height=\"200\" class=\"alignnone size-medium wp-image-7655\" src=\"http:\/\/www.cope.es\/blogs\/cine-y-libertad\/wp-content\/uploads\/sites\/7\/2024\/06\/viva-kevin-costner-y-santiago-segura-o-vive-del-reves-intensamente1-300x200.jpg\" alt=\"\" srcset=\"https:\/\/www.cope.es\/blogs\/cine-y-libertad\/wp-content\/uploads\/sites\/7\/2024\/06\/viva-kevin-costner-y-santiago-segura-o-vive-del-reves-intensamente1-300x200.jpg 300w, https:\/\/www.cope.es\/blogs\/cine-y-libertad\/wp-content\/uploads\/sites\/7\/2024\/06\/viva-kevin-costner-y-santiago-segura-o-vive-del-reves-intensamente1-408x272.jpg 408w, https:\/\/www.cope.es\/blogs\/cine-y-libertad\/wp-content\/uploads\/sites\/7\/2024\/06\/viva-kevin-costner-y-santiago-segura-o-vive-del-reves-intensamente1.jpg 600w\" sizes=\"auto, (max-width: 300px) 100vw, 300px\" \/><\/p>\n<p>Western que ahonda en los or\u00edgenes de la historia de los Estados Unidos de Am\u00e9rica. Una cr\u00f3nica multifac\u00e9tica que relata la expansi\u00f3n y el asentamiento a lo largo del oeste americano durante los a\u00f1os previos y posteriores a la Guerra Civil que dividi\u00f3 a este pa\u00eds y tuvo lugar entre 1861 y 1865. A trav\u00e9s de un pa\u00eds en guerra consigo mismo, este viaje emocional nos presenta los diversos puntos de vista de familias, amigos y enemigos en su empe\u00f1o por descubrir el atractivo del Viejo Oeste, y c\u00f3mo se coloniz\u00f3 con la sangre, el sudor y las l\u00e1grimas de muchos.<\/p>\n<p>Por otra parte, Antonio Pel\u00e1ez nos dio las claves de este culto director en una entrevista que tuvimos&#8230;<a href=\"https:\/\/www.ivoox.com\/rafael-gordon-conciencia-isabel-catolica-santa-teresa-audios-mp3_rf_11840505_1.html\">Rafael Gordon, la conciencia-Isabel la Cat\u00f3lica, Santa Teresa de Jes\u00fas y Mussolini<\/a>:<\/p>\n<p><img loading=\"lazy\" decoding=\"async\" width=\"181\" height=\"279\" class=\"alignnone size-full wp-image-6460\" src=\"http:\/\/www.cope.es\/blogs\/cine-y-libertad\/wp-content\/uploads\/sites\/7\/2023\/09\/Rafael-Gordon-la-conciencia_min.jpg\" alt=\"\" \/><\/p>\n<p>Puedes escuchar la entrevista<span class=\"fe5nidar khvhiq1o r5qsrrlp i5tg98hk f9ovudaz przvwfww gx1rr48f gfz4du6o r7fjleex nz2484kf svot0ezm dcnh1tix sxl192xd t3g6t33p\"><span class=\"mpj7bzys xzlurrtv\"><img decoding=\"async\" class=\"emoji\" src=\"https:\/\/s.w.org\/images\/core\/emoji\/13.0.1\/svg\/1f399.svg\" alt=\"\ud83c\udf99\ufe0f\" \/><\/span><\/span>en\u00a0<span class=\"fe5nidar khvhiq1o r5qsrrlp i5tg98hk f9ovudaz przvwfww gx1rr48f gfz4du6o r7fjleex nz2484kf svot0ezm dcnh1tix sxl192xd t3g6t33p\"><span class=\"mpj7bzys xzlurrtv\"><img decoding=\"async\" class=\"emoji\" src=\"https:\/\/s.w.org\/images\/core\/emoji\/13.0.1\/svg\/1f4fb.svg\" alt=\"\ud83d\udcfb\" \/><\/span><\/span>\u2026 <a href=\"https:\/\/www.ivoox.com\/rafael-gordon-conciencia-isabel-catolica-santa-teresa-audios-mp3_rf_11840505_1.html\">Rafael Gordon, la conciencia-Isabel la Cat\u00f3lica, Santa Teresa de Jes\u00fas y Mussolini<\/a><\/p>\n<p>Este libro es gracias a que el autor es so\u00f1ador y productor de su propia obra, o lo que es lo mismo arte y parte de su propio hacer y producci\u00f3n, es decir, un independiente. Y un independiente es una rara avis. Una rara avis es un ejemplo extraordinario de ejercicio de la singularidad dentro de la pluralidad, en un mundo que alienta y premia a partir de las necesidades de un mercado dise\u00f1ado sobre todo para la b\u00fasqueda de la uniformidad de gusto y criterio as\u00ed como del pensamiento dolly, el pensamiento cl\u00f3nico. Rafael Gordon nos regala sin embargo, su voz honda e interior, algo as\u00ed como su May\u00fascula, trabada en su tiempo e influida por \u00e9l, desde luego, pero sin atender a modas o intereses que no sean los de la propia obra y sus leyes.<\/p>\n<p><a href=\"https:\/\/www.ivoox.com\/podcast-cine-libertad_sq_f121636_1.html\">V\u00edctor Alvarado<\/a>\u00a0es el autor del libro:\u00a0<a href=\"https:\/\/www.ppc-editorial.com\/libro\/la-fe-la-etica-y-los-valores-de-los-superheroes\"><em>La fe, la \u00e9tica y los valores de los superh\u00e9roes<\/em><\/a><\/p>\n<p>Instagram:<a href=\"https:\/\/www.instagram.com\/cineylibertad\/\">https:\/\/www.instagram.com\/cineylibertad\/<\/a><\/p>\n<p>Facebook: <a href=\"https:\/\/www.facebook.com\/victor.alvarado.56829446\" target=\"_blank\">https:\/\/www.facebook.com\/victor.alvarado.56829446<\/a><\/p>\n<p>Twitter:<span class=\"r-18u37iz\"><a class=\"css-4rbku5 css-18t94o4 css-901oao css-16my406 r-1n1174f r-1loqt21 r-poiln3 r-bcqeeo r-qvutc0\" href=\"https:\/\/twitter.com\/cineylibertad\">@cineylibertad<\/a><\/span><\/p>\n<p>&nbsp;<\/p>\n<p>&nbsp;<\/p>\n<div dir=\"ltr\">\n<div dir=\"ltr\">\n<p>&nbsp;<\/p>\n<\/div>\n<\/div>\n","protected":false},"excerpt":{"rendered":"<p>Viva Kevin Costner y Santiago Segura o vive del rev\u00e9s intensamente. \u00bfCu\u00e1les son las pel\u00edculas m\u00e1s interesantes del verano? Hemos invitado a Antonio Pel\u00e1ez (Los Fabelman) que nos habla de los estrenos m\u00e1s esperados del verano 2024. Este es su comentario&#8230;Viva Kevin Costner y Santiago Segura o vive del rev\u00e9s intensamente. Ir a descargar \u00a1Lectores [&hellip;]<\/p>\n","protected":false},"author":7,"featured_media":7654,"comment_status":"open","ping_status":"open","sticky":false,"template":"","format":"standard","meta":{"footnotes":""},"categories":[92,136,79],"tags":[91,428,785,3647,3648,3656,747],"class_list":["post-7648","post","type-post","status-publish","format-standard","has-post-thumbnail","hentry","category-animacion","category-psicologia","category-western","tag-animacion","tag-kevin-costner","tag-santiago-segura","tag-verano","tag-verano-2024","tag-viva-kevin-costner-y-santiago-segura-o-vive-del-reves-intensamente","tag-western"],"yoast_head":"<!-- This site is optimized with the Yoast SEO plugin v27.4 - https:\/\/yoast.com\/product\/yoast-seo-wordpress\/ -->\n<title>Viva Kevin Costner y Santiago Segura o vive del rev\u00e9s intensamente<\/title>\n<meta name=\"description\" content=\"Viva Kevin Costner y Santiago Segura o vive del rev\u00e9s intensamente. \u00bfCu\u00e1les son las pel\u00edculas m\u00e1s interesantes del verano?\" \/>\n<meta name=\"robots\" content=\"index, follow, max-snippet:-1, max-image-preview:large, max-video-preview:-1\" \/>\n<link rel=\"canonical\" href=\"https:\/\/www.cope.es\/blogs\/cine-y-libertad\/2024\/06\/06\/viva-kevin-costner-y-santiago-segura-o-vive-del-reves-intensamente\/\" \/>\n<meta property=\"og:locale\" content=\"es_ES\" \/>\n<meta property=\"og:type\" content=\"article\" \/>\n<meta property=\"og:title\" content=\"Viva Kevin Costner y Santiago Segura o vive del rev\u00e9s intensamente\" \/>\n<meta property=\"og:description\" content=\"Viva Kevin Costner y Santiago Segura o vive del rev\u00e9s intensamente. \u00bfCu\u00e1les son las pel\u00edculas m\u00e1s interesantes del verano?\" \/>\n<meta property=\"og:url\" content=\"https:\/\/www.cope.es\/blogs\/cine-y-libertad\/2024\/06\/06\/viva-kevin-costner-y-santiago-segura-o-vive-del-reves-intensamente\/\" \/>\n<meta property=\"og:site_name\" content=\"Cine y Libertad\" \/>\n<meta property=\"article:publisher\" content=\"https:\/\/www.facebook.com\/cope\/\" \/>\n<meta property=\"article:author\" content=\"https:\/\/www.facebook.com\/victor.alvarado.56829446\" \/>\n<meta property=\"article:published_time\" content=\"2024-06-06T18:29:07+00:00\" \/>\n<meta property=\"og:image\" content=\"https:\/\/www.cope.es\/blogs\/cine-y-libertad\/wp-content\/uploads\/sites\/7\/2024\/06\/viva-kevin-costner-y-santiago-segura-o-vive-del-reves-intensamente.jpg\" \/>\n\t<meta property=\"og:image:width\" content=\"292\" \/>\n\t<meta property=\"og:image:height\" content=\"417\" \/>\n\t<meta property=\"og:image:type\" content=\"image\/jpeg\" \/>\n<meta name=\"author\" content=\"V\u00edctor Alvarado\" \/>\n<meta name=\"twitter:card\" content=\"summary_large_image\" \/>\n<meta name=\"twitter:creator\" content=\"@cineylibertad\" \/>\n<meta name=\"twitter:site\" content=\"@cope_es\" \/>\n<meta name=\"twitter:label1\" content=\"Escrito por\" \/>\n\t<meta name=\"twitter:data1\" content=\"V\u00edctor Alvarado\" \/>\n\t<meta name=\"twitter:label2\" content=\"Tiempo de lectura\" \/>\n\t<meta name=\"twitter:data2\" content=\"3 minutos\" \/>\n<script type=\"application\/ld+json\" class=\"yoast-schema-graph\">{\"@context\":\"https:\\\/\\\/schema.org\",\"@graph\":[{\"@type\":\"Article\",\"@id\":\"https:\\\/\\\/www.cope.es\\\/blogs\\\/cine-y-libertad\\\/2024\\\/06\\\/06\\\/viva-kevin-costner-y-santiago-segura-o-vive-del-reves-intensamente\\\/#article\",\"isPartOf\":{\"@id\":\"https:\\\/\\\/www.cope.es\\\/blogs\\\/cine-y-libertad\\\/2024\\\/06\\\/06\\\/viva-kevin-costner-y-santiago-segura-o-vive-del-reves-intensamente\\\/\"},\"author\":{\"name\":\"V\u00edctor Alvarado\",\"@id\":\"https:\\\/\\\/www.cope.es\\\/blogs\\\/cine-y-libertad\\\/#\\\/schema\\\/person\\\/c95904a4fbf751a8d9124f8fa8bdaace\"},\"headline\":\"Viva Kevin Costner y Santiago Segura o vive del rev\u00e9s intensamente\",\"datePublished\":\"2024-06-06T18:29:07+00:00\",\"mainEntityOfPage\":{\"@id\":\"https:\\\/\\\/www.cope.es\\\/blogs\\\/cine-y-libertad\\\/2024\\\/06\\\/06\\\/viva-kevin-costner-y-santiago-segura-o-vive-del-reves-intensamente\\\/\"},\"wordCount\":558,\"commentCount\":0,\"image\":{\"@id\":\"https:\\\/\\\/www.cope.es\\\/blogs\\\/cine-y-libertad\\\/2024\\\/06\\\/06\\\/viva-kevin-costner-y-santiago-segura-o-vive-del-reves-intensamente\\\/#primaryimage\"},\"thumbnailUrl\":\"https:\\\/\\\/www.cope.es\\\/blogs\\\/cine-y-libertad\\\/wp-content\\\/uploads\\\/sites\\\/7\\\/2024\\\/06\\\/viva-kevin-costner-y-santiago-segura-o-vive-del-reves-intensamente.jpg\",\"keywords\":[\"animaci\u00f3n\",\"Kevin Costner\",\"Santiago Segura\",\"verano\",\"verano 2024\",\"Viva Kevin Costner y Santiago Segura o vive del rev\u00e9s intensamente\",\"western\"],\"articleSection\":[\"animaci\u00f3n\",\"psicolog\u00eda\",\"western\"],\"inLanguage\":\"es\",\"potentialAction\":[{\"@type\":\"CommentAction\",\"name\":\"Comment\",\"target\":[\"https:\\\/\\\/www.cope.es\\\/blogs\\\/cine-y-libertad\\\/2024\\\/06\\\/06\\\/viva-kevin-costner-y-santiago-segura-o-vive-del-reves-intensamente\\\/#respond\"]}]},{\"@type\":\"WebPage\",\"@id\":\"https:\\\/\\\/www.cope.es\\\/blogs\\\/cine-y-libertad\\\/2024\\\/06\\\/06\\\/viva-kevin-costner-y-santiago-segura-o-vive-del-reves-intensamente\\\/\",\"url\":\"https:\\\/\\\/www.cope.es\\\/blogs\\\/cine-y-libertad\\\/2024\\\/06\\\/06\\\/viva-kevin-costner-y-santiago-segura-o-vive-del-reves-intensamente\\\/\",\"name\":\"Viva Kevin Costner y Santiago Segura o vive del rev\u00e9s intensamente\",\"isPartOf\":{\"@id\":\"https:\\\/\\\/www.cope.es\\\/blogs\\\/cine-y-libertad\\\/#website\"},\"primaryImageOfPage\":{\"@id\":\"https:\\\/\\\/www.cope.es\\\/blogs\\\/cine-y-libertad\\\/2024\\\/06\\\/06\\\/viva-kevin-costner-y-santiago-segura-o-vive-del-reves-intensamente\\\/#primaryimage\"},\"image\":{\"@id\":\"https:\\\/\\\/www.cope.es\\\/blogs\\\/cine-y-libertad\\\/2024\\\/06\\\/06\\\/viva-kevin-costner-y-santiago-segura-o-vive-del-reves-intensamente\\\/#primaryimage\"},\"thumbnailUrl\":\"https:\\\/\\\/www.cope.es\\\/blogs\\\/cine-y-libertad\\\/wp-content\\\/uploads\\\/sites\\\/7\\\/2024\\\/06\\\/viva-kevin-costner-y-santiago-segura-o-vive-del-reves-intensamente.jpg\",\"datePublished\":\"2024-06-06T18:29:07+00:00\",\"author\":{\"@id\":\"https:\\\/\\\/www.cope.es\\\/blogs\\\/cine-y-libertad\\\/#\\\/schema\\\/person\\\/c95904a4fbf751a8d9124f8fa8bdaace\"},\"description\":\"Viva Kevin Costner y Santiago Segura o vive del rev\u00e9s intensamente. \u00bfCu\u00e1les son las pel\u00edculas m\u00e1s interesantes del verano?\",\"breadcrumb\":{\"@id\":\"https:\\\/\\\/www.cope.es\\\/blogs\\\/cine-y-libertad\\\/2024\\\/06\\\/06\\\/viva-kevin-costner-y-santiago-segura-o-vive-del-reves-intensamente\\\/#breadcrumb\"},\"inLanguage\":\"es\",\"potentialAction\":[{\"@type\":\"ReadAction\",\"target\":[\"https:\\\/\\\/www.cope.es\\\/blogs\\\/cine-y-libertad\\\/2024\\\/06\\\/06\\\/viva-kevin-costner-y-santiago-segura-o-vive-del-reves-intensamente\\\/\"]}]},{\"@type\":\"ImageObject\",\"inLanguage\":\"es\",\"@id\":\"https:\\\/\\\/www.cope.es\\\/blogs\\\/cine-y-libertad\\\/2024\\\/06\\\/06\\\/viva-kevin-costner-y-santiago-segura-o-vive-del-reves-intensamente\\\/#primaryimage\",\"url\":\"https:\\\/\\\/www.cope.es\\\/blogs\\\/cine-y-libertad\\\/wp-content\\\/uploads\\\/sites\\\/7\\\/2024\\\/06\\\/viva-kevin-costner-y-santiago-segura-o-vive-del-reves-intensamente.jpg\",\"contentUrl\":\"https:\\\/\\\/www.cope.es\\\/blogs\\\/cine-y-libertad\\\/wp-content\\\/uploads\\\/sites\\\/7\\\/2024\\\/06\\\/viva-kevin-costner-y-santiago-segura-o-vive-del-reves-intensamente.jpg\",\"width\":292,\"height\":417},{\"@type\":\"BreadcrumbList\",\"@id\":\"https:\\\/\\\/www.cope.es\\\/blogs\\\/cine-y-libertad\\\/2024\\\/06\\\/06\\\/viva-kevin-costner-y-santiago-segura-o-vive-del-reves-intensamente\\\/#breadcrumb\",\"itemListElement\":[{\"@type\":\"ListItem\",\"position\":1,\"name\":\"Portada\",\"item\":\"https:\\\/\\\/www.cope.es\\\/blogs\\\/cine-y-libertad\\\/\"},{\"@type\":\"ListItem\",\"position\":2,\"name\":\"Viva Kevin Costner y Santiago Segura o vive del rev\u00e9s intensamente\"}]},{\"@type\":\"WebSite\",\"@id\":\"https:\\\/\\\/www.cope.es\\\/blogs\\\/cine-y-libertad\\\/#website\",\"url\":\"https:\\\/\\\/www.cope.es\\\/blogs\\\/cine-y-libertad\\\/\",\"name\":\"Cine y Libertad\",\"description\":\"Cine y Libertad un blog de COPE\",\"potentialAction\":[{\"@type\":\"SearchAction\",\"target\":{\"@type\":\"EntryPoint\",\"urlTemplate\":\"https:\\\/\\\/www.cope.es\\\/blogs\\\/cine-y-libertad\\\/?s={search_term_string}\"},\"query-input\":{\"@type\":\"PropertyValueSpecification\",\"valueRequired\":true,\"valueName\":\"search_term_string\"}}],\"inLanguage\":\"es\"},{\"@type\":\"Person\",\"@id\":\"https:\\\/\\\/www.cope.es\\\/blogs\\\/cine-y-libertad\\\/#\\\/schema\\\/person\\\/c95904a4fbf751a8d9124f8fa8bdaace\",\"name\":\"V\u00edctor Alvarado\",\"image\":{\"@type\":\"ImageObject\",\"inLanguage\":\"es\",\"@id\":\"https:\\\/\\\/secure.gravatar.com\\\/avatar\\\/db4634ae2001f7f920b8294d926f3e737ada04196e014ebacae29a4848f905f4?s=96&d=mm&r=g\",\"url\":\"https:\\\/\\\/secure.gravatar.com\\\/avatar\\\/db4634ae2001f7f920b8294d926f3e737ada04196e014ebacae29a4848f905f4?s=96&d=mm&r=g\",\"contentUrl\":\"https:\\\/\\\/secure.gravatar.com\\\/avatar\\\/db4634ae2001f7f920b8294d926f3e737ada04196e014ebacae29a4848f905f4?s=96&d=mm&r=g\",\"caption\":\"V\u00edctor Alvarado\"},\"description\":\"V\u00edctor Alvarado tiene una larga experiencia tanto en medios de comunicaci\u00f3n como en educaci\u00f3n. Dirige el programa de radio, Directo a las Estrellas, en Intereconom\u00eda (Castilla y Le\u00f3n) y Informa Radio en toda Espa\u00f1a. Ha colaborado en Radio Inter y Esradio. Cr\u00edtico de cine en Pantalla 90, Diario Ya y P\u00e1ginas Digital. Es miembro del CEC. Es el autor de libro: La fe, la \u00e9tica y los valores de los superh\u00e9roes (PPC). Esta es su web: www.cineylibertad.com y, por supuesto, lleva m\u00e1s de 5 a\u00f1os como bloguero de Cope, donde analiza el cine, los c\u00f3mics y los libros desde una \u00f3ptica antropol\u00f3gica y axiol\u00f3gica, atendiendo a todas las dimensiones del ser humano.\",\"sameAs\":[\"http:\\\/\\\/www.cineylibertad.com\",\"https:\\\/\\\/www.facebook.com\\\/victor.alvarado.56829446\",\"https:\\\/\\\/www.instagram.com\\\/cineylibertad\\\/\",\"https:\\\/\\\/x.com\\\/cineylibertad\"],\"url\":\"https:\\\/\\\/www.cope.es\\\/blogs\\\/cine-y-libertad\\\/author\\\/valvarado\\\/\"}]}<\/script>\n<!-- \/ Yoast SEO plugin. -->","yoast_head_json":{"title":"Viva Kevin Costner y Santiago Segura o vive del rev\u00e9s intensamente","description":"Viva Kevin Costner y Santiago Segura o vive del rev\u00e9s intensamente. \u00bfCu\u00e1les son las pel\u00edculas m\u00e1s interesantes del verano?","robots":{"index":"index","follow":"follow","max-snippet":"max-snippet:-1","max-image-preview":"max-image-preview:large","max-video-preview":"max-video-preview:-1"},"canonical":"https:\/\/www.cope.es\/blogs\/cine-y-libertad\/2024\/06\/06\/viva-kevin-costner-y-santiago-segura-o-vive-del-reves-intensamente\/","og_locale":"es_ES","og_type":"article","og_title":"Viva Kevin Costner y Santiago Segura o vive del rev\u00e9s intensamente","og_description":"Viva Kevin Costner y Santiago Segura o vive del rev\u00e9s intensamente. \u00bfCu\u00e1les son las pel\u00edculas m\u00e1s interesantes del verano?","og_url":"https:\/\/www.cope.es\/blogs\/cine-y-libertad\/2024\/06\/06\/viva-kevin-costner-y-santiago-segura-o-vive-del-reves-intensamente\/","og_site_name":"Cine y Libertad","article_publisher":"https:\/\/www.facebook.com\/cope\/","article_author":"https:\/\/www.facebook.com\/victor.alvarado.56829446","article_published_time":"2024-06-06T18:29:07+00:00","og_image":[{"width":292,"height":417,"url":"https:\/\/www.cope.es\/blogs\/cine-y-libertad\/wp-content\/uploads\/sites\/7\/2024\/06\/viva-kevin-costner-y-santiago-segura-o-vive-del-reves-intensamente.jpg","type":"image\/jpeg"}],"author":"V\u00edctor Alvarado","twitter_card":"summary_large_image","twitter_creator":"@cineylibertad","twitter_site":"@cope_es","twitter_misc":{"Escrito por":"V\u00edctor Alvarado","Tiempo de lectura":"3 minutos"},"schema":{"@context":"https:\/\/schema.org","@graph":[{"@type":"Article","@id":"https:\/\/www.cope.es\/blogs\/cine-y-libertad\/2024\/06\/06\/viva-kevin-costner-y-santiago-segura-o-vive-del-reves-intensamente\/#article","isPartOf":{"@id":"https:\/\/www.cope.es\/blogs\/cine-y-libertad\/2024\/06\/06\/viva-kevin-costner-y-santiago-segura-o-vive-del-reves-intensamente\/"},"author":{"name":"V\u00edctor Alvarado","@id":"https:\/\/www.cope.es\/blogs\/cine-y-libertad\/#\/schema\/person\/c95904a4fbf751a8d9124f8fa8bdaace"},"headline":"Viva Kevin Costner y Santiago Segura o vive del rev\u00e9s intensamente","datePublished":"2024-06-06T18:29:07+00:00","mainEntityOfPage":{"@id":"https:\/\/www.cope.es\/blogs\/cine-y-libertad\/2024\/06\/06\/viva-kevin-costner-y-santiago-segura-o-vive-del-reves-intensamente\/"},"wordCount":558,"commentCount":0,"image":{"@id":"https:\/\/www.cope.es\/blogs\/cine-y-libertad\/2024\/06\/06\/viva-kevin-costner-y-santiago-segura-o-vive-del-reves-intensamente\/#primaryimage"},"thumbnailUrl":"https:\/\/www.cope.es\/blogs\/cine-y-libertad\/wp-content\/uploads\/sites\/7\/2024\/06\/viva-kevin-costner-y-santiago-segura-o-vive-del-reves-intensamente.jpg","keywords":["animaci\u00f3n","Kevin Costner","Santiago Segura","verano","verano 2024","Viva Kevin Costner y Santiago Segura o vive del rev\u00e9s intensamente","western"],"articleSection":["animaci\u00f3n","psicolog\u00eda","western"],"inLanguage":"es","potentialAction":[{"@type":"CommentAction","name":"Comment","target":["https:\/\/www.cope.es\/blogs\/cine-y-libertad\/2024\/06\/06\/viva-kevin-costner-y-santiago-segura-o-vive-del-reves-intensamente\/#respond"]}]},{"@type":"WebPage","@id":"https:\/\/www.cope.es\/blogs\/cine-y-libertad\/2024\/06\/06\/viva-kevin-costner-y-santiago-segura-o-vive-del-reves-intensamente\/","url":"https:\/\/www.cope.es\/blogs\/cine-y-libertad\/2024\/06\/06\/viva-kevin-costner-y-santiago-segura-o-vive-del-reves-intensamente\/","name":"Viva Kevin Costner y Santiago Segura o vive del rev\u00e9s intensamente","isPartOf":{"@id":"https:\/\/www.cope.es\/blogs\/cine-y-libertad\/#website"},"primaryImageOfPage":{"@id":"https:\/\/www.cope.es\/blogs\/cine-y-libertad\/2024\/06\/06\/viva-kevin-costner-y-santiago-segura-o-vive-del-reves-intensamente\/#primaryimage"},"image":{"@id":"https:\/\/www.cope.es\/blogs\/cine-y-libertad\/2024\/06\/06\/viva-kevin-costner-y-santiago-segura-o-vive-del-reves-intensamente\/#primaryimage"},"thumbnailUrl":"https:\/\/www.cope.es\/blogs\/cine-y-libertad\/wp-content\/uploads\/sites\/7\/2024\/06\/viva-kevin-costner-y-santiago-segura-o-vive-del-reves-intensamente.jpg","datePublished":"2024-06-06T18:29:07+00:00","author":{"@id":"https:\/\/www.cope.es\/blogs\/cine-y-libertad\/#\/schema\/person\/c95904a4fbf751a8d9124f8fa8bdaace"},"description":"Viva Kevin Costner y Santiago Segura o vive del rev\u00e9s intensamente. \u00bfCu\u00e1les son las pel\u00edculas m\u00e1s interesantes del verano?","breadcrumb":{"@id":"https:\/\/www.cope.es\/blogs\/cine-y-libertad\/2024\/06\/06\/viva-kevin-costner-y-santiago-segura-o-vive-del-reves-intensamente\/#breadcrumb"},"inLanguage":"es","potentialAction":[{"@type":"ReadAction","target":["https:\/\/www.cope.es\/blogs\/cine-y-libertad\/2024\/06\/06\/viva-kevin-costner-y-santiago-segura-o-vive-del-reves-intensamente\/"]}]},{"@type":"ImageObject","inLanguage":"es","@id":"https:\/\/www.cope.es\/blogs\/cine-y-libertad\/2024\/06\/06\/viva-kevin-costner-y-santiago-segura-o-vive-del-reves-intensamente\/#primaryimage","url":"https:\/\/www.cope.es\/blogs\/cine-y-libertad\/wp-content\/uploads\/sites\/7\/2024\/06\/viva-kevin-costner-y-santiago-segura-o-vive-del-reves-intensamente.jpg","contentUrl":"https:\/\/www.cope.es\/blogs\/cine-y-libertad\/wp-content\/uploads\/sites\/7\/2024\/06\/viva-kevin-costner-y-santiago-segura-o-vive-del-reves-intensamente.jpg","width":292,"height":417},{"@type":"BreadcrumbList","@id":"https:\/\/www.cope.es\/blogs\/cine-y-libertad\/2024\/06\/06\/viva-kevin-costner-y-santiago-segura-o-vive-del-reves-intensamente\/#breadcrumb","itemListElement":[{"@type":"ListItem","position":1,"name":"Portada","item":"https:\/\/www.cope.es\/blogs\/cine-y-libertad\/"},{"@type":"ListItem","position":2,"name":"Viva Kevin Costner y Santiago Segura o vive del rev\u00e9s intensamente"}]},{"@type":"WebSite","@id":"https:\/\/www.cope.es\/blogs\/cine-y-libertad\/#website","url":"https:\/\/www.cope.es\/blogs\/cine-y-libertad\/","name":"Cine y Libertad","description":"Cine y Libertad un blog de COPE","potentialAction":[{"@type":"SearchAction","target":{"@type":"EntryPoint","urlTemplate":"https:\/\/www.cope.es\/blogs\/cine-y-libertad\/?s={search_term_string}"},"query-input":{"@type":"PropertyValueSpecification","valueRequired":true,"valueName":"search_term_string"}}],"inLanguage":"es"},{"@type":"Person","@id":"https:\/\/www.cope.es\/blogs\/cine-y-libertad\/#\/schema\/person\/c95904a4fbf751a8d9124f8fa8bdaace","name":"V\u00edctor Alvarado","image":{"@type":"ImageObject","inLanguage":"es","@id":"https:\/\/secure.gravatar.com\/avatar\/db4634ae2001f7f920b8294d926f3e737ada04196e014ebacae29a4848f905f4?s=96&d=mm&r=g","url":"https:\/\/secure.gravatar.com\/avatar\/db4634ae2001f7f920b8294d926f3e737ada04196e014ebacae29a4848f905f4?s=96&d=mm&r=g","contentUrl":"https:\/\/secure.gravatar.com\/avatar\/db4634ae2001f7f920b8294d926f3e737ada04196e014ebacae29a4848f905f4?s=96&d=mm&r=g","caption":"V\u00edctor Alvarado"},"description":"V\u00edctor Alvarado tiene una larga experiencia tanto en medios de comunicaci\u00f3n como en educaci\u00f3n. Dirige el programa de radio, Directo a las Estrellas, en Intereconom\u00eda (Castilla y Le\u00f3n) y Informa Radio en toda Espa\u00f1a. Ha colaborado en Radio Inter y Esradio. Cr\u00edtico de cine en Pantalla 90, Diario Ya y P\u00e1ginas Digital. Es miembro del CEC. Es el autor de libro: La fe, la \u00e9tica y los valores de los superh\u00e9roes (PPC). Esta es su web: www.cineylibertad.com y, por supuesto, lleva m\u00e1s de 5 a\u00f1os como bloguero de Cope, donde analiza el cine, los c\u00f3mics y los libros desde una \u00f3ptica antropol\u00f3gica y axiol\u00f3gica, atendiendo a todas las dimensiones del ser humano.","sameAs":["http:\/\/www.cineylibertad.com","https:\/\/www.facebook.com\/victor.alvarado.56829446","https:\/\/www.instagram.com\/cineylibertad\/","https:\/\/x.com\/cineylibertad"],"url":"https:\/\/www.cope.es\/blogs\/cine-y-libertad\/author\/valvarado\/"}]}},"amp_enabled":true,"_links":{"self":[{"href":"https:\/\/www.cope.es\/blogs\/cine-y-libertad\/wp-json\/wp\/v2\/posts\/7648","targetHints":{"allow":["GET"]}}],"collection":[{"href":"https:\/\/www.cope.es\/blogs\/cine-y-libertad\/wp-json\/wp\/v2\/posts"}],"about":[{"href":"https:\/\/www.cope.es\/blogs\/cine-y-libertad\/wp-json\/wp\/v2\/types\/post"}],"author":[{"embeddable":true,"href":"https:\/\/www.cope.es\/blogs\/cine-y-libertad\/wp-json\/wp\/v2\/users\/7"}],"replies":[{"embeddable":true,"href":"https:\/\/www.cope.es\/blogs\/cine-y-libertad\/wp-json\/wp\/v2\/comments?post=7648"}],"version-history":[{"count":2,"href":"https:\/\/www.cope.es\/blogs\/cine-y-libertad\/wp-json\/wp\/v2\/posts\/7648\/revisions"}],"predecessor-version":[{"id":7658,"href":"https:\/\/www.cope.es\/blogs\/cine-y-libertad\/wp-json\/wp\/v2\/posts\/7648\/revisions\/7658"}],"wp:featuredmedia":[{"embeddable":true,"href":"https:\/\/www.cope.es\/blogs\/cine-y-libertad\/wp-json\/wp\/v2\/media\/7654"}],"wp:attachment":[{"href":"https:\/\/www.cope.es\/blogs\/cine-y-libertad\/wp-json\/wp\/v2\/media?parent=7648"}],"wp:term":[{"taxonomy":"category","embeddable":true,"href":"https:\/\/www.cope.es\/blogs\/cine-y-libertad\/wp-json\/wp\/v2\/categories?post=7648"},{"taxonomy":"post_tag","embeddable":true,"href":"https:\/\/www.cope.es\/blogs\/cine-y-libertad\/wp-json\/wp\/v2\/tags?post=7648"}],"curies":[{"name":"wp","href":"https:\/\/api.w.org\/{rel}","templated":true}]}}