{"id":7574,"date":"2024-05-17T17:00:54","date_gmt":"2024-05-17T15:00:54","guid":{"rendered":"http:\/\/www.cope.es\/blogs\/cine-y-libertad\/?p=7574"},"modified":"2024-05-17T12:00:22","modified_gmt":"2024-05-17T10:00:22","slug":"hot-docs-2024-un-festival-de-toronto-made-in-spain","status":"publish","type":"post","link":"https:\/\/www.cope.es\/blogs\/cine-y-libertad\/2024\/05\/17\/hot-docs-2024-un-festival-de-toronto-made-in-spain\/","title":{"rendered":"Hot Docs 2024: Un festival de Toronto &#8220;made in Spain&#8221;"},"content":{"rendered":"<p><a href=\"https:\/\/www.ivoox.com\/hot-docs-2024-un-festival-toronto-made-audios-mp3_rf_129021583_1.html\">Hot Docs 2024: Un festival de Toronto &#8220;made in Spain&#8221;<\/a>. \u00bfQu\u00e9 cintas espa\u00f1olas o canadienses nos parecen m\u00e1s interesantes?<\/p>\n<p>\u00a1Lectores y amigos Cine y Libertad!<\/p>\n<p>V\u00edctor Alvarado (<a href=\"https:\/\/twitter.com\/cineylibertad\/status\/1776951482736119925\">La fe, la \u00e9tica y los valores de los superh\u00e9roes<\/a>) y\u00a0 Antonio Pel\u00e1ez (<a href=\"https:\/\/www.cope.es\/blogs\/cine-y-libertad\/2023\/01\/06\/el-globo-rojo-el-dia-en-que-albert-lamorisse-gano-el-oscar-al-mejor-guion-original-sin-dialogos\/\">El globo rojo<\/a>, <a href=\"https:\/\/www.cope.es\/blogs\/cine-y-libertad\/2022\/10\/06\/blonde-y-marilyn-monroe-vs-the-fabelmans-de-steven-spielberg\/\">Los Fabelman, <\/a><a href=\"https:\/\/www.ivoox.com\/congreso-denver-que-es-society-for-audios-mp3_rf_107177187_1.html\">El congreso de Denver,Clo\u00e9 Zhao<\/a>,<a href=\"https:\/\/www.cope.es\/blogs\/cine-y-libertad\/2023\/05\/25\/the-mountains-el-mejor-del-hot-docs-y-los-documentales-como-refugio-de-la-familia\/\">The mountains<\/a> , <a href=\"https:\/\/www.ivoox.com\/sound-of-freedom-la-pelicula-disney-no-quiso-audios-mp3_rf_113269122_1.html\">Sound of freedom<\/a> ) nos hablan del <a href=\"https:\/\/www.youtube.com\/watch?v=a6WDipITb0c\">Hot Docs 2024: Un festival de Toronto &#8220;made in Spain&#8221;<\/a>.<\/p>\n<p><img loading=\"lazy\" decoding=\"async\" width=\"218\" height=\"300\" class=\"alignnone size-medium wp-image-7576\" src=\"http:\/\/www.cope.es\/blogs\/cine-y-libertad\/wp-content\/uploads\/sites\/7\/2024\/05\/hot-docs-2024-un-festival-de-toronto-made-in-spain-218x300.jpg\" alt=\"\" srcset=\"https:\/\/www.cope.es\/blogs\/cine-y-libertad\/wp-content\/uploads\/sites\/7\/2024\/05\/hot-docs-2024-un-festival-de-toronto-made-in-spain-218x300.jpg 218w, https:\/\/www.cope.es\/blogs\/cine-y-libertad\/wp-content\/uploads\/sites\/7\/2024\/05\/hot-docs-2024-un-festival-de-toronto-made-in-spain.jpg 474w\" sizes=\"auto, (max-width: 218px) 100vw, 218px\" \/><\/p>\n<audio class=\"wp-audio-shortcode\" id=\"audio-7574-1\" preload=\"none\" style=\"width: 100%;\" controls=\"controls\"><source type=\"audio\/mpeg\" src=\"https:\/\/www.ivoox.com\/hot-docs-2024-un-festival-toronto-made_md_129021583_wp_1.mp3?_=1\" \/><a href=\"https:\/\/www.ivoox.com\/hot-docs-2024-un-festival-toronto-made_md_129021583_wp_1.mp3\">https:\/\/www.ivoox.com\/hot-docs-2024-un-festival-toronto-made_md_129021583_wp_1.mp3<\/a><\/audio>\n<p><a title=\"Hot Docs 2024: Un festival de Toronto \" href=\"https:\/\/go.ivoox.com\/rf\/129021583\">Ir a descargar<\/a><\/p>\n<p>Esta es la sinopsis oficial de Sextorsi\u00f3n, uno de los muchos documentales espa\u00f1oles presentados:<\/p>\n<p>Atrapada en un laberinto de chantaje digital tras el robo de su ordenador, la directora Pati documenta la persecuci\u00f3n en tiempo real como forma de supervivencia.<\/p>\n<p>Por otra parte, nuestro invitado de esta semana reflexion\u00f3 en el siguiente tema: <a href=\"https:\/\/www.ivoox.com\/estan-festivales-cine-peligro-que-audios-mp3_rf_127408351_1.html\">\u00bfEst\u00e1n los Festivales de cine en peligro?<\/a> \u00bfQu\u00e9 pasa con el Festival de Hot Docs 2024?<\/p>\n<p><img loading=\"lazy\" decoding=\"async\" width=\"200\" height=\"300\" class=\"alignnone size-medium wp-image-7434\" src=\"http:\/\/www.cope.es\/blogs\/cine-y-libertad\/wp-content\/uploads\/sites\/7\/2024\/04\/estan-los-festivales-de-cine-en-peligro-200x300.jpg\" alt=\"\" srcset=\"https:\/\/www.cope.es\/blogs\/cine-y-libertad\/wp-content\/uploads\/sites\/7\/2024\/04\/estan-los-festivales-de-cine-en-peligro-200x300.jpg 200w, https:\/\/www.cope.es\/blogs\/cine-y-libertad\/wp-content\/uploads\/sites\/7\/2024\/04\/estan-los-festivales-de-cine-en-peligro.jpg 300w\" sizes=\"auto, (max-width: 200px) 100vw, 200px\" \/><\/p>\n<audio class=\"wp-audio-shortcode\" id=\"audio-7574-2\" preload=\"none\" style=\"width: 100%;\" controls=\"controls\"><source type=\"audio\/mpeg\" src=\"https:\/\/www.ivoox.com\/estan-festivales-cine-peligro-que_md_127408351_wp_1.mp3?_=2\" \/><a href=\"https:\/\/www.ivoox.com\/estan-festivales-cine-peligro-que_md_127408351_wp_1.mp3\">https:\/\/www.ivoox.com\/estan-festivales-cine-peligro-que_md_127408351_wp_1.mp3<\/a><\/audio>\n<p><a title=\"\u00bfEst\u00e1n los Festivales de cine en peligro? \u00bfQu\u00e9 pasa con el Festival de Hot Docs 2024?\" href=\"https:\/\/go.ivoox.com\/rf\/127408351\">Ir a descargar<\/a><\/p>\n<p>El citado Festival de Toronto (Hot Docs 2024) trae pel\u00edculas espa\u00f1olas como&#8230;Cristina Garc\u00eda Rodero: La mirada oculta (una gran fot\u00f3grafa espa\u00f1ola). Ferozmente independiente, aclamada por la cr\u00edtica y autodidacta, la fot\u00f3grafa espa\u00f1ola Cristina Garc\u00eda Rodero ha dado testimonio, durante m\u00e1s de medio siglo, de una Espa\u00f1a ins\u00f3lita, pero sus extensos reportajes sin prisa y desde dentro han buscado tambi\u00e9n otras culturas y realidades. Hoy, esta artista de 73 a\u00f1os contin\u00faa autofinanciando sus proyectos a largo plazo y documentando c\u00f3mo se celebra la vida, el amor, la belleza y la muerte en el mundo. Aquello que mueve y conmueve al alma, esp\u00edritu y cuerpo humano.<\/p>\n<p><a href=\"https:\/\/www.ivoox.com\/podcast-cine-libertad_sq_f121636_1.html\">V\u00edctor Alvarado<\/a>, autor del libro: <a href=\"https:\/\/www.ppc-editorial.com\/libro\/la-fe-la-etica-y-los-valores-de-los-superheroes\"><em>La fe, la \u00e9tica y los valores de los superh\u00e9roes<\/em><\/a><\/p>\n<p>Instagram:<a href=\"https:\/\/www.instagram.com\/cineylibertad\/\">https:\/\/www.instagram.com\/cineylibertad\/<\/a><\/p>\n<p>Facebook: <a href=\"https:\/\/www.facebook.com\/victor.alvarado.56829446\" target=\"_blank\">https:\/\/www.facebook.com\/victor.alvarado.56829446<\/a><\/p>\n<p>Twitter:<span class=\"r-18u37iz\"><a class=\"css-4rbku5 css-18t94o4 css-901oao css-16my406 r-1n1174f r-1loqt21 r-poiln3 r-bcqeeo r-qvutc0\" href=\"https:\/\/twitter.com\/cineylibertad\">@cineylibertad<\/a><\/span><\/p>\n","protected":false},"excerpt":{"rendered":"<p>Hot Docs 2024: Un festival de Toronto &#8220;made in Spain&#8221;. \u00bfQu\u00e9 cintas espa\u00f1olas o canadienses nos parecen m\u00e1s interesantes? \u00a1Lectores y amigos Cine y Libertad! V\u00edctor Alvarado (La fe, la \u00e9tica y los valores de los superh\u00e9roes) y\u00a0 Antonio Pel\u00e1ez (El globo rojo, Los Fabelman, El congreso de Denver,Clo\u00e9 Zhao,The mountains , Sound of freedom [&hellip;]<\/p>\n","protected":false},"author":7,"featured_media":7576,"comment_status":"open","ping_status":"open","sticky":false,"template":"","format":"standard","meta":{"footnotes":""},"categories":[226,136],"tags":[3594,2219,3592,3591,3590,3593],"class_list":["post-7574","post","type-post","status-publish","format-standard","has-post-thumbnail","hentry","category-documental","category-psicologia","tag-festival-de-toronto-2024","tag-hot-docs","tag-hot-docs-2024","tag-hot-docs-2024-un-festival-de-toronto","tag-hot-docs-2024-un-festival-de-toronto-made-in-spain","tag-toronto"],"yoast_head":"<!-- This site is optimized with the Yoast SEO plugin v27.4 - https:\/\/yoast.com\/product\/yoast-seo-wordpress\/ -->\n<title>Hot Docs 2024: Un festival de Toronto &quot;made in Spain&quot;<\/title>\n<meta name=\"description\" content=\"Hot Docs 2024: Un festival de Toronto &quot;made in Spain&quot;. \u00bfQu\u00e9 cintas espa\u00f1olas o canadienses nos parecen m\u00e1s interesantes? Hot Docs 2024\" \/>\n<meta name=\"robots\" content=\"index, follow, max-snippet:-1, max-image-preview:large, max-video-preview:-1\" \/>\n<link rel=\"canonical\" href=\"https:\/\/www.cope.es\/blogs\/cine-y-libertad\/2024\/05\/17\/hot-docs-2024-un-festival-de-toronto-made-in-spain\/\" \/>\n<meta property=\"og:locale\" content=\"es_ES\" \/>\n<meta property=\"og:type\" content=\"article\" \/>\n<meta property=\"og:title\" content=\"Hot Docs 2024: Un festival de Toronto &quot;made in Spain&quot;\" \/>\n<meta property=\"og:description\" content=\"Hot Docs 2024: Un festival de Toronto &quot;made in Spain&quot;. \u00bfQu\u00e9 cintas espa\u00f1olas o canadienses nos parecen m\u00e1s interesantes? Hot Docs 2024\" \/>\n<meta property=\"og:url\" content=\"https:\/\/www.cope.es\/blogs\/cine-y-libertad\/2024\/05\/17\/hot-docs-2024-un-festival-de-toronto-made-in-spain\/\" \/>\n<meta property=\"og:site_name\" content=\"Cine y Libertad\" \/>\n<meta property=\"article:publisher\" content=\"https:\/\/www.facebook.com\/cope\/\" \/>\n<meta property=\"article:author\" content=\"https:\/\/www.facebook.com\/victor.alvarado.56829446\" \/>\n<meta property=\"article:published_time\" content=\"2024-05-17T15:00:54+00:00\" \/>\n<meta property=\"og:image\" content=\"https:\/\/www.cope.es\/blogs\/cine-y-libertad\/wp-content\/uploads\/sites\/7\/2024\/05\/hot-docs-2024-un-festival-de-toronto-made-in-spain.jpg\" \/>\n\t<meta property=\"og:image:width\" content=\"474\" \/>\n\t<meta property=\"og:image:height\" content=\"651\" \/>\n\t<meta property=\"og:image:type\" content=\"image\/jpeg\" \/>\n<meta name=\"author\" content=\"V\u00edctor Alvarado\" \/>\n<meta name=\"twitter:card\" content=\"summary_large_image\" \/>\n<meta name=\"twitter:creator\" content=\"@cineylibertad\" \/>\n<meta name=\"twitter:site\" content=\"@cope_es\" \/>\n<meta name=\"twitter:label1\" content=\"Escrito por\" \/>\n\t<meta name=\"twitter:data1\" content=\"V\u00edctor Alvarado\" \/>\n\t<meta name=\"twitter:label2\" content=\"Tiempo de lectura\" \/>\n\t<meta name=\"twitter:data2\" content=\"2 minutos\" \/>\n<script type=\"application\/ld+json\" class=\"yoast-schema-graph\">{\"@context\":\"https:\\\/\\\/schema.org\",\"@graph\":[{\"@type\":\"Article\",\"@id\":\"https:\\\/\\\/www.cope.es\\\/blogs\\\/cine-y-libertad\\\/2024\\\/05\\\/17\\\/hot-docs-2024-un-festival-de-toronto-made-in-spain\\\/#article\",\"isPartOf\":{\"@id\":\"https:\\\/\\\/www.cope.es\\\/blogs\\\/cine-y-libertad\\\/2024\\\/05\\\/17\\\/hot-docs-2024-un-festival-de-toronto-made-in-spain\\\/\"},\"author\":{\"name\":\"V\u00edctor Alvarado\",\"@id\":\"https:\\\/\\\/www.cope.es\\\/blogs\\\/cine-y-libertad\\\/#\\\/schema\\\/person\\\/c95904a4fbf751a8d9124f8fa8bdaace\"},\"headline\":\"Hot Docs 2024: Un festival de Toronto &#8220;made in Spain&#8221;\",\"datePublished\":\"2024-05-17T15:00:54+00:00\",\"mainEntityOfPage\":{\"@id\":\"https:\\\/\\\/www.cope.es\\\/blogs\\\/cine-y-libertad\\\/2024\\\/05\\\/17\\\/hot-docs-2024-un-festival-de-toronto-made-in-spain\\\/\"},\"wordCount\":332,\"commentCount\":0,\"image\":{\"@id\":\"https:\\\/\\\/www.cope.es\\\/blogs\\\/cine-y-libertad\\\/2024\\\/05\\\/17\\\/hot-docs-2024-un-festival-de-toronto-made-in-spain\\\/#primaryimage\"},\"thumbnailUrl\":\"https:\\\/\\\/www.cope.es\\\/blogs\\\/cine-y-libertad\\\/wp-content\\\/uploads\\\/sites\\\/7\\\/2024\\\/05\\\/hot-docs-2024-un-festival-de-toronto-made-in-spain.jpg\",\"keywords\":[\"Festival de Toronto 2024\",\"Hot docs\",\"Hot Docs 2024\",\"Hot Docs 2024: Un festival de Toronto\",\"Hot Docs 2024: Un festival de Toronto \\\"made in Spain\\\"\",\"Toronto\"],\"articleSection\":[\"documental\",\"psicolog\u00eda\"],\"inLanguage\":\"es\",\"potentialAction\":[{\"@type\":\"CommentAction\",\"name\":\"Comment\",\"target\":[\"https:\\\/\\\/www.cope.es\\\/blogs\\\/cine-y-libertad\\\/2024\\\/05\\\/17\\\/hot-docs-2024-un-festival-de-toronto-made-in-spain\\\/#respond\"]}]},{\"@type\":\"WebPage\",\"@id\":\"https:\\\/\\\/www.cope.es\\\/blogs\\\/cine-y-libertad\\\/2024\\\/05\\\/17\\\/hot-docs-2024-un-festival-de-toronto-made-in-spain\\\/\",\"url\":\"https:\\\/\\\/www.cope.es\\\/blogs\\\/cine-y-libertad\\\/2024\\\/05\\\/17\\\/hot-docs-2024-un-festival-de-toronto-made-in-spain\\\/\",\"name\":\"Hot Docs 2024: Un festival de Toronto \\\"made in Spain\\\"\",\"isPartOf\":{\"@id\":\"https:\\\/\\\/www.cope.es\\\/blogs\\\/cine-y-libertad\\\/#website\"},\"primaryImageOfPage\":{\"@id\":\"https:\\\/\\\/www.cope.es\\\/blogs\\\/cine-y-libertad\\\/2024\\\/05\\\/17\\\/hot-docs-2024-un-festival-de-toronto-made-in-spain\\\/#primaryimage\"},\"image\":{\"@id\":\"https:\\\/\\\/www.cope.es\\\/blogs\\\/cine-y-libertad\\\/2024\\\/05\\\/17\\\/hot-docs-2024-un-festival-de-toronto-made-in-spain\\\/#primaryimage\"},\"thumbnailUrl\":\"https:\\\/\\\/www.cope.es\\\/blogs\\\/cine-y-libertad\\\/wp-content\\\/uploads\\\/sites\\\/7\\\/2024\\\/05\\\/hot-docs-2024-un-festival-de-toronto-made-in-spain.jpg\",\"datePublished\":\"2024-05-17T15:00:54+00:00\",\"author\":{\"@id\":\"https:\\\/\\\/www.cope.es\\\/blogs\\\/cine-y-libertad\\\/#\\\/schema\\\/person\\\/c95904a4fbf751a8d9124f8fa8bdaace\"},\"description\":\"Hot Docs 2024: Un festival de Toronto \\\"made in Spain\\\". \u00bfQu\u00e9 cintas espa\u00f1olas o canadienses nos parecen m\u00e1s interesantes? Hot Docs 2024\",\"breadcrumb\":{\"@id\":\"https:\\\/\\\/www.cope.es\\\/blogs\\\/cine-y-libertad\\\/2024\\\/05\\\/17\\\/hot-docs-2024-un-festival-de-toronto-made-in-spain\\\/#breadcrumb\"},\"inLanguage\":\"es\",\"potentialAction\":[{\"@type\":\"ReadAction\",\"target\":[\"https:\\\/\\\/www.cope.es\\\/blogs\\\/cine-y-libertad\\\/2024\\\/05\\\/17\\\/hot-docs-2024-un-festival-de-toronto-made-in-spain\\\/\"]}]},{\"@type\":\"ImageObject\",\"inLanguage\":\"es\",\"@id\":\"https:\\\/\\\/www.cope.es\\\/blogs\\\/cine-y-libertad\\\/2024\\\/05\\\/17\\\/hot-docs-2024-un-festival-de-toronto-made-in-spain\\\/#primaryimage\",\"url\":\"https:\\\/\\\/www.cope.es\\\/blogs\\\/cine-y-libertad\\\/wp-content\\\/uploads\\\/sites\\\/7\\\/2024\\\/05\\\/hot-docs-2024-un-festival-de-toronto-made-in-spain.jpg\",\"contentUrl\":\"https:\\\/\\\/www.cope.es\\\/blogs\\\/cine-y-libertad\\\/wp-content\\\/uploads\\\/sites\\\/7\\\/2024\\\/05\\\/hot-docs-2024-un-festival-de-toronto-made-in-spain.jpg\",\"width\":474,\"height\":651},{\"@type\":\"BreadcrumbList\",\"@id\":\"https:\\\/\\\/www.cope.es\\\/blogs\\\/cine-y-libertad\\\/2024\\\/05\\\/17\\\/hot-docs-2024-un-festival-de-toronto-made-in-spain\\\/#breadcrumb\",\"itemListElement\":[{\"@type\":\"ListItem\",\"position\":1,\"name\":\"Portada\",\"item\":\"https:\\\/\\\/www.cope.es\\\/blogs\\\/cine-y-libertad\\\/\"},{\"@type\":\"ListItem\",\"position\":2,\"name\":\"Hot Docs 2024: Un festival de Toronto &#8220;made in Spain&#8221;\"}]},{\"@type\":\"WebSite\",\"@id\":\"https:\\\/\\\/www.cope.es\\\/blogs\\\/cine-y-libertad\\\/#website\",\"url\":\"https:\\\/\\\/www.cope.es\\\/blogs\\\/cine-y-libertad\\\/\",\"name\":\"Cine y Libertad\",\"description\":\"Cine y Libertad un blog de COPE\",\"potentialAction\":[{\"@type\":\"SearchAction\",\"target\":{\"@type\":\"EntryPoint\",\"urlTemplate\":\"https:\\\/\\\/www.cope.es\\\/blogs\\\/cine-y-libertad\\\/?s={search_term_string}\"},\"query-input\":{\"@type\":\"PropertyValueSpecification\",\"valueRequired\":true,\"valueName\":\"search_term_string\"}}],\"inLanguage\":\"es\"},{\"@type\":\"Person\",\"@id\":\"https:\\\/\\\/www.cope.es\\\/blogs\\\/cine-y-libertad\\\/#\\\/schema\\\/person\\\/c95904a4fbf751a8d9124f8fa8bdaace\",\"name\":\"V\u00edctor Alvarado\",\"image\":{\"@type\":\"ImageObject\",\"inLanguage\":\"es\",\"@id\":\"https:\\\/\\\/secure.gravatar.com\\\/avatar\\\/db4634ae2001f7f920b8294d926f3e737ada04196e014ebacae29a4848f905f4?s=96&d=mm&r=g\",\"url\":\"https:\\\/\\\/secure.gravatar.com\\\/avatar\\\/db4634ae2001f7f920b8294d926f3e737ada04196e014ebacae29a4848f905f4?s=96&d=mm&r=g\",\"contentUrl\":\"https:\\\/\\\/secure.gravatar.com\\\/avatar\\\/db4634ae2001f7f920b8294d926f3e737ada04196e014ebacae29a4848f905f4?s=96&d=mm&r=g\",\"caption\":\"V\u00edctor Alvarado\"},\"description\":\"V\u00edctor Alvarado tiene una larga experiencia tanto en medios de comunicaci\u00f3n como en educaci\u00f3n. Dirige el programa de radio, Directo a las Estrellas, en Intereconom\u00eda (Castilla y Le\u00f3n) y Informa Radio en toda Espa\u00f1a. Ha colaborado en Radio Inter y Esradio. Cr\u00edtico de cine en Pantalla 90, Diario Ya y P\u00e1ginas Digital. Es miembro del CEC. Es el autor de libro: La fe, la \u00e9tica y los valores de los superh\u00e9roes (PPC). Esta es su web: www.cineylibertad.com y, por supuesto, lleva m\u00e1s de 5 a\u00f1os como bloguero de Cope, donde analiza el cine, los c\u00f3mics y los libros desde una \u00f3ptica antropol\u00f3gica y axiol\u00f3gica, atendiendo a todas las dimensiones del ser humano.\",\"sameAs\":[\"http:\\\/\\\/www.cineylibertad.com\",\"https:\\\/\\\/www.facebook.com\\\/victor.alvarado.56829446\",\"https:\\\/\\\/www.instagram.com\\\/cineylibertad\\\/\",\"https:\\\/\\\/x.com\\\/cineylibertad\"],\"url\":\"https:\\\/\\\/www.cope.es\\\/blogs\\\/cine-y-libertad\\\/author\\\/valvarado\\\/\"}]}<\/script>\n<!-- \/ Yoast SEO plugin. -->","yoast_head_json":{"title":"Hot Docs 2024: Un festival de Toronto \"made in Spain\"","description":"Hot Docs 2024: Un festival de Toronto \"made in Spain\". \u00bfQu\u00e9 cintas espa\u00f1olas o canadienses nos parecen m\u00e1s interesantes? Hot Docs 2024","robots":{"index":"index","follow":"follow","max-snippet":"max-snippet:-1","max-image-preview":"max-image-preview:large","max-video-preview":"max-video-preview:-1"},"canonical":"https:\/\/www.cope.es\/blogs\/cine-y-libertad\/2024\/05\/17\/hot-docs-2024-un-festival-de-toronto-made-in-spain\/","og_locale":"es_ES","og_type":"article","og_title":"Hot Docs 2024: Un festival de Toronto \"made in Spain\"","og_description":"Hot Docs 2024: Un festival de Toronto \"made in Spain\". \u00bfQu\u00e9 cintas espa\u00f1olas o canadienses nos parecen m\u00e1s interesantes? Hot Docs 2024","og_url":"https:\/\/www.cope.es\/blogs\/cine-y-libertad\/2024\/05\/17\/hot-docs-2024-un-festival-de-toronto-made-in-spain\/","og_site_name":"Cine y Libertad","article_publisher":"https:\/\/www.facebook.com\/cope\/","article_author":"https:\/\/www.facebook.com\/victor.alvarado.56829446","article_published_time":"2024-05-17T15:00:54+00:00","og_image":[{"width":474,"height":651,"url":"https:\/\/www.cope.es\/blogs\/cine-y-libertad\/wp-content\/uploads\/sites\/7\/2024\/05\/hot-docs-2024-un-festival-de-toronto-made-in-spain.jpg","type":"image\/jpeg"}],"author":"V\u00edctor Alvarado","twitter_card":"summary_large_image","twitter_creator":"@cineylibertad","twitter_site":"@cope_es","twitter_misc":{"Escrito por":"V\u00edctor Alvarado","Tiempo de lectura":"2 minutos"},"schema":{"@context":"https:\/\/schema.org","@graph":[{"@type":"Article","@id":"https:\/\/www.cope.es\/blogs\/cine-y-libertad\/2024\/05\/17\/hot-docs-2024-un-festival-de-toronto-made-in-spain\/#article","isPartOf":{"@id":"https:\/\/www.cope.es\/blogs\/cine-y-libertad\/2024\/05\/17\/hot-docs-2024-un-festival-de-toronto-made-in-spain\/"},"author":{"name":"V\u00edctor Alvarado","@id":"https:\/\/www.cope.es\/blogs\/cine-y-libertad\/#\/schema\/person\/c95904a4fbf751a8d9124f8fa8bdaace"},"headline":"Hot Docs 2024: Un festival de Toronto &#8220;made in Spain&#8221;","datePublished":"2024-05-17T15:00:54+00:00","mainEntityOfPage":{"@id":"https:\/\/www.cope.es\/blogs\/cine-y-libertad\/2024\/05\/17\/hot-docs-2024-un-festival-de-toronto-made-in-spain\/"},"wordCount":332,"commentCount":0,"image":{"@id":"https:\/\/www.cope.es\/blogs\/cine-y-libertad\/2024\/05\/17\/hot-docs-2024-un-festival-de-toronto-made-in-spain\/#primaryimage"},"thumbnailUrl":"https:\/\/www.cope.es\/blogs\/cine-y-libertad\/wp-content\/uploads\/sites\/7\/2024\/05\/hot-docs-2024-un-festival-de-toronto-made-in-spain.jpg","keywords":["Festival de Toronto 2024","Hot docs","Hot Docs 2024","Hot Docs 2024: Un festival de Toronto","Hot Docs 2024: Un festival de Toronto \"made in Spain\"","Toronto"],"articleSection":["documental","psicolog\u00eda"],"inLanguage":"es","potentialAction":[{"@type":"CommentAction","name":"Comment","target":["https:\/\/www.cope.es\/blogs\/cine-y-libertad\/2024\/05\/17\/hot-docs-2024-un-festival-de-toronto-made-in-spain\/#respond"]}]},{"@type":"WebPage","@id":"https:\/\/www.cope.es\/blogs\/cine-y-libertad\/2024\/05\/17\/hot-docs-2024-un-festival-de-toronto-made-in-spain\/","url":"https:\/\/www.cope.es\/blogs\/cine-y-libertad\/2024\/05\/17\/hot-docs-2024-un-festival-de-toronto-made-in-spain\/","name":"Hot Docs 2024: Un festival de Toronto \"made in Spain\"","isPartOf":{"@id":"https:\/\/www.cope.es\/blogs\/cine-y-libertad\/#website"},"primaryImageOfPage":{"@id":"https:\/\/www.cope.es\/blogs\/cine-y-libertad\/2024\/05\/17\/hot-docs-2024-un-festival-de-toronto-made-in-spain\/#primaryimage"},"image":{"@id":"https:\/\/www.cope.es\/blogs\/cine-y-libertad\/2024\/05\/17\/hot-docs-2024-un-festival-de-toronto-made-in-spain\/#primaryimage"},"thumbnailUrl":"https:\/\/www.cope.es\/blogs\/cine-y-libertad\/wp-content\/uploads\/sites\/7\/2024\/05\/hot-docs-2024-un-festival-de-toronto-made-in-spain.jpg","datePublished":"2024-05-17T15:00:54+00:00","author":{"@id":"https:\/\/www.cope.es\/blogs\/cine-y-libertad\/#\/schema\/person\/c95904a4fbf751a8d9124f8fa8bdaace"},"description":"Hot Docs 2024: Un festival de Toronto \"made in Spain\". \u00bfQu\u00e9 cintas espa\u00f1olas o canadienses nos parecen m\u00e1s interesantes? Hot Docs 2024","breadcrumb":{"@id":"https:\/\/www.cope.es\/blogs\/cine-y-libertad\/2024\/05\/17\/hot-docs-2024-un-festival-de-toronto-made-in-spain\/#breadcrumb"},"inLanguage":"es","potentialAction":[{"@type":"ReadAction","target":["https:\/\/www.cope.es\/blogs\/cine-y-libertad\/2024\/05\/17\/hot-docs-2024-un-festival-de-toronto-made-in-spain\/"]}]},{"@type":"ImageObject","inLanguage":"es","@id":"https:\/\/www.cope.es\/blogs\/cine-y-libertad\/2024\/05\/17\/hot-docs-2024-un-festival-de-toronto-made-in-spain\/#primaryimage","url":"https:\/\/www.cope.es\/blogs\/cine-y-libertad\/wp-content\/uploads\/sites\/7\/2024\/05\/hot-docs-2024-un-festival-de-toronto-made-in-spain.jpg","contentUrl":"https:\/\/www.cope.es\/blogs\/cine-y-libertad\/wp-content\/uploads\/sites\/7\/2024\/05\/hot-docs-2024-un-festival-de-toronto-made-in-spain.jpg","width":474,"height":651},{"@type":"BreadcrumbList","@id":"https:\/\/www.cope.es\/blogs\/cine-y-libertad\/2024\/05\/17\/hot-docs-2024-un-festival-de-toronto-made-in-spain\/#breadcrumb","itemListElement":[{"@type":"ListItem","position":1,"name":"Portada","item":"https:\/\/www.cope.es\/blogs\/cine-y-libertad\/"},{"@type":"ListItem","position":2,"name":"Hot Docs 2024: Un festival de Toronto &#8220;made in Spain&#8221;"}]},{"@type":"WebSite","@id":"https:\/\/www.cope.es\/blogs\/cine-y-libertad\/#website","url":"https:\/\/www.cope.es\/blogs\/cine-y-libertad\/","name":"Cine y Libertad","description":"Cine y Libertad un blog de COPE","potentialAction":[{"@type":"SearchAction","target":{"@type":"EntryPoint","urlTemplate":"https:\/\/www.cope.es\/blogs\/cine-y-libertad\/?s={search_term_string}"},"query-input":{"@type":"PropertyValueSpecification","valueRequired":true,"valueName":"search_term_string"}}],"inLanguage":"es"},{"@type":"Person","@id":"https:\/\/www.cope.es\/blogs\/cine-y-libertad\/#\/schema\/person\/c95904a4fbf751a8d9124f8fa8bdaace","name":"V\u00edctor Alvarado","image":{"@type":"ImageObject","inLanguage":"es","@id":"https:\/\/secure.gravatar.com\/avatar\/db4634ae2001f7f920b8294d926f3e737ada04196e014ebacae29a4848f905f4?s=96&d=mm&r=g","url":"https:\/\/secure.gravatar.com\/avatar\/db4634ae2001f7f920b8294d926f3e737ada04196e014ebacae29a4848f905f4?s=96&d=mm&r=g","contentUrl":"https:\/\/secure.gravatar.com\/avatar\/db4634ae2001f7f920b8294d926f3e737ada04196e014ebacae29a4848f905f4?s=96&d=mm&r=g","caption":"V\u00edctor Alvarado"},"description":"V\u00edctor Alvarado tiene una larga experiencia tanto en medios de comunicaci\u00f3n como en educaci\u00f3n. Dirige el programa de radio, Directo a las Estrellas, en Intereconom\u00eda (Castilla y Le\u00f3n) y Informa Radio en toda Espa\u00f1a. Ha colaborado en Radio Inter y Esradio. Cr\u00edtico de cine en Pantalla 90, Diario Ya y P\u00e1ginas Digital. Es miembro del CEC. Es el autor de libro: La fe, la \u00e9tica y los valores de los superh\u00e9roes (PPC). Esta es su web: www.cineylibertad.com y, por supuesto, lleva m\u00e1s de 5 a\u00f1os como bloguero de Cope, donde analiza el cine, los c\u00f3mics y los libros desde una \u00f3ptica antropol\u00f3gica y axiol\u00f3gica, atendiendo a todas las dimensiones del ser humano.","sameAs":["http:\/\/www.cineylibertad.com","https:\/\/www.facebook.com\/victor.alvarado.56829446","https:\/\/www.instagram.com\/cineylibertad\/","https:\/\/x.com\/cineylibertad"],"url":"https:\/\/www.cope.es\/blogs\/cine-y-libertad\/author\/valvarado\/"}]}},"amp_enabled":true,"_links":{"self":[{"href":"https:\/\/www.cope.es\/blogs\/cine-y-libertad\/wp-json\/wp\/v2\/posts\/7574","targetHints":{"allow":["GET"]}}],"collection":[{"href":"https:\/\/www.cope.es\/blogs\/cine-y-libertad\/wp-json\/wp\/v2\/posts"}],"about":[{"href":"https:\/\/www.cope.es\/blogs\/cine-y-libertad\/wp-json\/wp\/v2\/types\/post"}],"author":[{"embeddable":true,"href":"https:\/\/www.cope.es\/blogs\/cine-y-libertad\/wp-json\/wp\/v2\/users\/7"}],"replies":[{"embeddable":true,"href":"https:\/\/www.cope.es\/blogs\/cine-y-libertad\/wp-json\/wp\/v2\/comments?post=7574"}],"version-history":[{"count":2,"href":"https:\/\/www.cope.es\/blogs\/cine-y-libertad\/wp-json\/wp\/v2\/posts\/7574\/revisions"}],"predecessor-version":[{"id":7578,"href":"https:\/\/www.cope.es\/blogs\/cine-y-libertad\/wp-json\/wp\/v2\/posts\/7574\/revisions\/7578"}],"wp:featuredmedia":[{"embeddable":true,"href":"https:\/\/www.cope.es\/blogs\/cine-y-libertad\/wp-json\/wp\/v2\/media\/7576"}],"wp:attachment":[{"href":"https:\/\/www.cope.es\/blogs\/cine-y-libertad\/wp-json\/wp\/v2\/media?parent=7574"}],"wp:term":[{"taxonomy":"category","embeddable":true,"href":"https:\/\/www.cope.es\/blogs\/cine-y-libertad\/wp-json\/wp\/v2\/categories?post=7574"},{"taxonomy":"post_tag","embeddable":true,"href":"https:\/\/www.cope.es\/blogs\/cine-y-libertad\/wp-json\/wp\/v2\/tags?post=7574"}],"curies":[{"name":"wp","href":"https:\/\/api.w.org\/{rel}","templated":true}]}}