{"id":7431,"date":"2024-04-12T20:04:09","date_gmt":"2024-04-12T18:04:09","guid":{"rendered":"http:\/\/www.cope.es\/blogs\/cine-y-libertad\/?p=7431"},"modified":"2024-04-12T20:04:09","modified_gmt":"2024-04-12T18:04:09","slug":"estan-los-festivales-de-cine-en-peligro","status":"publish","type":"post","link":"https:\/\/www.cope.es\/blogs\/cine-y-libertad\/2024\/04\/12\/estan-los-festivales-de-cine-en-peligro\/","title":{"rendered":"\u00bfEst\u00e1n los Festivales de cine en peligro?"},"content":{"rendered":"<p><a href=\"https:\/\/www.ivoox.com\/estan-festivales-cine-peligro-que-audios-mp3_rf_127408351_1.html\">\u00bfEst\u00e1n los Festivales de cine en peligro?<\/a> \u00bfQu\u00e9 pasa con el Festival de Hot Docs 2024?<\/p>\n<p>\u00a1Lectores y amigos Cine y Libertad!<\/p>\n<p>V\u00edctor Alvarado (<a href=\"https:\/\/twitter.com\/cineylibertad\/status\/1776951482736119925\">La fe, la \u00e9tica y los valores de los superh\u00e9roes<\/a>) y\u00a0 Antonio Pel\u00e1ez (<a href=\"https:\/\/www.cope.es\/blogs\/cine-y-libertad\/2023\/01\/06\/el-globo-rojo-el-dia-en-que-albert-lamorisse-gano-el-oscar-al-mejor-guion-original-sin-dialogos\/\">El globo rojo<\/a>, <a href=\"https:\/\/www.cope.es\/blogs\/cine-y-libertad\/2022\/10\/06\/blonde-y-marilyn-monroe-vs-the-fabelmans-de-steven-spielberg\/\">Los Fabelman, <\/a><a href=\"https:\/\/www.ivoox.com\/congreso-denver-que-es-society-for-audios-mp3_rf_107177187_1.html\">El congreso de Denver,Clo\u00e9 Zhao<\/a>,<a href=\"https:\/\/www.cope.es\/blogs\/cine-y-libertad\/2023\/05\/25\/the-mountains-el-mejor-del-hot-docs-y-los-documentales-como-refugio-de-la-familia\/\">The mountains<\/a> , <a href=\"https:\/\/www.ivoox.com\/sound-of-freedom-la-pelicula-disney-no-quiso-audios-mp3_rf_113269122_1.html\">Sound of freedom<\/a> ) nos hablan del Hot Docs 2024.<\/p>\n<p><img loading=\"lazy\" decoding=\"async\" width=\"200\" height=\"300\" class=\"alignnone size-medium wp-image-7434\" src=\"http:\/\/www.cope.es\/blogs\/cine-y-libertad\/wp-content\/uploads\/sites\/7\/2024\/04\/estan-los-festivales-de-cine-en-peligro-200x300.jpg\" alt=\"\" srcset=\"https:\/\/www.cope.es\/blogs\/cine-y-libertad\/wp-content\/uploads\/sites\/7\/2024\/04\/estan-los-festivales-de-cine-en-peligro-200x300.jpg 200w, https:\/\/www.cope.es\/blogs\/cine-y-libertad\/wp-content\/uploads\/sites\/7\/2024\/04\/estan-los-festivales-de-cine-en-peligro.jpg 300w\" sizes=\"auto, (max-width: 200px) 100vw, 200px\" \/><\/p>\n<audio class=\"wp-audio-shortcode\" id=\"audio-7431-1\" preload=\"none\" style=\"width: 100%;\" controls=\"controls\"><source type=\"audio\/mpeg\" src=\"https:\/\/www.ivoox.com\/estan-festivales-cine-peligro-que_md_127408351_wp_1.mp3?_=1\" \/><a href=\"https:\/\/www.ivoox.com\/estan-festivales-cine-peligro-que_md_127408351_wp_1.mp3\">https:\/\/www.ivoox.com\/estan-festivales-cine-peligro-que_md_127408351_wp_1.mp3<\/a><\/audio>\n<p><a title=\"\u00bfEst\u00e1n los Festivales de cine en peligro? \u00bfQu\u00e9 pasa con el Festival de Hot Docs 2024?\" href=\"https:\/\/go.ivoox.com\/rf\/127408351\">Ir a descargar<\/a><\/p>\n<p>El citado Festival de Toronto (Hot Docs 2024) trae pel\u00edculas espa\u00f1olas como&#8230;Cristina Garc\u00eda Rodero: La mirada oculta (una gran fot\u00f3grafa espa\u00f1ola):<\/p>\n<p>Ferozmente independiente, aclamada por la cr\u00edtica y autodidacta, la fot\u00f3grafa espa\u00f1ola Cristina Garc\u00eda Rodero ha dado testimonio, durante m\u00e1s de medio siglo, de una Espa\u00f1a ins\u00f3lita, pero sus extensos reportajes sin prisa y desde dentro han buscado tambi\u00e9n otras culturas y realidades. Hoy, esta artista de 73 a\u00f1os contin\u00faa autofinanciando sus proyectos a largo plazo y documentando c\u00f3mo se celebra la vida, el amor, la belleza y la muerte en el mundo. Aquello que mueve y conmueve al alma, esp\u00edritu y cuerpo humano.<\/p>\n<p>Por otra parte, esta fue la primera incursi\u00f3n de nuestro colaborador&#8230; <a href=\"https:\/\/www.ivoox.com\/the-mountains-mejor-del-hot-docs-y-audios-mp3_rf_108821240_1.html\">The Mountains, el mejor del Hot Docs y los documentales como refugio de la familia:<\/a><\/p>\n<p><img loading=\"lazy\" decoding=\"async\" width=\"300\" height=\"169\" class=\"alignnone size-medium wp-image-5890\" src=\"https:\/\/www.cope.es\/blogs\/cine-y-libertad\/wp-content\/uploads\/sites\/7\/2023\/05\/mountains_1_thumb-300x169.jpg\" alt=\"\" srcset=\"https:\/\/www.cope.es\/blogs\/cine-y-libertad\/wp-content\/uploads\/sites\/7\/2023\/05\/mountains_1_thumb-300x169.jpg 300w, https:\/\/www.cope.es\/blogs\/cine-y-libertad\/wp-content\/uploads\/sites\/7\/2023\/05\/mountains_1_thumb.jpg 500w\" sizes=\"auto, (max-width: 300px) 100vw, 300px\" \/><\/p>\n<audio class=\"wp-audio-shortcode\" id=\"audio-7431-2\" preload=\"none\" style=\"width: 100%;\" controls=\"controls\"><source type=\"audio\/mpeg\" src=\"https:\/\/www.ivoox.com\/the-mountains-mejor-del-hot-docs-y_md_108821240_wp_1.mp3?_=2\" \/><a href=\"https:\/\/www.ivoox.com\/the-mountains-mejor-del-hot-docs-y_md_108821240_wp_1.mp3\">https:\/\/www.ivoox.com\/the-mountains-mejor-del-hot-docs-y_md_108821240_wp_1.mp3<\/a><\/audio>\n<p>&nbsp;<\/p>\n<p>No hay monta\u00f1as que escalar en Dinamarca. Pero hay muchos de ellos en Noruega. Ah\u00ed es donde creci\u00f3 el director Christian Einsh\u00f8j, y donde a\u00fan viven sus padres y dos de sus hermanos menores. Tambi\u00e9n es en Noruega donde ocurri\u00f3 la gran tragedia de la familia hace 25 a\u00f1os. Esa tragedia a\u00fan ti\u00f1e a la familia ya los tres hermanos, que se encuentran dispersos. Cada uno tiene su propia historia de vida. Parece que no pueden hablar entre ellos, estos hombres silenciosos y ahora adultos, y cada vez que surgen problemas se mueven o huyen. Este es el hielo que Christian Einsh\u00f8j est\u00e1 tratando de romper con \u2018The Mountains\u2019.<\/p>\n<p><a href=\"https:\/\/www.ivoox.com\/podcast-cine-libertad_sq_f121636_1.html\">V\u00edctor Alvarado<\/a>, autor del libro: <a href=\"https:\/\/www.ppc-editorial.com\/libro\/la-fe-la-etica-y-los-valores-de-los-superheroes\"><em>La fe, la \u00e9tica y los valores de los superh\u00e9roes<\/em><\/a><\/p>\n<p>Instagram:<a href=\"https:\/\/www.instagram.com\/cineylibertad\/\">https:\/\/www.instagram.com\/cineylibertad\/<\/a><\/p>\n<p>Facebook: <a href=\"https:\/\/www.facebook.com\/victor.alvarado.56829446\" target=\"_blank\">https:\/\/www.facebook.com\/victor.alvarado.56829446<\/a><\/p>\n<p>Twitter:<span class=\"r-18u37iz\"><a class=\"css-4rbku5 css-18t94o4 css-901oao css-16my406 r-1n1174f r-1loqt21 r-poiln3 r-bcqeeo r-qvutc0\" href=\"https:\/\/twitter.com\/cineylibertad\">@cineylibertad<\/a><\/span><\/p>\n","protected":false},"excerpt":{"rendered":"<p>\u00bfEst\u00e1n los Festivales de cine en peligro? \u00bfQu\u00e9 pasa con el Festival de Hot Docs 2024? \u00a1Lectores y amigos Cine y Libertad! V\u00edctor Alvarado (La fe, la \u00e9tica y los valores de los superh\u00e9roes) y\u00a0 Antonio Pel\u00e1ez (El globo rojo, Los Fabelman, El congreso de Denver,Clo\u00e9 Zhao,The mountains , Sound of freedom ) nos hablan [&hellip;]<\/p>\n","protected":false},"author":7,"featured_media":7434,"comment_status":"open","ping_status":"open","sticky":false,"template":"","format":"standard","meta":{"footnotes":""},"categories":[3,226,29],"tags":[3508,227,1469,3509,2219],"class_list":["post-7431","post","type-post","status-publish","format-standard","has-post-thumbnail","hentry","category-cine","category-documental","category-festivales","tag-estan-los-festivales-de-cine-en-peligro","tag-documental","tag-documentales","tag-festival","tag-hot-docs"],"yoast_head":"<!-- This site is optimized with the Yoast SEO plugin v27.4 - https:\/\/yoast.com\/product\/yoast-seo-wordpress\/ -->\n<title>\u00bfEst\u00e1n los Festivales de cine en peligro?\u00bfEst\u00e1n los<\/title>\n<meta name=\"description\" content=\"\u00bfEst\u00e1n los Festivales de cine en peligro?\u00bfEst\u00e1n los Festivales de cine en peligro?\u00bfEst\u00e1n los Festivales de cine en peligro?\" \/>\n<meta name=\"robots\" content=\"index, follow, max-snippet:-1, max-image-preview:large, max-video-preview:-1\" \/>\n<link rel=\"canonical\" href=\"https:\/\/www.cope.es\/blogs\/cine-y-libertad\/2024\/04\/12\/estan-los-festivales-de-cine-en-peligro\/\" \/>\n<meta property=\"og:locale\" content=\"es_ES\" \/>\n<meta property=\"og:type\" content=\"article\" \/>\n<meta property=\"og:title\" content=\"\u00bfEst\u00e1n los Festivales de cine en peligro?\u00bfEst\u00e1n los\" \/>\n<meta property=\"og:description\" content=\"\u00bfEst\u00e1n los Festivales de cine en peligro?\u00bfEst\u00e1n los Festivales de cine en peligro?\u00bfEst\u00e1n los Festivales de cine en peligro?\" \/>\n<meta property=\"og:url\" content=\"https:\/\/www.cope.es\/blogs\/cine-y-libertad\/2024\/04\/12\/estan-los-festivales-de-cine-en-peligro\/\" \/>\n<meta property=\"og:site_name\" content=\"Cine y Libertad\" \/>\n<meta property=\"article:publisher\" content=\"https:\/\/www.facebook.com\/cope\/\" \/>\n<meta property=\"article:author\" content=\"https:\/\/www.facebook.com\/victor.alvarado.56829446\" \/>\n<meta property=\"article:published_time\" content=\"2024-04-12T18:04:09+00:00\" \/>\n<meta property=\"og:image\" content=\"https:\/\/www.cope.es\/blogs\/cine-y-libertad\/wp-content\/uploads\/sites\/7\/2024\/04\/estan-los-festivales-de-cine-en-peligro.jpg\" \/>\n\t<meta property=\"og:image:width\" content=\"300\" \/>\n\t<meta property=\"og:image:height\" content=\"450\" \/>\n\t<meta property=\"og:image:type\" content=\"image\/jpeg\" \/>\n<meta name=\"author\" content=\"V\u00edctor Alvarado\" \/>\n<meta name=\"twitter:card\" content=\"summary_large_image\" \/>\n<meta name=\"twitter:creator\" content=\"@cineylibertad\" \/>\n<meta name=\"twitter:site\" content=\"@cope_es\" \/>\n<meta name=\"twitter:label1\" content=\"Escrito por\" \/>\n\t<meta name=\"twitter:data1\" content=\"V\u00edctor Alvarado\" \/>\n\t<meta name=\"twitter:label2\" content=\"Tiempo de lectura\" \/>\n\t<meta name=\"twitter:data2\" content=\"2 minutos\" \/>\n<script type=\"application\/ld+json\" class=\"yoast-schema-graph\">{\"@context\":\"https:\\\/\\\/schema.org\",\"@graph\":[{\"@type\":\"Article\",\"@id\":\"https:\\\/\\\/www.cope.es\\\/blogs\\\/cine-y-libertad\\\/2024\\\/04\\\/12\\\/estan-los-festivales-de-cine-en-peligro\\\/#article\",\"isPartOf\":{\"@id\":\"https:\\\/\\\/www.cope.es\\\/blogs\\\/cine-y-libertad\\\/2024\\\/04\\\/12\\\/estan-los-festivales-de-cine-en-peligro\\\/\"},\"author\":{\"name\":\"V\u00edctor Alvarado\",\"@id\":\"https:\\\/\\\/www.cope.es\\\/blogs\\\/cine-y-libertad\\\/#\\\/schema\\\/person\\\/c95904a4fbf751a8d9124f8fa8bdaace\"},\"headline\":\"\u00bfEst\u00e1n los Festivales de cine en peligro?\",\"datePublished\":\"2024-04-12T18:04:09+00:00\",\"mainEntityOfPage\":{\"@id\":\"https:\\\/\\\/www.cope.es\\\/blogs\\\/cine-y-libertad\\\/2024\\\/04\\\/12\\\/estan-los-festivales-de-cine-en-peligro\\\/\"},\"wordCount\":388,\"commentCount\":0,\"image\":{\"@id\":\"https:\\\/\\\/www.cope.es\\\/blogs\\\/cine-y-libertad\\\/2024\\\/04\\\/12\\\/estan-los-festivales-de-cine-en-peligro\\\/#primaryimage\"},\"thumbnailUrl\":\"https:\\\/\\\/www.cope.es\\\/blogs\\\/cine-y-libertad\\\/wp-content\\\/uploads\\\/sites\\\/7\\\/2024\\\/04\\\/estan-los-festivales-de-cine-en-peligro.jpg\",\"keywords\":[\"\u00bfEst\u00e1n los Festivales de cine en peligro?\",\"documental\",\"documentales\",\"Festival\",\"Hot docs\"],\"articleSection\":[\"cine\",\"documental\",\"Festivales\"],\"inLanguage\":\"es\",\"potentialAction\":[{\"@type\":\"CommentAction\",\"name\":\"Comment\",\"target\":[\"https:\\\/\\\/www.cope.es\\\/blogs\\\/cine-y-libertad\\\/2024\\\/04\\\/12\\\/estan-los-festivales-de-cine-en-peligro\\\/#respond\"]}]},{\"@type\":\"WebPage\",\"@id\":\"https:\\\/\\\/www.cope.es\\\/blogs\\\/cine-y-libertad\\\/2024\\\/04\\\/12\\\/estan-los-festivales-de-cine-en-peligro\\\/\",\"url\":\"https:\\\/\\\/www.cope.es\\\/blogs\\\/cine-y-libertad\\\/2024\\\/04\\\/12\\\/estan-los-festivales-de-cine-en-peligro\\\/\",\"name\":\"\u00bfEst\u00e1n los Festivales de cine en peligro?\u00bfEst\u00e1n los\",\"isPartOf\":{\"@id\":\"https:\\\/\\\/www.cope.es\\\/blogs\\\/cine-y-libertad\\\/#website\"},\"primaryImageOfPage\":{\"@id\":\"https:\\\/\\\/www.cope.es\\\/blogs\\\/cine-y-libertad\\\/2024\\\/04\\\/12\\\/estan-los-festivales-de-cine-en-peligro\\\/#primaryimage\"},\"image\":{\"@id\":\"https:\\\/\\\/www.cope.es\\\/blogs\\\/cine-y-libertad\\\/2024\\\/04\\\/12\\\/estan-los-festivales-de-cine-en-peligro\\\/#primaryimage\"},\"thumbnailUrl\":\"https:\\\/\\\/www.cope.es\\\/blogs\\\/cine-y-libertad\\\/wp-content\\\/uploads\\\/sites\\\/7\\\/2024\\\/04\\\/estan-los-festivales-de-cine-en-peligro.jpg\",\"datePublished\":\"2024-04-12T18:04:09+00:00\",\"author\":{\"@id\":\"https:\\\/\\\/www.cope.es\\\/blogs\\\/cine-y-libertad\\\/#\\\/schema\\\/person\\\/c95904a4fbf751a8d9124f8fa8bdaace\"},\"description\":\"\u00bfEst\u00e1n los Festivales de cine en peligro?\u00bfEst\u00e1n los Festivales de cine en peligro?\u00bfEst\u00e1n los Festivales de cine en peligro?\",\"breadcrumb\":{\"@id\":\"https:\\\/\\\/www.cope.es\\\/blogs\\\/cine-y-libertad\\\/2024\\\/04\\\/12\\\/estan-los-festivales-de-cine-en-peligro\\\/#breadcrumb\"},\"inLanguage\":\"es\",\"potentialAction\":[{\"@type\":\"ReadAction\",\"target\":[\"https:\\\/\\\/www.cope.es\\\/blogs\\\/cine-y-libertad\\\/2024\\\/04\\\/12\\\/estan-los-festivales-de-cine-en-peligro\\\/\"]}]},{\"@type\":\"ImageObject\",\"inLanguage\":\"es\",\"@id\":\"https:\\\/\\\/www.cope.es\\\/blogs\\\/cine-y-libertad\\\/2024\\\/04\\\/12\\\/estan-los-festivales-de-cine-en-peligro\\\/#primaryimage\",\"url\":\"https:\\\/\\\/www.cope.es\\\/blogs\\\/cine-y-libertad\\\/wp-content\\\/uploads\\\/sites\\\/7\\\/2024\\\/04\\\/estan-los-festivales-de-cine-en-peligro.jpg\",\"contentUrl\":\"https:\\\/\\\/www.cope.es\\\/blogs\\\/cine-y-libertad\\\/wp-content\\\/uploads\\\/sites\\\/7\\\/2024\\\/04\\\/estan-los-festivales-de-cine-en-peligro.jpg\",\"width\":300,\"height\":450},{\"@type\":\"BreadcrumbList\",\"@id\":\"https:\\\/\\\/www.cope.es\\\/blogs\\\/cine-y-libertad\\\/2024\\\/04\\\/12\\\/estan-los-festivales-de-cine-en-peligro\\\/#breadcrumb\",\"itemListElement\":[{\"@type\":\"ListItem\",\"position\":1,\"name\":\"Portada\",\"item\":\"https:\\\/\\\/www.cope.es\\\/blogs\\\/cine-y-libertad\\\/\"},{\"@type\":\"ListItem\",\"position\":2,\"name\":\"\u00bfEst\u00e1n los Festivales de cine en peligro?\"}]},{\"@type\":\"WebSite\",\"@id\":\"https:\\\/\\\/www.cope.es\\\/blogs\\\/cine-y-libertad\\\/#website\",\"url\":\"https:\\\/\\\/www.cope.es\\\/blogs\\\/cine-y-libertad\\\/\",\"name\":\"Cine y Libertad\",\"description\":\"Cine y Libertad un blog de COPE\",\"potentialAction\":[{\"@type\":\"SearchAction\",\"target\":{\"@type\":\"EntryPoint\",\"urlTemplate\":\"https:\\\/\\\/www.cope.es\\\/blogs\\\/cine-y-libertad\\\/?s={search_term_string}\"},\"query-input\":{\"@type\":\"PropertyValueSpecification\",\"valueRequired\":true,\"valueName\":\"search_term_string\"}}],\"inLanguage\":\"es\"},{\"@type\":\"Person\",\"@id\":\"https:\\\/\\\/www.cope.es\\\/blogs\\\/cine-y-libertad\\\/#\\\/schema\\\/person\\\/c95904a4fbf751a8d9124f8fa8bdaace\",\"name\":\"V\u00edctor Alvarado\",\"image\":{\"@type\":\"ImageObject\",\"inLanguage\":\"es\",\"@id\":\"https:\\\/\\\/secure.gravatar.com\\\/avatar\\\/db4634ae2001f7f920b8294d926f3e737ada04196e014ebacae29a4848f905f4?s=96&d=mm&r=g\",\"url\":\"https:\\\/\\\/secure.gravatar.com\\\/avatar\\\/db4634ae2001f7f920b8294d926f3e737ada04196e014ebacae29a4848f905f4?s=96&d=mm&r=g\",\"contentUrl\":\"https:\\\/\\\/secure.gravatar.com\\\/avatar\\\/db4634ae2001f7f920b8294d926f3e737ada04196e014ebacae29a4848f905f4?s=96&d=mm&r=g\",\"caption\":\"V\u00edctor Alvarado\"},\"description\":\"V\u00edctor Alvarado tiene una larga experiencia tanto en medios de comunicaci\u00f3n como en educaci\u00f3n. Dirige el programa de radio, Directo a las Estrellas, en Intereconom\u00eda (Castilla y Le\u00f3n) y Informa Radio en toda Espa\u00f1a. Ha colaborado en Radio Inter y Esradio. Cr\u00edtico de cine en Pantalla 90, Diario Ya y P\u00e1ginas Digital. Es miembro del CEC. Es el autor de libro: La fe, la \u00e9tica y los valores de los superh\u00e9roes (PPC). Esta es su web: www.cineylibertad.com y, por supuesto, lleva m\u00e1s de 5 a\u00f1os como bloguero de Cope, donde analiza el cine, los c\u00f3mics y los libros desde una \u00f3ptica antropol\u00f3gica y axiol\u00f3gica, atendiendo a todas las dimensiones del ser humano.\",\"sameAs\":[\"http:\\\/\\\/www.cineylibertad.com\",\"https:\\\/\\\/www.facebook.com\\\/victor.alvarado.56829446\",\"https:\\\/\\\/www.instagram.com\\\/cineylibertad\\\/\",\"https:\\\/\\\/x.com\\\/cineylibertad\"],\"url\":\"https:\\\/\\\/www.cope.es\\\/blogs\\\/cine-y-libertad\\\/author\\\/valvarado\\\/\"}]}<\/script>\n<!-- \/ Yoast SEO plugin. -->","yoast_head_json":{"title":"\u00bfEst\u00e1n los Festivales de cine en peligro?\u00bfEst\u00e1n los","description":"\u00bfEst\u00e1n los Festivales de cine en peligro?\u00bfEst\u00e1n los Festivales de cine en peligro?\u00bfEst\u00e1n los Festivales de cine en peligro?","robots":{"index":"index","follow":"follow","max-snippet":"max-snippet:-1","max-image-preview":"max-image-preview:large","max-video-preview":"max-video-preview:-1"},"canonical":"https:\/\/www.cope.es\/blogs\/cine-y-libertad\/2024\/04\/12\/estan-los-festivales-de-cine-en-peligro\/","og_locale":"es_ES","og_type":"article","og_title":"\u00bfEst\u00e1n los Festivales de cine en peligro?\u00bfEst\u00e1n los","og_description":"\u00bfEst\u00e1n los Festivales de cine en peligro?\u00bfEst\u00e1n los Festivales de cine en peligro?\u00bfEst\u00e1n los Festivales de cine en peligro?","og_url":"https:\/\/www.cope.es\/blogs\/cine-y-libertad\/2024\/04\/12\/estan-los-festivales-de-cine-en-peligro\/","og_site_name":"Cine y Libertad","article_publisher":"https:\/\/www.facebook.com\/cope\/","article_author":"https:\/\/www.facebook.com\/victor.alvarado.56829446","article_published_time":"2024-04-12T18:04:09+00:00","og_image":[{"width":300,"height":450,"url":"https:\/\/www.cope.es\/blogs\/cine-y-libertad\/wp-content\/uploads\/sites\/7\/2024\/04\/estan-los-festivales-de-cine-en-peligro.jpg","type":"image\/jpeg"}],"author":"V\u00edctor Alvarado","twitter_card":"summary_large_image","twitter_creator":"@cineylibertad","twitter_site":"@cope_es","twitter_misc":{"Escrito por":"V\u00edctor Alvarado","Tiempo de lectura":"2 minutos"},"schema":{"@context":"https:\/\/schema.org","@graph":[{"@type":"Article","@id":"https:\/\/www.cope.es\/blogs\/cine-y-libertad\/2024\/04\/12\/estan-los-festivales-de-cine-en-peligro\/#article","isPartOf":{"@id":"https:\/\/www.cope.es\/blogs\/cine-y-libertad\/2024\/04\/12\/estan-los-festivales-de-cine-en-peligro\/"},"author":{"name":"V\u00edctor Alvarado","@id":"https:\/\/www.cope.es\/blogs\/cine-y-libertad\/#\/schema\/person\/c95904a4fbf751a8d9124f8fa8bdaace"},"headline":"\u00bfEst\u00e1n los Festivales de cine en peligro?","datePublished":"2024-04-12T18:04:09+00:00","mainEntityOfPage":{"@id":"https:\/\/www.cope.es\/blogs\/cine-y-libertad\/2024\/04\/12\/estan-los-festivales-de-cine-en-peligro\/"},"wordCount":388,"commentCount":0,"image":{"@id":"https:\/\/www.cope.es\/blogs\/cine-y-libertad\/2024\/04\/12\/estan-los-festivales-de-cine-en-peligro\/#primaryimage"},"thumbnailUrl":"https:\/\/www.cope.es\/blogs\/cine-y-libertad\/wp-content\/uploads\/sites\/7\/2024\/04\/estan-los-festivales-de-cine-en-peligro.jpg","keywords":["\u00bfEst\u00e1n los Festivales de cine en peligro?","documental","documentales","Festival","Hot docs"],"articleSection":["cine","documental","Festivales"],"inLanguage":"es","potentialAction":[{"@type":"CommentAction","name":"Comment","target":["https:\/\/www.cope.es\/blogs\/cine-y-libertad\/2024\/04\/12\/estan-los-festivales-de-cine-en-peligro\/#respond"]}]},{"@type":"WebPage","@id":"https:\/\/www.cope.es\/blogs\/cine-y-libertad\/2024\/04\/12\/estan-los-festivales-de-cine-en-peligro\/","url":"https:\/\/www.cope.es\/blogs\/cine-y-libertad\/2024\/04\/12\/estan-los-festivales-de-cine-en-peligro\/","name":"\u00bfEst\u00e1n los Festivales de cine en peligro?\u00bfEst\u00e1n los","isPartOf":{"@id":"https:\/\/www.cope.es\/blogs\/cine-y-libertad\/#website"},"primaryImageOfPage":{"@id":"https:\/\/www.cope.es\/blogs\/cine-y-libertad\/2024\/04\/12\/estan-los-festivales-de-cine-en-peligro\/#primaryimage"},"image":{"@id":"https:\/\/www.cope.es\/blogs\/cine-y-libertad\/2024\/04\/12\/estan-los-festivales-de-cine-en-peligro\/#primaryimage"},"thumbnailUrl":"https:\/\/www.cope.es\/blogs\/cine-y-libertad\/wp-content\/uploads\/sites\/7\/2024\/04\/estan-los-festivales-de-cine-en-peligro.jpg","datePublished":"2024-04-12T18:04:09+00:00","author":{"@id":"https:\/\/www.cope.es\/blogs\/cine-y-libertad\/#\/schema\/person\/c95904a4fbf751a8d9124f8fa8bdaace"},"description":"\u00bfEst\u00e1n los Festivales de cine en peligro?\u00bfEst\u00e1n los Festivales de cine en peligro?\u00bfEst\u00e1n los Festivales de cine en peligro?","breadcrumb":{"@id":"https:\/\/www.cope.es\/blogs\/cine-y-libertad\/2024\/04\/12\/estan-los-festivales-de-cine-en-peligro\/#breadcrumb"},"inLanguage":"es","potentialAction":[{"@type":"ReadAction","target":["https:\/\/www.cope.es\/blogs\/cine-y-libertad\/2024\/04\/12\/estan-los-festivales-de-cine-en-peligro\/"]}]},{"@type":"ImageObject","inLanguage":"es","@id":"https:\/\/www.cope.es\/blogs\/cine-y-libertad\/2024\/04\/12\/estan-los-festivales-de-cine-en-peligro\/#primaryimage","url":"https:\/\/www.cope.es\/blogs\/cine-y-libertad\/wp-content\/uploads\/sites\/7\/2024\/04\/estan-los-festivales-de-cine-en-peligro.jpg","contentUrl":"https:\/\/www.cope.es\/blogs\/cine-y-libertad\/wp-content\/uploads\/sites\/7\/2024\/04\/estan-los-festivales-de-cine-en-peligro.jpg","width":300,"height":450},{"@type":"BreadcrumbList","@id":"https:\/\/www.cope.es\/blogs\/cine-y-libertad\/2024\/04\/12\/estan-los-festivales-de-cine-en-peligro\/#breadcrumb","itemListElement":[{"@type":"ListItem","position":1,"name":"Portada","item":"https:\/\/www.cope.es\/blogs\/cine-y-libertad\/"},{"@type":"ListItem","position":2,"name":"\u00bfEst\u00e1n los Festivales de cine en peligro?"}]},{"@type":"WebSite","@id":"https:\/\/www.cope.es\/blogs\/cine-y-libertad\/#website","url":"https:\/\/www.cope.es\/blogs\/cine-y-libertad\/","name":"Cine y Libertad","description":"Cine y Libertad un blog de COPE","potentialAction":[{"@type":"SearchAction","target":{"@type":"EntryPoint","urlTemplate":"https:\/\/www.cope.es\/blogs\/cine-y-libertad\/?s={search_term_string}"},"query-input":{"@type":"PropertyValueSpecification","valueRequired":true,"valueName":"search_term_string"}}],"inLanguage":"es"},{"@type":"Person","@id":"https:\/\/www.cope.es\/blogs\/cine-y-libertad\/#\/schema\/person\/c95904a4fbf751a8d9124f8fa8bdaace","name":"V\u00edctor Alvarado","image":{"@type":"ImageObject","inLanguage":"es","@id":"https:\/\/secure.gravatar.com\/avatar\/db4634ae2001f7f920b8294d926f3e737ada04196e014ebacae29a4848f905f4?s=96&d=mm&r=g","url":"https:\/\/secure.gravatar.com\/avatar\/db4634ae2001f7f920b8294d926f3e737ada04196e014ebacae29a4848f905f4?s=96&d=mm&r=g","contentUrl":"https:\/\/secure.gravatar.com\/avatar\/db4634ae2001f7f920b8294d926f3e737ada04196e014ebacae29a4848f905f4?s=96&d=mm&r=g","caption":"V\u00edctor Alvarado"},"description":"V\u00edctor Alvarado tiene una larga experiencia tanto en medios de comunicaci\u00f3n como en educaci\u00f3n. Dirige el programa de radio, Directo a las Estrellas, en Intereconom\u00eda (Castilla y Le\u00f3n) y Informa Radio en toda Espa\u00f1a. Ha colaborado en Radio Inter y Esradio. Cr\u00edtico de cine en Pantalla 90, Diario Ya y P\u00e1ginas Digital. Es miembro del CEC. Es el autor de libro: La fe, la \u00e9tica y los valores de los superh\u00e9roes (PPC). Esta es su web: www.cineylibertad.com y, por supuesto, lleva m\u00e1s de 5 a\u00f1os como bloguero de Cope, donde analiza el cine, los c\u00f3mics y los libros desde una \u00f3ptica antropol\u00f3gica y axiol\u00f3gica, atendiendo a todas las dimensiones del ser humano.","sameAs":["http:\/\/www.cineylibertad.com","https:\/\/www.facebook.com\/victor.alvarado.56829446","https:\/\/www.instagram.com\/cineylibertad\/","https:\/\/x.com\/cineylibertad"],"url":"https:\/\/www.cope.es\/blogs\/cine-y-libertad\/author\/valvarado\/"}]}},"amp_enabled":true,"_links":{"self":[{"href":"https:\/\/www.cope.es\/blogs\/cine-y-libertad\/wp-json\/wp\/v2\/posts\/7431","targetHints":{"allow":["GET"]}}],"collection":[{"href":"https:\/\/www.cope.es\/blogs\/cine-y-libertad\/wp-json\/wp\/v2\/posts"}],"about":[{"href":"https:\/\/www.cope.es\/blogs\/cine-y-libertad\/wp-json\/wp\/v2\/types\/post"}],"author":[{"embeddable":true,"href":"https:\/\/www.cope.es\/blogs\/cine-y-libertad\/wp-json\/wp\/v2\/users\/7"}],"replies":[{"embeddable":true,"href":"https:\/\/www.cope.es\/blogs\/cine-y-libertad\/wp-json\/wp\/v2\/comments?post=7431"}],"version-history":[{"count":2,"href":"https:\/\/www.cope.es\/blogs\/cine-y-libertad\/wp-json\/wp\/v2\/posts\/7431\/revisions"}],"predecessor-version":[{"id":7444,"href":"https:\/\/www.cope.es\/blogs\/cine-y-libertad\/wp-json\/wp\/v2\/posts\/7431\/revisions\/7444"}],"wp:featuredmedia":[{"embeddable":true,"href":"https:\/\/www.cope.es\/blogs\/cine-y-libertad\/wp-json\/wp\/v2\/media\/7434"}],"wp:attachment":[{"href":"https:\/\/www.cope.es\/blogs\/cine-y-libertad\/wp-json\/wp\/v2\/media?parent=7431"}],"wp:term":[{"taxonomy":"category","embeddable":true,"href":"https:\/\/www.cope.es\/blogs\/cine-y-libertad\/wp-json\/wp\/v2\/categories?post=7431"},{"taxonomy":"post_tag","embeddable":true,"href":"https:\/\/www.cope.es\/blogs\/cine-y-libertad\/wp-json\/wp\/v2\/tags?post=7431"}],"curies":[{"name":"wp","href":"https:\/\/api.w.org\/{rel}","templated":true}]}}