{"id":7076,"date":"2024-02-27T10:00:31","date_gmt":"2024-02-27T09:00:31","guid":{"rendered":"http:\/\/www.cope.es\/blogs\/cine-y-libertad\/?p=7076"},"modified":"2024-02-20T10:53:11","modified_gmt":"2024-02-20T09:53:11","slug":"batman-asilo-arkham-un-comic-para-adultos-de-caracter-introspectivo","status":"publish","type":"post","link":"https:\/\/www.cope.es\/blogs\/cine-y-libertad\/2024\/02\/27\/batman-asilo-arkham-un-comic-para-adultos-de-caracter-introspectivo\/","title":{"rendered":"Batman: Asilo Arkham-Un c\u00f3mic para adultos de car\u00e1cter introspectivo"},"content":{"rendered":"<p><a href=\"https:\/\/www.ivoox.com\/batman-asilo-arkham-un-comic-para-adultos-caracter-audios-mp3_rf_123236023_1.html\">Batman: Asilo Arkham-Un c\u00f3mic para adultos de car\u00e1cter introspectivo<\/a>. \u00bfCu\u00e1les son las claves de este c\u00f3mic?<\/p>\n<p>Aqu\u00ed puedes escuchar mi comentario:<\/p>\n<p><img loading=\"lazy\" decoding=\"async\" width=\"196\" height=\"300\" class=\"alignnone size-medium wp-image-7078\" src=\"http:\/\/www.cope.es\/blogs\/cine-y-libertad\/wp-content\/uploads\/sites\/7\/2024\/01\/batman-asilo-arkham-un-comic-para-adultos-de-caracter-introspectivo-196x300.jpg\" alt=\"\" srcset=\"https:\/\/www.cope.es\/blogs\/cine-y-libertad\/wp-content\/uploads\/sites\/7\/2024\/01\/batman-asilo-arkham-un-comic-para-adultos-de-caracter-introspectivo-196x300.jpg 196w, https:\/\/www.cope.es\/blogs\/cine-y-libertad\/wp-content\/uploads\/sites\/7\/2024\/01\/batman-asilo-arkham-un-comic-para-adultos-de-caracter-introspectivo-668x1024.jpg 668w, https:\/\/www.cope.es\/blogs\/cine-y-libertad\/wp-content\/uploads\/sites\/7\/2024\/01\/batman-asilo-arkham-un-comic-para-adultos-de-caracter-introspectivo-768x1176.jpg 768w, https:\/\/www.cope.es\/blogs\/cine-y-libertad\/wp-content\/uploads\/sites\/7\/2024\/01\/batman-asilo-arkham-un-comic-para-adultos-de-caracter-introspectivo-1003x1536.jpg 1003w, https:\/\/www.cope.es\/blogs\/cine-y-libertad\/wp-content\/uploads\/sites\/7\/2024\/01\/batman-asilo-arkham-un-comic-para-adultos-de-caracter-introspectivo.jpg 1288w\" sizes=\"auto, (max-width: 196px) 100vw, 196px\" \/><\/p>\n<audio class=\"wp-audio-shortcode\" id=\"audio-7076-1\" preload=\"none\" style=\"width: 100%;\" controls=\"controls\"><source type=\"audio\/mpeg\" src=\"https:\/\/www.ivoox.com\/batman-asilo-arkham-un-comic-para-adultos-caracter_md_123236023_wp_1.mp3?_=1\" \/><a href=\"https:\/\/www.ivoox.com\/batman-asilo-arkham-un-comic-para-adultos-caracter_md_123236023_wp_1.mp3\">https:\/\/www.ivoox.com\/batman-asilo-arkham-un-comic-para-adultos-caracter_md_123236023_wp_1.mp3<\/a><\/audio>\n<p><a title=\"Batman: Asilo Arkham-Un c\u00f3mic para adultos de car\u00e1cter introspectivo\" href=\"https:\/\/go.ivoox.com\/rf\/123236023\">Ir a descargar<\/a><br \/>\n\u00a1Lectores y amigos de Cine y Libertad!<\/p>\n<p>La editorial ECC nos habla de su c\u00f3mic&#8230;<a href=\"https:\/\/www.ivoox.com\/batman-asilo-arkham-un-comic-para-adultos-caracter-audios-mp3_rf_123236023_1.html\">Batman: Asilo Arkham-Un c\u00f3mic para adultos de car\u00e1cter introspectivo<\/a>:<\/p>\n<p>\u00a1La inolvidable novela gr\u00e1fica en la que el Hombre Murci\u00e9lago se ve obligado a enfrentarse a sus enemigos m\u00e1s letales y a sus miedos m\u00e1s profundos recibe el tratamiento Deluxe! Durante un aciago 1 de abril, los internos de Arkham logran hacerse con el control del legendario hospital psiqui\u00e1trico, secuestrando a los trabajadores del centro. Liderados por el Joker, los criminales m\u00e1s despiadados e inestables de Gotham City\u2014Dos Caras, Killer Croc o el Sombrerero Loco, entre otros\u2014exigen una \u00fanica condici\u00f3n para liberar a los rehenes: que Batman les acompa\u00f1e en tan siniestra morada.<\/p>\n<p>En 1989, Grant Morrison (All-Star Superman, Los Invisibles) y Dave McKean (Sandman, Cages) desarrollaron Asilo Arkham, una de las obras m\u00e1s exitosas de la historia del c\u00f3mic, ahora recuperada a trav\u00e9s de una edici\u00f3n repleta de extras in\u00e9ditos, procedentes de la edici\u00f3n 25 aniversario USA, con todas las caracter\u00edsticas habituales del formato Deluxe.<\/p>\n<p>Otra propuesta interesante para adultos ser\u00eda la siguiente&#8230;<a class=\"txt-white decorationOnHover\" href=\"https:\/\/www.ivoox.com\/batman-criatura-noche-ser-heroe-la-audios-mp3_rf_60280771_1.html\" target=\"_blank\">Batman:Criatura de la noche-Ser un h\u00e9roe en la vida real <\/a><\/p>\n<p><img loading=\"lazy\" decoding=\"async\" width=\"156\" height=\"240\" class=\"alignnone size-full wp-image-2265\" src=\"https:\/\/www.cope.es\/blogs\/cine-y-libertad\/wp-content\/uploads\/sites\/7\/2020\/11\/batman.jpg\" alt=\"\" \/><\/p>\n<audio class=\"wp-audio-shortcode\" id=\"audio-7076-2\" preload=\"none\" style=\"width: 100%;\" controls=\"controls\"><source type=\"audio\/mpeg\" src=\"https:\/\/www.ivoox.com\/batman-criatura-noche-ser-heroe-la_md_60280771_wp_1.mp3?_=2\" \/><a href=\"https:\/\/www.ivoox.com\/batman-criatura-noche-ser-heroe-la_md_60280771_wp_1.mp3\">https:\/\/www.ivoox.com\/batman-criatura-noche-ser-heroe-la_md_60280771_wp_1.mp3<\/a><\/audio>\n<p>Bruce Wainwright es un ni\u00f1o feliz que vive en Boston con sus padres. A su t\u00edo Alton lo llama Alfred de forma cari\u00f1osa, lo cual no es ninguna casualidad. Al fin y al cabo, Bruce es un gran admirador de Batman, el h\u00e9roe de ficci\u00f3n cuyos c\u00f3mics devora a todas horas. No obstante, cuando la tragedia llega a su vida de forma tr\u00e1gicamente similar a lo sucedido en el Callej\u00f3n del Crimen, Bruce experimenta una serie de cambios. \u00bfSer\u00e1n realidad? \u00bfSer\u00e1n ficci\u00f3n? \u00bfSer\u00e1 solo el producto de una mente traumatizada?<\/p>\n<p>A\u00f1os despu\u00e9s de asombrarnos con Superman: Identidad secreta, Kurt Busiek nos propone Batman: Criatura de la noche, una obra excepcionalmente realista que cuenta con los extraordinarios l\u00e1pices de John Paul Leon (Animal Man).<\/p>\n<p><a href=\"https:\/\/www.ivoox.com\/podcast-cine-libertad_sq_f121636_1.html\">V\u00edctor Alvarado<\/a><\/p>\n<div class=\"clearfix\">\n<div class=\"std\">\n<p>Instagram:<a href=\"https:\/\/www.instagram.com\/cineylibertad\/\">https:\/\/www.instagram.com\/cineylibertad\/<\/a><\/p>\n<p>Facebook:\u00a0<a href=\"https:\/\/www.facebook.com\/victor.alvarado.56829446\" target=\"_blank\">https:\/\/www.facebook.com\/victor.alvarado.56829446<\/a><\/p>\n<p>Twitter:<span class=\"r-18u37iz\"><a class=\"css-4rbku5 css-18t94o4 css-901oao css-16my406 r-1n1174f r-1loqt21 r-poiln3 r-bcqeeo r-qvutc0\" href=\"https:\/\/twitter.com\/cineylibertad\">@cineylibertad<\/a><\/span><\/p>\n<\/div>\n<\/div>\n","protected":false},"excerpt":{"rendered":"<p>Batman: Asilo Arkham-Un c\u00f3mic para adultos de car\u00e1cter introspectivo. \u00bfCu\u00e1les son las claves de este c\u00f3mic? Aqu\u00ed puedes escuchar mi comentario: Ir a descargar \u00a1Lectores y amigos de Cine y Libertad! La editorial ECC nos habla de su c\u00f3mic&#8230;Batman: Asilo Arkham-Un c\u00f3mic para adultos de car\u00e1cter introspectivo: \u00a1La inolvidable novela gr\u00e1fica en la que el [&hellip;]<\/p>\n","protected":false},"author":7,"featured_media":7078,"comment_status":"open","ping_status":"open","sticky":false,"template":"","format":"standard","meta":{"footnotes":""},"categories":[7,136,148,111],"tags":[3284,3283,3287,3286,538,3285,596],"class_list":["post-7076","post","type-post","status-publish","format-standard","has-post-thumbnail","hentry","category-batman","category-psicologia","category-sentido-de-la-vida","category-terror","tag-batman-asilo-arkham","tag-batman-asilo-arkham-un-comic-para-adultos-de-caracter-introspectivo","tag-dave-mckean","tag-grant-morrison","tag-psicologia","tag-sentido-de-la-vida","tag-terror"],"yoast_head":"<!-- This site is optimized with the Yoast SEO plugin v27.4 - https:\/\/yoast.com\/product\/yoast-seo-wordpress\/ -->\n<title>Batman: Asilo Arkham-Un c\u00f3mic para adultos de car\u00e1cter introspectivo<\/title>\n<meta name=\"description\" content=\"Batman: Asilo Arkham-Un c\u00f3mic para adultos de car\u00e1cter introspectivo. \u00bfCu\u00e1les son las claves de este c\u00f3mic?Batman: Asilo Arkham\" \/>\n<meta name=\"robots\" content=\"index, follow, max-snippet:-1, max-image-preview:large, max-video-preview:-1\" \/>\n<link rel=\"canonical\" href=\"https:\/\/www.cope.es\/blogs\/cine-y-libertad\/2024\/02\/27\/batman-asilo-arkham-un-comic-para-adultos-de-caracter-introspectivo\/\" \/>\n<meta property=\"og:locale\" content=\"es_ES\" \/>\n<meta property=\"og:type\" content=\"article\" \/>\n<meta property=\"og:title\" content=\"Batman: Asilo Arkham-Un c\u00f3mic para adultos de car\u00e1cter introspectivo\" \/>\n<meta property=\"og:description\" content=\"Batman: Asilo Arkham-Un c\u00f3mic para adultos de car\u00e1cter introspectivo. \u00bfCu\u00e1les son las claves de este c\u00f3mic?Batman: Asilo Arkham\" \/>\n<meta property=\"og:url\" content=\"https:\/\/www.cope.es\/blogs\/cine-y-libertad\/2024\/02\/27\/batman-asilo-arkham-un-comic-para-adultos-de-caracter-introspectivo\/\" \/>\n<meta property=\"og:site_name\" content=\"Cine y Libertad\" \/>\n<meta property=\"article:publisher\" content=\"https:\/\/www.facebook.com\/cope\/\" \/>\n<meta property=\"article:author\" content=\"https:\/\/www.facebook.com\/victor.alvarado.56829446\" \/>\n<meta property=\"article:published_time\" content=\"2024-02-27T09:00:31+00:00\" \/>\n<meta property=\"og:image\" content=\"https:\/\/www.cope.es\/blogs\/cine-y-libertad\/wp-content\/uploads\/sites\/7\/2024\/01\/batman-asilo-arkham-un-comic-para-adultos-de-caracter-introspectivo.jpg\" \/>\n\t<meta property=\"og:image:width\" content=\"1288\" \/>\n\t<meta property=\"og:image:height\" content=\"1973\" \/>\n\t<meta property=\"og:image:type\" content=\"image\/jpeg\" \/>\n<meta name=\"author\" content=\"V\u00edctor Alvarado\" \/>\n<meta name=\"twitter:card\" content=\"summary_large_image\" \/>\n<meta name=\"twitter:creator\" content=\"@cineylibertad\" \/>\n<meta name=\"twitter:site\" content=\"@cope_es\" \/>\n<meta name=\"twitter:label1\" content=\"Escrito por\" \/>\n\t<meta name=\"twitter:data1\" content=\"V\u00edctor Alvarado\" \/>\n\t<meta name=\"twitter:label2\" content=\"Tiempo de lectura\" \/>\n\t<meta name=\"twitter:data2\" content=\"2 minutos\" \/>\n<script type=\"application\/ld+json\" class=\"yoast-schema-graph\">{\"@context\":\"https:\\\/\\\/schema.org\",\"@graph\":[{\"@type\":\"Article\",\"@id\":\"https:\\\/\\\/www.cope.es\\\/blogs\\\/cine-y-libertad\\\/2024\\\/02\\\/27\\\/batman-asilo-arkham-un-comic-para-adultos-de-caracter-introspectivo\\\/#article\",\"isPartOf\":{\"@id\":\"https:\\\/\\\/www.cope.es\\\/blogs\\\/cine-y-libertad\\\/2024\\\/02\\\/27\\\/batman-asilo-arkham-un-comic-para-adultos-de-caracter-introspectivo\\\/\"},\"author\":{\"name\":\"V\u00edctor Alvarado\",\"@id\":\"https:\\\/\\\/www.cope.es\\\/blogs\\\/cine-y-libertad\\\/#\\\/schema\\\/person\\\/c95904a4fbf751a8d9124f8fa8bdaace\"},\"headline\":\"Batman: Asilo Arkham-Un c\u00f3mic para adultos de car\u00e1cter introspectivo\",\"datePublished\":\"2024-02-27T09:00:31+00:00\",\"mainEntityOfPage\":{\"@id\":\"https:\\\/\\\/www.cope.es\\\/blogs\\\/cine-y-libertad\\\/2024\\\/02\\\/27\\\/batman-asilo-arkham-un-comic-para-adultos-de-caracter-introspectivo\\\/\"},\"wordCount\":422,\"commentCount\":0,\"image\":{\"@id\":\"https:\\\/\\\/www.cope.es\\\/blogs\\\/cine-y-libertad\\\/2024\\\/02\\\/27\\\/batman-asilo-arkham-un-comic-para-adultos-de-caracter-introspectivo\\\/#primaryimage\"},\"thumbnailUrl\":\"https:\\\/\\\/www.cope.es\\\/blogs\\\/cine-y-libertad\\\/wp-content\\\/uploads\\\/sites\\\/7\\\/2024\\\/01\\\/batman-asilo-arkham-un-comic-para-adultos-de-caracter-introspectivo.jpg\",\"keywords\":[\"Batman: Asilo Arkham\",\"Batman: Asilo Arkham-Un c\u00f3mic para adultos de car\u00e1cter introspectivo\",\"Dave McKean\",\"Grant Morrison\",\"psicolog\u00eda\",\"sentido de la vida\",\"terror\"],\"articleSection\":[\"Batman\",\"psicolog\u00eda\",\"sentido de la vida\",\"terror\"],\"inLanguage\":\"es\",\"potentialAction\":[{\"@type\":\"CommentAction\",\"name\":\"Comment\",\"target\":[\"https:\\\/\\\/www.cope.es\\\/blogs\\\/cine-y-libertad\\\/2024\\\/02\\\/27\\\/batman-asilo-arkham-un-comic-para-adultos-de-caracter-introspectivo\\\/#respond\"]}]},{\"@type\":\"WebPage\",\"@id\":\"https:\\\/\\\/www.cope.es\\\/blogs\\\/cine-y-libertad\\\/2024\\\/02\\\/27\\\/batman-asilo-arkham-un-comic-para-adultos-de-caracter-introspectivo\\\/\",\"url\":\"https:\\\/\\\/www.cope.es\\\/blogs\\\/cine-y-libertad\\\/2024\\\/02\\\/27\\\/batman-asilo-arkham-un-comic-para-adultos-de-caracter-introspectivo\\\/\",\"name\":\"Batman: Asilo Arkham-Un c\u00f3mic para adultos de car\u00e1cter introspectivo\",\"isPartOf\":{\"@id\":\"https:\\\/\\\/www.cope.es\\\/blogs\\\/cine-y-libertad\\\/#website\"},\"primaryImageOfPage\":{\"@id\":\"https:\\\/\\\/www.cope.es\\\/blogs\\\/cine-y-libertad\\\/2024\\\/02\\\/27\\\/batman-asilo-arkham-un-comic-para-adultos-de-caracter-introspectivo\\\/#primaryimage\"},\"image\":{\"@id\":\"https:\\\/\\\/www.cope.es\\\/blogs\\\/cine-y-libertad\\\/2024\\\/02\\\/27\\\/batman-asilo-arkham-un-comic-para-adultos-de-caracter-introspectivo\\\/#primaryimage\"},\"thumbnailUrl\":\"https:\\\/\\\/www.cope.es\\\/blogs\\\/cine-y-libertad\\\/wp-content\\\/uploads\\\/sites\\\/7\\\/2024\\\/01\\\/batman-asilo-arkham-un-comic-para-adultos-de-caracter-introspectivo.jpg\",\"datePublished\":\"2024-02-27T09:00:31+00:00\",\"author\":{\"@id\":\"https:\\\/\\\/www.cope.es\\\/blogs\\\/cine-y-libertad\\\/#\\\/schema\\\/person\\\/c95904a4fbf751a8d9124f8fa8bdaace\"},\"description\":\"Batman: Asilo Arkham-Un c\u00f3mic para adultos de car\u00e1cter introspectivo. \u00bfCu\u00e1les son las claves de este c\u00f3mic?Batman: Asilo Arkham\",\"breadcrumb\":{\"@id\":\"https:\\\/\\\/www.cope.es\\\/blogs\\\/cine-y-libertad\\\/2024\\\/02\\\/27\\\/batman-asilo-arkham-un-comic-para-adultos-de-caracter-introspectivo\\\/#breadcrumb\"},\"inLanguage\":\"es\",\"potentialAction\":[{\"@type\":\"ReadAction\",\"target\":[\"https:\\\/\\\/www.cope.es\\\/blogs\\\/cine-y-libertad\\\/2024\\\/02\\\/27\\\/batman-asilo-arkham-un-comic-para-adultos-de-caracter-introspectivo\\\/\"]}]},{\"@type\":\"ImageObject\",\"inLanguage\":\"es\",\"@id\":\"https:\\\/\\\/www.cope.es\\\/blogs\\\/cine-y-libertad\\\/2024\\\/02\\\/27\\\/batman-asilo-arkham-un-comic-para-adultos-de-caracter-introspectivo\\\/#primaryimage\",\"url\":\"https:\\\/\\\/www.cope.es\\\/blogs\\\/cine-y-libertad\\\/wp-content\\\/uploads\\\/sites\\\/7\\\/2024\\\/01\\\/batman-asilo-arkham-un-comic-para-adultos-de-caracter-introspectivo.jpg\",\"contentUrl\":\"https:\\\/\\\/www.cope.es\\\/blogs\\\/cine-y-libertad\\\/wp-content\\\/uploads\\\/sites\\\/7\\\/2024\\\/01\\\/batman-asilo-arkham-un-comic-para-adultos-de-caracter-introspectivo.jpg\",\"width\":1288,\"height\":1973},{\"@type\":\"BreadcrumbList\",\"@id\":\"https:\\\/\\\/www.cope.es\\\/blogs\\\/cine-y-libertad\\\/2024\\\/02\\\/27\\\/batman-asilo-arkham-un-comic-para-adultos-de-caracter-introspectivo\\\/#breadcrumb\",\"itemListElement\":[{\"@type\":\"ListItem\",\"position\":1,\"name\":\"Portada\",\"item\":\"https:\\\/\\\/www.cope.es\\\/blogs\\\/cine-y-libertad\\\/\"},{\"@type\":\"ListItem\",\"position\":2,\"name\":\"Batman: Asilo Arkham-Un c\u00f3mic para adultos de car\u00e1cter introspectivo\"}]},{\"@type\":\"WebSite\",\"@id\":\"https:\\\/\\\/www.cope.es\\\/blogs\\\/cine-y-libertad\\\/#website\",\"url\":\"https:\\\/\\\/www.cope.es\\\/blogs\\\/cine-y-libertad\\\/\",\"name\":\"Cine y Libertad\",\"description\":\"Cine y Libertad un blog de COPE\",\"potentialAction\":[{\"@type\":\"SearchAction\",\"target\":{\"@type\":\"EntryPoint\",\"urlTemplate\":\"https:\\\/\\\/www.cope.es\\\/blogs\\\/cine-y-libertad\\\/?s={search_term_string}\"},\"query-input\":{\"@type\":\"PropertyValueSpecification\",\"valueRequired\":true,\"valueName\":\"search_term_string\"}}],\"inLanguage\":\"es\"},{\"@type\":\"Person\",\"@id\":\"https:\\\/\\\/www.cope.es\\\/blogs\\\/cine-y-libertad\\\/#\\\/schema\\\/person\\\/c95904a4fbf751a8d9124f8fa8bdaace\",\"name\":\"V\u00edctor Alvarado\",\"image\":{\"@type\":\"ImageObject\",\"inLanguage\":\"es\",\"@id\":\"https:\\\/\\\/secure.gravatar.com\\\/avatar\\\/db4634ae2001f7f920b8294d926f3e737ada04196e014ebacae29a4848f905f4?s=96&d=mm&r=g\",\"url\":\"https:\\\/\\\/secure.gravatar.com\\\/avatar\\\/db4634ae2001f7f920b8294d926f3e737ada04196e014ebacae29a4848f905f4?s=96&d=mm&r=g\",\"contentUrl\":\"https:\\\/\\\/secure.gravatar.com\\\/avatar\\\/db4634ae2001f7f920b8294d926f3e737ada04196e014ebacae29a4848f905f4?s=96&d=mm&r=g\",\"caption\":\"V\u00edctor Alvarado\"},\"description\":\"V\u00edctor Alvarado tiene una larga experiencia tanto en medios de comunicaci\u00f3n como en educaci\u00f3n. Dirige el programa de radio, Directo a las Estrellas, en Intereconom\u00eda (Castilla y Le\u00f3n) y Informa Radio en toda Espa\u00f1a. Ha colaborado en Radio Inter y Esradio. Cr\u00edtico de cine en Pantalla 90, Diario Ya y P\u00e1ginas Digital. Es miembro del CEC. Es el autor de libro: La fe, la \u00e9tica y los valores de los superh\u00e9roes (PPC). Esta es su web: www.cineylibertad.com y, por supuesto, lleva m\u00e1s de 5 a\u00f1os como bloguero de Cope, donde analiza el cine, los c\u00f3mics y los libros desde una \u00f3ptica antropol\u00f3gica y axiol\u00f3gica, atendiendo a todas las dimensiones del ser humano.\",\"sameAs\":[\"http:\\\/\\\/www.cineylibertad.com\",\"https:\\\/\\\/www.facebook.com\\\/victor.alvarado.56829446\",\"https:\\\/\\\/www.instagram.com\\\/cineylibertad\\\/\",\"https:\\\/\\\/x.com\\\/cineylibertad\"],\"url\":\"https:\\\/\\\/www.cope.es\\\/blogs\\\/cine-y-libertad\\\/author\\\/valvarado\\\/\"}]}<\/script>\n<!-- \/ Yoast SEO plugin. -->","yoast_head_json":{"title":"Batman: Asilo Arkham-Un c\u00f3mic para adultos de car\u00e1cter introspectivo","description":"Batman: Asilo Arkham-Un c\u00f3mic para adultos de car\u00e1cter introspectivo. \u00bfCu\u00e1les son las claves de este c\u00f3mic?Batman: Asilo Arkham","robots":{"index":"index","follow":"follow","max-snippet":"max-snippet:-1","max-image-preview":"max-image-preview:large","max-video-preview":"max-video-preview:-1"},"canonical":"https:\/\/www.cope.es\/blogs\/cine-y-libertad\/2024\/02\/27\/batman-asilo-arkham-un-comic-para-adultos-de-caracter-introspectivo\/","og_locale":"es_ES","og_type":"article","og_title":"Batman: Asilo Arkham-Un c\u00f3mic para adultos de car\u00e1cter introspectivo","og_description":"Batman: Asilo Arkham-Un c\u00f3mic para adultos de car\u00e1cter introspectivo. \u00bfCu\u00e1les son las claves de este c\u00f3mic?Batman: Asilo Arkham","og_url":"https:\/\/www.cope.es\/blogs\/cine-y-libertad\/2024\/02\/27\/batman-asilo-arkham-un-comic-para-adultos-de-caracter-introspectivo\/","og_site_name":"Cine y Libertad","article_publisher":"https:\/\/www.facebook.com\/cope\/","article_author":"https:\/\/www.facebook.com\/victor.alvarado.56829446","article_published_time":"2024-02-27T09:00:31+00:00","og_image":[{"width":1288,"height":1973,"url":"https:\/\/www.cope.es\/blogs\/cine-y-libertad\/wp-content\/uploads\/sites\/7\/2024\/01\/batman-asilo-arkham-un-comic-para-adultos-de-caracter-introspectivo.jpg","type":"image\/jpeg"}],"author":"V\u00edctor Alvarado","twitter_card":"summary_large_image","twitter_creator":"@cineylibertad","twitter_site":"@cope_es","twitter_misc":{"Escrito por":"V\u00edctor Alvarado","Tiempo de lectura":"2 minutos"},"schema":{"@context":"https:\/\/schema.org","@graph":[{"@type":"Article","@id":"https:\/\/www.cope.es\/blogs\/cine-y-libertad\/2024\/02\/27\/batman-asilo-arkham-un-comic-para-adultos-de-caracter-introspectivo\/#article","isPartOf":{"@id":"https:\/\/www.cope.es\/blogs\/cine-y-libertad\/2024\/02\/27\/batman-asilo-arkham-un-comic-para-adultos-de-caracter-introspectivo\/"},"author":{"name":"V\u00edctor Alvarado","@id":"https:\/\/www.cope.es\/blogs\/cine-y-libertad\/#\/schema\/person\/c95904a4fbf751a8d9124f8fa8bdaace"},"headline":"Batman: Asilo Arkham-Un c\u00f3mic para adultos de car\u00e1cter introspectivo","datePublished":"2024-02-27T09:00:31+00:00","mainEntityOfPage":{"@id":"https:\/\/www.cope.es\/blogs\/cine-y-libertad\/2024\/02\/27\/batman-asilo-arkham-un-comic-para-adultos-de-caracter-introspectivo\/"},"wordCount":422,"commentCount":0,"image":{"@id":"https:\/\/www.cope.es\/blogs\/cine-y-libertad\/2024\/02\/27\/batman-asilo-arkham-un-comic-para-adultos-de-caracter-introspectivo\/#primaryimage"},"thumbnailUrl":"https:\/\/www.cope.es\/blogs\/cine-y-libertad\/wp-content\/uploads\/sites\/7\/2024\/01\/batman-asilo-arkham-un-comic-para-adultos-de-caracter-introspectivo.jpg","keywords":["Batman: Asilo Arkham","Batman: Asilo Arkham-Un c\u00f3mic para adultos de car\u00e1cter introspectivo","Dave McKean","Grant Morrison","psicolog\u00eda","sentido de la vida","terror"],"articleSection":["Batman","psicolog\u00eda","sentido de la vida","terror"],"inLanguage":"es","potentialAction":[{"@type":"CommentAction","name":"Comment","target":["https:\/\/www.cope.es\/blogs\/cine-y-libertad\/2024\/02\/27\/batman-asilo-arkham-un-comic-para-adultos-de-caracter-introspectivo\/#respond"]}]},{"@type":"WebPage","@id":"https:\/\/www.cope.es\/blogs\/cine-y-libertad\/2024\/02\/27\/batman-asilo-arkham-un-comic-para-adultos-de-caracter-introspectivo\/","url":"https:\/\/www.cope.es\/blogs\/cine-y-libertad\/2024\/02\/27\/batman-asilo-arkham-un-comic-para-adultos-de-caracter-introspectivo\/","name":"Batman: Asilo Arkham-Un c\u00f3mic para adultos de car\u00e1cter introspectivo","isPartOf":{"@id":"https:\/\/www.cope.es\/blogs\/cine-y-libertad\/#website"},"primaryImageOfPage":{"@id":"https:\/\/www.cope.es\/blogs\/cine-y-libertad\/2024\/02\/27\/batman-asilo-arkham-un-comic-para-adultos-de-caracter-introspectivo\/#primaryimage"},"image":{"@id":"https:\/\/www.cope.es\/blogs\/cine-y-libertad\/2024\/02\/27\/batman-asilo-arkham-un-comic-para-adultos-de-caracter-introspectivo\/#primaryimage"},"thumbnailUrl":"https:\/\/www.cope.es\/blogs\/cine-y-libertad\/wp-content\/uploads\/sites\/7\/2024\/01\/batman-asilo-arkham-un-comic-para-adultos-de-caracter-introspectivo.jpg","datePublished":"2024-02-27T09:00:31+00:00","author":{"@id":"https:\/\/www.cope.es\/blogs\/cine-y-libertad\/#\/schema\/person\/c95904a4fbf751a8d9124f8fa8bdaace"},"description":"Batman: Asilo Arkham-Un c\u00f3mic para adultos de car\u00e1cter introspectivo. \u00bfCu\u00e1les son las claves de este c\u00f3mic?Batman: Asilo Arkham","breadcrumb":{"@id":"https:\/\/www.cope.es\/blogs\/cine-y-libertad\/2024\/02\/27\/batman-asilo-arkham-un-comic-para-adultos-de-caracter-introspectivo\/#breadcrumb"},"inLanguage":"es","potentialAction":[{"@type":"ReadAction","target":["https:\/\/www.cope.es\/blogs\/cine-y-libertad\/2024\/02\/27\/batman-asilo-arkham-un-comic-para-adultos-de-caracter-introspectivo\/"]}]},{"@type":"ImageObject","inLanguage":"es","@id":"https:\/\/www.cope.es\/blogs\/cine-y-libertad\/2024\/02\/27\/batman-asilo-arkham-un-comic-para-adultos-de-caracter-introspectivo\/#primaryimage","url":"https:\/\/www.cope.es\/blogs\/cine-y-libertad\/wp-content\/uploads\/sites\/7\/2024\/01\/batman-asilo-arkham-un-comic-para-adultos-de-caracter-introspectivo.jpg","contentUrl":"https:\/\/www.cope.es\/blogs\/cine-y-libertad\/wp-content\/uploads\/sites\/7\/2024\/01\/batman-asilo-arkham-un-comic-para-adultos-de-caracter-introspectivo.jpg","width":1288,"height":1973},{"@type":"BreadcrumbList","@id":"https:\/\/www.cope.es\/blogs\/cine-y-libertad\/2024\/02\/27\/batman-asilo-arkham-un-comic-para-adultos-de-caracter-introspectivo\/#breadcrumb","itemListElement":[{"@type":"ListItem","position":1,"name":"Portada","item":"https:\/\/www.cope.es\/blogs\/cine-y-libertad\/"},{"@type":"ListItem","position":2,"name":"Batman: Asilo Arkham-Un c\u00f3mic para adultos de car\u00e1cter introspectivo"}]},{"@type":"WebSite","@id":"https:\/\/www.cope.es\/blogs\/cine-y-libertad\/#website","url":"https:\/\/www.cope.es\/blogs\/cine-y-libertad\/","name":"Cine y Libertad","description":"Cine y Libertad un blog de COPE","potentialAction":[{"@type":"SearchAction","target":{"@type":"EntryPoint","urlTemplate":"https:\/\/www.cope.es\/blogs\/cine-y-libertad\/?s={search_term_string}"},"query-input":{"@type":"PropertyValueSpecification","valueRequired":true,"valueName":"search_term_string"}}],"inLanguage":"es"},{"@type":"Person","@id":"https:\/\/www.cope.es\/blogs\/cine-y-libertad\/#\/schema\/person\/c95904a4fbf751a8d9124f8fa8bdaace","name":"V\u00edctor Alvarado","image":{"@type":"ImageObject","inLanguage":"es","@id":"https:\/\/secure.gravatar.com\/avatar\/db4634ae2001f7f920b8294d926f3e737ada04196e014ebacae29a4848f905f4?s=96&d=mm&r=g","url":"https:\/\/secure.gravatar.com\/avatar\/db4634ae2001f7f920b8294d926f3e737ada04196e014ebacae29a4848f905f4?s=96&d=mm&r=g","contentUrl":"https:\/\/secure.gravatar.com\/avatar\/db4634ae2001f7f920b8294d926f3e737ada04196e014ebacae29a4848f905f4?s=96&d=mm&r=g","caption":"V\u00edctor Alvarado"},"description":"V\u00edctor Alvarado tiene una larga experiencia tanto en medios de comunicaci\u00f3n como en educaci\u00f3n. Dirige el programa de radio, Directo a las Estrellas, en Intereconom\u00eda (Castilla y Le\u00f3n) y Informa Radio en toda Espa\u00f1a. Ha colaborado en Radio Inter y Esradio. Cr\u00edtico de cine en Pantalla 90, Diario Ya y P\u00e1ginas Digital. Es miembro del CEC. Es el autor de libro: La fe, la \u00e9tica y los valores de los superh\u00e9roes (PPC). Esta es su web: www.cineylibertad.com y, por supuesto, lleva m\u00e1s de 5 a\u00f1os como bloguero de Cope, donde analiza el cine, los c\u00f3mics y los libros desde una \u00f3ptica antropol\u00f3gica y axiol\u00f3gica, atendiendo a todas las dimensiones del ser humano.","sameAs":["http:\/\/www.cineylibertad.com","https:\/\/www.facebook.com\/victor.alvarado.56829446","https:\/\/www.instagram.com\/cineylibertad\/","https:\/\/x.com\/cineylibertad"],"url":"https:\/\/www.cope.es\/blogs\/cine-y-libertad\/author\/valvarado\/"}]}},"amp_enabled":true,"_links":{"self":[{"href":"https:\/\/www.cope.es\/blogs\/cine-y-libertad\/wp-json\/wp\/v2\/posts\/7076","targetHints":{"allow":["GET"]}}],"collection":[{"href":"https:\/\/www.cope.es\/blogs\/cine-y-libertad\/wp-json\/wp\/v2\/posts"}],"about":[{"href":"https:\/\/www.cope.es\/blogs\/cine-y-libertad\/wp-json\/wp\/v2\/types\/post"}],"author":[{"embeddable":true,"href":"https:\/\/www.cope.es\/blogs\/cine-y-libertad\/wp-json\/wp\/v2\/users\/7"}],"replies":[{"embeddable":true,"href":"https:\/\/www.cope.es\/blogs\/cine-y-libertad\/wp-json\/wp\/v2\/comments?post=7076"}],"version-history":[{"count":2,"href":"https:\/\/www.cope.es\/blogs\/cine-y-libertad\/wp-json\/wp\/v2\/posts\/7076\/revisions"}],"predecessor-version":[{"id":7097,"href":"https:\/\/www.cope.es\/blogs\/cine-y-libertad\/wp-json\/wp\/v2\/posts\/7076\/revisions\/7097"}],"wp:featuredmedia":[{"embeddable":true,"href":"https:\/\/www.cope.es\/blogs\/cine-y-libertad\/wp-json\/wp\/v2\/media\/7078"}],"wp:attachment":[{"href":"https:\/\/www.cope.es\/blogs\/cine-y-libertad\/wp-json\/wp\/v2\/media?parent=7076"}],"wp:term":[{"taxonomy":"category","embeddable":true,"href":"https:\/\/www.cope.es\/blogs\/cine-y-libertad\/wp-json\/wp\/v2\/categories?post=7076"},{"taxonomy":"post_tag","embeddable":true,"href":"https:\/\/www.cope.es\/blogs\/cine-y-libertad\/wp-json\/wp\/v2\/tags?post=7076"}],"curies":[{"name":"wp","href":"https:\/\/api.w.org\/{rel}","templated":true}]}}