{"id":7005,"date":"2024-01-11T16:11:17","date_gmt":"2024-01-11T15:11:17","guid":{"rendered":"http:\/\/www.cope.es\/blogs\/cine-y-libertad\/?p=7005"},"modified":"2024-02-16T20:42:26","modified_gmt":"2024-02-16T19:42:26","slug":"la-declaracion-de-los-derechos-humanos-eleonor-roosevelt-y-el-castillo-de-chaillot","status":"publish","type":"post","link":"https:\/\/www.cope.es\/blogs\/cine-y-libertad\/2024\/01\/11\/la-declaracion-de-los-derechos-humanos-eleonor-roosevelt-y-el-castillo-de-chaillot\/","title":{"rendered":"La Declaraci\u00f3n de los Derechos Humanos, Eleonor Roosevelt y el Palacio de Chaillot"},"content":{"rendered":"<p><a href=\"https:\/\/www.ivoox.com\/declaracion-derechos-humanos-eleonor-roosevelt-audios-mp3_rf_122199793_1.html\">La Declaraci\u00f3n de los Derechos Humanos, Eleonor Roosevelt y el Palacio de Chaillot.<\/a> \u00bfCu\u00e1les fueron las claves de la firma de dicha declaraci\u00f3n?<\/p>\n<p>Puedes escucharnos aqu\u00ed\u2026<\/p>\n<p><img loading=\"lazy\" decoding=\"async\" width=\"280\" height=\"180\" class=\"alignnone size-full wp-image-7013\" src=\"http:\/\/www.cope.es\/blogs\/cine-y-libertad\/wp-content\/uploads\/sites\/7\/2024\/01\/la-declaracion-de-los-derechos-humanos-eleonor-roosevelt-y-el-castillo-de-chaillot.jpg\" alt=\"\" \/><\/p>\n<audio class=\"wp-audio-shortcode\" id=\"audio-7005-1\" preload=\"none\" style=\"width: 100%;\" controls=\"controls\"><source type=\"audio\/mpeg\" src=\"https:\/\/www.ivoox.com\/declaracion-derechos-humanos-eleonor-roosevelt_md_122199793_wp_1.mp3?_=1\" \/><a href=\"https:\/\/www.ivoox.com\/declaracion-derechos-humanos-eleonor-roosevelt_md_122199793_wp_1.mp3\">https:\/\/www.ivoox.com\/declaracion-derechos-humanos-eleonor-roosevelt_md_122199793_wp_1.mp3<\/a><\/audio>\n<p><a title=\"La Declaraci\u00f3n de los Derechos Humanos, Eleonor Roosevelt y el Castillo de Chaillot\" href=\"https:\/\/go.ivoox.com\/rf\/122199793\">Ir a descargar<\/a><\/p>\n<p>\u00a1Lectores y amigos de Cine y\u00a0 Libertad!<\/p>\n<p>Hemos invitado a Antonio Rubio Plo (<a href=\"https:\/\/alfayomega.es\/author\/arubio\/\">Alfa y Omega),<\/a> escritor y\u00a0 para hablar de<a href=\"https:\/\/www.ivoox.com\/declaracion-derechos-humanos-eleonor-roosevelt-audios-mp3_rf_122199793_1.html\"> La Declaraci\u00f3n de los Derechos Humanos, Eleonor Roosevelt y el Palacio de Chaillot&#8230;<\/a><\/p>\n<p>La <span class=\"pdf-link\"><a href=\"https:\/\/www.ohchr.org\/EN\/UDHR\/Documents\/UDHR_Translations\/spn.pdf\">Declaraci\u00f3n Universal de los Derechos Humanos<\/a><\/span> es un documento que marca un hito en la historia de los derechos humanos. Elaborada por representantes de todas las regiones del mundo con diferentes antecedentes jur\u00eddicos y culturales, la Declaraci\u00f3n fue proclamada por la Asamblea General de las Naciones Unidas en Par\u00eds, el 10 de diciembre de 1948 en su (<span class=\"pdf-link\"><a href=\"https:\/\/undocs.org\/es\/A\/RES\/217(III)\">Resoluci\u00f3n 217 A (III)<\/a><\/span>) como un ideal com\u00fan para todos los pueblos y naciones. La Declaraci\u00f3n establece, por primera vez, los derechos humanos fundamentales que deben protegerse en el mundo entero y ha sido <a href=\"http:\/\/www.ohchr.org\/EN\/UDHR\/Documents\/UDHR_Translations\/spn.pdf\">traducida a m\u00e1s de 500 idiomas<\/a>.\u00a0La DUDH es ampliamente reconocida por haber inspirado y allanado el camino para la adopci\u00f3n de m\u00e1s de setenta tratados de derechos humanos, que se aplican hoy en d\u00eda de manera permanente a nivel mundial y regional (todos contienen referencias a ella en sus pre\u00e1mbulos).<\/p>\n<p>Por otra parte, nuestro invitado nos habl\u00f3 de una estrella de la l\u00edrica espa\u00f1ola a nivel mundial&#8230;<a href=\"https:\/\/www.ivoox.com\/victoria-angeles-el-dolor-zarzuela-la-audios-mp3_rf_120558969_1.html\">Victoria de los \u00c1ngeles-El dolor, la zarzuela La Tempranica y la Semana Santa de Turina<\/a>. \u00bfC\u00f3mo fue la vida de esta soprano?<\/p>\n<div class=\"text fs17 lh19\">\n<p><img loading=\"lazy\" decoding=\"async\" width=\"300\" height=\"200\" class=\"alignnone size-medium wp-image-6820\" src=\"https:\/\/www.cope.es\/blogs\/cine-y-libertad\/wp-content\/uploads\/sites\/7\/2023\/12\/victoria-300x200.jpg\" alt=\"\" srcset=\"https:\/\/www.cope.es\/blogs\/cine-y-libertad\/wp-content\/uploads\/sites\/7\/2023\/12\/victoria-300x200.jpg 300w, https:\/\/www.cope.es\/blogs\/cine-y-libertad\/wp-content\/uploads\/sites\/7\/2023\/12\/victoria-768x512.jpg 768w, https:\/\/www.cope.es\/blogs\/cine-y-libertad\/wp-content\/uploads\/sites\/7\/2023\/12\/victoria-408x272.jpg 408w, https:\/\/www.cope.es\/blogs\/cine-y-libertad\/wp-content\/uploads\/sites\/7\/2023\/12\/victoria.jpg 960w\" sizes=\"auto, (max-width: 300px) 100vw, 300px\" \/><\/p>\n<audio class=\"wp-audio-shortcode\" id=\"audio-7005-2\" preload=\"none\" style=\"width: 100%;\" controls=\"controls\"><source type=\"audio\/mpeg\" src=\"https:\/\/www.ivoox.com\/victoria-angeles-el-dolor-zarzuela-la_md_120558969_wp_1.mp3?_=2\" \/><a href=\"https:\/\/www.ivoox.com\/victoria-angeles-el-dolor-zarzuela-la_md_120558969_wp_1.mp3\">https:\/\/www.ivoox.com\/victoria-angeles-el-dolor-zarzuela-la_md_120558969_wp_1.mp3<\/a><\/audio>\n<p><a title=\"Victoria de los \u00c1ngeles-El dolor, la zarzuela La Tempranica y la Semana Santa de Turina\" href=\"https:\/\/go.ivoox.com\/rf\/120558969\">Ir a descargar<\/a><\/p>\n<\/div>\n<div class=\"descripcion\">\n<p><a href=\"https:\/\/www.ivoox.com\/podcast-cine-libertad_sq_f121636_1.html\">V\u00edctor Alvarado<\/a><\/p>\n<\/div>\n<p>Instagram:<a href=\"https:\/\/www.instagram.com\/cineylibertad\/\">https:\/\/www.instagram.com\/cineylibertad\/<\/a><\/p>\n<p>Facebook:\u00a0<a href=\"https:\/\/www.facebook.com\/victor.alvarado.56829446\" target=\"_blank\">https:\/\/www.facebook.com\/victor.alvarado.56829446<\/a><\/p>\n<p>Twitter:<span class=\"r-18u37iz\"><a class=\"css-4rbku5 css-18t94o4 css-901oao css-16my406 r-1n1174f r-1loqt21 r-poiln3 r-bcqeeo r-qvutc0\" href=\"https:\/\/twitter.com\/cineylibertad\">@cineylibertad<\/a><\/span><\/p>\n","protected":false},"excerpt":{"rendered":"<p>La Declaraci\u00f3n de los Derechos Humanos, Eleonor Roosevelt y el Palacio de Chaillot. \u00bfCu\u00e1les fueron las claves de la firma de dicha declaraci\u00f3n? Puedes escucharnos aqu\u00ed\u2026 Ir a descargar \u00a1Lectores y amigos de Cine y\u00a0 Libertad! Hemos invitado a Antonio Rubio Plo (Alfa y Omega), escritor y\u00a0 para hablar de La Declaraci\u00f3n de los Derechos [&hellip;]<\/p>\n","protected":false},"author":7,"featured_media":7013,"comment_status":"open","ping_status":"open","sticky":false,"template":"","format":"standard","meta":{"footnotes":""},"categories":[22,133,54,219],"tags":[3346,3347,3345],"class_list":["post-7005","post","type-post","status-publish","format-standard","has-post-thumbnail","hentry","category-historia","category-mujeres","category-musica-clasica","category-politica","tag-eleonor-roosevelt-y-el-palacio-de-chaillot","tag-la-declaracion-de-los-derecchos-humanos","tag-la-declaracion-de-los-derechos-humanos"],"yoast_head":"<!-- This site is optimized with the Yoast SEO plugin v27.4 - https:\/\/yoast.com\/product\/yoast-seo-wordpress\/ -->\n<title>La Declaraci\u00f3n de los Derechos Humanos, Eleonor Roosevelt y el Palacio de Chaillot<\/title>\n<meta name=\"description\" content=\"La Declaraci\u00f3n de los Derechos Humanos, Eleonor Roosevelt y el Palacio de Chaillot. \u00bfCu\u00e1les fueron las claves de la firma de dicha declaraci\u00f3n?\" \/>\n<meta name=\"robots\" content=\"index, follow, max-snippet:-1, max-image-preview:large, max-video-preview:-1\" \/>\n<link rel=\"canonical\" href=\"https:\/\/www.cope.es\/blogs\/cine-y-libertad\/2024\/01\/11\/la-declaracion-de-los-derechos-humanos-eleonor-roosevelt-y-el-castillo-de-chaillot\/\" \/>\n<meta property=\"og:locale\" content=\"es_ES\" \/>\n<meta property=\"og:type\" content=\"article\" \/>\n<meta property=\"og:title\" content=\"La Declaraci\u00f3n de los Derechos Humanos, Eleonor Roosevelt y el Palacio de Chaillot\" \/>\n<meta property=\"og:description\" content=\"La Declaraci\u00f3n de los Derechos Humanos, Eleonor Roosevelt y el Palacio de Chaillot. \u00bfCu\u00e1les fueron las claves de la firma de dicha declaraci\u00f3n?\" \/>\n<meta property=\"og:url\" content=\"https:\/\/www.cope.es\/blogs\/cine-y-libertad\/2024\/01\/11\/la-declaracion-de-los-derechos-humanos-eleonor-roosevelt-y-el-castillo-de-chaillot\/\" \/>\n<meta property=\"og:site_name\" content=\"Cine y Libertad\" \/>\n<meta property=\"article:publisher\" content=\"https:\/\/www.facebook.com\/cope\/\" \/>\n<meta property=\"article:author\" content=\"https:\/\/www.facebook.com\/victor.alvarado.56829446\" \/>\n<meta property=\"article:published_time\" content=\"2024-01-11T15:11:17+00:00\" \/>\n<meta property=\"article:modified_time\" content=\"2024-02-16T19:42:26+00:00\" \/>\n<meta property=\"og:image\" content=\"https:\/\/www.cope.es\/blogs\/cine-y-libertad\/wp-content\/uploads\/sites\/7\/2024\/01\/la-declaracion-de-los-derechos-humanos-eleonor-roosevelt-y-el-castillo-de-chaillot.jpg\" \/>\n\t<meta property=\"og:image:width\" content=\"280\" \/>\n\t<meta property=\"og:image:height\" content=\"180\" \/>\n\t<meta property=\"og:image:type\" content=\"image\/jpeg\" \/>\n<meta name=\"author\" content=\"V\u00edctor Alvarado\" \/>\n<meta name=\"twitter:card\" content=\"summary_large_image\" \/>\n<meta name=\"twitter:creator\" content=\"@cineylibertad\" \/>\n<meta name=\"twitter:site\" content=\"@cope_es\" \/>\n<meta name=\"twitter:label1\" content=\"Escrito por\" \/>\n\t<meta name=\"twitter:data1\" content=\"V\u00edctor Alvarado\" \/>\n\t<meta name=\"twitter:label2\" content=\"Tiempo de lectura\" \/>\n\t<meta name=\"twitter:data2\" content=\"2 minutos\" \/>\n<script type=\"application\/ld+json\" class=\"yoast-schema-graph\">{\"@context\":\"https:\\\/\\\/schema.org\",\"@graph\":[{\"@type\":\"Article\",\"@id\":\"https:\\\/\\\/www.cope.es\\\/blogs\\\/cine-y-libertad\\\/2024\\\/01\\\/11\\\/la-declaracion-de-los-derechos-humanos-eleonor-roosevelt-y-el-castillo-de-chaillot\\\/#article\",\"isPartOf\":{\"@id\":\"https:\\\/\\\/www.cope.es\\\/blogs\\\/cine-y-libertad\\\/2024\\\/01\\\/11\\\/la-declaracion-de-los-derechos-humanos-eleonor-roosevelt-y-el-castillo-de-chaillot\\\/\"},\"author\":{\"name\":\"V\u00edctor Alvarado\",\"@id\":\"https:\\\/\\\/www.cope.es\\\/blogs\\\/cine-y-libertad\\\/#\\\/schema\\\/person\\\/c95904a4fbf751a8d9124f8fa8bdaace\"},\"headline\":\"La Declaraci\u00f3n de los Derechos Humanos, Eleonor Roosevelt y el Palacio de Chaillot\",\"datePublished\":\"2024-01-11T15:11:17+00:00\",\"dateModified\":\"2024-02-16T19:42:26+00:00\",\"mainEntityOfPage\":{\"@id\":\"https:\\\/\\\/www.cope.es\\\/blogs\\\/cine-y-libertad\\\/2024\\\/01\\\/11\\\/la-declaracion-de-los-derechos-humanos-eleonor-roosevelt-y-el-castillo-de-chaillot\\\/\"},\"wordCount\":315,\"commentCount\":0,\"image\":{\"@id\":\"https:\\\/\\\/www.cope.es\\\/blogs\\\/cine-y-libertad\\\/2024\\\/01\\\/11\\\/la-declaracion-de-los-derechos-humanos-eleonor-roosevelt-y-el-castillo-de-chaillot\\\/#primaryimage\"},\"thumbnailUrl\":\"https:\\\/\\\/www.cope.es\\\/blogs\\\/cine-y-libertad\\\/wp-content\\\/uploads\\\/sites\\\/7\\\/2024\\\/01\\\/la-declaracion-de-los-derechos-humanos-eleonor-roosevelt-y-el-castillo-de-chaillot.jpg\",\"keywords\":[\"Eleonor Roosevelt y el Palacio de Chaillot\",\"La Declaraci\u00f3n de los Derecchos Humanos\",\"La Declaraci\u00f3n de los Derechos Humanos\"],\"articleSection\":[\"historia\",\"mujeres\",\"m\u00fasica cl\u00e1sica\",\"Pol\u00edtica\"],\"inLanguage\":\"es\",\"potentialAction\":[{\"@type\":\"CommentAction\",\"name\":\"Comment\",\"target\":[\"https:\\\/\\\/www.cope.es\\\/blogs\\\/cine-y-libertad\\\/2024\\\/01\\\/11\\\/la-declaracion-de-los-derechos-humanos-eleonor-roosevelt-y-el-castillo-de-chaillot\\\/#respond\"]}]},{\"@type\":\"WebPage\",\"@id\":\"https:\\\/\\\/www.cope.es\\\/blogs\\\/cine-y-libertad\\\/2024\\\/01\\\/11\\\/la-declaracion-de-los-derechos-humanos-eleonor-roosevelt-y-el-castillo-de-chaillot\\\/\",\"url\":\"https:\\\/\\\/www.cope.es\\\/blogs\\\/cine-y-libertad\\\/2024\\\/01\\\/11\\\/la-declaracion-de-los-derechos-humanos-eleonor-roosevelt-y-el-castillo-de-chaillot\\\/\",\"name\":\"La Declaraci\u00f3n de los Derechos Humanos, Eleonor Roosevelt y el Palacio de Chaillot\",\"isPartOf\":{\"@id\":\"https:\\\/\\\/www.cope.es\\\/blogs\\\/cine-y-libertad\\\/#website\"},\"primaryImageOfPage\":{\"@id\":\"https:\\\/\\\/www.cope.es\\\/blogs\\\/cine-y-libertad\\\/2024\\\/01\\\/11\\\/la-declaracion-de-los-derechos-humanos-eleonor-roosevelt-y-el-castillo-de-chaillot\\\/#primaryimage\"},\"image\":{\"@id\":\"https:\\\/\\\/www.cope.es\\\/blogs\\\/cine-y-libertad\\\/2024\\\/01\\\/11\\\/la-declaracion-de-los-derechos-humanos-eleonor-roosevelt-y-el-castillo-de-chaillot\\\/#primaryimage\"},\"thumbnailUrl\":\"https:\\\/\\\/www.cope.es\\\/blogs\\\/cine-y-libertad\\\/wp-content\\\/uploads\\\/sites\\\/7\\\/2024\\\/01\\\/la-declaracion-de-los-derechos-humanos-eleonor-roosevelt-y-el-castillo-de-chaillot.jpg\",\"datePublished\":\"2024-01-11T15:11:17+00:00\",\"dateModified\":\"2024-02-16T19:42:26+00:00\",\"author\":{\"@id\":\"https:\\\/\\\/www.cope.es\\\/blogs\\\/cine-y-libertad\\\/#\\\/schema\\\/person\\\/c95904a4fbf751a8d9124f8fa8bdaace\"},\"description\":\"La Declaraci\u00f3n de los Derechos Humanos, Eleonor Roosevelt y el Palacio de Chaillot. \u00bfCu\u00e1les fueron las claves de la firma de dicha declaraci\u00f3n?\",\"breadcrumb\":{\"@id\":\"https:\\\/\\\/www.cope.es\\\/blogs\\\/cine-y-libertad\\\/2024\\\/01\\\/11\\\/la-declaracion-de-los-derechos-humanos-eleonor-roosevelt-y-el-castillo-de-chaillot\\\/#breadcrumb\"},\"inLanguage\":\"es\",\"potentialAction\":[{\"@type\":\"ReadAction\",\"target\":[\"https:\\\/\\\/www.cope.es\\\/blogs\\\/cine-y-libertad\\\/2024\\\/01\\\/11\\\/la-declaracion-de-los-derechos-humanos-eleonor-roosevelt-y-el-castillo-de-chaillot\\\/\"]}]},{\"@type\":\"ImageObject\",\"inLanguage\":\"es\",\"@id\":\"https:\\\/\\\/www.cope.es\\\/blogs\\\/cine-y-libertad\\\/2024\\\/01\\\/11\\\/la-declaracion-de-los-derechos-humanos-eleonor-roosevelt-y-el-castillo-de-chaillot\\\/#primaryimage\",\"url\":\"https:\\\/\\\/www.cope.es\\\/blogs\\\/cine-y-libertad\\\/wp-content\\\/uploads\\\/sites\\\/7\\\/2024\\\/01\\\/la-declaracion-de-los-derechos-humanos-eleonor-roosevelt-y-el-castillo-de-chaillot.jpg\",\"contentUrl\":\"https:\\\/\\\/www.cope.es\\\/blogs\\\/cine-y-libertad\\\/wp-content\\\/uploads\\\/sites\\\/7\\\/2024\\\/01\\\/la-declaracion-de-los-derechos-humanos-eleonor-roosevelt-y-el-castillo-de-chaillot.jpg\",\"width\":280,\"height\":180},{\"@type\":\"BreadcrumbList\",\"@id\":\"https:\\\/\\\/www.cope.es\\\/blogs\\\/cine-y-libertad\\\/2024\\\/01\\\/11\\\/la-declaracion-de-los-derechos-humanos-eleonor-roosevelt-y-el-castillo-de-chaillot\\\/#breadcrumb\",\"itemListElement\":[{\"@type\":\"ListItem\",\"position\":1,\"name\":\"Portada\",\"item\":\"https:\\\/\\\/www.cope.es\\\/blogs\\\/cine-y-libertad\\\/\"},{\"@type\":\"ListItem\",\"position\":2,\"name\":\"La Declaraci\u00f3n de los Derechos Humanos, Eleonor Roosevelt y el Palacio de Chaillot\"}]},{\"@type\":\"WebSite\",\"@id\":\"https:\\\/\\\/www.cope.es\\\/blogs\\\/cine-y-libertad\\\/#website\",\"url\":\"https:\\\/\\\/www.cope.es\\\/blogs\\\/cine-y-libertad\\\/\",\"name\":\"Cine y Libertad\",\"description\":\"Cine y Libertad un blog de COPE\",\"potentialAction\":[{\"@type\":\"SearchAction\",\"target\":{\"@type\":\"EntryPoint\",\"urlTemplate\":\"https:\\\/\\\/www.cope.es\\\/blogs\\\/cine-y-libertad\\\/?s={search_term_string}\"},\"query-input\":{\"@type\":\"PropertyValueSpecification\",\"valueRequired\":true,\"valueName\":\"search_term_string\"}}],\"inLanguage\":\"es\"},{\"@type\":\"Person\",\"@id\":\"https:\\\/\\\/www.cope.es\\\/blogs\\\/cine-y-libertad\\\/#\\\/schema\\\/person\\\/c95904a4fbf751a8d9124f8fa8bdaace\",\"name\":\"V\u00edctor Alvarado\",\"image\":{\"@type\":\"ImageObject\",\"inLanguage\":\"es\",\"@id\":\"https:\\\/\\\/secure.gravatar.com\\\/avatar\\\/db4634ae2001f7f920b8294d926f3e737ada04196e014ebacae29a4848f905f4?s=96&d=mm&r=g\",\"url\":\"https:\\\/\\\/secure.gravatar.com\\\/avatar\\\/db4634ae2001f7f920b8294d926f3e737ada04196e014ebacae29a4848f905f4?s=96&d=mm&r=g\",\"contentUrl\":\"https:\\\/\\\/secure.gravatar.com\\\/avatar\\\/db4634ae2001f7f920b8294d926f3e737ada04196e014ebacae29a4848f905f4?s=96&d=mm&r=g\",\"caption\":\"V\u00edctor Alvarado\"},\"description\":\"V\u00edctor Alvarado tiene una larga experiencia tanto en medios de comunicaci\u00f3n como en educaci\u00f3n. Dirige el programa de radio, Directo a las Estrellas, en Intereconom\u00eda (Castilla y Le\u00f3n) y Informa Radio en toda Espa\u00f1a. Ha colaborado en Radio Inter y Esradio. Cr\u00edtico de cine en Pantalla 90, Diario Ya y P\u00e1ginas Digital. Es miembro del CEC. Es el autor de libro: La fe, la \u00e9tica y los valores de los superh\u00e9roes (PPC). Esta es su web: www.cineylibertad.com y, por supuesto, lleva m\u00e1s de 5 a\u00f1os como bloguero de Cope, donde analiza el cine, los c\u00f3mics y los libros desde una \u00f3ptica antropol\u00f3gica y axiol\u00f3gica, atendiendo a todas las dimensiones del ser humano.\",\"sameAs\":[\"http:\\\/\\\/www.cineylibertad.com\",\"https:\\\/\\\/www.facebook.com\\\/victor.alvarado.56829446\",\"https:\\\/\\\/www.instagram.com\\\/cineylibertad\\\/\",\"https:\\\/\\\/x.com\\\/cineylibertad\"],\"url\":\"https:\\\/\\\/www.cope.es\\\/blogs\\\/cine-y-libertad\\\/author\\\/valvarado\\\/\"}]}<\/script>\n<!-- \/ Yoast SEO plugin. -->","yoast_head_json":{"title":"La Declaraci\u00f3n de los Derechos Humanos, Eleonor Roosevelt y el Palacio de Chaillot","description":"La Declaraci\u00f3n de los Derechos Humanos, Eleonor Roosevelt y el Palacio de Chaillot. \u00bfCu\u00e1les fueron las claves de la firma de dicha declaraci\u00f3n?","robots":{"index":"index","follow":"follow","max-snippet":"max-snippet:-1","max-image-preview":"max-image-preview:large","max-video-preview":"max-video-preview:-1"},"canonical":"https:\/\/www.cope.es\/blogs\/cine-y-libertad\/2024\/01\/11\/la-declaracion-de-los-derechos-humanos-eleonor-roosevelt-y-el-castillo-de-chaillot\/","og_locale":"es_ES","og_type":"article","og_title":"La Declaraci\u00f3n de los Derechos Humanos, Eleonor Roosevelt y el Palacio de Chaillot","og_description":"La Declaraci\u00f3n de los Derechos Humanos, Eleonor Roosevelt y el Palacio de Chaillot. \u00bfCu\u00e1les fueron las claves de la firma de dicha declaraci\u00f3n?","og_url":"https:\/\/www.cope.es\/blogs\/cine-y-libertad\/2024\/01\/11\/la-declaracion-de-los-derechos-humanos-eleonor-roosevelt-y-el-castillo-de-chaillot\/","og_site_name":"Cine y Libertad","article_publisher":"https:\/\/www.facebook.com\/cope\/","article_author":"https:\/\/www.facebook.com\/victor.alvarado.56829446","article_published_time":"2024-01-11T15:11:17+00:00","article_modified_time":"2024-02-16T19:42:26+00:00","og_image":[{"width":280,"height":180,"url":"https:\/\/www.cope.es\/blogs\/cine-y-libertad\/wp-content\/uploads\/sites\/7\/2024\/01\/la-declaracion-de-los-derechos-humanos-eleonor-roosevelt-y-el-castillo-de-chaillot.jpg","type":"image\/jpeg"}],"author":"V\u00edctor Alvarado","twitter_card":"summary_large_image","twitter_creator":"@cineylibertad","twitter_site":"@cope_es","twitter_misc":{"Escrito por":"V\u00edctor Alvarado","Tiempo de lectura":"2 minutos"},"schema":{"@context":"https:\/\/schema.org","@graph":[{"@type":"Article","@id":"https:\/\/www.cope.es\/blogs\/cine-y-libertad\/2024\/01\/11\/la-declaracion-de-los-derechos-humanos-eleonor-roosevelt-y-el-castillo-de-chaillot\/#article","isPartOf":{"@id":"https:\/\/www.cope.es\/blogs\/cine-y-libertad\/2024\/01\/11\/la-declaracion-de-los-derechos-humanos-eleonor-roosevelt-y-el-castillo-de-chaillot\/"},"author":{"name":"V\u00edctor Alvarado","@id":"https:\/\/www.cope.es\/blogs\/cine-y-libertad\/#\/schema\/person\/c95904a4fbf751a8d9124f8fa8bdaace"},"headline":"La Declaraci\u00f3n de los Derechos Humanos, Eleonor Roosevelt y el Palacio de Chaillot","datePublished":"2024-01-11T15:11:17+00:00","dateModified":"2024-02-16T19:42:26+00:00","mainEntityOfPage":{"@id":"https:\/\/www.cope.es\/blogs\/cine-y-libertad\/2024\/01\/11\/la-declaracion-de-los-derechos-humanos-eleonor-roosevelt-y-el-castillo-de-chaillot\/"},"wordCount":315,"commentCount":0,"image":{"@id":"https:\/\/www.cope.es\/blogs\/cine-y-libertad\/2024\/01\/11\/la-declaracion-de-los-derechos-humanos-eleonor-roosevelt-y-el-castillo-de-chaillot\/#primaryimage"},"thumbnailUrl":"https:\/\/www.cope.es\/blogs\/cine-y-libertad\/wp-content\/uploads\/sites\/7\/2024\/01\/la-declaracion-de-los-derechos-humanos-eleonor-roosevelt-y-el-castillo-de-chaillot.jpg","keywords":["Eleonor Roosevelt y el Palacio de Chaillot","La Declaraci\u00f3n de los Derecchos Humanos","La Declaraci\u00f3n de los Derechos Humanos"],"articleSection":["historia","mujeres","m\u00fasica cl\u00e1sica","Pol\u00edtica"],"inLanguage":"es","potentialAction":[{"@type":"CommentAction","name":"Comment","target":["https:\/\/www.cope.es\/blogs\/cine-y-libertad\/2024\/01\/11\/la-declaracion-de-los-derechos-humanos-eleonor-roosevelt-y-el-castillo-de-chaillot\/#respond"]}]},{"@type":"WebPage","@id":"https:\/\/www.cope.es\/blogs\/cine-y-libertad\/2024\/01\/11\/la-declaracion-de-los-derechos-humanos-eleonor-roosevelt-y-el-castillo-de-chaillot\/","url":"https:\/\/www.cope.es\/blogs\/cine-y-libertad\/2024\/01\/11\/la-declaracion-de-los-derechos-humanos-eleonor-roosevelt-y-el-castillo-de-chaillot\/","name":"La Declaraci\u00f3n de los Derechos Humanos, Eleonor Roosevelt y el Palacio de Chaillot","isPartOf":{"@id":"https:\/\/www.cope.es\/blogs\/cine-y-libertad\/#website"},"primaryImageOfPage":{"@id":"https:\/\/www.cope.es\/blogs\/cine-y-libertad\/2024\/01\/11\/la-declaracion-de-los-derechos-humanos-eleonor-roosevelt-y-el-castillo-de-chaillot\/#primaryimage"},"image":{"@id":"https:\/\/www.cope.es\/blogs\/cine-y-libertad\/2024\/01\/11\/la-declaracion-de-los-derechos-humanos-eleonor-roosevelt-y-el-castillo-de-chaillot\/#primaryimage"},"thumbnailUrl":"https:\/\/www.cope.es\/blogs\/cine-y-libertad\/wp-content\/uploads\/sites\/7\/2024\/01\/la-declaracion-de-los-derechos-humanos-eleonor-roosevelt-y-el-castillo-de-chaillot.jpg","datePublished":"2024-01-11T15:11:17+00:00","dateModified":"2024-02-16T19:42:26+00:00","author":{"@id":"https:\/\/www.cope.es\/blogs\/cine-y-libertad\/#\/schema\/person\/c95904a4fbf751a8d9124f8fa8bdaace"},"description":"La Declaraci\u00f3n de los Derechos Humanos, Eleonor Roosevelt y el Palacio de Chaillot. \u00bfCu\u00e1les fueron las claves de la firma de dicha declaraci\u00f3n?","breadcrumb":{"@id":"https:\/\/www.cope.es\/blogs\/cine-y-libertad\/2024\/01\/11\/la-declaracion-de-los-derechos-humanos-eleonor-roosevelt-y-el-castillo-de-chaillot\/#breadcrumb"},"inLanguage":"es","potentialAction":[{"@type":"ReadAction","target":["https:\/\/www.cope.es\/blogs\/cine-y-libertad\/2024\/01\/11\/la-declaracion-de-los-derechos-humanos-eleonor-roosevelt-y-el-castillo-de-chaillot\/"]}]},{"@type":"ImageObject","inLanguage":"es","@id":"https:\/\/www.cope.es\/blogs\/cine-y-libertad\/2024\/01\/11\/la-declaracion-de-los-derechos-humanos-eleonor-roosevelt-y-el-castillo-de-chaillot\/#primaryimage","url":"https:\/\/www.cope.es\/blogs\/cine-y-libertad\/wp-content\/uploads\/sites\/7\/2024\/01\/la-declaracion-de-los-derechos-humanos-eleonor-roosevelt-y-el-castillo-de-chaillot.jpg","contentUrl":"https:\/\/www.cope.es\/blogs\/cine-y-libertad\/wp-content\/uploads\/sites\/7\/2024\/01\/la-declaracion-de-los-derechos-humanos-eleonor-roosevelt-y-el-castillo-de-chaillot.jpg","width":280,"height":180},{"@type":"BreadcrumbList","@id":"https:\/\/www.cope.es\/blogs\/cine-y-libertad\/2024\/01\/11\/la-declaracion-de-los-derechos-humanos-eleonor-roosevelt-y-el-castillo-de-chaillot\/#breadcrumb","itemListElement":[{"@type":"ListItem","position":1,"name":"Portada","item":"https:\/\/www.cope.es\/blogs\/cine-y-libertad\/"},{"@type":"ListItem","position":2,"name":"La Declaraci\u00f3n de los Derechos Humanos, Eleonor Roosevelt y el Palacio de Chaillot"}]},{"@type":"WebSite","@id":"https:\/\/www.cope.es\/blogs\/cine-y-libertad\/#website","url":"https:\/\/www.cope.es\/blogs\/cine-y-libertad\/","name":"Cine y Libertad","description":"Cine y Libertad un blog de COPE","potentialAction":[{"@type":"SearchAction","target":{"@type":"EntryPoint","urlTemplate":"https:\/\/www.cope.es\/blogs\/cine-y-libertad\/?s={search_term_string}"},"query-input":{"@type":"PropertyValueSpecification","valueRequired":true,"valueName":"search_term_string"}}],"inLanguage":"es"},{"@type":"Person","@id":"https:\/\/www.cope.es\/blogs\/cine-y-libertad\/#\/schema\/person\/c95904a4fbf751a8d9124f8fa8bdaace","name":"V\u00edctor Alvarado","image":{"@type":"ImageObject","inLanguage":"es","@id":"https:\/\/secure.gravatar.com\/avatar\/db4634ae2001f7f920b8294d926f3e737ada04196e014ebacae29a4848f905f4?s=96&d=mm&r=g","url":"https:\/\/secure.gravatar.com\/avatar\/db4634ae2001f7f920b8294d926f3e737ada04196e014ebacae29a4848f905f4?s=96&d=mm&r=g","contentUrl":"https:\/\/secure.gravatar.com\/avatar\/db4634ae2001f7f920b8294d926f3e737ada04196e014ebacae29a4848f905f4?s=96&d=mm&r=g","caption":"V\u00edctor Alvarado"},"description":"V\u00edctor Alvarado tiene una larga experiencia tanto en medios de comunicaci\u00f3n como en educaci\u00f3n. Dirige el programa de radio, Directo a las Estrellas, en Intereconom\u00eda (Castilla y Le\u00f3n) y Informa Radio en toda Espa\u00f1a. Ha colaborado en Radio Inter y Esradio. Cr\u00edtico de cine en Pantalla 90, Diario Ya y P\u00e1ginas Digital. Es miembro del CEC. Es el autor de libro: La fe, la \u00e9tica y los valores de los superh\u00e9roes (PPC). Esta es su web: www.cineylibertad.com y, por supuesto, lleva m\u00e1s de 5 a\u00f1os como bloguero de Cope, donde analiza el cine, los c\u00f3mics y los libros desde una \u00f3ptica antropol\u00f3gica y axiol\u00f3gica, atendiendo a todas las dimensiones del ser humano.","sameAs":["http:\/\/www.cineylibertad.com","https:\/\/www.facebook.com\/victor.alvarado.56829446","https:\/\/www.instagram.com\/cineylibertad\/","https:\/\/x.com\/cineylibertad"],"url":"https:\/\/www.cope.es\/blogs\/cine-y-libertad\/author\/valvarado\/"}]}},"amp_enabled":true,"_links":{"self":[{"href":"https:\/\/www.cope.es\/blogs\/cine-y-libertad\/wp-json\/wp\/v2\/posts\/7005","targetHints":{"allow":["GET"]}}],"collection":[{"href":"https:\/\/www.cope.es\/blogs\/cine-y-libertad\/wp-json\/wp\/v2\/posts"}],"about":[{"href":"https:\/\/www.cope.es\/blogs\/cine-y-libertad\/wp-json\/wp\/v2\/types\/post"}],"author":[{"embeddable":true,"href":"https:\/\/www.cope.es\/blogs\/cine-y-libertad\/wp-json\/wp\/v2\/users\/7"}],"replies":[{"embeddable":true,"href":"https:\/\/www.cope.es\/blogs\/cine-y-libertad\/wp-json\/wp\/v2\/comments?post=7005"}],"version-history":[{"count":2,"href":"https:\/\/www.cope.es\/blogs\/cine-y-libertad\/wp-json\/wp\/v2\/posts\/7005\/revisions"}],"predecessor-version":[{"id":7190,"href":"https:\/\/www.cope.es\/blogs\/cine-y-libertad\/wp-json\/wp\/v2\/posts\/7005\/revisions\/7190"}],"wp:featuredmedia":[{"embeddable":true,"href":"https:\/\/www.cope.es\/blogs\/cine-y-libertad\/wp-json\/wp\/v2\/media\/7013"}],"wp:attachment":[{"href":"https:\/\/www.cope.es\/blogs\/cine-y-libertad\/wp-json\/wp\/v2\/media?parent=7005"}],"wp:term":[{"taxonomy":"category","embeddable":true,"href":"https:\/\/www.cope.es\/blogs\/cine-y-libertad\/wp-json\/wp\/v2\/categories?post=7005"},{"taxonomy":"post_tag","embeddable":true,"href":"https:\/\/www.cope.es\/blogs\/cine-y-libertad\/wp-json\/wp\/v2\/tags?post=7005"}],"curies":[{"name":"wp","href":"https:\/\/api.w.org\/{rel}","templated":true}]}}