{"id":6743,"date":"2023-11-23T17:59:09","date_gmt":"2023-11-23T16:59:09","guid":{"rendered":"http:\/\/www.cope.es\/blogs\/cine-y-libertad\/?p=6743"},"modified":"2023-12-16T22:34:19","modified_gmt":"2023-12-16T21:34:19","slug":"stefan-zweig-el-autor-que-toca-el-corazon-de-los-lectores-en-este-especial","status":"publish","type":"post","link":"https:\/\/www.cope.es\/blogs\/cine-y-libertad\/2023\/11\/23\/stefan-zweig-el-autor-que-toca-el-corazon-de-los-lectores-en-este-especial\/","title":{"rendered":"Stefan Zweig-El autor que toca el coraz\u00f3n de los lectores en este especial"},"content":{"rendered":"<article id=\"post-6655\" class=\"post-6655 post type-post status-publish format-standard has-post-thumbnail hentry category-cine category-libros\" data-mrf-recirculation=\"portada\">\n<div class=\"entry-content\">\n<div class=\"description\">\n<p><a href=\"https:\/\/www.ivoox.com\/stefan-zweig-el-autor-toca-corazon-los-audios-mp3_rf_119937444_1.html\">Stefan Zweig-El autor que toca el coraz\u00f3n de los lectores en este especial<\/a>. \u00bfEs el autor que mejor conoce el alma del ser humano? \u00bfQu\u00e9 nos ha parecido Carta de una desconocida?<\/p>\n<p>Aqu\u00ed puedes escuchar mi comentario en este especial que dedicamos al citado escritor&#8230;<\/p>\n<p><img loading=\"lazy\" decoding=\"async\" width=\"197\" height=\"300\" class=\"alignnone size-medium wp-image-6747\" src=\"http:\/\/www.cope.es\/blogs\/cine-y-libertad\/wp-content\/uploads\/sites\/7\/2023\/11\/stefan-zweig-el-autor-que-toca-el-corazon-los-lectores-en-este-especial-197x300.jpg\" alt=\"\" srcset=\"https:\/\/www.cope.es\/blogs\/cine-y-libertad\/wp-content\/uploads\/sites\/7\/2023\/11\/stefan-zweig-el-autor-que-toca-el-corazon-los-lectores-en-este-especial-197x300.jpg 197w, https:\/\/www.cope.es\/blogs\/cine-y-libertad\/wp-content\/uploads\/sites\/7\/2023\/11\/stefan-zweig-el-autor-que-toca-el-corazon-los-lectores-en-este-especial.jpg 552w\" sizes=\"auto, (max-width: 197px) 100vw, 197px\" \/><\/p>\n<audio class=\"wp-audio-shortcode\" id=\"audio-6743-1\" preload=\"none\" style=\"width: 100%;\" controls=\"controls\"><source type=\"audio\/mpeg\" src=\"https:\/\/www.ivoox.com\/stefan-zweig-el-autor-toca-corazon-los_md_119937444_wp_1.mp3?_=1\" \/><a href=\"https:\/\/www.ivoox.com\/stefan-zweig-el-autor-toca-corazon-los_md_119937444_wp_1.mp3\">https:\/\/www.ivoox.com\/stefan-zweig-el-autor-toca-corazon-los_md_119937444_wp_1.mp3<\/a><\/audio>\n<p>\u00a1Lectores y amigos de Cine y Libertad!<\/p>\n<p>Esta es la sinopsis oficial del libro de <a href=\"https:\/\/www.ivoox.com\/stefan-zweig-el-autor-toca-corazon-los-audios-mp3_rf_119937444_1.html\">Stefan Zweig-El autor que toca el coraz\u00f3n de los lectores en este especia<\/a>l:<\/p>\n<p>La narrativa breve de<a href=\"https:\/\/es.wikipedia.org\/wiki\/Stefan_Zweig\"> Stefan Zweig<\/a> es un s\u00edmbolo de la literatura y la cultura europea del siglo XX. Persiguiendo un anhelo de profundizar en lo oscuro, lo pasional, lo heroico o lo tr\u00e1gico, Zweig contruye bajo el influjo del psicoan\u00e1lisis una red de personajes que conviven con un conflicto consigo mismos y con los dem\u00e1s y, por lo tanto, con las ra\u00edces, las encrucijadas y la destrucci\u00f3n a la que se aboc\u00f3 la Europa de la primera mitad del siglo XX. Joyas como \u201cNovela de ajedrez\u201d, \u201cMendel el de los libros\u201d o \u201cSue\u00f1os olvidados\u201d son solo la punta de una catedral literaria indispensable en Europa y que forma una mirada desgarradora poblada de relatos \u00fanicos.<\/p>\n<p>Nuestro inter\u00e9s por Stefan Zweig es una constante como lo demuestran estos comentarios sobre sus cuentos, novelas y adaptaciones cinematogr\u00e1ficas de toda su obra&#8230;<\/p>\n<p><a href=\"https:\/\/www.ivoox.com\/una-boda-lyon-una-aguda-critica-a-la-audios-mp3_rf_72424561_1.html\">+Una boda en Lyon-Una aguda cr\u00edtica a la Revoluci\u00f3n Francesa y una gran historia de amor<\/a>:<\/p>\n<p><img loading=\"lazy\" decoding=\"async\" width=\"181\" height=\"279\" class=\"alignnone size-full wp-image-6749\" src=\"http:\/\/www.cope.es\/blogs\/cine-y-libertad\/wp-content\/uploads\/sites\/7\/2023\/11\/lyon.jpg\" alt=\"\" \/><\/p>\n<audio class=\"wp-audio-shortcode\" id=\"audio-6743-2\" preload=\"none\" style=\"width: 100%;\" controls=\"controls\"><source type=\"audio\/mpeg\" src=\"https:\/\/www.ivoox.com\/una-boda-lyon-una-aguda-critica-a-la_md_72424561_wp_1.mp3?_=2\" \/><a href=\"https:\/\/www.ivoox.com\/una-boda-lyon-una-aguda-critica-a-la_md_72424561_wp_1.mp3\">https:\/\/www.ivoox.com\/una-boda-lyon-una-aguda-critica-a-la_md_72424561_wp_1.mp3<\/a><\/audio>\n<p>Durante el Terror jacobino, una joven, que espera su ejecuci\u00f3n en el oscuro s\u00f3tano de una c\u00e1rcel, se reencuentra con su prometido, al que cre\u00eda muerto en un levantamiento de las fuerzas partidarias a la monarqu\u00eda. S\u00f3lo la compasi\u00f3n de sus compa\u00f1eros de infortunio ayudar\u00e1 a los amantes a cumplir su mayor deseo, presentarse ante Dios como marido y mujer, y a su vez ofrecer\u00e1 un moment\u00e1neo consuelo a todos los presentes. Publicado originalmente en 1927, \u00abUna boda en Lyon\u00bb es un retrato sobrecogedor de la persecuci\u00f3n pol\u00edtica y religiosa, uno de los mayores fracasos de la humanidad seg\u00fan Stefan Zweig. La presente edici\u00f3n incluye otros tres relatos: \u00abLa caminata\u00bb, \u00abUn ser humano inolvidable\u00bb y \u00abDos solitarios\u00bb.<\/p>\n<p>&nbsp;<\/p>\n<p><a href=\"https:\/\/www.ivoox.com\/impaciencia-del-corazon-los-valores-stefan-zweig-audios-mp3_rf_107191400_1.html\">+La impaciencia del coraz\u00f3n-Los valores de Stefan Zweig en estado puro:<\/a><\/p>\n<div class=\"et_pb_column et_pb_column_3_5 et_pb_column_5 et_pb_css_mix_blend_mode_passthrough\">\n<div class=\"et_pb_module et_pb_text et_pb_text_3 et_pb_text_align_left et_pb_bg_layout_light et_had_animation\">\n<div class=\"et_pb_text_inner\">\n<p><img loading=\"lazy\" decoding=\"async\" width=\"300\" height=\"169\" class=\"alignnone size-medium wp-image-5698\" src=\"http:\/\/www.cope.es\/blogs\/cine-y-libertad\/wp-content\/uploads\/sites\/7\/2023\/04\/la-impaciencia-del-corazon-300x169.jpg\" alt=\"\" srcset=\"https:\/\/www.cope.es\/blogs\/cine-y-libertad\/wp-content\/uploads\/sites\/7\/2023\/04\/la-impaciencia-del-corazon-300x169.jpg 300w, https:\/\/www.cope.es\/blogs\/cine-y-libertad\/wp-content\/uploads\/sites\/7\/2023\/04\/la-impaciencia-del-corazon-1024x577.jpg 1024w, https:\/\/www.cope.es\/blogs\/cine-y-libertad\/wp-content\/uploads\/sites\/7\/2023\/04\/la-impaciencia-del-corazon-768x432.jpg 768w, https:\/\/www.cope.es\/blogs\/cine-y-libertad\/wp-content\/uploads\/sites\/7\/2023\/04\/la-impaciencia-del-corazon.jpg 1119w\" sizes=\"auto, (max-width: 300px) 100vw, 300px\" \/><\/p>\n<audio class=\"wp-audio-shortcode\" id=\"audio-6743-3\" preload=\"none\" style=\"width: 100%;\" controls=\"controls\"><source type=\"audio\/mpeg\" src=\"https:\/\/www.ivoox.com\/impaciencia-del-corazon-los-valores-stefan-zweig_md_107191400_wp_1.mp3?_=3\" \/><a href=\"https:\/\/www.ivoox.com\/impaciencia-del-corazon-los-valores-stefan-zweig_md_107191400_wp_1.mp3\">https:\/\/www.ivoox.com\/impaciencia-del-corazon-los-valores-stefan-zweig_md_107191400_wp_1.mp3<\/a><\/audio>\n<p>&nbsp;<\/p>\n<p>Con la inminente Primera Guerra Mundial como tel\u00f3n de fondo, Anton, un oficial obediente, se ve confrontado por su amistad con la hija del bar\u00f3n, Edith, que est\u00e1 postrada en una silla de ruedas. A medida que su relaci\u00f3n evoluciona, Anton busca entre sus sentimientos, incapaz de decidirse: \u00bfcompasi\u00f3n o amor verdadero?<\/p>\n<p>+ <a href=\"https:\/\/www.ivoox.com\/novela-ajedrez-stefan-zweig-nos-deleita-mientras-denuncia-audios-mp3_rf_70084789_1.html\">Novela de ajedrez:<\/a><\/p>\n<p>&nbsp;<\/p>\n<div class=\"overview\">\n<p><img loading=\"lazy\" decoding=\"async\" width=\"205\" height=\"179\" class=\"alignnone size-full wp-image-2824\" src=\"https:\/\/www.cope.es\/blogs\/cine-y-libertad\/wp-content\/uploads\/sites\/7\/2021\/05\/M-A_X-205_Y-290.29649_0_NovelaDeAjedrez.jpeg\" alt=\"\" \/><\/p>\n<audio class=\"wp-audio-shortcode\" id=\"audio-6743-4\" preload=\"none\" style=\"width: 100%;\" controls=\"controls\"><source type=\"audio\/mpeg\" src=\"https:\/\/www.ivoox.com\/novela-ajedrez-stefan-zweig-nos-deleita-mientras-denuncia_md_70084789_wp_1.mp3?_=4\" \/><a href=\"https:\/\/www.ivoox.com\/novela-ajedrez-stefan-zweig-nos-deleita-mientras-denuncia_md_70084789_wp_1.mp3\">https:\/\/www.ivoox.com\/novela-ajedrez-stefan-zweig-nos-deleita-mientras-denuncia_md_70084789_wp_1.mp3<\/a><\/audio>\n<p>&nbsp;<\/p>\n<p class=\"description\">Mirko Czentovic, campe\u00f3n mundial de ajedrez, viaja de Nueva York a Buenos Aires para participar en unos torneos de exhibici\u00f3n. En el trayecto, un millonario aficionado a ese deporte y otros viajeros retan a Czentovic a una partida a cambio de una importante suma. Los aprendices pierden esa partida, pero en la revancha aparecer\u00e1 un misterioso personaje que los ayuda en sus movimientos. Se trata del se\u00f1or B, un noble vien\u00e9s que ha conseguido huir del Ej\u00e9rcito nazi y que ha llegado a dominar ese noble juego a trav\u00e9s de una v\u00eda an\u00f3mala: recluido en una habitaci\u00f3n de hotel por la Gestapo, que lo somete a duros y constantes interrogatorios para sacarle informaci\u00f3n, consigue robar a uno de sus guardianes un libro sobre estrategia de ajedrez. Se trata de una Edici\u00f3n ilustrada por David Daniel \u00c1lvarez, Tlacuiloa, ganador del I Premio Internacional de Ilustraci\u00f3n Edelvives.<\/p>\n<\/div>\n<\/div>\n<\/div>\n<\/div>\n<p><a href=\"https:\/\/www.ivoox.com\/podcast-cine-libertad_sq_f121636_1.html\">V\u00edctor Alvarado<\/a><\/p>\n<p>Instagram:<a href=\"https:\/\/www.instagram.com\/cineylibertad\/\">https:\/\/www.instagram.com\/cineylibertad\/<\/a><\/p>\n<p>Facebook:\u00a0<a href=\"https:\/\/www.facebook.com\/victor.alvarado.56829446\" target=\"_blank\">https:\/\/www.facebook.com\/victor.alvarado.56829446<\/a><\/p>\n<p>Twitter:<span class=\"r-18u37iz\"><a class=\"css-4rbku5 css-18t94o4 css-901oao css-16my406 r-1n1174f r-1loqt21 r-poiln3 r-bcqeeo r-qvutc0\" href=\"https:\/\/twitter.com\/cineylibertad\">@cineylibertad<\/a><\/span><\/p>\n<p>&nbsp;<\/p>\n<div class=\"wp-socializer wpsr-buttons \"><\/div>\n<\/div>\n<div class=\"entry-footer\">\n<p>&nbsp;<\/p>\n<\/div>\n<\/div>\n<\/article>\n","protected":false},"excerpt":{"rendered":"<p>Stefan Zweig-El autor que toca el coraz\u00f3n de los lectores en este especial. \u00bfEs el autor que mejor conoce el alma del ser humano? \u00bfQu\u00e9 nos ha parecido Carta de una desconocida? Aqu\u00ed puedes escuchar mi comentario en este especial que dedicamos al citado escritor&#8230; \u00a1Lectores y amigos de Cine y Libertad! Esta es la [&hellip;]<\/p>\n","protected":false},"author":7,"featured_media":6751,"comment_status":"open","ping_status":"open","sticky":false,"template":"","format":"standard","meta":{"footnotes":""},"categories":[131,158,12,5,136],"tags":[3142,3139,3042,583,3141,3043,3140],"class_list":["post-6743","post","type-post","status-publish","format-standard","has-post-thumbnail","hentry","category-amistad","category-amor","category-cristianismo","category-libros","category-psicologia","tag-cope-stefan-zweig","tag-cope-zweig","tag-paginas-de-espuma","tag-stefan-zweig","tag-stefan-zweig-cope","tag-stefan-zweig-el-autor-que-toca-el-corazon-de-los-lectores-en-este-especial","tag-zweig-cope"],"yoast_head":"<!-- This site is optimized with the Yoast SEO plugin v27.4 - https:\/\/yoast.com\/product\/yoast-seo-wordpress\/ -->\n<title>Stefan Zweig-El autor que toca el coraz\u00f3n de los lectores en este especial<\/title>\n<meta name=\"description\" content=\"Stefan Zweig-El autor que toca el coraz\u00f3n de los lectores en este especial. \u00bfEs el autor que mejor conoce el alma del ser humano?\" \/>\n<meta name=\"robots\" content=\"index, follow, max-snippet:-1, max-image-preview:large, max-video-preview:-1\" \/>\n<link rel=\"canonical\" href=\"https:\/\/www.cope.es\/blogs\/cine-y-libertad\/2023\/11\/23\/stefan-zweig-el-autor-que-toca-el-corazon-de-los-lectores-en-este-especial\/\" \/>\n<meta property=\"og:locale\" content=\"es_ES\" \/>\n<meta property=\"og:type\" content=\"article\" \/>\n<meta property=\"og:title\" content=\"Stefan Zweig-El autor que toca el coraz\u00f3n de los lectores en este especial\" \/>\n<meta property=\"og:description\" content=\"Stefan Zweig-El autor que toca el coraz\u00f3n de los lectores en este especial. \u00bfEs el autor que mejor conoce el alma del ser humano?\" \/>\n<meta property=\"og:url\" content=\"https:\/\/www.cope.es\/blogs\/cine-y-libertad\/2023\/11\/23\/stefan-zweig-el-autor-que-toca-el-corazon-de-los-lectores-en-este-especial\/\" \/>\n<meta property=\"og:site_name\" content=\"Cine y Libertad\" \/>\n<meta property=\"article:publisher\" content=\"https:\/\/www.facebook.com\/cope\/\" \/>\n<meta property=\"article:author\" content=\"https:\/\/www.facebook.com\/victor.alvarado.56829446\" \/>\n<meta property=\"article:published_time\" content=\"2023-11-23T16:59:09+00:00\" \/>\n<meta property=\"article:modified_time\" content=\"2023-12-16T21:34:19+00:00\" \/>\n<meta property=\"og:image\" content=\"https:\/\/www.cope.es\/blogs\/cine-y-libertad\/wp-content\/uploads\/sites\/7\/2023\/11\/stefan-zweig-el-autor-que-toca-el-corazon-de-los-lectores-en-este-especial.jpg\" \/>\n\t<meta property=\"og:image:width\" content=\"720\" \/>\n\t<meta property=\"og:image:height\" content=\"405\" \/>\n\t<meta property=\"og:image:type\" content=\"image\/jpeg\" \/>\n<meta name=\"author\" content=\"V\u00edctor Alvarado\" \/>\n<meta name=\"twitter:card\" content=\"summary_large_image\" \/>\n<meta name=\"twitter:creator\" content=\"@cineylibertad\" \/>\n<meta name=\"twitter:site\" content=\"@cope_es\" \/>\n<meta name=\"twitter:label1\" content=\"Escrito por\" \/>\n\t<meta name=\"twitter:data1\" content=\"V\u00edctor Alvarado\" \/>\n\t<meta name=\"twitter:label2\" content=\"Tiempo de lectura\" \/>\n\t<meta name=\"twitter:data2\" content=\"3 minutos\" \/>\n<script type=\"application\/ld+json\" class=\"yoast-schema-graph\">{\"@context\":\"https:\\\/\\\/schema.org\",\"@graph\":[{\"@type\":\"Article\",\"@id\":\"https:\\\/\\\/www.cope.es\\\/blogs\\\/cine-y-libertad\\\/2023\\\/11\\\/23\\\/stefan-zweig-el-autor-que-toca-el-corazon-de-los-lectores-en-este-especial\\\/#article\",\"isPartOf\":{\"@id\":\"https:\\\/\\\/www.cope.es\\\/blogs\\\/cine-y-libertad\\\/2023\\\/11\\\/23\\\/stefan-zweig-el-autor-que-toca-el-corazon-de-los-lectores-en-este-especial\\\/\"},\"author\":{\"name\":\"V\u00edctor Alvarado\",\"@id\":\"https:\\\/\\\/www.cope.es\\\/blogs\\\/cine-y-libertad\\\/#\\\/schema\\\/person\\\/c95904a4fbf751a8d9124f8fa8bdaace\"},\"headline\":\"Stefan Zweig-El autor que toca el coraz\u00f3n de los lectores en este especial\",\"datePublished\":\"2023-11-23T16:59:09+00:00\",\"dateModified\":\"2023-12-16T21:34:19+00:00\",\"mainEntityOfPage\":{\"@id\":\"https:\\\/\\\/www.cope.es\\\/blogs\\\/cine-y-libertad\\\/2023\\\/11\\\/23\\\/stefan-zweig-el-autor-que-toca-el-corazon-de-los-lectores-en-este-especial\\\/\"},\"wordCount\":677,\"commentCount\":2,\"image\":{\"@id\":\"https:\\\/\\\/www.cope.es\\\/blogs\\\/cine-y-libertad\\\/2023\\\/11\\\/23\\\/stefan-zweig-el-autor-que-toca-el-corazon-de-los-lectores-en-este-especial\\\/#primaryimage\"},\"thumbnailUrl\":\"https:\\\/\\\/www.cope.es\\\/blogs\\\/cine-y-libertad\\\/wp-content\\\/uploads\\\/sites\\\/7\\\/2023\\\/11\\\/stefan-zweig-el-autor-que-toca-el-corazon-de-los-lectores-en-este-especial.jpg\",\"keywords\":[\"cope stefan zweig\",\"cope zweig\",\"P\u00e1ginas de espuma\",\"Stefan Zweig\",\"stefan zweig cope\",\"Stefan Zweig-El autor que toca el coraz\u00f3n de los lectores en este especial\",\"zweig cope\"],\"articleSection\":[\"amistad\",\"amor\",\"cristianismo\",\"libros\",\"psicolog\u00eda\"],\"inLanguage\":\"es\",\"potentialAction\":[{\"@type\":\"CommentAction\",\"name\":\"Comment\",\"target\":[\"https:\\\/\\\/www.cope.es\\\/blogs\\\/cine-y-libertad\\\/2023\\\/11\\\/23\\\/stefan-zweig-el-autor-que-toca-el-corazon-de-los-lectores-en-este-especial\\\/#respond\"]}]},{\"@type\":\"WebPage\",\"@id\":\"https:\\\/\\\/www.cope.es\\\/blogs\\\/cine-y-libertad\\\/2023\\\/11\\\/23\\\/stefan-zweig-el-autor-que-toca-el-corazon-de-los-lectores-en-este-especial\\\/\",\"url\":\"https:\\\/\\\/www.cope.es\\\/blogs\\\/cine-y-libertad\\\/2023\\\/11\\\/23\\\/stefan-zweig-el-autor-que-toca-el-corazon-de-los-lectores-en-este-especial\\\/\",\"name\":\"Stefan Zweig-El autor que toca el coraz\u00f3n de los lectores en este especial\",\"isPartOf\":{\"@id\":\"https:\\\/\\\/www.cope.es\\\/blogs\\\/cine-y-libertad\\\/#website\"},\"primaryImageOfPage\":{\"@id\":\"https:\\\/\\\/www.cope.es\\\/blogs\\\/cine-y-libertad\\\/2023\\\/11\\\/23\\\/stefan-zweig-el-autor-que-toca-el-corazon-de-los-lectores-en-este-especial\\\/#primaryimage\"},\"image\":{\"@id\":\"https:\\\/\\\/www.cope.es\\\/blogs\\\/cine-y-libertad\\\/2023\\\/11\\\/23\\\/stefan-zweig-el-autor-que-toca-el-corazon-de-los-lectores-en-este-especial\\\/#primaryimage\"},\"thumbnailUrl\":\"https:\\\/\\\/www.cope.es\\\/blogs\\\/cine-y-libertad\\\/wp-content\\\/uploads\\\/sites\\\/7\\\/2023\\\/11\\\/stefan-zweig-el-autor-que-toca-el-corazon-de-los-lectores-en-este-especial.jpg\",\"datePublished\":\"2023-11-23T16:59:09+00:00\",\"dateModified\":\"2023-12-16T21:34:19+00:00\",\"author\":{\"@id\":\"https:\\\/\\\/www.cope.es\\\/blogs\\\/cine-y-libertad\\\/#\\\/schema\\\/person\\\/c95904a4fbf751a8d9124f8fa8bdaace\"},\"description\":\"Stefan Zweig-El autor que toca el coraz\u00f3n de los lectores en este especial. \u00bfEs el autor que mejor conoce el alma del ser humano?\",\"breadcrumb\":{\"@id\":\"https:\\\/\\\/www.cope.es\\\/blogs\\\/cine-y-libertad\\\/2023\\\/11\\\/23\\\/stefan-zweig-el-autor-que-toca-el-corazon-de-los-lectores-en-este-especial\\\/#breadcrumb\"},\"inLanguage\":\"es\",\"potentialAction\":[{\"@type\":\"ReadAction\",\"target\":[\"https:\\\/\\\/www.cope.es\\\/blogs\\\/cine-y-libertad\\\/2023\\\/11\\\/23\\\/stefan-zweig-el-autor-que-toca-el-corazon-de-los-lectores-en-este-especial\\\/\"]}]},{\"@type\":\"ImageObject\",\"inLanguage\":\"es\",\"@id\":\"https:\\\/\\\/www.cope.es\\\/blogs\\\/cine-y-libertad\\\/2023\\\/11\\\/23\\\/stefan-zweig-el-autor-que-toca-el-corazon-de-los-lectores-en-este-especial\\\/#primaryimage\",\"url\":\"https:\\\/\\\/www.cope.es\\\/blogs\\\/cine-y-libertad\\\/wp-content\\\/uploads\\\/sites\\\/7\\\/2023\\\/11\\\/stefan-zweig-el-autor-que-toca-el-corazon-de-los-lectores-en-este-especial.jpg\",\"contentUrl\":\"https:\\\/\\\/www.cope.es\\\/blogs\\\/cine-y-libertad\\\/wp-content\\\/uploads\\\/sites\\\/7\\\/2023\\\/11\\\/stefan-zweig-el-autor-que-toca-el-corazon-de-los-lectores-en-este-especial.jpg\",\"width\":720,\"height\":405},{\"@type\":\"BreadcrumbList\",\"@id\":\"https:\\\/\\\/www.cope.es\\\/blogs\\\/cine-y-libertad\\\/2023\\\/11\\\/23\\\/stefan-zweig-el-autor-que-toca-el-corazon-de-los-lectores-en-este-especial\\\/#breadcrumb\",\"itemListElement\":[{\"@type\":\"ListItem\",\"position\":1,\"name\":\"Portada\",\"item\":\"https:\\\/\\\/www.cope.es\\\/blogs\\\/cine-y-libertad\\\/\"},{\"@type\":\"ListItem\",\"position\":2,\"name\":\"Stefan Zweig-El autor que toca el coraz\u00f3n de los lectores en este especial\"}]},{\"@type\":\"WebSite\",\"@id\":\"https:\\\/\\\/www.cope.es\\\/blogs\\\/cine-y-libertad\\\/#website\",\"url\":\"https:\\\/\\\/www.cope.es\\\/blogs\\\/cine-y-libertad\\\/\",\"name\":\"Cine y Libertad\",\"description\":\"Cine y Libertad un blog de COPE\",\"potentialAction\":[{\"@type\":\"SearchAction\",\"target\":{\"@type\":\"EntryPoint\",\"urlTemplate\":\"https:\\\/\\\/www.cope.es\\\/blogs\\\/cine-y-libertad\\\/?s={search_term_string}\"},\"query-input\":{\"@type\":\"PropertyValueSpecification\",\"valueRequired\":true,\"valueName\":\"search_term_string\"}}],\"inLanguage\":\"es\"},{\"@type\":\"Person\",\"@id\":\"https:\\\/\\\/www.cope.es\\\/blogs\\\/cine-y-libertad\\\/#\\\/schema\\\/person\\\/c95904a4fbf751a8d9124f8fa8bdaace\",\"name\":\"V\u00edctor Alvarado\",\"image\":{\"@type\":\"ImageObject\",\"inLanguage\":\"es\",\"@id\":\"https:\\\/\\\/secure.gravatar.com\\\/avatar\\\/db4634ae2001f7f920b8294d926f3e737ada04196e014ebacae29a4848f905f4?s=96&d=mm&r=g\",\"url\":\"https:\\\/\\\/secure.gravatar.com\\\/avatar\\\/db4634ae2001f7f920b8294d926f3e737ada04196e014ebacae29a4848f905f4?s=96&d=mm&r=g\",\"contentUrl\":\"https:\\\/\\\/secure.gravatar.com\\\/avatar\\\/db4634ae2001f7f920b8294d926f3e737ada04196e014ebacae29a4848f905f4?s=96&d=mm&r=g\",\"caption\":\"V\u00edctor Alvarado\"},\"description\":\"V\u00edctor Alvarado tiene una larga experiencia tanto en medios de comunicaci\u00f3n como en educaci\u00f3n. Dirige el programa de radio, Directo a las Estrellas, en Intereconom\u00eda (Castilla y Le\u00f3n) y Informa Radio en toda Espa\u00f1a. Ha colaborado en Radio Inter y Esradio. Cr\u00edtico de cine en Pantalla 90, Diario Ya y P\u00e1ginas Digital. Es miembro del CEC. Es el autor de libro: La fe, la \u00e9tica y los valores de los superh\u00e9roes (PPC). Esta es su web: www.cineylibertad.com y, por supuesto, lleva m\u00e1s de 5 a\u00f1os como bloguero de Cope, donde analiza el cine, los c\u00f3mics y los libros desde una \u00f3ptica antropol\u00f3gica y axiol\u00f3gica, atendiendo a todas las dimensiones del ser humano.\",\"sameAs\":[\"http:\\\/\\\/www.cineylibertad.com\",\"https:\\\/\\\/www.facebook.com\\\/victor.alvarado.56829446\",\"https:\\\/\\\/www.instagram.com\\\/cineylibertad\\\/\",\"https:\\\/\\\/x.com\\\/cineylibertad\"],\"url\":\"https:\\\/\\\/www.cope.es\\\/blogs\\\/cine-y-libertad\\\/author\\\/valvarado\\\/\"}]}<\/script>\n<!-- \/ Yoast SEO plugin. -->","yoast_head_json":{"title":"Stefan Zweig-El autor que toca el coraz\u00f3n de los lectores en este especial","description":"Stefan Zweig-El autor que toca el coraz\u00f3n de los lectores en este especial. \u00bfEs el autor que mejor conoce el alma del ser humano?","robots":{"index":"index","follow":"follow","max-snippet":"max-snippet:-1","max-image-preview":"max-image-preview:large","max-video-preview":"max-video-preview:-1"},"canonical":"https:\/\/www.cope.es\/blogs\/cine-y-libertad\/2023\/11\/23\/stefan-zweig-el-autor-que-toca-el-corazon-de-los-lectores-en-este-especial\/","og_locale":"es_ES","og_type":"article","og_title":"Stefan Zweig-El autor que toca el coraz\u00f3n de los lectores en este especial","og_description":"Stefan Zweig-El autor que toca el coraz\u00f3n de los lectores en este especial. \u00bfEs el autor que mejor conoce el alma del ser humano?","og_url":"https:\/\/www.cope.es\/blogs\/cine-y-libertad\/2023\/11\/23\/stefan-zweig-el-autor-que-toca-el-corazon-de-los-lectores-en-este-especial\/","og_site_name":"Cine y Libertad","article_publisher":"https:\/\/www.facebook.com\/cope\/","article_author":"https:\/\/www.facebook.com\/victor.alvarado.56829446","article_published_time":"2023-11-23T16:59:09+00:00","article_modified_time":"2023-12-16T21:34:19+00:00","og_image":[{"width":720,"height":405,"url":"https:\/\/www.cope.es\/blogs\/cine-y-libertad\/wp-content\/uploads\/sites\/7\/2023\/11\/stefan-zweig-el-autor-que-toca-el-corazon-de-los-lectores-en-este-especial.jpg","type":"image\/jpeg"}],"author":"V\u00edctor Alvarado","twitter_card":"summary_large_image","twitter_creator":"@cineylibertad","twitter_site":"@cope_es","twitter_misc":{"Escrito por":"V\u00edctor Alvarado","Tiempo de lectura":"3 minutos"},"schema":{"@context":"https:\/\/schema.org","@graph":[{"@type":"Article","@id":"https:\/\/www.cope.es\/blogs\/cine-y-libertad\/2023\/11\/23\/stefan-zweig-el-autor-que-toca-el-corazon-de-los-lectores-en-este-especial\/#article","isPartOf":{"@id":"https:\/\/www.cope.es\/blogs\/cine-y-libertad\/2023\/11\/23\/stefan-zweig-el-autor-que-toca-el-corazon-de-los-lectores-en-este-especial\/"},"author":{"name":"V\u00edctor Alvarado","@id":"https:\/\/www.cope.es\/blogs\/cine-y-libertad\/#\/schema\/person\/c95904a4fbf751a8d9124f8fa8bdaace"},"headline":"Stefan Zweig-El autor que toca el coraz\u00f3n de los lectores en este especial","datePublished":"2023-11-23T16:59:09+00:00","dateModified":"2023-12-16T21:34:19+00:00","mainEntityOfPage":{"@id":"https:\/\/www.cope.es\/blogs\/cine-y-libertad\/2023\/11\/23\/stefan-zweig-el-autor-que-toca-el-corazon-de-los-lectores-en-este-especial\/"},"wordCount":677,"commentCount":2,"image":{"@id":"https:\/\/www.cope.es\/blogs\/cine-y-libertad\/2023\/11\/23\/stefan-zweig-el-autor-que-toca-el-corazon-de-los-lectores-en-este-especial\/#primaryimage"},"thumbnailUrl":"https:\/\/www.cope.es\/blogs\/cine-y-libertad\/wp-content\/uploads\/sites\/7\/2023\/11\/stefan-zweig-el-autor-que-toca-el-corazon-de-los-lectores-en-este-especial.jpg","keywords":["cope stefan zweig","cope zweig","P\u00e1ginas de espuma","Stefan Zweig","stefan zweig cope","Stefan Zweig-El autor que toca el coraz\u00f3n de los lectores en este especial","zweig cope"],"articleSection":["amistad","amor","cristianismo","libros","psicolog\u00eda"],"inLanguage":"es","potentialAction":[{"@type":"CommentAction","name":"Comment","target":["https:\/\/www.cope.es\/blogs\/cine-y-libertad\/2023\/11\/23\/stefan-zweig-el-autor-que-toca-el-corazon-de-los-lectores-en-este-especial\/#respond"]}]},{"@type":"WebPage","@id":"https:\/\/www.cope.es\/blogs\/cine-y-libertad\/2023\/11\/23\/stefan-zweig-el-autor-que-toca-el-corazon-de-los-lectores-en-este-especial\/","url":"https:\/\/www.cope.es\/blogs\/cine-y-libertad\/2023\/11\/23\/stefan-zweig-el-autor-que-toca-el-corazon-de-los-lectores-en-este-especial\/","name":"Stefan Zweig-El autor que toca el coraz\u00f3n de los lectores en este especial","isPartOf":{"@id":"https:\/\/www.cope.es\/blogs\/cine-y-libertad\/#website"},"primaryImageOfPage":{"@id":"https:\/\/www.cope.es\/blogs\/cine-y-libertad\/2023\/11\/23\/stefan-zweig-el-autor-que-toca-el-corazon-de-los-lectores-en-este-especial\/#primaryimage"},"image":{"@id":"https:\/\/www.cope.es\/blogs\/cine-y-libertad\/2023\/11\/23\/stefan-zweig-el-autor-que-toca-el-corazon-de-los-lectores-en-este-especial\/#primaryimage"},"thumbnailUrl":"https:\/\/www.cope.es\/blogs\/cine-y-libertad\/wp-content\/uploads\/sites\/7\/2023\/11\/stefan-zweig-el-autor-que-toca-el-corazon-de-los-lectores-en-este-especial.jpg","datePublished":"2023-11-23T16:59:09+00:00","dateModified":"2023-12-16T21:34:19+00:00","author":{"@id":"https:\/\/www.cope.es\/blogs\/cine-y-libertad\/#\/schema\/person\/c95904a4fbf751a8d9124f8fa8bdaace"},"description":"Stefan Zweig-El autor que toca el coraz\u00f3n de los lectores en este especial. \u00bfEs el autor que mejor conoce el alma del ser humano?","breadcrumb":{"@id":"https:\/\/www.cope.es\/blogs\/cine-y-libertad\/2023\/11\/23\/stefan-zweig-el-autor-que-toca-el-corazon-de-los-lectores-en-este-especial\/#breadcrumb"},"inLanguage":"es","potentialAction":[{"@type":"ReadAction","target":["https:\/\/www.cope.es\/blogs\/cine-y-libertad\/2023\/11\/23\/stefan-zweig-el-autor-que-toca-el-corazon-de-los-lectores-en-este-especial\/"]}]},{"@type":"ImageObject","inLanguage":"es","@id":"https:\/\/www.cope.es\/blogs\/cine-y-libertad\/2023\/11\/23\/stefan-zweig-el-autor-que-toca-el-corazon-de-los-lectores-en-este-especial\/#primaryimage","url":"https:\/\/www.cope.es\/blogs\/cine-y-libertad\/wp-content\/uploads\/sites\/7\/2023\/11\/stefan-zweig-el-autor-que-toca-el-corazon-de-los-lectores-en-este-especial.jpg","contentUrl":"https:\/\/www.cope.es\/blogs\/cine-y-libertad\/wp-content\/uploads\/sites\/7\/2023\/11\/stefan-zweig-el-autor-que-toca-el-corazon-de-los-lectores-en-este-especial.jpg","width":720,"height":405},{"@type":"BreadcrumbList","@id":"https:\/\/www.cope.es\/blogs\/cine-y-libertad\/2023\/11\/23\/stefan-zweig-el-autor-que-toca-el-corazon-de-los-lectores-en-este-especial\/#breadcrumb","itemListElement":[{"@type":"ListItem","position":1,"name":"Portada","item":"https:\/\/www.cope.es\/blogs\/cine-y-libertad\/"},{"@type":"ListItem","position":2,"name":"Stefan Zweig-El autor que toca el coraz\u00f3n de los lectores en este especial"}]},{"@type":"WebSite","@id":"https:\/\/www.cope.es\/blogs\/cine-y-libertad\/#website","url":"https:\/\/www.cope.es\/blogs\/cine-y-libertad\/","name":"Cine y Libertad","description":"Cine y Libertad un blog de COPE","potentialAction":[{"@type":"SearchAction","target":{"@type":"EntryPoint","urlTemplate":"https:\/\/www.cope.es\/blogs\/cine-y-libertad\/?s={search_term_string}"},"query-input":{"@type":"PropertyValueSpecification","valueRequired":true,"valueName":"search_term_string"}}],"inLanguage":"es"},{"@type":"Person","@id":"https:\/\/www.cope.es\/blogs\/cine-y-libertad\/#\/schema\/person\/c95904a4fbf751a8d9124f8fa8bdaace","name":"V\u00edctor Alvarado","image":{"@type":"ImageObject","inLanguage":"es","@id":"https:\/\/secure.gravatar.com\/avatar\/db4634ae2001f7f920b8294d926f3e737ada04196e014ebacae29a4848f905f4?s=96&d=mm&r=g","url":"https:\/\/secure.gravatar.com\/avatar\/db4634ae2001f7f920b8294d926f3e737ada04196e014ebacae29a4848f905f4?s=96&d=mm&r=g","contentUrl":"https:\/\/secure.gravatar.com\/avatar\/db4634ae2001f7f920b8294d926f3e737ada04196e014ebacae29a4848f905f4?s=96&d=mm&r=g","caption":"V\u00edctor Alvarado"},"description":"V\u00edctor Alvarado tiene una larga experiencia tanto en medios de comunicaci\u00f3n como en educaci\u00f3n. Dirige el programa de radio, Directo a las Estrellas, en Intereconom\u00eda (Castilla y Le\u00f3n) y Informa Radio en toda Espa\u00f1a. Ha colaborado en Radio Inter y Esradio. Cr\u00edtico de cine en Pantalla 90, Diario Ya y P\u00e1ginas Digital. Es miembro del CEC. Es el autor de libro: La fe, la \u00e9tica y los valores de los superh\u00e9roes (PPC). Esta es su web: www.cineylibertad.com y, por supuesto, lleva m\u00e1s de 5 a\u00f1os como bloguero de Cope, donde analiza el cine, los c\u00f3mics y los libros desde una \u00f3ptica antropol\u00f3gica y axiol\u00f3gica, atendiendo a todas las dimensiones del ser humano.","sameAs":["http:\/\/www.cineylibertad.com","https:\/\/www.facebook.com\/victor.alvarado.56829446","https:\/\/www.instagram.com\/cineylibertad\/","https:\/\/x.com\/cineylibertad"],"url":"https:\/\/www.cope.es\/blogs\/cine-y-libertad\/author\/valvarado\/"}]}},"amp_enabled":true,"_links":{"self":[{"href":"https:\/\/www.cope.es\/blogs\/cine-y-libertad\/wp-json\/wp\/v2\/posts\/6743","targetHints":{"allow":["GET"]}}],"collection":[{"href":"https:\/\/www.cope.es\/blogs\/cine-y-libertad\/wp-json\/wp\/v2\/posts"}],"about":[{"href":"https:\/\/www.cope.es\/blogs\/cine-y-libertad\/wp-json\/wp\/v2\/types\/post"}],"author":[{"embeddable":true,"href":"https:\/\/www.cope.es\/blogs\/cine-y-libertad\/wp-json\/wp\/v2\/users\/7"}],"replies":[{"embeddable":true,"href":"https:\/\/www.cope.es\/blogs\/cine-y-libertad\/wp-json\/wp\/v2\/comments?post=6743"}],"version-history":[{"count":3,"href":"https:\/\/www.cope.es\/blogs\/cine-y-libertad\/wp-json\/wp\/v2\/posts\/6743\/revisions"}],"predecessor-version":[{"id":6755,"href":"https:\/\/www.cope.es\/blogs\/cine-y-libertad\/wp-json\/wp\/v2\/posts\/6743\/revisions\/6755"}],"wp:featuredmedia":[{"embeddable":true,"href":"https:\/\/www.cope.es\/blogs\/cine-y-libertad\/wp-json\/wp\/v2\/media\/6751"}],"wp:attachment":[{"href":"https:\/\/www.cope.es\/blogs\/cine-y-libertad\/wp-json\/wp\/v2\/media?parent=6743"}],"wp:term":[{"taxonomy":"category","embeddable":true,"href":"https:\/\/www.cope.es\/blogs\/cine-y-libertad\/wp-json\/wp\/v2\/categories?post=6743"},{"taxonomy":"post_tag","embeddable":true,"href":"https:\/\/www.cope.es\/blogs\/cine-y-libertad\/wp-json\/wp\/v2\/tags?post=6743"}],"curies":[{"name":"wp","href":"https:\/\/api.w.org\/{rel}","templated":true}]}}