{"id":6561,"date":"2023-10-20T11:56:56","date_gmt":"2023-10-20T09:56:56","guid":{"rendered":"http:\/\/www.cope.es\/blogs\/cine-y-libertad\/?p=6561"},"modified":"2023-10-20T11:56:56","modified_gmt":"2023-10-20T09:56:56","slug":"madre-no-hay-mas-que-una-un-documental-antisistema-que-defiende-la-maternidad","status":"publish","type":"post","link":"https:\/\/www.cope.es\/blogs\/cine-y-libertad\/2023\/10\/20\/madre-no-hay-mas-que-una-un-documental-antisistema-que-defiende-la-maternidad\/","title":{"rendered":"Madre no hay m\u00e1s que una-Un documental &#8220;antisistema&#8221; que defiende la maternidad"},"content":{"rendered":"<p><a href=\"https:\/\/www.ivoox.com\/madre-no-hay-mas-una-un-documental-antisistema-audios-mp3_rf_118075301_1.html\">Madre no hay m\u00e1s que una-Un documental &#8220;antisistema&#8221; que defiende la maternidad<\/a>. \u00bfPor qu\u00e9 hay que ver este documental cuando la maternidad se encuentra en horas bajas?<\/p>\n<p>Puedes escuchar mi comentario a t\u00edtulo informativo\u2026<\/p>\n<p><img loading=\"lazy\" decoding=\"async\" width=\"300\" height=\"169\" class=\"alignnone size-medium wp-image-6563\" src=\"http:\/\/www.cope.es\/blogs\/cine-y-libertad\/wp-content\/uploads\/sites\/7\/2023\/10\/madre-nos-hay-mas-que-una-un-documental-antisistema-que-defiende-la-maternidad-300x169.jpg\" alt=\"\" srcset=\"https:\/\/www.cope.es\/blogs\/cine-y-libertad\/wp-content\/uploads\/sites\/7\/2023\/10\/madre-nos-hay-mas-que-una-un-documental-antisistema-que-defiende-la-maternidad-300x169.jpg 300w, https:\/\/www.cope.es\/blogs\/cine-y-libertad\/wp-content\/uploads\/sites\/7\/2023\/10\/madre-nos-hay-mas-que-una-un-documental-antisistema-que-defiende-la-maternidad-1024x576.jpg 1024w, https:\/\/www.cope.es\/blogs\/cine-y-libertad\/wp-content\/uploads\/sites\/7\/2023\/10\/madre-nos-hay-mas-que-una-un-documental-antisistema-que-defiende-la-maternidad-768x432.jpg 768w, https:\/\/www.cope.es\/blogs\/cine-y-libertad\/wp-content\/uploads\/sites\/7\/2023\/10\/madre-nos-hay-mas-que-una-un-documental-antisistema-que-defiende-la-maternidad.jpg 1280w\" sizes=\"auto, (max-width: 300px) 100vw, 300px\" \/><\/p>\n<audio class=\"wp-audio-shortcode\" id=\"audio-6561-1\" preload=\"none\" style=\"width: 100%;\" controls=\"controls\"><source type=\"audio\/mpeg\" src=\"https:\/\/www.ivoox.com\/madre-no-hay-mas-una-un-documental-antisistema_md_118075301_wp_1.mp3?_=1\" \/><a href=\"https:\/\/www.ivoox.com\/madre-no-hay-mas-una-un-documental-antisistema_md_118075301_wp_1.mp3\">https:\/\/www.ivoox.com\/madre-no-hay-mas-una-un-documental-antisistema_md_118075301_wp_1.mp3<\/a><\/audio>\n<p><a title=\"Madre no hay m\u00e1s que una-Un documental \" href=\"https:\/\/go.ivoox.com\/rf\/118075301\">Ir a descargar<\/a><\/p>\n<p>\u00a1Lectores y amigos de Cine y Libertad!<\/p>\n<p>Esta es la sinopsis oficial de&#8230;<a href=\"https:\/\/www.ivoox.com\/madre-no-hay-mas-una-un-documental-antisistema-audios-mp3_rf_118075301_1.html\">Madre no hay m\u00e1s que una-Un documental &#8220;antisistema&#8221; que defiende la maternidad:<\/a><\/p>\n<p>Os presento a Blanca, Bea, Isa, Ana, Mar\u00eda y Olatz. Todas son <span class=\"markmxoyhzqj6\">madre<\/span>s, lo cual las hace vivir diferentes circunstancias en la vida <span class=\"marksslzva99a\">que<\/span> solo se pueden vivir siendo <span class=\"markmxoyhzqj6\">madre<\/span>s. Sorpresas, <span class=\"markt450lwqny\">no<\/span>vedades, enfermedades, presiones profesionales, juicios sociales por tener muchos hijos&#8230; risas, llantos, embarazos inesperados, hijos perdidos, muchas horas sin dormir y miles de sue\u00f1os inimaginables <span class=\"marksslzva99a\">que<\/span> se hacen realidad\u2026Ellas, trabajadoras, emprendedoras, impetuosas, guapas, empoderadas y divertidas, todas comparten, a la vez, <span class=\"markxr0ehofaq\">una<\/span> experiencia de hijas de <span class=\"markxr0ehofaq\">una<\/span> misma <span class=\"markmxoyhzqj6\">madre<\/span>. Porque, como todos sabemos, en Verdad, &#8220;<span class=\"markmxoyhzqj6\">Madre<\/span> <span class=\"markt450lwqny\">no<\/span> <span class=\"markqbs0eq6gr\">hay<\/span> m\u00e1s <span class=\"marksslzva99a\">que<\/span> <span class=\"markxr0ehofaq\">una<\/span>\u201d.<\/p>\n<p>Por otra parte, Jes\u00fas Garc\u00eda nos ofreci\u00f3 un excelente documental, que tuvo bastante \u00e9xito&#8230; <a class=\"txt-white decorationOnHover\" href=\"https:\/\/www.ivoox.com\/medjugorje-pelicula-las-apariciones-virgen-que-audios-mp3_rf_76240882_1.html\" target=\"_blank\">Medjugorje, la pel\u00edcula-Las apariciones de la Virgen que transformaron la vida de miles de personas <\/a>\u00a0.<\/p>\n<p><img loading=\"lazy\" decoding=\"async\" width=\"256\" height=\"197\" class=\"alignnone size-full wp-image-3238\" src=\"https:\/\/www.cope.es\/blogs\/cine-y-libertad\/wp-content\/uploads\/sites\/7\/2021\/10\/medjugorje.jpg\" alt=\"\" \/><\/p>\n<audio class=\"wp-audio-shortcode\" id=\"audio-6561-2\" preload=\"none\" style=\"width: 100%;\" controls=\"controls\"><source type=\"audio\/mpeg\" src=\"https:\/\/www.ivoox.com\/medjugorje-pelicula-las-apariciones-virgen-que_md_76240882_wp_1.mp3?_=2\" \/><a href=\"https:\/\/www.ivoox.com\/medjugorje-pelicula-las-apariciones-virgen-que_md_76240882_wp_1.mp3\">https:\/\/www.ivoox.com\/medjugorje-pelicula-las-apariciones-virgen-que_md_76240882_wp_1.mp3<\/a><\/audio>\n<p><a title=\"Medjugorje, la pel\u00edcula-Las apariciones de la Virgen que transformaron la vida de miles de personas\" href=\"https:\/\/go.ivoox.com\/rf\/76240882\">Ir a descargar<\/a><\/p>\n<p>Hay muchos lugares maravillosos a los que viajar f\u00e1cilmente: pa\u00edses ex\u00f3ticos, playas paradisiacas o ciudades repletas de ocio y distracciones. Medjugorje no ofrece nada de eso, ni paisajes bonitos ni distracciones inolvidables. Sin embargo, all\u00ed conoc\u00ed la historia m\u00e1s asombrosa que hoy se puede vivir. Este documental no es un documental al uso. Se trata m\u00e1s bien de una \u00abexperiencia audiovisual\u00bb en la que el espectador, por momentos, se siente protagonista. Una experiencia de dos horas tras la cual te va a ser m\u00e1s f\u00e1cil tomar decisiones importantes en tu vida.<\/p>\n<p><img loading=\"lazy\" decoding=\"async\" width=\"299\" height=\"168\" class=\"alignnone size-full wp-image-3239\" src=\"https:\/\/www.cope.es\/blogs\/cine-y-libertad\/wp-content\/uploads\/sites\/7\/2021\/10\/falco.jpg\" alt=\"\" \/><\/p>\n<p><a href=\"https:\/\/www.ivoox.com\/podcast-cine-libertad_sq_f121636_1.html\">V\u00edctor Alvarado<\/a><\/p>\n<p>Instagram:<a href=\"https:\/\/www.instagram.com\/cineylibertad\/\">https:\/\/www.instagram.com\/cineylibertad\/<\/a><\/p>\n<p>Facebook: <a href=\"https:\/\/www.facebook.com\/victor.alvarado.56829446\" target=\"_blank\">https:\/\/www.facebook.com\/victor.alvarado.56829446<\/a><\/p>\n<p>Twitter:<span class=\"r-18u37iz\"><a class=\"css-4rbku5 css-18t94o4 css-901oao css-16my406 r-1n1174f r-1loqt21 r-poiln3 r-bcqeeo r-qvutc0\" href=\"https:\/\/twitter.com\/cineylibertad\">@cineylibertad<\/a><\/span><\/p>\n<div class=\"clearfix\">\n<div class=\"std\">\n<p>&nbsp;<\/p>\n<\/div>\n<\/div>\n<p>&nbsp;<\/p>\n","protected":false},"excerpt":{"rendered":"<p>Madre no hay m\u00e1s que una-Un documental &#8220;antisistema&#8221; que defiende la maternidad. \u00bfPor qu\u00e9 hay que ver este documental cuando la maternidad se encuentra en horas bajas? Puedes escuchar mi comentario a t\u00edtulo informativo\u2026 Ir a descargar \u00a1Lectores y amigos de Cine y Libertad! Esta es la sinopsis oficial de&#8230;Madre no hay m\u00e1s que una-Un [&hellip;]<\/p>\n","protected":false},"author":7,"featured_media":6563,"comment_status":"open","ping_status":"open","sticky":false,"template":"","format":"standard","meta":{"footnotes":""},"categories":[12,226,83,133],"tags":[510,2959,2961,2960,896,240],"class_list":["post-6561","post","type-post","status-publish","format-standard","has-post-thumbnail","hentry","category-cristianismo","category-documental","category-familia","category-mujeres","tag-cristianismo","tag-jesus-garcia","tag-madre-no-hay-mas-que-una","tag-madre-no-hay-mas-que-una-un-documental-antisistema-que-defiende-la-maternidad","tag-mujeres","tag-provida"],"yoast_head":"<!-- This site is optimized with the Yoast SEO plugin v27.4 - https:\/\/yoast.com\/product\/yoast-seo-wordpress\/ -->\n<title>Madre no hay m\u00e1s que una-Un documental &quot;antisistema&quot; que defiende la maternidad<\/title>\n<meta name=\"description\" content=\"Madre no hay m\u00e1s que una-Un documental &quot;antisistema&quot; que defiende la maternidad. \u00bfPor qu\u00e9 hay que ver este documental cuando la maternidad...?\" \/>\n<meta name=\"robots\" content=\"index, follow, max-snippet:-1, max-image-preview:large, max-video-preview:-1\" \/>\n<link rel=\"canonical\" href=\"https:\/\/www.cope.es\/blogs\/cine-y-libertad\/2023\/10\/20\/madre-no-hay-mas-que-una-un-documental-antisistema-que-defiende-la-maternidad\/\" \/>\n<meta property=\"og:locale\" content=\"es_ES\" \/>\n<meta property=\"og:type\" content=\"article\" \/>\n<meta property=\"og:title\" content=\"Madre no hay m\u00e1s que una-Un documental &quot;antisistema&quot; que defiende la maternidad\" \/>\n<meta property=\"og:description\" content=\"Madre no hay m\u00e1s que una-Un documental &quot;antisistema&quot; que defiende la maternidad. \u00bfPor qu\u00e9 hay que ver este documental cuando la maternidad...?\" \/>\n<meta property=\"og:url\" content=\"https:\/\/www.cope.es\/blogs\/cine-y-libertad\/2023\/10\/20\/madre-no-hay-mas-que-una-un-documental-antisistema-que-defiende-la-maternidad\/\" \/>\n<meta property=\"og:site_name\" content=\"Cine y Libertad\" \/>\n<meta property=\"article:publisher\" content=\"https:\/\/www.facebook.com\/cope\/\" \/>\n<meta property=\"article:author\" content=\"https:\/\/www.facebook.com\/victor.alvarado.56829446\" \/>\n<meta property=\"article:published_time\" content=\"2023-10-20T09:56:56+00:00\" \/>\n<meta property=\"og:image\" content=\"https:\/\/www.cope.es\/blogs\/cine-y-libertad\/wp-content\/uploads\/sites\/7\/2023\/10\/madre-nos-hay-mas-que-una-un-documental-antisistema-que-defiende-la-maternidad.jpg\" \/>\n\t<meta property=\"og:image:width\" content=\"1280\" \/>\n\t<meta property=\"og:image:height\" content=\"720\" \/>\n\t<meta property=\"og:image:type\" content=\"image\/jpeg\" \/>\n<meta name=\"author\" content=\"V\u00edctor Alvarado\" \/>\n<meta name=\"twitter:card\" content=\"summary_large_image\" \/>\n<meta name=\"twitter:creator\" content=\"@cineylibertad\" \/>\n<meta name=\"twitter:site\" content=\"@cope_es\" \/>\n<meta name=\"twitter:label1\" content=\"Escrito por\" \/>\n\t<meta name=\"twitter:data1\" content=\"V\u00edctor Alvarado\" \/>\n\t<meta name=\"twitter:label2\" content=\"Tiempo de lectura\" \/>\n\t<meta name=\"twitter:data2\" content=\"2 minutos\" \/>\n<script type=\"application\/ld+json\" class=\"yoast-schema-graph\">{\"@context\":\"https:\\\/\\\/schema.org\",\"@graph\":[{\"@type\":\"Article\",\"@id\":\"https:\\\/\\\/www.cope.es\\\/blogs\\\/cine-y-libertad\\\/2023\\\/10\\\/20\\\/madre-no-hay-mas-que-una-un-documental-antisistema-que-defiende-la-maternidad\\\/#article\",\"isPartOf\":{\"@id\":\"https:\\\/\\\/www.cope.es\\\/blogs\\\/cine-y-libertad\\\/2023\\\/10\\\/20\\\/madre-no-hay-mas-que-una-un-documental-antisistema-que-defiende-la-maternidad\\\/\"},\"author\":{\"name\":\"V\u00edctor Alvarado\",\"@id\":\"https:\\\/\\\/www.cope.es\\\/blogs\\\/cine-y-libertad\\\/#\\\/schema\\\/person\\\/c95904a4fbf751a8d9124f8fa8bdaace\"},\"headline\":\"Madre no hay m\u00e1s que una-Un documental &#8220;antisistema&#8221; que defiende la maternidad\",\"datePublished\":\"2023-10-20T09:56:56+00:00\",\"mainEntityOfPage\":{\"@id\":\"https:\\\/\\\/www.cope.es\\\/blogs\\\/cine-y-libertad\\\/2023\\\/10\\\/20\\\/madre-no-hay-mas-que-una-un-documental-antisistema-que-defiende-la-maternidad\\\/\"},\"wordCount\":347,\"commentCount\":0,\"image\":{\"@id\":\"https:\\\/\\\/www.cope.es\\\/blogs\\\/cine-y-libertad\\\/2023\\\/10\\\/20\\\/madre-no-hay-mas-que-una-un-documental-antisistema-que-defiende-la-maternidad\\\/#primaryimage\"},\"thumbnailUrl\":\"https:\\\/\\\/www.cope.es\\\/blogs\\\/cine-y-libertad\\\/wp-content\\\/uploads\\\/sites\\\/7\\\/2023\\\/10\\\/madre-nos-hay-mas-que-una-un-documental-antisistema-que-defiende-la-maternidad.jpg\",\"keywords\":[\"cristianismo\",\"Jes\u00fas Garc\u00eda\",\"Madre no hay m\u00e1s que una\",\"Madre no hay m\u00e1s que una-Un documental \\\"antisistema\\\" que defiende la maternidad\",\"mujeres\",\"provida\"],\"articleSection\":[\"cristianismo\",\"documental\",\"familia\",\"mujeres\"],\"inLanguage\":\"es\",\"potentialAction\":[{\"@type\":\"CommentAction\",\"name\":\"Comment\",\"target\":[\"https:\\\/\\\/www.cope.es\\\/blogs\\\/cine-y-libertad\\\/2023\\\/10\\\/20\\\/madre-no-hay-mas-que-una-un-documental-antisistema-que-defiende-la-maternidad\\\/#respond\"]}]},{\"@type\":\"WebPage\",\"@id\":\"https:\\\/\\\/www.cope.es\\\/blogs\\\/cine-y-libertad\\\/2023\\\/10\\\/20\\\/madre-no-hay-mas-que-una-un-documental-antisistema-que-defiende-la-maternidad\\\/\",\"url\":\"https:\\\/\\\/www.cope.es\\\/blogs\\\/cine-y-libertad\\\/2023\\\/10\\\/20\\\/madre-no-hay-mas-que-una-un-documental-antisistema-que-defiende-la-maternidad\\\/\",\"name\":\"Madre no hay m\u00e1s que una-Un documental \\\"antisistema\\\" que defiende la maternidad\",\"isPartOf\":{\"@id\":\"https:\\\/\\\/www.cope.es\\\/blogs\\\/cine-y-libertad\\\/#website\"},\"primaryImageOfPage\":{\"@id\":\"https:\\\/\\\/www.cope.es\\\/blogs\\\/cine-y-libertad\\\/2023\\\/10\\\/20\\\/madre-no-hay-mas-que-una-un-documental-antisistema-que-defiende-la-maternidad\\\/#primaryimage\"},\"image\":{\"@id\":\"https:\\\/\\\/www.cope.es\\\/blogs\\\/cine-y-libertad\\\/2023\\\/10\\\/20\\\/madre-no-hay-mas-que-una-un-documental-antisistema-que-defiende-la-maternidad\\\/#primaryimage\"},\"thumbnailUrl\":\"https:\\\/\\\/www.cope.es\\\/blogs\\\/cine-y-libertad\\\/wp-content\\\/uploads\\\/sites\\\/7\\\/2023\\\/10\\\/madre-nos-hay-mas-que-una-un-documental-antisistema-que-defiende-la-maternidad.jpg\",\"datePublished\":\"2023-10-20T09:56:56+00:00\",\"author\":{\"@id\":\"https:\\\/\\\/www.cope.es\\\/blogs\\\/cine-y-libertad\\\/#\\\/schema\\\/person\\\/c95904a4fbf751a8d9124f8fa8bdaace\"},\"description\":\"Madre no hay m\u00e1s que una-Un documental \\\"antisistema\\\" que defiende la maternidad. \u00bfPor qu\u00e9 hay que ver este documental cuando la maternidad...?\",\"breadcrumb\":{\"@id\":\"https:\\\/\\\/www.cope.es\\\/blogs\\\/cine-y-libertad\\\/2023\\\/10\\\/20\\\/madre-no-hay-mas-que-una-un-documental-antisistema-que-defiende-la-maternidad\\\/#breadcrumb\"},\"inLanguage\":\"es\",\"potentialAction\":[{\"@type\":\"ReadAction\",\"target\":[\"https:\\\/\\\/www.cope.es\\\/blogs\\\/cine-y-libertad\\\/2023\\\/10\\\/20\\\/madre-no-hay-mas-que-una-un-documental-antisistema-que-defiende-la-maternidad\\\/\"]}]},{\"@type\":\"ImageObject\",\"inLanguage\":\"es\",\"@id\":\"https:\\\/\\\/www.cope.es\\\/blogs\\\/cine-y-libertad\\\/2023\\\/10\\\/20\\\/madre-no-hay-mas-que-una-un-documental-antisistema-que-defiende-la-maternidad\\\/#primaryimage\",\"url\":\"https:\\\/\\\/www.cope.es\\\/blogs\\\/cine-y-libertad\\\/wp-content\\\/uploads\\\/sites\\\/7\\\/2023\\\/10\\\/madre-nos-hay-mas-que-una-un-documental-antisistema-que-defiende-la-maternidad.jpg\",\"contentUrl\":\"https:\\\/\\\/www.cope.es\\\/blogs\\\/cine-y-libertad\\\/wp-content\\\/uploads\\\/sites\\\/7\\\/2023\\\/10\\\/madre-nos-hay-mas-que-una-un-documental-antisistema-que-defiende-la-maternidad.jpg\",\"width\":1280,\"height\":720},{\"@type\":\"BreadcrumbList\",\"@id\":\"https:\\\/\\\/www.cope.es\\\/blogs\\\/cine-y-libertad\\\/2023\\\/10\\\/20\\\/madre-no-hay-mas-que-una-un-documental-antisistema-que-defiende-la-maternidad\\\/#breadcrumb\",\"itemListElement\":[{\"@type\":\"ListItem\",\"position\":1,\"name\":\"Portada\",\"item\":\"https:\\\/\\\/www.cope.es\\\/blogs\\\/cine-y-libertad\\\/\"},{\"@type\":\"ListItem\",\"position\":2,\"name\":\"Madre no hay m\u00e1s que una-Un documental &#8220;antisistema&#8221; que defiende la maternidad\"}]},{\"@type\":\"WebSite\",\"@id\":\"https:\\\/\\\/www.cope.es\\\/blogs\\\/cine-y-libertad\\\/#website\",\"url\":\"https:\\\/\\\/www.cope.es\\\/blogs\\\/cine-y-libertad\\\/\",\"name\":\"Cine y Libertad\",\"description\":\"Cine y Libertad un blog de COPE\",\"potentialAction\":[{\"@type\":\"SearchAction\",\"target\":{\"@type\":\"EntryPoint\",\"urlTemplate\":\"https:\\\/\\\/www.cope.es\\\/blogs\\\/cine-y-libertad\\\/?s={search_term_string}\"},\"query-input\":{\"@type\":\"PropertyValueSpecification\",\"valueRequired\":true,\"valueName\":\"search_term_string\"}}],\"inLanguage\":\"es\"},{\"@type\":\"Person\",\"@id\":\"https:\\\/\\\/www.cope.es\\\/blogs\\\/cine-y-libertad\\\/#\\\/schema\\\/person\\\/c95904a4fbf751a8d9124f8fa8bdaace\",\"name\":\"V\u00edctor Alvarado\",\"image\":{\"@type\":\"ImageObject\",\"inLanguage\":\"es\",\"@id\":\"https:\\\/\\\/secure.gravatar.com\\\/avatar\\\/db4634ae2001f7f920b8294d926f3e737ada04196e014ebacae29a4848f905f4?s=96&d=mm&r=g\",\"url\":\"https:\\\/\\\/secure.gravatar.com\\\/avatar\\\/db4634ae2001f7f920b8294d926f3e737ada04196e014ebacae29a4848f905f4?s=96&d=mm&r=g\",\"contentUrl\":\"https:\\\/\\\/secure.gravatar.com\\\/avatar\\\/db4634ae2001f7f920b8294d926f3e737ada04196e014ebacae29a4848f905f4?s=96&d=mm&r=g\",\"caption\":\"V\u00edctor Alvarado\"},\"description\":\"V\u00edctor Alvarado tiene una larga experiencia tanto en medios de comunicaci\u00f3n como en educaci\u00f3n. Dirige el programa de radio, Directo a las Estrellas, en Intereconom\u00eda (Castilla y Le\u00f3n) y Informa Radio en toda Espa\u00f1a. Ha colaborado en Radio Inter y Esradio. Cr\u00edtico de cine en Pantalla 90, Diario Ya y P\u00e1ginas Digital. Es miembro del CEC. Es el autor de libro: La fe, la \u00e9tica y los valores de los superh\u00e9roes (PPC). Esta es su web: www.cineylibertad.com y, por supuesto, lleva m\u00e1s de 5 a\u00f1os como bloguero de Cope, donde analiza el cine, los c\u00f3mics y los libros desde una \u00f3ptica antropol\u00f3gica y axiol\u00f3gica, atendiendo a todas las dimensiones del ser humano.\",\"sameAs\":[\"http:\\\/\\\/www.cineylibertad.com\",\"https:\\\/\\\/www.facebook.com\\\/victor.alvarado.56829446\",\"https:\\\/\\\/www.instagram.com\\\/cineylibertad\\\/\",\"https:\\\/\\\/x.com\\\/cineylibertad\"],\"url\":\"https:\\\/\\\/www.cope.es\\\/blogs\\\/cine-y-libertad\\\/author\\\/valvarado\\\/\"}]}<\/script>\n<!-- \/ Yoast SEO plugin. -->","yoast_head_json":{"title":"Madre no hay m\u00e1s que una-Un documental \"antisistema\" que defiende la maternidad","description":"Madre no hay m\u00e1s que una-Un documental \"antisistema\" que defiende la maternidad. \u00bfPor qu\u00e9 hay que ver este documental cuando la maternidad...?","robots":{"index":"index","follow":"follow","max-snippet":"max-snippet:-1","max-image-preview":"max-image-preview:large","max-video-preview":"max-video-preview:-1"},"canonical":"https:\/\/www.cope.es\/blogs\/cine-y-libertad\/2023\/10\/20\/madre-no-hay-mas-que-una-un-documental-antisistema-que-defiende-la-maternidad\/","og_locale":"es_ES","og_type":"article","og_title":"Madre no hay m\u00e1s que una-Un documental \"antisistema\" que defiende la maternidad","og_description":"Madre no hay m\u00e1s que una-Un documental \"antisistema\" que defiende la maternidad. \u00bfPor qu\u00e9 hay que ver este documental cuando la maternidad...?","og_url":"https:\/\/www.cope.es\/blogs\/cine-y-libertad\/2023\/10\/20\/madre-no-hay-mas-que-una-un-documental-antisistema-que-defiende-la-maternidad\/","og_site_name":"Cine y Libertad","article_publisher":"https:\/\/www.facebook.com\/cope\/","article_author":"https:\/\/www.facebook.com\/victor.alvarado.56829446","article_published_time":"2023-10-20T09:56:56+00:00","og_image":[{"width":1280,"height":720,"url":"https:\/\/www.cope.es\/blogs\/cine-y-libertad\/wp-content\/uploads\/sites\/7\/2023\/10\/madre-nos-hay-mas-que-una-un-documental-antisistema-que-defiende-la-maternidad.jpg","type":"image\/jpeg"}],"author":"V\u00edctor Alvarado","twitter_card":"summary_large_image","twitter_creator":"@cineylibertad","twitter_site":"@cope_es","twitter_misc":{"Escrito por":"V\u00edctor Alvarado","Tiempo de lectura":"2 minutos"},"schema":{"@context":"https:\/\/schema.org","@graph":[{"@type":"Article","@id":"https:\/\/www.cope.es\/blogs\/cine-y-libertad\/2023\/10\/20\/madre-no-hay-mas-que-una-un-documental-antisistema-que-defiende-la-maternidad\/#article","isPartOf":{"@id":"https:\/\/www.cope.es\/blogs\/cine-y-libertad\/2023\/10\/20\/madre-no-hay-mas-que-una-un-documental-antisistema-que-defiende-la-maternidad\/"},"author":{"name":"V\u00edctor Alvarado","@id":"https:\/\/www.cope.es\/blogs\/cine-y-libertad\/#\/schema\/person\/c95904a4fbf751a8d9124f8fa8bdaace"},"headline":"Madre no hay m\u00e1s que una-Un documental &#8220;antisistema&#8221; que defiende la maternidad","datePublished":"2023-10-20T09:56:56+00:00","mainEntityOfPage":{"@id":"https:\/\/www.cope.es\/blogs\/cine-y-libertad\/2023\/10\/20\/madre-no-hay-mas-que-una-un-documental-antisistema-que-defiende-la-maternidad\/"},"wordCount":347,"commentCount":0,"image":{"@id":"https:\/\/www.cope.es\/blogs\/cine-y-libertad\/2023\/10\/20\/madre-no-hay-mas-que-una-un-documental-antisistema-que-defiende-la-maternidad\/#primaryimage"},"thumbnailUrl":"https:\/\/www.cope.es\/blogs\/cine-y-libertad\/wp-content\/uploads\/sites\/7\/2023\/10\/madre-nos-hay-mas-que-una-un-documental-antisistema-que-defiende-la-maternidad.jpg","keywords":["cristianismo","Jes\u00fas Garc\u00eda","Madre no hay m\u00e1s que una","Madre no hay m\u00e1s que una-Un documental \"antisistema\" que defiende la maternidad","mujeres","provida"],"articleSection":["cristianismo","documental","familia","mujeres"],"inLanguage":"es","potentialAction":[{"@type":"CommentAction","name":"Comment","target":["https:\/\/www.cope.es\/blogs\/cine-y-libertad\/2023\/10\/20\/madre-no-hay-mas-que-una-un-documental-antisistema-que-defiende-la-maternidad\/#respond"]}]},{"@type":"WebPage","@id":"https:\/\/www.cope.es\/blogs\/cine-y-libertad\/2023\/10\/20\/madre-no-hay-mas-que-una-un-documental-antisistema-que-defiende-la-maternidad\/","url":"https:\/\/www.cope.es\/blogs\/cine-y-libertad\/2023\/10\/20\/madre-no-hay-mas-que-una-un-documental-antisistema-que-defiende-la-maternidad\/","name":"Madre no hay m\u00e1s que una-Un documental \"antisistema\" que defiende la maternidad","isPartOf":{"@id":"https:\/\/www.cope.es\/blogs\/cine-y-libertad\/#website"},"primaryImageOfPage":{"@id":"https:\/\/www.cope.es\/blogs\/cine-y-libertad\/2023\/10\/20\/madre-no-hay-mas-que-una-un-documental-antisistema-que-defiende-la-maternidad\/#primaryimage"},"image":{"@id":"https:\/\/www.cope.es\/blogs\/cine-y-libertad\/2023\/10\/20\/madre-no-hay-mas-que-una-un-documental-antisistema-que-defiende-la-maternidad\/#primaryimage"},"thumbnailUrl":"https:\/\/www.cope.es\/blogs\/cine-y-libertad\/wp-content\/uploads\/sites\/7\/2023\/10\/madre-nos-hay-mas-que-una-un-documental-antisistema-que-defiende-la-maternidad.jpg","datePublished":"2023-10-20T09:56:56+00:00","author":{"@id":"https:\/\/www.cope.es\/blogs\/cine-y-libertad\/#\/schema\/person\/c95904a4fbf751a8d9124f8fa8bdaace"},"description":"Madre no hay m\u00e1s que una-Un documental \"antisistema\" que defiende la maternidad. \u00bfPor qu\u00e9 hay que ver este documental cuando la maternidad...?","breadcrumb":{"@id":"https:\/\/www.cope.es\/blogs\/cine-y-libertad\/2023\/10\/20\/madre-no-hay-mas-que-una-un-documental-antisistema-que-defiende-la-maternidad\/#breadcrumb"},"inLanguage":"es","potentialAction":[{"@type":"ReadAction","target":["https:\/\/www.cope.es\/blogs\/cine-y-libertad\/2023\/10\/20\/madre-no-hay-mas-que-una-un-documental-antisistema-que-defiende-la-maternidad\/"]}]},{"@type":"ImageObject","inLanguage":"es","@id":"https:\/\/www.cope.es\/blogs\/cine-y-libertad\/2023\/10\/20\/madre-no-hay-mas-que-una-un-documental-antisistema-que-defiende-la-maternidad\/#primaryimage","url":"https:\/\/www.cope.es\/blogs\/cine-y-libertad\/wp-content\/uploads\/sites\/7\/2023\/10\/madre-nos-hay-mas-que-una-un-documental-antisistema-que-defiende-la-maternidad.jpg","contentUrl":"https:\/\/www.cope.es\/blogs\/cine-y-libertad\/wp-content\/uploads\/sites\/7\/2023\/10\/madre-nos-hay-mas-que-una-un-documental-antisistema-que-defiende-la-maternidad.jpg","width":1280,"height":720},{"@type":"BreadcrumbList","@id":"https:\/\/www.cope.es\/blogs\/cine-y-libertad\/2023\/10\/20\/madre-no-hay-mas-que-una-un-documental-antisistema-que-defiende-la-maternidad\/#breadcrumb","itemListElement":[{"@type":"ListItem","position":1,"name":"Portada","item":"https:\/\/www.cope.es\/blogs\/cine-y-libertad\/"},{"@type":"ListItem","position":2,"name":"Madre no hay m\u00e1s que una-Un documental &#8220;antisistema&#8221; que defiende la maternidad"}]},{"@type":"WebSite","@id":"https:\/\/www.cope.es\/blogs\/cine-y-libertad\/#website","url":"https:\/\/www.cope.es\/blogs\/cine-y-libertad\/","name":"Cine y Libertad","description":"Cine y Libertad un blog de COPE","potentialAction":[{"@type":"SearchAction","target":{"@type":"EntryPoint","urlTemplate":"https:\/\/www.cope.es\/blogs\/cine-y-libertad\/?s={search_term_string}"},"query-input":{"@type":"PropertyValueSpecification","valueRequired":true,"valueName":"search_term_string"}}],"inLanguage":"es"},{"@type":"Person","@id":"https:\/\/www.cope.es\/blogs\/cine-y-libertad\/#\/schema\/person\/c95904a4fbf751a8d9124f8fa8bdaace","name":"V\u00edctor Alvarado","image":{"@type":"ImageObject","inLanguage":"es","@id":"https:\/\/secure.gravatar.com\/avatar\/db4634ae2001f7f920b8294d926f3e737ada04196e014ebacae29a4848f905f4?s=96&d=mm&r=g","url":"https:\/\/secure.gravatar.com\/avatar\/db4634ae2001f7f920b8294d926f3e737ada04196e014ebacae29a4848f905f4?s=96&d=mm&r=g","contentUrl":"https:\/\/secure.gravatar.com\/avatar\/db4634ae2001f7f920b8294d926f3e737ada04196e014ebacae29a4848f905f4?s=96&d=mm&r=g","caption":"V\u00edctor Alvarado"},"description":"V\u00edctor Alvarado tiene una larga experiencia tanto en medios de comunicaci\u00f3n como en educaci\u00f3n. Dirige el programa de radio, Directo a las Estrellas, en Intereconom\u00eda (Castilla y Le\u00f3n) y Informa Radio en toda Espa\u00f1a. Ha colaborado en Radio Inter y Esradio. Cr\u00edtico de cine en Pantalla 90, Diario Ya y P\u00e1ginas Digital. Es miembro del CEC. Es el autor de libro: La fe, la \u00e9tica y los valores de los superh\u00e9roes (PPC). Esta es su web: www.cineylibertad.com y, por supuesto, lleva m\u00e1s de 5 a\u00f1os como bloguero de Cope, donde analiza el cine, los c\u00f3mics y los libros desde una \u00f3ptica antropol\u00f3gica y axiol\u00f3gica, atendiendo a todas las dimensiones del ser humano.","sameAs":["http:\/\/www.cineylibertad.com","https:\/\/www.facebook.com\/victor.alvarado.56829446","https:\/\/www.instagram.com\/cineylibertad\/","https:\/\/x.com\/cineylibertad"],"url":"https:\/\/www.cope.es\/blogs\/cine-y-libertad\/author\/valvarado\/"}]}},"amp_enabled":true,"_links":{"self":[{"href":"https:\/\/www.cope.es\/blogs\/cine-y-libertad\/wp-json\/wp\/v2\/posts\/6561","targetHints":{"allow":["GET"]}}],"collection":[{"href":"https:\/\/www.cope.es\/blogs\/cine-y-libertad\/wp-json\/wp\/v2\/posts"}],"about":[{"href":"https:\/\/www.cope.es\/blogs\/cine-y-libertad\/wp-json\/wp\/v2\/types\/post"}],"author":[{"embeddable":true,"href":"https:\/\/www.cope.es\/blogs\/cine-y-libertad\/wp-json\/wp\/v2\/users\/7"}],"replies":[{"embeddable":true,"href":"https:\/\/www.cope.es\/blogs\/cine-y-libertad\/wp-json\/wp\/v2\/comments?post=6561"}],"version-history":[{"count":2,"href":"https:\/\/www.cope.es\/blogs\/cine-y-libertad\/wp-json\/wp\/v2\/posts\/6561\/revisions"}],"predecessor-version":[{"id":6565,"href":"https:\/\/www.cope.es\/blogs\/cine-y-libertad\/wp-json\/wp\/v2\/posts\/6561\/revisions\/6565"}],"wp:featuredmedia":[{"embeddable":true,"href":"https:\/\/www.cope.es\/blogs\/cine-y-libertad\/wp-json\/wp\/v2\/media\/6563"}],"wp:attachment":[{"href":"https:\/\/www.cope.es\/blogs\/cine-y-libertad\/wp-json\/wp\/v2\/media?parent=6561"}],"wp:term":[{"taxonomy":"category","embeddable":true,"href":"https:\/\/www.cope.es\/blogs\/cine-y-libertad\/wp-json\/wp\/v2\/categories?post=6561"},{"taxonomy":"post_tag","embeddable":true,"href":"https:\/\/www.cope.es\/blogs\/cine-y-libertad\/wp-json\/wp\/v2\/tags?post=6561"}],"curies":[{"name":"wp","href":"https:\/\/api.w.org\/{rel}","templated":true}]}}