{"id":6553,"date":"2023-10-19T20:16:39","date_gmt":"2023-10-19T18:16:39","guid":{"rendered":"http:\/\/www.cope.es\/blogs\/cine-y-libertad\/?p=6553"},"modified":"2023-10-19T20:16:39","modified_gmt":"2023-10-19T18:16:39","slug":"dispararon-al-pianista-el-justiciero-comic-de-fernando-trueba-y-javier-mariscal","status":"publish","type":"post","link":"https:\/\/www.cope.es\/blogs\/cine-y-libertad\/2023\/10\/19\/dispararon-al-pianista-el-justiciero-comic-de-fernando-trueba-y-javier-mariscal\/","title":{"rendered":"Dispararon al pianista-El &#8220;justiciero&#8221; c\u00f3mic de Fernando Trueba y Javier Mariscal"},"content":{"rendered":"<p>Dispararon al pianista-El &#8220;justiciero&#8221; c\u00f3mic de <a href=\"https:\/\/es.wikipedia.org\/wiki\/Fernando_Trueba\">Fernando Trueba<\/a> y <a href=\"https:\/\/es.wikipedia.org\/wiki\/Javier_Mariscal\">Javier Mariscal<\/a>. \u00bfC\u00f3mo era el m\u00fasico Ten\u00f3rio Junior?<\/p>\n<p>Aqu\u00ed puedes escuchar mi comentario sobre el asesinato de un inocente&#8230;<a href=\"https:\/\/www.ivoox.com\/dispararon-al-pianista-el-justiciero-comic-fernando-trueba-audios-mp3_rf_118074436_1.html\">Dispararon al pianista-El &#8220;justiciero&#8221; c\u00f3mic de Fernando Trueba y Javier Mariscal<\/a>&#8230;<\/p>\n<p><img loading=\"lazy\" decoding=\"async\" width=\"198\" height=\"255\" class=\"alignnone size-full wp-image-6559\" src=\"http:\/\/www.cope.es\/blogs\/cine-y-libertad\/wp-content\/uploads\/sites\/7\/2023\/10\/dispararon-al-pianista-el-justiciero-comic-de-fernando-trueba-y-javier-mariscal-1.jpg\" alt=\"\" \/><\/p>\n<audio class=\"wp-audio-shortcode\" id=\"audio-6553-1\" preload=\"none\" style=\"width: 100%;\" controls=\"controls\"><source type=\"audio\/mpeg\" src=\"https:\/\/www.ivoox.com\/dispararon-al-pianista-el-justiciero-comic-fernando-trueba_md_118074436_wp_1.mp3?_=1\" \/><a href=\"https:\/\/www.ivoox.com\/dispararon-al-pianista-el-justiciero-comic-fernando-trueba_md_118074436_wp_1.mp3\">https:\/\/www.ivoox.com\/dispararon-al-pianista-el-justiciero-comic-fernando-trueba_md_118074436_wp_1.mp3<\/a><\/audio>\n<p><a title=\"Dispararon al pianista-El \" href=\"https:\/\/go.ivoox.com\/rf\/118074436\">Ir a descargar<\/a><\/p>\n<p>\u00a1Lectores y amigos de Cine y Libertad!<\/p>\n<p><strong>Esta es la sinopsis oficial de&#8230;<a href=\"https:\/\/www.ivoox.com\/dispararon-al-pianista-el-justiciero-comic-fernando-trueba-audios-mp3_rf_118074436_1.html\">Dispararon al pianista<\/a>-El &#8220;justiciero&#8221; c\u00f3mic de Fernando Trueba y Javier Mariscal:<\/strong><\/p>\n<p><span class=\"a-text-bold\">Un emotivo homenaje a Ten\u00f3rio Junior, un pianista cuya prometedora carrera se vio truncada por los injustos azares del destino en uno de los cap\u00edtulos m\u00e1s oscuros de la historia latinoamericana.<\/span><\/p>\n<p>Francisco Ten\u00f3rio Cerqueira J\u00fanior naci\u00f3 en R\u00edo de Janeiro y fue uno de los pianistas m\u00e1s reconocidos del movimiento samba-jazz. Sol\u00eda tocar en Copacabana, cuna de la mejor m\u00fasica brasilera, y form\u00f3 parte de Os Cobras, una banda instrumental de gran prestigio. A las tres de la ma\u00f1ana del 18 de marzo de 1976, despu\u00e9s de dar un concierto en el Gran Rex de Buenos Aires junto a Vinicius de Moraes y Toquinho, el pianista sali\u00f3 a por cigarrillos y medicamentos. Esa ser\u00eda la \u00faltima vez que se le ver\u00eda con vida: Ten\u00f3rio Junior nunca regres\u00f3 al hotel donde se alojaba. Ten\u00eda 34 a\u00f1os. \u00bfQu\u00e9 ocurri\u00f3 esa noche? Es la pregunta que mueve al narrador de They Shot the Piano Player a iniciar una investigaci\u00f3n sobre el fat\u00eddico acontecimiento que acab\u00f3 con la vida de un m\u00fasico destinado a cambiar para siempre el rumbo de la m\u00fasica brasilera.<\/p>\n<p>Por otra parte, no es la primera vez que homenajeamos a un m\u00fasico, pues ya lo hicimos con por poner un ejemplo&#8230; <a href=\"https:\/\/www.ivoox.com\/elvis-el-rey-del-rock-fusiono-blues-audios-mp3_rf_88976580_1.html\">Elvis-El Rey del Rock que fusion\u00f3 el blues y el country con talento, siendo abducido por el coronel Parker:<\/a><\/p>\n<p><img loading=\"lazy\" decoding=\"async\" width=\"300\" height=\"168\" class=\"alignnone size-full wp-image-4273\" src=\"https:\/\/www.cope.es\/blogs\/cine-y-libertad\/wp-content\/uploads\/sites\/7\/2022\/06\/elvis.jpg\" alt=\"\" \/><\/p>\n<audio class=\"wp-audio-shortcode\" id=\"audio-6553-2\" preload=\"none\" style=\"width: 100%;\" controls=\"controls\"><source type=\"audio\/mpeg\" src=\"https:\/\/www.ivoox.com\/elvis-el-rey-del-rock-fusiono-blues_md_88976580_wp_1.mp3?_=2\" \/><a href=\"https:\/\/www.ivoox.com\/elvis-el-rey-del-rock-fusiono-blues_md_88976580_wp_1.mp3\">https:\/\/www.ivoox.com\/elvis-el-rey-del-rock-fusiono-blues_md_88976580_wp_1.mp3<\/a><\/audio>\n<p><a title=\"Elvis-El Rey del Rock que fusion\u00f3 el blues y el country con talento, siendo abducido por el coronel Parker\" href=\"https:\/\/go.ivoox.com\/rf\/88976580\">Ir a descargar<\/a><\/p>\n<div class=\"viewport viewport-md\">\n<div class=\"overview\">\n<p>Biograf\u00eda del legendario astro del rock, <a href=\"https:\/\/www.ivoox.com\/elvis-el-rey-del-rock-fusiono-blues-audios-mp3_rf_88976580_1.html\">Elvis Presley<\/a>, surgido en los 50, pronto convertido en un icono popular y fen\u00f3meno de masas nacional.<\/p>\n<\/div>\n<\/div>\n<p><a href=\"https:\/\/www.ivoox.com\/podcast-cine-libertad_sq_f121636_1.html\">V\u00edctor Alvarado<\/a><\/p>\n<p>Instagram:<a href=\"https:\/\/www.instagram.com\/cineylibertad\/\">https:\/\/www.instagram.com\/cineylibertad\/<\/a><\/p>\n<p>Facebook:\u00a0<a href=\"https:\/\/www.facebook.com\/victor.alvarado.56829446\" target=\"_blank\">https:\/\/www.facebook.com\/victor.alvarado.56829446<\/a><\/p>\n<p>Twitter:<span class=\"r-18u37iz\"><a class=\"css-4rbku5 css-18t94o4 css-901oao css-16my406 r-1n1174f r-1loqt21 r-poiln3 r-bcqeeo r-qvutc0\" href=\"https:\/\/twitter.com\/cineylibertad\">@cineylibertad<\/a><\/span><\/p>\n","protected":false},"excerpt":{"rendered":"<p>Dispararon al pianista-El &#8220;justiciero&#8221; c\u00f3mic de Fernando Trueba y Javier Mariscal. \u00bfC\u00f3mo era el m\u00fasico Ten\u00f3rio Junior? Aqu\u00ed puedes escuchar mi comentario sobre el asesinato de un inocente&#8230;Dispararon al pianista-El &#8220;justiciero&#8221; c\u00f3mic de Fernando Trueba y Javier Mariscal&#8230; Ir a descargar \u00a1Lectores y amigos de Cine y Libertad! Esta es la sinopsis oficial de&#8230;Dispararon al [&hellip;]<\/p>\n","protected":false},"author":7,"featured_media":6559,"comment_status":"open","ping_status":"open","sticky":false,"template":"","format":"standard","meta":{"footnotes":""},"categories":[3,893,4,43],"tags":[2955,2954,2952,2953,2956],"class_list":["post-6553","post","type-post","status-publish","format-standard","has-post-thumbnail","hentry","category-cine","category-cine-espanol","category-comics","category-militares","tag-dispararon-al-pianista","tag-dispararon-al-pianista-el-justiciero-comic-de-fernando-trueba-y-javier-mariscal","tag-fernando-trueba","tag-javier-mariscal","tag-salamandra"],"yoast_head":"<!-- This site is optimized with the Yoast SEO plugin v27.4 - https:\/\/yoast.com\/product\/yoast-seo-wordpress\/ -->\n<title>Dispararon al pianista-El &quot;justiciero&quot; c\u00f3mic de Fernando Trueba y Javier Mariscal<\/title>\n<meta name=\"description\" content=\"Dispararon al pianista-El &quot;justiciero&quot; c\u00f3mic de Fernando Trueba y Javier Mariscal.\u00bfC\u00f3mo era el m\u00fasico Ten\u00f3rio Junior? Dispararon al pianista\" \/>\n<meta name=\"robots\" content=\"index, follow, max-snippet:-1, max-image-preview:large, max-video-preview:-1\" \/>\n<link rel=\"canonical\" href=\"https:\/\/www.cope.es\/blogs\/cine-y-libertad\/2023\/10\/19\/dispararon-al-pianista-el-justiciero-comic-de-fernando-trueba-y-javier-mariscal\/\" \/>\n<meta property=\"og:locale\" content=\"es_ES\" \/>\n<meta property=\"og:type\" content=\"article\" \/>\n<meta property=\"og:title\" content=\"Dispararon al pianista-El &quot;justiciero&quot; c\u00f3mic de Fernando Trueba y Javier Mariscal\" \/>\n<meta property=\"og:description\" content=\"Dispararon al pianista-El &quot;justiciero&quot; c\u00f3mic de Fernando Trueba y Javier Mariscal.\u00bfC\u00f3mo era el m\u00fasico Ten\u00f3rio Junior? Dispararon al pianista\" \/>\n<meta property=\"og:url\" content=\"https:\/\/www.cope.es\/blogs\/cine-y-libertad\/2023\/10\/19\/dispararon-al-pianista-el-justiciero-comic-de-fernando-trueba-y-javier-mariscal\/\" \/>\n<meta property=\"og:site_name\" content=\"Cine y Libertad\" \/>\n<meta property=\"article:publisher\" content=\"https:\/\/www.facebook.com\/cope\/\" \/>\n<meta property=\"article:author\" content=\"https:\/\/www.facebook.com\/victor.alvarado.56829446\" \/>\n<meta property=\"article:published_time\" content=\"2023-10-19T18:16:39+00:00\" \/>\n<meta property=\"og:image\" content=\"https:\/\/www.cope.es\/blogs\/cine-y-libertad\/wp-content\/uploads\/sites\/7\/2023\/10\/dispararon-al-pianista-el-justiciero-comic-de-fernando-trueba-y-javier-mariscal-1.jpg\" \/>\n\t<meta property=\"og:image:width\" content=\"198\" \/>\n\t<meta property=\"og:image:height\" content=\"255\" \/>\n\t<meta property=\"og:image:type\" content=\"image\/jpeg\" \/>\n<meta name=\"author\" content=\"V\u00edctor Alvarado\" \/>\n<meta name=\"twitter:card\" content=\"summary_large_image\" \/>\n<meta name=\"twitter:creator\" content=\"@cineylibertad\" \/>\n<meta name=\"twitter:site\" content=\"@cope_es\" \/>\n<meta name=\"twitter:label1\" content=\"Escrito por\" \/>\n\t<meta name=\"twitter:data1\" content=\"V\u00edctor Alvarado\" \/>\n\t<meta name=\"twitter:label2\" content=\"Tiempo de lectura\" \/>\n\t<meta name=\"twitter:data2\" content=\"2 minutos\" \/>\n<script type=\"application\/ld+json\" class=\"yoast-schema-graph\">{\"@context\":\"https:\\\/\\\/schema.org\",\"@graph\":[{\"@type\":\"Article\",\"@id\":\"https:\\\/\\\/www.cope.es\\\/blogs\\\/cine-y-libertad\\\/2023\\\/10\\\/19\\\/dispararon-al-pianista-el-justiciero-comic-de-fernando-trueba-y-javier-mariscal\\\/#article\",\"isPartOf\":{\"@id\":\"https:\\\/\\\/www.cope.es\\\/blogs\\\/cine-y-libertad\\\/2023\\\/10\\\/19\\\/dispararon-al-pianista-el-justiciero-comic-de-fernando-trueba-y-javier-mariscal\\\/\"},\"author\":{\"name\":\"V\u00edctor Alvarado\",\"@id\":\"https:\\\/\\\/www.cope.es\\\/blogs\\\/cine-y-libertad\\\/#\\\/schema\\\/person\\\/c95904a4fbf751a8d9124f8fa8bdaace\"},\"headline\":\"Dispararon al pianista-El &#8220;justiciero&#8221; c\u00f3mic de Fernando Trueba y Javier Mariscal\",\"datePublished\":\"2023-10-19T18:16:39+00:00\",\"mainEntityOfPage\":{\"@id\":\"https:\\\/\\\/www.cope.es\\\/blogs\\\/cine-y-libertad\\\/2023\\\/10\\\/19\\\/dispararon-al-pianista-el-justiciero-comic-de-fernando-trueba-y-javier-mariscal\\\/\"},\"wordCount\":387,\"commentCount\":0,\"image\":{\"@id\":\"https:\\\/\\\/www.cope.es\\\/blogs\\\/cine-y-libertad\\\/2023\\\/10\\\/19\\\/dispararon-al-pianista-el-justiciero-comic-de-fernando-trueba-y-javier-mariscal\\\/#primaryimage\"},\"thumbnailUrl\":\"https:\\\/\\\/www.cope.es\\\/blogs\\\/cine-y-libertad\\\/wp-content\\\/uploads\\\/sites\\\/7\\\/2023\\\/10\\\/dispararon-al-pianista-el-justiciero-comic-de-fernando-trueba-y-javier-mariscal-1.jpg\",\"keywords\":[\"Dispararon al pianista\",\"Dispararon al pianista-El \\\"justiciero\\\" c\u00f3mic de Fernando Trueba y Javier Mariscal\",\"Fernando Trueba\",\"Javier Mariscal\",\"Salamandra\"],\"articleSection\":[\"cine\",\"cine espa\u00f1ol\",\"c\u00f3mics\",\"militares\"],\"inLanguage\":\"es\",\"potentialAction\":[{\"@type\":\"CommentAction\",\"name\":\"Comment\",\"target\":[\"https:\\\/\\\/www.cope.es\\\/blogs\\\/cine-y-libertad\\\/2023\\\/10\\\/19\\\/dispararon-al-pianista-el-justiciero-comic-de-fernando-trueba-y-javier-mariscal\\\/#respond\"]}]},{\"@type\":\"WebPage\",\"@id\":\"https:\\\/\\\/www.cope.es\\\/blogs\\\/cine-y-libertad\\\/2023\\\/10\\\/19\\\/dispararon-al-pianista-el-justiciero-comic-de-fernando-trueba-y-javier-mariscal\\\/\",\"url\":\"https:\\\/\\\/www.cope.es\\\/blogs\\\/cine-y-libertad\\\/2023\\\/10\\\/19\\\/dispararon-al-pianista-el-justiciero-comic-de-fernando-trueba-y-javier-mariscal\\\/\",\"name\":\"Dispararon al pianista-El \\\"justiciero\\\" c\u00f3mic de Fernando Trueba y Javier Mariscal\",\"isPartOf\":{\"@id\":\"https:\\\/\\\/www.cope.es\\\/blogs\\\/cine-y-libertad\\\/#website\"},\"primaryImageOfPage\":{\"@id\":\"https:\\\/\\\/www.cope.es\\\/blogs\\\/cine-y-libertad\\\/2023\\\/10\\\/19\\\/dispararon-al-pianista-el-justiciero-comic-de-fernando-trueba-y-javier-mariscal\\\/#primaryimage\"},\"image\":{\"@id\":\"https:\\\/\\\/www.cope.es\\\/blogs\\\/cine-y-libertad\\\/2023\\\/10\\\/19\\\/dispararon-al-pianista-el-justiciero-comic-de-fernando-trueba-y-javier-mariscal\\\/#primaryimage\"},\"thumbnailUrl\":\"https:\\\/\\\/www.cope.es\\\/blogs\\\/cine-y-libertad\\\/wp-content\\\/uploads\\\/sites\\\/7\\\/2023\\\/10\\\/dispararon-al-pianista-el-justiciero-comic-de-fernando-trueba-y-javier-mariscal-1.jpg\",\"datePublished\":\"2023-10-19T18:16:39+00:00\",\"author\":{\"@id\":\"https:\\\/\\\/www.cope.es\\\/blogs\\\/cine-y-libertad\\\/#\\\/schema\\\/person\\\/c95904a4fbf751a8d9124f8fa8bdaace\"},\"description\":\"Dispararon al pianista-El \\\"justiciero\\\" c\u00f3mic de Fernando Trueba y Javier Mariscal.\u00bfC\u00f3mo era el m\u00fasico Ten\u00f3rio Junior? Dispararon al pianista\",\"breadcrumb\":{\"@id\":\"https:\\\/\\\/www.cope.es\\\/blogs\\\/cine-y-libertad\\\/2023\\\/10\\\/19\\\/dispararon-al-pianista-el-justiciero-comic-de-fernando-trueba-y-javier-mariscal\\\/#breadcrumb\"},\"inLanguage\":\"es\",\"potentialAction\":[{\"@type\":\"ReadAction\",\"target\":[\"https:\\\/\\\/www.cope.es\\\/blogs\\\/cine-y-libertad\\\/2023\\\/10\\\/19\\\/dispararon-al-pianista-el-justiciero-comic-de-fernando-trueba-y-javier-mariscal\\\/\"]}]},{\"@type\":\"ImageObject\",\"inLanguage\":\"es\",\"@id\":\"https:\\\/\\\/www.cope.es\\\/blogs\\\/cine-y-libertad\\\/2023\\\/10\\\/19\\\/dispararon-al-pianista-el-justiciero-comic-de-fernando-trueba-y-javier-mariscal\\\/#primaryimage\",\"url\":\"https:\\\/\\\/www.cope.es\\\/blogs\\\/cine-y-libertad\\\/wp-content\\\/uploads\\\/sites\\\/7\\\/2023\\\/10\\\/dispararon-al-pianista-el-justiciero-comic-de-fernando-trueba-y-javier-mariscal-1.jpg\",\"contentUrl\":\"https:\\\/\\\/www.cope.es\\\/blogs\\\/cine-y-libertad\\\/wp-content\\\/uploads\\\/sites\\\/7\\\/2023\\\/10\\\/dispararon-al-pianista-el-justiciero-comic-de-fernando-trueba-y-javier-mariscal-1.jpg\",\"width\":198,\"height\":255},{\"@type\":\"BreadcrumbList\",\"@id\":\"https:\\\/\\\/www.cope.es\\\/blogs\\\/cine-y-libertad\\\/2023\\\/10\\\/19\\\/dispararon-al-pianista-el-justiciero-comic-de-fernando-trueba-y-javier-mariscal\\\/#breadcrumb\",\"itemListElement\":[{\"@type\":\"ListItem\",\"position\":1,\"name\":\"Portada\",\"item\":\"https:\\\/\\\/www.cope.es\\\/blogs\\\/cine-y-libertad\\\/\"},{\"@type\":\"ListItem\",\"position\":2,\"name\":\"Dispararon al pianista-El &#8220;justiciero&#8221; c\u00f3mic de Fernando Trueba y Javier Mariscal\"}]},{\"@type\":\"WebSite\",\"@id\":\"https:\\\/\\\/www.cope.es\\\/blogs\\\/cine-y-libertad\\\/#website\",\"url\":\"https:\\\/\\\/www.cope.es\\\/blogs\\\/cine-y-libertad\\\/\",\"name\":\"Cine y Libertad\",\"description\":\"Cine y Libertad un blog de COPE\",\"potentialAction\":[{\"@type\":\"SearchAction\",\"target\":{\"@type\":\"EntryPoint\",\"urlTemplate\":\"https:\\\/\\\/www.cope.es\\\/blogs\\\/cine-y-libertad\\\/?s={search_term_string}\"},\"query-input\":{\"@type\":\"PropertyValueSpecification\",\"valueRequired\":true,\"valueName\":\"search_term_string\"}}],\"inLanguage\":\"es\"},{\"@type\":\"Person\",\"@id\":\"https:\\\/\\\/www.cope.es\\\/blogs\\\/cine-y-libertad\\\/#\\\/schema\\\/person\\\/c95904a4fbf751a8d9124f8fa8bdaace\",\"name\":\"V\u00edctor Alvarado\",\"image\":{\"@type\":\"ImageObject\",\"inLanguage\":\"es\",\"@id\":\"https:\\\/\\\/secure.gravatar.com\\\/avatar\\\/db4634ae2001f7f920b8294d926f3e737ada04196e014ebacae29a4848f905f4?s=96&d=mm&r=g\",\"url\":\"https:\\\/\\\/secure.gravatar.com\\\/avatar\\\/db4634ae2001f7f920b8294d926f3e737ada04196e014ebacae29a4848f905f4?s=96&d=mm&r=g\",\"contentUrl\":\"https:\\\/\\\/secure.gravatar.com\\\/avatar\\\/db4634ae2001f7f920b8294d926f3e737ada04196e014ebacae29a4848f905f4?s=96&d=mm&r=g\",\"caption\":\"V\u00edctor Alvarado\"},\"description\":\"V\u00edctor Alvarado tiene una larga experiencia tanto en medios de comunicaci\u00f3n como en educaci\u00f3n. Dirige el programa de radio, Directo a las Estrellas, en Intereconom\u00eda (Castilla y Le\u00f3n) y Informa Radio en toda Espa\u00f1a. Ha colaborado en Radio Inter y Esradio. Cr\u00edtico de cine en Pantalla 90, Diario Ya y P\u00e1ginas Digital. Es miembro del CEC. Es el autor de libro: La fe, la \u00e9tica y los valores de los superh\u00e9roes (PPC). Esta es su web: www.cineylibertad.com y, por supuesto, lleva m\u00e1s de 5 a\u00f1os como bloguero de Cope, donde analiza el cine, los c\u00f3mics y los libros desde una \u00f3ptica antropol\u00f3gica y axiol\u00f3gica, atendiendo a todas las dimensiones del ser humano.\",\"sameAs\":[\"http:\\\/\\\/www.cineylibertad.com\",\"https:\\\/\\\/www.facebook.com\\\/victor.alvarado.56829446\",\"https:\\\/\\\/www.instagram.com\\\/cineylibertad\\\/\",\"https:\\\/\\\/x.com\\\/cineylibertad\"],\"url\":\"https:\\\/\\\/www.cope.es\\\/blogs\\\/cine-y-libertad\\\/author\\\/valvarado\\\/\"}]}<\/script>\n<!-- \/ Yoast SEO plugin. -->","yoast_head_json":{"title":"Dispararon al pianista-El \"justiciero\" c\u00f3mic de Fernando Trueba y Javier Mariscal","description":"Dispararon al pianista-El \"justiciero\" c\u00f3mic de Fernando Trueba y Javier Mariscal.\u00bfC\u00f3mo era el m\u00fasico Ten\u00f3rio Junior? Dispararon al pianista","robots":{"index":"index","follow":"follow","max-snippet":"max-snippet:-1","max-image-preview":"max-image-preview:large","max-video-preview":"max-video-preview:-1"},"canonical":"https:\/\/www.cope.es\/blogs\/cine-y-libertad\/2023\/10\/19\/dispararon-al-pianista-el-justiciero-comic-de-fernando-trueba-y-javier-mariscal\/","og_locale":"es_ES","og_type":"article","og_title":"Dispararon al pianista-El \"justiciero\" c\u00f3mic de Fernando Trueba y Javier Mariscal","og_description":"Dispararon al pianista-El \"justiciero\" c\u00f3mic de Fernando Trueba y Javier Mariscal.\u00bfC\u00f3mo era el m\u00fasico Ten\u00f3rio Junior? Dispararon al pianista","og_url":"https:\/\/www.cope.es\/blogs\/cine-y-libertad\/2023\/10\/19\/dispararon-al-pianista-el-justiciero-comic-de-fernando-trueba-y-javier-mariscal\/","og_site_name":"Cine y Libertad","article_publisher":"https:\/\/www.facebook.com\/cope\/","article_author":"https:\/\/www.facebook.com\/victor.alvarado.56829446","article_published_time":"2023-10-19T18:16:39+00:00","og_image":[{"width":198,"height":255,"url":"https:\/\/www.cope.es\/blogs\/cine-y-libertad\/wp-content\/uploads\/sites\/7\/2023\/10\/dispararon-al-pianista-el-justiciero-comic-de-fernando-trueba-y-javier-mariscal-1.jpg","type":"image\/jpeg"}],"author":"V\u00edctor Alvarado","twitter_card":"summary_large_image","twitter_creator":"@cineylibertad","twitter_site":"@cope_es","twitter_misc":{"Escrito por":"V\u00edctor Alvarado","Tiempo de lectura":"2 minutos"},"schema":{"@context":"https:\/\/schema.org","@graph":[{"@type":"Article","@id":"https:\/\/www.cope.es\/blogs\/cine-y-libertad\/2023\/10\/19\/dispararon-al-pianista-el-justiciero-comic-de-fernando-trueba-y-javier-mariscal\/#article","isPartOf":{"@id":"https:\/\/www.cope.es\/blogs\/cine-y-libertad\/2023\/10\/19\/dispararon-al-pianista-el-justiciero-comic-de-fernando-trueba-y-javier-mariscal\/"},"author":{"name":"V\u00edctor Alvarado","@id":"https:\/\/www.cope.es\/blogs\/cine-y-libertad\/#\/schema\/person\/c95904a4fbf751a8d9124f8fa8bdaace"},"headline":"Dispararon al pianista-El &#8220;justiciero&#8221; c\u00f3mic de Fernando Trueba y Javier Mariscal","datePublished":"2023-10-19T18:16:39+00:00","mainEntityOfPage":{"@id":"https:\/\/www.cope.es\/blogs\/cine-y-libertad\/2023\/10\/19\/dispararon-al-pianista-el-justiciero-comic-de-fernando-trueba-y-javier-mariscal\/"},"wordCount":387,"commentCount":0,"image":{"@id":"https:\/\/www.cope.es\/blogs\/cine-y-libertad\/2023\/10\/19\/dispararon-al-pianista-el-justiciero-comic-de-fernando-trueba-y-javier-mariscal\/#primaryimage"},"thumbnailUrl":"https:\/\/www.cope.es\/blogs\/cine-y-libertad\/wp-content\/uploads\/sites\/7\/2023\/10\/dispararon-al-pianista-el-justiciero-comic-de-fernando-trueba-y-javier-mariscal-1.jpg","keywords":["Dispararon al pianista","Dispararon al pianista-El \"justiciero\" c\u00f3mic de Fernando Trueba y Javier Mariscal","Fernando Trueba","Javier Mariscal","Salamandra"],"articleSection":["cine","cine espa\u00f1ol","c\u00f3mics","militares"],"inLanguage":"es","potentialAction":[{"@type":"CommentAction","name":"Comment","target":["https:\/\/www.cope.es\/blogs\/cine-y-libertad\/2023\/10\/19\/dispararon-al-pianista-el-justiciero-comic-de-fernando-trueba-y-javier-mariscal\/#respond"]}]},{"@type":"WebPage","@id":"https:\/\/www.cope.es\/blogs\/cine-y-libertad\/2023\/10\/19\/dispararon-al-pianista-el-justiciero-comic-de-fernando-trueba-y-javier-mariscal\/","url":"https:\/\/www.cope.es\/blogs\/cine-y-libertad\/2023\/10\/19\/dispararon-al-pianista-el-justiciero-comic-de-fernando-trueba-y-javier-mariscal\/","name":"Dispararon al pianista-El \"justiciero\" c\u00f3mic de Fernando Trueba y Javier Mariscal","isPartOf":{"@id":"https:\/\/www.cope.es\/blogs\/cine-y-libertad\/#website"},"primaryImageOfPage":{"@id":"https:\/\/www.cope.es\/blogs\/cine-y-libertad\/2023\/10\/19\/dispararon-al-pianista-el-justiciero-comic-de-fernando-trueba-y-javier-mariscal\/#primaryimage"},"image":{"@id":"https:\/\/www.cope.es\/blogs\/cine-y-libertad\/2023\/10\/19\/dispararon-al-pianista-el-justiciero-comic-de-fernando-trueba-y-javier-mariscal\/#primaryimage"},"thumbnailUrl":"https:\/\/www.cope.es\/blogs\/cine-y-libertad\/wp-content\/uploads\/sites\/7\/2023\/10\/dispararon-al-pianista-el-justiciero-comic-de-fernando-trueba-y-javier-mariscal-1.jpg","datePublished":"2023-10-19T18:16:39+00:00","author":{"@id":"https:\/\/www.cope.es\/blogs\/cine-y-libertad\/#\/schema\/person\/c95904a4fbf751a8d9124f8fa8bdaace"},"description":"Dispararon al pianista-El \"justiciero\" c\u00f3mic de Fernando Trueba y Javier Mariscal.\u00bfC\u00f3mo era el m\u00fasico Ten\u00f3rio Junior? Dispararon al pianista","breadcrumb":{"@id":"https:\/\/www.cope.es\/blogs\/cine-y-libertad\/2023\/10\/19\/dispararon-al-pianista-el-justiciero-comic-de-fernando-trueba-y-javier-mariscal\/#breadcrumb"},"inLanguage":"es","potentialAction":[{"@type":"ReadAction","target":["https:\/\/www.cope.es\/blogs\/cine-y-libertad\/2023\/10\/19\/dispararon-al-pianista-el-justiciero-comic-de-fernando-trueba-y-javier-mariscal\/"]}]},{"@type":"ImageObject","inLanguage":"es","@id":"https:\/\/www.cope.es\/blogs\/cine-y-libertad\/2023\/10\/19\/dispararon-al-pianista-el-justiciero-comic-de-fernando-trueba-y-javier-mariscal\/#primaryimage","url":"https:\/\/www.cope.es\/blogs\/cine-y-libertad\/wp-content\/uploads\/sites\/7\/2023\/10\/dispararon-al-pianista-el-justiciero-comic-de-fernando-trueba-y-javier-mariscal-1.jpg","contentUrl":"https:\/\/www.cope.es\/blogs\/cine-y-libertad\/wp-content\/uploads\/sites\/7\/2023\/10\/dispararon-al-pianista-el-justiciero-comic-de-fernando-trueba-y-javier-mariscal-1.jpg","width":198,"height":255},{"@type":"BreadcrumbList","@id":"https:\/\/www.cope.es\/blogs\/cine-y-libertad\/2023\/10\/19\/dispararon-al-pianista-el-justiciero-comic-de-fernando-trueba-y-javier-mariscal\/#breadcrumb","itemListElement":[{"@type":"ListItem","position":1,"name":"Portada","item":"https:\/\/www.cope.es\/blogs\/cine-y-libertad\/"},{"@type":"ListItem","position":2,"name":"Dispararon al pianista-El &#8220;justiciero&#8221; c\u00f3mic de Fernando Trueba y Javier Mariscal"}]},{"@type":"WebSite","@id":"https:\/\/www.cope.es\/blogs\/cine-y-libertad\/#website","url":"https:\/\/www.cope.es\/blogs\/cine-y-libertad\/","name":"Cine y Libertad","description":"Cine y Libertad un blog de COPE","potentialAction":[{"@type":"SearchAction","target":{"@type":"EntryPoint","urlTemplate":"https:\/\/www.cope.es\/blogs\/cine-y-libertad\/?s={search_term_string}"},"query-input":{"@type":"PropertyValueSpecification","valueRequired":true,"valueName":"search_term_string"}}],"inLanguage":"es"},{"@type":"Person","@id":"https:\/\/www.cope.es\/blogs\/cine-y-libertad\/#\/schema\/person\/c95904a4fbf751a8d9124f8fa8bdaace","name":"V\u00edctor Alvarado","image":{"@type":"ImageObject","inLanguage":"es","@id":"https:\/\/secure.gravatar.com\/avatar\/db4634ae2001f7f920b8294d926f3e737ada04196e014ebacae29a4848f905f4?s=96&d=mm&r=g","url":"https:\/\/secure.gravatar.com\/avatar\/db4634ae2001f7f920b8294d926f3e737ada04196e014ebacae29a4848f905f4?s=96&d=mm&r=g","contentUrl":"https:\/\/secure.gravatar.com\/avatar\/db4634ae2001f7f920b8294d926f3e737ada04196e014ebacae29a4848f905f4?s=96&d=mm&r=g","caption":"V\u00edctor Alvarado"},"description":"V\u00edctor Alvarado tiene una larga experiencia tanto en medios de comunicaci\u00f3n como en educaci\u00f3n. Dirige el programa de radio, Directo a las Estrellas, en Intereconom\u00eda (Castilla y Le\u00f3n) y Informa Radio en toda Espa\u00f1a. Ha colaborado en Radio Inter y Esradio. Cr\u00edtico de cine en Pantalla 90, Diario Ya y P\u00e1ginas Digital. Es miembro del CEC. Es el autor de libro: La fe, la \u00e9tica y los valores de los superh\u00e9roes (PPC). Esta es su web: www.cineylibertad.com y, por supuesto, lleva m\u00e1s de 5 a\u00f1os como bloguero de Cope, donde analiza el cine, los c\u00f3mics y los libros desde una \u00f3ptica antropol\u00f3gica y axiol\u00f3gica, atendiendo a todas las dimensiones del ser humano.","sameAs":["http:\/\/www.cineylibertad.com","https:\/\/www.facebook.com\/victor.alvarado.56829446","https:\/\/www.instagram.com\/cineylibertad\/","https:\/\/x.com\/cineylibertad"],"url":"https:\/\/www.cope.es\/blogs\/cine-y-libertad\/author\/valvarado\/"}]}},"amp_enabled":true,"_links":{"self":[{"href":"https:\/\/www.cope.es\/blogs\/cine-y-libertad\/wp-json\/wp\/v2\/posts\/6553","targetHints":{"allow":["GET"]}}],"collection":[{"href":"https:\/\/www.cope.es\/blogs\/cine-y-libertad\/wp-json\/wp\/v2\/posts"}],"about":[{"href":"https:\/\/www.cope.es\/blogs\/cine-y-libertad\/wp-json\/wp\/v2\/types\/post"}],"author":[{"embeddable":true,"href":"https:\/\/www.cope.es\/blogs\/cine-y-libertad\/wp-json\/wp\/v2\/users\/7"}],"replies":[{"embeddable":true,"href":"https:\/\/www.cope.es\/blogs\/cine-y-libertad\/wp-json\/wp\/v2\/comments?post=6553"}],"version-history":[{"count":2,"href":"https:\/\/www.cope.es\/blogs\/cine-y-libertad\/wp-json\/wp\/v2\/posts\/6553\/revisions"}],"predecessor-version":[{"id":6560,"href":"https:\/\/www.cope.es\/blogs\/cine-y-libertad\/wp-json\/wp\/v2\/posts\/6553\/revisions\/6560"}],"wp:featuredmedia":[{"embeddable":true,"href":"https:\/\/www.cope.es\/blogs\/cine-y-libertad\/wp-json\/wp\/v2\/media\/6559"}],"wp:attachment":[{"href":"https:\/\/www.cope.es\/blogs\/cine-y-libertad\/wp-json\/wp\/v2\/media?parent=6553"}],"wp:term":[{"taxonomy":"category","embeddable":true,"href":"https:\/\/www.cope.es\/blogs\/cine-y-libertad\/wp-json\/wp\/v2\/categories?post=6553"},{"taxonomy":"post_tag","embeddable":true,"href":"https:\/\/www.cope.es\/blogs\/cine-y-libertad\/wp-json\/wp\/v2\/tags?post=6553"}],"curies":[{"name":"wp","href":"https:\/\/api.w.org\/{rel}","templated":true}]}}