{"id":6506,"date":"2023-10-09T13:24:03","date_gmt":"2023-10-09T11:24:03","guid":{"rendered":"http:\/\/www.cope.es\/blogs\/cine-y-libertad\/?p=6506"},"modified":"2023-10-09T13:24:03","modified_gmt":"2023-10-09T11:24:03","slug":"chinas-arantxa-echevarria-la-conexion-entre-oriente-y-occidente","status":"publish","type":"post","link":"https:\/\/www.cope.es\/blogs\/cine-y-libertad\/2023\/10\/09\/chinas-arantxa-echevarria-la-conexion-entre-oriente-y-occidente\/","title":{"rendered":"Chinas-Arantxa Echevarr\u00eda, la conexi\u00f3n entre oriente y occidente"},"content":{"rendered":"<p><a href=\"https:\/\/www.ivoox.com\/chinas-arantxa-echevarria-conexion-entre-oriente-occidente-audios-mp3_rf_117376692_1.html\">Chinas-Arantxa Echevarr\u00eda, la conexi\u00f3n entre oriente y occidente<\/a>. \u00bfPor qu\u00e9 esta pel\u00edcula ofrece varios puntos de vista?<\/p>\n<p>Puedes escuchar mi comentario a t\u00edtulo informativo\u2026<\/p>\n<p><img loading=\"lazy\" decoding=\"async\" width=\"301\" height=\"168\" class=\"alignnone size-full wp-image-6509\" src=\"http:\/\/www.cope.es\/blogs\/cine-y-libertad\/wp-content\/uploads\/sites\/7\/2023\/10\/chinas-arantxa-echevarria-la-conexion-entre-oriente-y-occidente.jpg\" alt=\"\" \/><\/p>\n<audio class=\"wp-audio-shortcode\" id=\"audio-6506-1\" preload=\"none\" style=\"width: 100%;\" controls=\"controls\"><source type=\"audio\/mpeg\" src=\"https:\/\/www.ivoox.com\/chinas-arantxa-echevarria-conexion-entre-oriente-occidente_md_117376692_wp_1.mp3?_=1\" \/><a href=\"https:\/\/www.ivoox.com\/chinas-arantxa-echevarria-conexion-entre-oriente-occidente_md_117376692_wp_1.mp3\">https:\/\/www.ivoox.com\/chinas-arantxa-echevarria-conexion-entre-oriente-occidente_md_117376692_wp_1.mp3<\/a><\/audio>\n<p><a title=\"Chinas-Arantxa Echevarr\u00eda, la conexi\u00f3n entre oriente y occidente\" href=\"https:\/\/go.ivoox.com\/rf\/117376692\">Ir a descargar<\/a><\/p>\n<p>\u00a1Lectores y amigos de Cine y Libertad!<\/p>\n<p>Esta es la sinopsis oficial de&#8230;<a href=\"https:\/\/www.ivoox.com\/chinas-arantxa-echevarria-conexion-entre-oriente-occidente-audios-mp3_rf_117376692_1.html\">Chinas-Arantxa Echevarr\u00eda, la conexi\u00f3n entre oriente y occidente<\/a>:<\/p>\n<p>En un colegio coinciden al comienzo de curso dos ni\u00f1as chinas de 9 a\u00f1os. Todo el mundo da por hecho que se har\u00e1n amigas, pero absolutamente nada las une. Luc\u00eda, es segunda generaci\u00f3n de inmigrantes. Se siente absolutamente espa\u00f1ola y solo piensa en integrarse con el resto de sus amigas del colegio. Desear\u00eda tener unos padres \u201cnormales\u201d como el resto de sus amigas, pero los suyos le avergu\u0308enzan constantemente porque no hablan espa\u00f1ol, trabajan m\u00e1s de 14 horas en el bazar y ni siquiera le permiten celebrar su cumplea\u00f1os en el Burger King. La otra ni\u00f1a es Xiang. Es adoptada y con su rostro delata all\u00e1 donde va que no es hija de sus padres. Xiang se pregunta por su familia biol\u00f3gica; ni se siente china ni se siente aceptada ante los dem\u00e1s ni\u00f1os en el colegio. Las dos ni\u00f1as se cruzar\u00e1n, separar\u00e1n y acabar\u00e1n siendo vitales la una para la otra en la b\u00fasqueda de su identidad.<\/p>\n<p>Por otra parte, Amok ediciones est\u00e1 apostando por obras que nos permiten conocer mejor la cultura asi\u00e1tica&#8230;<a href=\"https:\/\/www.ivoox.com\/juez-bao-bella-envenenada-novela-grafica-historica-audios-mp3_rf_104726106_1.html\">Juez Bao y la bella envenenada-Novela gr\u00e1fica hist\u00f3rica basada en hechos reales<\/a>:<\/p>\n<p><img loading=\"lazy\" decoding=\"async\" width=\"188\" height=\"268\" class=\"alignnone size-full wp-image-6507\" src=\"http:\/\/www.cope.es\/blogs\/cine-y-libertad\/wp-content\/uploads\/sites\/7\/2023\/10\/el-juez-bao.jpg\" alt=\"\" \/><\/p>\n<audio class=\"wp-audio-shortcode\" id=\"audio-6506-2\" preload=\"none\" style=\"width: 100%;\" controls=\"controls\"><source type=\"audio\/mpeg\" src=\"https:\/\/www.ivoox.com\/juez-bao-bella-envenenada-novela-grafica-historica_md_104726106_wp_1.mp3?_=2\" \/><a href=\"https:\/\/www.ivoox.com\/juez-bao-bella-envenenada-novela-grafica-historica_md_104726106_wp_1.mp3\">https:\/\/www.ivoox.com\/juez-bao-bella-envenenada-novela-grafica-historica_md_104726106_wp_1.mp3<\/a><\/audio>\n<p>En China, bajo la dinast\u00eda Song del Norte, el Imperio experiment\u00f3 una enorme expansi\u00f3n y crecimiento econ\u00f3mico e intelectual. Para luchar contra la creciente corrupci\u00f3n, el emperador Ren Zong otorg\u00f3 plenos poderes a un juez cuya reputaci\u00f3n se extendi\u00f3 m\u00e1s all\u00e1 de las fronteras del Imperio: el juez Bao (999-1062 EC). Lleg\u00f3 a ser considerado tan justo e incorruptible que hoy, para elogiar la honestidad de un funcionario de justicia, suele decirse que es un \u00abBaogong moderno\u00bb. Este elogio es el m\u00e1ximo honor alcanzable en el terreno del derecho. A\u00fan hoy, el Juez Bao aparece en multitud de novelas, series y pel\u00edculas chinas.<\/p>\n<p class=\"sqsrte-large preFade fadeIn\">El juez bao llega a He Zhong, una capital presa de la hambruna. Pese a la generosidad del Emperador y el buen hacer del gobernador, el pueblo sufre. \u00bfQu\u00e9 est\u00e1 ocurriendo? Adem\u00e1s, una j\u00f3ven es envenenada y despojada de su beb\u00e9. \u00bfGuarda alguna relaci\u00f3n?<\/p>\n<p class=\"sqsrte-large preFade fadeIn\"><span class=\"sqsrte-text-highlight\"><strong>Este libro es para ti:<\/strong><\/span><\/p>\n<p class=\"sqsrte-large preFade fadeIn\">Te apasiona el marco de la China Imperial aunque no conozcas la historia. Aprecias una buena novela gr\u00e1fica con una buena historia, buenos personajes y un extraordinario dibujo. Te gustar\u00eda saber c\u00f3mo ser\u00eda Sherlock Holmes si hubiera nacido all\u00ed. No hay nada mejor que una buena pelea de kung-fu.<\/p>\n<p><a href=\"https:\/\/www.ivoox.com\/podcast-cine-libertad_sq_f121636_1.html\">V\u00edctor Alvarado<\/a>(no te pierdas nuestro rinc\u00f3n asi\u00e1tico en Cope de <a href=\"https:\/\/www.cope.es\/blogs\/cine-y-libertad\/category\/cine-asiatico\/\">cine asi\u00e1tico<\/a>, titulado: <a href=\"https:\/\/www.cope.es\/blogs\/cine-y-libertad\/category\/cine-asiatico\/\">Sayonara baby<\/a>)<\/p>\n<p>Instagram:<a href=\"https:\/\/www.instagram.com\/cineylibertad\/\">https:\/\/www.instagram.com\/cineylibertad\/<\/a><\/p>\n<p>Facebook: <a href=\"https:\/\/www.facebook.com\/victor.alvarado.56829446\" target=\"_blank\">https:\/\/www.facebook.com\/victor.alvarado.56829446<\/a><\/p>\n<p>Twitter:<span class=\"r-18u37iz\"><a class=\"css-4rbku5 css-18t94o4 css-901oao css-16my406 r-1n1174f r-1loqt21 r-poiln3 r-bcqeeo r-qvutc0\" href=\"https:\/\/twitter.com\/cineylibertad\">@cineylibertad<\/a><\/span><\/p>\n<div class=\"clearfix\">\n<div class=\"std\">\n<p>&nbsp;<\/p>\n<\/div>\n<\/div>\n<p>&nbsp;<\/p>\n","protected":false},"excerpt":{"rendered":"<p>Chinas-Arantxa Echevarr\u00eda, la conexi\u00f3n entre oriente y occidente. \u00bfPor qu\u00e9 esta pel\u00edcula ofrece varios puntos de vista? Puedes escuchar mi comentario a t\u00edtulo informativo\u2026 Ir a descargar \u00a1Lectores y amigos de Cine y Libertad! Esta es la sinopsis oficial de&#8230;Chinas-Arantxa Echevarr\u00eda, la conexi\u00f3n entre oriente y occidente: En un colegio coinciden al comienzo de curso [&hellip;]<\/p>\n","protected":false},"author":7,"featured_media":6510,"comment_status":"open","ping_status":"open","sticky":false,"template":"","format":"standard","meta":{"footnotes":""},"categories":[3,893,52],"tags":[2917,2914,2916,894,1386,2915],"class_list":["post-6506","post","type-post","status-publish","format-standard","has-post-thumbnail","hentry","category-cine","category-cine-espanol","category-infancia","tag-arantxa-echevarria","tag-chinas-arantxa-echevarria","tag-chinas-arantxa-echevarria-la-conexion-entre-oriente-y-occidente","tag-cine-espanol","tag-infancia","tag-la-conexion-entre-oriente-y-occidente"],"yoast_head":"<!-- This site is optimized with the Yoast SEO plugin v27.4 - https:\/\/yoast.com\/product\/yoast-seo-wordpress\/ -->\n<title>Chinas-Arantxa Echevarr\u00eda, la conexi\u00f3n entre oriente y occidente<\/title>\n<meta name=\"description\" content=\"Chinas-Arantxa Echevarr\u00eda, la conexi\u00f3n entre oriente y occidente. \u00bfPor qu\u00e9 esta pel\u00edcula ofrece varios puntos de vista? Chinas\" \/>\n<meta name=\"robots\" content=\"index, follow, max-snippet:-1, max-image-preview:large, max-video-preview:-1\" \/>\n<link rel=\"canonical\" href=\"https:\/\/www.cope.es\/blogs\/cine-y-libertad\/2023\/10\/09\/chinas-arantxa-echevarria-la-conexion-entre-oriente-y-occidente\/\" \/>\n<meta property=\"og:locale\" content=\"es_ES\" \/>\n<meta property=\"og:type\" content=\"article\" \/>\n<meta property=\"og:title\" content=\"Chinas-Arantxa Echevarr\u00eda, la conexi\u00f3n entre oriente y occidente\" \/>\n<meta property=\"og:description\" content=\"Chinas-Arantxa Echevarr\u00eda, la conexi\u00f3n entre oriente y occidente. \u00bfPor qu\u00e9 esta pel\u00edcula ofrece varios puntos de vista? Chinas\" \/>\n<meta property=\"og:url\" content=\"https:\/\/www.cope.es\/blogs\/cine-y-libertad\/2023\/10\/09\/chinas-arantxa-echevarria-la-conexion-entre-oriente-y-occidente\/\" \/>\n<meta property=\"og:site_name\" content=\"Cine y Libertad\" \/>\n<meta property=\"article:publisher\" content=\"https:\/\/www.facebook.com\/cope\/\" \/>\n<meta property=\"article:author\" content=\"https:\/\/www.facebook.com\/victor.alvarado.56829446\" \/>\n<meta property=\"article:published_time\" content=\"2023-10-09T11:24:03+00:00\" \/>\n<meta property=\"og:image\" content=\"https:\/\/www.cope.es\/blogs\/cine-y-libertad\/wp-content\/uploads\/sites\/7\/2023\/10\/chinas.jpg\" \/>\n\t<meta property=\"og:image:width\" content=\"266\" \/>\n\t<meta property=\"og:image:height\" content=\"189\" \/>\n\t<meta property=\"og:image:type\" content=\"image\/jpeg\" \/>\n<meta name=\"author\" content=\"V\u00edctor Alvarado\" \/>\n<meta name=\"twitter:card\" content=\"summary_large_image\" \/>\n<meta name=\"twitter:creator\" content=\"@cineylibertad\" \/>\n<meta name=\"twitter:site\" content=\"@cope_es\" \/>\n<meta name=\"twitter:label1\" content=\"Escrito por\" \/>\n\t<meta name=\"twitter:data1\" content=\"V\u00edctor Alvarado\" \/>\n\t<meta name=\"twitter:label2\" content=\"Tiempo de lectura\" \/>\n\t<meta name=\"twitter:data2\" content=\"3 minutos\" \/>\n<script type=\"application\/ld+json\" class=\"yoast-schema-graph\">{\"@context\":\"https:\\\/\\\/schema.org\",\"@graph\":[{\"@type\":\"Article\",\"@id\":\"https:\\\/\\\/www.cope.es\\\/blogs\\\/cine-y-libertad\\\/2023\\\/10\\\/09\\\/chinas-arantxa-echevarria-la-conexion-entre-oriente-y-occidente\\\/#article\",\"isPartOf\":{\"@id\":\"https:\\\/\\\/www.cope.es\\\/blogs\\\/cine-y-libertad\\\/2023\\\/10\\\/09\\\/chinas-arantxa-echevarria-la-conexion-entre-oriente-y-occidente\\\/\"},\"author\":{\"name\":\"V\u00edctor Alvarado\",\"@id\":\"https:\\\/\\\/www.cope.es\\\/blogs\\\/cine-y-libertad\\\/#\\\/schema\\\/person\\\/c95904a4fbf751a8d9124f8fa8bdaace\"},\"headline\":\"Chinas-Arantxa Echevarr\u00eda, la conexi\u00f3n entre oriente y occidente\",\"datePublished\":\"2023-10-09T11:24:03+00:00\",\"mainEntityOfPage\":{\"@id\":\"https:\\\/\\\/www.cope.es\\\/blogs\\\/cine-y-libertad\\\/2023\\\/10\\\/09\\\/chinas-arantxa-echevarria-la-conexion-entre-oriente-y-occidente\\\/\"},\"wordCount\":546,\"commentCount\":0,\"image\":{\"@id\":\"https:\\\/\\\/www.cope.es\\\/blogs\\\/cine-y-libertad\\\/2023\\\/10\\\/09\\\/chinas-arantxa-echevarria-la-conexion-entre-oriente-y-occidente\\\/#primaryimage\"},\"thumbnailUrl\":\"https:\\\/\\\/www.cope.es\\\/blogs\\\/cine-y-libertad\\\/wp-content\\\/uploads\\\/sites\\\/7\\\/2023\\\/10\\\/chinas.jpg\",\"keywords\":[\"Arantxa Echevarr\u00eda\",\"Chinas-Arantxa Echevarr\u00eda\",\"Chinas-Arantxa Echevarr\u00eda la conexi\u00f3n entre oriente y occidente\",\"cine espa\u00f1ol\",\"infancia\",\"la conexi\u00f3n entre oriente y occidente\"],\"articleSection\":[\"cine\",\"cine espa\u00f1ol\",\"infancia\"],\"inLanguage\":\"es\",\"potentialAction\":[{\"@type\":\"CommentAction\",\"name\":\"Comment\",\"target\":[\"https:\\\/\\\/www.cope.es\\\/blogs\\\/cine-y-libertad\\\/2023\\\/10\\\/09\\\/chinas-arantxa-echevarria-la-conexion-entre-oriente-y-occidente\\\/#respond\"]}]},{\"@type\":\"WebPage\",\"@id\":\"https:\\\/\\\/www.cope.es\\\/blogs\\\/cine-y-libertad\\\/2023\\\/10\\\/09\\\/chinas-arantxa-echevarria-la-conexion-entre-oriente-y-occidente\\\/\",\"url\":\"https:\\\/\\\/www.cope.es\\\/blogs\\\/cine-y-libertad\\\/2023\\\/10\\\/09\\\/chinas-arantxa-echevarria-la-conexion-entre-oriente-y-occidente\\\/\",\"name\":\"Chinas-Arantxa Echevarr\u00eda, la conexi\u00f3n entre oriente y occidente\",\"isPartOf\":{\"@id\":\"https:\\\/\\\/www.cope.es\\\/blogs\\\/cine-y-libertad\\\/#website\"},\"primaryImageOfPage\":{\"@id\":\"https:\\\/\\\/www.cope.es\\\/blogs\\\/cine-y-libertad\\\/2023\\\/10\\\/09\\\/chinas-arantxa-echevarria-la-conexion-entre-oriente-y-occidente\\\/#primaryimage\"},\"image\":{\"@id\":\"https:\\\/\\\/www.cope.es\\\/blogs\\\/cine-y-libertad\\\/2023\\\/10\\\/09\\\/chinas-arantxa-echevarria-la-conexion-entre-oriente-y-occidente\\\/#primaryimage\"},\"thumbnailUrl\":\"https:\\\/\\\/www.cope.es\\\/blogs\\\/cine-y-libertad\\\/wp-content\\\/uploads\\\/sites\\\/7\\\/2023\\\/10\\\/chinas.jpg\",\"datePublished\":\"2023-10-09T11:24:03+00:00\",\"author\":{\"@id\":\"https:\\\/\\\/www.cope.es\\\/blogs\\\/cine-y-libertad\\\/#\\\/schema\\\/person\\\/c95904a4fbf751a8d9124f8fa8bdaace\"},\"description\":\"Chinas-Arantxa Echevarr\u00eda, la conexi\u00f3n entre oriente y occidente. \u00bfPor qu\u00e9 esta pel\u00edcula ofrece varios puntos de vista? Chinas\",\"breadcrumb\":{\"@id\":\"https:\\\/\\\/www.cope.es\\\/blogs\\\/cine-y-libertad\\\/2023\\\/10\\\/09\\\/chinas-arantxa-echevarria-la-conexion-entre-oriente-y-occidente\\\/#breadcrumb\"},\"inLanguage\":\"es\",\"potentialAction\":[{\"@type\":\"ReadAction\",\"target\":[\"https:\\\/\\\/www.cope.es\\\/blogs\\\/cine-y-libertad\\\/2023\\\/10\\\/09\\\/chinas-arantxa-echevarria-la-conexion-entre-oriente-y-occidente\\\/\"]}]},{\"@type\":\"ImageObject\",\"inLanguage\":\"es\",\"@id\":\"https:\\\/\\\/www.cope.es\\\/blogs\\\/cine-y-libertad\\\/2023\\\/10\\\/09\\\/chinas-arantxa-echevarria-la-conexion-entre-oriente-y-occidente\\\/#primaryimage\",\"url\":\"https:\\\/\\\/www.cope.es\\\/blogs\\\/cine-y-libertad\\\/wp-content\\\/uploads\\\/sites\\\/7\\\/2023\\\/10\\\/chinas.jpg\",\"contentUrl\":\"https:\\\/\\\/www.cope.es\\\/blogs\\\/cine-y-libertad\\\/wp-content\\\/uploads\\\/sites\\\/7\\\/2023\\\/10\\\/chinas.jpg\",\"width\":266,\"height\":189},{\"@type\":\"BreadcrumbList\",\"@id\":\"https:\\\/\\\/www.cope.es\\\/blogs\\\/cine-y-libertad\\\/2023\\\/10\\\/09\\\/chinas-arantxa-echevarria-la-conexion-entre-oriente-y-occidente\\\/#breadcrumb\",\"itemListElement\":[{\"@type\":\"ListItem\",\"position\":1,\"name\":\"Portada\",\"item\":\"https:\\\/\\\/www.cope.es\\\/blogs\\\/cine-y-libertad\\\/\"},{\"@type\":\"ListItem\",\"position\":2,\"name\":\"Chinas-Arantxa Echevarr\u00eda, la conexi\u00f3n entre oriente y occidente\"}]},{\"@type\":\"WebSite\",\"@id\":\"https:\\\/\\\/www.cope.es\\\/blogs\\\/cine-y-libertad\\\/#website\",\"url\":\"https:\\\/\\\/www.cope.es\\\/blogs\\\/cine-y-libertad\\\/\",\"name\":\"Cine y Libertad\",\"description\":\"Cine y Libertad un blog de COPE\",\"potentialAction\":[{\"@type\":\"SearchAction\",\"target\":{\"@type\":\"EntryPoint\",\"urlTemplate\":\"https:\\\/\\\/www.cope.es\\\/blogs\\\/cine-y-libertad\\\/?s={search_term_string}\"},\"query-input\":{\"@type\":\"PropertyValueSpecification\",\"valueRequired\":true,\"valueName\":\"search_term_string\"}}],\"inLanguage\":\"es\"},{\"@type\":\"Person\",\"@id\":\"https:\\\/\\\/www.cope.es\\\/blogs\\\/cine-y-libertad\\\/#\\\/schema\\\/person\\\/c95904a4fbf751a8d9124f8fa8bdaace\",\"name\":\"V\u00edctor Alvarado\",\"image\":{\"@type\":\"ImageObject\",\"inLanguage\":\"es\",\"@id\":\"https:\\\/\\\/secure.gravatar.com\\\/avatar\\\/db4634ae2001f7f920b8294d926f3e737ada04196e014ebacae29a4848f905f4?s=96&d=mm&r=g\",\"url\":\"https:\\\/\\\/secure.gravatar.com\\\/avatar\\\/db4634ae2001f7f920b8294d926f3e737ada04196e014ebacae29a4848f905f4?s=96&d=mm&r=g\",\"contentUrl\":\"https:\\\/\\\/secure.gravatar.com\\\/avatar\\\/db4634ae2001f7f920b8294d926f3e737ada04196e014ebacae29a4848f905f4?s=96&d=mm&r=g\",\"caption\":\"V\u00edctor Alvarado\"},\"description\":\"V\u00edctor Alvarado tiene una larga experiencia tanto en medios de comunicaci\u00f3n como en educaci\u00f3n. Dirige el programa de radio, Directo a las Estrellas, en Intereconom\u00eda (Castilla y Le\u00f3n) y Informa Radio en toda Espa\u00f1a. Ha colaborado en Radio Inter y Esradio. Cr\u00edtico de cine en Pantalla 90, Diario Ya y P\u00e1ginas Digital. Es miembro del CEC. Es el autor de libro: La fe, la \u00e9tica y los valores de los superh\u00e9roes (PPC). Esta es su web: www.cineylibertad.com y, por supuesto, lleva m\u00e1s de 5 a\u00f1os como bloguero de Cope, donde analiza el cine, los c\u00f3mics y los libros desde una \u00f3ptica antropol\u00f3gica y axiol\u00f3gica, atendiendo a todas las dimensiones del ser humano.\",\"sameAs\":[\"http:\\\/\\\/www.cineylibertad.com\",\"https:\\\/\\\/www.facebook.com\\\/victor.alvarado.56829446\",\"https:\\\/\\\/www.instagram.com\\\/cineylibertad\\\/\",\"https:\\\/\\\/x.com\\\/cineylibertad\"],\"url\":\"https:\\\/\\\/www.cope.es\\\/blogs\\\/cine-y-libertad\\\/author\\\/valvarado\\\/\"}]}<\/script>\n<!-- \/ Yoast SEO plugin. -->","yoast_head_json":{"title":"Chinas-Arantxa Echevarr\u00eda, la conexi\u00f3n entre oriente y occidente","description":"Chinas-Arantxa Echevarr\u00eda, la conexi\u00f3n entre oriente y occidente. \u00bfPor qu\u00e9 esta pel\u00edcula ofrece varios puntos de vista? Chinas","robots":{"index":"index","follow":"follow","max-snippet":"max-snippet:-1","max-image-preview":"max-image-preview:large","max-video-preview":"max-video-preview:-1"},"canonical":"https:\/\/www.cope.es\/blogs\/cine-y-libertad\/2023\/10\/09\/chinas-arantxa-echevarria-la-conexion-entre-oriente-y-occidente\/","og_locale":"es_ES","og_type":"article","og_title":"Chinas-Arantxa Echevarr\u00eda, la conexi\u00f3n entre oriente y occidente","og_description":"Chinas-Arantxa Echevarr\u00eda, la conexi\u00f3n entre oriente y occidente. \u00bfPor qu\u00e9 esta pel\u00edcula ofrece varios puntos de vista? Chinas","og_url":"https:\/\/www.cope.es\/blogs\/cine-y-libertad\/2023\/10\/09\/chinas-arantxa-echevarria-la-conexion-entre-oriente-y-occidente\/","og_site_name":"Cine y Libertad","article_publisher":"https:\/\/www.facebook.com\/cope\/","article_author":"https:\/\/www.facebook.com\/victor.alvarado.56829446","article_published_time":"2023-10-09T11:24:03+00:00","og_image":[{"width":266,"height":189,"url":"https:\/\/www.cope.es\/blogs\/cine-y-libertad\/wp-content\/uploads\/sites\/7\/2023\/10\/chinas.jpg","type":"image\/jpeg"}],"author":"V\u00edctor Alvarado","twitter_card":"summary_large_image","twitter_creator":"@cineylibertad","twitter_site":"@cope_es","twitter_misc":{"Escrito por":"V\u00edctor Alvarado","Tiempo de lectura":"3 minutos"},"schema":{"@context":"https:\/\/schema.org","@graph":[{"@type":"Article","@id":"https:\/\/www.cope.es\/blogs\/cine-y-libertad\/2023\/10\/09\/chinas-arantxa-echevarria-la-conexion-entre-oriente-y-occidente\/#article","isPartOf":{"@id":"https:\/\/www.cope.es\/blogs\/cine-y-libertad\/2023\/10\/09\/chinas-arantxa-echevarria-la-conexion-entre-oriente-y-occidente\/"},"author":{"name":"V\u00edctor Alvarado","@id":"https:\/\/www.cope.es\/blogs\/cine-y-libertad\/#\/schema\/person\/c95904a4fbf751a8d9124f8fa8bdaace"},"headline":"Chinas-Arantxa Echevarr\u00eda, la conexi\u00f3n entre oriente y occidente","datePublished":"2023-10-09T11:24:03+00:00","mainEntityOfPage":{"@id":"https:\/\/www.cope.es\/blogs\/cine-y-libertad\/2023\/10\/09\/chinas-arantxa-echevarria-la-conexion-entre-oriente-y-occidente\/"},"wordCount":546,"commentCount":0,"image":{"@id":"https:\/\/www.cope.es\/blogs\/cine-y-libertad\/2023\/10\/09\/chinas-arantxa-echevarria-la-conexion-entre-oriente-y-occidente\/#primaryimage"},"thumbnailUrl":"https:\/\/www.cope.es\/blogs\/cine-y-libertad\/wp-content\/uploads\/sites\/7\/2023\/10\/chinas.jpg","keywords":["Arantxa Echevarr\u00eda","Chinas-Arantxa Echevarr\u00eda","Chinas-Arantxa Echevarr\u00eda la conexi\u00f3n entre oriente y occidente","cine espa\u00f1ol","infancia","la conexi\u00f3n entre oriente y occidente"],"articleSection":["cine","cine espa\u00f1ol","infancia"],"inLanguage":"es","potentialAction":[{"@type":"CommentAction","name":"Comment","target":["https:\/\/www.cope.es\/blogs\/cine-y-libertad\/2023\/10\/09\/chinas-arantxa-echevarria-la-conexion-entre-oriente-y-occidente\/#respond"]}]},{"@type":"WebPage","@id":"https:\/\/www.cope.es\/blogs\/cine-y-libertad\/2023\/10\/09\/chinas-arantxa-echevarria-la-conexion-entre-oriente-y-occidente\/","url":"https:\/\/www.cope.es\/blogs\/cine-y-libertad\/2023\/10\/09\/chinas-arantxa-echevarria-la-conexion-entre-oriente-y-occidente\/","name":"Chinas-Arantxa Echevarr\u00eda, la conexi\u00f3n entre oriente y occidente","isPartOf":{"@id":"https:\/\/www.cope.es\/blogs\/cine-y-libertad\/#website"},"primaryImageOfPage":{"@id":"https:\/\/www.cope.es\/blogs\/cine-y-libertad\/2023\/10\/09\/chinas-arantxa-echevarria-la-conexion-entre-oriente-y-occidente\/#primaryimage"},"image":{"@id":"https:\/\/www.cope.es\/blogs\/cine-y-libertad\/2023\/10\/09\/chinas-arantxa-echevarria-la-conexion-entre-oriente-y-occidente\/#primaryimage"},"thumbnailUrl":"https:\/\/www.cope.es\/blogs\/cine-y-libertad\/wp-content\/uploads\/sites\/7\/2023\/10\/chinas.jpg","datePublished":"2023-10-09T11:24:03+00:00","author":{"@id":"https:\/\/www.cope.es\/blogs\/cine-y-libertad\/#\/schema\/person\/c95904a4fbf751a8d9124f8fa8bdaace"},"description":"Chinas-Arantxa Echevarr\u00eda, la conexi\u00f3n entre oriente y occidente. \u00bfPor qu\u00e9 esta pel\u00edcula ofrece varios puntos de vista? Chinas","breadcrumb":{"@id":"https:\/\/www.cope.es\/blogs\/cine-y-libertad\/2023\/10\/09\/chinas-arantxa-echevarria-la-conexion-entre-oriente-y-occidente\/#breadcrumb"},"inLanguage":"es","potentialAction":[{"@type":"ReadAction","target":["https:\/\/www.cope.es\/blogs\/cine-y-libertad\/2023\/10\/09\/chinas-arantxa-echevarria-la-conexion-entre-oriente-y-occidente\/"]}]},{"@type":"ImageObject","inLanguage":"es","@id":"https:\/\/www.cope.es\/blogs\/cine-y-libertad\/2023\/10\/09\/chinas-arantxa-echevarria-la-conexion-entre-oriente-y-occidente\/#primaryimage","url":"https:\/\/www.cope.es\/blogs\/cine-y-libertad\/wp-content\/uploads\/sites\/7\/2023\/10\/chinas.jpg","contentUrl":"https:\/\/www.cope.es\/blogs\/cine-y-libertad\/wp-content\/uploads\/sites\/7\/2023\/10\/chinas.jpg","width":266,"height":189},{"@type":"BreadcrumbList","@id":"https:\/\/www.cope.es\/blogs\/cine-y-libertad\/2023\/10\/09\/chinas-arantxa-echevarria-la-conexion-entre-oriente-y-occidente\/#breadcrumb","itemListElement":[{"@type":"ListItem","position":1,"name":"Portada","item":"https:\/\/www.cope.es\/blogs\/cine-y-libertad\/"},{"@type":"ListItem","position":2,"name":"Chinas-Arantxa Echevarr\u00eda, la conexi\u00f3n entre oriente y occidente"}]},{"@type":"WebSite","@id":"https:\/\/www.cope.es\/blogs\/cine-y-libertad\/#website","url":"https:\/\/www.cope.es\/blogs\/cine-y-libertad\/","name":"Cine y Libertad","description":"Cine y Libertad un blog de COPE","potentialAction":[{"@type":"SearchAction","target":{"@type":"EntryPoint","urlTemplate":"https:\/\/www.cope.es\/blogs\/cine-y-libertad\/?s={search_term_string}"},"query-input":{"@type":"PropertyValueSpecification","valueRequired":true,"valueName":"search_term_string"}}],"inLanguage":"es"},{"@type":"Person","@id":"https:\/\/www.cope.es\/blogs\/cine-y-libertad\/#\/schema\/person\/c95904a4fbf751a8d9124f8fa8bdaace","name":"V\u00edctor Alvarado","image":{"@type":"ImageObject","inLanguage":"es","@id":"https:\/\/secure.gravatar.com\/avatar\/db4634ae2001f7f920b8294d926f3e737ada04196e014ebacae29a4848f905f4?s=96&d=mm&r=g","url":"https:\/\/secure.gravatar.com\/avatar\/db4634ae2001f7f920b8294d926f3e737ada04196e014ebacae29a4848f905f4?s=96&d=mm&r=g","contentUrl":"https:\/\/secure.gravatar.com\/avatar\/db4634ae2001f7f920b8294d926f3e737ada04196e014ebacae29a4848f905f4?s=96&d=mm&r=g","caption":"V\u00edctor Alvarado"},"description":"V\u00edctor Alvarado tiene una larga experiencia tanto en medios de comunicaci\u00f3n como en educaci\u00f3n. Dirige el programa de radio, Directo a las Estrellas, en Intereconom\u00eda (Castilla y Le\u00f3n) y Informa Radio en toda Espa\u00f1a. Ha colaborado en Radio Inter y Esradio. Cr\u00edtico de cine en Pantalla 90, Diario Ya y P\u00e1ginas Digital. Es miembro del CEC. Es el autor de libro: La fe, la \u00e9tica y los valores de los superh\u00e9roes (PPC). Esta es su web: www.cineylibertad.com y, por supuesto, lleva m\u00e1s de 5 a\u00f1os como bloguero de Cope, donde analiza el cine, los c\u00f3mics y los libros desde una \u00f3ptica antropol\u00f3gica y axiol\u00f3gica, atendiendo a todas las dimensiones del ser humano.","sameAs":["http:\/\/www.cineylibertad.com","https:\/\/www.facebook.com\/victor.alvarado.56829446","https:\/\/www.instagram.com\/cineylibertad\/","https:\/\/x.com\/cineylibertad"],"url":"https:\/\/www.cope.es\/blogs\/cine-y-libertad\/author\/valvarado\/"}]}},"amp_enabled":true,"_links":{"self":[{"href":"https:\/\/www.cope.es\/blogs\/cine-y-libertad\/wp-json\/wp\/v2\/posts\/6506","targetHints":{"allow":["GET"]}}],"collection":[{"href":"https:\/\/www.cope.es\/blogs\/cine-y-libertad\/wp-json\/wp\/v2\/posts"}],"about":[{"href":"https:\/\/www.cope.es\/blogs\/cine-y-libertad\/wp-json\/wp\/v2\/types\/post"}],"author":[{"embeddable":true,"href":"https:\/\/www.cope.es\/blogs\/cine-y-libertad\/wp-json\/wp\/v2\/users\/7"}],"replies":[{"embeddable":true,"href":"https:\/\/www.cope.es\/blogs\/cine-y-libertad\/wp-json\/wp\/v2\/comments?post=6506"}],"version-history":[{"count":2,"href":"https:\/\/www.cope.es\/blogs\/cine-y-libertad\/wp-json\/wp\/v2\/posts\/6506\/revisions"}],"predecessor-version":[{"id":6512,"href":"https:\/\/www.cope.es\/blogs\/cine-y-libertad\/wp-json\/wp\/v2\/posts\/6506\/revisions\/6512"}],"wp:featuredmedia":[{"embeddable":true,"href":"https:\/\/www.cope.es\/blogs\/cine-y-libertad\/wp-json\/wp\/v2\/media\/6510"}],"wp:attachment":[{"href":"https:\/\/www.cope.es\/blogs\/cine-y-libertad\/wp-json\/wp\/v2\/media?parent=6506"}],"wp:term":[{"taxonomy":"category","embeddable":true,"href":"https:\/\/www.cope.es\/blogs\/cine-y-libertad\/wp-json\/wp\/v2\/categories?post=6506"},{"taxonomy":"post_tag","embeddable":true,"href":"https:\/\/www.cope.es\/blogs\/cine-y-libertad\/wp-json\/wp\/v2\/tags?post=6506"}],"curies":[{"name":"wp","href":"https:\/\/api.w.org\/{rel}","templated":true}]}}