{"id":6467,"date":"2023-10-03T15:13:03","date_gmt":"2023-10-03T13:13:03","guid":{"rendered":"http:\/\/www.cope.es\/blogs\/cine-y-libertad\/?p=6467"},"modified":"2023-10-03T15:14:55","modified_gmt":"2023-10-03T13:14:55","slug":"spider-el-dia-en-que-jerry-siegel-le-dio-de-su-propia-medicina-a-stan-lee","status":"publish","type":"post","link":"https:\/\/www.cope.es\/blogs\/cine-y-libertad\/2023\/10\/03\/spider-el-dia-en-que-jerry-siegel-le-dio-de-su-propia-medicina-a-stan-lee\/","title":{"rendered":"Spider-El d\u00eda en que Jerry Siegel le dio de su propia medicina a Stan Lee"},"content":{"rendered":"<p><a href=\"https:\/\/www.ivoox.com\/spider-el-dia-jerry-siegel-le-dio-audios-mp3_rf_117004559_1.html\">Spider-El d\u00eda en que Jerry Siegel le dio de su propia medicina a Stan Lee<\/a>. \u00bfQu\u00e9 gui\u00f1os cin\u00e9filos esconde?<\/p>\n<p>Aqu\u00ed puedes escuchar mi comentario&#8230;<\/p>\n<p><img loading=\"lazy\" decoding=\"async\" width=\"226\" height=\"300\" class=\"alignnone size-medium wp-image-6472\" src=\"http:\/\/www.cope.es\/blogs\/cine-y-libertad\/wp-content\/uploads\/sites\/7\/2023\/10\/spider-el-dia-en-que-jerry-siegel-le-dio-de-su-propia-medicina-a-stan-lee-226x300.jpg\" alt=\"\" srcset=\"https:\/\/www.cope.es\/blogs\/cine-y-libertad\/wp-content\/uploads\/sites\/7\/2023\/10\/spider-el-dia-en-que-jerry-siegel-le-dio-de-su-propia-medicina-a-stan-lee-226x300.jpg 226w, https:\/\/www.cope.es\/blogs\/cine-y-libertad\/wp-content\/uploads\/sites\/7\/2023\/10\/spider-el-dia-en-que-jerry-siegel-le-dio-de-su-propia-medicina-a-stan-lee-772x1024.jpg 772w, https:\/\/www.cope.es\/blogs\/cine-y-libertad\/wp-content\/uploads\/sites\/7\/2023\/10\/spider-el-dia-en-que-jerry-siegel-le-dio-de-su-propia-medicina-a-stan-lee-768x1019.jpg 768w, https:\/\/www.cope.es\/blogs\/cine-y-libertad\/wp-content\/uploads\/sites\/7\/2023\/10\/spider-el-dia-en-que-jerry-siegel-le-dio-de-su-propia-medicina-a-stan-lee-1157x1536.jpg 1157w, https:\/\/www.cope.es\/blogs\/cine-y-libertad\/wp-content\/uploads\/sites\/7\/2023\/10\/spider-el-dia-en-que-jerry-siegel-le-dio-de-su-propia-medicina-a-stan-lee-1543x2048.jpg 1543w, https:\/\/www.cope.es\/blogs\/cine-y-libertad\/wp-content\/uploads\/sites\/7\/2023\/10\/spider-el-dia-en-que-jerry-siegel-le-dio-de-su-propia-medicina-a-stan-lee.jpg 1685w\" sizes=\"auto, (max-width: 226px) 100vw, 226px\" \/><\/p>\n<audio class=\"wp-audio-shortcode\" id=\"audio-6467-1\" preload=\"none\" style=\"width: 100%;\" controls=\"controls\"><source type=\"audio\/mpeg\" src=\"https:\/\/www.ivoox.com\/spider-el-dia-jerry-siegel-le-dio_md_117004559_wp_1.mp3?_=1\" \/><a href=\"https:\/\/www.ivoox.com\/spider-el-dia-jerry-siegel-le-dio_md_117004559_wp_1.mp3\">https:\/\/www.ivoox.com\/spider-el-dia-jerry-siegel-le-dio_md_117004559_wp_1.mp3<\/a><\/audio>\n<p><a title=\"Spider-El d\u00eda en que Jerry Siegel le dio de su propia medicina a Stan Lee\" href=\"https:\/\/go.ivoox.com\/rf\/117004559\">Ir a descargar<\/a><\/p>\n<p>\u00a1Lectores y amigos de Cine y Libertad!<\/p>\n<p><a href=\"https:\/\/dolmeneditorial.com\/\">Dolmen Editorial<\/a> nos habla de su c\u00f3mic&#8230;<a href=\"https:\/\/www.ivoox.com\/spider-el-dia-jerry-siegel-le-dio-audios-mp3_rf_117004559_1.html\">Spider-El d\u00eda en que Jerry Siegel le dio de su propia medicina a Stan Lee<\/a>:<\/p>\n<p class=\"v1MsoNormal\">Genios del crimen en guerra Los sucesivos intentos de derrocamiento del rey del crimen neoyorkino pondr\u00e1n a prueba a Spider. Acusado de un crimen que no ha cometido y perseguido por todo el departamento de polic\u00eda, la rendici\u00f3n no puede ser una opci\u00f3n. Descubre dos nuevas aventuras de Spider, donde se enfrenta a las amenazas del Genio del Crimen, a Spider-Boy y a una horda de monstruos rob\u00f3ticos con muchas ganas de venganza. Este tercer volumen de Spider incluye algunas de las mejores historias jam\u00e1s narradas por Jerry Siegel (co-creador de Superman) y Reg Bunn.<\/p>\n<p>Por otra parte, si quieres saber m\u00e1s de Jerry Siegel, puedes escuchar la siguiente rese\u00f1a&#8230;<a href=\"https:\/\/www.ivoox.com\/joe-shuster-una-historia-a-sombra-de-audios-mp3_rf_28865063_1.html\">Joe Shuster. Una historia a la sombra de Superman-Jerry Siegel. Un amigo de verdad<\/a>:<\/p>\n<p><img loading=\"lazy\" decoding=\"async\" width=\"228\" height=\"300\" class=\"alignnone size-medium wp-image-537\" src=\"https:\/\/www.cope.es\/blogs\/cine-y-libertad\/wp-content\/uploads\/sites\/7\/2018\/09\/Portada_JoeShuster-copy-228x300.png\" alt=\"\" srcset=\"https:\/\/www.cope.es\/blogs\/cine-y-libertad\/wp-content\/uploads\/sites\/7\/2018\/09\/Portada_JoeShuster-copy-228x300.png 228w, https:\/\/www.cope.es\/blogs\/cine-y-libertad\/wp-content\/uploads\/sites\/7\/2018\/09\/Portada_JoeShuster-copy.png 242w\" sizes=\"auto, (max-width: 228px) 100vw, 228px\" \/><\/p>\n<p>Puedes escuchar mi comentario<span class=\"fe5nidar khvhiq1o r5qsrrlp i5tg98hk f9ovudaz przvwfww gx1rr48f gfz4du6o r7fjleex nz2484kf svot0ezm dcnh1tix sxl192xd t3g6t33p\"><span class=\"mpj7bzys xzlurrtv\"><img decoding=\"async\" class=\"emoji\" src=\"https:\/\/s.w.org\/images\/core\/emoji\/13.0.1\/svg\/1f399.svg\" alt=\"\ud83c\udf99\ufe0f\" \/><\/span><\/span>en\u00a0<span class=\"fe5nidar khvhiq1o r5qsrrlp i5tg98hk f9ovudaz przvwfww gx1rr48f gfz4du6o r7fjleex nz2484kf svot0ezm dcnh1tix sxl192xd t3g6t33p\"><span class=\"mpj7bzys xzlurrtv\"><img decoding=\"async\" class=\"emoji\" src=\"https:\/\/s.w.org\/images\/core\/emoji\/13.0.1\/svg\/1f4fb.svg\" alt=\"\ud83d\udcfb\" \/><\/span><\/span>\u2026\u00a0<a href=\"https:\/\/www.ivoox.com\/joe-shuster-una-historia-a-sombra-de-audios-mp3_rf_28865063_1.html\">Joe Shuster. Una historia a la sombra de Superman-Jerry Siegel. Un amigo de verdad<\/a>.<\/p>\n<p>La historia de Joe Shuster cuenta la creaci\u00f3n del personaje de Superman a finales de los a\u00f1os 30. Desde c\u00f3mo se conocieron los autores y dieron vida al personaje hasta como intentaron vender el proyecto a las editoriales para que al final fueran explotados, enga\u00f1ados y despojados de sus derechos. La narraci\u00f3n comienza con una primera vi\u00f1eta ficcionada que sirve de excusa para contar la historia a trav\u00e9s de los flashback. A partir de ah\u00ed, los hechos que nos cuentan los autores est\u00e1n inspirados en la vida de Joe Shuster y Jerry Siegel, dibujante y guionista de Superman, respectivamente.<\/p>\n<p><a href=\"https:\/\/www.ivoox.com\/podcast-cine-libertad_sq_f121636_1.html\">V\u00edctor Alvarado<\/a><\/p>\n<div class=\"clearfix\">\n<div class=\"std\">\n<p>Instagram:<a href=\"https:\/\/www.instagram.com\/cineylibertad\/\">https:\/\/www.instagram.com\/cineylibertad\/<\/a><\/p>\n<p>Facebook:\u00a0<a href=\"https:\/\/www.facebook.com\/victor.alvarado.56829446\" target=\"_blank\">https:\/\/www.facebook.com\/victor.alvarado.56829446<\/a><\/p>\n<p>Twitter:<span class=\"r-18u37iz\"><a class=\"css-4rbku5 css-18t94o4 css-901oao css-16my406 r-1n1174f r-1loqt21 r-poiln3 r-bcqeeo r-qvutc0\" href=\"https:\/\/twitter.com\/cineylibertad\">@cineylibertad<\/a><\/span><\/p>\n<\/div>\n<\/div>\n<p>&nbsp;<\/p>\n","protected":false},"excerpt":{"rendered":"<p>Spider-El d\u00eda en que Jerry Siegel le dio de su propia medicina a Stan Lee. \u00bfQu\u00e9 gui\u00f1os cin\u00e9filos esconde? Aqu\u00ed puedes escuchar mi comentario&#8230; Ir a descargar \u00a1Lectores y amigos de Cine y Libertad! Dolmen Editorial nos habla de su c\u00f3mic&#8230;Spider-El d\u00eda en que Jerry Siegel le dio de su propia medicina a Stan Lee: [&hellip;]<\/p>\n","protected":false},"author":7,"featured_media":6472,"comment_status":"open","ping_status":"open","sticky":false,"template":"","format":"standard","meta":{"footnotes":""},"categories":[73,85,4,22],"tags":[2007,935,2898,2899,2897,2900],"class_list":["post-6467","post","type-post","status-publish","format-standard","has-post-thumbnail","hentry","category-accion","category-aventuras","category-comics","category-historia","tag-accion","tag-aventuras","tag-jerry-siegel","tag-reg-bunn","tag-spider","tag-spider-el-dia-en-que-jerry-siegel-le-dio-de-su-propia-medicina-a-stan-lee"],"yoast_head":"<!-- This site is optimized with the Yoast SEO plugin v27.4 - https:\/\/yoast.com\/product\/yoast-seo-wordpress\/ -->\n<title>Spider-El d\u00eda en que Jerry Siegel le dio de su propia medicina a Stan Lee<\/title>\n<meta name=\"robots\" content=\"index, follow, max-snippet:-1, max-image-preview:large, max-video-preview:-1\" \/>\n<link rel=\"canonical\" href=\"https:\/\/www.cope.es\/blogs\/cine-y-libertad\/2023\/10\/03\/spider-el-dia-en-que-jerry-siegel-le-dio-de-su-propia-medicina-a-stan-lee\/\" \/>\n<meta property=\"og:locale\" content=\"es_ES\" \/>\n<meta property=\"og:type\" content=\"article\" \/>\n<meta property=\"og:title\" content=\"Spider-El d\u00eda en que Jerry Siegel le dio de su propia medicina a Stan Lee\" \/>\n<meta property=\"og:description\" content=\"Spider-El d\u00eda en que Jerry Siegel le dio de su propia medicina a Stan Lee. \u00bfQu\u00e9 gui\u00f1os cin\u00e9filos esconde? Aqu\u00ed puedes escuchar mi comentario&#8230; Ir a descargar \u00a1Lectores y amigos de Cine y Libertad! Dolmen Editorial nos habla de su c\u00f3mic&#8230;Spider-El d\u00eda en que Jerry Siegel le dio de su propia medicina a Stan Lee: [&hellip;]\" \/>\n<meta property=\"og:url\" content=\"https:\/\/www.cope.es\/blogs\/cine-y-libertad\/2023\/10\/03\/spider-el-dia-en-que-jerry-siegel-le-dio-de-su-propia-medicina-a-stan-lee\/\" \/>\n<meta property=\"og:site_name\" content=\"Cine y Libertad\" \/>\n<meta property=\"article:publisher\" content=\"https:\/\/www.facebook.com\/cope\/\" \/>\n<meta property=\"article:author\" content=\"https:\/\/www.facebook.com\/victor.alvarado.56829446\" \/>\n<meta property=\"article:published_time\" content=\"2023-10-03T13:13:03+00:00\" \/>\n<meta property=\"article:modified_time\" content=\"2023-10-03T13:14:55+00:00\" \/>\n<meta property=\"og:image\" content=\"https:\/\/www.cope.es\/blogs\/cine-y-libertad\/wp-content\/uploads\/sites\/7\/2023\/10\/spider-el-dia-en-que-jerry-siegel-le-dio-de-su-propia-medicina-a-stan-lee.jpg\" \/>\n\t<meta property=\"og:image:width\" content=\"1685\" \/>\n\t<meta property=\"og:image:height\" content=\"2236\" \/>\n\t<meta property=\"og:image:type\" content=\"image\/jpeg\" \/>\n<meta name=\"author\" content=\"V\u00edctor Alvarado\" \/>\n<meta name=\"twitter:card\" content=\"summary_large_image\" \/>\n<meta name=\"twitter:creator\" content=\"@cineylibertad\" \/>\n<meta name=\"twitter:site\" content=\"@cope_es\" \/>\n<meta name=\"twitter:label1\" content=\"Escrito por\" \/>\n\t<meta name=\"twitter:data1\" content=\"V\u00edctor Alvarado\" \/>\n\t<meta name=\"twitter:label2\" content=\"Tiempo de lectura\" \/>\n\t<meta name=\"twitter:data2\" content=\"2 minutos\" \/>\n<script type=\"application\/ld+json\" class=\"yoast-schema-graph\">{\"@context\":\"https:\\\/\\\/schema.org\",\"@graph\":[{\"@type\":\"Article\",\"@id\":\"https:\\\/\\\/www.cope.es\\\/blogs\\\/cine-y-libertad\\\/2023\\\/10\\\/03\\\/spider-el-dia-en-que-jerry-siegel-le-dio-de-su-propia-medicina-a-stan-lee\\\/#article\",\"isPartOf\":{\"@id\":\"https:\\\/\\\/www.cope.es\\\/blogs\\\/cine-y-libertad\\\/2023\\\/10\\\/03\\\/spider-el-dia-en-que-jerry-siegel-le-dio-de-su-propia-medicina-a-stan-lee\\\/\"},\"author\":{\"name\":\"V\u00edctor Alvarado\",\"@id\":\"https:\\\/\\\/www.cope.es\\\/blogs\\\/cine-y-libertad\\\/#\\\/schema\\\/person\\\/c95904a4fbf751a8d9124f8fa8bdaace\"},\"headline\":\"Spider-El d\u00eda en que Jerry Siegel le dio de su propia medicina a Stan Lee\",\"datePublished\":\"2023-10-03T13:13:03+00:00\",\"dateModified\":\"2023-10-03T13:14:55+00:00\",\"mainEntityOfPage\":{\"@id\":\"https:\\\/\\\/www.cope.es\\\/blogs\\\/cine-y-libertad\\\/2023\\\/10\\\/03\\\/spider-el-dia-en-que-jerry-siegel-le-dio-de-su-propia-medicina-a-stan-lee\\\/\"},\"wordCount\":363,\"commentCount\":0,\"image\":{\"@id\":\"https:\\\/\\\/www.cope.es\\\/blogs\\\/cine-y-libertad\\\/2023\\\/10\\\/03\\\/spider-el-dia-en-que-jerry-siegel-le-dio-de-su-propia-medicina-a-stan-lee\\\/#primaryimage\"},\"thumbnailUrl\":\"https:\\\/\\\/www.cope.es\\\/blogs\\\/cine-y-libertad\\\/wp-content\\\/uploads\\\/sites\\\/7\\\/2023\\\/10\\\/spider-el-dia-en-que-jerry-siegel-le-dio-de-su-propia-medicina-a-stan-lee.jpg\",\"keywords\":[\"acci\u00f3n\",\"aventuras\",\"Jerry Siegel\",\"Reg Bunn\",\"Spider\",\"Spider-El d\u00eda en que Jerry Siegel le dio de su propia medicina a Stan Lee\"],\"articleSection\":[\"acci\u00f3n\",\"aventuras\",\"c\u00f3mics\",\"historia\"],\"inLanguage\":\"es\",\"potentialAction\":[{\"@type\":\"CommentAction\",\"name\":\"Comment\",\"target\":[\"https:\\\/\\\/www.cope.es\\\/blogs\\\/cine-y-libertad\\\/2023\\\/10\\\/03\\\/spider-el-dia-en-que-jerry-siegel-le-dio-de-su-propia-medicina-a-stan-lee\\\/#respond\"]}]},{\"@type\":\"WebPage\",\"@id\":\"https:\\\/\\\/www.cope.es\\\/blogs\\\/cine-y-libertad\\\/2023\\\/10\\\/03\\\/spider-el-dia-en-que-jerry-siegel-le-dio-de-su-propia-medicina-a-stan-lee\\\/\",\"url\":\"https:\\\/\\\/www.cope.es\\\/blogs\\\/cine-y-libertad\\\/2023\\\/10\\\/03\\\/spider-el-dia-en-que-jerry-siegel-le-dio-de-su-propia-medicina-a-stan-lee\\\/\",\"name\":\"Spider-El d\u00eda en que Jerry Siegel le dio de su propia medicina a Stan Lee\",\"isPartOf\":{\"@id\":\"https:\\\/\\\/www.cope.es\\\/blogs\\\/cine-y-libertad\\\/#website\"},\"primaryImageOfPage\":{\"@id\":\"https:\\\/\\\/www.cope.es\\\/blogs\\\/cine-y-libertad\\\/2023\\\/10\\\/03\\\/spider-el-dia-en-que-jerry-siegel-le-dio-de-su-propia-medicina-a-stan-lee\\\/#primaryimage\"},\"image\":{\"@id\":\"https:\\\/\\\/www.cope.es\\\/blogs\\\/cine-y-libertad\\\/2023\\\/10\\\/03\\\/spider-el-dia-en-que-jerry-siegel-le-dio-de-su-propia-medicina-a-stan-lee\\\/#primaryimage\"},\"thumbnailUrl\":\"https:\\\/\\\/www.cope.es\\\/blogs\\\/cine-y-libertad\\\/wp-content\\\/uploads\\\/sites\\\/7\\\/2023\\\/10\\\/spider-el-dia-en-que-jerry-siegel-le-dio-de-su-propia-medicina-a-stan-lee.jpg\",\"datePublished\":\"2023-10-03T13:13:03+00:00\",\"dateModified\":\"2023-10-03T13:14:55+00:00\",\"author\":{\"@id\":\"https:\\\/\\\/www.cope.es\\\/blogs\\\/cine-y-libertad\\\/#\\\/schema\\\/person\\\/c95904a4fbf751a8d9124f8fa8bdaace\"},\"breadcrumb\":{\"@id\":\"https:\\\/\\\/www.cope.es\\\/blogs\\\/cine-y-libertad\\\/2023\\\/10\\\/03\\\/spider-el-dia-en-que-jerry-siegel-le-dio-de-su-propia-medicina-a-stan-lee\\\/#breadcrumb\"},\"inLanguage\":\"es\",\"potentialAction\":[{\"@type\":\"ReadAction\",\"target\":[\"https:\\\/\\\/www.cope.es\\\/blogs\\\/cine-y-libertad\\\/2023\\\/10\\\/03\\\/spider-el-dia-en-que-jerry-siegel-le-dio-de-su-propia-medicina-a-stan-lee\\\/\"]}]},{\"@type\":\"ImageObject\",\"inLanguage\":\"es\",\"@id\":\"https:\\\/\\\/www.cope.es\\\/blogs\\\/cine-y-libertad\\\/2023\\\/10\\\/03\\\/spider-el-dia-en-que-jerry-siegel-le-dio-de-su-propia-medicina-a-stan-lee\\\/#primaryimage\",\"url\":\"https:\\\/\\\/www.cope.es\\\/blogs\\\/cine-y-libertad\\\/wp-content\\\/uploads\\\/sites\\\/7\\\/2023\\\/10\\\/spider-el-dia-en-que-jerry-siegel-le-dio-de-su-propia-medicina-a-stan-lee.jpg\",\"contentUrl\":\"https:\\\/\\\/www.cope.es\\\/blogs\\\/cine-y-libertad\\\/wp-content\\\/uploads\\\/sites\\\/7\\\/2023\\\/10\\\/spider-el-dia-en-que-jerry-siegel-le-dio-de-su-propia-medicina-a-stan-lee.jpg\",\"width\":1685,\"height\":2236},{\"@type\":\"BreadcrumbList\",\"@id\":\"https:\\\/\\\/www.cope.es\\\/blogs\\\/cine-y-libertad\\\/2023\\\/10\\\/03\\\/spider-el-dia-en-que-jerry-siegel-le-dio-de-su-propia-medicina-a-stan-lee\\\/#breadcrumb\",\"itemListElement\":[{\"@type\":\"ListItem\",\"position\":1,\"name\":\"Portada\",\"item\":\"https:\\\/\\\/www.cope.es\\\/blogs\\\/cine-y-libertad\\\/\"},{\"@type\":\"ListItem\",\"position\":2,\"name\":\"Spider-El d\u00eda en que Jerry Siegel le dio de su propia medicina a Stan Lee\"}]},{\"@type\":\"WebSite\",\"@id\":\"https:\\\/\\\/www.cope.es\\\/blogs\\\/cine-y-libertad\\\/#website\",\"url\":\"https:\\\/\\\/www.cope.es\\\/blogs\\\/cine-y-libertad\\\/\",\"name\":\"Cine y Libertad\",\"description\":\"Cine y Libertad un blog de COPE\",\"potentialAction\":[{\"@type\":\"SearchAction\",\"target\":{\"@type\":\"EntryPoint\",\"urlTemplate\":\"https:\\\/\\\/www.cope.es\\\/blogs\\\/cine-y-libertad\\\/?s={search_term_string}\"},\"query-input\":{\"@type\":\"PropertyValueSpecification\",\"valueRequired\":true,\"valueName\":\"search_term_string\"}}],\"inLanguage\":\"es\"},{\"@type\":\"Person\",\"@id\":\"https:\\\/\\\/www.cope.es\\\/blogs\\\/cine-y-libertad\\\/#\\\/schema\\\/person\\\/c95904a4fbf751a8d9124f8fa8bdaace\",\"name\":\"V\u00edctor Alvarado\",\"image\":{\"@type\":\"ImageObject\",\"inLanguage\":\"es\",\"@id\":\"https:\\\/\\\/secure.gravatar.com\\\/avatar\\\/db4634ae2001f7f920b8294d926f3e737ada04196e014ebacae29a4848f905f4?s=96&d=mm&r=g\",\"url\":\"https:\\\/\\\/secure.gravatar.com\\\/avatar\\\/db4634ae2001f7f920b8294d926f3e737ada04196e014ebacae29a4848f905f4?s=96&d=mm&r=g\",\"contentUrl\":\"https:\\\/\\\/secure.gravatar.com\\\/avatar\\\/db4634ae2001f7f920b8294d926f3e737ada04196e014ebacae29a4848f905f4?s=96&d=mm&r=g\",\"caption\":\"V\u00edctor Alvarado\"},\"description\":\"V\u00edctor Alvarado tiene una larga experiencia tanto en medios de comunicaci\u00f3n como en educaci\u00f3n. Dirige el programa de radio, Directo a las Estrellas, en Intereconom\u00eda (Castilla y Le\u00f3n) y Informa Radio en toda Espa\u00f1a. Ha colaborado en Radio Inter y Esradio. Cr\u00edtico de cine en Pantalla 90, Diario Ya y P\u00e1ginas Digital. Es miembro del CEC. Es el autor de libro: La fe, la \u00e9tica y los valores de los superh\u00e9roes (PPC). Esta es su web: www.cineylibertad.com y, por supuesto, lleva m\u00e1s de 5 a\u00f1os como bloguero de Cope, donde analiza el cine, los c\u00f3mics y los libros desde una \u00f3ptica antropol\u00f3gica y axiol\u00f3gica, atendiendo a todas las dimensiones del ser humano.\",\"sameAs\":[\"http:\\\/\\\/www.cineylibertad.com\",\"https:\\\/\\\/www.facebook.com\\\/victor.alvarado.56829446\",\"https:\\\/\\\/www.instagram.com\\\/cineylibertad\\\/\",\"https:\\\/\\\/x.com\\\/cineylibertad\"],\"url\":\"https:\\\/\\\/www.cope.es\\\/blogs\\\/cine-y-libertad\\\/author\\\/valvarado\\\/\"}]}<\/script>\n<!-- \/ Yoast SEO plugin. -->","yoast_head_json":{"title":"Spider-El d\u00eda en que Jerry Siegel le dio de su propia medicina a Stan Lee","robots":{"index":"index","follow":"follow","max-snippet":"max-snippet:-1","max-image-preview":"max-image-preview:large","max-video-preview":"max-video-preview:-1"},"canonical":"https:\/\/www.cope.es\/blogs\/cine-y-libertad\/2023\/10\/03\/spider-el-dia-en-que-jerry-siegel-le-dio-de-su-propia-medicina-a-stan-lee\/","og_locale":"es_ES","og_type":"article","og_title":"Spider-El d\u00eda en que Jerry Siegel le dio de su propia medicina a Stan Lee","og_description":"Spider-El d\u00eda en que Jerry Siegel le dio de su propia medicina a Stan Lee. \u00bfQu\u00e9 gui\u00f1os cin\u00e9filos esconde? Aqu\u00ed puedes escuchar mi comentario&#8230; Ir a descargar \u00a1Lectores y amigos de Cine y Libertad! Dolmen Editorial nos habla de su c\u00f3mic&#8230;Spider-El d\u00eda en que Jerry Siegel le dio de su propia medicina a Stan Lee: [&hellip;]","og_url":"https:\/\/www.cope.es\/blogs\/cine-y-libertad\/2023\/10\/03\/spider-el-dia-en-que-jerry-siegel-le-dio-de-su-propia-medicina-a-stan-lee\/","og_site_name":"Cine y Libertad","article_publisher":"https:\/\/www.facebook.com\/cope\/","article_author":"https:\/\/www.facebook.com\/victor.alvarado.56829446","article_published_time":"2023-10-03T13:13:03+00:00","article_modified_time":"2023-10-03T13:14:55+00:00","og_image":[{"width":1685,"height":2236,"url":"https:\/\/www.cope.es\/blogs\/cine-y-libertad\/wp-content\/uploads\/sites\/7\/2023\/10\/spider-el-dia-en-que-jerry-siegel-le-dio-de-su-propia-medicina-a-stan-lee.jpg","type":"image\/jpeg"}],"author":"V\u00edctor Alvarado","twitter_card":"summary_large_image","twitter_creator":"@cineylibertad","twitter_site":"@cope_es","twitter_misc":{"Escrito por":"V\u00edctor Alvarado","Tiempo de lectura":"2 minutos"},"schema":{"@context":"https:\/\/schema.org","@graph":[{"@type":"Article","@id":"https:\/\/www.cope.es\/blogs\/cine-y-libertad\/2023\/10\/03\/spider-el-dia-en-que-jerry-siegel-le-dio-de-su-propia-medicina-a-stan-lee\/#article","isPartOf":{"@id":"https:\/\/www.cope.es\/blogs\/cine-y-libertad\/2023\/10\/03\/spider-el-dia-en-que-jerry-siegel-le-dio-de-su-propia-medicina-a-stan-lee\/"},"author":{"name":"V\u00edctor Alvarado","@id":"https:\/\/www.cope.es\/blogs\/cine-y-libertad\/#\/schema\/person\/c95904a4fbf751a8d9124f8fa8bdaace"},"headline":"Spider-El d\u00eda en que Jerry Siegel le dio de su propia medicina a Stan Lee","datePublished":"2023-10-03T13:13:03+00:00","dateModified":"2023-10-03T13:14:55+00:00","mainEntityOfPage":{"@id":"https:\/\/www.cope.es\/blogs\/cine-y-libertad\/2023\/10\/03\/spider-el-dia-en-que-jerry-siegel-le-dio-de-su-propia-medicina-a-stan-lee\/"},"wordCount":363,"commentCount":0,"image":{"@id":"https:\/\/www.cope.es\/blogs\/cine-y-libertad\/2023\/10\/03\/spider-el-dia-en-que-jerry-siegel-le-dio-de-su-propia-medicina-a-stan-lee\/#primaryimage"},"thumbnailUrl":"https:\/\/www.cope.es\/blogs\/cine-y-libertad\/wp-content\/uploads\/sites\/7\/2023\/10\/spider-el-dia-en-que-jerry-siegel-le-dio-de-su-propia-medicina-a-stan-lee.jpg","keywords":["acci\u00f3n","aventuras","Jerry Siegel","Reg Bunn","Spider","Spider-El d\u00eda en que Jerry Siegel le dio de su propia medicina a Stan Lee"],"articleSection":["acci\u00f3n","aventuras","c\u00f3mics","historia"],"inLanguage":"es","potentialAction":[{"@type":"CommentAction","name":"Comment","target":["https:\/\/www.cope.es\/blogs\/cine-y-libertad\/2023\/10\/03\/spider-el-dia-en-que-jerry-siegel-le-dio-de-su-propia-medicina-a-stan-lee\/#respond"]}]},{"@type":"WebPage","@id":"https:\/\/www.cope.es\/blogs\/cine-y-libertad\/2023\/10\/03\/spider-el-dia-en-que-jerry-siegel-le-dio-de-su-propia-medicina-a-stan-lee\/","url":"https:\/\/www.cope.es\/blogs\/cine-y-libertad\/2023\/10\/03\/spider-el-dia-en-que-jerry-siegel-le-dio-de-su-propia-medicina-a-stan-lee\/","name":"Spider-El d\u00eda en que Jerry Siegel le dio de su propia medicina a Stan Lee","isPartOf":{"@id":"https:\/\/www.cope.es\/blogs\/cine-y-libertad\/#website"},"primaryImageOfPage":{"@id":"https:\/\/www.cope.es\/blogs\/cine-y-libertad\/2023\/10\/03\/spider-el-dia-en-que-jerry-siegel-le-dio-de-su-propia-medicina-a-stan-lee\/#primaryimage"},"image":{"@id":"https:\/\/www.cope.es\/blogs\/cine-y-libertad\/2023\/10\/03\/spider-el-dia-en-que-jerry-siegel-le-dio-de-su-propia-medicina-a-stan-lee\/#primaryimage"},"thumbnailUrl":"https:\/\/www.cope.es\/blogs\/cine-y-libertad\/wp-content\/uploads\/sites\/7\/2023\/10\/spider-el-dia-en-que-jerry-siegel-le-dio-de-su-propia-medicina-a-stan-lee.jpg","datePublished":"2023-10-03T13:13:03+00:00","dateModified":"2023-10-03T13:14:55+00:00","author":{"@id":"https:\/\/www.cope.es\/blogs\/cine-y-libertad\/#\/schema\/person\/c95904a4fbf751a8d9124f8fa8bdaace"},"breadcrumb":{"@id":"https:\/\/www.cope.es\/blogs\/cine-y-libertad\/2023\/10\/03\/spider-el-dia-en-que-jerry-siegel-le-dio-de-su-propia-medicina-a-stan-lee\/#breadcrumb"},"inLanguage":"es","potentialAction":[{"@type":"ReadAction","target":["https:\/\/www.cope.es\/blogs\/cine-y-libertad\/2023\/10\/03\/spider-el-dia-en-que-jerry-siegel-le-dio-de-su-propia-medicina-a-stan-lee\/"]}]},{"@type":"ImageObject","inLanguage":"es","@id":"https:\/\/www.cope.es\/blogs\/cine-y-libertad\/2023\/10\/03\/spider-el-dia-en-que-jerry-siegel-le-dio-de-su-propia-medicina-a-stan-lee\/#primaryimage","url":"https:\/\/www.cope.es\/blogs\/cine-y-libertad\/wp-content\/uploads\/sites\/7\/2023\/10\/spider-el-dia-en-que-jerry-siegel-le-dio-de-su-propia-medicina-a-stan-lee.jpg","contentUrl":"https:\/\/www.cope.es\/blogs\/cine-y-libertad\/wp-content\/uploads\/sites\/7\/2023\/10\/spider-el-dia-en-que-jerry-siegel-le-dio-de-su-propia-medicina-a-stan-lee.jpg","width":1685,"height":2236},{"@type":"BreadcrumbList","@id":"https:\/\/www.cope.es\/blogs\/cine-y-libertad\/2023\/10\/03\/spider-el-dia-en-que-jerry-siegel-le-dio-de-su-propia-medicina-a-stan-lee\/#breadcrumb","itemListElement":[{"@type":"ListItem","position":1,"name":"Portada","item":"https:\/\/www.cope.es\/blogs\/cine-y-libertad\/"},{"@type":"ListItem","position":2,"name":"Spider-El d\u00eda en que Jerry Siegel le dio de su propia medicina a Stan Lee"}]},{"@type":"WebSite","@id":"https:\/\/www.cope.es\/blogs\/cine-y-libertad\/#website","url":"https:\/\/www.cope.es\/blogs\/cine-y-libertad\/","name":"Cine y Libertad","description":"Cine y Libertad un blog de COPE","potentialAction":[{"@type":"SearchAction","target":{"@type":"EntryPoint","urlTemplate":"https:\/\/www.cope.es\/blogs\/cine-y-libertad\/?s={search_term_string}"},"query-input":{"@type":"PropertyValueSpecification","valueRequired":true,"valueName":"search_term_string"}}],"inLanguage":"es"},{"@type":"Person","@id":"https:\/\/www.cope.es\/blogs\/cine-y-libertad\/#\/schema\/person\/c95904a4fbf751a8d9124f8fa8bdaace","name":"V\u00edctor Alvarado","image":{"@type":"ImageObject","inLanguage":"es","@id":"https:\/\/secure.gravatar.com\/avatar\/db4634ae2001f7f920b8294d926f3e737ada04196e014ebacae29a4848f905f4?s=96&d=mm&r=g","url":"https:\/\/secure.gravatar.com\/avatar\/db4634ae2001f7f920b8294d926f3e737ada04196e014ebacae29a4848f905f4?s=96&d=mm&r=g","contentUrl":"https:\/\/secure.gravatar.com\/avatar\/db4634ae2001f7f920b8294d926f3e737ada04196e014ebacae29a4848f905f4?s=96&d=mm&r=g","caption":"V\u00edctor Alvarado"},"description":"V\u00edctor Alvarado tiene una larga experiencia tanto en medios de comunicaci\u00f3n como en educaci\u00f3n. Dirige el programa de radio, Directo a las Estrellas, en Intereconom\u00eda (Castilla y Le\u00f3n) y Informa Radio en toda Espa\u00f1a. Ha colaborado en Radio Inter y Esradio. Cr\u00edtico de cine en Pantalla 90, Diario Ya y P\u00e1ginas Digital. Es miembro del CEC. Es el autor de libro: La fe, la \u00e9tica y los valores de los superh\u00e9roes (PPC). Esta es su web: www.cineylibertad.com y, por supuesto, lleva m\u00e1s de 5 a\u00f1os como bloguero de Cope, donde analiza el cine, los c\u00f3mics y los libros desde una \u00f3ptica antropol\u00f3gica y axiol\u00f3gica, atendiendo a todas las dimensiones del ser humano.","sameAs":["http:\/\/www.cineylibertad.com","https:\/\/www.facebook.com\/victor.alvarado.56829446","https:\/\/www.instagram.com\/cineylibertad\/","https:\/\/x.com\/cineylibertad"],"url":"https:\/\/www.cope.es\/blogs\/cine-y-libertad\/author\/valvarado\/"}]}},"amp_enabled":true,"_links":{"self":[{"href":"https:\/\/www.cope.es\/blogs\/cine-y-libertad\/wp-json\/wp\/v2\/posts\/6467","targetHints":{"allow":["GET"]}}],"collection":[{"href":"https:\/\/www.cope.es\/blogs\/cine-y-libertad\/wp-json\/wp\/v2\/posts"}],"about":[{"href":"https:\/\/www.cope.es\/blogs\/cine-y-libertad\/wp-json\/wp\/v2\/types\/post"}],"author":[{"embeddable":true,"href":"https:\/\/www.cope.es\/blogs\/cine-y-libertad\/wp-json\/wp\/v2\/users\/7"}],"replies":[{"embeddable":true,"href":"https:\/\/www.cope.es\/blogs\/cine-y-libertad\/wp-json\/wp\/v2\/comments?post=6467"}],"version-history":[{"count":2,"href":"https:\/\/www.cope.es\/blogs\/cine-y-libertad\/wp-json\/wp\/v2\/posts\/6467\/revisions"}],"predecessor-version":[{"id":6475,"href":"https:\/\/www.cope.es\/blogs\/cine-y-libertad\/wp-json\/wp\/v2\/posts\/6467\/revisions\/6475"}],"wp:featuredmedia":[{"embeddable":true,"href":"https:\/\/www.cope.es\/blogs\/cine-y-libertad\/wp-json\/wp\/v2\/media\/6472"}],"wp:attachment":[{"href":"https:\/\/www.cope.es\/blogs\/cine-y-libertad\/wp-json\/wp\/v2\/media?parent=6467"}],"wp:term":[{"taxonomy":"category","embeddable":true,"href":"https:\/\/www.cope.es\/blogs\/cine-y-libertad\/wp-json\/wp\/v2\/categories?post=6467"},{"taxonomy":"post_tag","embeddable":true,"href":"https:\/\/www.cope.es\/blogs\/cine-y-libertad\/wp-json\/wp\/v2\/tags?post=6467"}],"curies":[{"name":"wp","href":"https:\/\/api.w.org\/{rel}","templated":true}]}}