{"id":6146,"date":"2023-08-03T23:41:49","date_gmt":"2023-08-03T21:41:49","guid":{"rendered":"http:\/\/www.cope.es\/blogs\/cine-y-libertad\/?p=6146"},"modified":"2023-08-08T13:46:01","modified_gmt":"2023-08-08T11:46:01","slug":"spiderwoman-el-integral-mas-provida-de-marvel-a-punto-de-dar-a-luz","status":"publish","type":"post","link":"https:\/\/www.cope.es\/blogs\/cine-y-libertad\/2023\/08\/03\/spiderwoman-el-integral-mas-provida-de-marvel-a-punto-de-dar-a-luz\/","title":{"rendered":"Spiderwoman-El integral m\u00e1s provida de Marvel a punto de dar a luz"},"content":{"rendered":"<p><a href=\"https:\/\/www.ivoox.com\/spiderwoman-cambio-marcha-la-maternidad-defensa-audios-mp3_rf_13226201_1.html\">Spiderwoman: Cambio de Marcha-La maternidad y la defensa de la vida<\/a>. \u00bfQu\u00e9 significa ser madre?<\/p>\n<p>Aqu\u00ed puedes escuchar mi an\u00e1lisis de sus historietas m\u00e1s significativas, que es una peque\u00f1a muestra de este impresionante y lujoso integral&#8230;Spiderwoman: Cambio de Marcha<\/p>\n<p><img loading=\"lazy\" decoding=\"async\" width=\"200\" height=\"300\" class=\"alignnone size-medium wp-image-6234\" src=\"http:\/\/www.cope.es\/blogs\/cine-y-libertad\/wp-content\/uploads\/sites\/7\/2023\/08\/spiderwoman-200x300.jpg\" alt=\"\" srcset=\"https:\/\/www.cope.es\/blogs\/cine-y-libertad\/wp-content\/uploads\/sites\/7\/2023\/08\/spiderwoman-200x300.jpg 200w, https:\/\/www.cope.es\/blogs\/cine-y-libertad\/wp-content\/uploads\/sites\/7\/2023\/08\/spiderwoman.jpg 668w\" sizes=\"auto, (max-width: 200px) 100vw, 200px\" \/><\/p>\n<p>Puedes escuchar mi comentario<span class=\"fe5nidar khvhiq1o r5qsrrlp i5tg98hk f9ovudaz przvwfww gx1rr48f gfz4du6o r7fjleex nz2484kf svot0ezm dcnh1tix sxl192xd t3g6t33p\"><span class=\"mpj7bzys xzlurrtv\"><img decoding=\"async\" class=\"emoji\" src=\"https:\/\/s.w.org\/images\/core\/emoji\/13.0.1\/svg\/1f399.svg\" alt=\"\ud83c\udf99\ufe0f\" \/><\/span><\/span>en\u00a0<span class=\"fe5nidar khvhiq1o r5qsrrlp i5tg98hk f9ovudaz przvwfww gx1rr48f gfz4du6o r7fjleex nz2484kf svot0ezm dcnh1tix sxl192xd t3g6t33p\"><span class=\"mpj7bzys xzlurrtv\"><img decoding=\"async\" class=\"emoji\" src=\"https:\/\/s.w.org\/images\/core\/emoji\/13.0.1\/svg\/1f4fb.svg\" alt=\"\ud83d\udcfb\" \/><\/span><\/span>\u2026<a href=\"https:\/\/www.ivoox.com\/spiderwoman-cambio-marcha-la-maternidad-defensa-audios-mp3_rf_13226201_1.html\">Spiderwoman: Cambio de Marcha-La maternidad y la defensa de la vida<\/a><\/p>\n<p>Jessica Drew es una detective, una aventurera&#8230; \u00bfy una futura mam\u00e1? Ahora, Spiderwoman tiene una nueva responsabilidad. Descubre el c\u00f3mic que se atreve a contar todo lo que sucede en el interior (y en el exterior) de una superhero\u00edna cuando est\u00e1 a punto de dar a luz, en un volumen que recopila la aclamada etapa completa que realizaran Dennis Hopeless y Javier Rodr\u00edguez (Historia del Universo Marvel).<\/p>\n<p><a href=\"https:\/\/www.ivoox.com\/spiderwoman-tacticas-intimidatorias-una-serie-a-favor-la-audios-mp3_rf_22864045_1.html\">Spiderwoman: T\u00e1cticas intimidatorias-Una serie a favor de la vida con muchos giros argumentales<\/a>&#8230;<\/p>\n<p><img loading=\"lazy\" decoding=\"async\" width=\"210\" height=\"210\" class=\"alignnone size-full wp-image-6148\" src=\"http:\/\/www.cope.es\/blogs\/cine-y-libertad\/wp-content\/uploads\/sites\/7\/2023\/07\/spiderwoman4.jpg\" alt=\"\" srcset=\"https:\/\/www.cope.es\/blogs\/cine-y-libertad\/wp-content\/uploads\/sites\/7\/2023\/07\/spiderwoman4.jpg 210w, https:\/\/www.cope.es\/blogs\/cine-y-libertad\/wp-content\/uploads\/sites\/7\/2023\/07\/spiderwoman4-150x150.jpg 150w, https:\/\/www.cope.es\/blogs\/cine-y-libertad\/wp-content\/uploads\/sites\/7\/2023\/07\/spiderwoman4-170x170.jpg 170w, https:\/\/www.cope.es\/blogs\/cine-y-libertad\/wp-content\/uploads\/sites\/7\/2023\/07\/spiderwoman4-73x73.jpg 73w, https:\/\/www.cope.es\/blogs\/cine-y-libertad\/wp-content\/uploads\/sites\/7\/2023\/07\/spiderwoman4-108x108.jpg 108w\" sizes=\"auto, (max-width: 210px) 100vw, 210px\" \/><\/p>\n<p>Puedes escuchar mi comentario<span class=\"fe5nidar khvhiq1o r5qsrrlp i5tg98hk f9ovudaz przvwfww gx1rr48f gfz4du6o r7fjleex nz2484kf svot0ezm dcnh1tix sxl192xd t3g6t33p\"><span class=\"mpj7bzys xzlurrtv\"><img decoding=\"async\" class=\"emoji\" src=\"https:\/\/s.w.org\/images\/core\/emoji\/13.0.1\/svg\/1f399.svg\" alt=\"\ud83c\udf99\ufe0f\" \/><\/span><\/span>en\u00a0<span class=\"fe5nidar khvhiq1o r5qsrrlp i5tg98hk f9ovudaz przvwfww gx1rr48f gfz4du6o r7fjleex nz2484kf svot0ezm dcnh1tix sxl192xd t3g6t33p\"><span class=\"mpj7bzys xzlurrtv\"><img decoding=\"async\" class=\"emoji\" src=\"https:\/\/s.w.org\/images\/core\/emoji\/13.0.1\/svg\/1f4fb.svg\" alt=\"\ud83d\udcfb\" \/><\/span><\/span>\u2026<a href=\"https:\/\/www.ivoox.com\/spiderwoman-tacticas-intimidatorias-una-serie-a-favor-la-audios-mp3_rf_22864045_1.html\">Spiderwoman: T\u00e1cticas intimidatorias-Una serie a favor de la vida con muchos giros argumentales<\/a><\/p>\n<p>\u00a1\u00daltimo n\u00famero! Jessica Drew ha luchado contra algunos de los criminales m\u00e1s duros mientras aprende a ser mam\u00e1. Pero ninguna noche en vela sofocando los llantos de su beb\u00e9 la ha preparado para enfrentarse al Duende.<\/p>\n<p><a href=\"https:\/\/www.ivoox.com\/podcast-cine-libertad_sq_f121636_1.html\">V\u00edctor Alvarado<\/a><\/p>\n<div class=\"clearfix\">\n<div class=\"std\">\n<p>Instagram:<a href=\"https:\/\/www.instagram.com\/cineylibertad\/\">https:\/\/www.instagram.com\/cineylibertad\/<\/a><\/p>\n<p>Facebook:\u00a0<a href=\"https:\/\/www.facebook.com\/victor.alvarado.56829446\" target=\"_blank\">https:\/\/www.facebook.com\/victor.alvarado.56829446<\/a><\/p>\n<p>Twitter:<span class=\"r-18u37iz\"><a class=\"css-4rbku5 css-18t94o4 css-901oao css-16my406 r-1n1174f r-1loqt21 r-poiln3 r-bcqeeo r-qvutc0\" href=\"https:\/\/twitter.com\/cineylibertad\">@cineylibertad<\/a><\/span><\/p>\n<\/div>\n<\/div>\n","protected":false},"excerpt":{"rendered":"<p>Spiderwoman: Cambio de Marcha-La maternidad y la defensa de la vida. \u00bfQu\u00e9 significa ser madre? Aqu\u00ed puedes escuchar mi an\u00e1lisis de sus historietas m\u00e1s significativas, que es una peque\u00f1a muestra de este impresionante y lujoso integral&#8230;Spiderwoman: Cambio de Marcha Puedes escuchar mi comentarioen\u00a0\u2026Spiderwoman: Cambio de Marcha-La maternidad y la defensa de la vida Jessica Drew [&hellip;]<\/p>\n","protected":false},"author":7,"featured_media":6236,"comment_status":"open","ping_status":"open","sticky":false,"template":"","format":"standard","meta":{"footnotes":""},"categories":[129,218,133,8],"tags":[2399,240,2644,2646,2645],"class_list":["post-6146","post","type-post","status-publish","format-standard","has-post-thumbnail","hentry","category-defensa-de-la-vida","category-marvel","category-mujeres","category-superheroes","tag-defensa-de-la-vida","tag-provida","tag-spiderwoman","tag-spiderwoman-cambio-de-marcha-la-maternidad-y-la-defensa-de-la-vida","tag-spiderwoman-tacticas-intimidatorias-una-serie-a-favor-de-la-vida-con-muchos-giros-argumentales"],"yoast_head":"<!-- This site is optimized with the Yoast SEO plugin v27.4 - https:\/\/yoast.com\/product\/yoast-seo-wordpress\/ -->\n<title>Spiderwoman: Cambio de Marcha-La maternidad y la defensa de la vida<\/title>\n<meta name=\"description\" content=\"Spiderwoman: Cambio de Marcha-La maternidad y la defensa de la vida. \u00bfQu\u00e9 significa ser madre? Spiderwoman: Cambio de Marcha...\" \/>\n<meta name=\"robots\" content=\"index, follow, max-snippet:-1, max-image-preview:large, max-video-preview:-1\" \/>\n<link rel=\"canonical\" href=\"https:\/\/www.cope.es\/blogs\/cine-y-libertad\/2023\/08\/03\/spiderwoman-el-integral-mas-provida-de-marvel-a-punto-de-dar-a-luz\/\" \/>\n<meta property=\"og:locale\" content=\"es_ES\" \/>\n<meta property=\"og:type\" content=\"article\" \/>\n<meta property=\"og:title\" content=\"Spiderwoman: Cambio de Marcha-La maternidad y la defensa de la vida\" \/>\n<meta property=\"og:description\" content=\"Spiderwoman: Cambio de Marcha-La maternidad y la defensa de la vida. \u00bfQu\u00e9 significa ser madre? Spiderwoman: Cambio de Marcha...\" \/>\n<meta property=\"og:url\" content=\"https:\/\/www.cope.es\/blogs\/cine-y-libertad\/2023\/08\/03\/spiderwoman-el-integral-mas-provida-de-marvel-a-punto-de-dar-a-luz\/\" \/>\n<meta property=\"og:site_name\" content=\"Cine y Libertad\" \/>\n<meta property=\"article:publisher\" content=\"https:\/\/www.facebook.com\/cope\/\" \/>\n<meta property=\"article:author\" content=\"https:\/\/www.facebook.com\/victor.alvarado.56829446\" \/>\n<meta property=\"article:published_time\" content=\"2023-08-03T21:41:49+00:00\" \/>\n<meta property=\"article:modified_time\" content=\"2023-08-08T11:46:01+00:00\" \/>\n<meta property=\"og:image\" content=\"https:\/\/www.cope.es\/blogs\/cine-y-libertad\/wp-content\/uploads\/sites\/7\/2023\/08\/spiderwoman-el-integral-mas-provida-de-marvel-a-punto-de-dar-a-luz2.jpg\" \/>\n\t<meta property=\"og:image:width\" content=\"900\" \/>\n\t<meta property=\"og:image:height\" content=\"507\" \/>\n\t<meta property=\"og:image:type\" content=\"image\/jpeg\" \/>\n<meta name=\"author\" content=\"V\u00edctor Alvarado\" \/>\n<meta name=\"twitter:card\" content=\"summary_large_image\" \/>\n<meta name=\"twitter:creator\" content=\"@cineylibertad\" \/>\n<meta name=\"twitter:site\" content=\"@cope_es\" \/>\n<meta name=\"twitter:label1\" content=\"Escrito por\" \/>\n\t<meta name=\"twitter:data1\" content=\"V\u00edctor Alvarado\" \/>\n\t<meta name=\"twitter:label2\" content=\"Tiempo de lectura\" \/>\n\t<meta name=\"twitter:data2\" content=\"1 minuto\" \/>\n<script type=\"application\/ld+json\" class=\"yoast-schema-graph\">{\"@context\":\"https:\\\/\\\/schema.org\",\"@graph\":[{\"@type\":\"Article\",\"@id\":\"https:\\\/\\\/www.cope.es\\\/blogs\\\/cine-y-libertad\\\/2023\\\/08\\\/03\\\/spiderwoman-el-integral-mas-provida-de-marvel-a-punto-de-dar-a-luz\\\/#article\",\"isPartOf\":{\"@id\":\"https:\\\/\\\/www.cope.es\\\/blogs\\\/cine-y-libertad\\\/2023\\\/08\\\/03\\\/spiderwoman-el-integral-mas-provida-de-marvel-a-punto-de-dar-a-luz\\\/\"},\"author\":{\"name\":\"V\u00edctor Alvarado\",\"@id\":\"https:\\\/\\\/www.cope.es\\\/blogs\\\/cine-y-libertad\\\/#\\\/schema\\\/person\\\/c95904a4fbf751a8d9124f8fa8bdaace\"},\"headline\":\"Spiderwoman-El integral m\u00e1s provida de Marvel a punto de dar a luz\",\"datePublished\":\"2023-08-03T21:41:49+00:00\",\"dateModified\":\"2023-08-08T11:46:01+00:00\",\"mainEntityOfPage\":{\"@id\":\"https:\\\/\\\/www.cope.es\\\/blogs\\\/cine-y-libertad\\\/2023\\\/08\\\/03\\\/spiderwoman-el-integral-mas-provida-de-marvel-a-punto-de-dar-a-luz\\\/\"},\"wordCount\":231,\"commentCount\":0,\"image\":{\"@id\":\"https:\\\/\\\/www.cope.es\\\/blogs\\\/cine-y-libertad\\\/2023\\\/08\\\/03\\\/spiderwoman-el-integral-mas-provida-de-marvel-a-punto-de-dar-a-luz\\\/#primaryimage\"},\"thumbnailUrl\":\"https:\\\/\\\/www.cope.es\\\/blogs\\\/cine-y-libertad\\\/wp-content\\\/uploads\\\/sites\\\/7\\\/2023\\\/08\\\/spiderwoman-el-integral-mas-provida-de-marvel-a-punto-de-dar-a-luz2.jpg\",\"keywords\":[\"defensa de la vida\",\"provida\",\"Spiderwoman\",\"Spiderwoman: Cambio de Marcha-La maternidad y la defensa de la vida\",\"Spiderwoman: T\u00e1cticas intimidatorias-Una serie a favor de la vida con muchos giros argumentales\"],\"articleSection\":[\"defensa de la vida\",\"Marvel\",\"mujeres\",\"Superh\u00e9roes\"],\"inLanguage\":\"es\",\"potentialAction\":[{\"@type\":\"CommentAction\",\"name\":\"Comment\",\"target\":[\"https:\\\/\\\/www.cope.es\\\/blogs\\\/cine-y-libertad\\\/2023\\\/08\\\/03\\\/spiderwoman-el-integral-mas-provida-de-marvel-a-punto-de-dar-a-luz\\\/#respond\"]}]},{\"@type\":\"WebPage\",\"@id\":\"https:\\\/\\\/www.cope.es\\\/blogs\\\/cine-y-libertad\\\/2023\\\/08\\\/03\\\/spiderwoman-el-integral-mas-provida-de-marvel-a-punto-de-dar-a-luz\\\/\",\"url\":\"https:\\\/\\\/www.cope.es\\\/blogs\\\/cine-y-libertad\\\/2023\\\/08\\\/03\\\/spiderwoman-el-integral-mas-provida-de-marvel-a-punto-de-dar-a-luz\\\/\",\"name\":\"Spiderwoman: Cambio de Marcha-La maternidad y la defensa de la vida\",\"isPartOf\":{\"@id\":\"https:\\\/\\\/www.cope.es\\\/blogs\\\/cine-y-libertad\\\/#website\"},\"primaryImageOfPage\":{\"@id\":\"https:\\\/\\\/www.cope.es\\\/blogs\\\/cine-y-libertad\\\/2023\\\/08\\\/03\\\/spiderwoman-el-integral-mas-provida-de-marvel-a-punto-de-dar-a-luz\\\/#primaryimage\"},\"image\":{\"@id\":\"https:\\\/\\\/www.cope.es\\\/blogs\\\/cine-y-libertad\\\/2023\\\/08\\\/03\\\/spiderwoman-el-integral-mas-provida-de-marvel-a-punto-de-dar-a-luz\\\/#primaryimage\"},\"thumbnailUrl\":\"https:\\\/\\\/www.cope.es\\\/blogs\\\/cine-y-libertad\\\/wp-content\\\/uploads\\\/sites\\\/7\\\/2023\\\/08\\\/spiderwoman-el-integral-mas-provida-de-marvel-a-punto-de-dar-a-luz2.jpg\",\"datePublished\":\"2023-08-03T21:41:49+00:00\",\"dateModified\":\"2023-08-08T11:46:01+00:00\",\"author\":{\"@id\":\"https:\\\/\\\/www.cope.es\\\/blogs\\\/cine-y-libertad\\\/#\\\/schema\\\/person\\\/c95904a4fbf751a8d9124f8fa8bdaace\"},\"description\":\"Spiderwoman: Cambio de Marcha-La maternidad y la defensa de la vida. \u00bfQu\u00e9 significa ser madre? Spiderwoman: Cambio de Marcha...\",\"breadcrumb\":{\"@id\":\"https:\\\/\\\/www.cope.es\\\/blogs\\\/cine-y-libertad\\\/2023\\\/08\\\/03\\\/spiderwoman-el-integral-mas-provida-de-marvel-a-punto-de-dar-a-luz\\\/#breadcrumb\"},\"inLanguage\":\"es\",\"potentialAction\":[{\"@type\":\"ReadAction\",\"target\":[\"https:\\\/\\\/www.cope.es\\\/blogs\\\/cine-y-libertad\\\/2023\\\/08\\\/03\\\/spiderwoman-el-integral-mas-provida-de-marvel-a-punto-de-dar-a-luz\\\/\"]}]},{\"@type\":\"ImageObject\",\"inLanguage\":\"es\",\"@id\":\"https:\\\/\\\/www.cope.es\\\/blogs\\\/cine-y-libertad\\\/2023\\\/08\\\/03\\\/spiderwoman-el-integral-mas-provida-de-marvel-a-punto-de-dar-a-luz\\\/#primaryimage\",\"url\":\"https:\\\/\\\/www.cope.es\\\/blogs\\\/cine-y-libertad\\\/wp-content\\\/uploads\\\/sites\\\/7\\\/2023\\\/08\\\/spiderwoman-el-integral-mas-provida-de-marvel-a-punto-de-dar-a-luz2.jpg\",\"contentUrl\":\"https:\\\/\\\/www.cope.es\\\/blogs\\\/cine-y-libertad\\\/wp-content\\\/uploads\\\/sites\\\/7\\\/2023\\\/08\\\/spiderwoman-el-integral-mas-provida-de-marvel-a-punto-de-dar-a-luz2.jpg\",\"width\":900,\"height\":507},{\"@type\":\"BreadcrumbList\",\"@id\":\"https:\\\/\\\/www.cope.es\\\/blogs\\\/cine-y-libertad\\\/2023\\\/08\\\/03\\\/spiderwoman-el-integral-mas-provida-de-marvel-a-punto-de-dar-a-luz\\\/#breadcrumb\",\"itemListElement\":[{\"@type\":\"ListItem\",\"position\":1,\"name\":\"Portada\",\"item\":\"https:\\\/\\\/www.cope.es\\\/blogs\\\/cine-y-libertad\\\/\"},{\"@type\":\"ListItem\",\"position\":2,\"name\":\"Spiderwoman-El integral m\u00e1s provida de Marvel a punto de dar a luz\"}]},{\"@type\":\"WebSite\",\"@id\":\"https:\\\/\\\/www.cope.es\\\/blogs\\\/cine-y-libertad\\\/#website\",\"url\":\"https:\\\/\\\/www.cope.es\\\/blogs\\\/cine-y-libertad\\\/\",\"name\":\"Cine y Libertad\",\"description\":\"Cine y Libertad un blog de COPE\",\"potentialAction\":[{\"@type\":\"SearchAction\",\"target\":{\"@type\":\"EntryPoint\",\"urlTemplate\":\"https:\\\/\\\/www.cope.es\\\/blogs\\\/cine-y-libertad\\\/?s={search_term_string}\"},\"query-input\":{\"@type\":\"PropertyValueSpecification\",\"valueRequired\":true,\"valueName\":\"search_term_string\"}}],\"inLanguage\":\"es\"},{\"@type\":\"Person\",\"@id\":\"https:\\\/\\\/www.cope.es\\\/blogs\\\/cine-y-libertad\\\/#\\\/schema\\\/person\\\/c95904a4fbf751a8d9124f8fa8bdaace\",\"name\":\"V\u00edctor Alvarado\",\"image\":{\"@type\":\"ImageObject\",\"inLanguage\":\"es\",\"@id\":\"https:\\\/\\\/secure.gravatar.com\\\/avatar\\\/db4634ae2001f7f920b8294d926f3e737ada04196e014ebacae29a4848f905f4?s=96&d=mm&r=g\",\"url\":\"https:\\\/\\\/secure.gravatar.com\\\/avatar\\\/db4634ae2001f7f920b8294d926f3e737ada04196e014ebacae29a4848f905f4?s=96&d=mm&r=g\",\"contentUrl\":\"https:\\\/\\\/secure.gravatar.com\\\/avatar\\\/db4634ae2001f7f920b8294d926f3e737ada04196e014ebacae29a4848f905f4?s=96&d=mm&r=g\",\"caption\":\"V\u00edctor Alvarado\"},\"description\":\"V\u00edctor Alvarado tiene una larga experiencia tanto en medios de comunicaci\u00f3n como en educaci\u00f3n. Dirige el programa de radio, Directo a las Estrellas, en Intereconom\u00eda (Castilla y Le\u00f3n) y Informa Radio en toda Espa\u00f1a. Ha colaborado en Radio Inter y Esradio. Cr\u00edtico de cine en Pantalla 90, Diario Ya y P\u00e1ginas Digital. Es miembro del CEC. Es el autor de libro: La fe, la \u00e9tica y los valores de los superh\u00e9roes (PPC). Esta es su web: www.cineylibertad.com y, por supuesto, lleva m\u00e1s de 5 a\u00f1os como bloguero de Cope, donde analiza el cine, los c\u00f3mics y los libros desde una \u00f3ptica antropol\u00f3gica y axiol\u00f3gica, atendiendo a todas las dimensiones del ser humano.\",\"sameAs\":[\"http:\\\/\\\/www.cineylibertad.com\",\"https:\\\/\\\/www.facebook.com\\\/victor.alvarado.56829446\",\"https:\\\/\\\/www.instagram.com\\\/cineylibertad\\\/\",\"https:\\\/\\\/x.com\\\/cineylibertad\"],\"url\":\"https:\\\/\\\/www.cope.es\\\/blogs\\\/cine-y-libertad\\\/author\\\/valvarado\\\/\"}]}<\/script>\n<!-- \/ Yoast SEO plugin. -->","yoast_head_json":{"title":"Spiderwoman: Cambio de Marcha-La maternidad y la defensa de la vida","description":"Spiderwoman: Cambio de Marcha-La maternidad y la defensa de la vida. \u00bfQu\u00e9 significa ser madre? Spiderwoman: Cambio de Marcha...","robots":{"index":"index","follow":"follow","max-snippet":"max-snippet:-1","max-image-preview":"max-image-preview:large","max-video-preview":"max-video-preview:-1"},"canonical":"https:\/\/www.cope.es\/blogs\/cine-y-libertad\/2023\/08\/03\/spiderwoman-el-integral-mas-provida-de-marvel-a-punto-de-dar-a-luz\/","og_locale":"es_ES","og_type":"article","og_title":"Spiderwoman: Cambio de Marcha-La maternidad y la defensa de la vida","og_description":"Spiderwoman: Cambio de Marcha-La maternidad y la defensa de la vida. \u00bfQu\u00e9 significa ser madre? Spiderwoman: Cambio de Marcha...","og_url":"https:\/\/www.cope.es\/blogs\/cine-y-libertad\/2023\/08\/03\/spiderwoman-el-integral-mas-provida-de-marvel-a-punto-de-dar-a-luz\/","og_site_name":"Cine y Libertad","article_publisher":"https:\/\/www.facebook.com\/cope\/","article_author":"https:\/\/www.facebook.com\/victor.alvarado.56829446","article_published_time":"2023-08-03T21:41:49+00:00","article_modified_time":"2023-08-08T11:46:01+00:00","og_image":[{"width":900,"height":507,"url":"https:\/\/www.cope.es\/blogs\/cine-y-libertad\/wp-content\/uploads\/sites\/7\/2023\/08\/spiderwoman-el-integral-mas-provida-de-marvel-a-punto-de-dar-a-luz2.jpg","type":"image\/jpeg"}],"author":"V\u00edctor Alvarado","twitter_card":"summary_large_image","twitter_creator":"@cineylibertad","twitter_site":"@cope_es","twitter_misc":{"Escrito por":"V\u00edctor Alvarado","Tiempo de lectura":"1 minuto"},"schema":{"@context":"https:\/\/schema.org","@graph":[{"@type":"Article","@id":"https:\/\/www.cope.es\/blogs\/cine-y-libertad\/2023\/08\/03\/spiderwoman-el-integral-mas-provida-de-marvel-a-punto-de-dar-a-luz\/#article","isPartOf":{"@id":"https:\/\/www.cope.es\/blogs\/cine-y-libertad\/2023\/08\/03\/spiderwoman-el-integral-mas-provida-de-marvel-a-punto-de-dar-a-luz\/"},"author":{"name":"V\u00edctor Alvarado","@id":"https:\/\/www.cope.es\/blogs\/cine-y-libertad\/#\/schema\/person\/c95904a4fbf751a8d9124f8fa8bdaace"},"headline":"Spiderwoman-El integral m\u00e1s provida de Marvel a punto de dar a luz","datePublished":"2023-08-03T21:41:49+00:00","dateModified":"2023-08-08T11:46:01+00:00","mainEntityOfPage":{"@id":"https:\/\/www.cope.es\/blogs\/cine-y-libertad\/2023\/08\/03\/spiderwoman-el-integral-mas-provida-de-marvel-a-punto-de-dar-a-luz\/"},"wordCount":231,"commentCount":0,"image":{"@id":"https:\/\/www.cope.es\/blogs\/cine-y-libertad\/2023\/08\/03\/spiderwoman-el-integral-mas-provida-de-marvel-a-punto-de-dar-a-luz\/#primaryimage"},"thumbnailUrl":"https:\/\/www.cope.es\/blogs\/cine-y-libertad\/wp-content\/uploads\/sites\/7\/2023\/08\/spiderwoman-el-integral-mas-provida-de-marvel-a-punto-de-dar-a-luz2.jpg","keywords":["defensa de la vida","provida","Spiderwoman","Spiderwoman: Cambio de Marcha-La maternidad y la defensa de la vida","Spiderwoman: T\u00e1cticas intimidatorias-Una serie a favor de la vida con muchos giros argumentales"],"articleSection":["defensa de la vida","Marvel","mujeres","Superh\u00e9roes"],"inLanguage":"es","potentialAction":[{"@type":"CommentAction","name":"Comment","target":["https:\/\/www.cope.es\/blogs\/cine-y-libertad\/2023\/08\/03\/spiderwoman-el-integral-mas-provida-de-marvel-a-punto-de-dar-a-luz\/#respond"]}]},{"@type":"WebPage","@id":"https:\/\/www.cope.es\/blogs\/cine-y-libertad\/2023\/08\/03\/spiderwoman-el-integral-mas-provida-de-marvel-a-punto-de-dar-a-luz\/","url":"https:\/\/www.cope.es\/blogs\/cine-y-libertad\/2023\/08\/03\/spiderwoman-el-integral-mas-provida-de-marvel-a-punto-de-dar-a-luz\/","name":"Spiderwoman: Cambio de Marcha-La maternidad y la defensa de la vida","isPartOf":{"@id":"https:\/\/www.cope.es\/blogs\/cine-y-libertad\/#website"},"primaryImageOfPage":{"@id":"https:\/\/www.cope.es\/blogs\/cine-y-libertad\/2023\/08\/03\/spiderwoman-el-integral-mas-provida-de-marvel-a-punto-de-dar-a-luz\/#primaryimage"},"image":{"@id":"https:\/\/www.cope.es\/blogs\/cine-y-libertad\/2023\/08\/03\/spiderwoman-el-integral-mas-provida-de-marvel-a-punto-de-dar-a-luz\/#primaryimage"},"thumbnailUrl":"https:\/\/www.cope.es\/blogs\/cine-y-libertad\/wp-content\/uploads\/sites\/7\/2023\/08\/spiderwoman-el-integral-mas-provida-de-marvel-a-punto-de-dar-a-luz2.jpg","datePublished":"2023-08-03T21:41:49+00:00","dateModified":"2023-08-08T11:46:01+00:00","author":{"@id":"https:\/\/www.cope.es\/blogs\/cine-y-libertad\/#\/schema\/person\/c95904a4fbf751a8d9124f8fa8bdaace"},"description":"Spiderwoman: Cambio de Marcha-La maternidad y la defensa de la vida. \u00bfQu\u00e9 significa ser madre? Spiderwoman: Cambio de Marcha...","breadcrumb":{"@id":"https:\/\/www.cope.es\/blogs\/cine-y-libertad\/2023\/08\/03\/spiderwoman-el-integral-mas-provida-de-marvel-a-punto-de-dar-a-luz\/#breadcrumb"},"inLanguage":"es","potentialAction":[{"@type":"ReadAction","target":["https:\/\/www.cope.es\/blogs\/cine-y-libertad\/2023\/08\/03\/spiderwoman-el-integral-mas-provida-de-marvel-a-punto-de-dar-a-luz\/"]}]},{"@type":"ImageObject","inLanguage":"es","@id":"https:\/\/www.cope.es\/blogs\/cine-y-libertad\/2023\/08\/03\/spiderwoman-el-integral-mas-provida-de-marvel-a-punto-de-dar-a-luz\/#primaryimage","url":"https:\/\/www.cope.es\/blogs\/cine-y-libertad\/wp-content\/uploads\/sites\/7\/2023\/08\/spiderwoman-el-integral-mas-provida-de-marvel-a-punto-de-dar-a-luz2.jpg","contentUrl":"https:\/\/www.cope.es\/blogs\/cine-y-libertad\/wp-content\/uploads\/sites\/7\/2023\/08\/spiderwoman-el-integral-mas-provida-de-marvel-a-punto-de-dar-a-luz2.jpg","width":900,"height":507},{"@type":"BreadcrumbList","@id":"https:\/\/www.cope.es\/blogs\/cine-y-libertad\/2023\/08\/03\/spiderwoman-el-integral-mas-provida-de-marvel-a-punto-de-dar-a-luz\/#breadcrumb","itemListElement":[{"@type":"ListItem","position":1,"name":"Portada","item":"https:\/\/www.cope.es\/blogs\/cine-y-libertad\/"},{"@type":"ListItem","position":2,"name":"Spiderwoman-El integral m\u00e1s provida de Marvel a punto de dar a luz"}]},{"@type":"WebSite","@id":"https:\/\/www.cope.es\/blogs\/cine-y-libertad\/#website","url":"https:\/\/www.cope.es\/blogs\/cine-y-libertad\/","name":"Cine y Libertad","description":"Cine y Libertad un blog de COPE","potentialAction":[{"@type":"SearchAction","target":{"@type":"EntryPoint","urlTemplate":"https:\/\/www.cope.es\/blogs\/cine-y-libertad\/?s={search_term_string}"},"query-input":{"@type":"PropertyValueSpecification","valueRequired":true,"valueName":"search_term_string"}}],"inLanguage":"es"},{"@type":"Person","@id":"https:\/\/www.cope.es\/blogs\/cine-y-libertad\/#\/schema\/person\/c95904a4fbf751a8d9124f8fa8bdaace","name":"V\u00edctor Alvarado","image":{"@type":"ImageObject","inLanguage":"es","@id":"https:\/\/secure.gravatar.com\/avatar\/db4634ae2001f7f920b8294d926f3e737ada04196e014ebacae29a4848f905f4?s=96&d=mm&r=g","url":"https:\/\/secure.gravatar.com\/avatar\/db4634ae2001f7f920b8294d926f3e737ada04196e014ebacae29a4848f905f4?s=96&d=mm&r=g","contentUrl":"https:\/\/secure.gravatar.com\/avatar\/db4634ae2001f7f920b8294d926f3e737ada04196e014ebacae29a4848f905f4?s=96&d=mm&r=g","caption":"V\u00edctor Alvarado"},"description":"V\u00edctor Alvarado tiene una larga experiencia tanto en medios de comunicaci\u00f3n como en educaci\u00f3n. Dirige el programa de radio, Directo a las Estrellas, en Intereconom\u00eda (Castilla y Le\u00f3n) y Informa Radio en toda Espa\u00f1a. Ha colaborado en Radio Inter y Esradio. Cr\u00edtico de cine en Pantalla 90, Diario Ya y P\u00e1ginas Digital. Es miembro del CEC. Es el autor de libro: La fe, la \u00e9tica y los valores de los superh\u00e9roes (PPC). Esta es su web: www.cineylibertad.com y, por supuesto, lleva m\u00e1s de 5 a\u00f1os como bloguero de Cope, donde analiza el cine, los c\u00f3mics y los libros desde una \u00f3ptica antropol\u00f3gica y axiol\u00f3gica, atendiendo a todas las dimensiones del ser humano.","sameAs":["http:\/\/www.cineylibertad.com","https:\/\/www.facebook.com\/victor.alvarado.56829446","https:\/\/www.instagram.com\/cineylibertad\/","https:\/\/x.com\/cineylibertad"],"url":"https:\/\/www.cope.es\/blogs\/cine-y-libertad\/author\/valvarado\/"}]}},"amp_enabled":true,"_links":{"self":[{"href":"https:\/\/www.cope.es\/blogs\/cine-y-libertad\/wp-json\/wp\/v2\/posts\/6146","targetHints":{"allow":["GET"]}}],"collection":[{"href":"https:\/\/www.cope.es\/blogs\/cine-y-libertad\/wp-json\/wp\/v2\/posts"}],"about":[{"href":"https:\/\/www.cope.es\/blogs\/cine-y-libertad\/wp-json\/wp\/v2\/types\/post"}],"author":[{"embeddable":true,"href":"https:\/\/www.cope.es\/blogs\/cine-y-libertad\/wp-json\/wp\/v2\/users\/7"}],"replies":[{"embeddable":true,"href":"https:\/\/www.cope.es\/blogs\/cine-y-libertad\/wp-json\/wp\/v2\/comments?post=6146"}],"version-history":[{"count":3,"href":"https:\/\/www.cope.es\/blogs\/cine-y-libertad\/wp-json\/wp\/v2\/posts\/6146\/revisions"}],"predecessor-version":[{"id":6257,"href":"https:\/\/www.cope.es\/blogs\/cine-y-libertad\/wp-json\/wp\/v2\/posts\/6146\/revisions\/6257"}],"wp:featuredmedia":[{"embeddable":true,"href":"https:\/\/www.cope.es\/blogs\/cine-y-libertad\/wp-json\/wp\/v2\/media\/6236"}],"wp:attachment":[{"href":"https:\/\/www.cope.es\/blogs\/cine-y-libertad\/wp-json\/wp\/v2\/media?parent=6146"}],"wp:term":[{"taxonomy":"category","embeddable":true,"href":"https:\/\/www.cope.es\/blogs\/cine-y-libertad\/wp-json\/wp\/v2\/categories?post=6146"},{"taxonomy":"post_tag","embeddable":true,"href":"https:\/\/www.cope.es\/blogs\/cine-y-libertad\/wp-json\/wp\/v2\/tags?post=6146"}],"curies":[{"name":"wp","href":"https:\/\/api.w.org\/{rel}","templated":true}]}}