{"id":6040,"date":"2023-06-18T10:28:51","date_gmt":"2023-06-18T08:28:51","guid":{"rendered":"http:\/\/www.cope.es\/blogs\/cine-y-libertad\/?p=6040"},"modified":"2023-06-18T10:28:51","modified_gmt":"2023-06-18T08:28:51","slug":"la-resurreccion-de-notre-dame-la-entrega-de-viollet-le-duc-en-un-comic","status":"publish","type":"post","link":"https:\/\/www.cope.es\/blogs\/cine-y-libertad\/2023\/06\/18\/la-resurreccion-de-notre-dame-la-entrega-de-viollet-le-duc-en-un-comic\/","title":{"rendered":"La resurrecci\u00f3n de Notre Dame-La entrega de Viollet-le-Duc en un c\u00f3mic espa\u00f1ol al estilo franco-belga"},"content":{"rendered":"<p><a href=\"https:\/\/www.ivoox.com\/podcast-cine-libertad_sq_f121636_1.html\">La resurrecci\u00f3n de Notre Dame-La entrega de Viollet-le-Duc en un c\u00f3mic espa\u00f1ol al estilo franco-belga<\/a>. \u00bfQu\u00e9 valor ten\u00eda la familia para este arquitecto?<\/p>\n<p>Aqu\u00ed puedes escuchar mi comentario\u2026<a href=\"https:\/\/www.ivoox.com\/podcast-cine-libertad_sq_f121636_1.html\">La resurrecci\u00f3n de Notre Dame-La entrega de Viollet-le-Duc en un c\u00f3mic espa\u00f1ol al estilo franco-belga<\/a><\/p>\n<p><img loading=\"lazy\" decoding=\"async\" width=\"196\" height=\"257\" class=\"alignnone size-full wp-image-6044\" src=\"http:\/\/www.cope.es\/blogs\/cine-y-libertad\/wp-content\/uploads\/sites\/7\/2023\/06\/la-resurreccion-de-notre-dame-la-entrega-viollet-le-duc-en-un-comic-espanol-al-estilo-franco-belga.jpg\" alt=\"\" \/><\/p>\n<audio class=\"wp-audio-shortcode\" id=\"audio-6040-1\" preload=\"none\" style=\"width: 100%;\" controls=\"controls\"><source type=\"audio\/mpeg\" src=\"https:\/\/www.ivoox.com\/resurreccion-notre-dame-la-entrega-viollet-le-duc_md_110629393_wp_1.mp3?_=1\" \/><a href=\"https:\/\/www.ivoox.com\/resurreccion-notre-dame-la-entrega-viollet-le-duc_md_110629393_wp_1.mp3\">https:\/\/www.ivoox.com\/resurreccion-notre-dame-la-entrega-viollet-le-duc_md_110629393_wp_1.mp3<\/a><\/audio>\n<p><a title=\"La resurrecci\u00f3n de Notre Dame-La entrega de Viollet-le-Duc en un c\u00f3mic espa\u00f1ol al estilo franco-belga\" href=\"https:\/\/go.ivoox.com\/rf\/110629393\">Ir a descargar<\/a><\/p>\n<p>\u00a1Lectores y amigos de Cine y Libertad!<\/p>\n<p>Norma editorial nos habla de su c\u00f3mic&#8230;<a href=\"https:\/\/www.ivoox.com\/podcast-cine-libertad_sq_f121636_1.html\">La resurrecci\u00f3n de Notre Dame-La entrega de Viollet-le-Duc en un c\u00f3mic espa\u00f1ol al estilo franco-belga:<\/a><\/p>\n<p>Esta es la historia del renacimiento de la catedral m\u00e1s importante del mundo. En 1845, el escritor Prosper M\u00e9rim\u00e9e estaba decidido a salvar una Notre Dame en visible decadencia. Para ello decidi\u00f3 apostar por un apasionado arquitecto sin formaci\u00f3n, Eug\u00e8ne Viollet-le-Duc, un hombre que sacrificar\u00eda su vida familiar por su trabajo y dirigir\u00eda la restauraci\u00f3n de decenas de iglesias g\u00f3ticas, para acabar sosteniendo sobre sus hombros el peso de salvar la catedral m\u00e1s importante de toda Francia. Salva Rubio (Miles en Par\u00eds, La pir\u00e1mide inmortal) y Eduardo Oca\u00f1a repasan mano a mano, y con un amplio dosier final, la trayectoria de un hombre \u00fanico, un arquitecto sin estudios reglados que acab\u00f3 siendo el responsable de salvar el g\u00f3tico franc\u00e9s.<\/p>\n<p>Por otra parte, hace m\u00e1s un a\u00f1o se estren\u00f3 este excelente docudrama, una maravilla en todos los sentidos&#8230;<a class=\"txt-white decorationOnHover\" href=\"https:\/\/www.ivoox.com\/arde-notre-dame-el-simbolo-del-cristianismo-misterio-audios-mp3_rf_86133837_1.html\" target=\"_blank\">Arde Notre Dame-El s\u00edmbolo del cristianismo, el misterio de la fe y la entrega de los bomberos narrado con maestr\u00eda:<\/a><\/p>\n<p><img loading=\"lazy\" decoding=\"async\" width=\"188\" height=\"268\" class=\"alignnone size-full wp-image-3993\" src=\"http:\/\/www.cope.es\/blogs\/cine-y-libertad\/wp-content\/uploads\/sites\/7\/2022\/04\/arde.jpg\" alt=\"\" \/><\/p>\n<audio class=\"wp-audio-shortcode\" id=\"audio-6040-2\" preload=\"none\" style=\"width: 100%;\" controls=\"controls\"><source type=\"audio\/mpeg\" src=\"https:\/\/www.ivoox.com\/arde-notre-dame-el-simbolo-del-cristianismo-misterio_md_86133837_wp_1.mp3?_=2\" \/><a href=\"https:\/\/www.ivoox.com\/arde-notre-dame-el-simbolo-del-cristianismo-misterio_md_86133837_wp_1.mp3\">https:\/\/www.ivoox.com\/arde-notre-dame-el-simbolo-del-cristianismo-misterio_md_86133837_wp_1.mp3<\/a><\/audio>\n<p><a title=\"Arde Notre Dame-El s\u00edmbolo del cristianismo, el misterio de la fe y la entrega de los bomberos narrado con maestr\u00eda\" href=\"https:\/\/go.ivoox.com\/rf\/86133837\">Ir a descargar<\/a><\/p>\n<p>El virulento incendio de (<a class=\"txt-white decorationOnHover\" href=\"https:\/\/www.cope.es\/blogs\/cine-y-libertad\/2022\/04\/24\/arde-notre-dame-el-simbolo-del-cristianismo-el-misterio-de-la-fe-y-la-entrega-de-los-bomberos-narrado-con-maestria\/\" target=\"_blank\">Arde) Notre Dame<\/a>\u00a0 provoc\u00f3 que su emblem\u00e1tica aguja, construida entre los siglos XII y XIV, y el tejado de la catedral g\u00f3tica de la capital francesa colapsaran y tan solo una hora despu\u00e9s de declararse el incendio se derrumbaran. La primera piedra de la catedral se coloc\u00f3 en 1163 y desde que termin\u00f3 su construcci\u00f3n <a href=\"https:\/\/es.wikipedia.org\/wiki\/Catedral_de_Notre_Dame_(Par%C3%ADs)\">Notre Dame<\/a> ha sido s\u00edmbolo del catolicismo, del skyline parisino y uno de los monumentos m\u00e1s visitados del mundo con alrededor de 13 millones de visitantes al a\u00f1o.<\/p>\n<div class=\"et_pb_column et_pb_column_3_5 et_pb_column_5 et_pb_css_mix_blend_mode_passthrough\">\n<div class=\"et_pb_module et_pb_text et_pb_text_3 et_pb_text_align_left et_pb_bg_layout_light et_had_animation\">\n<div class=\"et_pb_text_inner\">\n<p><a href=\"https:\/\/www.ivoox.com\/podcast-cine-libertad_sq_f121636_1.html\">V\u00edctor Alvarado<\/a><\/p>\n<\/div>\n<\/div>\n<\/div>\n<p>Instagram:<a href=\"https:\/\/www.instagram.com\/cineylibertad\/\">https:\/\/www.instagram.com\/cineylibertad\/<\/a><\/p>\n<p>Facebook:\u00a0<a href=\"https:\/\/www.facebook.com\/victor.alvarado.56829446\" target=\"_blank\">https:\/\/www.facebook.com\/victor.alvarado.56829446<\/a><\/p>\n<p>Twitter:<span class=\"r-18u37iz\"><a class=\"css-4rbku5 css-18t94o4 css-901oao css-16my406 r-1n1174f r-1loqt21 r-poiln3 r-bcqeeo r-qvutc0\" href=\"https:\/\/twitter.com\/cineylibertad\">@cineylibertad<\/a><\/span><\/p>\n<p>&nbsp;<\/p>\n","protected":false},"excerpt":{"rendered":"<p>La resurrecci\u00f3n de Notre Dame-La entrega de Viollet-le-Duc en un c\u00f3mic espa\u00f1ol al estilo franco-belga. \u00bfQu\u00e9 valor ten\u00eda la familia para este arquitecto? Aqu\u00ed puedes escuchar mi comentario\u2026La resurrecci\u00f3n de Notre Dame-La entrega de Viollet-le-Duc en un c\u00f3mic espa\u00f1ol al estilo franco-belga Ir a descargar \u00a1Lectores y amigos de Cine y Libertad! Norma editorial nos [&hellip;]<\/p>\n","protected":false},"author":7,"featured_media":6045,"comment_status":"open","ping_status":"open","sticky":false,"template":"","format":"standard","meta":{"footnotes":""},"categories":[4,12,226,22],"tags":[2460,2461,2457,2458,2463,2462,2467,2466,2464,2468,997,2459,2456,2465],"class_list":["post-6040","post","type-post","status-publish","format-standard","has-post-thumbnail","hentry","category-comics","category-cristianismo","category-documental","category-historia","tag-arte-gotico","tag-catedral","tag-eduardo-ocana","tag-escuela-franco-belga","tag-eugene-viollet-le-duc","tag-gotico","tag-la-resurreccion-de-notre-dame","tag-la-resurreccion-de-notre-dame-la-entrega-de-viollet-le-duc-en-un-comic-espanol-al-estilo-franco-belga","tag-lassus","tag-le-meilleur-de-la-france","tag-norma-editorial","tag-prosper-merimee","tag-salva-rubio","tag-viollet-le-duc"],"yoast_head":"<!-- This site is optimized with the Yoast SEO plugin v27.4 - https:\/\/yoast.com\/product\/yoast-seo-wordpress\/ -->\n<title>La resurrecci\u00f3n de Notre Dame-La entrega de Viollet-le-Duc en un c\u00f3mic<\/title>\n<meta name=\"description\" content=\"La resurrecci\u00f3n de Notre Dame-La entrega de Viollet-le-Duc en un c\u00f3mic espa\u00f1ol al estilo franco-belga. \u00bfQu\u00e9 valor ten\u00eda la familia para este arquitecto?\" \/>\n<meta name=\"robots\" content=\"index, follow, max-snippet:-1, max-image-preview:large, max-video-preview:-1\" \/>\n<link rel=\"canonical\" href=\"https:\/\/www.cope.es\/blogs\/cine-y-libertad\/2023\/06\/18\/la-resurreccion-de-notre-dame-la-entrega-de-viollet-le-duc-en-un-comic\/\" \/>\n<meta property=\"og:locale\" content=\"es_ES\" \/>\n<meta property=\"og:type\" content=\"article\" \/>\n<meta property=\"og:title\" content=\"La resurrecci\u00f3n de Notre Dame-La entrega de Viollet-le-Duc en un c\u00f3mic\" \/>\n<meta property=\"og:description\" content=\"La resurrecci\u00f3n de Notre Dame-La entrega de Viollet-le-Duc en un c\u00f3mic espa\u00f1ol al estilo franco-belga. \u00bfQu\u00e9 valor ten\u00eda la familia para este arquitecto?\" \/>\n<meta property=\"og:url\" content=\"https:\/\/www.cope.es\/blogs\/cine-y-libertad\/2023\/06\/18\/la-resurreccion-de-notre-dame-la-entrega-de-viollet-le-duc-en-un-comic\/\" \/>\n<meta property=\"og:site_name\" content=\"Cine y Libertad\" \/>\n<meta property=\"article:publisher\" content=\"https:\/\/www.facebook.com\/cope\/\" \/>\n<meta property=\"article:author\" content=\"https:\/\/www.facebook.com\/victor.alvarado.56829446\" \/>\n<meta property=\"article:published_time\" content=\"2023-06-18T08:28:51+00:00\" \/>\n<meta property=\"og:image\" content=\"https:\/\/www.cope.es\/blogs\/cine-y-libertad\/wp-content\/uploads\/sites\/7\/2023\/06\/la-resurreccion-de-notre-dame-la-entrega-viollet-le-duc-en-un-comic-espanol-al-estilo-franco-belga1-scaled.jpg\" \/>\n\t<meta property=\"og:image:width\" content=\"2560\" \/>\n\t<meta property=\"og:image:height\" content=\"1920\" \/>\n\t<meta property=\"og:image:type\" content=\"image\/jpeg\" \/>\n<meta name=\"author\" content=\"V\u00edctor Alvarado\" \/>\n<meta name=\"twitter:card\" content=\"summary_large_image\" \/>\n<meta name=\"twitter:creator\" content=\"@cineylibertad\" \/>\n<meta name=\"twitter:site\" content=\"@cope_es\" \/>\n<meta name=\"twitter:label1\" content=\"Escrito por\" \/>\n\t<meta name=\"twitter:data1\" content=\"V\u00edctor Alvarado\" \/>\n\t<meta name=\"twitter:label2\" content=\"Tiempo de lectura\" \/>\n\t<meta name=\"twitter:data2\" content=\"2 minutos\" \/>\n<script type=\"application\/ld+json\" class=\"yoast-schema-graph\">{\"@context\":\"https:\\\/\\\/schema.org\",\"@graph\":[{\"@type\":\"Article\",\"@id\":\"https:\\\/\\\/www.cope.es\\\/blogs\\\/cine-y-libertad\\\/2023\\\/06\\\/18\\\/la-resurreccion-de-notre-dame-la-entrega-de-viollet-le-duc-en-un-comic\\\/#article\",\"isPartOf\":{\"@id\":\"https:\\\/\\\/www.cope.es\\\/blogs\\\/cine-y-libertad\\\/2023\\\/06\\\/18\\\/la-resurreccion-de-notre-dame-la-entrega-de-viollet-le-duc-en-un-comic\\\/\"},\"author\":{\"name\":\"V\u00edctor Alvarado\",\"@id\":\"https:\\\/\\\/www.cope.es\\\/blogs\\\/cine-y-libertad\\\/#\\\/schema\\\/person\\\/c95904a4fbf751a8d9124f8fa8bdaace\"},\"headline\":\"La resurrecci\u00f3n de Notre Dame-La entrega de Viollet-le-Duc en un c\u00f3mic espa\u00f1ol al estilo franco-belga\",\"datePublished\":\"2023-06-18T08:28:51+00:00\",\"mainEntityOfPage\":{\"@id\":\"https:\\\/\\\/www.cope.es\\\/blogs\\\/cine-y-libertad\\\/2023\\\/06\\\/18\\\/la-resurreccion-de-notre-dame-la-entrega-de-viollet-le-duc-en-un-comic\\\/\"},\"wordCount\":413,\"commentCount\":0,\"image\":{\"@id\":\"https:\\\/\\\/www.cope.es\\\/blogs\\\/cine-y-libertad\\\/2023\\\/06\\\/18\\\/la-resurreccion-de-notre-dame-la-entrega-de-viollet-le-duc-en-un-comic\\\/#primaryimage\"},\"thumbnailUrl\":\"https:\\\/\\\/www.cope.es\\\/blogs\\\/cine-y-libertad\\\/wp-content\\\/uploads\\\/sites\\\/7\\\/2023\\\/06\\\/la-resurreccion-de-notre-dame-la-entrega-viollet-le-duc-en-un-comic-espanol-al-estilo-franco-belga1-scaled.jpg\",\"keywords\":[\"arte g\u00f3tico\",\"catedral\",\"Eduardo Oca\u00f1a\",\"escuela franco-belga\",\"Eug\u00e8ne Viollet-le-Duc\",\"g\u00f3tico\",\"La resurrecci\u00f3n de Notre Dame\",\"La resurrecci\u00f3n de Notre Dame-La entrega de Viollet-le-Duc en un c\u00f3mic espa\u00f1ol al estilo franco-belga\",\"Lassus\",\"le meilleur de la France\",\"Norma Editorial\",\"Prosper M\u00e9rim\u00e9e\",\"Salva Rubio\",\"Viollet-le-Duc\"],\"articleSection\":[\"c\u00f3mics\",\"cristianismo\",\"documental\",\"historia\"],\"inLanguage\":\"es\",\"potentialAction\":[{\"@type\":\"CommentAction\",\"name\":\"Comment\",\"target\":[\"https:\\\/\\\/www.cope.es\\\/blogs\\\/cine-y-libertad\\\/2023\\\/06\\\/18\\\/la-resurreccion-de-notre-dame-la-entrega-de-viollet-le-duc-en-un-comic\\\/#respond\"]}]},{\"@type\":\"WebPage\",\"@id\":\"https:\\\/\\\/www.cope.es\\\/blogs\\\/cine-y-libertad\\\/2023\\\/06\\\/18\\\/la-resurreccion-de-notre-dame-la-entrega-de-viollet-le-duc-en-un-comic\\\/\",\"url\":\"https:\\\/\\\/www.cope.es\\\/blogs\\\/cine-y-libertad\\\/2023\\\/06\\\/18\\\/la-resurreccion-de-notre-dame-la-entrega-de-viollet-le-duc-en-un-comic\\\/\",\"name\":\"La resurrecci\u00f3n de Notre Dame-La entrega de Viollet-le-Duc en un c\u00f3mic\",\"isPartOf\":{\"@id\":\"https:\\\/\\\/www.cope.es\\\/blogs\\\/cine-y-libertad\\\/#website\"},\"primaryImageOfPage\":{\"@id\":\"https:\\\/\\\/www.cope.es\\\/blogs\\\/cine-y-libertad\\\/2023\\\/06\\\/18\\\/la-resurreccion-de-notre-dame-la-entrega-de-viollet-le-duc-en-un-comic\\\/#primaryimage\"},\"image\":{\"@id\":\"https:\\\/\\\/www.cope.es\\\/blogs\\\/cine-y-libertad\\\/2023\\\/06\\\/18\\\/la-resurreccion-de-notre-dame-la-entrega-de-viollet-le-duc-en-un-comic\\\/#primaryimage\"},\"thumbnailUrl\":\"https:\\\/\\\/www.cope.es\\\/blogs\\\/cine-y-libertad\\\/wp-content\\\/uploads\\\/sites\\\/7\\\/2023\\\/06\\\/la-resurreccion-de-notre-dame-la-entrega-viollet-le-duc-en-un-comic-espanol-al-estilo-franco-belga1-scaled.jpg\",\"datePublished\":\"2023-06-18T08:28:51+00:00\",\"author\":{\"@id\":\"https:\\\/\\\/www.cope.es\\\/blogs\\\/cine-y-libertad\\\/#\\\/schema\\\/person\\\/c95904a4fbf751a8d9124f8fa8bdaace\"},\"description\":\"La resurrecci\u00f3n de Notre Dame-La entrega de Viollet-le-Duc en un c\u00f3mic espa\u00f1ol al estilo franco-belga. \u00bfQu\u00e9 valor ten\u00eda la familia para este arquitecto?\",\"breadcrumb\":{\"@id\":\"https:\\\/\\\/www.cope.es\\\/blogs\\\/cine-y-libertad\\\/2023\\\/06\\\/18\\\/la-resurreccion-de-notre-dame-la-entrega-de-viollet-le-duc-en-un-comic\\\/#breadcrumb\"},\"inLanguage\":\"es\",\"potentialAction\":[{\"@type\":\"ReadAction\",\"target\":[\"https:\\\/\\\/www.cope.es\\\/blogs\\\/cine-y-libertad\\\/2023\\\/06\\\/18\\\/la-resurreccion-de-notre-dame-la-entrega-de-viollet-le-duc-en-un-comic\\\/\"]}]},{\"@type\":\"ImageObject\",\"inLanguage\":\"es\",\"@id\":\"https:\\\/\\\/www.cope.es\\\/blogs\\\/cine-y-libertad\\\/2023\\\/06\\\/18\\\/la-resurreccion-de-notre-dame-la-entrega-de-viollet-le-duc-en-un-comic\\\/#primaryimage\",\"url\":\"https:\\\/\\\/www.cope.es\\\/blogs\\\/cine-y-libertad\\\/wp-content\\\/uploads\\\/sites\\\/7\\\/2023\\\/06\\\/la-resurreccion-de-notre-dame-la-entrega-viollet-le-duc-en-un-comic-espanol-al-estilo-franco-belga1-scaled.jpg\",\"contentUrl\":\"https:\\\/\\\/www.cope.es\\\/blogs\\\/cine-y-libertad\\\/wp-content\\\/uploads\\\/sites\\\/7\\\/2023\\\/06\\\/la-resurreccion-de-notre-dame-la-entrega-viollet-le-duc-en-un-comic-espanol-al-estilo-franco-belga1-scaled.jpg\",\"width\":2560,\"height\":1920},{\"@type\":\"BreadcrumbList\",\"@id\":\"https:\\\/\\\/www.cope.es\\\/blogs\\\/cine-y-libertad\\\/2023\\\/06\\\/18\\\/la-resurreccion-de-notre-dame-la-entrega-de-viollet-le-duc-en-un-comic\\\/#breadcrumb\",\"itemListElement\":[{\"@type\":\"ListItem\",\"position\":1,\"name\":\"Portada\",\"item\":\"https:\\\/\\\/www.cope.es\\\/blogs\\\/cine-y-libertad\\\/\"},{\"@type\":\"ListItem\",\"position\":2,\"name\":\"La resurrecci\u00f3n de Notre Dame-La entrega de Viollet-le-Duc en un c\u00f3mic espa\u00f1ol al estilo franco-belga\"}]},{\"@type\":\"WebSite\",\"@id\":\"https:\\\/\\\/www.cope.es\\\/blogs\\\/cine-y-libertad\\\/#website\",\"url\":\"https:\\\/\\\/www.cope.es\\\/blogs\\\/cine-y-libertad\\\/\",\"name\":\"Cine y Libertad\",\"description\":\"Cine y Libertad un blog de COPE\",\"potentialAction\":[{\"@type\":\"SearchAction\",\"target\":{\"@type\":\"EntryPoint\",\"urlTemplate\":\"https:\\\/\\\/www.cope.es\\\/blogs\\\/cine-y-libertad\\\/?s={search_term_string}\"},\"query-input\":{\"@type\":\"PropertyValueSpecification\",\"valueRequired\":true,\"valueName\":\"search_term_string\"}}],\"inLanguage\":\"es\"},{\"@type\":\"Person\",\"@id\":\"https:\\\/\\\/www.cope.es\\\/blogs\\\/cine-y-libertad\\\/#\\\/schema\\\/person\\\/c95904a4fbf751a8d9124f8fa8bdaace\",\"name\":\"V\u00edctor Alvarado\",\"image\":{\"@type\":\"ImageObject\",\"inLanguage\":\"es\",\"@id\":\"https:\\\/\\\/secure.gravatar.com\\\/avatar\\\/db4634ae2001f7f920b8294d926f3e737ada04196e014ebacae29a4848f905f4?s=96&d=mm&r=g\",\"url\":\"https:\\\/\\\/secure.gravatar.com\\\/avatar\\\/db4634ae2001f7f920b8294d926f3e737ada04196e014ebacae29a4848f905f4?s=96&d=mm&r=g\",\"contentUrl\":\"https:\\\/\\\/secure.gravatar.com\\\/avatar\\\/db4634ae2001f7f920b8294d926f3e737ada04196e014ebacae29a4848f905f4?s=96&d=mm&r=g\",\"caption\":\"V\u00edctor Alvarado\"},\"description\":\"V\u00edctor Alvarado tiene una larga experiencia tanto en medios de comunicaci\u00f3n como en educaci\u00f3n. Dirige el programa de radio, Directo a las Estrellas, en Intereconom\u00eda (Castilla y Le\u00f3n) y Informa Radio en toda Espa\u00f1a. Ha colaborado en Radio Inter y Esradio. Cr\u00edtico de cine en Pantalla 90, Diario Ya y P\u00e1ginas Digital. Es miembro del CEC. Es el autor de libro: La fe, la \u00e9tica y los valores de los superh\u00e9roes (PPC). Esta es su web: www.cineylibertad.com y, por supuesto, lleva m\u00e1s de 5 a\u00f1os como bloguero de Cope, donde analiza el cine, los c\u00f3mics y los libros desde una \u00f3ptica antropol\u00f3gica y axiol\u00f3gica, atendiendo a todas las dimensiones del ser humano.\",\"sameAs\":[\"http:\\\/\\\/www.cineylibertad.com\",\"https:\\\/\\\/www.facebook.com\\\/victor.alvarado.56829446\",\"https:\\\/\\\/www.instagram.com\\\/cineylibertad\\\/\",\"https:\\\/\\\/x.com\\\/cineylibertad\"],\"url\":\"https:\\\/\\\/www.cope.es\\\/blogs\\\/cine-y-libertad\\\/author\\\/valvarado\\\/\"}]}<\/script>\n<!-- \/ Yoast SEO plugin. -->","yoast_head_json":{"title":"La resurrecci\u00f3n de Notre Dame-La entrega de Viollet-le-Duc en un c\u00f3mic","description":"La resurrecci\u00f3n de Notre Dame-La entrega de Viollet-le-Duc en un c\u00f3mic espa\u00f1ol al estilo franco-belga. \u00bfQu\u00e9 valor ten\u00eda la familia para este arquitecto?","robots":{"index":"index","follow":"follow","max-snippet":"max-snippet:-1","max-image-preview":"max-image-preview:large","max-video-preview":"max-video-preview:-1"},"canonical":"https:\/\/www.cope.es\/blogs\/cine-y-libertad\/2023\/06\/18\/la-resurreccion-de-notre-dame-la-entrega-de-viollet-le-duc-en-un-comic\/","og_locale":"es_ES","og_type":"article","og_title":"La resurrecci\u00f3n de Notre Dame-La entrega de Viollet-le-Duc en un c\u00f3mic","og_description":"La resurrecci\u00f3n de Notre Dame-La entrega de Viollet-le-Duc en un c\u00f3mic espa\u00f1ol al estilo franco-belga. \u00bfQu\u00e9 valor ten\u00eda la familia para este arquitecto?","og_url":"https:\/\/www.cope.es\/blogs\/cine-y-libertad\/2023\/06\/18\/la-resurreccion-de-notre-dame-la-entrega-de-viollet-le-duc-en-un-comic\/","og_site_name":"Cine y Libertad","article_publisher":"https:\/\/www.facebook.com\/cope\/","article_author":"https:\/\/www.facebook.com\/victor.alvarado.56829446","article_published_time":"2023-06-18T08:28:51+00:00","og_image":[{"width":2560,"height":1920,"url":"https:\/\/www.cope.es\/blogs\/cine-y-libertad\/wp-content\/uploads\/sites\/7\/2023\/06\/la-resurreccion-de-notre-dame-la-entrega-viollet-le-duc-en-un-comic-espanol-al-estilo-franco-belga1-scaled.jpg","type":"image\/jpeg"}],"author":"V\u00edctor Alvarado","twitter_card":"summary_large_image","twitter_creator":"@cineylibertad","twitter_site":"@cope_es","twitter_misc":{"Escrito por":"V\u00edctor Alvarado","Tiempo de lectura":"2 minutos"},"schema":{"@context":"https:\/\/schema.org","@graph":[{"@type":"Article","@id":"https:\/\/www.cope.es\/blogs\/cine-y-libertad\/2023\/06\/18\/la-resurreccion-de-notre-dame-la-entrega-de-viollet-le-duc-en-un-comic\/#article","isPartOf":{"@id":"https:\/\/www.cope.es\/blogs\/cine-y-libertad\/2023\/06\/18\/la-resurreccion-de-notre-dame-la-entrega-de-viollet-le-duc-en-un-comic\/"},"author":{"name":"V\u00edctor Alvarado","@id":"https:\/\/www.cope.es\/blogs\/cine-y-libertad\/#\/schema\/person\/c95904a4fbf751a8d9124f8fa8bdaace"},"headline":"La resurrecci\u00f3n de Notre Dame-La entrega de Viollet-le-Duc en un c\u00f3mic espa\u00f1ol al estilo franco-belga","datePublished":"2023-06-18T08:28:51+00:00","mainEntityOfPage":{"@id":"https:\/\/www.cope.es\/blogs\/cine-y-libertad\/2023\/06\/18\/la-resurreccion-de-notre-dame-la-entrega-de-viollet-le-duc-en-un-comic\/"},"wordCount":413,"commentCount":0,"image":{"@id":"https:\/\/www.cope.es\/blogs\/cine-y-libertad\/2023\/06\/18\/la-resurreccion-de-notre-dame-la-entrega-de-viollet-le-duc-en-un-comic\/#primaryimage"},"thumbnailUrl":"https:\/\/www.cope.es\/blogs\/cine-y-libertad\/wp-content\/uploads\/sites\/7\/2023\/06\/la-resurreccion-de-notre-dame-la-entrega-viollet-le-duc-en-un-comic-espanol-al-estilo-franco-belga1-scaled.jpg","keywords":["arte g\u00f3tico","catedral","Eduardo Oca\u00f1a","escuela franco-belga","Eug\u00e8ne Viollet-le-Duc","g\u00f3tico","La resurrecci\u00f3n de Notre Dame","La resurrecci\u00f3n de Notre Dame-La entrega de Viollet-le-Duc en un c\u00f3mic espa\u00f1ol al estilo franco-belga","Lassus","le meilleur de la France","Norma Editorial","Prosper M\u00e9rim\u00e9e","Salva Rubio","Viollet-le-Duc"],"articleSection":["c\u00f3mics","cristianismo","documental","historia"],"inLanguage":"es","potentialAction":[{"@type":"CommentAction","name":"Comment","target":["https:\/\/www.cope.es\/blogs\/cine-y-libertad\/2023\/06\/18\/la-resurreccion-de-notre-dame-la-entrega-de-viollet-le-duc-en-un-comic\/#respond"]}]},{"@type":"WebPage","@id":"https:\/\/www.cope.es\/blogs\/cine-y-libertad\/2023\/06\/18\/la-resurreccion-de-notre-dame-la-entrega-de-viollet-le-duc-en-un-comic\/","url":"https:\/\/www.cope.es\/blogs\/cine-y-libertad\/2023\/06\/18\/la-resurreccion-de-notre-dame-la-entrega-de-viollet-le-duc-en-un-comic\/","name":"La resurrecci\u00f3n de Notre Dame-La entrega de Viollet-le-Duc en un c\u00f3mic","isPartOf":{"@id":"https:\/\/www.cope.es\/blogs\/cine-y-libertad\/#website"},"primaryImageOfPage":{"@id":"https:\/\/www.cope.es\/blogs\/cine-y-libertad\/2023\/06\/18\/la-resurreccion-de-notre-dame-la-entrega-de-viollet-le-duc-en-un-comic\/#primaryimage"},"image":{"@id":"https:\/\/www.cope.es\/blogs\/cine-y-libertad\/2023\/06\/18\/la-resurreccion-de-notre-dame-la-entrega-de-viollet-le-duc-en-un-comic\/#primaryimage"},"thumbnailUrl":"https:\/\/www.cope.es\/blogs\/cine-y-libertad\/wp-content\/uploads\/sites\/7\/2023\/06\/la-resurreccion-de-notre-dame-la-entrega-viollet-le-duc-en-un-comic-espanol-al-estilo-franco-belga1-scaled.jpg","datePublished":"2023-06-18T08:28:51+00:00","author":{"@id":"https:\/\/www.cope.es\/blogs\/cine-y-libertad\/#\/schema\/person\/c95904a4fbf751a8d9124f8fa8bdaace"},"description":"La resurrecci\u00f3n de Notre Dame-La entrega de Viollet-le-Duc en un c\u00f3mic espa\u00f1ol al estilo franco-belga. \u00bfQu\u00e9 valor ten\u00eda la familia para este arquitecto?","breadcrumb":{"@id":"https:\/\/www.cope.es\/blogs\/cine-y-libertad\/2023\/06\/18\/la-resurreccion-de-notre-dame-la-entrega-de-viollet-le-duc-en-un-comic\/#breadcrumb"},"inLanguage":"es","potentialAction":[{"@type":"ReadAction","target":["https:\/\/www.cope.es\/blogs\/cine-y-libertad\/2023\/06\/18\/la-resurreccion-de-notre-dame-la-entrega-de-viollet-le-duc-en-un-comic\/"]}]},{"@type":"ImageObject","inLanguage":"es","@id":"https:\/\/www.cope.es\/blogs\/cine-y-libertad\/2023\/06\/18\/la-resurreccion-de-notre-dame-la-entrega-de-viollet-le-duc-en-un-comic\/#primaryimage","url":"https:\/\/www.cope.es\/blogs\/cine-y-libertad\/wp-content\/uploads\/sites\/7\/2023\/06\/la-resurreccion-de-notre-dame-la-entrega-viollet-le-duc-en-un-comic-espanol-al-estilo-franco-belga1-scaled.jpg","contentUrl":"https:\/\/www.cope.es\/blogs\/cine-y-libertad\/wp-content\/uploads\/sites\/7\/2023\/06\/la-resurreccion-de-notre-dame-la-entrega-viollet-le-duc-en-un-comic-espanol-al-estilo-franco-belga1-scaled.jpg","width":2560,"height":1920},{"@type":"BreadcrumbList","@id":"https:\/\/www.cope.es\/blogs\/cine-y-libertad\/2023\/06\/18\/la-resurreccion-de-notre-dame-la-entrega-de-viollet-le-duc-en-un-comic\/#breadcrumb","itemListElement":[{"@type":"ListItem","position":1,"name":"Portada","item":"https:\/\/www.cope.es\/blogs\/cine-y-libertad\/"},{"@type":"ListItem","position":2,"name":"La resurrecci\u00f3n de Notre Dame-La entrega de Viollet-le-Duc en un c\u00f3mic espa\u00f1ol al estilo franco-belga"}]},{"@type":"WebSite","@id":"https:\/\/www.cope.es\/blogs\/cine-y-libertad\/#website","url":"https:\/\/www.cope.es\/blogs\/cine-y-libertad\/","name":"Cine y Libertad","description":"Cine y Libertad un blog de COPE","potentialAction":[{"@type":"SearchAction","target":{"@type":"EntryPoint","urlTemplate":"https:\/\/www.cope.es\/blogs\/cine-y-libertad\/?s={search_term_string}"},"query-input":{"@type":"PropertyValueSpecification","valueRequired":true,"valueName":"search_term_string"}}],"inLanguage":"es"},{"@type":"Person","@id":"https:\/\/www.cope.es\/blogs\/cine-y-libertad\/#\/schema\/person\/c95904a4fbf751a8d9124f8fa8bdaace","name":"V\u00edctor Alvarado","image":{"@type":"ImageObject","inLanguage":"es","@id":"https:\/\/secure.gravatar.com\/avatar\/db4634ae2001f7f920b8294d926f3e737ada04196e014ebacae29a4848f905f4?s=96&d=mm&r=g","url":"https:\/\/secure.gravatar.com\/avatar\/db4634ae2001f7f920b8294d926f3e737ada04196e014ebacae29a4848f905f4?s=96&d=mm&r=g","contentUrl":"https:\/\/secure.gravatar.com\/avatar\/db4634ae2001f7f920b8294d926f3e737ada04196e014ebacae29a4848f905f4?s=96&d=mm&r=g","caption":"V\u00edctor Alvarado"},"description":"V\u00edctor Alvarado tiene una larga experiencia tanto en medios de comunicaci\u00f3n como en educaci\u00f3n. Dirige el programa de radio, Directo a las Estrellas, en Intereconom\u00eda (Castilla y Le\u00f3n) y Informa Radio en toda Espa\u00f1a. Ha colaborado en Radio Inter y Esradio. Cr\u00edtico de cine en Pantalla 90, Diario Ya y P\u00e1ginas Digital. Es miembro del CEC. Es el autor de libro: La fe, la \u00e9tica y los valores de los superh\u00e9roes (PPC). Esta es su web: www.cineylibertad.com y, por supuesto, lleva m\u00e1s de 5 a\u00f1os como bloguero de Cope, donde analiza el cine, los c\u00f3mics y los libros desde una \u00f3ptica antropol\u00f3gica y axiol\u00f3gica, atendiendo a todas las dimensiones del ser humano.","sameAs":["http:\/\/www.cineylibertad.com","https:\/\/www.facebook.com\/victor.alvarado.56829446","https:\/\/www.instagram.com\/cineylibertad\/","https:\/\/x.com\/cineylibertad"],"url":"https:\/\/www.cope.es\/blogs\/cine-y-libertad\/author\/valvarado\/"}]}},"amp_enabled":true,"_links":{"self":[{"href":"https:\/\/www.cope.es\/blogs\/cine-y-libertad\/wp-json\/wp\/v2\/posts\/6040","targetHints":{"allow":["GET"]}}],"collection":[{"href":"https:\/\/www.cope.es\/blogs\/cine-y-libertad\/wp-json\/wp\/v2\/posts"}],"about":[{"href":"https:\/\/www.cope.es\/blogs\/cine-y-libertad\/wp-json\/wp\/v2\/types\/post"}],"author":[{"embeddable":true,"href":"https:\/\/www.cope.es\/blogs\/cine-y-libertad\/wp-json\/wp\/v2\/users\/7"}],"replies":[{"embeddable":true,"href":"https:\/\/www.cope.es\/blogs\/cine-y-libertad\/wp-json\/wp\/v2\/comments?post=6040"}],"version-history":[{"count":2,"href":"https:\/\/www.cope.es\/blogs\/cine-y-libertad\/wp-json\/wp\/v2\/posts\/6040\/revisions"}],"predecessor-version":[{"id":6047,"href":"https:\/\/www.cope.es\/blogs\/cine-y-libertad\/wp-json\/wp\/v2\/posts\/6040\/revisions\/6047"}],"wp:featuredmedia":[{"embeddable":true,"href":"https:\/\/www.cope.es\/blogs\/cine-y-libertad\/wp-json\/wp\/v2\/media\/6045"}],"wp:attachment":[{"href":"https:\/\/www.cope.es\/blogs\/cine-y-libertad\/wp-json\/wp\/v2\/media?parent=6040"}],"wp:term":[{"taxonomy":"category","embeddable":true,"href":"https:\/\/www.cope.es\/blogs\/cine-y-libertad\/wp-json\/wp\/v2\/categories?post=6040"},{"taxonomy":"post_tag","embeddable":true,"href":"https:\/\/www.cope.es\/blogs\/cine-y-libertad\/wp-json\/wp\/v2\/tags?post=6040"}],"curies":[{"name":"wp","href":"https:\/\/api.w.org\/{rel}","templated":true}]}}